{"id":211525,"date":"2025-01-12T23:30:35","date_gmt":"2025-01-13T02:30:35","guid":{"rendered":"https:\/\/www.gaveanews.com\/?p=211525"},"modified":"2025-01-12T20:57:40","modified_gmt":"2025-01-12T23:57:40","slug":"a-declaracao-de-joao-lucas-novo-reforco-do-gremio","status":"publish","type":"post","link":"https:\/\/www.gaveanews.com\/index.php\/2025\/01\/12\/a-declaracao-de-joao-lucas-novo-reforco-do-gremio\/","title":{"rendered":"A declara\u00e7\u00e3o de Jo\u00e3o Lucas, novo refor\u00e7o do Gr\u00eamio"},"content":{"rendered":"\n<h2 class=\"wp-block-heading\" id=\"h-veja-o-que-ele-falou\">Veja o que ele falou<\/h2>\n\n\n\n<p>Na \u00faltima sexta-feira, o Gr\u00eamio apresentou o lateral-direito Jo\u00e3o Lucas no CT Luiz Carvalho. Ele \u00e9 o \u00fanico refor\u00e7o da equipe para esta temporada at\u00e9 agora e recebeu a camisa n\u00famero 2. Durante a coletiva, Jo\u00e3o Lucas comentou sobre seu amadurecimento profissional ap\u00f3s suas experi\u00eancias em clubes como Flamengo, Santos, Cuiab\u00e1 e Juventude. Ele destacou que n\u00e3o v\u00ea sua transfer\u00eancia para o Gr\u00eamio como uma press\u00e3o em sua carreira.<\/p>\n\n\n\n<ul class=\"wp-block-list\">\n<li><a href=\"https:\/\/www.gaveanews.com\/index.php\/2025\/01\/11\/gremio-atrapalha-os-planos-do-cruzeiro\/\">Gr\u00eamio atrapalha os planos do Cruzeiro<\/a><\/li>\n\n\n\n<li><a href=\"https:\/\/www.gaveanews.com\/index.php\/2025\/01\/11\/agora-e-oficial-gremio-anuncia-reforco-ate-2027\/\">Agora \u00e9 oficial! Gr\u00eamio anuncia refor\u00e7o at\u00e9 2027<\/a><\/li>\n<\/ul>\n\n\n\n<p>Jo\u00e3o Lucas se destacou no Juventude, onde se fez notar por suas sete assist\u00eancias. O jogador enxerga sua chegada ao Gr\u00eamio, ap\u00f3s sua passagem pelo clube ga\u00facho, como uma oportunidade de dar continuidade \u00e0 sua carreira, ao inv\u00e9s de um fardo.<\/p>\n\n\n\n<p>&#8220;N\u00e3o vejo como press\u00e3o, vejo como oportunidade. \u00c9 uma oportunidade na minha carreira de vestir novamente a camisa de um grande clube, dos maiores campe\u00f5es desse pa\u00eds. Me vejo mais pronto, rodagem maior, e me vejo preparado para esse desafio. Uma equipe acostumada a ser campe\u00e3 e quero ser campe\u00e3o aqui tamb\u00e9m. Sei da for\u00e7a que tem o Gr\u00eamio ,afirmou Jo\u00e3o Lucas.&#8221;<\/p>\n\n\n\n<figure class=\"wp-block-embed is-type-photo is-provider-flickr wp-block-embed-flickr\"><div class=\"wp-block-embed__wrapper\">\n<a href=\"https:\/\/www.flickr.com\/photos\/201636948@N07\/54260835556\/in\/dateposted-public\/\"><img loading=\"lazy\" decoding=\"async\" src=\"https:\/\/live.staticflickr.com\/65535\/54260835556_440d637152_z.webp\" alt=\"Jo\u00e3o Lucas - 1\" width=\"640\" height=\"359\" \/><\/a>\n<\/div><\/figure>\n\n\n\n<p class=\"has-text-align-center\"><small>(foto: LUCAS UEBEL\/GREMIO FBPA)<\/small><\/p>\n\n\n\n<p>&#8220;Venho em um momento de evolu\u00e7\u00e3o na carreira, de amadurecimento, \u00e9 o melhor momento para estar aqui.&#8221;<\/p>\n\n\n\n<p>O lateral tamb\u00e9m mencionou que o controle emocional foi uma das li\u00e7\u00f5es mais valiosas que aprendeu recentemente. Ele passou a perceber a import\u00e2ncia de cuidar melhor do sono e praticar exerc\u00edcios preventivos, com o intuito de evitar les\u00f5es e aumentar seu desempenho em campo.<\/p>\n\n\n\n<p>&#8220;Em todas equipes que passei tive aprendizados. O que mais tirei \u00e9 o controle emocional. Em muitos momentos durante a temporada eu ia me perdendo emocionalmente. Acho que estou mais pronto para encarar um objetivo do tamanho do Gr\u00eamio. Acho que amadureci bastante para encarar esse enorme desafio na minha carreira , analisou Jo\u00e3o Lucas.&#8221;<\/p>\n\n\n\n<p>Jo\u00e3o Lucas, de 26 anos, se sobressaiu no Juventude na \u00faltima temporada. Em 49 partidas, marcou dois gols e contribuiu com sete assist\u00eancias. O lateral foi cedido pelo Santos, onde participou de 30 jogos em 2023.<\/p>\n\n\n\n<p>Para adquiri-lo, o Gr\u00eamio se comprometeu a desembolsar ao Santos cerca de 2 milh\u00f5es de euros (cerca de R$ 12,52 milh\u00f5es na atual cota\u00e7\u00e3o), contudo, houve um desconto devido \u00e0 cess\u00e3o dos direitos econ\u00f4micos do atacante Guilherme e do meio-campista Thaciano. O contrato \u00e9 v\u00e1lido por tr\u00eas anos.<\/p>\n\n\n\n<p>O Gr\u00eamio anunciou Jo\u00e3o Lucas como seu primeiro refor\u00e7o para o ano de 2025. Antes dele, a equipe t\u00e9cnica rec\u00e9m-contratada, liderada pelo boliviano Gustavo Quinteros, foi apresentada na segunda-feira.<\/p>\n\n\n\n<p>A dire\u00e7\u00e3o explora o mercado em busca de um defensor, um lateral-esquerdo, um volante e um atacante. Cuellar, antigo atleta do Flamengo que joga no Al-Shabab, da Ar\u00e1bia Saudita, tem um acordo para jogar no Tricolor. O colombiano procura adiantar a sua chegada e negocia a rescis\u00e3o do contrato.<\/p>\n","protected":false},"excerpt":{"rendered":"<p>Veja o que ele falou Na \u00faltima sexta-feira, o Gr\u00eamio apresentou o lateral-direito Jo\u00e3o Lucas no CT Luiz Carvalho. Ele \u00e9 o \u00fanico refor\u00e7o da equipe para esta temporada at\u00e9 agora e recebeu a camisa n\u00famero 2. Durante a coletiva, Jo\u00e3o Lucas comentou sobre seu amadurecimento profissional ap\u00f3s suas experi\u00eancias em clubes como Flamengo, Santos, [&hellip;]<\/p>\n","protected":false},"author":16,"featured_media":165925,"comment_status":"open","ping_status":"closed","sticky":false,"template":"","format":"standard","meta":{"footnotes":""},"categories":[147],"tags":[],"class_list":["post-211525","post","type-post","status-publish","format-standard","has-post-thumbnail","hentry","category-gremio"],"yoast_head":"<!-- This site is optimized with the Yoast SEO Premium plugin v24.2 (Yoast SEO v26.9) - https:\/\/yoast.com\/product\/yoast-seo-premium-wordpress\/ -->\n<title>A declara\u00e7\u00e3o de Jo\u00e3o Lucas, novo refor\u00e7o do Gr\u00eamio<\/title>\n<meta name=\"robots\" content=\"index, follow, max-snippet:-1, max-image-preview:large, max-video-preview:-1\" \/>\n<link rel=\"canonical\" href=\"https:\/\/www.gaveanews.com\/index.php\/2025\/01\/12\/a-declaracao-de-joao-lucas-novo-reforco-do-gremio\/\" \/>\n<meta property=\"og:locale\" content=\"pt_BR\" \/>\n<meta property=\"og:type\" content=\"article\" \/>\n<meta property=\"og:title\" content=\"A declara\u00e7\u00e3o de Jo\u00e3o Lucas, novo refor\u00e7o do Gr\u00eamio\" \/>\n<meta property=\"og:description\" content=\"Veja o que ele falou Na \u00faltima sexta-feira, o Gr\u00eamio apresentou o lateral-direito Jo\u00e3o Lucas no CT Luiz Carvalho. Ele \u00e9 o \u00fanico refor\u00e7o da equipe para esta temporada at\u00e9 agora e recebeu a camisa n\u00famero 2. Durante a coletiva, Jo\u00e3o Lucas comentou sobre seu amadurecimento profissional ap\u00f3s suas experi\u00eancias em clubes como Flamengo, Santos, [&hellip;]\" \/>\n<meta property=\"og:url\" content=\"https:\/\/www.gaveanews.com\/index.php\/2025\/01\/12\/a-declaracao-de-joao-lucas-novo-reforco-do-gremio\/\" \/>\n<meta property=\"og:site_name\" content=\"G\u00e1vea News\" \/>\n<meta property=\"article:publisher\" content=\"https:\/\/facebook.com\/gaveaNews\/\" \/>\n<meta property=\"article:published_time\" content=\"2025-01-13T02:30:35+00:00\" \/>\n<meta property=\"og:image\" content=\"https:\/\/www.gaveanews.com\/wp-content\/uploads\/Bandeira-do-Gremio.webp\" \/>\n\t<meta property=\"og:image:width\" content=\"1043\" \/>\n\t<meta property=\"og:image:height\" content=\"695\" \/>\n\t<meta property=\"og:image:type\" content=\"image\/webp\" \/>\n<meta name=\"author\" content=\"D\u00e9bora Figueiredo\" \/>\n<meta name=\"twitter:card\" content=\"summary_large_image\" \/>\n<meta name=\"twitter:label1\" content=\"Escrito por\" \/>\n\t<meta name=\"twitter:data1\" content=\"D\u00e9bora Figueiredo\" \/>\n\t<meta name=\"twitter:label2\" content=\"Est. tempo de leitura\" \/>\n\t<meta name=\"twitter:data2\" content=\"3 minutos\" \/>\n<script type=\"application\/ld+json\" class=\"yoast-schema-graph\">{\"@context\":\"https:\/\/schema.org\",\"@graph\":[{\"@type\":\"NewsArticle\",\"@id\":\"https:\/\/www.gaveanews.com\/index.php\/2025\/01\/12\/a-declaracao-de-joao-lucas-novo-reforco-do-gremio\/#article\",\"isPartOf\":{\"@id\":\"https:\/\/www.gaveanews.com\/index.php\/2025\/01\/12\/a-declaracao-de-joao-lucas-novo-reforco-do-gremio\/\"},\"author\":{\"name\":\"D\u00e9bora Figueiredo\",\"@id\":\"https:\/\/www.gaveanews.com\/#\/schema\/person\/37122681a8575a5c8db05a56f099a5e4\"},\"headline\":\"A declara\u00e7\u00e3o de Jo\u00e3o Lucas, novo refor\u00e7o do Gr\u00eamio\",\"datePublished\":\"2025-01-13T02:30:35+00:00\",\"mainEntityOfPage\":{\"@id\":\"https:\/\/www.gaveanews.com\/index.php\/2025\/01\/12\/a-declaracao-de-joao-lucas-novo-reforco-do-gremio\/\"},\"wordCount\":532,\"commentCount\":0,\"image\":{\"@id\":\"https:\/\/www.gaveanews.com\/index.php\/2025\/01\/12\/a-declaracao-de-joao-lucas-novo-reforco-do-gremio\/#primaryimage\"},\"thumbnailUrl\":\"https:\/\/www.gaveanews.com\/wp-content\/uploads\/Bandeira-do-Gremio.webp\",\"articleSection\":[\"Gr\u00eamio\"],\"inLanguage\":\"pt-BR\",\"potentialAction\":[{\"@type\":\"CommentAction\",\"name\":\"Comment\",\"target\":[\"https:\/\/www.gaveanews.com\/index.php\/2025\/01\/12\/a-declaracao-de-joao-lucas-novo-reforco-do-gremio\/#respond\"]}],\"copyrightYear\":\"2025\",\"copyrightHolder\":{\"@id\":\"https:\/\/www.gaveanews.com\/#organization\"}},{\"@type\":\"WebPage\",\"@id\":\"https:\/\/www.gaveanews.com\/index.php\/2025\/01\/12\/a-declaracao-de-joao-lucas-novo-reforco-do-gremio\/\",\"url\":\"https:\/\/www.gaveanews.com\/index.php\/2025\/01\/12\/a-declaracao-de-joao-lucas-novo-reforco-do-gremio\/\",\"name\":\"A declara\u00e7\u00e3o de Jo\u00e3o Lucas, novo refor\u00e7o do Gr\u00eamio\",\"isPartOf\":{\"@id\":\"https:\/\/www.gaveanews.com\/#website\"},\"primaryImageOfPage\":{\"@id\":\"https:\/\/www.gaveanews.com\/index.php\/2025\/01\/12\/a-declaracao-de-joao-lucas-novo-reforco-do-gremio\/#primaryimage\"},\"image\":{\"@id\":\"https:\/\/www.gaveanews.com\/index.php\/2025\/01\/12\/a-declaracao-de-joao-lucas-novo-reforco-do-gremio\/#primaryimage\"},\"thumbnailUrl\":\"https:\/\/www.gaveanews.com\/wp-content\/uploads\/Bandeira-do-Gremio.webp\",\"datePublished\":\"2025-01-13T02:30:35+00:00\",\"author\":{\"@id\":\"https:\/\/www.gaveanews.com\/#\/schema\/person\/37122681a8575a5c8db05a56f099a5e4\"},\"breadcrumb\":{\"@id\":\"https:\/\/www.gaveanews.com\/index.php\/2025\/01\/12\/a-declaracao-de-joao-lucas-novo-reforco-do-gremio\/#breadcrumb\"},\"inLanguage\":\"pt-BR\",\"potentialAction\":[{\"@type\":\"ReadAction\",\"target\":[\"https:\/\/www.gaveanews.com\/index.php\/2025\/01\/12\/a-declaracao-de-joao-lucas-novo-reforco-do-gremio\/\"]}]},{\"@type\":\"ImageObject\",\"inLanguage\":\"pt-BR\",\"@id\":\"https:\/\/www.gaveanews.com\/index.php\/2025\/01\/12\/a-declaracao-de-joao-lucas-novo-reforco-do-gremio\/#primaryimage\",\"url\":\"https:\/\/www.gaveanews.com\/wp-content\/uploads\/Bandeira-do-Gremio.webp\",\"contentUrl\":\"https:\/\/www.gaveanews.com\/wp-content\/uploads\/Bandeira-do-Gremio.webp\",\"width\":1043,\"height\":695,\"caption\":\"Bandeira do Gr\u00eamio (Foto: Reprodu\u00e7\u00e3o\/Gr\u00eamio)\"},{\"@type\":\"BreadcrumbList\",\"@id\":\"https:\/\/www.gaveanews.com\/index.php\/2025\/01\/12\/a-declaracao-de-joao-lucas-novo-reforco-do-gremio\/#breadcrumb\",\"itemListElement\":[{\"@type\":\"ListItem\",\"position\":1,\"name\":\"Home\",\"item\":\"https:\/\/www.gaveanews.com\/\"},{\"@type\":\"ListItem\",\"position\":2,\"name\":\"A declara\u00e7\u00e3o de Jo\u00e3o Lucas, novo refor\u00e7o do Gr\u00eamio\"}]},{\"@type\":\"WebSite\",\"@id\":\"https:\/\/www.gaveanews.com\/#website\",\"url\":\"https:\/\/www.gaveanews.com\/\",\"name\":\"G\u00e1vea News\",\"description\":\"Veja todas as not\u00edcias sobre o Flamengo: Contrata\u00e7\u00f5es, categorias de base, resultados das partidas, tabela de classifica\u00e7\u00e3o, pr\u00f3ximos jogos!\",\"potentialAction\":[{\"@type\":\"SearchAction\",\"target\":{\"@type\":\"EntryPoint\",\"urlTemplate\":\"https:\/\/www.gaveanews.com\/?s={search_term_string}\"},\"query-input\":{\"@type\":\"PropertyValueSpecification\",\"valueRequired\":true,\"valueName\":\"search_term_string\"}}],\"inLanguage\":\"pt-BR\"},{\"@type\":\"Person\",\"@id\":\"https:\/\/www.gaveanews.com\/#\/schema\/person\/37122681a8575a5c8db05a56f099a5e4\",\"name\":\"D\u00e9bora Figueiredo\",\"image\":{\"@type\":\"ImageObject\",\"inLanguage\":\"pt-BR\",\"@id\":\"https:\/\/www.gaveanews.com\/#\/schema\/person\/image\/\",\"url\":\"https:\/\/secure.gravatar.com\/avatar\/1f44802859351588499d26f52aed1d15796ce17e67602895b72837c08018868d?s=96&d=mm&r=g\",\"contentUrl\":\"https:\/\/secure.gravatar.com\/avatar\/1f44802859351588499d26f52aed1d15796ce17e67602895b72837c08018868d?s=96&d=mm&r=g\",\"caption\":\"D\u00e9bora Figueiredo\"}}]}<\/script>\n<!-- \/ Yoast SEO Premium plugin. -->","yoast_head_json":{"title":"A declara\u00e7\u00e3o de Jo\u00e3o Lucas, novo refor\u00e7o do Gr\u00eamio","robots":{"index":"index","follow":"follow","max-snippet":"max-snippet:-1","max-image-preview":"max-image-preview:large","max-video-preview":"max-video-preview:-1"},"canonical":"https:\/\/www.gaveanews.com\/index.php\/2025\/01\/12\/a-declaracao-de-joao-lucas-novo-reforco-do-gremio\/","og_locale":"pt_BR","og_type":"article","og_title":"A declara\u00e7\u00e3o de Jo\u00e3o Lucas, novo refor\u00e7o do Gr\u00eamio","og_description":"Veja o que ele falou Na \u00faltima sexta-feira, o Gr\u00eamio apresentou o lateral-direito Jo\u00e3o Lucas no CT Luiz Carvalho. Ele \u00e9 o \u00fanico refor\u00e7o da equipe para esta temporada at\u00e9 agora e recebeu a camisa n\u00famero 2. Durante a coletiva, Jo\u00e3o Lucas comentou sobre seu amadurecimento profissional ap\u00f3s suas experi\u00eancias em clubes como Flamengo, Santos, [&hellip;]","og_url":"https:\/\/www.gaveanews.com\/index.php\/2025\/01\/12\/a-declaracao-de-joao-lucas-novo-reforco-do-gremio\/","og_site_name":"G\u00e1vea News","article_publisher":"https:\/\/facebook.com\/gaveaNews\/","article_published_time":"2025-01-13T02:30:35+00:00","og_image":[{"width":1043,"height":695,"url":"https:\/\/www.gaveanews.com\/wp-content\/uploads\/Bandeira-do-Gremio.webp","type":"image\/webp"}],"author":"D\u00e9bora Figueiredo","twitter_card":"summary_large_image","twitter_misc":{"Escrito por":"D\u00e9bora Figueiredo","Est. tempo de leitura":"3 minutos"},"schema":{"@context":"https:\/\/schema.org","@graph":[{"@type":"NewsArticle","@id":"https:\/\/www.gaveanews.com\/index.php\/2025\/01\/12\/a-declaracao-de-joao-lucas-novo-reforco-do-gremio\/#article","isPartOf":{"@id":"https:\/\/www.gaveanews.com\/index.php\/2025\/01\/12\/a-declaracao-de-joao-lucas-novo-reforco-do-gremio\/"},"author":{"name":"D\u00e9bora Figueiredo","@id":"https:\/\/www.gaveanews.com\/#\/schema\/person\/37122681a8575a5c8db05a56f099a5e4"},"headline":"A declara\u00e7\u00e3o de Jo\u00e3o Lucas, novo refor\u00e7o do Gr\u00eamio","datePublished":"2025-01-13T02:30:35+00:00","mainEntityOfPage":{"@id":"https:\/\/www.gaveanews.com\/index.php\/2025\/01\/12\/a-declaracao-de-joao-lucas-novo-reforco-do-gremio\/"},"wordCount":532,"commentCount":0,"image":{"@id":"https:\/\/www.gaveanews.com\/index.php\/2025\/01\/12\/a-declaracao-de-joao-lucas-novo-reforco-do-gremio\/#primaryimage"},"thumbnailUrl":"https:\/\/www.gaveanews.com\/wp-content\/uploads\/Bandeira-do-Gremio.webp","articleSection":["Gr\u00eamio"],"inLanguage":"pt-BR","potentialAction":[{"@type":"CommentAction","name":"Comment","target":["https:\/\/www.gaveanews.com\/index.php\/2025\/01\/12\/a-declaracao-de-joao-lucas-novo-reforco-do-gremio\/#respond"]}],"copyrightYear":"2025","copyrightHolder":{"@id":"https:\/\/www.gaveanews.com\/#organization"}},{"@type":"WebPage","@id":"https:\/\/www.gaveanews.com\/index.php\/2025\/01\/12\/a-declaracao-de-joao-lucas-novo-reforco-do-gremio\/","url":"https:\/\/www.gaveanews.com\/index.php\/2025\/01\/12\/a-declaracao-de-joao-lucas-novo-reforco-do-gremio\/","name":"A declara\u00e7\u00e3o de Jo\u00e3o Lucas, novo refor\u00e7o do Gr\u00eamio","isPartOf":{"@id":"https:\/\/www.gaveanews.com\/#website"},"primaryImageOfPage":{"@id":"https:\/\/www.gaveanews.com\/index.php\/2025\/01\/12\/a-declaracao-de-joao-lucas-novo-reforco-do-gremio\/#primaryimage"},"image":{"@id":"https:\/\/www.gaveanews.com\/index.php\/2025\/01\/12\/a-declaracao-de-joao-lucas-novo-reforco-do-gremio\/#primaryimage"},"thumbnailUrl":"https:\/\/www.gaveanews.com\/wp-content\/uploads\/Bandeira-do-Gremio.webp","datePublished":"2025-01-13T02:30:35+00:00","author":{"@id":"https:\/\/www.gaveanews.com\/#\/schema\/person\/37122681a8575a5c8db05a56f099a5e4"},"breadcrumb":{"@id":"https:\/\/www.gaveanews.com\/index.php\/2025\/01\/12\/a-declaracao-de-joao-lucas-novo-reforco-do-gremio\/#breadcrumb"},"inLanguage":"pt-BR","potentialAction":[{"@type":"ReadAction","target":["https:\/\/www.gaveanews.com\/index.php\/2025\/01\/12\/a-declaracao-de-joao-lucas-novo-reforco-do-gremio\/"]}]},{"@type":"ImageObject","inLanguage":"pt-BR","@id":"https:\/\/www.gaveanews.com\/index.php\/2025\/01\/12\/a-declaracao-de-joao-lucas-novo-reforco-do-gremio\/#primaryimage","url":"https:\/\/www.gaveanews.com\/wp-content\/uploads\/Bandeira-do-Gremio.webp","contentUrl":"https:\/\/www.gaveanews.com\/wp-content\/uploads\/Bandeira-do-Gremio.webp","width":1043,"height":695,"caption":"Bandeira do Gr\u00eamio (Foto: Reprodu\u00e7\u00e3o\/Gr\u00eamio)"},{"@type":"BreadcrumbList","@id":"https:\/\/www.gaveanews.com\/index.php\/2025\/01\/12\/a-declaracao-de-joao-lucas-novo-reforco-do-gremio\/#breadcrumb","itemListElement":[{"@type":"ListItem","position":1,"name":"Home","item":"https:\/\/www.gaveanews.com\/"},{"@type":"ListItem","position":2,"name":"A declara\u00e7\u00e3o de Jo\u00e3o Lucas, novo refor\u00e7o do Gr\u00eamio"}]},{"@type":"WebSite","@id":"https:\/\/www.gaveanews.com\/#website","url":"https:\/\/www.gaveanews.com\/","name":"G\u00e1vea News","description":"Veja todas as not\u00edcias sobre o Flamengo: Contrata\u00e7\u00f5es, categorias de base, resultados das partidas, tabela de classifica\u00e7\u00e3o, pr\u00f3ximos jogos!","potentialAction":[{"@type":"SearchAction","target":{"@type":"EntryPoint","urlTemplate":"https:\/\/www.gaveanews.com\/?s={search_term_string}"},"query-input":{"@type":"PropertyValueSpecification","valueRequired":true,"valueName":"search_term_string"}}],"inLanguage":"pt-BR"},{"@type":"Person","@id":"https:\/\/www.gaveanews.com\/#\/schema\/person\/37122681a8575a5c8db05a56f099a5e4","name":"D\u00e9bora Figueiredo","image":{"@type":"ImageObject","inLanguage":"pt-BR","@id":"https:\/\/www.gaveanews.com\/#\/schema\/person\/image\/","url":"https:\/\/secure.gravatar.com\/avatar\/1f44802859351588499d26f52aed1d15796ce17e67602895b72837c08018868d?s=96&d=mm&r=g","contentUrl":"https:\/\/secure.gravatar.com\/avatar\/1f44802859351588499d26f52aed1d15796ce17e67602895b72837c08018868d?s=96&d=mm&r=g","caption":"D\u00e9bora Figueiredo"}}]}},"_links":{"self":[{"href":"https:\/\/www.gaveanews.com\/index.php\/wp-json\/wp\/v2\/posts\/211525","targetHints":{"allow":["GET"]}}],"collection":[{"href":"https:\/\/www.gaveanews.com\/index.php\/wp-json\/wp\/v2\/posts"}],"about":[{"href":"https:\/\/www.gaveanews.com\/index.php\/wp-json\/wp\/v2\/types\/post"}],"author":[{"embeddable":true,"href":"https:\/\/www.gaveanews.com\/index.php\/wp-json\/wp\/v2\/users\/16"}],"replies":[{"embeddable":true,"href":"https:\/\/www.gaveanews.com\/index.php\/wp-json\/wp\/v2\/comments?post=211525"}],"version-history":[{"count":2,"href":"https:\/\/www.gaveanews.com\/index.php\/wp-json\/wp\/v2\/posts\/211525\/revisions"}],"predecessor-version":[{"id":211650,"href":"https:\/\/www.gaveanews.com\/index.php\/wp-json\/wp\/v2\/posts\/211525\/revisions\/211650"}],"wp:featuredmedia":[{"embeddable":true,"href":"https:\/\/www.gaveanews.com\/index.php\/wp-json\/wp\/v2\/media\/165925"}],"wp:attachment":[{"href":"https:\/\/www.gaveanews.com\/index.php\/wp-json\/wp\/v2\/media?parent=211525"}],"wp:term":[{"taxonomy":"category","embeddable":true,"href":"https:\/\/www.gaveanews.com\/index.php\/wp-json\/wp\/v2\/categories?post=211525"},{"taxonomy":"post_tag","embeddable":true,"href":"https:\/\/www.gaveanews.com\/index.php\/wp-json\/wp\/v2\/tags?post=211525"}],"curies":[{"name":"wp","href":"https:\/\/api.w.org\/{rel}","templated":true}]}}