{"id":211594,"date":"2025-01-12T23:45:25","date_gmt":"2025-01-13T02:45:25","guid":{"rendered":"https:\/\/www.gaveanews.com\/?p=211594"},"modified":"2025-01-12T21:01:29","modified_gmt":"2025-01-13T00:01:29","slug":"fluminense-define-numero-da-camisa-de-canobbio","status":"publish","type":"post","link":"https:\/\/www.gaveanews.com\/index.php\/2025\/01\/12\/fluminense-define-numero-da-camisa-de-canobbio\/","title":{"rendered":"Fluminense define n\u00famero da camisa de Canobbio"},"content":{"rendered":"\n<p>O Fluminense formalizou a contrata\u00e7\u00e3o de Canobbio, atacante uruguaio, como o s\u00e9timo refor\u00e7o para a temporada de 2025. O jogador assinou contrato por quatro anos e vestir\u00e1 a camisa 17. Anteriormente, Canobbio utilizava a camisa 14 no Athletico-PR e na sele\u00e7\u00e3o uruguaia, contudo, essa numera\u00e7\u00e3o pertence a Cano no Fluminense. Consequentemente, o atacante optou pelo n\u00famero 17 para sua nova jornada.<\/p>\n\n\n\n<ul class=\"wp-block-list\">\n<li><a href=\"https:\/\/www.gaveanews.com\/index.php\/2025\/01\/03\/fluminense-contrata-mais-um-reforco-e-deixar-torcida-do-vasco-revoltada\/\">Fluminense contrata mais um refor\u00e7o e deixa torcida do Vasco revoltada<\/a><\/li>\n\n\n\n<li><a href=\"https:\/\/www.gaveanews.com\/index.php\/2025\/01\/07\/fluminense-a-declaracao-de-freytes-sobre-a-disputa-do-mundial\/\">Fluminense: a declara\u00e7\u00e3o de Freytes sobre a disputa do Mundial<\/a><\/li>\n<\/ul>\n\n\n\n<p>Apesar de ter vestido a camisa 9 antes de adotar o n\u00famero 14 no Athletico-PR, Canobbio escolheu a 17 para representar o Fluminense. A camisa 9 encontra-se dispon\u00edvel no clube carioca ap\u00f3s a sa\u00edda de John Kennedy. O clube apresentou oficialmente o jogador \u00e0 imprensa e aos torcedores. O jogador demonstrou entusiasmo com a nova fase na carreira.<\/p>\n\n\n\n<h2 class=\"wp-block-heading\" id=\"h-trajetoria-de-canobbio-no-futebol-sul-americano\">Trajet\u00f3ria de Canobbio no futebol sul-americano<\/h2>\n\n\n\n<p>Revelado pelo F\u00e9nix, do Uruguai, Canobbio destacou-se no Pe\u00f1arol, o que despertou o interesse do Athletico-PR. O clube paranaense investiu R$ 5,7 milh\u00f5es na contrata\u00e7\u00e3o do atacante, estabelecendo um recorde para o time. O jogador possui uma carreira consolidada no futebol sul-americano.<\/p>\n\n\n\n<p>Aos 26 anos, Canobbio acumulou 141 partidas pelo Athletico-PR, marcando 18 gols e distribuindo 16 assist\u00eancias. Al\u00e9m disso, suas atua\u00e7\u00f5es o levaram \u00e0 sele\u00e7\u00e3o uruguaia sob o comando de Marcelo Bielsa, embora uma recente diverg\u00eancia com o t\u00e9cnico tenha gerado repercuss\u00e3o na m\u00eddia. Desse modo, o jogador busca novos desafios no Fluminense.<\/p>\n\n\n\n<p>Apesar de surgirem especula\u00e7\u00f5es sobre uma poss\u00edvel transfer\u00eancia para o Milan, da It\u00e1lia, o &#8216;GE&#8217; confirmou que as negocia\u00e7\u00f5es n\u00e3o progrediram. Assim, Canobbio concentrou-se em sua chegada ao Fluminense, demonstrando comprometimento com o novo clube. O jogador integra o elenco para a pr\u00f3xima temporada.<\/p>\n\n\n\n<p>\u00c9 v\u00e1lido ressaltar que, o atacante Isaac, parte da negocia\u00e7\u00e3o que trouxe o uruguaio Canobbio para o Fluminense, viajou para Curitiba nesta semana para realizar exames m\u00e9dicos e assinar contrato com o Athletico-PR.<\/p>\n","protected":false},"excerpt":{"rendered":"<p>O Fluminense formalizou a contrata\u00e7\u00e3o de Canobbio, atacante uruguaio, como o s\u00e9timo refor\u00e7o para a temporada de 2025. O jogador assinou contrato por quatro anos e vestir\u00e1 a camisa 17. Anteriormente, Canobbio utilizava a camisa 14 no Athletico-PR e na sele\u00e7\u00e3o uruguaia, contudo, essa numera\u00e7\u00e3o pertence a Cano no Fluminense. Consequentemente, o atacante optou pelo [&hellip;]<\/p>\n","protected":false},"author":28,"featured_media":168210,"comment_status":"open","ping_status":"closed","sticky":false,"template":"","format":"standard","meta":{"footnotes":""},"categories":[145],"tags":[],"class_list":["post-211594","post","type-post","status-publish","format-standard","has-post-thumbnail","hentry","category-fluminense"],"yoast_head":"<!-- This site is optimized with the Yoast SEO Premium plugin v24.2 (Yoast SEO v26.9) - https:\/\/yoast.com\/product\/yoast-seo-premium-wordpress\/ -->\n<title>Fluminense define n\u00famero da camisa de Canobbio<\/title>\n<meta name=\"robots\" content=\"index, follow, max-snippet:-1, max-image-preview:large, max-video-preview:-1\" \/>\n<link rel=\"canonical\" href=\"https:\/\/www.gaveanews.com\/index.php\/2025\/01\/12\/fluminense-define-numero-da-camisa-de-canobbio\/\" \/>\n<meta property=\"og:locale\" content=\"pt_BR\" \/>\n<meta property=\"og:type\" content=\"article\" \/>\n<meta property=\"og:title\" content=\"Fluminense define n\u00famero da camisa de Canobbio\" \/>\n<meta property=\"og:description\" content=\"O Fluminense formalizou a contrata\u00e7\u00e3o de Canobbio, atacante uruguaio, como o s\u00e9timo refor\u00e7o para a temporada de 2025. O jogador assinou contrato por quatro anos e vestir\u00e1 a camisa 17. Anteriormente, Canobbio utilizava a camisa 14 no Athletico-PR e na sele\u00e7\u00e3o uruguaia, contudo, essa numera\u00e7\u00e3o pertence a Cano no Fluminense. Consequentemente, o atacante optou pelo [&hellip;]\" \/>\n<meta property=\"og:url\" content=\"https:\/\/www.gaveanews.com\/index.php\/2025\/01\/12\/fluminense-define-numero-da-camisa-de-canobbio\/\" \/>\n<meta property=\"og:site_name\" content=\"G\u00e1vea News\" \/>\n<meta property=\"article:publisher\" content=\"https:\/\/facebook.com\/gaveaNews\/\" \/>\n<meta property=\"article:published_time\" content=\"2025-01-13T02:45:25+00:00\" \/>\n<meta property=\"og:image\" content=\"https:\/\/www.gaveanews.com\/wp-content\/uploads\/Canobbio-pelo-Athletico-PR.webp\" \/>\n\t<meta property=\"og:image:width\" content=\"1200\" \/>\n\t<meta property=\"og:image:height\" content=\"1075\" \/>\n\t<meta property=\"og:image:type\" content=\"image\/jpeg\" \/>\n<meta name=\"author\" content=\"Hudson Pereira\" \/>\n<meta name=\"twitter:card\" content=\"summary_large_image\" \/>\n<meta name=\"twitter:label1\" content=\"Escrito por\" \/>\n\t<meta name=\"twitter:data1\" content=\"Hudson Pereira\" \/>\n\t<meta name=\"twitter:label2\" content=\"Est. tempo de leitura\" \/>\n\t<meta name=\"twitter:data2\" content=\"2 minutos\" \/>\n<script type=\"application\/ld+json\" class=\"yoast-schema-graph\">{\"@context\":\"https:\/\/schema.org\",\"@graph\":[{\"@type\":\"NewsArticle\",\"@id\":\"https:\/\/www.gaveanews.com\/index.php\/2025\/01\/12\/fluminense-define-numero-da-camisa-de-canobbio\/#article\",\"isPartOf\":{\"@id\":\"https:\/\/www.gaveanews.com\/index.php\/2025\/01\/12\/fluminense-define-numero-da-camisa-de-canobbio\/\"},\"author\":{\"name\":\"Hudson Pereira\",\"@id\":\"https:\/\/www.gaveanews.com\/#\/schema\/person\/bd08f00534b403119b92741a6d469ef0\"},\"headline\":\"Fluminense define n\u00famero da camisa de Canobbio\",\"datePublished\":\"2025-01-13T02:45:25+00:00\",\"mainEntityOfPage\":{\"@id\":\"https:\/\/www.gaveanews.com\/index.php\/2025\/01\/12\/fluminense-define-numero-da-camisa-de-canobbio\/\"},\"wordCount\":344,\"commentCount\":0,\"image\":{\"@id\":\"https:\/\/www.gaveanews.com\/index.php\/2025\/01\/12\/fluminense-define-numero-da-camisa-de-canobbio\/#primaryimage\"},\"thumbnailUrl\":\"https:\/\/www.gaveanews.com\/wp-content\/uploads\/Canobbio-pelo-Athletico-PR.webp\",\"articleSection\":[\"Fluminense\"],\"inLanguage\":\"pt-BR\",\"potentialAction\":[{\"@type\":\"CommentAction\",\"name\":\"Comment\",\"target\":[\"https:\/\/www.gaveanews.com\/index.php\/2025\/01\/12\/fluminense-define-numero-da-camisa-de-canobbio\/#respond\"]}],\"copyrightYear\":\"2025\",\"copyrightHolder\":{\"@id\":\"https:\/\/www.gaveanews.com\/#organization\"}},{\"@type\":\"WebPage\",\"@id\":\"https:\/\/www.gaveanews.com\/index.php\/2025\/01\/12\/fluminense-define-numero-da-camisa-de-canobbio\/\",\"url\":\"https:\/\/www.gaveanews.com\/index.php\/2025\/01\/12\/fluminense-define-numero-da-camisa-de-canobbio\/\",\"name\":\"Fluminense define n\u00famero da camisa de Canobbio\",\"isPartOf\":{\"@id\":\"https:\/\/www.gaveanews.com\/#website\"},\"primaryImageOfPage\":{\"@id\":\"https:\/\/www.gaveanews.com\/index.php\/2025\/01\/12\/fluminense-define-numero-da-camisa-de-canobbio\/#primaryimage\"},\"image\":{\"@id\":\"https:\/\/www.gaveanews.com\/index.php\/2025\/01\/12\/fluminense-define-numero-da-camisa-de-canobbio\/#primaryimage\"},\"thumbnailUrl\":\"https:\/\/www.gaveanews.com\/wp-content\/uploads\/Canobbio-pelo-Athletico-PR.webp\",\"datePublished\":\"2025-01-13T02:45:25+00:00\",\"author\":{\"@id\":\"https:\/\/www.gaveanews.com\/#\/schema\/person\/bd08f00534b403119b92741a6d469ef0\"},\"breadcrumb\":{\"@id\":\"https:\/\/www.gaveanews.com\/index.php\/2025\/01\/12\/fluminense-define-numero-da-camisa-de-canobbio\/#breadcrumb\"},\"inLanguage\":\"pt-BR\",\"potentialAction\":[{\"@type\":\"ReadAction\",\"target\":[\"https:\/\/www.gaveanews.com\/index.php\/2025\/01\/12\/fluminense-define-numero-da-camisa-de-canobbio\/\"]}]},{\"@type\":\"ImageObject\",\"inLanguage\":\"pt-BR\",\"@id\":\"https:\/\/www.gaveanews.com\/index.php\/2025\/01\/12\/fluminense-define-numero-da-camisa-de-canobbio\/#primaryimage\",\"url\":\"https:\/\/www.gaveanews.com\/wp-content\/uploads\/Canobbio-pelo-Athletico-PR.webp\",\"contentUrl\":\"https:\/\/www.gaveanews.com\/wp-content\/uploads\/Canobbio-pelo-Athletico-PR.webp\",\"width\":1200,\"height\":1075,\"caption\":\"Canobbio pelo Athletico-PR (Foto: Divulga\u00e7\u00e3o\/Athletico-PR)\"},{\"@type\":\"BreadcrumbList\",\"@id\":\"https:\/\/www.gaveanews.com\/index.php\/2025\/01\/12\/fluminense-define-numero-da-camisa-de-canobbio\/#breadcrumb\",\"itemListElement\":[{\"@type\":\"ListItem\",\"position\":1,\"name\":\"Home\",\"item\":\"https:\/\/www.gaveanews.com\/\"},{\"@type\":\"ListItem\",\"position\":2,\"name\":\"Fluminense define n\u00famero da camisa de Canobbio\"}]},{\"@type\":\"WebSite\",\"@id\":\"https:\/\/www.gaveanews.com\/#website\",\"url\":\"https:\/\/www.gaveanews.com\/\",\"name\":\"G\u00e1vea News\",\"description\":\"Veja todas as not\u00edcias sobre o Flamengo: Contrata\u00e7\u00f5es, categorias de base, resultados das partidas, tabela de classifica\u00e7\u00e3o, pr\u00f3ximos jogos!\",\"potentialAction\":[{\"@type\":\"SearchAction\",\"target\":{\"@type\":\"EntryPoint\",\"urlTemplate\":\"https:\/\/www.gaveanews.com\/?s={search_term_string}\"},\"query-input\":{\"@type\":\"PropertyValueSpecification\",\"valueRequired\":true,\"valueName\":\"search_term_string\"}}],\"inLanguage\":\"pt-BR\"},{\"@type\":\"Person\",\"@id\":\"https:\/\/www.gaveanews.com\/#\/schema\/person\/bd08f00534b403119b92741a6d469ef0\",\"name\":\"Hudson Pereira\",\"image\":{\"@type\":\"ImageObject\",\"inLanguage\":\"pt-BR\",\"@id\":\"https:\/\/www.gaveanews.com\/#\/schema\/person\/image\/\",\"url\":\"https:\/\/secure.gravatar.com\/avatar\/ecc491b489e454e510efffc9b23c1052ce5fb4f2e05555768ba65819cd55f03e?s=96&d=mm&r=g\",\"contentUrl\":\"https:\/\/secure.gravatar.com\/avatar\/ecc491b489e454e510efffc9b23c1052ce5fb4f2e05555768ba65819cd55f03e?s=96&d=mm&r=g\",\"caption\":\"Hudson Pereira\"}}]}<\/script>\n<!-- \/ Yoast SEO Premium plugin. -->","yoast_head_json":{"title":"Fluminense define n\u00famero da camisa de Canobbio","robots":{"index":"index","follow":"follow","max-snippet":"max-snippet:-1","max-image-preview":"max-image-preview:large","max-video-preview":"max-video-preview:-1"},"canonical":"https:\/\/www.gaveanews.com\/index.php\/2025\/01\/12\/fluminense-define-numero-da-camisa-de-canobbio\/","og_locale":"pt_BR","og_type":"article","og_title":"Fluminense define n\u00famero da camisa de Canobbio","og_description":"O Fluminense formalizou a contrata\u00e7\u00e3o de Canobbio, atacante uruguaio, como o s\u00e9timo refor\u00e7o para a temporada de 2025. O jogador assinou contrato por quatro anos e vestir\u00e1 a camisa 17. Anteriormente, Canobbio utilizava a camisa 14 no Athletico-PR e na sele\u00e7\u00e3o uruguaia, contudo, essa numera\u00e7\u00e3o pertence a Cano no Fluminense. Consequentemente, o atacante optou pelo [&hellip;]","og_url":"https:\/\/www.gaveanews.com\/index.php\/2025\/01\/12\/fluminense-define-numero-da-camisa-de-canobbio\/","og_site_name":"G\u00e1vea News","article_publisher":"https:\/\/facebook.com\/gaveaNews\/","article_published_time":"2025-01-13T02:45:25+00:00","og_image":[{"width":1200,"height":1075,"url":"https:\/\/www.gaveanews.com\/wp-content\/uploads\/Canobbio-pelo-Athletico-PR.webp","type":"image\/jpeg"}],"author":"Hudson Pereira","twitter_card":"summary_large_image","twitter_misc":{"Escrito por":"Hudson Pereira","Est. tempo de leitura":"2 minutos"},"schema":{"@context":"https:\/\/schema.org","@graph":[{"@type":"NewsArticle","@id":"https:\/\/www.gaveanews.com\/index.php\/2025\/01\/12\/fluminense-define-numero-da-camisa-de-canobbio\/#article","isPartOf":{"@id":"https:\/\/www.gaveanews.com\/index.php\/2025\/01\/12\/fluminense-define-numero-da-camisa-de-canobbio\/"},"author":{"name":"Hudson Pereira","@id":"https:\/\/www.gaveanews.com\/#\/schema\/person\/bd08f00534b403119b92741a6d469ef0"},"headline":"Fluminense define n\u00famero da camisa de Canobbio","datePublished":"2025-01-13T02:45:25+00:00","mainEntityOfPage":{"@id":"https:\/\/www.gaveanews.com\/index.php\/2025\/01\/12\/fluminense-define-numero-da-camisa-de-canobbio\/"},"wordCount":344,"commentCount":0,"image":{"@id":"https:\/\/www.gaveanews.com\/index.php\/2025\/01\/12\/fluminense-define-numero-da-camisa-de-canobbio\/#primaryimage"},"thumbnailUrl":"https:\/\/www.gaveanews.com\/wp-content\/uploads\/Canobbio-pelo-Athletico-PR.webp","articleSection":["Fluminense"],"inLanguage":"pt-BR","potentialAction":[{"@type":"CommentAction","name":"Comment","target":["https:\/\/www.gaveanews.com\/index.php\/2025\/01\/12\/fluminense-define-numero-da-camisa-de-canobbio\/#respond"]}],"copyrightYear":"2025","copyrightHolder":{"@id":"https:\/\/www.gaveanews.com\/#organization"}},{"@type":"WebPage","@id":"https:\/\/www.gaveanews.com\/index.php\/2025\/01\/12\/fluminense-define-numero-da-camisa-de-canobbio\/","url":"https:\/\/www.gaveanews.com\/index.php\/2025\/01\/12\/fluminense-define-numero-da-camisa-de-canobbio\/","name":"Fluminense define n\u00famero da camisa de Canobbio","isPartOf":{"@id":"https:\/\/www.gaveanews.com\/#website"},"primaryImageOfPage":{"@id":"https:\/\/www.gaveanews.com\/index.php\/2025\/01\/12\/fluminense-define-numero-da-camisa-de-canobbio\/#primaryimage"},"image":{"@id":"https:\/\/www.gaveanews.com\/index.php\/2025\/01\/12\/fluminense-define-numero-da-camisa-de-canobbio\/#primaryimage"},"thumbnailUrl":"https:\/\/www.gaveanews.com\/wp-content\/uploads\/Canobbio-pelo-Athletico-PR.webp","datePublished":"2025-01-13T02:45:25+00:00","author":{"@id":"https:\/\/www.gaveanews.com\/#\/schema\/person\/bd08f00534b403119b92741a6d469ef0"},"breadcrumb":{"@id":"https:\/\/www.gaveanews.com\/index.php\/2025\/01\/12\/fluminense-define-numero-da-camisa-de-canobbio\/#breadcrumb"},"inLanguage":"pt-BR","potentialAction":[{"@type":"ReadAction","target":["https:\/\/www.gaveanews.com\/index.php\/2025\/01\/12\/fluminense-define-numero-da-camisa-de-canobbio\/"]}]},{"@type":"ImageObject","inLanguage":"pt-BR","@id":"https:\/\/www.gaveanews.com\/index.php\/2025\/01\/12\/fluminense-define-numero-da-camisa-de-canobbio\/#primaryimage","url":"https:\/\/www.gaveanews.com\/wp-content\/uploads\/Canobbio-pelo-Athletico-PR.webp","contentUrl":"https:\/\/www.gaveanews.com\/wp-content\/uploads\/Canobbio-pelo-Athletico-PR.webp","width":1200,"height":1075,"caption":"Canobbio pelo Athletico-PR (Foto: Divulga\u00e7\u00e3o\/Athletico-PR)"},{"@type":"BreadcrumbList","@id":"https:\/\/www.gaveanews.com\/index.php\/2025\/01\/12\/fluminense-define-numero-da-camisa-de-canobbio\/#breadcrumb","itemListElement":[{"@type":"ListItem","position":1,"name":"Home","item":"https:\/\/www.gaveanews.com\/"},{"@type":"ListItem","position":2,"name":"Fluminense define n\u00famero da camisa de Canobbio"}]},{"@type":"WebSite","@id":"https:\/\/www.gaveanews.com\/#website","url":"https:\/\/www.gaveanews.com\/","name":"G\u00e1vea News","description":"Veja todas as not\u00edcias sobre o Flamengo: Contrata\u00e7\u00f5es, categorias de base, resultados das partidas, tabela de classifica\u00e7\u00e3o, pr\u00f3ximos jogos!","potentialAction":[{"@type":"SearchAction","target":{"@type":"EntryPoint","urlTemplate":"https:\/\/www.gaveanews.com\/?s={search_term_string}"},"query-input":{"@type":"PropertyValueSpecification","valueRequired":true,"valueName":"search_term_string"}}],"inLanguage":"pt-BR"},{"@type":"Person","@id":"https:\/\/www.gaveanews.com\/#\/schema\/person\/bd08f00534b403119b92741a6d469ef0","name":"Hudson Pereira","image":{"@type":"ImageObject","inLanguage":"pt-BR","@id":"https:\/\/www.gaveanews.com\/#\/schema\/person\/image\/","url":"https:\/\/secure.gravatar.com\/avatar\/ecc491b489e454e510efffc9b23c1052ce5fb4f2e05555768ba65819cd55f03e?s=96&d=mm&r=g","contentUrl":"https:\/\/secure.gravatar.com\/avatar\/ecc491b489e454e510efffc9b23c1052ce5fb4f2e05555768ba65819cd55f03e?s=96&d=mm&r=g","caption":"Hudson Pereira"}}]}},"_links":{"self":[{"href":"https:\/\/www.gaveanews.com\/index.php\/wp-json\/wp\/v2\/posts\/211594","targetHints":{"allow":["GET"]}}],"collection":[{"href":"https:\/\/www.gaveanews.com\/index.php\/wp-json\/wp\/v2\/posts"}],"about":[{"href":"https:\/\/www.gaveanews.com\/index.php\/wp-json\/wp\/v2\/types\/post"}],"author":[{"embeddable":true,"href":"https:\/\/www.gaveanews.com\/index.php\/wp-json\/wp\/v2\/users\/28"}],"replies":[{"embeddable":true,"href":"https:\/\/www.gaveanews.com\/index.php\/wp-json\/wp\/v2\/comments?post=211594"}],"version-history":[{"count":3,"href":"https:\/\/www.gaveanews.com\/index.php\/wp-json\/wp\/v2\/posts\/211594\/revisions"}],"predecessor-version":[{"id":211600,"href":"https:\/\/www.gaveanews.com\/index.php\/wp-json\/wp\/v2\/posts\/211594\/revisions\/211600"}],"wp:featuredmedia":[{"embeddable":true,"href":"https:\/\/www.gaveanews.com\/index.php\/wp-json\/wp\/v2\/media\/168210"}],"wp:attachment":[{"href":"https:\/\/www.gaveanews.com\/index.php\/wp-json\/wp\/v2\/media?parent=211594"}],"wp:term":[{"taxonomy":"category","embeddable":true,"href":"https:\/\/www.gaveanews.com\/index.php\/wp-json\/wp\/v2\/categories?post=211594"},{"taxonomy":"post_tag","embeddable":true,"href":"https:\/\/www.gaveanews.com\/index.php\/wp-json\/wp\/v2\/tags?post=211594"}],"curies":[{"name":"wp","href":"https:\/\/api.w.org\/{rel}","templated":true}]}}