{"id":211607,"date":"2025-01-12T15:49:51","date_gmt":"2025-01-12T18:49:51","guid":{"rendered":"https:\/\/www.gaveanews.com\/?p=211607"},"modified":"2025-01-12T15:49:54","modified_gmt":"2025-01-12T18:49:54","slug":"ele-ficara-de-fora-dos-proximos-jogos-do-corinthians","status":"publish","type":"post","link":"https:\/\/www.gaveanews.com\/index.php\/2025\/01\/12\/ele-ficara-de-fora-dos-proximos-jogos-do-corinthians\/","title":{"rendered":"Ele ficar\u00e1 de fora dos pr\u00f3ximos jogos do Corinthians"},"content":{"rendered":"\n<p>Rodrigo Garro, meia do Corinthians, est\u00e1 fora dos pr\u00f3ximos jogos da equipe devido a um problema f\u00edsico. Desde abril de 2024, o jogador vem sentindo desconforto no joelho, mas somente em dezembro do mesmo ano iniciou o tratamento de sua les\u00e3o. Ele esta tratando de uma tendinopatia patelar, contus\u00e3o que n\u00e3o \u00e9 t\u00e3o simples, e com isso ele ficar\u00e1 de fora n\u00e3o s\u00f3 da estreia, mas em alguns jogos do Paulist\u00e3o.<\/p>\n\n\n\n<ul class=\"wp-block-list\">\n<li><a href=\"https:\/\/www.gaveanews.com\/index.php\/2025\/01\/11\/corinthians-toma-atitude-importante-com-garro\/\">Corinthians toma atitude importante com Garro<\/a><\/li>\n\n\n\n<li><a href=\"https:\/\/www.gaveanews.com\/index.php\/2024\/12\/30\/cruzeiro-vai-contratar-dois-jogadores-do-corinthians\/\">Cruzeiro vai contratar dois jogadores do Corinthians<\/a><\/li>\n<\/ul>\n\n\n\n<h2 class=\"wp-block-heading\" id=\"h-por-que-garro-nao-iniciou-o-tratamento-antes\">Por que Garro n\u00e3o iniciou o tratamento antes?<\/h2>\n\n\n\n<p>Mesmo com a dor desde o come\u00e7o do ano passado, Garro participou de todos os jogos na temporada de 2024. Isso porque os exames que o camisa 10 havia feito, confirmaram estabilidade na sua les\u00e3o, e a avalia\u00e7\u00e3o dos m\u00e9dicos era de que como estava est\u00e1vel, n\u00e3o correria risco de agravar. O\u00a0departamento m\u00e9dico do Tim\u00e3o\u00a0intensificou os trabalhos de fisioterapia com o jogador e controlou a carga de jogos e treinos. Com o fim da temporada, ele come\u00e7ou o tratamento j\u00e1 nas f\u00e9rias<\/p>\n\n\n\n<p>A tendinopatia patelar, contus\u00e3o de Garro, tamb\u00e9m \u00e9 conhecida como &#8220;joelho de saltador&#8221;, \u00e9 uma les\u00e3o que afeta o tend\u00e3o patelar, que fica localizado na parte anterior do joelho. A condi\u00e7\u00e3o causa dores durante a atividade f\u00edsica ou logo ap\u00f3s exerc\u00edcios cansativos, que exigem muito do corpo. O problema surge devido \u00e0 repeti\u00e7\u00e3o dos movimentos de flex\u00e3o e extens\u00e3o do joelho, combinados com o alto impacto das passadas, isso sobrecarrega o tend\u00e3o patelar, causando a inflama\u00e7\u00e3o.<\/p>\n\n\n\n<h2 class=\"wp-block-heading\" id=\"h-no-que-a-ausencia-vai-atrapalhar-o-timao\">No que a aus\u00eancia vai atrapalhar o Tim\u00e3o <\/h2>\n\n\n\n<p>Com Rodrigo Garro n\u00e3o estando em campo na estreia do Corinthians no Campeonato Paulista que vai acontecer na pr\u00f3xima quinta-feira, contra o Bragantino, o Alvinegro Paulista vai entrar em campo desfalcado. J\u00e1 que em quest\u00f5es de n\u00fameros, o jogador foi o que mais entregou bons resultados, tendo atuado em 62 jogos, onde marcou 13 gols e deu 14 assist\u00eancias. <\/p>\n\n\n\n<p>Mesmo assim, a estreia do Corinthians no Campeonato Paulista gera grande expectativa entre os torcedores, que aguardam o desempenho da equipe no in\u00edcio da temporada. Com poss\u00edveis novidades no elenco e ajustes no esquema t\u00e1tico, o t\u00e9cnico ter\u00e1 a oportunidade de testar a forma\u00e7\u00e3o ideal para o restante da competi\u00e7\u00e3o. <\/p>\n\n\n\n<p>Ainda n\u00e3o se sabe o time que o t\u00e9cnico Ram\u00f3n D\u00edaz vai montar para o jogo de quinta-feira que vai acontecer \u00e0s 19h30 (de Bras\u00edlia). Por\u00e9m, um poss\u00edvel elenco ter\u00e1 os jogadores: Breno Bidon, Yuri Alberto, Memphis Depay, Donelli, Andr\u00e9 Ramalho, Matheus Bidu, Igor Coronado, Gustavo Henrique, Raniele, Andr\u00e9 Carrillo, Matheuzinho e Talles Magno. <\/p>\n","protected":false},"excerpt":{"rendered":"<p>Rodrigo Garro, meia do Corinthians, est\u00e1 fora dos pr\u00f3ximos jogos da equipe devido a um problema f\u00edsico. Desde abril de 2024, o jogador vem sentindo desconforto no joelho, mas somente em dezembro do mesmo ano iniciou o tratamento de sua les\u00e3o. Ele esta tratando de uma tendinopatia patelar, contus\u00e3o que n\u00e3o \u00e9 t\u00e3o simples, e [&hellip;]<\/p>\n","protected":false},"author":31,"featured_media":146952,"comment_status":"open","ping_status":"closed","sticky":false,"template":"","format":"standard","meta":{"footnotes":""},"categories":[141],"tags":[],"class_list":["post-211607","post","type-post","status-publish","format-standard","has-post-thumbnail","hentry","category-corinthians"],"yoast_head":"<!-- This site is optimized with the Yoast SEO Premium plugin v24.2 (Yoast SEO v26.9) - https:\/\/yoast.com\/product\/yoast-seo-premium-wordpress\/ -->\n<title>Ele ficar\u00e1 de fora dos pr\u00f3ximos jogos do Corinthians<\/title>\n<meta name=\"robots\" content=\"index, follow, max-snippet:-1, max-image-preview:large, max-video-preview:-1\" \/>\n<link rel=\"canonical\" href=\"https:\/\/www.gaveanews.com\/index.php\/2025\/01\/12\/ele-ficara-de-fora-dos-proximos-jogos-do-corinthians\/\" \/>\n<meta property=\"og:locale\" content=\"pt_BR\" \/>\n<meta property=\"og:type\" content=\"article\" \/>\n<meta property=\"og:title\" content=\"Ele ficar\u00e1 de fora dos pr\u00f3ximos jogos do Corinthians\" \/>\n<meta property=\"og:description\" content=\"Rodrigo Garro, meia do Corinthians, est\u00e1 fora dos pr\u00f3ximos jogos da equipe devido a um problema f\u00edsico. Desde abril de 2024, o jogador vem sentindo desconforto no joelho, mas somente em dezembro do mesmo ano iniciou o tratamento de sua les\u00e3o. Ele esta tratando de uma tendinopatia patelar, contus\u00e3o que n\u00e3o \u00e9 t\u00e3o simples, e [&hellip;]\" \/>\n<meta property=\"og:url\" content=\"https:\/\/www.gaveanews.com\/index.php\/2025\/01\/12\/ele-ficara-de-fora-dos-proximos-jogos-do-corinthians\/\" \/>\n<meta property=\"og:site_name\" content=\"G\u00e1vea News\" \/>\n<meta property=\"article:publisher\" content=\"https:\/\/facebook.com\/gaveaNews\/\" \/>\n<meta property=\"article:published_time\" content=\"2025-01-12T18:49:51+00:00\" \/>\n<meta property=\"article:modified_time\" content=\"2025-01-12T18:49:54+00:00\" \/>\n<meta property=\"og:image\" content=\"https:\/\/www.gaveanews.com\/wp-content\/uploads\/Bandeira-do-Corinthians.webp\" \/>\n\t<meta property=\"og:image:width\" content=\"1048\" \/>\n\t<meta property=\"og:image:height\" content=\"699\" \/>\n\t<meta property=\"og:image:type\" content=\"image\/webp\" \/>\n<meta name=\"author\" content=\"Michel Camargo\" \/>\n<meta name=\"twitter:card\" content=\"summary_large_image\" \/>\n<meta name=\"twitter:label1\" content=\"Escrito por\" \/>\n\t<meta name=\"twitter:data1\" content=\"Michel Camargo\" \/>\n\t<meta name=\"twitter:label2\" content=\"Est. tempo de leitura\" \/>\n\t<meta name=\"twitter:data2\" content=\"3 minutos\" \/>\n<script type=\"application\/ld+json\" class=\"yoast-schema-graph\">{\"@context\":\"https:\/\/schema.org\",\"@graph\":[{\"@type\":\"NewsArticle\",\"@id\":\"https:\/\/www.gaveanews.com\/index.php\/2025\/01\/12\/ele-ficara-de-fora-dos-proximos-jogos-do-corinthians\/#article\",\"isPartOf\":{\"@id\":\"https:\/\/www.gaveanews.com\/index.php\/2025\/01\/12\/ele-ficara-de-fora-dos-proximos-jogos-do-corinthians\/\"},\"author\":{\"name\":\"Michel Camargo\",\"@id\":\"https:\/\/www.gaveanews.com\/#\/schema\/person\/6f5583f09aa4bcc9866a7360b5604486\"},\"headline\":\"Ele ficar\u00e1 de fora dos pr\u00f3ximos jogos do Corinthians\",\"datePublished\":\"2025-01-12T18:49:51+00:00\",\"dateModified\":\"2025-01-12T18:49:54+00:00\",\"mainEntityOfPage\":{\"@id\":\"https:\/\/www.gaveanews.com\/index.php\/2025\/01\/12\/ele-ficara-de-fora-dos-proximos-jogos-do-corinthians\/\"},\"wordCount\":475,\"commentCount\":0,\"image\":{\"@id\":\"https:\/\/www.gaveanews.com\/index.php\/2025\/01\/12\/ele-ficara-de-fora-dos-proximos-jogos-do-corinthians\/#primaryimage\"},\"thumbnailUrl\":\"https:\/\/www.gaveanews.com\/wp-content\/uploads\/Bandeira-do-Corinthians.webp\",\"articleSection\":[\"Corinthians\"],\"inLanguage\":\"pt-BR\",\"potentialAction\":[{\"@type\":\"CommentAction\",\"name\":\"Comment\",\"target\":[\"https:\/\/www.gaveanews.com\/index.php\/2025\/01\/12\/ele-ficara-de-fora-dos-proximos-jogos-do-corinthians\/#respond\"]}],\"copyrightYear\":\"2025\",\"copyrightHolder\":{\"@id\":\"https:\/\/www.gaveanews.com\/#organization\"}},{\"@type\":\"WebPage\",\"@id\":\"https:\/\/www.gaveanews.com\/index.php\/2025\/01\/12\/ele-ficara-de-fora-dos-proximos-jogos-do-corinthians\/\",\"url\":\"https:\/\/www.gaveanews.com\/index.php\/2025\/01\/12\/ele-ficara-de-fora-dos-proximos-jogos-do-corinthians\/\",\"name\":\"Ele ficar\u00e1 de fora dos pr\u00f3ximos jogos do Corinthians\",\"isPartOf\":{\"@id\":\"https:\/\/www.gaveanews.com\/#website\"},\"primaryImageOfPage\":{\"@id\":\"https:\/\/www.gaveanews.com\/index.php\/2025\/01\/12\/ele-ficara-de-fora-dos-proximos-jogos-do-corinthians\/#primaryimage\"},\"image\":{\"@id\":\"https:\/\/www.gaveanews.com\/index.php\/2025\/01\/12\/ele-ficara-de-fora-dos-proximos-jogos-do-corinthians\/#primaryimage\"},\"thumbnailUrl\":\"https:\/\/www.gaveanews.com\/wp-content\/uploads\/Bandeira-do-Corinthians.webp\",\"datePublished\":\"2025-01-12T18:49:51+00:00\",\"dateModified\":\"2025-01-12T18:49:54+00:00\",\"author\":{\"@id\":\"https:\/\/www.gaveanews.com\/#\/schema\/person\/6f5583f09aa4bcc9866a7360b5604486\"},\"breadcrumb\":{\"@id\":\"https:\/\/www.gaveanews.com\/index.php\/2025\/01\/12\/ele-ficara-de-fora-dos-proximos-jogos-do-corinthians\/#breadcrumb\"},\"inLanguage\":\"pt-BR\",\"potentialAction\":[{\"@type\":\"ReadAction\",\"target\":[\"https:\/\/www.gaveanews.com\/index.php\/2025\/01\/12\/ele-ficara-de-fora-dos-proximos-jogos-do-corinthians\/\"]}]},{\"@type\":\"ImageObject\",\"inLanguage\":\"pt-BR\",\"@id\":\"https:\/\/www.gaveanews.com\/index.php\/2025\/01\/12\/ele-ficara-de-fora-dos-proximos-jogos-do-corinthians\/#primaryimage\",\"url\":\"https:\/\/www.gaveanews.com\/wp-content\/uploads\/Bandeira-do-Corinthians.webp\",\"contentUrl\":\"https:\/\/www.gaveanews.com\/wp-content\/uploads\/Bandeira-do-Corinthians.webp\",\"width\":1048,\"height\":699,\"caption\":\"Bandeira do Corinthians (Foto Reprodu\u00e7\u00e3o\/Instagram)\"},{\"@type\":\"BreadcrumbList\",\"@id\":\"https:\/\/www.gaveanews.com\/index.php\/2025\/01\/12\/ele-ficara-de-fora-dos-proximos-jogos-do-corinthians\/#breadcrumb\",\"itemListElement\":[{\"@type\":\"ListItem\",\"position\":1,\"name\":\"Home\",\"item\":\"https:\/\/www.gaveanews.com\/\"},{\"@type\":\"ListItem\",\"position\":2,\"name\":\"Ele ficar\u00e1 de fora dos pr\u00f3ximos jogos do Corinthians\"}]},{\"@type\":\"WebSite\",\"@id\":\"https:\/\/www.gaveanews.com\/#website\",\"url\":\"https:\/\/www.gaveanews.com\/\",\"name\":\"G\u00e1vea News\",\"description\":\"Veja todas as not\u00edcias sobre o Flamengo: Contrata\u00e7\u00f5es, categorias de base, resultados das partidas, tabela de classifica\u00e7\u00e3o, pr\u00f3ximos jogos!\",\"potentialAction\":[{\"@type\":\"SearchAction\",\"target\":{\"@type\":\"EntryPoint\",\"urlTemplate\":\"https:\/\/www.gaveanews.com\/?s={search_term_string}\"},\"query-input\":{\"@type\":\"PropertyValueSpecification\",\"valueRequired\":true,\"valueName\":\"search_term_string\"}}],\"inLanguage\":\"pt-BR\"},{\"@type\":\"Person\",\"@id\":\"https:\/\/www.gaveanews.com\/#\/schema\/person\/6f5583f09aa4bcc9866a7360b5604486\",\"name\":\"Michel Camargo\",\"image\":{\"@type\":\"ImageObject\",\"inLanguage\":\"pt-BR\",\"@id\":\"https:\/\/www.gaveanews.com\/#\/schema\/person\/image\/\",\"url\":\"https:\/\/secure.gravatar.com\/avatar\/59285e68c26a1d55b30461b1bb1cc6534e5c51ef836b39890a73916a1db2d486?s=96&d=mm&r=g\",\"contentUrl\":\"https:\/\/secure.gravatar.com\/avatar\/59285e68c26a1d55b30461b1bb1cc6534e5c51ef836b39890a73916a1db2d486?s=96&d=mm&r=g\",\"caption\":\"Michel Camargo\"}}]}<\/script>\n<!-- \/ Yoast SEO Premium plugin. -->","yoast_head_json":{"title":"Ele ficar\u00e1 de fora dos pr\u00f3ximos jogos do Corinthians","robots":{"index":"index","follow":"follow","max-snippet":"max-snippet:-1","max-image-preview":"max-image-preview:large","max-video-preview":"max-video-preview:-1"},"canonical":"https:\/\/www.gaveanews.com\/index.php\/2025\/01\/12\/ele-ficara-de-fora-dos-proximos-jogos-do-corinthians\/","og_locale":"pt_BR","og_type":"article","og_title":"Ele ficar\u00e1 de fora dos pr\u00f3ximos jogos do Corinthians","og_description":"Rodrigo Garro, meia do Corinthians, est\u00e1 fora dos pr\u00f3ximos jogos da equipe devido a um problema f\u00edsico. Desde abril de 2024, o jogador vem sentindo desconforto no joelho, mas somente em dezembro do mesmo ano iniciou o tratamento de sua les\u00e3o. Ele esta tratando de uma tendinopatia patelar, contus\u00e3o que n\u00e3o \u00e9 t\u00e3o simples, e [&hellip;]","og_url":"https:\/\/www.gaveanews.com\/index.php\/2025\/01\/12\/ele-ficara-de-fora-dos-proximos-jogos-do-corinthians\/","og_site_name":"G\u00e1vea News","article_publisher":"https:\/\/facebook.com\/gaveaNews\/","article_published_time":"2025-01-12T18:49:51+00:00","article_modified_time":"2025-01-12T18:49:54+00:00","og_image":[{"width":1048,"height":699,"url":"https:\/\/www.gaveanews.com\/wp-content\/uploads\/Bandeira-do-Corinthians.webp","type":"image\/webp"}],"author":"Michel Camargo","twitter_card":"summary_large_image","twitter_misc":{"Escrito por":"Michel Camargo","Est. tempo de leitura":"3 minutos"},"schema":{"@context":"https:\/\/schema.org","@graph":[{"@type":"NewsArticle","@id":"https:\/\/www.gaveanews.com\/index.php\/2025\/01\/12\/ele-ficara-de-fora-dos-proximos-jogos-do-corinthians\/#article","isPartOf":{"@id":"https:\/\/www.gaveanews.com\/index.php\/2025\/01\/12\/ele-ficara-de-fora-dos-proximos-jogos-do-corinthians\/"},"author":{"name":"Michel Camargo","@id":"https:\/\/www.gaveanews.com\/#\/schema\/person\/6f5583f09aa4bcc9866a7360b5604486"},"headline":"Ele ficar\u00e1 de fora dos pr\u00f3ximos jogos do Corinthians","datePublished":"2025-01-12T18:49:51+00:00","dateModified":"2025-01-12T18:49:54+00:00","mainEntityOfPage":{"@id":"https:\/\/www.gaveanews.com\/index.php\/2025\/01\/12\/ele-ficara-de-fora-dos-proximos-jogos-do-corinthians\/"},"wordCount":475,"commentCount":0,"image":{"@id":"https:\/\/www.gaveanews.com\/index.php\/2025\/01\/12\/ele-ficara-de-fora-dos-proximos-jogos-do-corinthians\/#primaryimage"},"thumbnailUrl":"https:\/\/www.gaveanews.com\/wp-content\/uploads\/Bandeira-do-Corinthians.webp","articleSection":["Corinthians"],"inLanguage":"pt-BR","potentialAction":[{"@type":"CommentAction","name":"Comment","target":["https:\/\/www.gaveanews.com\/index.php\/2025\/01\/12\/ele-ficara-de-fora-dos-proximos-jogos-do-corinthians\/#respond"]}],"copyrightYear":"2025","copyrightHolder":{"@id":"https:\/\/www.gaveanews.com\/#organization"}},{"@type":"WebPage","@id":"https:\/\/www.gaveanews.com\/index.php\/2025\/01\/12\/ele-ficara-de-fora-dos-proximos-jogos-do-corinthians\/","url":"https:\/\/www.gaveanews.com\/index.php\/2025\/01\/12\/ele-ficara-de-fora-dos-proximos-jogos-do-corinthians\/","name":"Ele ficar\u00e1 de fora dos pr\u00f3ximos jogos do Corinthians","isPartOf":{"@id":"https:\/\/www.gaveanews.com\/#website"},"primaryImageOfPage":{"@id":"https:\/\/www.gaveanews.com\/index.php\/2025\/01\/12\/ele-ficara-de-fora-dos-proximos-jogos-do-corinthians\/#primaryimage"},"image":{"@id":"https:\/\/www.gaveanews.com\/index.php\/2025\/01\/12\/ele-ficara-de-fora-dos-proximos-jogos-do-corinthians\/#primaryimage"},"thumbnailUrl":"https:\/\/www.gaveanews.com\/wp-content\/uploads\/Bandeira-do-Corinthians.webp","datePublished":"2025-01-12T18:49:51+00:00","dateModified":"2025-01-12T18:49:54+00:00","author":{"@id":"https:\/\/www.gaveanews.com\/#\/schema\/person\/6f5583f09aa4bcc9866a7360b5604486"},"breadcrumb":{"@id":"https:\/\/www.gaveanews.com\/index.php\/2025\/01\/12\/ele-ficara-de-fora-dos-proximos-jogos-do-corinthians\/#breadcrumb"},"inLanguage":"pt-BR","potentialAction":[{"@type":"ReadAction","target":["https:\/\/www.gaveanews.com\/index.php\/2025\/01\/12\/ele-ficara-de-fora-dos-proximos-jogos-do-corinthians\/"]}]},{"@type":"ImageObject","inLanguage":"pt-BR","@id":"https:\/\/www.gaveanews.com\/index.php\/2025\/01\/12\/ele-ficara-de-fora-dos-proximos-jogos-do-corinthians\/#primaryimage","url":"https:\/\/www.gaveanews.com\/wp-content\/uploads\/Bandeira-do-Corinthians.webp","contentUrl":"https:\/\/www.gaveanews.com\/wp-content\/uploads\/Bandeira-do-Corinthians.webp","width":1048,"height":699,"caption":"Bandeira do Corinthians (Foto Reprodu\u00e7\u00e3o\/Instagram)"},{"@type":"BreadcrumbList","@id":"https:\/\/www.gaveanews.com\/index.php\/2025\/01\/12\/ele-ficara-de-fora-dos-proximos-jogos-do-corinthians\/#breadcrumb","itemListElement":[{"@type":"ListItem","position":1,"name":"Home","item":"https:\/\/www.gaveanews.com\/"},{"@type":"ListItem","position":2,"name":"Ele ficar\u00e1 de fora dos pr\u00f3ximos jogos do Corinthians"}]},{"@type":"WebSite","@id":"https:\/\/www.gaveanews.com\/#website","url":"https:\/\/www.gaveanews.com\/","name":"G\u00e1vea News","description":"Veja todas as not\u00edcias sobre o Flamengo: Contrata\u00e7\u00f5es, categorias de base, resultados das partidas, tabela de classifica\u00e7\u00e3o, pr\u00f3ximos jogos!","potentialAction":[{"@type":"SearchAction","target":{"@type":"EntryPoint","urlTemplate":"https:\/\/www.gaveanews.com\/?s={search_term_string}"},"query-input":{"@type":"PropertyValueSpecification","valueRequired":true,"valueName":"search_term_string"}}],"inLanguage":"pt-BR"},{"@type":"Person","@id":"https:\/\/www.gaveanews.com\/#\/schema\/person\/6f5583f09aa4bcc9866a7360b5604486","name":"Michel Camargo","image":{"@type":"ImageObject","inLanguage":"pt-BR","@id":"https:\/\/www.gaveanews.com\/#\/schema\/person\/image\/","url":"https:\/\/secure.gravatar.com\/avatar\/59285e68c26a1d55b30461b1bb1cc6534e5c51ef836b39890a73916a1db2d486?s=96&d=mm&r=g","contentUrl":"https:\/\/secure.gravatar.com\/avatar\/59285e68c26a1d55b30461b1bb1cc6534e5c51ef836b39890a73916a1db2d486?s=96&d=mm&r=g","caption":"Michel Camargo"}}]}},"_links":{"self":[{"href":"https:\/\/www.gaveanews.com\/index.php\/wp-json\/wp\/v2\/posts\/211607","targetHints":{"allow":["GET"]}}],"collection":[{"href":"https:\/\/www.gaveanews.com\/index.php\/wp-json\/wp\/v2\/posts"}],"about":[{"href":"https:\/\/www.gaveanews.com\/index.php\/wp-json\/wp\/v2\/types\/post"}],"author":[{"embeddable":true,"href":"https:\/\/www.gaveanews.com\/index.php\/wp-json\/wp\/v2\/users\/31"}],"replies":[{"embeddable":true,"href":"https:\/\/www.gaveanews.com\/index.php\/wp-json\/wp\/v2\/comments?post=211607"}],"version-history":[{"count":1,"href":"https:\/\/www.gaveanews.com\/index.php\/wp-json\/wp\/v2\/posts\/211607\/revisions"}],"predecessor-version":[{"id":211617,"href":"https:\/\/www.gaveanews.com\/index.php\/wp-json\/wp\/v2\/posts\/211607\/revisions\/211617"}],"wp:featuredmedia":[{"embeddable":true,"href":"https:\/\/www.gaveanews.com\/index.php\/wp-json\/wp\/v2\/media\/146952"}],"wp:attachment":[{"href":"https:\/\/www.gaveanews.com\/index.php\/wp-json\/wp\/v2\/media?parent=211607"}],"wp:term":[{"taxonomy":"category","embeddable":true,"href":"https:\/\/www.gaveanews.com\/index.php\/wp-json\/wp\/v2\/categories?post=211607"},{"taxonomy":"post_tag","embeddable":true,"href":"https:\/\/www.gaveanews.com\/index.php\/wp-json\/wp\/v2\/tags?post=211607"}],"curies":[{"name":"wp","href":"https:\/\/api.w.org\/{rel}","templated":true}]}}