{"id":211622,"date":"2025-01-12T16:54:08","date_gmt":"2025-01-12T19:54:08","guid":{"rendered":"https:\/\/www.gaveanews.com\/?p=211622"},"modified":"2025-01-12T16:54:11","modified_gmt":"2025-01-12T19:54:11","slug":"agora-atletico-mg-encaminha-mais-uma-saida","status":"publish","type":"post","link":"https:\/\/www.gaveanews.com\/index.php\/2025\/01\/12\/agora-atletico-mg-encaminha-mais-uma-saida\/","title":{"rendered":"AGORA: Atl\u00e9tico-MG encaminha mais uma sa\u00edda"},"content":{"rendered":"\n<p>Rodrigo Battaglia ter\u00e1 a sa\u00edda oficializada pelo\u00a0Atl\u00e9tico-MG\u00a0logo. Na manh\u00e3 deste domingo (12), ele passou por exames m\u00e9dicos, na Argentina, para assinar contrato com o Boca Juniors. O jogador chegou na cl\u00ednica, no centro de Buenos Aires, acompanhado de membros do seu staff e de funcion\u00e1rios do Boca. <\/p>\n\n\n\n<ul class=\"wp-block-list\">\n<li><a href=\"https:\/\/www.gaveanews.com\/index.php\/2025\/01\/11\/alan-franco-alisson-fausto-vera-gabriel-menino-guilherme-arana-gustavo-scarpa-junior-alonso-matias-zaracho-otavio-rubens-os-jogadores-mais-valiosos-do-atletico-mg\/\">Alan Franco, Alisson, Fausto Vera, Gabriel Menino, Guilherme Arana, Gustavo Scarpa, J\u00fanior Alonso, Mat\u00edas Zaracho, Ot\u00e1vio, Rubens: os jogadores mais valiosos do Atl\u00e9tico-MG<\/a><\/li>\n\n\n\n<li><a href=\"https:\/\/www.gaveanews.com\/index.php\/2025\/01\/10\/hulk-pede-reforcos-a-diretoria-do-atletico-mg\/\">Hulk pede refor\u00e7os \u00e0 diretoria do Atl\u00e9tico-MG<\/a><\/li>\n<\/ul>\n\n\n\n<p>Battaglia falou sobre sair do Galo. &#8220;Estou contente no passo da minha carreira. Foram dias muito dif\u00edceis. Claramente (\u00e9 um sonho). Estou muito emocionado. Quero fazer a revis\u00e3o m\u00e9dica e conhecer os meus companheiros&#8221;- disse o volante ap\u00f3s sua chegada at\u00e9 a capital argentina, cidade do seu mais novo clube.<\/p>\n\n\n\n<h2 class=\"wp-block-heading\" id=\"h-sobre-a-negociacao-dos-times\">Sobre a negocia\u00e7\u00e3o dos times<\/h2>\n\n\n\n<p>Rodrigo Battaglia tem contrato at\u00e9 o final desse ano com o Atl\u00e9tico-MG. Na negocia\u00e7\u00e3o com o Boca Juniors, o\u00a0Galo ainda receber\u00e1 cerca de US$ 1 milh\u00e3o (R$ 6,08 milh\u00f5es) pela transa\u00e7\u00e3o. O Alvinegro mineiro ainda tentou a perman\u00eancia do jogador, mas o desejo do atleta pesou bastante durante a negocia\u00e7\u00e3o.<\/p>\n\n\n\n<p>Com isso, aumentou a lista de sa\u00eddas do Atl\u00e9tico Mineiro, oito jogadores n\u00e3o permanecer\u00e3o na equipe para a temporada de 2025. Os atletas que n\u00e3o ficaram na equipe do time de minas s\u00e3o: O goleiro Matheus Mendes, o lateral Mariano, o zagueiro Maur\u00edcio Lemos, o meia Zaracho, e os atacantes Paulinho, Vargas e Kardec.<\/p>\n\n\n\n<h2 class=\"wp-block-heading\" id=\"h-passagem-de-battaglia-no-galo\">Passagem de Battaglia no Galo<\/h2>\n\n\n\n<p>Chegando ao Atl\u00e9tico-MG em 2023, o  volante foi indicado por Eduardo Coudet. Na \u00e9poca, o Alvinegro pagou cerca de 800 mil euros (cerca de R$ 4,4 milh\u00f5es) para quitar a multa rescis\u00f3ria do volante argentino. J\u00e1 em 2024, viveu a temporada mais consistente pelo clube, mudou de posi\u00e7\u00e3o e atuou como zagueiro central, o que deu muito certo. Se firmou na defesa e foi um dos protagonistas da equipe.<\/p>\n\n\n\n<p>Rodrigo Battaglia teve uma passagem marcante pelo Atl\u00e9tico, participando de 56 partidas e marcando quatro gols durante seu tempo no clube. Desses gols, dois foram em momentos decisivos, em mata-matas de competi\u00e7\u00f5es importantes como a Libertadores e a Copa do Brasil. O atleta foi o segundo jogador com mais jogos como titular no time.<\/p>\n","protected":false},"excerpt":{"rendered":"<p>Rodrigo Battaglia ter\u00e1 a sa\u00edda oficializada pelo\u00a0Atl\u00e9tico-MG\u00a0logo. Na manh\u00e3 deste domingo (12), ele passou por exames m\u00e9dicos, na Argentina, para assinar contrato com o Boca Juniors. O jogador chegou na cl\u00ednica, no centro de Buenos Aires, acompanhado de membros do seu staff e de funcion\u00e1rios do Boca. Battaglia falou sobre sair do Galo. &#8220;Estou contente [&hellip;]<\/p>\n","protected":false},"author":31,"featured_media":157061,"comment_status":"open","ping_status":"closed","sticky":false,"template":"","format":"standard","meta":{"footnotes":""},"categories":[136],"tags":[],"class_list":["post-211622","post","type-post","status-publish","format-standard","has-post-thumbnail","hentry","category-atletico-mg"],"yoast_head":"<!-- This site is optimized with the Yoast SEO Premium plugin v24.2 (Yoast SEO v26.9) - https:\/\/yoast.com\/product\/yoast-seo-premium-wordpress\/ -->\n<title>AGORA: Atl\u00e9tico-MG encaminha mais uma sa\u00edda<\/title>\n<meta name=\"robots\" content=\"index, follow, max-snippet:-1, max-image-preview:large, max-video-preview:-1\" \/>\n<link rel=\"canonical\" href=\"https:\/\/www.gaveanews.com\/index.php\/2025\/01\/12\/agora-atletico-mg-encaminha-mais-uma-saida\/\" \/>\n<meta property=\"og:locale\" content=\"pt_BR\" \/>\n<meta property=\"og:type\" content=\"article\" \/>\n<meta property=\"og:title\" content=\"AGORA: Atl\u00e9tico-MG encaminha mais uma sa\u00edda\" \/>\n<meta property=\"og:description\" content=\"Rodrigo Battaglia ter\u00e1 a sa\u00edda oficializada pelo\u00a0Atl\u00e9tico-MG\u00a0logo. Na manh\u00e3 deste domingo (12), ele passou por exames m\u00e9dicos, na Argentina, para assinar contrato com o Boca Juniors. O jogador chegou na cl\u00ednica, no centro de Buenos Aires, acompanhado de membros do seu staff e de funcion\u00e1rios do Boca. Battaglia falou sobre sair do Galo. &#8220;Estou contente [&hellip;]\" \/>\n<meta property=\"og:url\" content=\"https:\/\/www.gaveanews.com\/index.php\/2025\/01\/12\/agora-atletico-mg-encaminha-mais-uma-saida\/\" \/>\n<meta property=\"og:site_name\" content=\"G\u00e1vea News\" \/>\n<meta property=\"article:publisher\" content=\"https:\/\/facebook.com\/gaveaNews\/\" \/>\n<meta property=\"article:published_time\" content=\"2025-01-12T19:54:08+00:00\" \/>\n<meta property=\"article:modified_time\" content=\"2025-01-12T19:54:11+00:00\" \/>\n<meta property=\"og:image\" content=\"https:\/\/www.gaveanews.com\/wp-content\/uploads\/Camisa-do-Atletico-MG.webp\" \/>\n\t<meta property=\"og:image:width\" content=\"1080\" \/>\n\t<meta property=\"og:image:height\" content=\"720\" \/>\n\t<meta property=\"og:image:type\" content=\"image\/webp\" \/>\n<meta name=\"author\" content=\"Michel Camargo\" \/>\n<meta name=\"twitter:card\" content=\"summary_large_image\" \/>\n<meta name=\"twitter:label1\" content=\"Escrito por\" \/>\n\t<meta name=\"twitter:data1\" content=\"Michel Camargo\" \/>\n\t<meta name=\"twitter:label2\" content=\"Est. tempo de leitura\" \/>\n\t<meta name=\"twitter:data2\" content=\"3 minutos\" \/>\n<script type=\"application\/ld+json\" class=\"yoast-schema-graph\">{\"@context\":\"https:\/\/schema.org\",\"@graph\":[{\"@type\":\"NewsArticle\",\"@id\":\"https:\/\/www.gaveanews.com\/index.php\/2025\/01\/12\/agora-atletico-mg-encaminha-mais-uma-saida\/#article\",\"isPartOf\":{\"@id\":\"https:\/\/www.gaveanews.com\/index.php\/2025\/01\/12\/agora-atletico-mg-encaminha-mais-uma-saida\/\"},\"author\":{\"name\":\"Michel Camargo\",\"@id\":\"https:\/\/www.gaveanews.com\/#\/schema\/person\/6f5583f09aa4bcc9866a7360b5604486\"},\"headline\":\"AGORA: Atl\u00e9tico-MG encaminha mais uma sa\u00edda\",\"datePublished\":\"2025-01-12T19:54:08+00:00\",\"dateModified\":\"2025-01-12T19:54:11+00:00\",\"mainEntityOfPage\":{\"@id\":\"https:\/\/www.gaveanews.com\/index.php\/2025\/01\/12\/agora-atletico-mg-encaminha-mais-uma-saida\/\"},\"wordCount\":401,\"commentCount\":0,\"image\":{\"@id\":\"https:\/\/www.gaveanews.com\/index.php\/2025\/01\/12\/agora-atletico-mg-encaminha-mais-uma-saida\/#primaryimage\"},\"thumbnailUrl\":\"https:\/\/www.gaveanews.com\/wp-content\/uploads\/Camisa-do-Atletico-MG.webp\",\"articleSection\":[\"Atl\u00e9tico-MG\"],\"inLanguage\":\"pt-BR\",\"potentialAction\":[{\"@type\":\"CommentAction\",\"name\":\"Comment\",\"target\":[\"https:\/\/www.gaveanews.com\/index.php\/2025\/01\/12\/agora-atletico-mg-encaminha-mais-uma-saida\/#respond\"]}],\"copyrightYear\":\"2025\",\"copyrightHolder\":{\"@id\":\"https:\/\/www.gaveanews.com\/#organization\"}},{\"@type\":\"WebPage\",\"@id\":\"https:\/\/www.gaveanews.com\/index.php\/2025\/01\/12\/agora-atletico-mg-encaminha-mais-uma-saida\/\",\"url\":\"https:\/\/www.gaveanews.com\/index.php\/2025\/01\/12\/agora-atletico-mg-encaminha-mais-uma-saida\/\",\"name\":\"AGORA: Atl\u00e9tico-MG encaminha mais uma sa\u00edda\",\"isPartOf\":{\"@id\":\"https:\/\/www.gaveanews.com\/#website\"},\"primaryImageOfPage\":{\"@id\":\"https:\/\/www.gaveanews.com\/index.php\/2025\/01\/12\/agora-atletico-mg-encaminha-mais-uma-saida\/#primaryimage\"},\"image\":{\"@id\":\"https:\/\/www.gaveanews.com\/index.php\/2025\/01\/12\/agora-atletico-mg-encaminha-mais-uma-saida\/#primaryimage\"},\"thumbnailUrl\":\"https:\/\/www.gaveanews.com\/wp-content\/uploads\/Camisa-do-Atletico-MG.webp\",\"datePublished\":\"2025-01-12T19:54:08+00:00\",\"dateModified\":\"2025-01-12T19:54:11+00:00\",\"author\":{\"@id\":\"https:\/\/www.gaveanews.com\/#\/schema\/person\/6f5583f09aa4bcc9866a7360b5604486\"},\"breadcrumb\":{\"@id\":\"https:\/\/www.gaveanews.com\/index.php\/2025\/01\/12\/agora-atletico-mg-encaminha-mais-uma-saida\/#breadcrumb\"},\"inLanguage\":\"pt-BR\",\"potentialAction\":[{\"@type\":\"ReadAction\",\"target\":[\"https:\/\/www.gaveanews.com\/index.php\/2025\/01\/12\/agora-atletico-mg-encaminha-mais-uma-saida\/\"]}]},{\"@type\":\"ImageObject\",\"inLanguage\":\"pt-BR\",\"@id\":\"https:\/\/www.gaveanews.com\/index.php\/2025\/01\/12\/agora-atletico-mg-encaminha-mais-uma-saida\/#primaryimage\",\"url\":\"https:\/\/www.gaveanews.com\/wp-content\/uploads\/Camisa-do-Atletico-MG.webp\",\"contentUrl\":\"https:\/\/www.gaveanews.com\/wp-content\/uploads\/Camisa-do-Atletico-MG.webp\",\"width\":1080,\"height\":720,\"caption\":\"Camisa do Atl\u00e9tico-MG (Foto: Reprodu\u00e7\u00e3o\/Instagram)\"},{\"@type\":\"BreadcrumbList\",\"@id\":\"https:\/\/www.gaveanews.com\/index.php\/2025\/01\/12\/agora-atletico-mg-encaminha-mais-uma-saida\/#breadcrumb\",\"itemListElement\":[{\"@type\":\"ListItem\",\"position\":1,\"name\":\"Home\",\"item\":\"https:\/\/www.gaveanews.com\/\"},{\"@type\":\"ListItem\",\"position\":2,\"name\":\"AGORA: Atl\u00e9tico-MG encaminha mais uma sa\u00edda\"}]},{\"@type\":\"WebSite\",\"@id\":\"https:\/\/www.gaveanews.com\/#website\",\"url\":\"https:\/\/www.gaveanews.com\/\",\"name\":\"G\u00e1vea News\",\"description\":\"Veja todas as not\u00edcias sobre o Flamengo: Contrata\u00e7\u00f5es, categorias de base, resultados das partidas, tabela de classifica\u00e7\u00e3o, pr\u00f3ximos jogos!\",\"potentialAction\":[{\"@type\":\"SearchAction\",\"target\":{\"@type\":\"EntryPoint\",\"urlTemplate\":\"https:\/\/www.gaveanews.com\/?s={search_term_string}\"},\"query-input\":{\"@type\":\"PropertyValueSpecification\",\"valueRequired\":true,\"valueName\":\"search_term_string\"}}],\"inLanguage\":\"pt-BR\"},{\"@type\":\"Person\",\"@id\":\"https:\/\/www.gaveanews.com\/#\/schema\/person\/6f5583f09aa4bcc9866a7360b5604486\",\"name\":\"Michel Camargo\",\"image\":{\"@type\":\"ImageObject\",\"inLanguage\":\"pt-BR\",\"@id\":\"https:\/\/www.gaveanews.com\/#\/schema\/person\/image\/\",\"url\":\"https:\/\/secure.gravatar.com\/avatar\/59285e68c26a1d55b30461b1bb1cc6534e5c51ef836b39890a73916a1db2d486?s=96&d=mm&r=g\",\"contentUrl\":\"https:\/\/secure.gravatar.com\/avatar\/59285e68c26a1d55b30461b1bb1cc6534e5c51ef836b39890a73916a1db2d486?s=96&d=mm&r=g\",\"caption\":\"Michel Camargo\"}}]}<\/script>\n<!-- \/ Yoast SEO Premium plugin. -->","yoast_head_json":{"title":"AGORA: Atl\u00e9tico-MG encaminha mais uma sa\u00edda","robots":{"index":"index","follow":"follow","max-snippet":"max-snippet:-1","max-image-preview":"max-image-preview:large","max-video-preview":"max-video-preview:-1"},"canonical":"https:\/\/www.gaveanews.com\/index.php\/2025\/01\/12\/agora-atletico-mg-encaminha-mais-uma-saida\/","og_locale":"pt_BR","og_type":"article","og_title":"AGORA: Atl\u00e9tico-MG encaminha mais uma sa\u00edda","og_description":"Rodrigo Battaglia ter\u00e1 a sa\u00edda oficializada pelo\u00a0Atl\u00e9tico-MG\u00a0logo. Na manh\u00e3 deste domingo (12), ele passou por exames m\u00e9dicos, na Argentina, para assinar contrato com o Boca Juniors. O jogador chegou na cl\u00ednica, no centro de Buenos Aires, acompanhado de membros do seu staff e de funcion\u00e1rios do Boca. Battaglia falou sobre sair do Galo. &#8220;Estou contente [&hellip;]","og_url":"https:\/\/www.gaveanews.com\/index.php\/2025\/01\/12\/agora-atletico-mg-encaminha-mais-uma-saida\/","og_site_name":"G\u00e1vea News","article_publisher":"https:\/\/facebook.com\/gaveaNews\/","article_published_time":"2025-01-12T19:54:08+00:00","article_modified_time":"2025-01-12T19:54:11+00:00","og_image":[{"width":1080,"height":720,"url":"https:\/\/www.gaveanews.com\/wp-content\/uploads\/Camisa-do-Atletico-MG.webp","type":"image\/webp"}],"author":"Michel Camargo","twitter_card":"summary_large_image","twitter_misc":{"Escrito por":"Michel Camargo","Est. tempo de leitura":"3 minutos"},"schema":{"@context":"https:\/\/schema.org","@graph":[{"@type":"NewsArticle","@id":"https:\/\/www.gaveanews.com\/index.php\/2025\/01\/12\/agora-atletico-mg-encaminha-mais-uma-saida\/#article","isPartOf":{"@id":"https:\/\/www.gaveanews.com\/index.php\/2025\/01\/12\/agora-atletico-mg-encaminha-mais-uma-saida\/"},"author":{"name":"Michel Camargo","@id":"https:\/\/www.gaveanews.com\/#\/schema\/person\/6f5583f09aa4bcc9866a7360b5604486"},"headline":"AGORA: Atl\u00e9tico-MG encaminha mais uma sa\u00edda","datePublished":"2025-01-12T19:54:08+00:00","dateModified":"2025-01-12T19:54:11+00:00","mainEntityOfPage":{"@id":"https:\/\/www.gaveanews.com\/index.php\/2025\/01\/12\/agora-atletico-mg-encaminha-mais-uma-saida\/"},"wordCount":401,"commentCount":0,"image":{"@id":"https:\/\/www.gaveanews.com\/index.php\/2025\/01\/12\/agora-atletico-mg-encaminha-mais-uma-saida\/#primaryimage"},"thumbnailUrl":"https:\/\/www.gaveanews.com\/wp-content\/uploads\/Camisa-do-Atletico-MG.webp","articleSection":["Atl\u00e9tico-MG"],"inLanguage":"pt-BR","potentialAction":[{"@type":"CommentAction","name":"Comment","target":["https:\/\/www.gaveanews.com\/index.php\/2025\/01\/12\/agora-atletico-mg-encaminha-mais-uma-saida\/#respond"]}],"copyrightYear":"2025","copyrightHolder":{"@id":"https:\/\/www.gaveanews.com\/#organization"}},{"@type":"WebPage","@id":"https:\/\/www.gaveanews.com\/index.php\/2025\/01\/12\/agora-atletico-mg-encaminha-mais-uma-saida\/","url":"https:\/\/www.gaveanews.com\/index.php\/2025\/01\/12\/agora-atletico-mg-encaminha-mais-uma-saida\/","name":"AGORA: Atl\u00e9tico-MG encaminha mais uma sa\u00edda","isPartOf":{"@id":"https:\/\/www.gaveanews.com\/#website"},"primaryImageOfPage":{"@id":"https:\/\/www.gaveanews.com\/index.php\/2025\/01\/12\/agora-atletico-mg-encaminha-mais-uma-saida\/#primaryimage"},"image":{"@id":"https:\/\/www.gaveanews.com\/index.php\/2025\/01\/12\/agora-atletico-mg-encaminha-mais-uma-saida\/#primaryimage"},"thumbnailUrl":"https:\/\/www.gaveanews.com\/wp-content\/uploads\/Camisa-do-Atletico-MG.webp","datePublished":"2025-01-12T19:54:08+00:00","dateModified":"2025-01-12T19:54:11+00:00","author":{"@id":"https:\/\/www.gaveanews.com\/#\/schema\/person\/6f5583f09aa4bcc9866a7360b5604486"},"breadcrumb":{"@id":"https:\/\/www.gaveanews.com\/index.php\/2025\/01\/12\/agora-atletico-mg-encaminha-mais-uma-saida\/#breadcrumb"},"inLanguage":"pt-BR","potentialAction":[{"@type":"ReadAction","target":["https:\/\/www.gaveanews.com\/index.php\/2025\/01\/12\/agora-atletico-mg-encaminha-mais-uma-saida\/"]}]},{"@type":"ImageObject","inLanguage":"pt-BR","@id":"https:\/\/www.gaveanews.com\/index.php\/2025\/01\/12\/agora-atletico-mg-encaminha-mais-uma-saida\/#primaryimage","url":"https:\/\/www.gaveanews.com\/wp-content\/uploads\/Camisa-do-Atletico-MG.webp","contentUrl":"https:\/\/www.gaveanews.com\/wp-content\/uploads\/Camisa-do-Atletico-MG.webp","width":1080,"height":720,"caption":"Camisa do Atl\u00e9tico-MG (Foto: Reprodu\u00e7\u00e3o\/Instagram)"},{"@type":"BreadcrumbList","@id":"https:\/\/www.gaveanews.com\/index.php\/2025\/01\/12\/agora-atletico-mg-encaminha-mais-uma-saida\/#breadcrumb","itemListElement":[{"@type":"ListItem","position":1,"name":"Home","item":"https:\/\/www.gaveanews.com\/"},{"@type":"ListItem","position":2,"name":"AGORA: Atl\u00e9tico-MG encaminha mais uma sa\u00edda"}]},{"@type":"WebSite","@id":"https:\/\/www.gaveanews.com\/#website","url":"https:\/\/www.gaveanews.com\/","name":"G\u00e1vea News","description":"Veja todas as not\u00edcias sobre o Flamengo: Contrata\u00e7\u00f5es, categorias de base, resultados das partidas, tabela de classifica\u00e7\u00e3o, pr\u00f3ximos jogos!","potentialAction":[{"@type":"SearchAction","target":{"@type":"EntryPoint","urlTemplate":"https:\/\/www.gaveanews.com\/?s={search_term_string}"},"query-input":{"@type":"PropertyValueSpecification","valueRequired":true,"valueName":"search_term_string"}}],"inLanguage":"pt-BR"},{"@type":"Person","@id":"https:\/\/www.gaveanews.com\/#\/schema\/person\/6f5583f09aa4bcc9866a7360b5604486","name":"Michel Camargo","image":{"@type":"ImageObject","inLanguage":"pt-BR","@id":"https:\/\/www.gaveanews.com\/#\/schema\/person\/image\/","url":"https:\/\/secure.gravatar.com\/avatar\/59285e68c26a1d55b30461b1bb1cc6534e5c51ef836b39890a73916a1db2d486?s=96&d=mm&r=g","contentUrl":"https:\/\/secure.gravatar.com\/avatar\/59285e68c26a1d55b30461b1bb1cc6534e5c51ef836b39890a73916a1db2d486?s=96&d=mm&r=g","caption":"Michel Camargo"}}]}},"_links":{"self":[{"href":"https:\/\/www.gaveanews.com\/index.php\/wp-json\/wp\/v2\/posts\/211622","targetHints":{"allow":["GET"]}}],"collection":[{"href":"https:\/\/www.gaveanews.com\/index.php\/wp-json\/wp\/v2\/posts"}],"about":[{"href":"https:\/\/www.gaveanews.com\/index.php\/wp-json\/wp\/v2\/types\/post"}],"author":[{"embeddable":true,"href":"https:\/\/www.gaveanews.com\/index.php\/wp-json\/wp\/v2\/users\/31"}],"replies":[{"embeddable":true,"href":"https:\/\/www.gaveanews.com\/index.php\/wp-json\/wp\/v2\/comments?post=211622"}],"version-history":[{"count":1,"href":"https:\/\/www.gaveanews.com\/index.php\/wp-json\/wp\/v2\/posts\/211622\/revisions"}],"predecessor-version":[{"id":211623,"href":"https:\/\/www.gaveanews.com\/index.php\/wp-json\/wp\/v2\/posts\/211622\/revisions\/211623"}],"wp:featuredmedia":[{"embeddable":true,"href":"https:\/\/www.gaveanews.com\/index.php\/wp-json\/wp\/v2\/media\/157061"}],"wp:attachment":[{"href":"https:\/\/www.gaveanews.com\/index.php\/wp-json\/wp\/v2\/media?parent=211622"}],"wp:term":[{"taxonomy":"category","embeddable":true,"href":"https:\/\/www.gaveanews.com\/index.php\/wp-json\/wp\/v2\/categories?post=211622"},{"taxonomy":"post_tag","embeddable":true,"href":"https:\/\/www.gaveanews.com\/index.php\/wp-json\/wp\/v2\/tags?post=211622"}],"curies":[{"name":"wp","href":"https:\/\/api.w.org\/{rel}","templated":true}]}}