{"id":211655,"date":"2025-01-13T17:10:00","date_gmt":"2025-01-13T20:10:00","guid":{"rendered":"https:\/\/www.gaveanews.com\/?p=211655"},"modified":"2025-01-13T16:58:23","modified_gmt":"2025-01-13T19:58:23","slug":"apos-empate-na-estreia-carpini-reclama-de-gramado-do-barradao","status":"publish","type":"post","link":"https:\/\/www.gaveanews.com\/index.php\/2025\/01\/13\/apos-empate-na-estreia-carpini-reclama-de-gramado-do-barradao\/","title":{"rendered":"Ap\u00f3s empate na estreia, Carpini reclama de gramado do Barrad\u00e3o"},"content":{"rendered":"\n<h2 class=\"wp-block-heading\" id=\"h-campo-ficou-com-diversas-pocas-de-agua\">Campo ficou com diversas po\u00e7as de \u00e1gua <\/h2>\n\n\n\n<p>No \u00faltimo s\u00e1bado (11), o Vit\u00f3ria fez sua estreia no Campeonato Baiano e ficou apenas no empate com o Barcelona-BA por 0 a 0. O t\u00e9cnico Thiago Carpini reclamou bastante do gramado do Barrad\u00e3o, que ficou encharcado ap\u00f3s fortes chuvas. <\/p>\n\n\n\n<ul class=\"wp-block-list\">\n<li><a href=\"https:\/\/www.gaveanews.com\/index.php\/2025\/01\/10\/vitoria-a-declaracao-de-hugo-em-sua-apresentacao\/\">Vit\u00f3ria: a declara\u00e7\u00e3o de Hugo em sua apresenta\u00e7\u00e3o<\/a><\/li>\n\n\n\n<li><a href=\"https:\/\/www.gaveanews.com\/index.php\/2025\/01\/07\/vitoria-alerrandro-se-despede-do-clube-atraves-das-redes-sociais\/\">Vit\u00f3ria: Alerrandro se despede do clube atrav\u00e9s das redes sociais<\/a><\/li>\n<\/ul>\n\n\n\n<p>Salvador foi alvo de fortes chuvas e com isso, o gramado do Barrad\u00e3o ficou completamente encharcado e com muitas po\u00e7as de \u00e1gua. O treinador disse que o estado do campo prejudicou bastante o jogo. Carpini tamb\u00e9m aproveitou para falar sobre o time modificado que mandou a campo. <\/p>\n\n\n\n<p>&#8220;Esse in\u00edcio \u00e9 importante para oportunizar alguns atletas que tiveram poucas oportunidades. \u00c9 o momento de vermos com quem podemos contar e para eles se ambientarem ao Vit\u00f3ria.\u00a0O campo igualou muito o jogo, qualquer avalia\u00e7\u00e3o hoje \u00e9 muito precoce. \u00c9 muito dif\u00edcil estrear ap\u00f3s cinco dias de treino, e at\u00e9 por isso o desempenho foi satisfat\u00f3rio. O campo atrapalhou, nunca vi o Barrad\u00e3o assim, mas j\u00e1 deu para ter uma no\u00e7\u00e3o de como posso usar esses atletas&#8221;, falou Carpini. <\/p>\n\n\n\n<p>Thiago Carpini promoveu a estreia de alguns refor\u00e7os e aproveitou para comentar sobre a atua\u00e7\u00e3o deles. O treinador tamb\u00e9m afirmou que o clube baiano ainda est\u00e1 no mercado e que ir\u00e1 contratar pelo menos mais tr\u00eas refor\u00e7os. <\/p>\n\n\n\n<p>&#8220;Gosto do trabalho do Ronald, acompanho ele desde o Fortaleza. Fez um grande jogo contra n\u00f3s no Brasileiro do ano passado. A condi\u00e7\u00e3o do gramado n\u00e3o foi boa, mas isso mostra como ele corre pr\u00f3ximo da bola o tempo todo e tenta dar bons passes em profundidade. O Claudinho tamb\u00e9m foi uma contrata\u00e7\u00e3o muito assertiva nossa.\u00a0A gente est\u00e1 com uma equipe bem equipada e vai fechar com uns tr\u00eas atletas ainda nesta primeira janela para montar o elenco&#8221;, comentou. <\/p>\n\n\n\n<p>Pela segunda rodada do estadual, o Vit\u00f3ria ir\u00e1 enfrentar o Juazeirense, no Adauto Moraes, nesta quarta-feira (15) \u00e0s 21h30 (hor\u00e1rio de Bras\u00edlia). Para o confronto, Carpini projeta poder estrear mais alguns refor\u00e7os. <\/p>\n\n\n\n<p>&#8220;Vai ser um trabalho desafiador deixar esse grupo homog\u00eaneo. Fizemos a separa\u00e7\u00e3o para apresentar o grupo em dois momentos diferentes, mas n\u00e3o significa que uns s\u00e3o melhores que outros. Me preocupo com a adapta\u00e7\u00e3o dos atletas que chegaram recentemente e j\u00e1 est\u00e3o na maratona de jogos. Temos amanh\u00e3 para recuperar e j\u00e1 temos que viajar para Juazeiro. \u00c9 o nosso calend\u00e1rio, infelizmente, n\u00e3o tenho o que fazer. Uma hora a conta chega. Talvez outros dois novos atletas joguem contra o Juazeirense para pegar um ritmo.\u00a0A ideia \u00e9 que tenhamos um elenco o mais homog\u00eaneo poss\u00edvel para a temporada&#8221;, finalizou Thiago Carpini. <\/p>\n","protected":false},"excerpt":{"rendered":"<p>Campo ficou com diversas po\u00e7as de \u00e1gua No \u00faltimo s\u00e1bado (11), o Vit\u00f3ria fez sua estreia no Campeonato Baiano e ficou apenas no empate com o Barcelona-BA por 0 a 0. O t\u00e9cnico Thiago Carpini reclamou bastante do gramado do Barrad\u00e3o, que ficou encharcado ap\u00f3s fortes chuvas. Salvador foi alvo de fortes chuvas e com [&hellip;]<\/p>\n","protected":false},"author":21,"featured_media":154111,"comment_status":"open","ping_status":"closed","sticky":false,"template":"","format":"standard","meta":{"footnotes":""},"categories":[153],"tags":[],"class_list":["post-211655","post","type-post","status-publish","format-standard","has-post-thumbnail","hentry","category-vitoria"],"yoast_head":"<!-- This site is optimized with the Yoast SEO Premium plugin v24.2 (Yoast SEO v26.9) - https:\/\/yoast.com\/product\/yoast-seo-premium-wordpress\/ -->\n<title>Ap\u00f3s empate na estreia, Carpini reclama de gramado do Barrad\u00e3o<\/title>\n<meta name=\"robots\" content=\"index, follow, max-snippet:-1, max-image-preview:large, max-video-preview:-1\" \/>\n<link rel=\"canonical\" href=\"https:\/\/www.gaveanews.com\/index.php\/2025\/01\/13\/apos-empate-na-estreia-carpini-reclama-de-gramado-do-barradao\/\" \/>\n<meta property=\"og:locale\" content=\"pt_BR\" \/>\n<meta property=\"og:type\" content=\"article\" \/>\n<meta property=\"og:title\" content=\"Ap\u00f3s empate na estreia, Carpini reclama de gramado do Barrad\u00e3o\" \/>\n<meta property=\"og:description\" content=\"Campo ficou com diversas po\u00e7as de \u00e1gua No \u00faltimo s\u00e1bado (11), o Vit\u00f3ria fez sua estreia no Campeonato Baiano e ficou apenas no empate com o Barcelona-BA por 0 a 0. O t\u00e9cnico Thiago Carpini reclamou bastante do gramado do Barrad\u00e3o, que ficou encharcado ap\u00f3s fortes chuvas. Salvador foi alvo de fortes chuvas e com [&hellip;]\" \/>\n<meta property=\"og:url\" content=\"https:\/\/www.gaveanews.com\/index.php\/2025\/01\/13\/apos-empate-na-estreia-carpini-reclama-de-gramado-do-barradao\/\" \/>\n<meta property=\"og:site_name\" content=\"G\u00e1vea News\" \/>\n<meta property=\"article:publisher\" content=\"https:\/\/facebook.com\/gaveaNews\/\" \/>\n<meta property=\"article:published_time\" content=\"2025-01-13T20:10:00+00:00\" \/>\n<meta property=\"og:image\" content=\"https:\/\/www.gaveanews.com\/wp-content\/uploads\/IMAGEM_NOTICIA_3-1.webp\" \/>\n\t<meta property=\"og:image:width\" content=\"640\" \/>\n\t<meta property=\"og:image:height\" content=\"426\" \/>\n\t<meta property=\"og:image:type\" content=\"image\/jpeg\" \/>\n<meta name=\"author\" content=\"Andr\u00e9 Serra\" \/>\n<meta name=\"twitter:card\" content=\"summary_large_image\" \/>\n<meta name=\"twitter:label1\" content=\"Escrito por\" \/>\n\t<meta name=\"twitter:data1\" content=\"Andr\u00e9 Serra\" \/>\n\t<meta name=\"twitter:label2\" content=\"Est. tempo de leitura\" \/>\n\t<meta name=\"twitter:data2\" content=\"3 minutos\" \/>\n<script type=\"application\/ld+json\" class=\"yoast-schema-graph\">{\"@context\":\"https:\/\/schema.org\",\"@graph\":[{\"@type\":\"NewsArticle\",\"@id\":\"https:\/\/www.gaveanews.com\/index.php\/2025\/01\/13\/apos-empate-na-estreia-carpini-reclama-de-gramado-do-barradao\/#article\",\"isPartOf\":{\"@id\":\"https:\/\/www.gaveanews.com\/index.php\/2025\/01\/13\/apos-empate-na-estreia-carpini-reclama-de-gramado-do-barradao\/\"},\"author\":{\"name\":\"Andr\u00e9 Serra\",\"@id\":\"https:\/\/www.gaveanews.com\/#\/schema\/person\/0277a79a1289c451c281ec0411d84f0c\"},\"headline\":\"Ap\u00f3s empate na estreia, Carpini reclama de gramado do Barrad\u00e3o\",\"datePublished\":\"2025-01-13T20:10:00+00:00\",\"mainEntityOfPage\":{\"@id\":\"https:\/\/www.gaveanews.com\/index.php\/2025\/01\/13\/apos-empate-na-estreia-carpini-reclama-de-gramado-do-barradao\/\"},\"wordCount\":493,\"commentCount\":0,\"image\":{\"@id\":\"https:\/\/www.gaveanews.com\/index.php\/2025\/01\/13\/apos-empate-na-estreia-carpini-reclama-de-gramado-do-barradao\/#primaryimage\"},\"thumbnailUrl\":\"https:\/\/www.gaveanews.com\/wp-content\/uploads\/IMAGEM_NOTICIA_3-1.webp\",\"articleSection\":[\"Vit\u00f3ria\"],\"inLanguage\":\"pt-BR\",\"potentialAction\":[{\"@type\":\"CommentAction\",\"name\":\"Comment\",\"target\":[\"https:\/\/www.gaveanews.com\/index.php\/2025\/01\/13\/apos-empate-na-estreia-carpini-reclama-de-gramado-do-barradao\/#respond\"]}],\"copyrightYear\":\"2025\",\"copyrightHolder\":{\"@id\":\"https:\/\/www.gaveanews.com\/#organization\"}},{\"@type\":\"WebPage\",\"@id\":\"https:\/\/www.gaveanews.com\/index.php\/2025\/01\/13\/apos-empate-na-estreia-carpini-reclama-de-gramado-do-barradao\/\",\"url\":\"https:\/\/www.gaveanews.com\/index.php\/2025\/01\/13\/apos-empate-na-estreia-carpini-reclama-de-gramado-do-barradao\/\",\"name\":\"Ap\u00f3s empate na estreia, Carpini reclama de gramado do Barrad\u00e3o\",\"isPartOf\":{\"@id\":\"https:\/\/www.gaveanews.com\/#website\"},\"primaryImageOfPage\":{\"@id\":\"https:\/\/www.gaveanews.com\/index.php\/2025\/01\/13\/apos-empate-na-estreia-carpini-reclama-de-gramado-do-barradao\/#primaryimage\"},\"image\":{\"@id\":\"https:\/\/www.gaveanews.com\/index.php\/2025\/01\/13\/apos-empate-na-estreia-carpini-reclama-de-gramado-do-barradao\/#primaryimage\"},\"thumbnailUrl\":\"https:\/\/www.gaveanews.com\/wp-content\/uploads\/IMAGEM_NOTICIA_3-1.webp\",\"datePublished\":\"2025-01-13T20:10:00+00:00\",\"author\":{\"@id\":\"https:\/\/www.gaveanews.com\/#\/schema\/person\/0277a79a1289c451c281ec0411d84f0c\"},\"breadcrumb\":{\"@id\":\"https:\/\/www.gaveanews.com\/index.php\/2025\/01\/13\/apos-empate-na-estreia-carpini-reclama-de-gramado-do-barradao\/#breadcrumb\"},\"inLanguage\":\"pt-BR\",\"potentialAction\":[{\"@type\":\"ReadAction\",\"target\":[\"https:\/\/www.gaveanews.com\/index.php\/2025\/01\/13\/apos-empate-na-estreia-carpini-reclama-de-gramado-do-barradao\/\"]}]},{\"@type\":\"ImageObject\",\"inLanguage\":\"pt-BR\",\"@id\":\"https:\/\/www.gaveanews.com\/index.php\/2025\/01\/13\/apos-empate-na-estreia-carpini-reclama-de-gramado-do-barradao\/#primaryimage\",\"url\":\"https:\/\/www.gaveanews.com\/wp-content\/uploads\/IMAGEM_NOTICIA_3-1.webp\",\"contentUrl\":\"https:\/\/www.gaveanews.com\/wp-content\/uploads\/IMAGEM_NOTICIA_3-1.webp\",\"width\":640,\"height\":426,\"caption\":\"Foto: Victor Ferreira\/EC Vit\u00f3ria\"},{\"@type\":\"BreadcrumbList\",\"@id\":\"https:\/\/www.gaveanews.com\/index.php\/2025\/01\/13\/apos-empate-na-estreia-carpini-reclama-de-gramado-do-barradao\/#breadcrumb\",\"itemListElement\":[{\"@type\":\"ListItem\",\"position\":1,\"name\":\"Home\",\"item\":\"https:\/\/www.gaveanews.com\/\"},{\"@type\":\"ListItem\",\"position\":2,\"name\":\"Ap\u00f3s empate na estreia, Carpini reclama de gramado do Barrad\u00e3o\"}]},{\"@type\":\"WebSite\",\"@id\":\"https:\/\/www.gaveanews.com\/#website\",\"url\":\"https:\/\/www.gaveanews.com\/\",\"name\":\"G\u00e1vea News\",\"description\":\"Veja todas as not\u00edcias sobre o Flamengo: Contrata\u00e7\u00f5es, categorias de base, resultados das partidas, tabela de classifica\u00e7\u00e3o, pr\u00f3ximos jogos!\",\"potentialAction\":[{\"@type\":\"SearchAction\",\"target\":{\"@type\":\"EntryPoint\",\"urlTemplate\":\"https:\/\/www.gaveanews.com\/?s={search_term_string}\"},\"query-input\":{\"@type\":\"PropertyValueSpecification\",\"valueRequired\":true,\"valueName\":\"search_term_string\"}}],\"inLanguage\":\"pt-BR\"},{\"@type\":\"Person\",\"@id\":\"https:\/\/www.gaveanews.com\/#\/schema\/person\/0277a79a1289c451c281ec0411d84f0c\",\"name\":\"Andr\u00e9 Serra\",\"image\":{\"@type\":\"ImageObject\",\"inLanguage\":\"pt-BR\",\"@id\":\"https:\/\/www.gaveanews.com\/#\/schema\/person\/image\/\",\"url\":\"https:\/\/secure.gravatar.com\/avatar\/d7231369fe48db93292b3e88eb2162dbd9a34a47a8437d9ef3bcaca2a86a83d7?s=96&d=mm&r=g\",\"contentUrl\":\"https:\/\/secure.gravatar.com\/avatar\/d7231369fe48db93292b3e88eb2162dbd9a34a47a8437d9ef3bcaca2a86a83d7?s=96&d=mm&r=g\",\"caption\":\"Andr\u00e9 Serra\"}}]}<\/script>\n<!-- \/ Yoast SEO Premium plugin. -->","yoast_head_json":{"title":"Ap\u00f3s empate na estreia, Carpini reclama de gramado do Barrad\u00e3o","robots":{"index":"index","follow":"follow","max-snippet":"max-snippet:-1","max-image-preview":"max-image-preview:large","max-video-preview":"max-video-preview:-1"},"canonical":"https:\/\/www.gaveanews.com\/index.php\/2025\/01\/13\/apos-empate-na-estreia-carpini-reclama-de-gramado-do-barradao\/","og_locale":"pt_BR","og_type":"article","og_title":"Ap\u00f3s empate na estreia, Carpini reclama de gramado do Barrad\u00e3o","og_description":"Campo ficou com diversas po\u00e7as de \u00e1gua No \u00faltimo s\u00e1bado (11), o Vit\u00f3ria fez sua estreia no Campeonato Baiano e ficou apenas no empate com o Barcelona-BA por 0 a 0. O t\u00e9cnico Thiago Carpini reclamou bastante do gramado do Barrad\u00e3o, que ficou encharcado ap\u00f3s fortes chuvas. Salvador foi alvo de fortes chuvas e com [&hellip;]","og_url":"https:\/\/www.gaveanews.com\/index.php\/2025\/01\/13\/apos-empate-na-estreia-carpini-reclama-de-gramado-do-barradao\/","og_site_name":"G\u00e1vea News","article_publisher":"https:\/\/facebook.com\/gaveaNews\/","article_published_time":"2025-01-13T20:10:00+00:00","og_image":[{"width":640,"height":426,"url":"https:\/\/www.gaveanews.com\/wp-content\/uploads\/IMAGEM_NOTICIA_3-1.webp","type":"image\/jpeg"}],"author":"Andr\u00e9 Serra","twitter_card":"summary_large_image","twitter_misc":{"Escrito por":"Andr\u00e9 Serra","Est. tempo de leitura":"3 minutos"},"schema":{"@context":"https:\/\/schema.org","@graph":[{"@type":"NewsArticle","@id":"https:\/\/www.gaveanews.com\/index.php\/2025\/01\/13\/apos-empate-na-estreia-carpini-reclama-de-gramado-do-barradao\/#article","isPartOf":{"@id":"https:\/\/www.gaveanews.com\/index.php\/2025\/01\/13\/apos-empate-na-estreia-carpini-reclama-de-gramado-do-barradao\/"},"author":{"name":"Andr\u00e9 Serra","@id":"https:\/\/www.gaveanews.com\/#\/schema\/person\/0277a79a1289c451c281ec0411d84f0c"},"headline":"Ap\u00f3s empate na estreia, Carpini reclama de gramado do Barrad\u00e3o","datePublished":"2025-01-13T20:10:00+00:00","mainEntityOfPage":{"@id":"https:\/\/www.gaveanews.com\/index.php\/2025\/01\/13\/apos-empate-na-estreia-carpini-reclama-de-gramado-do-barradao\/"},"wordCount":493,"commentCount":0,"image":{"@id":"https:\/\/www.gaveanews.com\/index.php\/2025\/01\/13\/apos-empate-na-estreia-carpini-reclama-de-gramado-do-barradao\/#primaryimage"},"thumbnailUrl":"https:\/\/www.gaveanews.com\/wp-content\/uploads\/IMAGEM_NOTICIA_3-1.webp","articleSection":["Vit\u00f3ria"],"inLanguage":"pt-BR","potentialAction":[{"@type":"CommentAction","name":"Comment","target":["https:\/\/www.gaveanews.com\/index.php\/2025\/01\/13\/apos-empate-na-estreia-carpini-reclama-de-gramado-do-barradao\/#respond"]}],"copyrightYear":"2025","copyrightHolder":{"@id":"https:\/\/www.gaveanews.com\/#organization"}},{"@type":"WebPage","@id":"https:\/\/www.gaveanews.com\/index.php\/2025\/01\/13\/apos-empate-na-estreia-carpini-reclama-de-gramado-do-barradao\/","url":"https:\/\/www.gaveanews.com\/index.php\/2025\/01\/13\/apos-empate-na-estreia-carpini-reclama-de-gramado-do-barradao\/","name":"Ap\u00f3s empate na estreia, Carpini reclama de gramado do Barrad\u00e3o","isPartOf":{"@id":"https:\/\/www.gaveanews.com\/#website"},"primaryImageOfPage":{"@id":"https:\/\/www.gaveanews.com\/index.php\/2025\/01\/13\/apos-empate-na-estreia-carpini-reclama-de-gramado-do-barradao\/#primaryimage"},"image":{"@id":"https:\/\/www.gaveanews.com\/index.php\/2025\/01\/13\/apos-empate-na-estreia-carpini-reclama-de-gramado-do-barradao\/#primaryimage"},"thumbnailUrl":"https:\/\/www.gaveanews.com\/wp-content\/uploads\/IMAGEM_NOTICIA_3-1.webp","datePublished":"2025-01-13T20:10:00+00:00","author":{"@id":"https:\/\/www.gaveanews.com\/#\/schema\/person\/0277a79a1289c451c281ec0411d84f0c"},"breadcrumb":{"@id":"https:\/\/www.gaveanews.com\/index.php\/2025\/01\/13\/apos-empate-na-estreia-carpini-reclama-de-gramado-do-barradao\/#breadcrumb"},"inLanguage":"pt-BR","potentialAction":[{"@type":"ReadAction","target":["https:\/\/www.gaveanews.com\/index.php\/2025\/01\/13\/apos-empate-na-estreia-carpini-reclama-de-gramado-do-barradao\/"]}]},{"@type":"ImageObject","inLanguage":"pt-BR","@id":"https:\/\/www.gaveanews.com\/index.php\/2025\/01\/13\/apos-empate-na-estreia-carpini-reclama-de-gramado-do-barradao\/#primaryimage","url":"https:\/\/www.gaveanews.com\/wp-content\/uploads\/IMAGEM_NOTICIA_3-1.webp","contentUrl":"https:\/\/www.gaveanews.com\/wp-content\/uploads\/IMAGEM_NOTICIA_3-1.webp","width":640,"height":426,"caption":"Foto: Victor Ferreira\/EC Vit\u00f3ria"},{"@type":"BreadcrumbList","@id":"https:\/\/www.gaveanews.com\/index.php\/2025\/01\/13\/apos-empate-na-estreia-carpini-reclama-de-gramado-do-barradao\/#breadcrumb","itemListElement":[{"@type":"ListItem","position":1,"name":"Home","item":"https:\/\/www.gaveanews.com\/"},{"@type":"ListItem","position":2,"name":"Ap\u00f3s empate na estreia, Carpini reclama de gramado do Barrad\u00e3o"}]},{"@type":"WebSite","@id":"https:\/\/www.gaveanews.com\/#website","url":"https:\/\/www.gaveanews.com\/","name":"G\u00e1vea News","description":"Veja todas as not\u00edcias sobre o Flamengo: Contrata\u00e7\u00f5es, categorias de base, resultados das partidas, tabela de classifica\u00e7\u00e3o, pr\u00f3ximos jogos!","potentialAction":[{"@type":"SearchAction","target":{"@type":"EntryPoint","urlTemplate":"https:\/\/www.gaveanews.com\/?s={search_term_string}"},"query-input":{"@type":"PropertyValueSpecification","valueRequired":true,"valueName":"search_term_string"}}],"inLanguage":"pt-BR"},{"@type":"Person","@id":"https:\/\/www.gaveanews.com\/#\/schema\/person\/0277a79a1289c451c281ec0411d84f0c","name":"Andr\u00e9 Serra","image":{"@type":"ImageObject","inLanguage":"pt-BR","@id":"https:\/\/www.gaveanews.com\/#\/schema\/person\/image\/","url":"https:\/\/secure.gravatar.com\/avatar\/d7231369fe48db93292b3e88eb2162dbd9a34a47a8437d9ef3bcaca2a86a83d7?s=96&d=mm&r=g","contentUrl":"https:\/\/secure.gravatar.com\/avatar\/d7231369fe48db93292b3e88eb2162dbd9a34a47a8437d9ef3bcaca2a86a83d7?s=96&d=mm&r=g","caption":"Andr\u00e9 Serra"}}]}},"_links":{"self":[{"href":"https:\/\/www.gaveanews.com\/index.php\/wp-json\/wp\/v2\/posts\/211655","targetHints":{"allow":["GET"]}}],"collection":[{"href":"https:\/\/www.gaveanews.com\/index.php\/wp-json\/wp\/v2\/posts"}],"about":[{"href":"https:\/\/www.gaveanews.com\/index.php\/wp-json\/wp\/v2\/types\/post"}],"author":[{"embeddable":true,"href":"https:\/\/www.gaveanews.com\/index.php\/wp-json\/wp\/v2\/users\/21"}],"replies":[{"embeddable":true,"href":"https:\/\/www.gaveanews.com\/index.php\/wp-json\/wp\/v2\/comments?post=211655"}],"version-history":[{"count":1,"href":"https:\/\/www.gaveanews.com\/index.php\/wp-json\/wp\/v2\/posts\/211655\/revisions"}],"predecessor-version":[{"id":211666,"href":"https:\/\/www.gaveanews.com\/index.php\/wp-json\/wp\/v2\/posts\/211655\/revisions\/211666"}],"wp:featuredmedia":[{"embeddable":true,"href":"https:\/\/www.gaveanews.com\/index.php\/wp-json\/wp\/v2\/media\/154111"}],"wp:attachment":[{"href":"https:\/\/www.gaveanews.com\/index.php\/wp-json\/wp\/v2\/media?parent=211655"}],"wp:term":[{"taxonomy":"category","embeddable":true,"href":"https:\/\/www.gaveanews.com\/index.php\/wp-json\/wp\/v2\/categories?post=211655"},{"taxonomy":"post_tag","embeddable":true,"href":"https:\/\/www.gaveanews.com\/index.php\/wp-json\/wp\/v2\/tags?post=211655"}],"curies":[{"name":"wp","href":"https:\/\/api.w.org\/{rel}","templated":true}]}}