{"id":211711,"date":"2025-01-13T20:00:00","date_gmt":"2025-01-13T23:00:00","guid":{"rendered":"https:\/\/www.gaveanews.com\/?p=211711"},"modified":"2025-01-13T17:51:11","modified_gmt":"2025-01-13T20:51:11","slug":"fabricio-bruno-revela-o-motivo-de-deixar-o-flamengo","status":"publish","type":"post","link":"https:\/\/www.gaveanews.com\/index.php\/2025\/01\/13\/fabricio-bruno-revela-o-motivo-de-deixar-o-flamengo\/","title":{"rendered":"Fabr\u00edcio Bruno revela o motivo de deixar o Flamengo"},"content":{"rendered":"\n<p>Na primeira coletiva no novo clube, Fabr\u00edcio Bruno esclareceu o que o motivou a sair do Flamengo e acertar com o Cruzeiro. Ele deixou claro que n\u00e3o teve quaisquer problemas com Filipe Lu\u00eds, mas que sentiu a necessidade de mudar de ares, projetando o futuro profissional: \u201cPrecisava estar no radar da Sele\u00e7\u00e3o\u201d.<\/p>\n\n\n\n<ul class=\"wp-block-list\">\n<li><a href=\"https:\/\/www.gaveanews.com\/index.php\/2025\/01\/12\/ele-deixou-a-espn-para-fechar-com-canal-rival\/\">Ele deixou a ESPN para fechar com canal rival<\/a><\/li>\n\n\n\n<li><a href=\"https:\/\/www.gaveanews.com\/index.php\/2025\/01\/12\/a-declaracao-de-carlinhos-apos-o-jogo-do-flamengo-no-carioca\/\">A declara\u00e7\u00e3o de Carlinhos ap\u00f3s o jogo do Flamengo no Carioca<\/a><\/li>\n<\/ul>\n\n\n\n<p>O zagueiro de 28 anos foi anunciado como novo refor\u00e7o da Raposa no \u00faltimo s\u00e1bado (11\/1). O clube mineiro chegou a um acordo com o Rubro-Negro pela aquisi\u00e7\u00e3o de 100% dos direitos econ\u00f4micos dele por 7 milh\u00f5es de euros, cerca de 45 milh\u00f5es de euros. Ele assinou um v\u00ednculo v\u00e1lido at\u00e9 o fim de 2028.<\/p>\n\n\n\n<p>Fabr\u00edcio Bruno chegou aos Estados Unidos no dia anterior ao an\u00fancio para ficar \u00e0 disposi\u00e7\u00e3o do treinador Fernando Diniz, onde a equipe faz a pr\u00e9-temporada. O Cruzeiro vai disputar o torneio amistoso FC Series, no qual enfrentar\u00e1 S\u00e3o Paulo e Atl\u00e9tico-MG.<\/p>\n\n\n\n<p>O camisa 15 concedeu uma entrevista coletiva no \u00faltimo domingo (12\/1), na qual esclareceu alguns pontos da transfer\u00eancia para o time celeste. Ele afirmou que foi inteiramente motivado por uma estrat\u00e9gia de carreira, que tem como foco principal ser convocado para a Sele\u00e7\u00e3o Brasileira.<\/p>\n\n\n\n<p>\u201cA mudan\u00e7a se d\u00e1 por estrat\u00e9gia de carreira, de viver grandes coisas no clube do cora\u00e7\u00e3o. Oportunidade de grandes t\u00edtulos. Estamos no mesmo patamar. Um cara que tenho enorme respeito. Muita coisa \u00e9 falada, \u00e9 mentira. Nunca briguei com ele, nunca tive problema nenhum com treinador. Treinadores cuidados. Posso ler a mensagem me desejando sorte, me disse que fui importante a Copa do Brasil. Disse para seguir a carreira&#8221;.<\/p>\n\n\n\n<p>&#8220;Talvez n\u00e3o teria essa mensagem que n\u00e3o teria essa rela\u00e7\u00e3o. Querem implantar \u00f3dio em cima do que n\u00e3o tem. Famoso ca\u00e7a-like. Eu precisava sair, respirar novos ares. Falei com o Filipe que precisava disso, precisava de estar no radar da Sele\u00e7\u00e3o. Melhor momento da carreira, auge t\u00e9cnico, f\u00edsico. Disse que entendia, sem problemas\u201d, disse.<\/p>\n\n\n\n<p>No Flamengo, com a troca no comando t\u00e9cnico, ele perdeu espa\u00e7o. Com Tite, ele atuava ao lado de L\u00e9o Pereira na defesa, enquanto que L\u00e9o Ortiz fazia a cabe\u00e7a de \u00e1rea. J\u00e1 com Filipe Lu\u00eds, ele passou a ser reserva, j\u00e1 que o treinador preferiu manter Ortiz na posi\u00e7\u00e3o de origem.<\/p>\n\n\n\n<p>Na \u00faltima temporada, entrou em campo 56 vezes, marcou um gol e com a imin\u00eancia de jogar menos, preferiu voltar ao clube de cora\u00e7\u00e3o.<\/p>\n","protected":false},"excerpt":{"rendered":"<p>Na primeira coletiva no novo clube, Fabr\u00edcio Bruno esclareceu o que o motivou a sair do Flamengo e acertar com o Cruzeiro. Ele deixou claro que n\u00e3o teve quaisquer problemas com Filipe Lu\u00eds, mas que sentiu a necessidade de mudar de ares, projetando o futuro profissional: \u201cPrecisava estar no radar da Sele\u00e7\u00e3o\u201d. O zagueiro de [&hellip;]<\/p>\n","protected":false},"author":29,"featured_media":168968,"comment_status":"open","ping_status":"closed","sticky":false,"template":"","format":"standard","meta":{"footnotes":""},"categories":[143,1],"tags":[],"class_list":["post-211711","post","type-post","status-publish","format-standard","has-post-thumbnail","hentry","category-cruzeiro","category-flamengo"],"yoast_head":"<!-- This site is optimized with the Yoast SEO Premium plugin v24.2 (Yoast SEO v26.9) - https:\/\/yoast.com\/product\/yoast-seo-premium-wordpress\/ -->\n<title>Fabr\u00edcio Bruno revela o motivo de deixar o Flamengo<\/title>\n<meta name=\"robots\" content=\"index, follow, max-snippet:-1, max-image-preview:large, max-video-preview:-1\" \/>\n<link rel=\"canonical\" href=\"https:\/\/www.gaveanews.com\/index.php\/2025\/01\/13\/fabricio-bruno-revela-o-motivo-de-deixar-o-flamengo\/\" \/>\n<meta property=\"og:locale\" content=\"pt_BR\" \/>\n<meta property=\"og:type\" content=\"article\" \/>\n<meta property=\"og:title\" content=\"Fabr\u00edcio Bruno revela o motivo de deixar o Flamengo\" \/>\n<meta property=\"og:description\" content=\"Na primeira coletiva no novo clube, Fabr\u00edcio Bruno esclareceu o que o motivou a sair do Flamengo e acertar com o Cruzeiro. Ele deixou claro que n\u00e3o teve quaisquer problemas com Filipe Lu\u00eds, mas que sentiu a necessidade de mudar de ares, projetando o futuro profissional: \u201cPrecisava estar no radar da Sele\u00e7\u00e3o\u201d. O zagueiro de [&hellip;]\" \/>\n<meta property=\"og:url\" content=\"https:\/\/www.gaveanews.com\/index.php\/2025\/01\/13\/fabricio-bruno-revela-o-motivo-de-deixar-o-flamengo\/\" \/>\n<meta property=\"og:site_name\" content=\"G\u00e1vea News\" \/>\n<meta property=\"article:publisher\" content=\"https:\/\/facebook.com\/gaveaNews\/\" \/>\n<meta property=\"article:published_time\" content=\"2025-01-13T23:00:00+00:00\" \/>\n<meta property=\"og:image\" content=\"https:\/\/www.gaveanews.com\/wp-content\/uploads\/Fabricio-Bruno-em-acao-pelo-Flamengo.webp\" \/>\n\t<meta property=\"og:image:width\" content=\"1170\" \/>\n\t<meta property=\"og:image:height\" content=\"646\" \/>\n\t<meta property=\"og:image:type\" content=\"image\/jpeg\" \/>\n<meta name=\"author\" content=\"Marco Menezes\" \/>\n<meta name=\"twitter:card\" content=\"summary_large_image\" \/>\n<meta name=\"twitter:label1\" content=\"Escrito por\" \/>\n\t<meta name=\"twitter:data1\" content=\"Marco Menezes\" \/>\n\t<meta name=\"twitter:label2\" content=\"Est. tempo de leitura\" \/>\n\t<meta name=\"twitter:data2\" content=\"3 minutos\" \/>\n<script type=\"application\/ld+json\" class=\"yoast-schema-graph\">{\"@context\":\"https:\/\/schema.org\",\"@graph\":[{\"@type\":\"NewsArticle\",\"@id\":\"https:\/\/www.gaveanews.com\/index.php\/2025\/01\/13\/fabricio-bruno-revela-o-motivo-de-deixar-o-flamengo\/#article\",\"isPartOf\":{\"@id\":\"https:\/\/www.gaveanews.com\/index.php\/2025\/01\/13\/fabricio-bruno-revela-o-motivo-de-deixar-o-flamengo\/\"},\"author\":{\"name\":\"Marco Menezes\",\"@id\":\"https:\/\/www.gaveanews.com\/#\/schema\/person\/a9f62fe75380c6bada1b2fc49bc23d69\"},\"headline\":\"Fabr\u00edcio Bruno revela o motivo de deixar o Flamengo\",\"datePublished\":\"2025-01-13T23:00:00+00:00\",\"mainEntityOfPage\":{\"@id\":\"https:\/\/www.gaveanews.com\/index.php\/2025\/01\/13\/fabricio-bruno-revela-o-motivo-de-deixar-o-flamengo\/\"},\"wordCount\":452,\"commentCount\":0,\"image\":{\"@id\":\"https:\/\/www.gaveanews.com\/index.php\/2025\/01\/13\/fabricio-bruno-revela-o-motivo-de-deixar-o-flamengo\/#primaryimage\"},\"thumbnailUrl\":\"https:\/\/www.gaveanews.com\/wp-content\/uploads\/Fabricio-Bruno-em-acao-pelo-Flamengo.webp\",\"articleSection\":[\"Cruzeiro\",\"Flamengo\"],\"inLanguage\":\"pt-BR\",\"potentialAction\":[{\"@type\":\"CommentAction\",\"name\":\"Comment\",\"target\":[\"https:\/\/www.gaveanews.com\/index.php\/2025\/01\/13\/fabricio-bruno-revela-o-motivo-de-deixar-o-flamengo\/#respond\"]}],\"copyrightYear\":\"2025\",\"copyrightHolder\":{\"@id\":\"https:\/\/www.gaveanews.com\/#organization\"}},{\"@type\":\"WebPage\",\"@id\":\"https:\/\/www.gaveanews.com\/index.php\/2025\/01\/13\/fabricio-bruno-revela-o-motivo-de-deixar-o-flamengo\/\",\"url\":\"https:\/\/www.gaveanews.com\/index.php\/2025\/01\/13\/fabricio-bruno-revela-o-motivo-de-deixar-o-flamengo\/\",\"name\":\"Fabr\u00edcio Bruno revela o motivo de deixar o Flamengo\",\"isPartOf\":{\"@id\":\"https:\/\/www.gaveanews.com\/#website\"},\"primaryImageOfPage\":{\"@id\":\"https:\/\/www.gaveanews.com\/index.php\/2025\/01\/13\/fabricio-bruno-revela-o-motivo-de-deixar-o-flamengo\/#primaryimage\"},\"image\":{\"@id\":\"https:\/\/www.gaveanews.com\/index.php\/2025\/01\/13\/fabricio-bruno-revela-o-motivo-de-deixar-o-flamengo\/#primaryimage\"},\"thumbnailUrl\":\"https:\/\/www.gaveanews.com\/wp-content\/uploads\/Fabricio-Bruno-em-acao-pelo-Flamengo.webp\",\"datePublished\":\"2025-01-13T23:00:00+00:00\",\"author\":{\"@id\":\"https:\/\/www.gaveanews.com\/#\/schema\/person\/a9f62fe75380c6bada1b2fc49bc23d69\"},\"breadcrumb\":{\"@id\":\"https:\/\/www.gaveanews.com\/index.php\/2025\/01\/13\/fabricio-bruno-revela-o-motivo-de-deixar-o-flamengo\/#breadcrumb\"},\"inLanguage\":\"pt-BR\",\"potentialAction\":[{\"@type\":\"ReadAction\",\"target\":[\"https:\/\/www.gaveanews.com\/index.php\/2025\/01\/13\/fabricio-bruno-revela-o-motivo-de-deixar-o-flamengo\/\"]}]},{\"@type\":\"ImageObject\",\"inLanguage\":\"pt-BR\",\"@id\":\"https:\/\/www.gaveanews.com\/index.php\/2025\/01\/13\/fabricio-bruno-revela-o-motivo-de-deixar-o-flamengo\/#primaryimage\",\"url\":\"https:\/\/www.gaveanews.com\/wp-content\/uploads\/Fabricio-Bruno-em-acao-pelo-Flamengo.webp\",\"contentUrl\":\"https:\/\/www.gaveanews.com\/wp-content\/uploads\/Fabricio-Bruno-em-acao-pelo-Flamengo.webp\",\"width\":1170,\"height\":646,\"caption\":\"Fabr\u00edcio Bruno em a\u00e7\u00e3o pelo Flamengo (Foto: Reprodu\u00e7\u00e3o\/Instagram)\"},{\"@type\":\"BreadcrumbList\",\"@id\":\"https:\/\/www.gaveanews.com\/index.php\/2025\/01\/13\/fabricio-bruno-revela-o-motivo-de-deixar-o-flamengo\/#breadcrumb\",\"itemListElement\":[{\"@type\":\"ListItem\",\"position\":1,\"name\":\"Home\",\"item\":\"https:\/\/www.gaveanews.com\/\"},{\"@type\":\"ListItem\",\"position\":2,\"name\":\"Fabr\u00edcio Bruno revela o motivo de deixar o Flamengo\"}]},{\"@type\":\"WebSite\",\"@id\":\"https:\/\/www.gaveanews.com\/#website\",\"url\":\"https:\/\/www.gaveanews.com\/\",\"name\":\"G\u00e1vea News\",\"description\":\"Veja todas as not\u00edcias sobre o Flamengo: Contrata\u00e7\u00f5es, categorias de base, resultados das partidas, tabela de classifica\u00e7\u00e3o, pr\u00f3ximos jogos!\",\"potentialAction\":[{\"@type\":\"SearchAction\",\"target\":{\"@type\":\"EntryPoint\",\"urlTemplate\":\"https:\/\/www.gaveanews.com\/?s={search_term_string}\"},\"query-input\":{\"@type\":\"PropertyValueSpecification\",\"valueRequired\":true,\"valueName\":\"search_term_string\"}}],\"inLanguage\":\"pt-BR\"},{\"@type\":\"Person\",\"@id\":\"https:\/\/www.gaveanews.com\/#\/schema\/person\/a9f62fe75380c6bada1b2fc49bc23d69\",\"name\":\"Marco Menezes\",\"image\":{\"@type\":\"ImageObject\",\"inLanguage\":\"pt-BR\",\"@id\":\"https:\/\/www.gaveanews.com\/#\/schema\/person\/image\/\",\"url\":\"https:\/\/secure.gravatar.com\/avatar\/a1d148ae17fc8bfc5dbccffd07979e8bd2c9ba494221779de86ec2c7907b71ec?s=96&d=mm&r=g\",\"contentUrl\":\"https:\/\/secure.gravatar.com\/avatar\/a1d148ae17fc8bfc5dbccffd07979e8bd2c9ba494221779de86ec2c7907b71ec?s=96&d=mm&r=g\",\"caption\":\"Marco Menezes\"}}]}<\/script>\n<!-- \/ Yoast SEO Premium plugin. -->","yoast_head_json":{"title":"Fabr\u00edcio Bruno revela o motivo de deixar o Flamengo","robots":{"index":"index","follow":"follow","max-snippet":"max-snippet:-1","max-image-preview":"max-image-preview:large","max-video-preview":"max-video-preview:-1"},"canonical":"https:\/\/www.gaveanews.com\/index.php\/2025\/01\/13\/fabricio-bruno-revela-o-motivo-de-deixar-o-flamengo\/","og_locale":"pt_BR","og_type":"article","og_title":"Fabr\u00edcio Bruno revela o motivo de deixar o Flamengo","og_description":"Na primeira coletiva no novo clube, Fabr\u00edcio Bruno esclareceu o que o motivou a sair do Flamengo e acertar com o Cruzeiro. Ele deixou claro que n\u00e3o teve quaisquer problemas com Filipe Lu\u00eds, mas que sentiu a necessidade de mudar de ares, projetando o futuro profissional: \u201cPrecisava estar no radar da Sele\u00e7\u00e3o\u201d. O zagueiro de [&hellip;]","og_url":"https:\/\/www.gaveanews.com\/index.php\/2025\/01\/13\/fabricio-bruno-revela-o-motivo-de-deixar-o-flamengo\/","og_site_name":"G\u00e1vea News","article_publisher":"https:\/\/facebook.com\/gaveaNews\/","article_published_time":"2025-01-13T23:00:00+00:00","og_image":[{"width":1170,"height":646,"url":"https:\/\/www.gaveanews.com\/wp-content\/uploads\/Fabricio-Bruno-em-acao-pelo-Flamengo.webp","type":"image\/jpeg"}],"author":"Marco Menezes","twitter_card":"summary_large_image","twitter_misc":{"Escrito por":"Marco Menezes","Est. tempo de leitura":"3 minutos"},"schema":{"@context":"https:\/\/schema.org","@graph":[{"@type":"NewsArticle","@id":"https:\/\/www.gaveanews.com\/index.php\/2025\/01\/13\/fabricio-bruno-revela-o-motivo-de-deixar-o-flamengo\/#article","isPartOf":{"@id":"https:\/\/www.gaveanews.com\/index.php\/2025\/01\/13\/fabricio-bruno-revela-o-motivo-de-deixar-o-flamengo\/"},"author":{"name":"Marco Menezes","@id":"https:\/\/www.gaveanews.com\/#\/schema\/person\/a9f62fe75380c6bada1b2fc49bc23d69"},"headline":"Fabr\u00edcio Bruno revela o motivo de deixar o Flamengo","datePublished":"2025-01-13T23:00:00+00:00","mainEntityOfPage":{"@id":"https:\/\/www.gaveanews.com\/index.php\/2025\/01\/13\/fabricio-bruno-revela-o-motivo-de-deixar-o-flamengo\/"},"wordCount":452,"commentCount":0,"image":{"@id":"https:\/\/www.gaveanews.com\/index.php\/2025\/01\/13\/fabricio-bruno-revela-o-motivo-de-deixar-o-flamengo\/#primaryimage"},"thumbnailUrl":"https:\/\/www.gaveanews.com\/wp-content\/uploads\/Fabricio-Bruno-em-acao-pelo-Flamengo.webp","articleSection":["Cruzeiro","Flamengo"],"inLanguage":"pt-BR","potentialAction":[{"@type":"CommentAction","name":"Comment","target":["https:\/\/www.gaveanews.com\/index.php\/2025\/01\/13\/fabricio-bruno-revela-o-motivo-de-deixar-o-flamengo\/#respond"]}],"copyrightYear":"2025","copyrightHolder":{"@id":"https:\/\/www.gaveanews.com\/#organization"}},{"@type":"WebPage","@id":"https:\/\/www.gaveanews.com\/index.php\/2025\/01\/13\/fabricio-bruno-revela-o-motivo-de-deixar-o-flamengo\/","url":"https:\/\/www.gaveanews.com\/index.php\/2025\/01\/13\/fabricio-bruno-revela-o-motivo-de-deixar-o-flamengo\/","name":"Fabr\u00edcio Bruno revela o motivo de deixar o Flamengo","isPartOf":{"@id":"https:\/\/www.gaveanews.com\/#website"},"primaryImageOfPage":{"@id":"https:\/\/www.gaveanews.com\/index.php\/2025\/01\/13\/fabricio-bruno-revela-o-motivo-de-deixar-o-flamengo\/#primaryimage"},"image":{"@id":"https:\/\/www.gaveanews.com\/index.php\/2025\/01\/13\/fabricio-bruno-revela-o-motivo-de-deixar-o-flamengo\/#primaryimage"},"thumbnailUrl":"https:\/\/www.gaveanews.com\/wp-content\/uploads\/Fabricio-Bruno-em-acao-pelo-Flamengo.webp","datePublished":"2025-01-13T23:00:00+00:00","author":{"@id":"https:\/\/www.gaveanews.com\/#\/schema\/person\/a9f62fe75380c6bada1b2fc49bc23d69"},"breadcrumb":{"@id":"https:\/\/www.gaveanews.com\/index.php\/2025\/01\/13\/fabricio-bruno-revela-o-motivo-de-deixar-o-flamengo\/#breadcrumb"},"inLanguage":"pt-BR","potentialAction":[{"@type":"ReadAction","target":["https:\/\/www.gaveanews.com\/index.php\/2025\/01\/13\/fabricio-bruno-revela-o-motivo-de-deixar-o-flamengo\/"]}]},{"@type":"ImageObject","inLanguage":"pt-BR","@id":"https:\/\/www.gaveanews.com\/index.php\/2025\/01\/13\/fabricio-bruno-revela-o-motivo-de-deixar-o-flamengo\/#primaryimage","url":"https:\/\/www.gaveanews.com\/wp-content\/uploads\/Fabricio-Bruno-em-acao-pelo-Flamengo.webp","contentUrl":"https:\/\/www.gaveanews.com\/wp-content\/uploads\/Fabricio-Bruno-em-acao-pelo-Flamengo.webp","width":1170,"height":646,"caption":"Fabr\u00edcio Bruno em a\u00e7\u00e3o pelo Flamengo (Foto: Reprodu\u00e7\u00e3o\/Instagram)"},{"@type":"BreadcrumbList","@id":"https:\/\/www.gaveanews.com\/index.php\/2025\/01\/13\/fabricio-bruno-revela-o-motivo-de-deixar-o-flamengo\/#breadcrumb","itemListElement":[{"@type":"ListItem","position":1,"name":"Home","item":"https:\/\/www.gaveanews.com\/"},{"@type":"ListItem","position":2,"name":"Fabr\u00edcio Bruno revela o motivo de deixar o Flamengo"}]},{"@type":"WebSite","@id":"https:\/\/www.gaveanews.com\/#website","url":"https:\/\/www.gaveanews.com\/","name":"G\u00e1vea News","description":"Veja todas as not\u00edcias sobre o Flamengo: Contrata\u00e7\u00f5es, categorias de base, resultados das partidas, tabela de classifica\u00e7\u00e3o, pr\u00f3ximos jogos!","potentialAction":[{"@type":"SearchAction","target":{"@type":"EntryPoint","urlTemplate":"https:\/\/www.gaveanews.com\/?s={search_term_string}"},"query-input":{"@type":"PropertyValueSpecification","valueRequired":true,"valueName":"search_term_string"}}],"inLanguage":"pt-BR"},{"@type":"Person","@id":"https:\/\/www.gaveanews.com\/#\/schema\/person\/a9f62fe75380c6bada1b2fc49bc23d69","name":"Marco Menezes","image":{"@type":"ImageObject","inLanguage":"pt-BR","@id":"https:\/\/www.gaveanews.com\/#\/schema\/person\/image\/","url":"https:\/\/secure.gravatar.com\/avatar\/a1d148ae17fc8bfc5dbccffd07979e8bd2c9ba494221779de86ec2c7907b71ec?s=96&d=mm&r=g","contentUrl":"https:\/\/secure.gravatar.com\/avatar\/a1d148ae17fc8bfc5dbccffd07979e8bd2c9ba494221779de86ec2c7907b71ec?s=96&d=mm&r=g","caption":"Marco Menezes"}}]}},"_links":{"self":[{"href":"https:\/\/www.gaveanews.com\/index.php\/wp-json\/wp\/v2\/posts\/211711","targetHints":{"allow":["GET"]}}],"collection":[{"href":"https:\/\/www.gaveanews.com\/index.php\/wp-json\/wp\/v2\/posts"}],"about":[{"href":"https:\/\/www.gaveanews.com\/index.php\/wp-json\/wp\/v2\/types\/post"}],"author":[{"embeddable":true,"href":"https:\/\/www.gaveanews.com\/index.php\/wp-json\/wp\/v2\/users\/29"}],"replies":[{"embeddable":true,"href":"https:\/\/www.gaveanews.com\/index.php\/wp-json\/wp\/v2\/comments?post=211711"}],"version-history":[{"count":2,"href":"https:\/\/www.gaveanews.com\/index.php\/wp-json\/wp\/v2\/posts\/211711\/revisions"}],"predecessor-version":[{"id":211973,"href":"https:\/\/www.gaveanews.com\/index.php\/wp-json\/wp\/v2\/posts\/211711\/revisions\/211973"}],"wp:featuredmedia":[{"embeddable":true,"href":"https:\/\/www.gaveanews.com\/index.php\/wp-json\/wp\/v2\/media\/168968"}],"wp:attachment":[{"href":"https:\/\/www.gaveanews.com\/index.php\/wp-json\/wp\/v2\/media?parent=211711"}],"wp:term":[{"taxonomy":"category","embeddable":true,"href":"https:\/\/www.gaveanews.com\/index.php\/wp-json\/wp\/v2\/categories?post=211711"},{"taxonomy":"post_tag","embeddable":true,"href":"https:\/\/www.gaveanews.com\/index.php\/wp-json\/wp\/v2\/tags?post=211711"}],"curies":[{"name":"wp","href":"https:\/\/api.w.org\/{rel}","templated":true}]}}