{"id":211719,"date":"2025-01-13T19:35:00","date_gmt":"2025-01-13T22:35:00","guid":{"rendered":"https:\/\/www.gaveanews.com\/?p=211719"},"modified":"2025-01-13T18:26:14","modified_gmt":"2025-01-13T21:26:14","slug":"cruzeiro-a-declaracao-de-fabricio-bruno-direcionada-a-dudu","status":"publish","type":"post","link":"https:\/\/www.gaveanews.com\/index.php\/2025\/01\/13\/cruzeiro-a-declaracao-de-fabricio-bruno-direcionada-a-dudu\/","title":{"rendered":"Cruzeiro: a declara\u00e7\u00e3o de Fabr\u00edcio Bruno direcionada a Dudu"},"content":{"rendered":"\n<p>Fabr\u00edcio Bruno foi anunciado como novo refor\u00e7o do Cruzeiro no \u00faltimo s\u00e1bado (11\/1) e revelou detalhes da negocia\u00e7\u00e3o. Ele contou que manteve contatos diretos com Dudu e Gabigol, que o incentivaram a voltar ao clube que o revelou.<\/p>\n\n\n\n<ul class=\"wp-block-list\">\n<li><a href=\"https:\/\/www.gaveanews.com\/index.php\/2025\/01\/12\/cassio-william-fabricio-bruno-villalba-marlon-lucas-romero-matheus-henrique-matheus-pereira-dudu-gabigol-e-bolasie-a-escalacao-ideal-do-cruzeiro-para-2025\/\">C\u00e1ssio, William, Fabr\u00edcio Bruno, Villalba, Marlon, Lucas Romero, Matheus Henrique, Matheus Pereira, Dudu, Gabigol e Bolasie: a escala\u00e7\u00e3o ideal do Cruzeiro para 2025<\/a><\/li>\n\n\n\n<li><a href=\"https:\/\/www.gaveanews.com\/index.php\/2025\/01\/12\/cruzeiro-a-declaracao-de-fagner-sobre-o-flamengo\/\">Cruzeiro: a declara\u00e7\u00e3o de Fagner sobre o Flamengo<\/a><\/li>\n<\/ul>\n\n\n\n<p>O novo camisa 15 da Raposa \u00e9 mais um dos importantes movimentos de mercado nesta janela de transfer\u00eancias. Encabe\u00e7ada pelo dono da SAF Pedro Louren\u00e7o, a diretoria tem se refor\u00e7ado com v\u00e1rios nomes badalados do futebol brasileiro.<\/p>\n\n\n\n<p>Dois deles incentivaram bastante a decis\u00e3o de Fabr\u00edcio Bruno retornar ao Cruzeiro depois de seis anos. Ele rasgou elogios ao clube e contou como Dudu e Gabigol o tranquilizaram para deixar o Flamengo.<\/p>\n\n\n\n<p>\u201cO Cruzeiro, para mim, sempre foi especial. Conhe\u00e7o o clube como poucos. Cheguei aos 13, sei muito bem o que o clube. Chorei como menino quando perdeu a Libertadores. O Dudu, nesse per\u00edodo todo, talvez falei mais com ele e o Gabi do que minha esposa. S\u00e3o caras vencedores. E querem ter vencedores do lado. Dudu me ligava, falava pra vir. Falei que precisava estar com esses caras&#8221;. <\/p>\n\n\n\n<p>&#8220;S\u00e3o caras assim. J\u00e1 tinha falado com o Gabi, falei que estava para um clube fant\u00e1stico. Disse que seria muito bem recebido. Na primeira semana, ele disse que estava impressionado como foi recebido. Esse \u00e9 o jeito do povo mineiro. Quero que ele seja feliz como fui neste clube\u201d, disse.<\/p>\n\n\n\n<p>Fabr\u00edcio Bruno foi contratado junto ao Flamengo em uma negocia\u00e7\u00e3o que girou em torno de 7 milh\u00f5es de euros, cerca de 45 milh\u00f5es de reais. O zagueiro firmou contrato at\u00e9 o fim de 2028 e j\u00e1 est\u00e1 nos Estados Unidos realizando a pr\u00e9-temporada sob o comando de Fernando Diniz.<\/p>\n\n\n\n<p>O defensor foi formado nas categorias de base do Cruzeiro e subiu para a equipe profissional em 2016, quando atuou em oito jogos e marcou um gol. Depois, passou tr\u00eas temporadas emprestado \u00e0 Chapecoense, at\u00e9 retornar em 2019.&nbsp;<\/p>\n\n\n\n<p>No ano seguinte, chegou ao Red Bull Bragantino depois de ter 70% dos direitos econ\u00f4micos adquiridos por 2 milh\u00f5es de reais. No come\u00e7o de 2022, ele desembarcou no Rio de Janeiro ap\u00f3s o Flamengo pagar a multa rescis\u00f3ria com o Massa Bruta no valor de 15 milh\u00f5es de reais.<\/p>\n","protected":false},"excerpt":{"rendered":"<p>Fabr\u00edcio Bruno foi anunciado como novo refor\u00e7o do Cruzeiro no \u00faltimo s\u00e1bado (11\/1) e revelou detalhes da negocia\u00e7\u00e3o. Ele contou que manteve contatos diretos com Dudu e Gabigol, que o incentivaram a voltar ao clube que o revelou. O novo camisa 15 da Raposa \u00e9 mais um dos importantes movimentos de mercado nesta janela de [&hellip;]<\/p>\n","protected":false},"author":29,"featured_media":175601,"comment_status":"open","ping_status":"closed","sticky":false,"template":"","format":"standard","meta":{"footnotes":""},"categories":[143],"tags":[],"class_list":["post-211719","post","type-post","status-publish","format-standard","has-post-thumbnail","hentry","category-cruzeiro"],"yoast_head":"<!-- This site is optimized with the Yoast SEO Premium plugin v24.2 (Yoast SEO v26.9) - https:\/\/yoast.com\/product\/yoast-seo-premium-wordpress\/ -->\n<title>Cruzeiro: a declara\u00e7\u00e3o de Fabr\u00edcio Bruno direcionada a Dudu<\/title>\n<meta name=\"robots\" content=\"index, follow, max-snippet:-1, max-image-preview:large, max-video-preview:-1\" \/>\n<link rel=\"canonical\" href=\"https:\/\/www.gaveanews.com\/index.php\/2025\/01\/13\/cruzeiro-a-declaracao-de-fabricio-bruno-direcionada-a-dudu\/\" \/>\n<meta property=\"og:locale\" content=\"pt_BR\" \/>\n<meta property=\"og:type\" content=\"article\" \/>\n<meta property=\"og:title\" content=\"Cruzeiro: a declara\u00e7\u00e3o de Fabr\u00edcio Bruno direcionada a Dudu\" \/>\n<meta property=\"og:description\" content=\"Fabr\u00edcio Bruno foi anunciado como novo refor\u00e7o do Cruzeiro no \u00faltimo s\u00e1bado (11\/1) e revelou detalhes da negocia\u00e7\u00e3o. Ele contou que manteve contatos diretos com Dudu e Gabigol, que o incentivaram a voltar ao clube que o revelou. O novo camisa 15 da Raposa \u00e9 mais um dos importantes movimentos de mercado nesta janela de [&hellip;]\" \/>\n<meta property=\"og:url\" content=\"https:\/\/www.gaveanews.com\/index.php\/2025\/01\/13\/cruzeiro-a-declaracao-de-fabricio-bruno-direcionada-a-dudu\/\" \/>\n<meta property=\"og:site_name\" content=\"G\u00e1vea News\" \/>\n<meta property=\"article:publisher\" content=\"https:\/\/facebook.com\/gaveaNews\/\" \/>\n<meta property=\"article:published_time\" content=\"2025-01-13T22:35:00+00:00\" \/>\n<meta property=\"og:image\" content=\"https:\/\/www.gaveanews.com\/wp-content\/uploads\/Bandeira-do-Cruzeiro.webp\" \/>\n\t<meta property=\"og:image:width\" content=\"1062\" \/>\n\t<meta property=\"og:image:height\" content=\"708\" \/>\n\t<meta property=\"og:image:type\" content=\"image\/webp\" \/>\n<meta name=\"author\" content=\"Marco Menezes\" \/>\n<meta name=\"twitter:card\" content=\"summary_large_image\" \/>\n<meta name=\"twitter:label1\" content=\"Escrito por\" \/>\n\t<meta name=\"twitter:data1\" content=\"Marco Menezes\" \/>\n\t<meta name=\"twitter:label2\" content=\"Est. tempo de leitura\" \/>\n\t<meta name=\"twitter:data2\" content=\"3 minutos\" \/>\n<script type=\"application\/ld+json\" class=\"yoast-schema-graph\">{\"@context\":\"https:\/\/schema.org\",\"@graph\":[{\"@type\":\"NewsArticle\",\"@id\":\"https:\/\/www.gaveanews.com\/index.php\/2025\/01\/13\/cruzeiro-a-declaracao-de-fabricio-bruno-direcionada-a-dudu\/#article\",\"isPartOf\":{\"@id\":\"https:\/\/www.gaveanews.com\/index.php\/2025\/01\/13\/cruzeiro-a-declaracao-de-fabricio-bruno-direcionada-a-dudu\/\"},\"author\":{\"name\":\"Marco Menezes\",\"@id\":\"https:\/\/www.gaveanews.com\/#\/schema\/person\/a9f62fe75380c6bada1b2fc49bc23d69\"},\"headline\":\"Cruzeiro: a declara\u00e7\u00e3o de Fabr\u00edcio Bruno direcionada a Dudu\",\"datePublished\":\"2025-01-13T22:35:00+00:00\",\"mainEntityOfPage\":{\"@id\":\"https:\/\/www.gaveanews.com\/index.php\/2025\/01\/13\/cruzeiro-a-declaracao-de-fabricio-bruno-direcionada-a-dudu\/\"},\"wordCount\":421,\"commentCount\":0,\"image\":{\"@id\":\"https:\/\/www.gaveanews.com\/index.php\/2025\/01\/13\/cruzeiro-a-declaracao-de-fabricio-bruno-direcionada-a-dudu\/#primaryimage\"},\"thumbnailUrl\":\"https:\/\/www.gaveanews.com\/wp-content\/uploads\/Bandeira-do-Cruzeiro.webp\",\"articleSection\":[\"Cruzeiro\"],\"inLanguage\":\"pt-BR\",\"potentialAction\":[{\"@type\":\"CommentAction\",\"name\":\"Comment\",\"target\":[\"https:\/\/www.gaveanews.com\/index.php\/2025\/01\/13\/cruzeiro-a-declaracao-de-fabricio-bruno-direcionada-a-dudu\/#respond\"]}],\"copyrightYear\":\"2025\",\"copyrightHolder\":{\"@id\":\"https:\/\/www.gaveanews.com\/#organization\"}},{\"@type\":\"WebPage\",\"@id\":\"https:\/\/www.gaveanews.com\/index.php\/2025\/01\/13\/cruzeiro-a-declaracao-de-fabricio-bruno-direcionada-a-dudu\/\",\"url\":\"https:\/\/www.gaveanews.com\/index.php\/2025\/01\/13\/cruzeiro-a-declaracao-de-fabricio-bruno-direcionada-a-dudu\/\",\"name\":\"Cruzeiro: a declara\u00e7\u00e3o de Fabr\u00edcio Bruno direcionada a Dudu\",\"isPartOf\":{\"@id\":\"https:\/\/www.gaveanews.com\/#website\"},\"primaryImageOfPage\":{\"@id\":\"https:\/\/www.gaveanews.com\/index.php\/2025\/01\/13\/cruzeiro-a-declaracao-de-fabricio-bruno-direcionada-a-dudu\/#primaryimage\"},\"image\":{\"@id\":\"https:\/\/www.gaveanews.com\/index.php\/2025\/01\/13\/cruzeiro-a-declaracao-de-fabricio-bruno-direcionada-a-dudu\/#primaryimage\"},\"thumbnailUrl\":\"https:\/\/www.gaveanews.com\/wp-content\/uploads\/Bandeira-do-Cruzeiro.webp\",\"datePublished\":\"2025-01-13T22:35:00+00:00\",\"author\":{\"@id\":\"https:\/\/www.gaveanews.com\/#\/schema\/person\/a9f62fe75380c6bada1b2fc49bc23d69\"},\"breadcrumb\":{\"@id\":\"https:\/\/www.gaveanews.com\/index.php\/2025\/01\/13\/cruzeiro-a-declaracao-de-fabricio-bruno-direcionada-a-dudu\/#breadcrumb\"},\"inLanguage\":\"pt-BR\",\"potentialAction\":[{\"@type\":\"ReadAction\",\"target\":[\"https:\/\/www.gaveanews.com\/index.php\/2025\/01\/13\/cruzeiro-a-declaracao-de-fabricio-bruno-direcionada-a-dudu\/\"]}]},{\"@type\":\"ImageObject\",\"inLanguage\":\"pt-BR\",\"@id\":\"https:\/\/www.gaveanews.com\/index.php\/2025\/01\/13\/cruzeiro-a-declaracao-de-fabricio-bruno-direcionada-a-dudu\/#primaryimage\",\"url\":\"https:\/\/www.gaveanews.com\/wp-content\/uploads\/Bandeira-do-Cruzeiro.webp\",\"contentUrl\":\"https:\/\/www.gaveanews.com\/wp-content\/uploads\/Bandeira-do-Cruzeiro.webp\",\"width\":1062,\"height\":708,\"caption\":\"Bandeira do Cruzeiro (Foto: Reprodu\u00e7\u00e3o\/Cruzeiro)\"},{\"@type\":\"BreadcrumbList\",\"@id\":\"https:\/\/www.gaveanews.com\/index.php\/2025\/01\/13\/cruzeiro-a-declaracao-de-fabricio-bruno-direcionada-a-dudu\/#breadcrumb\",\"itemListElement\":[{\"@type\":\"ListItem\",\"position\":1,\"name\":\"Home\",\"item\":\"https:\/\/www.gaveanews.com\/\"},{\"@type\":\"ListItem\",\"position\":2,\"name\":\"Cruzeiro: a declara\u00e7\u00e3o de Fabr\u00edcio Bruno direcionada a Dudu\"}]},{\"@type\":\"WebSite\",\"@id\":\"https:\/\/www.gaveanews.com\/#website\",\"url\":\"https:\/\/www.gaveanews.com\/\",\"name\":\"G\u00e1vea News\",\"description\":\"Veja todas as not\u00edcias sobre o Flamengo: Contrata\u00e7\u00f5es, categorias de base, resultados das partidas, tabela de classifica\u00e7\u00e3o, pr\u00f3ximos jogos!\",\"potentialAction\":[{\"@type\":\"SearchAction\",\"target\":{\"@type\":\"EntryPoint\",\"urlTemplate\":\"https:\/\/www.gaveanews.com\/?s={search_term_string}\"},\"query-input\":{\"@type\":\"PropertyValueSpecification\",\"valueRequired\":true,\"valueName\":\"search_term_string\"}}],\"inLanguage\":\"pt-BR\"},{\"@type\":\"Person\",\"@id\":\"https:\/\/www.gaveanews.com\/#\/schema\/person\/a9f62fe75380c6bada1b2fc49bc23d69\",\"name\":\"Marco Menezes\",\"image\":{\"@type\":\"ImageObject\",\"inLanguage\":\"pt-BR\",\"@id\":\"https:\/\/www.gaveanews.com\/#\/schema\/person\/image\/\",\"url\":\"https:\/\/secure.gravatar.com\/avatar\/a1d148ae17fc8bfc5dbccffd07979e8bd2c9ba494221779de86ec2c7907b71ec?s=96&d=mm&r=g\",\"contentUrl\":\"https:\/\/secure.gravatar.com\/avatar\/a1d148ae17fc8bfc5dbccffd07979e8bd2c9ba494221779de86ec2c7907b71ec?s=96&d=mm&r=g\",\"caption\":\"Marco Menezes\"}}]}<\/script>\n<!-- \/ Yoast SEO Premium plugin. -->","yoast_head_json":{"title":"Cruzeiro: a declara\u00e7\u00e3o de Fabr\u00edcio Bruno direcionada a Dudu","robots":{"index":"index","follow":"follow","max-snippet":"max-snippet:-1","max-image-preview":"max-image-preview:large","max-video-preview":"max-video-preview:-1"},"canonical":"https:\/\/www.gaveanews.com\/index.php\/2025\/01\/13\/cruzeiro-a-declaracao-de-fabricio-bruno-direcionada-a-dudu\/","og_locale":"pt_BR","og_type":"article","og_title":"Cruzeiro: a declara\u00e7\u00e3o de Fabr\u00edcio Bruno direcionada a Dudu","og_description":"Fabr\u00edcio Bruno foi anunciado como novo refor\u00e7o do Cruzeiro no \u00faltimo s\u00e1bado (11\/1) e revelou detalhes da negocia\u00e7\u00e3o. Ele contou que manteve contatos diretos com Dudu e Gabigol, que o incentivaram a voltar ao clube que o revelou. O novo camisa 15 da Raposa \u00e9 mais um dos importantes movimentos de mercado nesta janela de [&hellip;]","og_url":"https:\/\/www.gaveanews.com\/index.php\/2025\/01\/13\/cruzeiro-a-declaracao-de-fabricio-bruno-direcionada-a-dudu\/","og_site_name":"G\u00e1vea News","article_publisher":"https:\/\/facebook.com\/gaveaNews\/","article_published_time":"2025-01-13T22:35:00+00:00","og_image":[{"width":1062,"height":708,"url":"https:\/\/www.gaveanews.com\/wp-content\/uploads\/Bandeira-do-Cruzeiro.webp","type":"image\/webp"}],"author":"Marco Menezes","twitter_card":"summary_large_image","twitter_misc":{"Escrito por":"Marco Menezes","Est. tempo de leitura":"3 minutos"},"schema":{"@context":"https:\/\/schema.org","@graph":[{"@type":"NewsArticle","@id":"https:\/\/www.gaveanews.com\/index.php\/2025\/01\/13\/cruzeiro-a-declaracao-de-fabricio-bruno-direcionada-a-dudu\/#article","isPartOf":{"@id":"https:\/\/www.gaveanews.com\/index.php\/2025\/01\/13\/cruzeiro-a-declaracao-de-fabricio-bruno-direcionada-a-dudu\/"},"author":{"name":"Marco Menezes","@id":"https:\/\/www.gaveanews.com\/#\/schema\/person\/a9f62fe75380c6bada1b2fc49bc23d69"},"headline":"Cruzeiro: a declara\u00e7\u00e3o de Fabr\u00edcio Bruno direcionada a Dudu","datePublished":"2025-01-13T22:35:00+00:00","mainEntityOfPage":{"@id":"https:\/\/www.gaveanews.com\/index.php\/2025\/01\/13\/cruzeiro-a-declaracao-de-fabricio-bruno-direcionada-a-dudu\/"},"wordCount":421,"commentCount":0,"image":{"@id":"https:\/\/www.gaveanews.com\/index.php\/2025\/01\/13\/cruzeiro-a-declaracao-de-fabricio-bruno-direcionada-a-dudu\/#primaryimage"},"thumbnailUrl":"https:\/\/www.gaveanews.com\/wp-content\/uploads\/Bandeira-do-Cruzeiro.webp","articleSection":["Cruzeiro"],"inLanguage":"pt-BR","potentialAction":[{"@type":"CommentAction","name":"Comment","target":["https:\/\/www.gaveanews.com\/index.php\/2025\/01\/13\/cruzeiro-a-declaracao-de-fabricio-bruno-direcionada-a-dudu\/#respond"]}],"copyrightYear":"2025","copyrightHolder":{"@id":"https:\/\/www.gaveanews.com\/#organization"}},{"@type":"WebPage","@id":"https:\/\/www.gaveanews.com\/index.php\/2025\/01\/13\/cruzeiro-a-declaracao-de-fabricio-bruno-direcionada-a-dudu\/","url":"https:\/\/www.gaveanews.com\/index.php\/2025\/01\/13\/cruzeiro-a-declaracao-de-fabricio-bruno-direcionada-a-dudu\/","name":"Cruzeiro: a declara\u00e7\u00e3o de Fabr\u00edcio Bruno direcionada a Dudu","isPartOf":{"@id":"https:\/\/www.gaveanews.com\/#website"},"primaryImageOfPage":{"@id":"https:\/\/www.gaveanews.com\/index.php\/2025\/01\/13\/cruzeiro-a-declaracao-de-fabricio-bruno-direcionada-a-dudu\/#primaryimage"},"image":{"@id":"https:\/\/www.gaveanews.com\/index.php\/2025\/01\/13\/cruzeiro-a-declaracao-de-fabricio-bruno-direcionada-a-dudu\/#primaryimage"},"thumbnailUrl":"https:\/\/www.gaveanews.com\/wp-content\/uploads\/Bandeira-do-Cruzeiro.webp","datePublished":"2025-01-13T22:35:00+00:00","author":{"@id":"https:\/\/www.gaveanews.com\/#\/schema\/person\/a9f62fe75380c6bada1b2fc49bc23d69"},"breadcrumb":{"@id":"https:\/\/www.gaveanews.com\/index.php\/2025\/01\/13\/cruzeiro-a-declaracao-de-fabricio-bruno-direcionada-a-dudu\/#breadcrumb"},"inLanguage":"pt-BR","potentialAction":[{"@type":"ReadAction","target":["https:\/\/www.gaveanews.com\/index.php\/2025\/01\/13\/cruzeiro-a-declaracao-de-fabricio-bruno-direcionada-a-dudu\/"]}]},{"@type":"ImageObject","inLanguage":"pt-BR","@id":"https:\/\/www.gaveanews.com\/index.php\/2025\/01\/13\/cruzeiro-a-declaracao-de-fabricio-bruno-direcionada-a-dudu\/#primaryimage","url":"https:\/\/www.gaveanews.com\/wp-content\/uploads\/Bandeira-do-Cruzeiro.webp","contentUrl":"https:\/\/www.gaveanews.com\/wp-content\/uploads\/Bandeira-do-Cruzeiro.webp","width":1062,"height":708,"caption":"Bandeira do Cruzeiro (Foto: Reprodu\u00e7\u00e3o\/Cruzeiro)"},{"@type":"BreadcrumbList","@id":"https:\/\/www.gaveanews.com\/index.php\/2025\/01\/13\/cruzeiro-a-declaracao-de-fabricio-bruno-direcionada-a-dudu\/#breadcrumb","itemListElement":[{"@type":"ListItem","position":1,"name":"Home","item":"https:\/\/www.gaveanews.com\/"},{"@type":"ListItem","position":2,"name":"Cruzeiro: a declara\u00e7\u00e3o de Fabr\u00edcio Bruno direcionada a Dudu"}]},{"@type":"WebSite","@id":"https:\/\/www.gaveanews.com\/#website","url":"https:\/\/www.gaveanews.com\/","name":"G\u00e1vea News","description":"Veja todas as not\u00edcias sobre o Flamengo: Contrata\u00e7\u00f5es, categorias de base, resultados das partidas, tabela de classifica\u00e7\u00e3o, pr\u00f3ximos jogos!","potentialAction":[{"@type":"SearchAction","target":{"@type":"EntryPoint","urlTemplate":"https:\/\/www.gaveanews.com\/?s={search_term_string}"},"query-input":{"@type":"PropertyValueSpecification","valueRequired":true,"valueName":"search_term_string"}}],"inLanguage":"pt-BR"},{"@type":"Person","@id":"https:\/\/www.gaveanews.com\/#\/schema\/person\/a9f62fe75380c6bada1b2fc49bc23d69","name":"Marco Menezes","image":{"@type":"ImageObject","inLanguage":"pt-BR","@id":"https:\/\/www.gaveanews.com\/#\/schema\/person\/image\/","url":"https:\/\/secure.gravatar.com\/avatar\/a1d148ae17fc8bfc5dbccffd07979e8bd2c9ba494221779de86ec2c7907b71ec?s=96&d=mm&r=g","contentUrl":"https:\/\/secure.gravatar.com\/avatar\/a1d148ae17fc8bfc5dbccffd07979e8bd2c9ba494221779de86ec2c7907b71ec?s=96&d=mm&r=g","caption":"Marco Menezes"}}]}},"_links":{"self":[{"href":"https:\/\/www.gaveanews.com\/index.php\/wp-json\/wp\/v2\/posts\/211719","targetHints":{"allow":["GET"]}}],"collection":[{"href":"https:\/\/www.gaveanews.com\/index.php\/wp-json\/wp\/v2\/posts"}],"about":[{"href":"https:\/\/www.gaveanews.com\/index.php\/wp-json\/wp\/v2\/types\/post"}],"author":[{"embeddable":true,"href":"https:\/\/www.gaveanews.com\/index.php\/wp-json\/wp\/v2\/users\/29"}],"replies":[{"embeddable":true,"href":"https:\/\/www.gaveanews.com\/index.php\/wp-json\/wp\/v2\/comments?post=211719"}],"version-history":[{"count":3,"href":"https:\/\/www.gaveanews.com\/index.php\/wp-json\/wp\/v2\/posts\/211719\/revisions"}],"predecessor-version":[{"id":211997,"href":"https:\/\/www.gaveanews.com\/index.php\/wp-json\/wp\/v2\/posts\/211719\/revisions\/211997"}],"wp:featuredmedia":[{"embeddable":true,"href":"https:\/\/www.gaveanews.com\/index.php\/wp-json\/wp\/v2\/media\/175601"}],"wp:attachment":[{"href":"https:\/\/www.gaveanews.com\/index.php\/wp-json\/wp\/v2\/media?parent=211719"}],"wp:term":[{"taxonomy":"category","embeddable":true,"href":"https:\/\/www.gaveanews.com\/index.php\/wp-json\/wp\/v2\/categories?post=211719"},{"taxonomy":"post_tag","embeddable":true,"href":"https:\/\/www.gaveanews.com\/index.php\/wp-json\/wp\/v2\/tags?post=211719"}],"curies":[{"name":"wp","href":"https:\/\/api.w.org\/{rel}","templated":true}]}}