{"id":211776,"date":"2025-01-13T21:05:00","date_gmt":"2025-01-14T00:05:00","guid":{"rendered":"https:\/\/www.gaveanews.com\/?p=211776"},"modified":"2025-01-13T19:22:50","modified_gmt":"2025-01-13T22:22:50","slug":"oficial-bahia-anuncia-emprestimo-de-atacante","status":"publish","type":"post","link":"https:\/\/www.gaveanews.com\/index.php\/2025\/01\/13\/oficial-bahia-anuncia-emprestimo-de-atacante\/","title":{"rendered":"Oficial! Bahia anuncia empr\u00e9stimo de atacante"},"content":{"rendered":"\n<h2 class=\"wp-block-heading\" id=\"h-bahia-confirma-emprestimo-de-rafael-ratao\">Bahia confirma empr\u00e9stimo de Rafael Rat\u00e3o<\/h2>\n\n\n\n<p>Na segunda-feira (13), o Bahia anunciou o empr\u00e9stimo do atacante Rafael Rat\u00e3o, de 29 anos, para o Cerezo Osaka, do Jap\u00e3o. O contrato \u00e9 v\u00e1lido por uma temporada e inclui uma op\u00e7\u00e3o de compra ao final do per\u00edodo.<\/p>\n\n\n\n<ul class=\"wp-block-list\">\n<li><a href=\"https:\/\/www.gaveanews.com\/index.php\/2025\/01\/12\/bahia-acerta-contratacao-de-novo-reforco\/\">Bahia acerta contrata\u00e7\u00e3o de novo refor\u00e7o<\/a><\/li>\n\n\n\n<li><a href=\"https:\/\/www.gaveanews.com\/index.php\/2025\/01\/12\/bahia-vai-pagar-quantia-milionaria-para-contratar-zagueiro\/\">Bahia vai pagar quantia milion\u00e1ria para contratar zagueiro<\/a><\/li>\n<\/ul>\n\n\n\n<p>Conforme informado pela Itatiaia na \u00faltima sexta-feira (10), Rat\u00e3o n\u00e3o viajou com a equipe para Girona, na Espanha, onde o time profissional ir\u00e1 realizar a pr\u00e9-temporada de 2025.<\/p>\n\n\n\n<p>Este n\u00e3o \u00e9 o primeiro desafio internacional de Rat\u00e3o. Durante sua trajet\u00f3ria, ele passou por clubes como Albirex Niigata, no Jap\u00e3o; Chungju Hummel, na Coreia do Sul; Zorya, na Ucr\u00e2nia; Slovan Bratislava, na Eslov\u00e1quia; e Toulouse, na Fran\u00e7a.<\/p>\n\n\n\n<figure class=\"wp-block-image size-full\"><img loading=\"lazy\" decoding=\"async\" width=\"969\" height=\"856\" src=\"https:\/\/www.gaveanews.com\/wp-content\/uploads\/Rafael-Ratao-pelo-Bahia.webp\" alt=\"\" class=\"wp-image-172485\" srcset=\"https:\/\/www.gaveanews.com\/wp-content\/uploads\/Rafael-Ratao-pelo-Bahia.webp 969w, https:\/\/www.gaveanews.com\/wp-content\/uploads\/Rafael-Ratao-pelo-Bahia-300x265.webp 300w, https:\/\/www.gaveanews.com\/wp-content\/uploads\/Rafael-Ratao-pelo-Bahia-768x678.webp 768w, https:\/\/www.gaveanews.com\/wp-content\/uploads\/Rafael-Ratao-pelo-Bahia-475x420.webp 475w, https:\/\/www.gaveanews.com\/wp-content\/uploads\/Rafael-Ratao-pelo-Bahia-951x840.webp 951w, https:\/\/www.gaveanews.com\/wp-content\/uploads\/Rafael-Ratao-pelo-Bahia-640x565.webp 640w, https:\/\/www.gaveanews.com\/wp-content\/uploads\/Rafael-Ratao-pelo-Bahia-681x602.webp 681w, https:\/\/www.gaveanews.com\/wp-content\/uploads\/Rafael-Ratao-pelo-Bahia-100x88.webp 100w\" sizes=\"auto, (max-width: 969px) 100vw, 969px\" \/><figcaption class=\"wp-element-caption\">Rafael Rat\u00e3o pelo Bahia (Foto: Felipe Oliveira\/EC Bahia)<\/figcaption><\/figure>\n\n\n\n<p>No Brasil, ele atuou por Ponte Preta, Penapolense-SP, Boa Esporte-MG, Guaratinguet\u00e1-SP, N\u00e1utico, Atl\u00e9tico Tubar\u00e3o-SC, Luverdense-MS, Novorizontino-SP e Oeste-SP. Rat\u00e3o chegou ao Bahia em 2023 e contabiliza 10 gols e quatro assist\u00eancias em 54 jogos. Nesse intervalo de tempo, o atacante teve uma contribui\u00e7\u00e3o relevante para o rendimento do time.<\/p>\n\n\n\n<p>A sa\u00edda de Rat\u00e3o marca a sexta mudan\u00e7a no elenco do Bahia em compara\u00e7\u00e3o ao time do ano passado. Al\u00e9m dele, tamb\u00e9m j\u00e1 deixaram o clube o zagueiro Victor Cuesta, o lateral-direito Cicinho, o goleiro Adriel e os meias Carlos de Pena e Thaciano.<\/p>\n\n\n\n<p>O Bahia expressa gratid\u00e3o a Rafael Rat\u00e3o pelos servi\u00e7os prestados e deseja \u00eaxito na continua\u00e7\u00e3o de sua trajet\u00f3ria profissional. O clube continua comprometido em aprimorar seu time para a temporada de 2025.<\/p>\n\n\n\n<p>Simultaneamente, o Esquadr\u00e3o confirmou a adi\u00e7\u00e3o de quatro refor\u00e7os os meio-campistas Erick, Michel Ara\u00fajo e Rodrigo Nestor, al\u00e9m do atacante Erick Pulga. O Grupo City, propriet\u00e1rio da SAF Tricolor, est\u00e1 em negocia\u00e7\u00f5es para contratar o atacante Willian Jos\u00e9, que atualmente joga no Spartak Moscou.<\/p>\n\n\n\n<h2 class=\"wp-block-heading\" id=\"h-quando-o-bahia-joga\">Quando o Bahia joga?<\/h2>\n\n\n\n<p>Na quinta-feira (16), \u00e0s 21h30, o Bahia entra em campo contra o Atl\u00e9tico de Alagoinhas na Arena Fonte Nova, em partida v\u00e1lida pela segunda rodada do campeonato baiano.<\/p>\n","protected":false},"excerpt":{"rendered":"<p>Bahia confirma empr\u00e9stimo de Rafael Rat\u00e3o Na segunda-feira (13), o Bahia anunciou o empr\u00e9stimo do atacante Rafael Rat\u00e3o, de 29 anos, para o Cerezo Osaka, do Jap\u00e3o. O contrato \u00e9 v\u00e1lido por uma temporada e inclui uma op\u00e7\u00e3o de compra ao final do per\u00edodo. Conforme informado pela Itatiaia na \u00faltima sexta-feira (10), Rat\u00e3o n\u00e3o viajou [&hellip;]<\/p>\n","protected":false},"author":16,"featured_media":155116,"comment_status":"open","ping_status":"closed","sticky":false,"template":"","format":"standard","meta":{"footnotes":""},"categories":[137],"tags":[],"class_list":["post-211776","post","type-post","status-publish","format-standard","has-post-thumbnail","hentry","category-bahia"],"yoast_head":"<!-- This site is optimized with the Yoast SEO Premium plugin v24.2 (Yoast SEO v26.9) - https:\/\/yoast.com\/product\/yoast-seo-premium-wordpress\/ -->\n<title>Oficial! Bahia anuncia empr\u00e9stimo de atacante<\/title>\n<meta name=\"robots\" content=\"index, follow, max-snippet:-1, max-image-preview:large, max-video-preview:-1\" \/>\n<link rel=\"canonical\" href=\"https:\/\/www.gaveanews.com\/index.php\/2025\/01\/13\/oficial-bahia-anuncia-emprestimo-de-atacante\/\" \/>\n<meta property=\"og:locale\" content=\"pt_BR\" \/>\n<meta property=\"og:type\" content=\"article\" \/>\n<meta property=\"og:title\" content=\"Oficial! Bahia anuncia empr\u00e9stimo de atacante\" \/>\n<meta property=\"og:description\" content=\"Bahia confirma empr\u00e9stimo de Rafael Rat\u00e3o Na segunda-feira (13), o Bahia anunciou o empr\u00e9stimo do atacante Rafael Rat\u00e3o, de 29 anos, para o Cerezo Osaka, do Jap\u00e3o. O contrato \u00e9 v\u00e1lido por uma temporada e inclui uma op\u00e7\u00e3o de compra ao final do per\u00edodo. Conforme informado pela Itatiaia na \u00faltima sexta-feira (10), Rat\u00e3o n\u00e3o viajou [&hellip;]\" \/>\n<meta property=\"og:url\" content=\"https:\/\/www.gaveanews.com\/index.php\/2025\/01\/13\/oficial-bahia-anuncia-emprestimo-de-atacante\/\" \/>\n<meta property=\"og:site_name\" content=\"G\u00e1vea News\" \/>\n<meta property=\"article:publisher\" content=\"https:\/\/facebook.com\/gaveaNews\/\" \/>\n<meta property=\"article:published_time\" content=\"2025-01-14T00:05:00+00:00\" \/>\n<meta property=\"og:image\" content=\"https:\/\/www.gaveanews.com\/wp-content\/uploads\/Escudo-do-Bahia.webp\" \/>\n\t<meta property=\"og:image:width\" content=\"2048\" \/>\n\t<meta property=\"og:image:height\" content=\"1366\" \/>\n\t<meta property=\"og:image:type\" content=\"image\/jpeg\" \/>\n<meta name=\"author\" content=\"D\u00e9bora Figueiredo\" \/>\n<meta name=\"twitter:card\" content=\"summary_large_image\" \/>\n<meta name=\"twitter:label1\" content=\"Escrito por\" \/>\n\t<meta name=\"twitter:data1\" content=\"D\u00e9bora Figueiredo\" \/>\n\t<meta name=\"twitter:label2\" content=\"Est. tempo de leitura\" \/>\n\t<meta name=\"twitter:data2\" content=\"3 minutos\" \/>\n<script type=\"application\/ld+json\" class=\"yoast-schema-graph\">{\"@context\":\"https:\/\/schema.org\",\"@graph\":[{\"@type\":\"NewsArticle\",\"@id\":\"https:\/\/www.gaveanews.com\/index.php\/2025\/01\/13\/oficial-bahia-anuncia-emprestimo-de-atacante\/#article\",\"isPartOf\":{\"@id\":\"https:\/\/www.gaveanews.com\/index.php\/2025\/01\/13\/oficial-bahia-anuncia-emprestimo-de-atacante\/\"},\"author\":{\"name\":\"D\u00e9bora Figueiredo\",\"@id\":\"https:\/\/www.gaveanews.com\/#\/schema\/person\/37122681a8575a5c8db05a56f099a5e4\"},\"headline\":\"Oficial! Bahia anuncia empr\u00e9stimo de atacante\",\"datePublished\":\"2025-01-14T00:05:00+00:00\",\"mainEntityOfPage\":{\"@id\":\"https:\/\/www.gaveanews.com\/index.php\/2025\/01\/13\/oficial-bahia-anuncia-emprestimo-de-atacante\/\"},\"wordCount\":379,\"commentCount\":0,\"image\":{\"@id\":\"https:\/\/www.gaveanews.com\/index.php\/2025\/01\/13\/oficial-bahia-anuncia-emprestimo-de-atacante\/#primaryimage\"},\"thumbnailUrl\":\"https:\/\/www.gaveanews.com\/wp-content\/uploads\/Escudo-do-Bahia.webp\",\"articleSection\":[\"Bahia\"],\"inLanguage\":\"pt-BR\",\"potentialAction\":[{\"@type\":\"CommentAction\",\"name\":\"Comment\",\"target\":[\"https:\/\/www.gaveanews.com\/index.php\/2025\/01\/13\/oficial-bahia-anuncia-emprestimo-de-atacante\/#respond\"]}],\"copyrightYear\":\"2025\",\"copyrightHolder\":{\"@id\":\"https:\/\/www.gaveanews.com\/#organization\"}},{\"@type\":\"WebPage\",\"@id\":\"https:\/\/www.gaveanews.com\/index.php\/2025\/01\/13\/oficial-bahia-anuncia-emprestimo-de-atacante\/\",\"url\":\"https:\/\/www.gaveanews.com\/index.php\/2025\/01\/13\/oficial-bahia-anuncia-emprestimo-de-atacante\/\",\"name\":\"Oficial! Bahia anuncia empr\u00e9stimo de atacante\",\"isPartOf\":{\"@id\":\"https:\/\/www.gaveanews.com\/#website\"},\"primaryImageOfPage\":{\"@id\":\"https:\/\/www.gaveanews.com\/index.php\/2025\/01\/13\/oficial-bahia-anuncia-emprestimo-de-atacante\/#primaryimage\"},\"image\":{\"@id\":\"https:\/\/www.gaveanews.com\/index.php\/2025\/01\/13\/oficial-bahia-anuncia-emprestimo-de-atacante\/#primaryimage\"},\"thumbnailUrl\":\"https:\/\/www.gaveanews.com\/wp-content\/uploads\/Escudo-do-Bahia.webp\",\"datePublished\":\"2025-01-14T00:05:00+00:00\",\"author\":{\"@id\":\"https:\/\/www.gaveanews.com\/#\/schema\/person\/37122681a8575a5c8db05a56f099a5e4\"},\"breadcrumb\":{\"@id\":\"https:\/\/www.gaveanews.com\/index.php\/2025\/01\/13\/oficial-bahia-anuncia-emprestimo-de-atacante\/#breadcrumb\"},\"inLanguage\":\"pt-BR\",\"potentialAction\":[{\"@type\":\"ReadAction\",\"target\":[\"https:\/\/www.gaveanews.com\/index.php\/2025\/01\/13\/oficial-bahia-anuncia-emprestimo-de-atacante\/\"]}]},{\"@type\":\"ImageObject\",\"inLanguage\":\"pt-BR\",\"@id\":\"https:\/\/www.gaveanews.com\/index.php\/2025\/01\/13\/oficial-bahia-anuncia-emprestimo-de-atacante\/#primaryimage\",\"url\":\"https:\/\/www.gaveanews.com\/wp-content\/uploads\/Escudo-do-Bahia.webp\",\"contentUrl\":\"https:\/\/www.gaveanews.com\/wp-content\/uploads\/Escudo-do-Bahia.webp\",\"width\":2048,\"height\":1366,\"caption\":\"Escudo do Bahia (Foto: Reprodu\u00e7\u00e3o)\"},{\"@type\":\"BreadcrumbList\",\"@id\":\"https:\/\/www.gaveanews.com\/index.php\/2025\/01\/13\/oficial-bahia-anuncia-emprestimo-de-atacante\/#breadcrumb\",\"itemListElement\":[{\"@type\":\"ListItem\",\"position\":1,\"name\":\"Home\",\"item\":\"https:\/\/www.gaveanews.com\/\"},{\"@type\":\"ListItem\",\"position\":2,\"name\":\"Oficial! Bahia anuncia empr\u00e9stimo de atacante\"}]},{\"@type\":\"WebSite\",\"@id\":\"https:\/\/www.gaveanews.com\/#website\",\"url\":\"https:\/\/www.gaveanews.com\/\",\"name\":\"G\u00e1vea News\",\"description\":\"Veja todas as not\u00edcias sobre o Flamengo: Contrata\u00e7\u00f5es, categorias de base, resultados das partidas, tabela de classifica\u00e7\u00e3o, pr\u00f3ximos jogos!\",\"potentialAction\":[{\"@type\":\"SearchAction\",\"target\":{\"@type\":\"EntryPoint\",\"urlTemplate\":\"https:\/\/www.gaveanews.com\/?s={search_term_string}\"},\"query-input\":{\"@type\":\"PropertyValueSpecification\",\"valueRequired\":true,\"valueName\":\"search_term_string\"}}],\"inLanguage\":\"pt-BR\"},{\"@type\":\"Person\",\"@id\":\"https:\/\/www.gaveanews.com\/#\/schema\/person\/37122681a8575a5c8db05a56f099a5e4\",\"name\":\"D\u00e9bora Figueiredo\",\"image\":{\"@type\":\"ImageObject\",\"inLanguage\":\"pt-BR\",\"@id\":\"https:\/\/www.gaveanews.com\/#\/schema\/person\/image\/\",\"url\":\"https:\/\/secure.gravatar.com\/avatar\/1f44802859351588499d26f52aed1d15796ce17e67602895b72837c08018868d?s=96&d=mm&r=g\",\"contentUrl\":\"https:\/\/secure.gravatar.com\/avatar\/1f44802859351588499d26f52aed1d15796ce17e67602895b72837c08018868d?s=96&d=mm&r=g\",\"caption\":\"D\u00e9bora Figueiredo\"}}]}<\/script>\n<!-- \/ Yoast SEO Premium plugin. -->","yoast_head_json":{"title":"Oficial! Bahia anuncia empr\u00e9stimo de atacante","robots":{"index":"index","follow":"follow","max-snippet":"max-snippet:-1","max-image-preview":"max-image-preview:large","max-video-preview":"max-video-preview:-1"},"canonical":"https:\/\/www.gaveanews.com\/index.php\/2025\/01\/13\/oficial-bahia-anuncia-emprestimo-de-atacante\/","og_locale":"pt_BR","og_type":"article","og_title":"Oficial! Bahia anuncia empr\u00e9stimo de atacante","og_description":"Bahia confirma empr\u00e9stimo de Rafael Rat\u00e3o Na segunda-feira (13), o Bahia anunciou o empr\u00e9stimo do atacante Rafael Rat\u00e3o, de 29 anos, para o Cerezo Osaka, do Jap\u00e3o. O contrato \u00e9 v\u00e1lido por uma temporada e inclui uma op\u00e7\u00e3o de compra ao final do per\u00edodo. Conforme informado pela Itatiaia na \u00faltima sexta-feira (10), Rat\u00e3o n\u00e3o viajou [&hellip;]","og_url":"https:\/\/www.gaveanews.com\/index.php\/2025\/01\/13\/oficial-bahia-anuncia-emprestimo-de-atacante\/","og_site_name":"G\u00e1vea News","article_publisher":"https:\/\/facebook.com\/gaveaNews\/","article_published_time":"2025-01-14T00:05:00+00:00","og_image":[{"width":2048,"height":1366,"url":"https:\/\/www.gaveanews.com\/wp-content\/uploads\/Escudo-do-Bahia.webp","type":"image\/jpeg"}],"author":"D\u00e9bora Figueiredo","twitter_card":"summary_large_image","twitter_misc":{"Escrito por":"D\u00e9bora Figueiredo","Est. tempo de leitura":"3 minutos"},"schema":{"@context":"https:\/\/schema.org","@graph":[{"@type":"NewsArticle","@id":"https:\/\/www.gaveanews.com\/index.php\/2025\/01\/13\/oficial-bahia-anuncia-emprestimo-de-atacante\/#article","isPartOf":{"@id":"https:\/\/www.gaveanews.com\/index.php\/2025\/01\/13\/oficial-bahia-anuncia-emprestimo-de-atacante\/"},"author":{"name":"D\u00e9bora Figueiredo","@id":"https:\/\/www.gaveanews.com\/#\/schema\/person\/37122681a8575a5c8db05a56f099a5e4"},"headline":"Oficial! Bahia anuncia empr\u00e9stimo de atacante","datePublished":"2025-01-14T00:05:00+00:00","mainEntityOfPage":{"@id":"https:\/\/www.gaveanews.com\/index.php\/2025\/01\/13\/oficial-bahia-anuncia-emprestimo-de-atacante\/"},"wordCount":379,"commentCount":0,"image":{"@id":"https:\/\/www.gaveanews.com\/index.php\/2025\/01\/13\/oficial-bahia-anuncia-emprestimo-de-atacante\/#primaryimage"},"thumbnailUrl":"https:\/\/www.gaveanews.com\/wp-content\/uploads\/Escudo-do-Bahia.webp","articleSection":["Bahia"],"inLanguage":"pt-BR","potentialAction":[{"@type":"CommentAction","name":"Comment","target":["https:\/\/www.gaveanews.com\/index.php\/2025\/01\/13\/oficial-bahia-anuncia-emprestimo-de-atacante\/#respond"]}],"copyrightYear":"2025","copyrightHolder":{"@id":"https:\/\/www.gaveanews.com\/#organization"}},{"@type":"WebPage","@id":"https:\/\/www.gaveanews.com\/index.php\/2025\/01\/13\/oficial-bahia-anuncia-emprestimo-de-atacante\/","url":"https:\/\/www.gaveanews.com\/index.php\/2025\/01\/13\/oficial-bahia-anuncia-emprestimo-de-atacante\/","name":"Oficial! Bahia anuncia empr\u00e9stimo de atacante","isPartOf":{"@id":"https:\/\/www.gaveanews.com\/#website"},"primaryImageOfPage":{"@id":"https:\/\/www.gaveanews.com\/index.php\/2025\/01\/13\/oficial-bahia-anuncia-emprestimo-de-atacante\/#primaryimage"},"image":{"@id":"https:\/\/www.gaveanews.com\/index.php\/2025\/01\/13\/oficial-bahia-anuncia-emprestimo-de-atacante\/#primaryimage"},"thumbnailUrl":"https:\/\/www.gaveanews.com\/wp-content\/uploads\/Escudo-do-Bahia.webp","datePublished":"2025-01-14T00:05:00+00:00","author":{"@id":"https:\/\/www.gaveanews.com\/#\/schema\/person\/37122681a8575a5c8db05a56f099a5e4"},"breadcrumb":{"@id":"https:\/\/www.gaveanews.com\/index.php\/2025\/01\/13\/oficial-bahia-anuncia-emprestimo-de-atacante\/#breadcrumb"},"inLanguage":"pt-BR","potentialAction":[{"@type":"ReadAction","target":["https:\/\/www.gaveanews.com\/index.php\/2025\/01\/13\/oficial-bahia-anuncia-emprestimo-de-atacante\/"]}]},{"@type":"ImageObject","inLanguage":"pt-BR","@id":"https:\/\/www.gaveanews.com\/index.php\/2025\/01\/13\/oficial-bahia-anuncia-emprestimo-de-atacante\/#primaryimage","url":"https:\/\/www.gaveanews.com\/wp-content\/uploads\/Escudo-do-Bahia.webp","contentUrl":"https:\/\/www.gaveanews.com\/wp-content\/uploads\/Escudo-do-Bahia.webp","width":2048,"height":1366,"caption":"Escudo do Bahia (Foto: Reprodu\u00e7\u00e3o)"},{"@type":"BreadcrumbList","@id":"https:\/\/www.gaveanews.com\/index.php\/2025\/01\/13\/oficial-bahia-anuncia-emprestimo-de-atacante\/#breadcrumb","itemListElement":[{"@type":"ListItem","position":1,"name":"Home","item":"https:\/\/www.gaveanews.com\/"},{"@type":"ListItem","position":2,"name":"Oficial! Bahia anuncia empr\u00e9stimo de atacante"}]},{"@type":"WebSite","@id":"https:\/\/www.gaveanews.com\/#website","url":"https:\/\/www.gaveanews.com\/","name":"G\u00e1vea News","description":"Veja todas as not\u00edcias sobre o Flamengo: Contrata\u00e7\u00f5es, categorias de base, resultados das partidas, tabela de classifica\u00e7\u00e3o, pr\u00f3ximos jogos!","potentialAction":[{"@type":"SearchAction","target":{"@type":"EntryPoint","urlTemplate":"https:\/\/www.gaveanews.com\/?s={search_term_string}"},"query-input":{"@type":"PropertyValueSpecification","valueRequired":true,"valueName":"search_term_string"}}],"inLanguage":"pt-BR"},{"@type":"Person","@id":"https:\/\/www.gaveanews.com\/#\/schema\/person\/37122681a8575a5c8db05a56f099a5e4","name":"D\u00e9bora Figueiredo","image":{"@type":"ImageObject","inLanguage":"pt-BR","@id":"https:\/\/www.gaveanews.com\/#\/schema\/person\/image\/","url":"https:\/\/secure.gravatar.com\/avatar\/1f44802859351588499d26f52aed1d15796ce17e67602895b72837c08018868d?s=96&d=mm&r=g","contentUrl":"https:\/\/secure.gravatar.com\/avatar\/1f44802859351588499d26f52aed1d15796ce17e67602895b72837c08018868d?s=96&d=mm&r=g","caption":"D\u00e9bora Figueiredo"}}]}},"_links":{"self":[{"href":"https:\/\/www.gaveanews.com\/index.php\/wp-json\/wp\/v2\/posts\/211776","targetHints":{"allow":["GET"]}}],"collection":[{"href":"https:\/\/www.gaveanews.com\/index.php\/wp-json\/wp\/v2\/posts"}],"about":[{"href":"https:\/\/www.gaveanews.com\/index.php\/wp-json\/wp\/v2\/types\/post"}],"author":[{"embeddable":true,"href":"https:\/\/www.gaveanews.com\/index.php\/wp-json\/wp\/v2\/users\/16"}],"replies":[{"embeddable":true,"href":"https:\/\/www.gaveanews.com\/index.php\/wp-json\/wp\/v2\/comments?post=211776"}],"version-history":[{"count":1,"href":"https:\/\/www.gaveanews.com\/index.php\/wp-json\/wp\/v2\/posts\/211776\/revisions"}],"predecessor-version":[{"id":211783,"href":"https:\/\/www.gaveanews.com\/index.php\/wp-json\/wp\/v2\/posts\/211776\/revisions\/211783"}],"wp:featuredmedia":[{"embeddable":true,"href":"https:\/\/www.gaveanews.com\/index.php\/wp-json\/wp\/v2\/media\/155116"}],"wp:attachment":[{"href":"https:\/\/www.gaveanews.com\/index.php\/wp-json\/wp\/v2\/media?parent=211776"}],"wp:term":[{"taxonomy":"category","embeddable":true,"href":"https:\/\/www.gaveanews.com\/index.php\/wp-json\/wp\/v2\/categories?post=211776"},{"taxonomy":"post_tag","embeddable":true,"href":"https:\/\/www.gaveanews.com\/index.php\/wp-json\/wp\/v2\/tags?post=211776"}],"curies":[{"name":"wp","href":"https:\/\/api.w.org\/{rel}","templated":true}]}}