{"id":211796,"date":"2025-01-13T12:28:36","date_gmt":"2025-01-13T15:28:36","guid":{"rendered":"https:\/\/www.gaveanews.com\/?p=211796"},"modified":"2025-01-13T12:28:39","modified_gmt":"2025-01-13T15:28:39","slug":"palmeiras-a-declaracao-de-velloso-sobre-a-contratacao-de-dybala","status":"publish","type":"post","link":"https:\/\/www.gaveanews.com\/index.php\/2025\/01\/13\/palmeiras-a-declaracao-de-velloso-sobre-a-contratacao-de-dybala\/","title":{"rendered":"Palmeiras: a declara\u00e7\u00e3o de Velloso sobre a contrata\u00e7\u00e3o de Dybala"},"content":{"rendered":"\n<p>O mercado de transfer\u00eancias nesta janela continua agitado no futebol brasileiro, com clubes em busca de refor\u00e7os para a temporada de 2025. No Palmeiras, no entanto, as \u00fanicas contrata\u00e7\u00f5es confirmadas at\u00e9 o momento s\u00e3o Facundo Torres e Paulinho, que chegam para refor\u00e7ar o elenco. A expectativa \u00e9 que o clube paulista ainda se movimente em busca de novas pe\u00e7as para fortalecer seu time para os desafios da temporada.<\/p>\n\n\n\n<ul class=\"wp-block-list\">\n<li><a href=\"https:\/\/www.gaveanews.com\/index.php\/2025\/01\/11\/palmeiras-acerta-renovacao-de-contrato\/\">Palmeiras acerta renova\u00e7\u00e3o de contrato<\/a><\/li>\n\n\n\n<li><a href=\"https:\/\/www.gaveanews.com\/index.php\/2025\/01\/11\/palmeiras-toma-decisao-importante-sobre-andreas-pereira\/\">Palmeiras toma decis\u00e3o importante sobre Andreas Pereira<\/a><\/li>\n<\/ul>\n\n\n\n<p>Juntos, os atletas contratados pelo Verd\u00e3o somaram um valor aproximado de R$ 200 milh\u00f5es, um investimento consider\u00e1vel por parte do time. No entanto, o comentarista Velloso, acredita que o clube deveria ser mais agressivo nas negocia\u00e7\u00f5es. Segundo ele, uma contrata\u00e7\u00e3o de peso como a de Paulo Dybala iria, elevar ainda mais o n\u00edvel da equipe para os desafios que vir\u00e3o.<\/p>\n\n\n\n<h2 class=\"wp-block-heading\" id=\"h-os-dizeres-de-velloso\">Os dizeres de Velloso:<\/h2>\n\n\n\n<p>\u201cO Dybala seria um jogador interessante para a fun\u00e7\u00e3o, mas at\u00e9 agora, embora o jogador esteja para sair da Roma, n\u00e3o existe nenhuma nenhuma sondagem, o que eu acho ser um erro grav\u00edssimo\u201d &#8211; iniciou o comentarista. &#8220;A equipe vem sofrendo demais com a falta desse atleta com a camisa 9\u201d<em>,<\/em>\u00a0disse o ex-goleiro\u00a0durante o programa Os Donos da Bola.\u00a0Dybala tem contrato com a Roma at\u00e9 o meio do ano e pode deixar a equipe italiana de gra\u00e7a. <\/p>\n\n\n\n<p>As falas de Velloso para o Verd\u00e3o repercutiram muito entre a torcida, e fizeram os palmeirenses\u00a0voltarem a pedir Dybala\u00a0na equipe do Allianz Parque ainda para esta temporada. No X, alguns torcedores deram as suas declara\u00e7\u00f5es: <em><strong>\u201c<\/strong><\/em>N\u00e3o estou entendo a dificuldade do Palmeiras em oferecer 4 Milh\u00f5es ao Dybala ou no Belloti, pelo menos tentar\u201d. \u201cRapaz Dybala ia cair bem no Palmeiras e valor dele n\u00e3o \u00e9 alto! O cara \u00e9 campe\u00e3o do mundo!\u201d<\/p>\n\n\n\n<h2 class=\"wp-block-heading\" id=\"h-os-numeros-de-dybala\">Os n\u00fameros de Dybala<\/h2>\n\n\n\n<p>O meia-atacante\u00a0Paulo Dybala, alcan\u00e7ou no ano passado uma marca importante no futebol italiano. O jogador de 31 anos\u00a0chegou a 127 gols na Serie A\u00a0e ultrapassou\u00a0Gonzalo Higua\u00edn\u00a0se tornando o\u00a0terceiro maior artilheiro argentino da hist\u00f3ria da liga. Dybala, foi revelado pelo Instituto, de C\u00f3rdoba,\u00a0e se transferiu \u00e0 It\u00e1lia em 2012 para defender o Palermo. Ap\u00f3s se destacar pelo clube, foi contratado pela Juventus, onde viveu seu auge e come\u00e7ou a ser chamado como La Joya da Juve. <\/p>\n\n\n\n<p>Ap\u00f3s conquistar 5 t\u00edtulos da Serie A, 4 Copas da It\u00e1lia e tr\u00eas Supercopas nacionais durante sua passagem na Juventus, o craque se transferiu para a Roma, em 2022. Paulo Dybala tamb\u00e9m fez parte do\u00a0elenco da Argentina que se sagrou campe\u00e3 mundial no Catar, em 2022. O meia-atacante, inclusive, entrou durante a final e foi um dos cobradores da Albiceleste na disputa por p\u00eanaltis, que terminou com vit\u00f3ria dos comandados de\u00a0Lionel Scaloni.<\/p>\n\n\n\n<p><\/p>\n","protected":false},"excerpt":{"rendered":"<p>O mercado de transfer\u00eancias nesta janela continua agitado no futebol brasileiro, com clubes em busca de refor\u00e7os para a temporada de 2025. No Palmeiras, no entanto, as \u00fanicas contrata\u00e7\u00f5es confirmadas at\u00e9 o momento s\u00e3o Facundo Torres e Paulinho, que chegam para refor\u00e7ar o elenco. A expectativa \u00e9 que o clube paulista ainda se movimente em [&hellip;]<\/p>\n","protected":false},"author":31,"featured_media":130341,"comment_status":"open","ping_status":"closed","sticky":false,"template":"","format":"standard","meta":{"footnotes":""},"categories":[150],"tags":[],"class_list":["post-211796","post","type-post","status-publish","format-standard","has-post-thumbnail","hentry","category-palmeiras"],"yoast_head":"<!-- This site is optimized with the Yoast SEO Premium plugin v24.2 (Yoast SEO v26.9) - https:\/\/yoast.com\/product\/yoast-seo-premium-wordpress\/ -->\n<title>Palmeiras: a declara\u00e7\u00e3o de Velloso sobre a contrata\u00e7\u00e3o de Dybala<\/title>\n<meta name=\"robots\" content=\"index, follow, max-snippet:-1, max-image-preview:large, max-video-preview:-1\" \/>\n<link rel=\"canonical\" href=\"https:\/\/www.gaveanews.com\/index.php\/2025\/01\/13\/palmeiras-a-declaracao-de-velloso-sobre-a-contratacao-de-dybala\/\" \/>\n<meta property=\"og:locale\" content=\"pt_BR\" \/>\n<meta property=\"og:type\" content=\"article\" \/>\n<meta property=\"og:title\" content=\"Palmeiras: a declara\u00e7\u00e3o de Velloso sobre a contrata\u00e7\u00e3o de Dybala\" \/>\n<meta property=\"og:description\" content=\"O mercado de transfer\u00eancias nesta janela continua agitado no futebol brasileiro, com clubes em busca de refor\u00e7os para a temporada de 2025. No Palmeiras, no entanto, as \u00fanicas contrata\u00e7\u00f5es confirmadas at\u00e9 o momento s\u00e3o Facundo Torres e Paulinho, que chegam para refor\u00e7ar o elenco. A expectativa \u00e9 que o clube paulista ainda se movimente em [&hellip;]\" \/>\n<meta property=\"og:url\" content=\"https:\/\/www.gaveanews.com\/index.php\/2025\/01\/13\/palmeiras-a-declaracao-de-velloso-sobre-a-contratacao-de-dybala\/\" \/>\n<meta property=\"og:site_name\" content=\"G\u00e1vea News\" \/>\n<meta property=\"article:publisher\" content=\"https:\/\/facebook.com\/gaveaNews\/\" \/>\n<meta property=\"article:published_time\" content=\"2025-01-13T15:28:36+00:00\" \/>\n<meta property=\"article:modified_time\" content=\"2025-01-13T15:28:39+00:00\" \/>\n<meta property=\"og:image\" content=\"https:\/\/www.gaveanews.com\/wp-content\/uploads\/Paulo-Dybala-em-acao-pela-Roma-Foto-ReproducaoInstagram.webp\" \/>\n\t<meta property=\"og:image:width\" content=\"1391\" \/>\n\t<meta property=\"og:image:height\" content=\"927\" \/>\n\t<meta property=\"og:image:type\" content=\"image\/webp\" \/>\n<meta name=\"author\" content=\"Michel Camargo\" \/>\n<meta name=\"twitter:card\" content=\"summary_large_image\" \/>\n<meta name=\"twitter:label1\" content=\"Escrito por\" \/>\n\t<meta name=\"twitter:data1\" content=\"Michel Camargo\" \/>\n\t<meta name=\"twitter:label2\" content=\"Est. tempo de leitura\" \/>\n\t<meta name=\"twitter:data2\" content=\"3 minutos\" \/>\n<script type=\"application\/ld+json\" class=\"yoast-schema-graph\">{\"@context\":\"https:\/\/schema.org\",\"@graph\":[{\"@type\":\"NewsArticle\",\"@id\":\"https:\/\/www.gaveanews.com\/index.php\/2025\/01\/13\/palmeiras-a-declaracao-de-velloso-sobre-a-contratacao-de-dybala\/#article\",\"isPartOf\":{\"@id\":\"https:\/\/www.gaveanews.com\/index.php\/2025\/01\/13\/palmeiras-a-declaracao-de-velloso-sobre-a-contratacao-de-dybala\/\"},\"author\":{\"name\":\"Michel Camargo\",\"@id\":\"https:\/\/www.gaveanews.com\/#\/schema\/person\/6f5583f09aa4bcc9866a7360b5604486\"},\"headline\":\"Palmeiras: a declara\u00e7\u00e3o de Velloso sobre a contrata\u00e7\u00e3o de Dybala\",\"datePublished\":\"2025-01-13T15:28:36+00:00\",\"dateModified\":\"2025-01-13T15:28:39+00:00\",\"mainEntityOfPage\":{\"@id\":\"https:\/\/www.gaveanews.com\/index.php\/2025\/01\/13\/palmeiras-a-declaracao-de-velloso-sobre-a-contratacao-de-dybala\/\"},\"wordCount\":496,\"commentCount\":0,\"image\":{\"@id\":\"https:\/\/www.gaveanews.com\/index.php\/2025\/01\/13\/palmeiras-a-declaracao-de-velloso-sobre-a-contratacao-de-dybala\/#primaryimage\"},\"thumbnailUrl\":\"https:\/\/www.gaveanews.com\/wp-content\/uploads\/Paulo-Dybala-em-acao-pela-Roma-Foto-ReproducaoInstagram.webp\",\"articleSection\":[\"Palmeiras\"],\"inLanguage\":\"pt-BR\",\"potentialAction\":[{\"@type\":\"CommentAction\",\"name\":\"Comment\",\"target\":[\"https:\/\/www.gaveanews.com\/index.php\/2025\/01\/13\/palmeiras-a-declaracao-de-velloso-sobre-a-contratacao-de-dybala\/#respond\"]}],\"copyrightYear\":\"2025\",\"copyrightHolder\":{\"@id\":\"https:\/\/www.gaveanews.com\/#organization\"}},{\"@type\":\"WebPage\",\"@id\":\"https:\/\/www.gaveanews.com\/index.php\/2025\/01\/13\/palmeiras-a-declaracao-de-velloso-sobre-a-contratacao-de-dybala\/\",\"url\":\"https:\/\/www.gaveanews.com\/index.php\/2025\/01\/13\/palmeiras-a-declaracao-de-velloso-sobre-a-contratacao-de-dybala\/\",\"name\":\"Palmeiras: a declara\u00e7\u00e3o de Velloso sobre a contrata\u00e7\u00e3o de Dybala\",\"isPartOf\":{\"@id\":\"https:\/\/www.gaveanews.com\/#website\"},\"primaryImageOfPage\":{\"@id\":\"https:\/\/www.gaveanews.com\/index.php\/2025\/01\/13\/palmeiras-a-declaracao-de-velloso-sobre-a-contratacao-de-dybala\/#primaryimage\"},\"image\":{\"@id\":\"https:\/\/www.gaveanews.com\/index.php\/2025\/01\/13\/palmeiras-a-declaracao-de-velloso-sobre-a-contratacao-de-dybala\/#primaryimage\"},\"thumbnailUrl\":\"https:\/\/www.gaveanews.com\/wp-content\/uploads\/Paulo-Dybala-em-acao-pela-Roma-Foto-ReproducaoInstagram.webp\",\"datePublished\":\"2025-01-13T15:28:36+00:00\",\"dateModified\":\"2025-01-13T15:28:39+00:00\",\"author\":{\"@id\":\"https:\/\/www.gaveanews.com\/#\/schema\/person\/6f5583f09aa4bcc9866a7360b5604486\"},\"breadcrumb\":{\"@id\":\"https:\/\/www.gaveanews.com\/index.php\/2025\/01\/13\/palmeiras-a-declaracao-de-velloso-sobre-a-contratacao-de-dybala\/#breadcrumb\"},\"inLanguage\":\"pt-BR\",\"potentialAction\":[{\"@type\":\"ReadAction\",\"target\":[\"https:\/\/www.gaveanews.com\/index.php\/2025\/01\/13\/palmeiras-a-declaracao-de-velloso-sobre-a-contratacao-de-dybala\/\"]}]},{\"@type\":\"ImageObject\",\"inLanguage\":\"pt-BR\",\"@id\":\"https:\/\/www.gaveanews.com\/index.php\/2025\/01\/13\/palmeiras-a-declaracao-de-velloso-sobre-a-contratacao-de-dybala\/#primaryimage\",\"url\":\"https:\/\/www.gaveanews.com\/wp-content\/uploads\/Paulo-Dybala-em-acao-pela-Roma-Foto-ReproducaoInstagram.webp\",\"contentUrl\":\"https:\/\/www.gaveanews.com\/wp-content\/uploads\/Paulo-Dybala-em-acao-pela-Roma-Foto-ReproducaoInstagram.webp\",\"width\":1391,\"height\":927,\"caption\":\"Paulo Dybala em a\u00e7\u00e3o pela Roma (Foto Reprodu\u00e7\u00e3o\/Instagram)\"},{\"@type\":\"BreadcrumbList\",\"@id\":\"https:\/\/www.gaveanews.com\/index.php\/2025\/01\/13\/palmeiras-a-declaracao-de-velloso-sobre-a-contratacao-de-dybala\/#breadcrumb\",\"itemListElement\":[{\"@type\":\"ListItem\",\"position\":1,\"name\":\"Home\",\"item\":\"https:\/\/www.gaveanews.com\/\"},{\"@type\":\"ListItem\",\"position\":2,\"name\":\"Palmeiras: a declara\u00e7\u00e3o de Velloso sobre a contrata\u00e7\u00e3o de Dybala\"}]},{\"@type\":\"WebSite\",\"@id\":\"https:\/\/www.gaveanews.com\/#website\",\"url\":\"https:\/\/www.gaveanews.com\/\",\"name\":\"G\u00e1vea News\",\"description\":\"Veja todas as not\u00edcias sobre o Flamengo: Contrata\u00e7\u00f5es, categorias de base, resultados das partidas, tabela de classifica\u00e7\u00e3o, pr\u00f3ximos jogos!\",\"potentialAction\":[{\"@type\":\"SearchAction\",\"target\":{\"@type\":\"EntryPoint\",\"urlTemplate\":\"https:\/\/www.gaveanews.com\/?s={search_term_string}\"},\"query-input\":{\"@type\":\"PropertyValueSpecification\",\"valueRequired\":true,\"valueName\":\"search_term_string\"}}],\"inLanguage\":\"pt-BR\"},{\"@type\":\"Person\",\"@id\":\"https:\/\/www.gaveanews.com\/#\/schema\/person\/6f5583f09aa4bcc9866a7360b5604486\",\"name\":\"Michel Camargo\",\"image\":{\"@type\":\"ImageObject\",\"inLanguage\":\"pt-BR\",\"@id\":\"https:\/\/www.gaveanews.com\/#\/schema\/person\/image\/\",\"url\":\"https:\/\/secure.gravatar.com\/avatar\/59285e68c26a1d55b30461b1bb1cc6534e5c51ef836b39890a73916a1db2d486?s=96&d=mm&r=g\",\"contentUrl\":\"https:\/\/secure.gravatar.com\/avatar\/59285e68c26a1d55b30461b1bb1cc6534e5c51ef836b39890a73916a1db2d486?s=96&d=mm&r=g\",\"caption\":\"Michel Camargo\"}}]}<\/script>\n<!-- \/ Yoast SEO Premium plugin. -->","yoast_head_json":{"title":"Palmeiras: a declara\u00e7\u00e3o de Velloso sobre a contrata\u00e7\u00e3o de Dybala","robots":{"index":"index","follow":"follow","max-snippet":"max-snippet:-1","max-image-preview":"max-image-preview:large","max-video-preview":"max-video-preview:-1"},"canonical":"https:\/\/www.gaveanews.com\/index.php\/2025\/01\/13\/palmeiras-a-declaracao-de-velloso-sobre-a-contratacao-de-dybala\/","og_locale":"pt_BR","og_type":"article","og_title":"Palmeiras: a declara\u00e7\u00e3o de Velloso sobre a contrata\u00e7\u00e3o de Dybala","og_description":"O mercado de transfer\u00eancias nesta janela continua agitado no futebol brasileiro, com clubes em busca de refor\u00e7os para a temporada de 2025. No Palmeiras, no entanto, as \u00fanicas contrata\u00e7\u00f5es confirmadas at\u00e9 o momento s\u00e3o Facundo Torres e Paulinho, que chegam para refor\u00e7ar o elenco. A expectativa \u00e9 que o clube paulista ainda se movimente em [&hellip;]","og_url":"https:\/\/www.gaveanews.com\/index.php\/2025\/01\/13\/palmeiras-a-declaracao-de-velloso-sobre-a-contratacao-de-dybala\/","og_site_name":"G\u00e1vea News","article_publisher":"https:\/\/facebook.com\/gaveaNews\/","article_published_time":"2025-01-13T15:28:36+00:00","article_modified_time":"2025-01-13T15:28:39+00:00","og_image":[{"width":1391,"height":927,"url":"https:\/\/www.gaveanews.com\/wp-content\/uploads\/Paulo-Dybala-em-acao-pela-Roma-Foto-ReproducaoInstagram.webp","type":"image\/webp"}],"author":"Michel Camargo","twitter_card":"summary_large_image","twitter_misc":{"Escrito por":"Michel Camargo","Est. tempo de leitura":"3 minutos"},"schema":{"@context":"https:\/\/schema.org","@graph":[{"@type":"NewsArticle","@id":"https:\/\/www.gaveanews.com\/index.php\/2025\/01\/13\/palmeiras-a-declaracao-de-velloso-sobre-a-contratacao-de-dybala\/#article","isPartOf":{"@id":"https:\/\/www.gaveanews.com\/index.php\/2025\/01\/13\/palmeiras-a-declaracao-de-velloso-sobre-a-contratacao-de-dybala\/"},"author":{"name":"Michel Camargo","@id":"https:\/\/www.gaveanews.com\/#\/schema\/person\/6f5583f09aa4bcc9866a7360b5604486"},"headline":"Palmeiras: a declara\u00e7\u00e3o de Velloso sobre a contrata\u00e7\u00e3o de Dybala","datePublished":"2025-01-13T15:28:36+00:00","dateModified":"2025-01-13T15:28:39+00:00","mainEntityOfPage":{"@id":"https:\/\/www.gaveanews.com\/index.php\/2025\/01\/13\/palmeiras-a-declaracao-de-velloso-sobre-a-contratacao-de-dybala\/"},"wordCount":496,"commentCount":0,"image":{"@id":"https:\/\/www.gaveanews.com\/index.php\/2025\/01\/13\/palmeiras-a-declaracao-de-velloso-sobre-a-contratacao-de-dybala\/#primaryimage"},"thumbnailUrl":"https:\/\/www.gaveanews.com\/wp-content\/uploads\/Paulo-Dybala-em-acao-pela-Roma-Foto-ReproducaoInstagram.webp","articleSection":["Palmeiras"],"inLanguage":"pt-BR","potentialAction":[{"@type":"CommentAction","name":"Comment","target":["https:\/\/www.gaveanews.com\/index.php\/2025\/01\/13\/palmeiras-a-declaracao-de-velloso-sobre-a-contratacao-de-dybala\/#respond"]}],"copyrightYear":"2025","copyrightHolder":{"@id":"https:\/\/www.gaveanews.com\/#organization"}},{"@type":"WebPage","@id":"https:\/\/www.gaveanews.com\/index.php\/2025\/01\/13\/palmeiras-a-declaracao-de-velloso-sobre-a-contratacao-de-dybala\/","url":"https:\/\/www.gaveanews.com\/index.php\/2025\/01\/13\/palmeiras-a-declaracao-de-velloso-sobre-a-contratacao-de-dybala\/","name":"Palmeiras: a declara\u00e7\u00e3o de Velloso sobre a contrata\u00e7\u00e3o de Dybala","isPartOf":{"@id":"https:\/\/www.gaveanews.com\/#website"},"primaryImageOfPage":{"@id":"https:\/\/www.gaveanews.com\/index.php\/2025\/01\/13\/palmeiras-a-declaracao-de-velloso-sobre-a-contratacao-de-dybala\/#primaryimage"},"image":{"@id":"https:\/\/www.gaveanews.com\/index.php\/2025\/01\/13\/palmeiras-a-declaracao-de-velloso-sobre-a-contratacao-de-dybala\/#primaryimage"},"thumbnailUrl":"https:\/\/www.gaveanews.com\/wp-content\/uploads\/Paulo-Dybala-em-acao-pela-Roma-Foto-ReproducaoInstagram.webp","datePublished":"2025-01-13T15:28:36+00:00","dateModified":"2025-01-13T15:28:39+00:00","author":{"@id":"https:\/\/www.gaveanews.com\/#\/schema\/person\/6f5583f09aa4bcc9866a7360b5604486"},"breadcrumb":{"@id":"https:\/\/www.gaveanews.com\/index.php\/2025\/01\/13\/palmeiras-a-declaracao-de-velloso-sobre-a-contratacao-de-dybala\/#breadcrumb"},"inLanguage":"pt-BR","potentialAction":[{"@type":"ReadAction","target":["https:\/\/www.gaveanews.com\/index.php\/2025\/01\/13\/palmeiras-a-declaracao-de-velloso-sobre-a-contratacao-de-dybala\/"]}]},{"@type":"ImageObject","inLanguage":"pt-BR","@id":"https:\/\/www.gaveanews.com\/index.php\/2025\/01\/13\/palmeiras-a-declaracao-de-velloso-sobre-a-contratacao-de-dybala\/#primaryimage","url":"https:\/\/www.gaveanews.com\/wp-content\/uploads\/Paulo-Dybala-em-acao-pela-Roma-Foto-ReproducaoInstagram.webp","contentUrl":"https:\/\/www.gaveanews.com\/wp-content\/uploads\/Paulo-Dybala-em-acao-pela-Roma-Foto-ReproducaoInstagram.webp","width":1391,"height":927,"caption":"Paulo Dybala em a\u00e7\u00e3o pela Roma (Foto Reprodu\u00e7\u00e3o\/Instagram)"},{"@type":"BreadcrumbList","@id":"https:\/\/www.gaveanews.com\/index.php\/2025\/01\/13\/palmeiras-a-declaracao-de-velloso-sobre-a-contratacao-de-dybala\/#breadcrumb","itemListElement":[{"@type":"ListItem","position":1,"name":"Home","item":"https:\/\/www.gaveanews.com\/"},{"@type":"ListItem","position":2,"name":"Palmeiras: a declara\u00e7\u00e3o de Velloso sobre a contrata\u00e7\u00e3o de Dybala"}]},{"@type":"WebSite","@id":"https:\/\/www.gaveanews.com\/#website","url":"https:\/\/www.gaveanews.com\/","name":"G\u00e1vea News","description":"Veja todas as not\u00edcias sobre o Flamengo: Contrata\u00e7\u00f5es, categorias de base, resultados das partidas, tabela de classifica\u00e7\u00e3o, pr\u00f3ximos jogos!","potentialAction":[{"@type":"SearchAction","target":{"@type":"EntryPoint","urlTemplate":"https:\/\/www.gaveanews.com\/?s={search_term_string}"},"query-input":{"@type":"PropertyValueSpecification","valueRequired":true,"valueName":"search_term_string"}}],"inLanguage":"pt-BR"},{"@type":"Person","@id":"https:\/\/www.gaveanews.com\/#\/schema\/person\/6f5583f09aa4bcc9866a7360b5604486","name":"Michel Camargo","image":{"@type":"ImageObject","inLanguage":"pt-BR","@id":"https:\/\/www.gaveanews.com\/#\/schema\/person\/image\/","url":"https:\/\/secure.gravatar.com\/avatar\/59285e68c26a1d55b30461b1bb1cc6534e5c51ef836b39890a73916a1db2d486?s=96&d=mm&r=g","contentUrl":"https:\/\/secure.gravatar.com\/avatar\/59285e68c26a1d55b30461b1bb1cc6534e5c51ef836b39890a73916a1db2d486?s=96&d=mm&r=g","caption":"Michel Camargo"}}]}},"_links":{"self":[{"href":"https:\/\/www.gaveanews.com\/index.php\/wp-json\/wp\/v2\/posts\/211796","targetHints":{"allow":["GET"]}}],"collection":[{"href":"https:\/\/www.gaveanews.com\/index.php\/wp-json\/wp\/v2\/posts"}],"about":[{"href":"https:\/\/www.gaveanews.com\/index.php\/wp-json\/wp\/v2\/types\/post"}],"author":[{"embeddable":true,"href":"https:\/\/www.gaveanews.com\/index.php\/wp-json\/wp\/v2\/users\/31"}],"replies":[{"embeddable":true,"href":"https:\/\/www.gaveanews.com\/index.php\/wp-json\/wp\/v2\/comments?post=211796"}],"version-history":[{"count":1,"href":"https:\/\/www.gaveanews.com\/index.php\/wp-json\/wp\/v2\/posts\/211796\/revisions"}],"predecessor-version":[{"id":211812,"href":"https:\/\/www.gaveanews.com\/index.php\/wp-json\/wp\/v2\/posts\/211796\/revisions\/211812"}],"wp:featuredmedia":[{"embeddable":true,"href":"https:\/\/www.gaveanews.com\/index.php\/wp-json\/wp\/v2\/media\/130341"}],"wp:attachment":[{"href":"https:\/\/www.gaveanews.com\/index.php\/wp-json\/wp\/v2\/media?parent=211796"}],"wp:term":[{"taxonomy":"category","embeddable":true,"href":"https:\/\/www.gaveanews.com\/index.php\/wp-json\/wp\/v2\/categories?post=211796"},{"taxonomy":"post_tag","embeddable":true,"href":"https:\/\/www.gaveanews.com\/index.php\/wp-json\/wp\/v2\/tags?post=211796"}],"curies":[{"name":"wp","href":"https:\/\/api.w.org\/{rel}","templated":true}]}}