{"id":211825,"date":"2025-01-13T22:15:00","date_gmt":"2025-01-14T01:15:00","guid":{"rendered":"https:\/\/www.gaveanews.com\/?p=211825"},"modified":"2025-01-13T19:52:24","modified_gmt":"2025-01-13T22:52:24","slug":"gremio-recebe-proposta-oficial-por-marchesin-segundo-jornalista","status":"publish","type":"post","link":"https:\/\/www.gaveanews.com\/index.php\/2025\/01\/13\/gremio-recebe-proposta-oficial-por-marchesin-segundo-jornalista\/","title":{"rendered":"Gr\u00eamio recebe proposta oficial por Marches\u00edn, segundo jornalista"},"content":{"rendered":"\n<h2 class=\"wp-block-heading\" id=\"h-boca-juniors-abre-negociacoes-com-o-gremio-para-contratar-marchesin\">Boca Juniors abre negocia\u00e7\u00f5es com o Gr\u00eamio para contratar Marches\u00edn<\/h2>\n\n\n\n<p>O Boca Juniors iniciou oficialmente as negocia\u00e7\u00f5es para contratar o goleiro Agust\u00edn Marches\u00edn, atualmente no Gr\u00eamio. Segundo informa\u00e7\u00f5es divulgadas pela imprensa argentina, o arqueiro \u00e9 o principal alvo do gigante de Buenos Aires para substituir Sergio Romero, que ficar\u00e1 fora do in\u00edcio da temporada devido a uma les\u00e3o.<\/p>\n\n\n\n<ul class=\"wp-block-list\">\n<li><a href=\"https:\/\/www.gaveanews.com\/index.php\/2024\/12\/28\/saidas-para-2025-seis-contratacoes-e-jogadores-desejados-as-ultimas-noticias-do-gremio\/\">Sa\u00eddas para 2025, seis contrata\u00e7\u00f5es e jogadores desejados: as \u00faltimas not\u00edcias do Gr\u00eamio<\/a><\/li>\n\n\n\n<li><a href=\"https:\/\/www.gaveanews.com\/index.php\/2025\/01\/02\/declaracao-de-zinho-proposta-de-mayk-e-ferias-de-jogadores-as-ultimas-noticias-do-gremio\/\">Declara\u00e7\u00e3o de Zinho, proposta de Mayk e f\u00e9rias de jogadores: as \u00faltimas not\u00edcias do Gr\u00eamio<\/a><\/li>\n<\/ul>\n\n\n\n<p>De acordo com o jornalista C\u00e9sar Luis Merlo, especialista em transfer\u00eancias, o Boca apresentou uma oferta oficial ao Gr\u00eamio no valor de 1,5 milh\u00e3o de d\u00f3lares (cerca de R$ 9,1 milh\u00f5es) para adquirir os direitos do goleiro. Al\u00e9m disso, Michael Rinc\u00f3n, outro especialista em mercado no futebol argentino, confirma que o clube xeneize j\u00e1 tem um acordo contratual com Marches\u00edn, faltando apenas a defini\u00e7\u00e3o dos termos entre o Boca e o Gr\u00eamio.<\/p>\n\n\n\n<p>O interesse de Marches\u00edn em retornar ao futebol argentino ficou evidente ap\u00f3s reportagem do jornalista Germ\u00e1n Garc\u00eda Grova, da TyC Sports, que informou que o goleiro manifestou \u00e0 diretoria gremista o desejo de ser negociado com o Boca Juniors. A decis\u00e3o do jogador estaria relacionada \u00e0 oportunidade de defender uma das maiores equipes da Argentina, al\u00e9m de estar mais pr\u00f3ximo de seu pa\u00eds de origem.<\/p>\n\n\n\n<p>No entanto, o t\u00e9cnico do Gr\u00eamio, Gustavo Quinteros, fez um apelo \u00e0 diretoria tricolor para que o goleiro n\u00e3o fosse negociado. Segundo a imprensa argentina, Quinteros considera Marches\u00edn uma pe\u00e7a fundamental para a equipe em 2025, especialmente com a disputa de competi\u00e7\u00f5es como a Copa Libertadores.<\/p>\n\n\n\n<p>Marches\u00edn tem contrato com o Gr\u00eamio at\u00e9 dezembro de 2025, mas poder\u00e1 assinar um pr\u00e9-contrato com outro clube a partir de junho, caso n\u00e3o haja renova\u00e7\u00e3o. Essa condi\u00e7\u00e3o faz com que a diretoria gremista esteja em uma posi\u00e7\u00e3o delicada para decidir entre aceitar a proposta do Boca Juniors agora ou correr o risco de perder o jogador de forma gratuita ao t\u00e9rmino do v\u00ednculo.<\/p>\n\n\n\n<p>O v\u00ednculo do goleiro com o Boca pode ser facilitado devido a uma liga\u00e7\u00e3o de longa data. O empres\u00e1rio de Marches\u00edn tamb\u00e9m foi agente de Juan Rom\u00e1n Riquelme, \u00eddolo e atual vice-presidente do clube argentino, o que pode acelerar as tratativas.<\/p>\n\n\n\n<p>No Boca, Marches\u00edn \u00e9 visto como o substituto ideal para Sergio Romero, que passar\u00e1 por cirurgia e perder\u00e1 boa parte do in\u00edcio da temporada. A expectativa do clube argentino \u00e9 fechar o neg\u00f3cio o quanto antes para contar com o goleiro em seus compromissos iniciais no ano.<\/p>\n","protected":false},"excerpt":{"rendered":"<p>Boca Juniors abre negocia\u00e7\u00f5es com o Gr\u00eamio para contratar Marches\u00edn O Boca Juniors iniciou oficialmente as negocia\u00e7\u00f5es para contratar o goleiro Agust\u00edn Marches\u00edn, atualmente no Gr\u00eamio. Segundo informa\u00e7\u00f5es divulgadas pela imprensa argentina, o arqueiro \u00e9 o principal alvo do gigante de Buenos Aires para substituir Sergio Romero, que ficar\u00e1 fora do in\u00edcio da temporada devido [&hellip;]<\/p>\n","protected":false},"author":17,"featured_media":167369,"comment_status":"open","ping_status":"closed","sticky":false,"template":"","format":"standard","meta":{"footnotes":""},"categories":[147],"tags":[],"class_list":["post-211825","post","type-post","status-publish","format-standard","has-post-thumbnail","hentry","category-gremio"],"yoast_head":"<!-- This site is optimized with the Yoast SEO Premium plugin v24.2 (Yoast SEO v26.9) - https:\/\/yoast.com\/product\/yoast-seo-premium-wordpress\/ -->\n<title>Gr\u00eamio recebe proposta oficial por Marches\u00edn, segundo jornalista<\/title>\n<meta name=\"robots\" content=\"index, follow, max-snippet:-1, max-image-preview:large, max-video-preview:-1\" \/>\n<link rel=\"canonical\" href=\"https:\/\/www.gaveanews.com\/index.php\/2025\/01\/13\/gremio-recebe-proposta-oficial-por-marchesin-segundo-jornalista\/\" \/>\n<meta property=\"og:locale\" content=\"pt_BR\" \/>\n<meta property=\"og:type\" content=\"article\" \/>\n<meta property=\"og:title\" content=\"Gr\u00eamio recebe proposta oficial por Marches\u00edn, segundo jornalista\" \/>\n<meta property=\"og:description\" content=\"Boca Juniors abre negocia\u00e7\u00f5es com o Gr\u00eamio para contratar Marches\u00edn O Boca Juniors iniciou oficialmente as negocia\u00e7\u00f5es para contratar o goleiro Agust\u00edn Marches\u00edn, atualmente no Gr\u00eamio. Segundo informa\u00e7\u00f5es divulgadas pela imprensa argentina, o arqueiro \u00e9 o principal alvo do gigante de Buenos Aires para substituir Sergio Romero, que ficar\u00e1 fora do in\u00edcio da temporada devido [&hellip;]\" \/>\n<meta property=\"og:url\" content=\"https:\/\/www.gaveanews.com\/index.php\/2025\/01\/13\/gremio-recebe-proposta-oficial-por-marchesin-segundo-jornalista\/\" \/>\n<meta property=\"og:site_name\" content=\"G\u00e1vea News\" \/>\n<meta property=\"article:publisher\" content=\"https:\/\/facebook.com\/gaveaNews\/\" \/>\n<meta property=\"article:published_time\" content=\"2025-01-14T01:15:00+00:00\" \/>\n<meta property=\"og:image\" content=\"https:\/\/www.gaveanews.com\/wp-content\/uploads\/Agustin-Marchesin-pelo-Gremio.webp\" \/>\n\t<meta property=\"og:image:width\" content=\"984\" \/>\n\t<meta property=\"og:image:height\" content=\"656\" \/>\n\t<meta property=\"og:image:type\" content=\"image\/jpeg\" \/>\n<meta name=\"author\" content=\"Geovanna Thomaz\" \/>\n<meta name=\"twitter:card\" content=\"summary_large_image\" \/>\n<meta name=\"twitter:label1\" content=\"Escrito por\" \/>\n\t<meta name=\"twitter:data1\" content=\"Geovanna Thomaz\" \/>\n\t<meta name=\"twitter:label2\" content=\"Est. tempo de leitura\" \/>\n\t<meta name=\"twitter:data2\" content=\"3 minutos\" \/>\n<script type=\"application\/ld+json\" class=\"yoast-schema-graph\">{\"@context\":\"https:\/\/schema.org\",\"@graph\":[{\"@type\":\"NewsArticle\",\"@id\":\"https:\/\/www.gaveanews.com\/index.php\/2025\/01\/13\/gremio-recebe-proposta-oficial-por-marchesin-segundo-jornalista\/#article\",\"isPartOf\":{\"@id\":\"https:\/\/www.gaveanews.com\/index.php\/2025\/01\/13\/gremio-recebe-proposta-oficial-por-marchesin-segundo-jornalista\/\"},\"author\":{\"name\":\"Geovanna Thomaz\",\"@id\":\"https:\/\/www.gaveanews.com\/#\/schema\/person\/f42654babcd2b2014a1a65af82b081f1\"},\"headline\":\"Gr\u00eamio recebe proposta oficial por Marches\u00edn, segundo jornalista\",\"datePublished\":\"2025-01-14T01:15:00+00:00\",\"mainEntityOfPage\":{\"@id\":\"https:\/\/www.gaveanews.com\/index.php\/2025\/01\/13\/gremio-recebe-proposta-oficial-por-marchesin-segundo-jornalista\/\"},\"wordCount\":481,\"commentCount\":0,\"image\":{\"@id\":\"https:\/\/www.gaveanews.com\/index.php\/2025\/01\/13\/gremio-recebe-proposta-oficial-por-marchesin-segundo-jornalista\/#primaryimage\"},\"thumbnailUrl\":\"https:\/\/www.gaveanews.com\/wp-content\/uploads\/Agustin-Marchesin-pelo-Gremio.webp\",\"articleSection\":[\"Gr\u00eamio\"],\"inLanguage\":\"pt-BR\",\"potentialAction\":[{\"@type\":\"CommentAction\",\"name\":\"Comment\",\"target\":[\"https:\/\/www.gaveanews.com\/index.php\/2025\/01\/13\/gremio-recebe-proposta-oficial-por-marchesin-segundo-jornalista\/#respond\"]}],\"copyrightYear\":\"2025\",\"copyrightHolder\":{\"@id\":\"https:\/\/www.gaveanews.com\/#organization\"}},{\"@type\":\"WebPage\",\"@id\":\"https:\/\/www.gaveanews.com\/index.php\/2025\/01\/13\/gremio-recebe-proposta-oficial-por-marchesin-segundo-jornalista\/\",\"url\":\"https:\/\/www.gaveanews.com\/index.php\/2025\/01\/13\/gremio-recebe-proposta-oficial-por-marchesin-segundo-jornalista\/\",\"name\":\"Gr\u00eamio recebe proposta oficial por Marches\u00edn, segundo jornalista\",\"isPartOf\":{\"@id\":\"https:\/\/www.gaveanews.com\/#website\"},\"primaryImageOfPage\":{\"@id\":\"https:\/\/www.gaveanews.com\/index.php\/2025\/01\/13\/gremio-recebe-proposta-oficial-por-marchesin-segundo-jornalista\/#primaryimage\"},\"image\":{\"@id\":\"https:\/\/www.gaveanews.com\/index.php\/2025\/01\/13\/gremio-recebe-proposta-oficial-por-marchesin-segundo-jornalista\/#primaryimage\"},\"thumbnailUrl\":\"https:\/\/www.gaveanews.com\/wp-content\/uploads\/Agustin-Marchesin-pelo-Gremio.webp\",\"datePublished\":\"2025-01-14T01:15:00+00:00\",\"author\":{\"@id\":\"https:\/\/www.gaveanews.com\/#\/schema\/person\/f42654babcd2b2014a1a65af82b081f1\"},\"breadcrumb\":{\"@id\":\"https:\/\/www.gaveanews.com\/index.php\/2025\/01\/13\/gremio-recebe-proposta-oficial-por-marchesin-segundo-jornalista\/#breadcrumb\"},\"inLanguage\":\"pt-BR\",\"potentialAction\":[{\"@type\":\"ReadAction\",\"target\":[\"https:\/\/www.gaveanews.com\/index.php\/2025\/01\/13\/gremio-recebe-proposta-oficial-por-marchesin-segundo-jornalista\/\"]}]},{\"@type\":\"ImageObject\",\"inLanguage\":\"pt-BR\",\"@id\":\"https:\/\/www.gaveanews.com\/index.php\/2025\/01\/13\/gremio-recebe-proposta-oficial-por-marchesin-segundo-jornalista\/#primaryimage\",\"url\":\"https:\/\/www.gaveanews.com\/wp-content\/uploads\/Agustin-Marchesin-pelo-Gremio.webp\",\"contentUrl\":\"https:\/\/www.gaveanews.com\/wp-content\/uploads\/Agustin-Marchesin-pelo-Gremio.webp\",\"width\":984,\"height\":656,\"caption\":\"Agust\u00edn Marches\u00edn pelo Gr\u00eamio (Foto: Lucas Uebel\/Gr\u00eamio)\"},{\"@type\":\"BreadcrumbList\",\"@id\":\"https:\/\/www.gaveanews.com\/index.php\/2025\/01\/13\/gremio-recebe-proposta-oficial-por-marchesin-segundo-jornalista\/#breadcrumb\",\"itemListElement\":[{\"@type\":\"ListItem\",\"position\":1,\"name\":\"Home\",\"item\":\"https:\/\/www.gaveanews.com\/\"},{\"@type\":\"ListItem\",\"position\":2,\"name\":\"Gr\u00eamio recebe proposta oficial por Marches\u00edn, segundo jornalista\"}]},{\"@type\":\"WebSite\",\"@id\":\"https:\/\/www.gaveanews.com\/#website\",\"url\":\"https:\/\/www.gaveanews.com\/\",\"name\":\"G\u00e1vea News\",\"description\":\"Veja todas as not\u00edcias sobre o Flamengo: Contrata\u00e7\u00f5es, categorias de base, resultados das partidas, tabela de classifica\u00e7\u00e3o, pr\u00f3ximos jogos!\",\"potentialAction\":[{\"@type\":\"SearchAction\",\"target\":{\"@type\":\"EntryPoint\",\"urlTemplate\":\"https:\/\/www.gaveanews.com\/?s={search_term_string}\"},\"query-input\":{\"@type\":\"PropertyValueSpecification\",\"valueRequired\":true,\"valueName\":\"search_term_string\"}}],\"inLanguage\":\"pt-BR\"},{\"@type\":\"Person\",\"@id\":\"https:\/\/www.gaveanews.com\/#\/schema\/person\/f42654babcd2b2014a1a65af82b081f1\",\"name\":\"Geovanna Thomaz\",\"image\":{\"@type\":\"ImageObject\",\"inLanguage\":\"pt-BR\",\"@id\":\"https:\/\/www.gaveanews.com\/#\/schema\/person\/image\/\",\"url\":\"https:\/\/secure.gravatar.com\/avatar\/4092073255489533afb558984b49b64268c47198af8623cc82a925ae9fb7118a?s=96&d=mm&r=g\",\"contentUrl\":\"https:\/\/secure.gravatar.com\/avatar\/4092073255489533afb558984b49b64268c47198af8623cc82a925ae9fb7118a?s=96&d=mm&r=g\",\"caption\":\"Geovanna Thomaz\"}}]}<\/script>\n<!-- \/ Yoast SEO Premium plugin. -->","yoast_head_json":{"title":"Gr\u00eamio recebe proposta oficial por Marches\u00edn, segundo jornalista","robots":{"index":"index","follow":"follow","max-snippet":"max-snippet:-1","max-image-preview":"max-image-preview:large","max-video-preview":"max-video-preview:-1"},"canonical":"https:\/\/www.gaveanews.com\/index.php\/2025\/01\/13\/gremio-recebe-proposta-oficial-por-marchesin-segundo-jornalista\/","og_locale":"pt_BR","og_type":"article","og_title":"Gr\u00eamio recebe proposta oficial por Marches\u00edn, segundo jornalista","og_description":"Boca Juniors abre negocia\u00e7\u00f5es com o Gr\u00eamio para contratar Marches\u00edn O Boca Juniors iniciou oficialmente as negocia\u00e7\u00f5es para contratar o goleiro Agust\u00edn Marches\u00edn, atualmente no Gr\u00eamio. Segundo informa\u00e7\u00f5es divulgadas pela imprensa argentina, o arqueiro \u00e9 o principal alvo do gigante de Buenos Aires para substituir Sergio Romero, que ficar\u00e1 fora do in\u00edcio da temporada devido [&hellip;]","og_url":"https:\/\/www.gaveanews.com\/index.php\/2025\/01\/13\/gremio-recebe-proposta-oficial-por-marchesin-segundo-jornalista\/","og_site_name":"G\u00e1vea News","article_publisher":"https:\/\/facebook.com\/gaveaNews\/","article_published_time":"2025-01-14T01:15:00+00:00","og_image":[{"width":984,"height":656,"url":"https:\/\/www.gaveanews.com\/wp-content\/uploads\/Agustin-Marchesin-pelo-Gremio.webp","type":"image\/jpeg"}],"author":"Geovanna Thomaz","twitter_card":"summary_large_image","twitter_misc":{"Escrito por":"Geovanna Thomaz","Est. tempo de leitura":"3 minutos"},"schema":{"@context":"https:\/\/schema.org","@graph":[{"@type":"NewsArticle","@id":"https:\/\/www.gaveanews.com\/index.php\/2025\/01\/13\/gremio-recebe-proposta-oficial-por-marchesin-segundo-jornalista\/#article","isPartOf":{"@id":"https:\/\/www.gaveanews.com\/index.php\/2025\/01\/13\/gremio-recebe-proposta-oficial-por-marchesin-segundo-jornalista\/"},"author":{"name":"Geovanna Thomaz","@id":"https:\/\/www.gaveanews.com\/#\/schema\/person\/f42654babcd2b2014a1a65af82b081f1"},"headline":"Gr\u00eamio recebe proposta oficial por Marches\u00edn, segundo jornalista","datePublished":"2025-01-14T01:15:00+00:00","mainEntityOfPage":{"@id":"https:\/\/www.gaveanews.com\/index.php\/2025\/01\/13\/gremio-recebe-proposta-oficial-por-marchesin-segundo-jornalista\/"},"wordCount":481,"commentCount":0,"image":{"@id":"https:\/\/www.gaveanews.com\/index.php\/2025\/01\/13\/gremio-recebe-proposta-oficial-por-marchesin-segundo-jornalista\/#primaryimage"},"thumbnailUrl":"https:\/\/www.gaveanews.com\/wp-content\/uploads\/Agustin-Marchesin-pelo-Gremio.webp","articleSection":["Gr\u00eamio"],"inLanguage":"pt-BR","potentialAction":[{"@type":"CommentAction","name":"Comment","target":["https:\/\/www.gaveanews.com\/index.php\/2025\/01\/13\/gremio-recebe-proposta-oficial-por-marchesin-segundo-jornalista\/#respond"]}],"copyrightYear":"2025","copyrightHolder":{"@id":"https:\/\/www.gaveanews.com\/#organization"}},{"@type":"WebPage","@id":"https:\/\/www.gaveanews.com\/index.php\/2025\/01\/13\/gremio-recebe-proposta-oficial-por-marchesin-segundo-jornalista\/","url":"https:\/\/www.gaveanews.com\/index.php\/2025\/01\/13\/gremio-recebe-proposta-oficial-por-marchesin-segundo-jornalista\/","name":"Gr\u00eamio recebe proposta oficial por Marches\u00edn, segundo jornalista","isPartOf":{"@id":"https:\/\/www.gaveanews.com\/#website"},"primaryImageOfPage":{"@id":"https:\/\/www.gaveanews.com\/index.php\/2025\/01\/13\/gremio-recebe-proposta-oficial-por-marchesin-segundo-jornalista\/#primaryimage"},"image":{"@id":"https:\/\/www.gaveanews.com\/index.php\/2025\/01\/13\/gremio-recebe-proposta-oficial-por-marchesin-segundo-jornalista\/#primaryimage"},"thumbnailUrl":"https:\/\/www.gaveanews.com\/wp-content\/uploads\/Agustin-Marchesin-pelo-Gremio.webp","datePublished":"2025-01-14T01:15:00+00:00","author":{"@id":"https:\/\/www.gaveanews.com\/#\/schema\/person\/f42654babcd2b2014a1a65af82b081f1"},"breadcrumb":{"@id":"https:\/\/www.gaveanews.com\/index.php\/2025\/01\/13\/gremio-recebe-proposta-oficial-por-marchesin-segundo-jornalista\/#breadcrumb"},"inLanguage":"pt-BR","potentialAction":[{"@type":"ReadAction","target":["https:\/\/www.gaveanews.com\/index.php\/2025\/01\/13\/gremio-recebe-proposta-oficial-por-marchesin-segundo-jornalista\/"]}]},{"@type":"ImageObject","inLanguage":"pt-BR","@id":"https:\/\/www.gaveanews.com\/index.php\/2025\/01\/13\/gremio-recebe-proposta-oficial-por-marchesin-segundo-jornalista\/#primaryimage","url":"https:\/\/www.gaveanews.com\/wp-content\/uploads\/Agustin-Marchesin-pelo-Gremio.webp","contentUrl":"https:\/\/www.gaveanews.com\/wp-content\/uploads\/Agustin-Marchesin-pelo-Gremio.webp","width":984,"height":656,"caption":"Agust\u00edn Marches\u00edn pelo Gr\u00eamio (Foto: Lucas Uebel\/Gr\u00eamio)"},{"@type":"BreadcrumbList","@id":"https:\/\/www.gaveanews.com\/index.php\/2025\/01\/13\/gremio-recebe-proposta-oficial-por-marchesin-segundo-jornalista\/#breadcrumb","itemListElement":[{"@type":"ListItem","position":1,"name":"Home","item":"https:\/\/www.gaveanews.com\/"},{"@type":"ListItem","position":2,"name":"Gr\u00eamio recebe proposta oficial por Marches\u00edn, segundo jornalista"}]},{"@type":"WebSite","@id":"https:\/\/www.gaveanews.com\/#website","url":"https:\/\/www.gaveanews.com\/","name":"G\u00e1vea News","description":"Veja todas as not\u00edcias sobre o Flamengo: Contrata\u00e7\u00f5es, categorias de base, resultados das partidas, tabela de classifica\u00e7\u00e3o, pr\u00f3ximos jogos!","potentialAction":[{"@type":"SearchAction","target":{"@type":"EntryPoint","urlTemplate":"https:\/\/www.gaveanews.com\/?s={search_term_string}"},"query-input":{"@type":"PropertyValueSpecification","valueRequired":true,"valueName":"search_term_string"}}],"inLanguage":"pt-BR"},{"@type":"Person","@id":"https:\/\/www.gaveanews.com\/#\/schema\/person\/f42654babcd2b2014a1a65af82b081f1","name":"Geovanna Thomaz","image":{"@type":"ImageObject","inLanguage":"pt-BR","@id":"https:\/\/www.gaveanews.com\/#\/schema\/person\/image\/","url":"https:\/\/secure.gravatar.com\/avatar\/4092073255489533afb558984b49b64268c47198af8623cc82a925ae9fb7118a?s=96&d=mm&r=g","contentUrl":"https:\/\/secure.gravatar.com\/avatar\/4092073255489533afb558984b49b64268c47198af8623cc82a925ae9fb7118a?s=96&d=mm&r=g","caption":"Geovanna Thomaz"}}]}},"_links":{"self":[{"href":"https:\/\/www.gaveanews.com\/index.php\/wp-json\/wp\/v2\/posts\/211825","targetHints":{"allow":["GET"]}}],"collection":[{"href":"https:\/\/www.gaveanews.com\/index.php\/wp-json\/wp\/v2\/posts"}],"about":[{"href":"https:\/\/www.gaveanews.com\/index.php\/wp-json\/wp\/v2\/types\/post"}],"author":[{"embeddable":true,"href":"https:\/\/www.gaveanews.com\/index.php\/wp-json\/wp\/v2\/users\/17"}],"replies":[{"embeddable":true,"href":"https:\/\/www.gaveanews.com\/index.php\/wp-json\/wp\/v2\/comments?post=211825"}],"version-history":[{"count":1,"href":"https:\/\/www.gaveanews.com\/index.php\/wp-json\/wp\/v2\/posts\/211825\/revisions"}],"predecessor-version":[{"id":211826,"href":"https:\/\/www.gaveanews.com\/index.php\/wp-json\/wp\/v2\/posts\/211825\/revisions\/211826"}],"wp:featuredmedia":[{"embeddable":true,"href":"https:\/\/www.gaveanews.com\/index.php\/wp-json\/wp\/v2\/media\/167369"}],"wp:attachment":[{"href":"https:\/\/www.gaveanews.com\/index.php\/wp-json\/wp\/v2\/media?parent=211825"}],"wp:term":[{"taxonomy":"category","embeddable":true,"href":"https:\/\/www.gaveanews.com\/index.php\/wp-json\/wp\/v2\/categories?post=211825"},{"taxonomy":"post_tag","embeddable":true,"href":"https:\/\/www.gaveanews.com\/index.php\/wp-json\/wp\/v2\/tags?post=211825"}],"curies":[{"name":"wp","href":"https:\/\/api.w.org\/{rel}","templated":true}]}}