{"id":21184,"date":"2019-06-02T01:16:53","date_gmt":"2019-06-02T04:16:53","guid":{"rendered":"https:\/\/www.gaveanews.com\/?p=21184"},"modified":"2019-06-02T01:38:54","modified_gmt":"2019-06-02T04:38:54","slug":"arrascaeta-rasga-elogios-para-a-torcida-e-leva-muitos-flamenguistas-ao-delirio-veja-repercussao","status":"publish","type":"post","link":"https:\/\/www.gaveanews.com\/index.php\/2019\/06\/02\/arrascaeta-rasga-elogios-para-a-torcida-e-leva-muitos-flamenguistas-ao-delirio-veja-repercussao\/","title":{"rendered":"Arrascaeta rasga elogios para a torcida, e leva muitos flamenguistas ao del\u00edrio; veja repercuss\u00e3o"},"content":{"rendered":"\n<p>O Flamengo entrou em campo precisando de uma vit\u00f3ria para subir na tabela e voltar a ter tranquilidade no Brasileir\u00e3o. Recebendo o Fortaleza no Engenh\u00e3o, o Fla dominou do primeiro ao \u00faltimo minuto do embate e conseguiu um s\u00f3lido triunfo por 2 a 0. Os dois tentos foram marcados por Gabigol. <\/p>\n\n\n\n<p>No entanto, nenhum dos tentos seria poss\u00edvel se Giorgian De Arrascaeta n\u00e3o deixasse o camisa 9 de cara para o gol nas duas ocasi\u00f5es. <\/p>\n\n\n\n<p>E como se n\u00e3o bastasse  a boa atua\u00e7\u00e3o, Arrascaeta tamb\u00e9m rasgou elogios para a torcida, nas redes sociais, e levou muitos flamenguistas ao del\u00edrio. <\/p>\n\n\n\n<p><strong>Confira abaixo a publica\u00e7\u00e3o e algumas respostas dos torcedores:<\/strong><\/p>\n\n\n\n<figure class=\"wp-block-embed-twitter wp-block-embed is-type-rich is-provider-twitter\"><div class=\"wp-block-embed__wrapper\">\n<blockquote class=\"twitter-tweet\" data-width=\"550\" data-dnt=\"true\"><p lang=\"pt\" dir=\"ltr\">A na\u00e7\u00e3o e f\ud83e\udd2ad@ <a href=\"https:\/\/t.co\/VV1cVYmn1l\">https:\/\/t.co\/VV1cVYmn1l<\/a><\/p>&mdash; GiorgiandeArrascaeta (@GiorgiandeA) <a href=\"https:\/\/twitter.com\/GiorgiandeA\/status\/1134985127745019906?ref_src=twsrc%5Etfw\">June 2, 2019<\/a><\/blockquote><script async src=\"https:\/\/platform.twitter.com\/widgets.js\" charset=\"utf-8\"><\/script>\n<\/div><\/figure>\n\n\n\n<figure class=\"wp-block-embed-twitter wp-block-embed is-type-rich is-provider-twitter\"><div class=\"wp-block-embed__wrapper\">\n<blockquote class=\"twitter-tweet\" data-width=\"550\" data-dnt=\"true\"><p lang=\"qme\" dir=\"ltr\">\u2764\ud83d\udda4<\/p>&mdash; Sou Da Na\u00e7\u00e3o (@SouDaNacao) <a href=\"https:\/\/twitter.com\/SouDaNacao\/status\/1134990455245025282?ref_src=twsrc%5Etfw\">June 2, 2019<\/a><\/blockquote><script async src=\"https:\/\/platform.twitter.com\/widgets.js\" charset=\"utf-8\"><\/script>\n<\/div><\/figure>\n\n\n\n<figure class=\"wp-block-embed-twitter wp-block-embed is-type-rich is-provider-twitter\"><div class=\"wp-block-embed__wrapper\">\n<blockquote class=\"twitter-tweet\" data-width=\"550\" data-dnt=\"true\"><p lang=\"pt\" dir=\"ltr\">O BRABO TEM NOME<\/p>&mdash; CENTRAL DA NA\u00c7\u00c3O \u1566\ud83d\ude0e\u1564 (@centraldanacao) <a href=\"https:\/\/twitter.com\/centraldanacao\/status\/1134988567346896897?ref_src=twsrc%5Etfw\">June 2, 2019<\/a><\/blockquote><script async src=\"https:\/\/platform.twitter.com\/widgets.js\" charset=\"utf-8\"><\/script>\n<\/div><\/figure>\n\n\n\n<figure class=\"wp-block-embed-twitter wp-block-embed is-type-rich is-provider-twitter\"><div class=\"wp-block-embed__wrapper\">\nhttps:\/\/twitter.com\/_FlaDaAnsiedade\/status\/1134990742747791360\n<\/div><\/figure>\n\n\n\n<figure class=\"wp-block-embed-twitter wp-block-embed is-type-rich is-provider-twitter\"><div class=\"wp-block-embed__wrapper\">\n<blockquote class=\"twitter-tweet\" data-width=\"550\" data-dnt=\"true\"><p lang=\"pt\" dir=\"ltr\">Goorgian joga demais<\/p>&mdash; Hom\u00e3o Da Porra (@HomaoRibas) <a href=\"https:\/\/twitter.com\/HomaoRibas\/status\/1134989550412009472?ref_src=twsrc%5Etfw\">June 2, 2019<\/a><\/blockquote><script async src=\"https:\/\/platform.twitter.com\/widgets.js\" charset=\"utf-8\"><\/script>\n<\/div><\/figure>\n\n\n\n<figure class=\"wp-block-embed-twitter wp-block-embed is-type-rich is-provider-twitter\"><div class=\"wp-block-embed__wrapper\">\n<blockquote class=\"twitter-tweet\" data-width=\"550\" data-dnt=\"true\"><p lang=\"pt\" dir=\"ltr\">Na\u00e7\u00e3o + Giorgian = parceria de sucesso irm\u00e3o<\/p>&mdash; Sempre Flamengo (@NoticiasCRF) <a href=\"https:\/\/twitter.com\/NoticiasCRF\/status\/1134992077287243776?ref_src=twsrc%5Etfw\">June 2, 2019<\/a><\/blockquote><script async src=\"https:\/\/platform.twitter.com\/widgets.js\" charset=\"utf-8\"><\/script>\n<\/div><\/figure>\n\n\n\n\n\n<figure class=\"wp-block-embed-twitter wp-block-embed is-type-rich is-provider-twitter\"><div class=\"wp-block-embed__wrapper\">\nhttps:\/\/twitter.com\/MarcelaSSales\/status\/1134986187502948358\n<\/div><\/figure>\n\n\n\n<figure class=\"wp-block-embed-twitter wp-block-embed is-type-rich is-provider-twitter\"><div class=\"wp-block-embed__wrapper\">\nhttps:\/\/twitter.com\/ptrcmf\/status\/1134986300640153600\n<\/div><\/figure>\n\n\n\n<figure class=\"wp-block-embed-twitter wp-block-embed is-type-rich is-provider-twitter\"><div class=\"wp-block-embed__wrapper\">\n<blockquote class=\"twitter-tweet\" data-width=\"550\" data-dnt=\"true\"><p lang=\"pt\" dir=\"ltr\">Arraxxxxxca, \u00f4 brabo!! \ud83d\udd34\u26ab<\/p>&mdash; Universo Rubro NEGRO \ud83d\udd34\u26ab \u1d9c\u02b3\u1da0\u00b9\u2078\u2079\u2075 (@universorubroN) <a href=\"https:\/\/twitter.com\/universorubroN\/status\/1134997772711661568?ref_src=twsrc%5Etfw\">June 2, 2019<\/a><\/blockquote><script async src=\"https:\/\/platform.twitter.com\/widgets.js\" charset=\"utf-8\"><\/script>\n<\/div><\/figure>\n\n\n\n<figure class=\"wp-block-embed-twitter wp-block-embed is-type-rich is-provider-twitter\"><div class=\"wp-block-embed__wrapper\">\n<blockquote class=\"twitter-tweet\" data-width=\"550\" data-dnt=\"true\"><p lang=\"fr\" dir=\"ltr\">MDS, TE AMOOOO<\/p>&mdash; Nanda Barbosa (@nandabarbosacrf) <a href=\"https:\/\/twitter.com\/nandabarbosacrf\/status\/1134987600186478593?ref_src=twsrc%5Etfw\">June 2, 2019<\/a><\/blockquote><script async src=\"https:\/\/platform.twitter.com\/widgets.js\" charset=\"utf-8\"><\/script>\n<\/div><\/figure>\n\n\n\n<figure class=\"wp-block-embed-twitter wp-block-embed is-type-rich is-provider-twitter\"><div class=\"wp-block-embed__wrapper\">\n<blockquote class=\"twitter-tweet\" data-width=\"550\" data-dnt=\"true\"><p lang=\"pt\" dir=\"ltr\">Fen\u00f4meno<\/p>&mdash; FLA DA DEPRESS\u00c3O | Ruan (@_FlaDaDepressao) <a href=\"https:\/\/twitter.com\/_FlaDaDepressao\/status\/1134991679981793280?ref_src=twsrc%5Etfw\">June 2, 2019<\/a><\/blockquote><script async src=\"https:\/\/platform.twitter.com\/widgets.js\" charset=\"utf-8\"><\/script>\n<\/div><\/figure>\n\n\n\n<figure class=\"wp-block-embed-twitter wp-block-embed is-type-rich is-provider-twitter\"><div class=\"wp-block-embed__wrapper\">\n<blockquote class=\"twitter-tweet\" data-width=\"550\" data-dnt=\"true\"><p lang=\"pt\" dir=\"ltr\">uruguaio maravilhoso<\/p>&mdash; \u0618L (@deusguia23) <a href=\"https:\/\/twitter.com\/deusguia23\/status\/1134985249639809029?ref_src=twsrc%5Etfw\">June 2, 2019<\/a><\/blockquote><script async src=\"https:\/\/platform.twitter.com\/widgets.js\" charset=\"utf-8\"><\/script>\n<\/div><\/figure>\n\n\n\n\n\n<figure class=\"wp-block-embed-twitter wp-block-embed is-type-rich is-provider-twitter\"><div class=\"wp-block-embed__wrapper\">\n<blockquote class=\"twitter-tweet\" data-width=\"550\" data-dnt=\"true\"><p lang=\"pt\" dir=\"ltr\">Voc\u00ea \u00e9 foda<\/p>&mdash; jamal. (@drope_hf) <a href=\"https:\/\/twitter.com\/drope_hf\/status\/1134985179544641536?ref_src=twsrc%5Etfw\">June 2, 2019<\/a><\/blockquote><script async src=\"https:\/\/platform.twitter.com\/widgets.js\" charset=\"utf-8\"><\/script>\n<\/div><\/figure>\n\n\n\n<figure class=\"wp-block-embed-twitter wp-block-embed is-type-rich is-provider-twitter\"><div class=\"wp-block-embed__wrapper\">\n<blockquote class=\"twitter-tweet\" data-width=\"550\" data-dnt=\"true\"><p lang=\"pt\" dir=\"ltr\">OLHA ESSE URUGUAIO \ud83d\udda4\u2764\ufe0f\ud83d\ude0d<\/p>&mdash; Medusa Bet \ud83d\udcb8 (@Medusa_Bet) <a href=\"https:\/\/twitter.com\/Medusa_Bet\/status\/1134989091135721473?ref_src=twsrc%5Etfw\">June 2, 2019<\/a><\/blockquote><script async src=\"https:\/\/platform.twitter.com\/widgets.js\" charset=\"utf-8\"><\/script>\n<\/div><\/figure>\n\n\n\n<figure class=\"wp-block-embed-twitter wp-block-embed is-type-rich is-provider-twitter\"><div class=\"wp-block-embed__wrapper\">\nhttps:\/\/twitter.com\/celoflapoa\/status\/1134987488810995712\n<\/div><\/figure>\n\n\n\n<figure class=\"wp-block-embed-twitter wp-block-embed is-type-rich is-provider-twitter\"><div class=\"wp-block-embed__wrapper\">\n<blockquote class=\"twitter-tweet\" data-width=\"550\" data-dnt=\"true\"><p lang=\"pt\" dir=\"ltr\">Vc que \u00e9 f\ud83d\ude0dd@<\/p>&mdash; VOV\u00d4 DA G\u00c1VEA (@Velinho__) <a href=\"https:\/\/twitter.com\/Velinho__\/status\/1134999008433385472?ref_src=twsrc%5Etfw\">June 2, 2019<\/a><\/blockquote><script async src=\"https:\/\/platform.twitter.com\/widgets.js\" charset=\"utf-8\"><\/script>\n<\/div><\/figure>\n\n\n\n<figure class=\"wp-block-embed-twitter wp-block-embed is-type-rich is-provider-twitter\"><div class=\"wp-block-embed__wrapper\">\n<blockquote class=\"twitter-tweet\" data-width=\"550\" data-dnt=\"true\"><p lang=\"pt\" dir=\"ltr\">Meu 10 veste 14 !!<\/p>&mdash; Urubu Pistola (@PistolaUrubu1) <a href=\"https:\/\/twitter.com\/PistolaUrubu1\/status\/1134990815271497735?ref_src=twsrc%5Etfw\">June 2, 2019<\/a><\/blockquote><script async src=\"https:\/\/platform.twitter.com\/widgets.js\" charset=\"utf-8\"><\/script>\n<\/div><\/figure>\n\n\n\n<figure class=\"wp-block-embed-twitter wp-block-embed is-type-rich is-provider-twitter\"><div class=\"wp-block-embed__wrapper\">\n<blockquote class=\"twitter-tweet\" data-width=\"550\" data-dnt=\"true\"><p lang=\"pt\" dir=\"ltr\">Arrasca ta tao feliz que voltou ate a postar mais no Twitter<\/p>&mdash; Larissa Corr\u00eaa \u1d9c\u02b3\u1da0 (@laricorrea91) <a href=\"https:\/\/twitter.com\/laricorrea91\/status\/1134985993340276736?ref_src=twsrc%5Etfw\">June 2, 2019<\/a><\/blockquote><script async src=\"https:\/\/platform.twitter.com\/widgets.js\" charset=\"utf-8\"><\/script>\n<\/div><\/figure>\n\n\n\n\n\n<figure class=\"wp-block-embed-twitter wp-block-embed is-type-rich is-provider-twitter\"><div class=\"wp-block-embed__wrapper\">\n<blockquote class=\"twitter-tweet\" data-width=\"550\" data-dnt=\"true\"><p lang=\"pt\" dir=\"ltr\">AEEEEEEEEEEEEEEE!!  Muito foda!<br>E vc n\u00e3o viu nada ainda.<br>Segue nessa vibe.<br>SRN<\/p>&mdash; Adriana \ud83d\udd34\u26ab (@AdriDricaDidica) <a href=\"https:\/\/twitter.com\/AdriDricaDidica\/status\/1135001357516251136?ref_src=twsrc%5Etfw\">June 2, 2019<\/a><\/blockquote><script async src=\"https:\/\/platform.twitter.com\/widgets.js\" charset=\"utf-8\"><\/script>\n<\/div><\/figure>\n\n\n\n<figure class=\"wp-block-embed-twitter wp-block-embed is-type-rich is-provider-twitter\"><div class=\"wp-block-embed__wrapper\">\n<blockquote class=\"twitter-tweet\" data-width=\"550\" data-dnt=\"true\"><p lang=\"pt\" dir=\"ltr\">Me perdoa por ter te deixado no banco muitas vezes na minha passagem pelo Flamengo??<\/p>&mdash; Jorge Jesus \u2741 (@JesusJorgeFla) <a href=\"https:\/\/twitter.com\/JesusJorgeFla\/status\/1134997041078312960?ref_src=twsrc%5Etfw\">June 2, 2019<\/a><\/blockquote><script async src=\"https:\/\/platform.twitter.com\/widgets.js\" charset=\"utf-8\"><\/script>\n<\/div><\/figure>\n\n\n\n<figure class=\"wp-block-embed-twitter wp-block-embed is-type-rich is-provider-twitter\"><div class=\"wp-block-embed__wrapper\">\nhttps:\/\/twitter.com\/crf_SF\/status\/1134986566349312000\n<\/div><\/figure>\n\n\n\n<figure class=\"wp-block-embed-twitter wp-block-embed is-type-rich is-provider-twitter\"><div class=\"wp-block-embed__wrapper\">\nhttps:\/\/twitter.com\/Flamengo__CRF\/status\/1134993267345494017\n<\/div><\/figure>\n\n\n\n<figure class=\"wp-block-embed-twitter wp-block-embed is-type-rich is-provider-twitter\"><div class=\"wp-block-embed__wrapper\">\n<blockquote class=\"twitter-tweet\" data-width=\"550\" data-dnt=\"true\"><p lang=\"pt\" dir=\"ltr\">Brab\u00edssimo<\/p>&mdash; Bruno Silva (@Crf_brsilva) <a href=\"https:\/\/twitter.com\/Crf_brsilva\/status\/1134994957620695047?ref_src=twsrc%5Etfw\">June 2, 2019<\/a><\/blockquote><script async src=\"https:\/\/platform.twitter.com\/widgets.js\" charset=\"utf-8\"><\/script>\n<\/div><\/figure>\n\n\n\n<figure class=\"wp-block-embed-twitter wp-block-embed is-type-rich is-provider-twitter\"><div class=\"wp-block-embed__wrapper\">\nhttps:\/\/twitter.com\/ptrcmf\/status\/1134986320529563648\n<\/div><\/figure>\n\n\n\n\n\n<p>Adaptado de: Coluna do Flamengo<\/p>\n","protected":false},"excerpt":{"rendered":"<p>O Flamengo entrou em campo precisando de uma vit\u00f3ria para subir na tabela e voltar a ter tranquilidade no Brasileir\u00e3o. Recebendo o Fortaleza no Engenh\u00e3o, o Fla dominou do primeiro ao \u00faltimo minuto do embate e conseguiu um s\u00f3lido triunfo por 2 a 0. Os dois tentos foram marcados por Gabigol. No entanto, nenhum dos [&hellip;]<\/p>\n","protected":false},"author":1,"featured_media":14951,"comment_status":"open","ping_status":"open","sticky":false,"template":"","format":"standard","meta":{"footnotes":""},"categories":[47],"tags":[],"class_list":["post-21184","post","type-post","status-publish","format-standard","has-post-thumbnail","hentry","category-destaques"],"yoast_head":"<!-- This site is optimized with the Yoast SEO Premium plugin v24.2 (Yoast SEO v26.9) - https:\/\/yoast.com\/product\/yoast-seo-premium-wordpress\/ -->\n<title>Arrascaeta rasga elogios para a torcida, e leva muitos flamenguistas ao del\u00edrio; veja repercuss\u00e3o<\/title>\n<meta name=\"robots\" content=\"index, follow, max-snippet:-1, max-image-preview:large, max-video-preview:-1\" \/>\n<link rel=\"canonical\" href=\"https:\/\/www.gaveanews.com\/index.php\/2019\/06\/02\/arrascaeta-rasga-elogios-para-a-torcida-e-leva-muitos-flamenguistas-ao-delirio-veja-repercussao\/\" \/>\n<meta property=\"og:locale\" content=\"pt_BR\" \/>\n<meta property=\"og:type\" content=\"article\" \/>\n<meta property=\"og:title\" content=\"Arrascaeta rasga elogios para a torcida, e leva muitos flamenguistas ao del\u00edrio; veja repercuss\u00e3o\" \/>\n<meta property=\"og:description\" content=\"O Flamengo entrou em campo precisando de uma vit\u00f3ria para subir na tabela e voltar a ter tranquilidade no Brasileir\u00e3o. Recebendo o Fortaleza no Engenh\u00e3o, o Fla dominou do primeiro ao \u00faltimo minuto do embate e conseguiu um s\u00f3lido triunfo por 2 a 0. Os dois tentos foram marcados por Gabigol. No entanto, nenhum dos [&hellip;]\" \/>\n<meta property=\"og:url\" content=\"https:\/\/www.gaveanews.com\/index.php\/2019\/06\/02\/arrascaeta-rasga-elogios-para-a-torcida-e-leva-muitos-flamenguistas-ao-delirio-veja-repercussao\/\" \/>\n<meta property=\"og:site_name\" content=\"G\u00e1vea News\" \/>\n<meta property=\"article:publisher\" content=\"https:\/\/facebook.com\/gaveaNews\/\" \/>\n<meta property=\"article:published_time\" content=\"2019-06-02T04:16:53+00:00\" \/>\n<meta property=\"article:modified_time\" content=\"2019-06-02T04:38:54+00:00\" \/>\n<meta property=\"og:image\" content=\"https:\/\/www.gaveanews.com\/wp-content\/uploads\/2019\/03\/De-Arrascaeta-em-acao-pelo-Flamengo-no-estadio-do-Maracana.webp\" \/>\n\t<meta property=\"og:image:width\" content=\"1\" \/>\n\t<meta property=\"og:image:height\" content=\"1\" \/>\n\t<meta property=\"og:image:type\" content=\"image\/jpeg\" \/>\n<meta name=\"author\" content=\"Equipe G\u00e1vea News\" \/>\n<meta name=\"twitter:card\" content=\"summary_large_image\" \/>\n<meta name=\"twitter:label1\" content=\"Escrito por\" \/>\n\t<meta name=\"twitter:data1\" content=\"Equipe G\u00e1vea News\" \/>\n\t<meta name=\"twitter:label2\" content=\"Est. tempo de leitura\" \/>\n\t<meta name=\"twitter:data2\" content=\"1 minuto\" \/>\n<script type=\"application\/ld+json\" class=\"yoast-schema-graph\">{\"@context\":\"https:\/\/schema.org\",\"@graph\":[{\"@type\":\"NewsArticle\",\"@id\":\"https:\/\/www.gaveanews.com\/index.php\/2019\/06\/02\/arrascaeta-rasga-elogios-para-a-torcida-e-leva-muitos-flamenguistas-ao-delirio-veja-repercussao\/#article\",\"isPartOf\":{\"@id\":\"https:\/\/www.gaveanews.com\/index.php\/2019\/06\/02\/arrascaeta-rasga-elogios-para-a-torcida-e-leva-muitos-flamenguistas-ao-delirio-veja-repercussao\/\"},\"author\":{\"name\":\"Equipe G\u00e1vea News\",\"@id\":\"https:\/\/www.gaveanews.com\/#\/schema\/person\/2ec14f73fb96be2caf28f91afb14749d\"},\"headline\":\"Arrascaeta rasga elogios para a torcida, e leva muitos flamenguistas ao del\u00edrio; veja repercuss\u00e3o\",\"datePublished\":\"2019-06-02T04:16:53+00:00\",\"dateModified\":\"2019-06-02T04:38:54+00:00\",\"mainEntityOfPage\":{\"@id\":\"https:\/\/www.gaveanews.com\/index.php\/2019\/06\/02\/arrascaeta-rasga-elogios-para-a-torcida-e-leva-muitos-flamenguistas-ao-delirio-veja-repercussao\/\"},\"wordCount\":264,\"commentCount\":0,\"image\":{\"@id\":\"https:\/\/www.gaveanews.com\/index.php\/2019\/06\/02\/arrascaeta-rasga-elogios-para-a-torcida-e-leva-muitos-flamenguistas-ao-delirio-veja-repercussao\/#primaryimage\"},\"thumbnailUrl\":\"https:\/\/www.gaveanews.com\/wp-content\/uploads\/2019\/03\/De-Arrascaeta-em-acao-pelo-Flamengo-no-estadio-do-Maracana.webp\",\"articleSection\":[\"Destaques\"],\"inLanguage\":\"pt-BR\",\"potentialAction\":[{\"@type\":\"CommentAction\",\"name\":\"Comment\",\"target\":[\"https:\/\/www.gaveanews.com\/index.php\/2019\/06\/02\/arrascaeta-rasga-elogios-para-a-torcida-e-leva-muitos-flamenguistas-ao-delirio-veja-repercussao\/#respond\"]}],\"copyrightYear\":\"2019\",\"copyrightHolder\":{\"@id\":\"https:\/\/www.gaveanews.com\/#organization\"}},{\"@type\":\"WebPage\",\"@id\":\"https:\/\/www.gaveanews.com\/index.php\/2019\/06\/02\/arrascaeta-rasga-elogios-para-a-torcida-e-leva-muitos-flamenguistas-ao-delirio-veja-repercussao\/\",\"url\":\"https:\/\/www.gaveanews.com\/index.php\/2019\/06\/02\/arrascaeta-rasga-elogios-para-a-torcida-e-leva-muitos-flamenguistas-ao-delirio-veja-repercussao\/\",\"name\":\"Arrascaeta rasga elogios para a torcida, e leva muitos flamenguistas ao del\u00edrio; veja repercuss\u00e3o\",\"isPartOf\":{\"@id\":\"https:\/\/www.gaveanews.com\/#website\"},\"primaryImageOfPage\":{\"@id\":\"https:\/\/www.gaveanews.com\/index.php\/2019\/06\/02\/arrascaeta-rasga-elogios-para-a-torcida-e-leva-muitos-flamenguistas-ao-delirio-veja-repercussao\/#primaryimage\"},\"image\":{\"@id\":\"https:\/\/www.gaveanews.com\/index.php\/2019\/06\/02\/arrascaeta-rasga-elogios-para-a-torcida-e-leva-muitos-flamenguistas-ao-delirio-veja-repercussao\/#primaryimage\"},\"thumbnailUrl\":\"https:\/\/www.gaveanews.com\/wp-content\/uploads\/2019\/03\/De-Arrascaeta-em-acao-pelo-Flamengo-no-estadio-do-Maracana.webp\",\"datePublished\":\"2019-06-02T04:16:53+00:00\",\"dateModified\":\"2019-06-02T04:38:54+00:00\",\"author\":{\"@id\":\"https:\/\/www.gaveanews.com\/#\/schema\/person\/2ec14f73fb96be2caf28f91afb14749d\"},\"breadcrumb\":{\"@id\":\"https:\/\/www.gaveanews.com\/index.php\/2019\/06\/02\/arrascaeta-rasga-elogios-para-a-torcida-e-leva-muitos-flamenguistas-ao-delirio-veja-repercussao\/#breadcrumb\"},\"inLanguage\":\"pt-BR\",\"potentialAction\":[{\"@type\":\"ReadAction\",\"target\":[\"https:\/\/www.gaveanews.com\/index.php\/2019\/06\/02\/arrascaeta-rasga-elogios-para-a-torcida-e-leva-muitos-flamenguistas-ao-delirio-veja-repercussao\/\"]}]},{\"@type\":\"ImageObject\",\"inLanguage\":\"pt-BR\",\"@id\":\"https:\/\/www.gaveanews.com\/index.php\/2019\/06\/02\/arrascaeta-rasga-elogios-para-a-torcida-e-leva-muitos-flamenguistas-ao-delirio-veja-repercussao\/#primaryimage\",\"url\":\"https:\/\/www.gaveanews.com\/wp-content\/uploads\/2019\/03\/De-Arrascaeta-em-acao-pelo-Flamengo-no-estadio-do-Maracana.webp\",\"contentUrl\":\"https:\/\/www.gaveanews.com\/wp-content\/uploads\/2019\/03\/De-Arrascaeta-em-acao-pelo-Flamengo-no-estadio-do-Maracana.webp\",\"caption\":\"De Arrascaeta em a\u00e7\u00e3o pelo Flamengo, no est\u00e1dio do Maracan\u00e3 (Foto: Alexandre Vidal\/Flamengo)\"},{\"@type\":\"BreadcrumbList\",\"@id\":\"https:\/\/www.gaveanews.com\/index.php\/2019\/06\/02\/arrascaeta-rasga-elogios-para-a-torcida-e-leva-muitos-flamenguistas-ao-delirio-veja-repercussao\/#breadcrumb\",\"itemListElement\":[{\"@type\":\"ListItem\",\"position\":1,\"name\":\"Home\",\"item\":\"https:\/\/www.gaveanews.com\/\"},{\"@type\":\"ListItem\",\"position\":2,\"name\":\"Arrascaeta rasga elogios para a torcida, e leva muitos flamenguistas ao del\u00edrio; veja repercuss\u00e3o\"}]},{\"@type\":\"WebSite\",\"@id\":\"https:\/\/www.gaveanews.com\/#website\",\"url\":\"https:\/\/www.gaveanews.com\/\",\"name\":\"G\u00e1vea News\",\"description\":\"Veja todas as not\u00edcias sobre o Flamengo: Contrata\u00e7\u00f5es, categorias de base, resultados das partidas, tabela de classifica\u00e7\u00e3o, pr\u00f3ximos jogos!\",\"potentialAction\":[{\"@type\":\"SearchAction\",\"target\":{\"@type\":\"EntryPoint\",\"urlTemplate\":\"https:\/\/www.gaveanews.com\/?s={search_term_string}\"},\"query-input\":{\"@type\":\"PropertyValueSpecification\",\"valueRequired\":true,\"valueName\":\"search_term_string\"}}],\"inLanguage\":\"pt-BR\"},{\"@type\":\"Person\",\"@id\":\"https:\/\/www.gaveanews.com\/#\/schema\/person\/2ec14f73fb96be2caf28f91afb14749d\",\"name\":\"Equipe G\u00e1vea News\",\"image\":{\"@type\":\"ImageObject\",\"inLanguage\":\"pt-BR\",\"@id\":\"https:\/\/www.gaveanews.com\/#\/schema\/person\/image\/\",\"url\":\"https:\/\/secure.gravatar.com\/avatar\/1e1956f1facbffd3f8fa53a326721950116b3b9dc9bd44939c01180fd4a745a9?s=96&d=mm&r=g\",\"contentUrl\":\"https:\/\/secure.gravatar.com\/avatar\/1e1956f1facbffd3f8fa53a326721950116b3b9dc9bd44939c01180fd4a745a9?s=96&d=mm&r=g\",\"caption\":\"Equipe G\u00e1vea News\"}}]}<\/script>\n<!-- \/ Yoast SEO Premium plugin. -->","yoast_head_json":{"title":"Arrascaeta rasga elogios para a torcida, e leva muitos flamenguistas ao del\u00edrio; veja repercuss\u00e3o","robots":{"index":"index","follow":"follow","max-snippet":"max-snippet:-1","max-image-preview":"max-image-preview:large","max-video-preview":"max-video-preview:-1"},"canonical":"https:\/\/www.gaveanews.com\/index.php\/2019\/06\/02\/arrascaeta-rasga-elogios-para-a-torcida-e-leva-muitos-flamenguistas-ao-delirio-veja-repercussao\/","og_locale":"pt_BR","og_type":"article","og_title":"Arrascaeta rasga elogios para a torcida, e leva muitos flamenguistas ao del\u00edrio; veja repercuss\u00e3o","og_description":"O Flamengo entrou em campo precisando de uma vit\u00f3ria para subir na tabela e voltar a ter tranquilidade no Brasileir\u00e3o. Recebendo o Fortaleza no Engenh\u00e3o, o Fla dominou do primeiro ao \u00faltimo minuto do embate e conseguiu um s\u00f3lido triunfo por 2 a 0. Os dois tentos foram marcados por Gabigol. No entanto, nenhum dos [&hellip;]","og_url":"https:\/\/www.gaveanews.com\/index.php\/2019\/06\/02\/arrascaeta-rasga-elogios-para-a-torcida-e-leva-muitos-flamenguistas-ao-delirio-veja-repercussao\/","og_site_name":"G\u00e1vea News","article_publisher":"https:\/\/facebook.com\/gaveaNews\/","article_published_time":"2019-06-02T04:16:53+00:00","article_modified_time":"2019-06-02T04:38:54+00:00","og_image":[{"url":"https:\/\/www.gaveanews.com\/wp-content\/uploads\/2019\/03\/De-Arrascaeta-em-acao-pelo-Flamengo-no-estadio-do-Maracana.webp","width":1,"height":1,"type":"image\/jpeg"}],"author":"Equipe G\u00e1vea News","twitter_card":"summary_large_image","twitter_misc":{"Escrito por":"Equipe G\u00e1vea News","Est. tempo de leitura":"1 minuto"},"schema":{"@context":"https:\/\/schema.org","@graph":[{"@type":"NewsArticle","@id":"https:\/\/www.gaveanews.com\/index.php\/2019\/06\/02\/arrascaeta-rasga-elogios-para-a-torcida-e-leva-muitos-flamenguistas-ao-delirio-veja-repercussao\/#article","isPartOf":{"@id":"https:\/\/www.gaveanews.com\/index.php\/2019\/06\/02\/arrascaeta-rasga-elogios-para-a-torcida-e-leva-muitos-flamenguistas-ao-delirio-veja-repercussao\/"},"author":{"name":"Equipe G\u00e1vea News","@id":"https:\/\/www.gaveanews.com\/#\/schema\/person\/2ec14f73fb96be2caf28f91afb14749d"},"headline":"Arrascaeta rasga elogios para a torcida, e leva muitos flamenguistas ao del\u00edrio; veja repercuss\u00e3o","datePublished":"2019-06-02T04:16:53+00:00","dateModified":"2019-06-02T04:38:54+00:00","mainEntityOfPage":{"@id":"https:\/\/www.gaveanews.com\/index.php\/2019\/06\/02\/arrascaeta-rasga-elogios-para-a-torcida-e-leva-muitos-flamenguistas-ao-delirio-veja-repercussao\/"},"wordCount":264,"commentCount":0,"image":{"@id":"https:\/\/www.gaveanews.com\/index.php\/2019\/06\/02\/arrascaeta-rasga-elogios-para-a-torcida-e-leva-muitos-flamenguistas-ao-delirio-veja-repercussao\/#primaryimage"},"thumbnailUrl":"https:\/\/www.gaveanews.com\/wp-content\/uploads\/2019\/03\/De-Arrascaeta-em-acao-pelo-Flamengo-no-estadio-do-Maracana.webp","articleSection":["Destaques"],"inLanguage":"pt-BR","potentialAction":[{"@type":"CommentAction","name":"Comment","target":["https:\/\/www.gaveanews.com\/index.php\/2019\/06\/02\/arrascaeta-rasga-elogios-para-a-torcida-e-leva-muitos-flamenguistas-ao-delirio-veja-repercussao\/#respond"]}],"copyrightYear":"2019","copyrightHolder":{"@id":"https:\/\/www.gaveanews.com\/#organization"}},{"@type":"WebPage","@id":"https:\/\/www.gaveanews.com\/index.php\/2019\/06\/02\/arrascaeta-rasga-elogios-para-a-torcida-e-leva-muitos-flamenguistas-ao-delirio-veja-repercussao\/","url":"https:\/\/www.gaveanews.com\/index.php\/2019\/06\/02\/arrascaeta-rasga-elogios-para-a-torcida-e-leva-muitos-flamenguistas-ao-delirio-veja-repercussao\/","name":"Arrascaeta rasga elogios para a torcida, e leva muitos flamenguistas ao del\u00edrio; veja repercuss\u00e3o","isPartOf":{"@id":"https:\/\/www.gaveanews.com\/#website"},"primaryImageOfPage":{"@id":"https:\/\/www.gaveanews.com\/index.php\/2019\/06\/02\/arrascaeta-rasga-elogios-para-a-torcida-e-leva-muitos-flamenguistas-ao-delirio-veja-repercussao\/#primaryimage"},"image":{"@id":"https:\/\/www.gaveanews.com\/index.php\/2019\/06\/02\/arrascaeta-rasga-elogios-para-a-torcida-e-leva-muitos-flamenguistas-ao-delirio-veja-repercussao\/#primaryimage"},"thumbnailUrl":"https:\/\/www.gaveanews.com\/wp-content\/uploads\/2019\/03\/De-Arrascaeta-em-acao-pelo-Flamengo-no-estadio-do-Maracana.webp","datePublished":"2019-06-02T04:16:53+00:00","dateModified":"2019-06-02T04:38:54+00:00","author":{"@id":"https:\/\/www.gaveanews.com\/#\/schema\/person\/2ec14f73fb96be2caf28f91afb14749d"},"breadcrumb":{"@id":"https:\/\/www.gaveanews.com\/index.php\/2019\/06\/02\/arrascaeta-rasga-elogios-para-a-torcida-e-leva-muitos-flamenguistas-ao-delirio-veja-repercussao\/#breadcrumb"},"inLanguage":"pt-BR","potentialAction":[{"@type":"ReadAction","target":["https:\/\/www.gaveanews.com\/index.php\/2019\/06\/02\/arrascaeta-rasga-elogios-para-a-torcida-e-leva-muitos-flamenguistas-ao-delirio-veja-repercussao\/"]}]},{"@type":"ImageObject","inLanguage":"pt-BR","@id":"https:\/\/www.gaveanews.com\/index.php\/2019\/06\/02\/arrascaeta-rasga-elogios-para-a-torcida-e-leva-muitos-flamenguistas-ao-delirio-veja-repercussao\/#primaryimage","url":"https:\/\/www.gaveanews.com\/wp-content\/uploads\/2019\/03\/De-Arrascaeta-em-acao-pelo-Flamengo-no-estadio-do-Maracana.webp","contentUrl":"https:\/\/www.gaveanews.com\/wp-content\/uploads\/2019\/03\/De-Arrascaeta-em-acao-pelo-Flamengo-no-estadio-do-Maracana.webp","caption":"De Arrascaeta em a\u00e7\u00e3o pelo Flamengo, no est\u00e1dio do Maracan\u00e3 (Foto: Alexandre Vidal\/Flamengo)"},{"@type":"BreadcrumbList","@id":"https:\/\/www.gaveanews.com\/index.php\/2019\/06\/02\/arrascaeta-rasga-elogios-para-a-torcida-e-leva-muitos-flamenguistas-ao-delirio-veja-repercussao\/#breadcrumb","itemListElement":[{"@type":"ListItem","position":1,"name":"Home","item":"https:\/\/www.gaveanews.com\/"},{"@type":"ListItem","position":2,"name":"Arrascaeta rasga elogios para a torcida, e leva muitos flamenguistas ao del\u00edrio; veja repercuss\u00e3o"}]},{"@type":"WebSite","@id":"https:\/\/www.gaveanews.com\/#website","url":"https:\/\/www.gaveanews.com\/","name":"G\u00e1vea News","description":"Veja todas as not\u00edcias sobre o Flamengo: Contrata\u00e7\u00f5es, categorias de base, resultados das partidas, tabela de classifica\u00e7\u00e3o, pr\u00f3ximos jogos!","potentialAction":[{"@type":"SearchAction","target":{"@type":"EntryPoint","urlTemplate":"https:\/\/www.gaveanews.com\/?s={search_term_string}"},"query-input":{"@type":"PropertyValueSpecification","valueRequired":true,"valueName":"search_term_string"}}],"inLanguage":"pt-BR"},{"@type":"Person","@id":"https:\/\/www.gaveanews.com\/#\/schema\/person\/2ec14f73fb96be2caf28f91afb14749d","name":"Equipe G\u00e1vea News","image":{"@type":"ImageObject","inLanguage":"pt-BR","@id":"https:\/\/www.gaveanews.com\/#\/schema\/person\/image\/","url":"https:\/\/secure.gravatar.com\/avatar\/1e1956f1facbffd3f8fa53a326721950116b3b9dc9bd44939c01180fd4a745a9?s=96&d=mm&r=g","contentUrl":"https:\/\/secure.gravatar.com\/avatar\/1e1956f1facbffd3f8fa53a326721950116b3b9dc9bd44939c01180fd4a745a9?s=96&d=mm&r=g","caption":"Equipe G\u00e1vea News"}}]}},"_links":{"self":[{"href":"https:\/\/www.gaveanews.com\/index.php\/wp-json\/wp\/v2\/posts\/21184","targetHints":{"allow":["GET"]}}],"collection":[{"href":"https:\/\/www.gaveanews.com\/index.php\/wp-json\/wp\/v2\/posts"}],"about":[{"href":"https:\/\/www.gaveanews.com\/index.php\/wp-json\/wp\/v2\/types\/post"}],"author":[{"embeddable":true,"href":"https:\/\/www.gaveanews.com\/index.php\/wp-json\/wp\/v2\/users\/1"}],"replies":[{"embeddable":true,"href":"https:\/\/www.gaveanews.com\/index.php\/wp-json\/wp\/v2\/comments?post=21184"}],"version-history":[{"count":0,"href":"https:\/\/www.gaveanews.com\/index.php\/wp-json\/wp\/v2\/posts\/21184\/revisions"}],"wp:featuredmedia":[{"embeddable":true,"href":"https:\/\/www.gaveanews.com\/index.php\/wp-json\/wp\/v2\/media\/14951"}],"wp:attachment":[{"href":"https:\/\/www.gaveanews.com\/index.php\/wp-json\/wp\/v2\/media?parent=21184"}],"wp:term":[{"taxonomy":"category","embeddable":true,"href":"https:\/\/www.gaveanews.com\/index.php\/wp-json\/wp\/v2\/categories?post=21184"},{"taxonomy":"post_tag","embeddable":true,"href":"https:\/\/www.gaveanews.com\/index.php\/wp-json\/wp\/v2\/tags?post=21184"}],"curies":[{"name":"wp","href":"https:\/\/api.w.org\/{rel}","templated":true}]}}