{"id":211980,"date":"2025-01-13T17:46:57","date_gmt":"2025-01-13T20:46:57","guid":{"rendered":"https:\/\/www.gaveanews.com\/?p=211980"},"modified":"2025-01-13T17:47:00","modified_gmt":"2025-01-13T20:47:00","slug":"edmundo-avalia-saidas-de-jogadores-do-botafogo","status":"publish","type":"post","link":"https:\/\/www.gaveanews.com\/index.php\/2025\/01\/13\/edmundo-avalia-saidas-de-jogadores-do-botafogo\/","title":{"rendered":"Edmundo avalia sa\u00eddas de jogadores do Botafogo"},"content":{"rendered":"\n<p>Com Tiquinho Soares, Tch\u00ea Tch\u00ea, Adryelson e diversos outros jogadores, o\u00a0Botafogo\u00a0prometeu uma verdadeira mudan\u00e7a no atual elenco. Al\u00e9m deles, outros nomes tamb\u00e9m correm o risco de sa\u00edrem. Luiz Henrique,\u00a0recebeu propostas\u00a0e tem pouqu\u00edssimas chances de ficar na equipe. Para o ex-jogador Edmundo, que defendeu Vasco e Palmeiras nos anos 90, o Fog\u00e3o precisa reagir.<\/p>\n\n\n\n<ul class=\"wp-block-list\">\n<li><a href=\"https:\/\/www.gaveanews.com\/index.php\/2025\/01\/11\/botafogo-goleiro-raul-comemora-estreia\/\">Botafogo: goleiro Raul comemora estreia<\/a><\/li>\n\n\n\n<li><a href=\"https:\/\/www.gaveanews.com\/index.php\/2025\/01\/11\/botafogo-formaliza-proposta-por-atacante\/\">Botafogo formaliza proposta por atacante<\/a><\/li>\n<\/ul>\n\n\n\n<p>Em seu canal, ele afirmou que, seguindo o ritmo, o time do\u00a0John Textor\u00a0n\u00e3o vence de jeito nenhum o pr\u00f3ximo\u00a0Brasileir\u00e3o. O comentarista, para encerrar, citou Flamengo e Palmeiras. Depois [na disputa] vem Cruzeiro e Botafogo. O Botafogo j\u00e1 perdeu 11 jogadores\u201d \u201cAlguns reservas, mas\u00a0os reservas tamb\u00e9m s\u00e3o importantes. Ano passado o Botafogo jogou as rodadas finais com a zaga reserva\u201d, finalizou deixando um recado para John Textor.<\/p>\n\n\n\n<h2 class=\"wp-block-heading\" id=\"h-ainda-sobre-textor\">Ainda sobre Textor<\/h2>\n\n\n\n<p>John Textor, o propriet\u00e1rio norte-americano, continua sua busca por um novo t\u00e9cnico para substituir Artur Jorge no comando do time. O objetivo \u00e9 manter o Glorioso na briga por grandes t\u00edtulos nesta temporada, buscando um nome capaz de garantir boas performances e resultados expressivos nas principais competi\u00e7\u00f5es.<\/p>\n\n\n\n<p>O t\u00e9cnico portugu\u00eas, que decidiu deixar o Fog\u00e3o ap\u00f3s conquistar dois t\u00edtulos em 2024, chegou com grande entusiasmo ao Catar. Em sua estreia pelo Al-Rayyan, seu novo clube, o time teve uma excelente performance, vencendo o Umm-Salal por 6 a 2, garantindo uma estreia impressionante e cheia de confian\u00e7a.<\/p>\n\n\n\n<h2 class=\"wp-block-heading\" id=\"h-estreia-do-botafogo\">Estreia do Botafogo<\/h2>\n\n\n\n<p>O\u00a0Botafogo\u00a0saiu de campo com a derrota em sua estreia no Campeonato Carioca. Com uma equipe formada em sua maioria por jogadores oriundos das categorias de base e integrantes do time de aspirantes, o time perdeu por 2 a 1 para o Maric\u00e1, no Nilton Santos, neste s\u00e1bado. O t\u00e9cnico Carlos Leiria fez uma avalia\u00e7\u00e3o da estreia do time. Os principais jogadores do elenco s\u00f3 devem estrear na sexta rodada da competi\u00e7\u00e3o.<\/p>\n\n\n\n<p>&#8220;Vejo que a equipe teve uma capacidade de buscar o resultado a todo momento. Seguiu tudo que foi proposto na partida a todo momento. Sentimos um pouco o in\u00edcio do jogo, tomamos o gol cedo e at\u00e9 se torna natural pela juventude da equipe. Nos equilibramos, tivemos organiza\u00e7\u00e3o. O advers\u00e1rio teve um jogador expulso e isso nos faz ter mudan\u00e7as de posicionamento. Os jogadores cumpriram bem. No decorrer do jogo, tivemos volume de jogo, continuamos sendo ofensivo. Vejo alguns aspectos positivos. Avalio como positiva essa estreia porque os jogadores buscaram a todo momento. Infelizmente, o resultado n\u00e3o veio, mas a atitude deles \u00e9 de in\u00edcio que acredito que acho que eles v\u00e3o vencer&#8221; &#8211; disse o treinador.<\/p>\n\n\n\n<p><\/p>\n","protected":false},"excerpt":{"rendered":"<p>Com Tiquinho Soares, Tch\u00ea Tch\u00ea, Adryelson e diversos outros jogadores, o\u00a0Botafogo\u00a0prometeu uma verdadeira mudan\u00e7a no atual elenco. Al\u00e9m deles, outros nomes tamb\u00e9m correm o risco de sa\u00edrem. Luiz Henrique,\u00a0recebeu propostas\u00a0e tem pouqu\u00edssimas chances de ficar na equipe. Para o ex-jogador Edmundo, que defendeu Vasco e Palmeiras nos anos 90, o Fog\u00e3o precisa reagir. Em seu [&hellip;]<\/p>\n","protected":false},"author":31,"featured_media":182060,"comment_status":"open","ping_status":"closed","sticky":false,"template":"","format":"standard","meta":{"footnotes":""},"categories":[138],"tags":[],"class_list":["post-211980","post","type-post","status-publish","format-standard","has-post-thumbnail","hentry","category-botafogo"],"yoast_head":"<!-- This site is optimized with the Yoast SEO Premium plugin v24.2 (Yoast SEO v26.9) - https:\/\/yoast.com\/product\/yoast-seo-premium-wordpress\/ -->\n<title>Edmundo avalia sa\u00eddas de jogadores do Botafogo<\/title>\n<meta name=\"robots\" content=\"index, follow, max-snippet:-1, max-image-preview:large, max-video-preview:-1\" \/>\n<link rel=\"canonical\" href=\"https:\/\/www.gaveanews.com\/index.php\/2025\/01\/13\/edmundo-avalia-saidas-de-jogadores-do-botafogo\/\" \/>\n<meta property=\"og:locale\" content=\"pt_BR\" \/>\n<meta property=\"og:type\" content=\"article\" \/>\n<meta property=\"og:title\" content=\"Edmundo avalia sa\u00eddas de jogadores do Botafogo\" \/>\n<meta property=\"og:description\" content=\"Com Tiquinho Soares, Tch\u00ea Tch\u00ea, Adryelson e diversos outros jogadores, o\u00a0Botafogo\u00a0prometeu uma verdadeira mudan\u00e7a no atual elenco. Al\u00e9m deles, outros nomes tamb\u00e9m correm o risco de sa\u00edrem. Luiz Henrique,\u00a0recebeu propostas\u00a0e tem pouqu\u00edssimas chances de ficar na equipe. Para o ex-jogador Edmundo, que defendeu Vasco e Palmeiras nos anos 90, o Fog\u00e3o precisa reagir. Em seu [&hellip;]\" \/>\n<meta property=\"og:url\" content=\"https:\/\/www.gaveanews.com\/index.php\/2025\/01\/13\/edmundo-avalia-saidas-de-jogadores-do-botafogo\/\" \/>\n<meta property=\"og:site_name\" content=\"G\u00e1vea News\" \/>\n<meta property=\"article:publisher\" content=\"https:\/\/facebook.com\/gaveaNews\/\" \/>\n<meta property=\"article:published_time\" content=\"2025-01-13T20:46:57+00:00\" \/>\n<meta property=\"article:modified_time\" content=\"2025-01-13T20:47:00+00:00\" \/>\n<meta property=\"og:image\" content=\"https:\/\/www.gaveanews.com\/wp-content\/uploads\/Escudo-do-Botafogo-1.webp\" \/>\n\t<meta property=\"og:image:width\" content=\"787\" \/>\n\t<meta property=\"og:image:height\" content=\"525\" \/>\n\t<meta property=\"og:image:type\" content=\"image\/webp\" \/>\n<meta name=\"author\" content=\"Michel Camargo\" \/>\n<meta name=\"twitter:card\" content=\"summary_large_image\" \/>\n<meta name=\"twitter:label1\" content=\"Escrito por\" \/>\n\t<meta name=\"twitter:data1\" content=\"Michel Camargo\" \/>\n\t<meta name=\"twitter:label2\" content=\"Est. tempo de leitura\" \/>\n\t<meta name=\"twitter:data2\" content=\"3 minutos\" \/>\n<script type=\"application\/ld+json\" class=\"yoast-schema-graph\">{\"@context\":\"https:\/\/schema.org\",\"@graph\":[{\"@type\":\"NewsArticle\",\"@id\":\"https:\/\/www.gaveanews.com\/index.php\/2025\/01\/13\/edmundo-avalia-saidas-de-jogadores-do-botafogo\/#article\",\"isPartOf\":{\"@id\":\"https:\/\/www.gaveanews.com\/index.php\/2025\/01\/13\/edmundo-avalia-saidas-de-jogadores-do-botafogo\/\"},\"author\":{\"name\":\"Michel Camargo\",\"@id\":\"https:\/\/www.gaveanews.com\/#\/schema\/person\/6f5583f09aa4bcc9866a7360b5604486\"},\"headline\":\"Edmundo avalia sa\u00eddas de jogadores do Botafogo\",\"datePublished\":\"2025-01-13T20:46:57+00:00\",\"dateModified\":\"2025-01-13T20:47:00+00:00\",\"mainEntityOfPage\":{\"@id\":\"https:\/\/www.gaveanews.com\/index.php\/2025\/01\/13\/edmundo-avalia-saidas-de-jogadores-do-botafogo\/\"},\"wordCount\":460,\"commentCount\":0,\"image\":{\"@id\":\"https:\/\/www.gaveanews.com\/index.php\/2025\/01\/13\/edmundo-avalia-saidas-de-jogadores-do-botafogo\/#primaryimage\"},\"thumbnailUrl\":\"https:\/\/www.gaveanews.com\/wp-content\/uploads\/Escudo-do-Botafogo-1.webp\",\"articleSection\":[\"Botafogo\"],\"inLanguage\":\"pt-BR\",\"potentialAction\":[{\"@type\":\"CommentAction\",\"name\":\"Comment\",\"target\":[\"https:\/\/www.gaveanews.com\/index.php\/2025\/01\/13\/edmundo-avalia-saidas-de-jogadores-do-botafogo\/#respond\"]}],\"copyrightYear\":\"2025\",\"copyrightHolder\":{\"@id\":\"https:\/\/www.gaveanews.com\/#organization\"}},{\"@type\":\"WebPage\",\"@id\":\"https:\/\/www.gaveanews.com\/index.php\/2025\/01\/13\/edmundo-avalia-saidas-de-jogadores-do-botafogo\/\",\"url\":\"https:\/\/www.gaveanews.com\/index.php\/2025\/01\/13\/edmundo-avalia-saidas-de-jogadores-do-botafogo\/\",\"name\":\"Edmundo avalia sa\u00eddas de jogadores do Botafogo\",\"isPartOf\":{\"@id\":\"https:\/\/www.gaveanews.com\/#website\"},\"primaryImageOfPage\":{\"@id\":\"https:\/\/www.gaveanews.com\/index.php\/2025\/01\/13\/edmundo-avalia-saidas-de-jogadores-do-botafogo\/#primaryimage\"},\"image\":{\"@id\":\"https:\/\/www.gaveanews.com\/index.php\/2025\/01\/13\/edmundo-avalia-saidas-de-jogadores-do-botafogo\/#primaryimage\"},\"thumbnailUrl\":\"https:\/\/www.gaveanews.com\/wp-content\/uploads\/Escudo-do-Botafogo-1.webp\",\"datePublished\":\"2025-01-13T20:46:57+00:00\",\"dateModified\":\"2025-01-13T20:47:00+00:00\",\"author\":{\"@id\":\"https:\/\/www.gaveanews.com\/#\/schema\/person\/6f5583f09aa4bcc9866a7360b5604486\"},\"breadcrumb\":{\"@id\":\"https:\/\/www.gaveanews.com\/index.php\/2025\/01\/13\/edmundo-avalia-saidas-de-jogadores-do-botafogo\/#breadcrumb\"},\"inLanguage\":\"pt-BR\",\"potentialAction\":[{\"@type\":\"ReadAction\",\"target\":[\"https:\/\/www.gaveanews.com\/index.php\/2025\/01\/13\/edmundo-avalia-saidas-de-jogadores-do-botafogo\/\"]}]},{\"@type\":\"ImageObject\",\"inLanguage\":\"pt-BR\",\"@id\":\"https:\/\/www.gaveanews.com\/index.php\/2025\/01\/13\/edmundo-avalia-saidas-de-jogadores-do-botafogo\/#primaryimage\",\"url\":\"https:\/\/www.gaveanews.com\/wp-content\/uploads\/Escudo-do-Botafogo-1.webp\",\"contentUrl\":\"https:\/\/www.gaveanews.com\/wp-content\/uploads\/Escudo-do-Botafogo-1.webp\",\"width\":787,\"height\":525,\"caption\":\"Escudo do Botafogo (Foto: Reprodu\u00e7\u00e3o\/Botafogo)\"},{\"@type\":\"BreadcrumbList\",\"@id\":\"https:\/\/www.gaveanews.com\/index.php\/2025\/01\/13\/edmundo-avalia-saidas-de-jogadores-do-botafogo\/#breadcrumb\",\"itemListElement\":[{\"@type\":\"ListItem\",\"position\":1,\"name\":\"Home\",\"item\":\"https:\/\/www.gaveanews.com\/\"},{\"@type\":\"ListItem\",\"position\":2,\"name\":\"Edmundo avalia sa\u00eddas de jogadores do Botafogo\"}]},{\"@type\":\"WebSite\",\"@id\":\"https:\/\/www.gaveanews.com\/#website\",\"url\":\"https:\/\/www.gaveanews.com\/\",\"name\":\"G\u00e1vea News\",\"description\":\"Veja todas as not\u00edcias sobre o Flamengo: Contrata\u00e7\u00f5es, categorias de base, resultados das partidas, tabela de classifica\u00e7\u00e3o, pr\u00f3ximos jogos!\",\"potentialAction\":[{\"@type\":\"SearchAction\",\"target\":{\"@type\":\"EntryPoint\",\"urlTemplate\":\"https:\/\/www.gaveanews.com\/?s={search_term_string}\"},\"query-input\":{\"@type\":\"PropertyValueSpecification\",\"valueRequired\":true,\"valueName\":\"search_term_string\"}}],\"inLanguage\":\"pt-BR\"},{\"@type\":\"Person\",\"@id\":\"https:\/\/www.gaveanews.com\/#\/schema\/person\/6f5583f09aa4bcc9866a7360b5604486\",\"name\":\"Michel Camargo\",\"image\":{\"@type\":\"ImageObject\",\"inLanguage\":\"pt-BR\",\"@id\":\"https:\/\/www.gaveanews.com\/#\/schema\/person\/image\/\",\"url\":\"https:\/\/secure.gravatar.com\/avatar\/59285e68c26a1d55b30461b1bb1cc6534e5c51ef836b39890a73916a1db2d486?s=96&d=mm&r=g\",\"contentUrl\":\"https:\/\/secure.gravatar.com\/avatar\/59285e68c26a1d55b30461b1bb1cc6534e5c51ef836b39890a73916a1db2d486?s=96&d=mm&r=g\",\"caption\":\"Michel Camargo\"}}]}<\/script>\n<!-- \/ Yoast SEO Premium plugin. -->","yoast_head_json":{"title":"Edmundo avalia sa\u00eddas de jogadores do Botafogo","robots":{"index":"index","follow":"follow","max-snippet":"max-snippet:-1","max-image-preview":"max-image-preview:large","max-video-preview":"max-video-preview:-1"},"canonical":"https:\/\/www.gaveanews.com\/index.php\/2025\/01\/13\/edmundo-avalia-saidas-de-jogadores-do-botafogo\/","og_locale":"pt_BR","og_type":"article","og_title":"Edmundo avalia sa\u00eddas de jogadores do Botafogo","og_description":"Com Tiquinho Soares, Tch\u00ea Tch\u00ea, Adryelson e diversos outros jogadores, o\u00a0Botafogo\u00a0prometeu uma verdadeira mudan\u00e7a no atual elenco. Al\u00e9m deles, outros nomes tamb\u00e9m correm o risco de sa\u00edrem. Luiz Henrique,\u00a0recebeu propostas\u00a0e tem pouqu\u00edssimas chances de ficar na equipe. Para o ex-jogador Edmundo, que defendeu Vasco e Palmeiras nos anos 90, o Fog\u00e3o precisa reagir. Em seu [&hellip;]","og_url":"https:\/\/www.gaveanews.com\/index.php\/2025\/01\/13\/edmundo-avalia-saidas-de-jogadores-do-botafogo\/","og_site_name":"G\u00e1vea News","article_publisher":"https:\/\/facebook.com\/gaveaNews\/","article_published_time":"2025-01-13T20:46:57+00:00","article_modified_time":"2025-01-13T20:47:00+00:00","og_image":[{"width":787,"height":525,"url":"https:\/\/www.gaveanews.com\/wp-content\/uploads\/Escudo-do-Botafogo-1.webp","type":"image\/webp"}],"author":"Michel Camargo","twitter_card":"summary_large_image","twitter_misc":{"Escrito por":"Michel Camargo","Est. tempo de leitura":"3 minutos"},"schema":{"@context":"https:\/\/schema.org","@graph":[{"@type":"NewsArticle","@id":"https:\/\/www.gaveanews.com\/index.php\/2025\/01\/13\/edmundo-avalia-saidas-de-jogadores-do-botafogo\/#article","isPartOf":{"@id":"https:\/\/www.gaveanews.com\/index.php\/2025\/01\/13\/edmundo-avalia-saidas-de-jogadores-do-botafogo\/"},"author":{"name":"Michel Camargo","@id":"https:\/\/www.gaveanews.com\/#\/schema\/person\/6f5583f09aa4bcc9866a7360b5604486"},"headline":"Edmundo avalia sa\u00eddas de jogadores do Botafogo","datePublished":"2025-01-13T20:46:57+00:00","dateModified":"2025-01-13T20:47:00+00:00","mainEntityOfPage":{"@id":"https:\/\/www.gaveanews.com\/index.php\/2025\/01\/13\/edmundo-avalia-saidas-de-jogadores-do-botafogo\/"},"wordCount":460,"commentCount":0,"image":{"@id":"https:\/\/www.gaveanews.com\/index.php\/2025\/01\/13\/edmundo-avalia-saidas-de-jogadores-do-botafogo\/#primaryimage"},"thumbnailUrl":"https:\/\/www.gaveanews.com\/wp-content\/uploads\/Escudo-do-Botafogo-1.webp","articleSection":["Botafogo"],"inLanguage":"pt-BR","potentialAction":[{"@type":"CommentAction","name":"Comment","target":["https:\/\/www.gaveanews.com\/index.php\/2025\/01\/13\/edmundo-avalia-saidas-de-jogadores-do-botafogo\/#respond"]}],"copyrightYear":"2025","copyrightHolder":{"@id":"https:\/\/www.gaveanews.com\/#organization"}},{"@type":"WebPage","@id":"https:\/\/www.gaveanews.com\/index.php\/2025\/01\/13\/edmundo-avalia-saidas-de-jogadores-do-botafogo\/","url":"https:\/\/www.gaveanews.com\/index.php\/2025\/01\/13\/edmundo-avalia-saidas-de-jogadores-do-botafogo\/","name":"Edmundo avalia sa\u00eddas de jogadores do Botafogo","isPartOf":{"@id":"https:\/\/www.gaveanews.com\/#website"},"primaryImageOfPage":{"@id":"https:\/\/www.gaveanews.com\/index.php\/2025\/01\/13\/edmundo-avalia-saidas-de-jogadores-do-botafogo\/#primaryimage"},"image":{"@id":"https:\/\/www.gaveanews.com\/index.php\/2025\/01\/13\/edmundo-avalia-saidas-de-jogadores-do-botafogo\/#primaryimage"},"thumbnailUrl":"https:\/\/www.gaveanews.com\/wp-content\/uploads\/Escudo-do-Botafogo-1.webp","datePublished":"2025-01-13T20:46:57+00:00","dateModified":"2025-01-13T20:47:00+00:00","author":{"@id":"https:\/\/www.gaveanews.com\/#\/schema\/person\/6f5583f09aa4bcc9866a7360b5604486"},"breadcrumb":{"@id":"https:\/\/www.gaveanews.com\/index.php\/2025\/01\/13\/edmundo-avalia-saidas-de-jogadores-do-botafogo\/#breadcrumb"},"inLanguage":"pt-BR","potentialAction":[{"@type":"ReadAction","target":["https:\/\/www.gaveanews.com\/index.php\/2025\/01\/13\/edmundo-avalia-saidas-de-jogadores-do-botafogo\/"]}]},{"@type":"ImageObject","inLanguage":"pt-BR","@id":"https:\/\/www.gaveanews.com\/index.php\/2025\/01\/13\/edmundo-avalia-saidas-de-jogadores-do-botafogo\/#primaryimage","url":"https:\/\/www.gaveanews.com\/wp-content\/uploads\/Escudo-do-Botafogo-1.webp","contentUrl":"https:\/\/www.gaveanews.com\/wp-content\/uploads\/Escudo-do-Botafogo-1.webp","width":787,"height":525,"caption":"Escudo do Botafogo (Foto: Reprodu\u00e7\u00e3o\/Botafogo)"},{"@type":"BreadcrumbList","@id":"https:\/\/www.gaveanews.com\/index.php\/2025\/01\/13\/edmundo-avalia-saidas-de-jogadores-do-botafogo\/#breadcrumb","itemListElement":[{"@type":"ListItem","position":1,"name":"Home","item":"https:\/\/www.gaveanews.com\/"},{"@type":"ListItem","position":2,"name":"Edmundo avalia sa\u00eddas de jogadores do Botafogo"}]},{"@type":"WebSite","@id":"https:\/\/www.gaveanews.com\/#website","url":"https:\/\/www.gaveanews.com\/","name":"G\u00e1vea News","description":"Veja todas as not\u00edcias sobre o Flamengo: Contrata\u00e7\u00f5es, categorias de base, resultados das partidas, tabela de classifica\u00e7\u00e3o, pr\u00f3ximos jogos!","potentialAction":[{"@type":"SearchAction","target":{"@type":"EntryPoint","urlTemplate":"https:\/\/www.gaveanews.com\/?s={search_term_string}"},"query-input":{"@type":"PropertyValueSpecification","valueRequired":true,"valueName":"search_term_string"}}],"inLanguage":"pt-BR"},{"@type":"Person","@id":"https:\/\/www.gaveanews.com\/#\/schema\/person\/6f5583f09aa4bcc9866a7360b5604486","name":"Michel Camargo","image":{"@type":"ImageObject","inLanguage":"pt-BR","@id":"https:\/\/www.gaveanews.com\/#\/schema\/person\/image\/","url":"https:\/\/secure.gravatar.com\/avatar\/59285e68c26a1d55b30461b1bb1cc6534e5c51ef836b39890a73916a1db2d486?s=96&d=mm&r=g","contentUrl":"https:\/\/secure.gravatar.com\/avatar\/59285e68c26a1d55b30461b1bb1cc6534e5c51ef836b39890a73916a1db2d486?s=96&d=mm&r=g","caption":"Michel Camargo"}}]}},"_links":{"self":[{"href":"https:\/\/www.gaveanews.com\/index.php\/wp-json\/wp\/v2\/posts\/211980","targetHints":{"allow":["GET"]}}],"collection":[{"href":"https:\/\/www.gaveanews.com\/index.php\/wp-json\/wp\/v2\/posts"}],"about":[{"href":"https:\/\/www.gaveanews.com\/index.php\/wp-json\/wp\/v2\/types\/post"}],"author":[{"embeddable":true,"href":"https:\/\/www.gaveanews.com\/index.php\/wp-json\/wp\/v2\/users\/31"}],"replies":[{"embeddable":true,"href":"https:\/\/www.gaveanews.com\/index.php\/wp-json\/wp\/v2\/comments?post=211980"}],"version-history":[{"count":1,"href":"https:\/\/www.gaveanews.com\/index.php\/wp-json\/wp\/v2\/posts\/211980\/revisions"}],"predecessor-version":[{"id":211983,"href":"https:\/\/www.gaveanews.com\/index.php\/wp-json\/wp\/v2\/posts\/211980\/revisions\/211983"}],"wp:featuredmedia":[{"embeddable":true,"href":"https:\/\/www.gaveanews.com\/index.php\/wp-json\/wp\/v2\/media\/182060"}],"wp:attachment":[{"href":"https:\/\/www.gaveanews.com\/index.php\/wp-json\/wp\/v2\/media?parent=211980"}],"wp:term":[{"taxonomy":"category","embeddable":true,"href":"https:\/\/www.gaveanews.com\/index.php\/wp-json\/wp\/v2\/categories?post=211980"},{"taxonomy":"post_tag","embeddable":true,"href":"https:\/\/www.gaveanews.com\/index.php\/wp-json\/wp\/v2\/tags?post=211980"}],"curies":[{"name":"wp","href":"https:\/\/api.w.org\/{rel}","templated":true}]}}