{"id":212034,"date":"2025-01-14T09:30:00","date_gmt":"2025-01-14T12:30:00","guid":{"rendered":"https:\/\/www.gaveanews.com\/?p=212034"},"modified":"2025-01-14T02:49:20","modified_gmt":"2025-01-14T05:49:20","slug":"a-declaracao-de-cuca-direcionada-a-natanael-nova-contratacao-do-atletico-mg","status":"publish","type":"post","link":"https:\/\/www.gaveanews.com\/index.php\/2025\/01\/14\/a-declaracao-de-cuca-direcionada-a-natanael-nova-contratacao-do-atletico-mg\/","title":{"rendered":"A declara\u00e7\u00e3o de Cuca direcionada a Natanael, nova contrata\u00e7\u00e3o do Atl\u00e9tico-MG"},"content":{"rendered":"\n<p>A participa\u00e7\u00e3o ativa na remontagem do elenco atleticano trouxe estarrecimento a Cuca neste retorno ao Atl\u00e9tico-MG. Isso porque o t\u00e9cnico tem achado desafiador alinhar os objetivos da comiss\u00e3o, em rejuvenescer o grupo, com as oportunidades de um mercado altamente inflacionado. Contudo, apesar da dificuldade, o treinador entende que o staff do clube alcan\u00e7ou tal meta com a contrata\u00e7\u00e3o de Natanael &#8211; que pertencia ao Coritiba.<\/p>\n\n\n\n<ul class=\"wp-block-list\">\n<li><a href=\"https:\/\/www.gaveanews.com\/index.php\/2025\/01\/11\/atletico-mg-tenta-contratar-jogador-do-athletico-pr\/\">Atl\u00e9tico-MG tenta contratar jogador do Athletico<\/a><\/li>\n\n\n\n<li><a href=\"https:\/\/www.gaveanews.com\/index.php\/2025\/01\/12\/botafogo-aceita-negociar-gregore-com-o-atletico-mg-veja-valores\/\">Botafogo aceita negociar Gregore com o Atl\u00e9tico-MG; veja valores<\/a><\/li>\n<\/ul>\n\n\n\n<p>\u201cNatanael (lateral que est\u00e1 sendo contratado em definitivo) \u00e9 um jovem. Estamos atr\u00e1s de alguns jogadores neste perfil mesmo. O neg\u00f3cio \u00e9 ir ao mercado buscar solu\u00e7\u00f5es, aproveitando tamb\u00e9m para deixar o elenco mais jovem&#8221;, avaliou Cuca.<\/p>\n\n\n\n<p>&#8220;Temos trabalhado muito. O mercado \u00e9 muito diferente do que era no passado. Lembro que em 2004 fui contratado pelo S\u00e3o Paulo e levei a base do Goi\u00e1s, montando um tima\u00e7o. Onde voc\u00ea acha jogadores emergentes hoje? Eles viraram grandes atletas depois que foram pra l\u00e1. Se encontra hoje, mas os pre\u00e7os s\u00e3o absurdos. Fiquei perplexo ao participar das coisas com o Victor (diretor), porque hoje as coisas se tornaram praticamente invi\u00e1veis. \u00c9 ter criatividade&#8221;, concluiu.<\/p>\n\n\n\n<h2 class=\"wp-block-heading\" id=\"h-chegada-de-natanael\">Chegada de Natanael<\/h2>\n\n\n\n<p>O lateral-direito de 23 anos desembarcou em Belo Horizonte na manh\u00e3 desta segunda-feira (13) para realizar exames m\u00e9dicos na Cidade do Galo. Aprovado nesta etapa, Natanael fica livre para assinar seu v\u00ednculo com o Atl\u00e9tico.<\/p>\n\n\n\n<p>Formado nas categorias de base do Coxa, Natanael recusou as \u00faltimas ofertas para prorrogar v\u00ednculo com o Coritiba. O clube desistiu de aplicar uma nova investida e decidiu negoci\u00e1-lo, a fim de evitar uma sa\u00edda de gra\u00e7a a partir do segundo semestre.<\/p>\n\n\n\n<p>A venda ao Atl\u00e9tico-MG gira em torno de R$ 7 milh\u00f5es, sem cess\u00e3o por empr\u00e9stimo de jogadores da equipe mineira para o Coxa. O investimento do Galo reflete na necessidade de um atleta para posi\u00e7\u00e3o, visto que atualmente conta apenas com Saraiva como jogador de of\u00edcio do setor.<\/p>\n","protected":false},"excerpt":{"rendered":"<p>A participa\u00e7\u00e3o ativa na remontagem do elenco atleticano trouxe estarrecimento a Cuca neste retorno ao Atl\u00e9tico-MG. Isso porque o t\u00e9cnico tem achado desafiador alinhar os objetivos da comiss\u00e3o, em rejuvenescer o grupo, com as oportunidades de um mercado altamente inflacionado. Contudo, apesar da dificuldade, o treinador entende que o staff do clube alcan\u00e7ou tal meta [&hellip;]<\/p>\n","protected":false},"author":30,"featured_media":68026,"comment_status":"open","ping_status":"closed","sticky":false,"template":"","format":"standard","meta":{"footnotes":""},"categories":[136],"tags":[],"class_list":["post-212034","post","type-post","status-publish","format-standard","has-post-thumbnail","hentry","category-atletico-mg"],"yoast_head":"<!-- This site is optimized with the Yoast SEO Premium plugin v24.2 (Yoast SEO v26.9) - https:\/\/yoast.com\/product\/yoast-seo-premium-wordpress\/ -->\n<title>A declara\u00e7\u00e3o de Cuca direcionada a Natanael, nova contrata\u00e7\u00e3o do Atl\u00e9tico-MG<\/title>\n<meta name=\"robots\" content=\"index, follow, max-snippet:-1, max-image-preview:large, max-video-preview:-1\" \/>\n<link rel=\"canonical\" href=\"https:\/\/www.gaveanews.com\/index.php\/2025\/01\/14\/a-declaracao-de-cuca-direcionada-a-natanael-nova-contratacao-do-atletico-mg\/\" \/>\n<meta property=\"og:locale\" content=\"pt_BR\" \/>\n<meta property=\"og:type\" content=\"article\" \/>\n<meta property=\"og:title\" content=\"A declara\u00e7\u00e3o de Cuca direcionada a Natanael, nova contrata\u00e7\u00e3o do Atl\u00e9tico-MG\" \/>\n<meta property=\"og:description\" content=\"A participa\u00e7\u00e3o ativa na remontagem do elenco atleticano trouxe estarrecimento a Cuca neste retorno ao Atl\u00e9tico-MG. Isso porque o t\u00e9cnico tem achado desafiador alinhar os objetivos da comiss\u00e3o, em rejuvenescer o grupo, com as oportunidades de um mercado altamente inflacionado. Contudo, apesar da dificuldade, o treinador entende que o staff do clube alcan\u00e7ou tal meta [&hellip;]\" \/>\n<meta property=\"og:url\" content=\"https:\/\/www.gaveanews.com\/index.php\/2025\/01\/14\/a-declaracao-de-cuca-direcionada-a-natanael-nova-contratacao-do-atletico-mg\/\" \/>\n<meta property=\"og:site_name\" content=\"G\u00e1vea News\" \/>\n<meta property=\"article:publisher\" content=\"https:\/\/facebook.com\/gaveaNews\/\" \/>\n<meta property=\"article:published_time\" content=\"2025-01-14T12:30:00+00:00\" \/>\n<meta property=\"og:image\" content=\"https:\/\/www.gaveanews.com\/wp-content\/uploads\/Cuca-tecnico-do-Atletico-MG.webp\" \/>\n\t<meta property=\"og:image:width\" content=\"1024\" \/>\n\t<meta property=\"og:image:height\" content=\"683\" \/>\n\t<meta property=\"og:image:type\" content=\"image\/jpeg\" \/>\n<meta name=\"author\" content=\"Ana Teixeira\" \/>\n<meta name=\"twitter:card\" content=\"summary_large_image\" \/>\n<meta name=\"twitter:label1\" content=\"Escrito por\" \/>\n\t<meta name=\"twitter:data1\" content=\"Ana Teixeira\" \/>\n\t<meta name=\"twitter:label2\" content=\"Est. tempo de leitura\" \/>\n\t<meta name=\"twitter:data2\" content=\"2 minutos\" \/>\n<script type=\"application\/ld+json\" class=\"yoast-schema-graph\">{\"@context\":\"https:\/\/schema.org\",\"@graph\":[{\"@type\":\"NewsArticle\",\"@id\":\"https:\/\/www.gaveanews.com\/index.php\/2025\/01\/14\/a-declaracao-de-cuca-direcionada-a-natanael-nova-contratacao-do-atletico-mg\/#article\",\"isPartOf\":{\"@id\":\"https:\/\/www.gaveanews.com\/index.php\/2025\/01\/14\/a-declaracao-de-cuca-direcionada-a-natanael-nova-contratacao-do-atletico-mg\/\"},\"author\":{\"name\":\"Ana Teixeira\",\"@id\":\"https:\/\/www.gaveanews.com\/#\/schema\/person\/3b19f7288b0ce20372991275e4f2e6c2\"},\"headline\":\"A declara\u00e7\u00e3o de Cuca direcionada a Natanael, nova contrata\u00e7\u00e3o do Atl\u00e9tico-MG\",\"datePublished\":\"2025-01-14T12:30:00+00:00\",\"mainEntityOfPage\":{\"@id\":\"https:\/\/www.gaveanews.com\/index.php\/2025\/01\/14\/a-declaracao-de-cuca-direcionada-a-natanael-nova-contratacao-do-atletico-mg\/\"},\"wordCount\":358,\"commentCount\":0,\"image\":{\"@id\":\"https:\/\/www.gaveanews.com\/index.php\/2025\/01\/14\/a-declaracao-de-cuca-direcionada-a-natanael-nova-contratacao-do-atletico-mg\/#primaryimage\"},\"thumbnailUrl\":\"https:\/\/www.gaveanews.com\/wp-content\/uploads\/Cuca-tecnico-do-Atletico-MG.webp\",\"articleSection\":[\"Atl\u00e9tico-MG\"],\"inLanguage\":\"pt-BR\",\"potentialAction\":[{\"@type\":\"CommentAction\",\"name\":\"Comment\",\"target\":[\"https:\/\/www.gaveanews.com\/index.php\/2025\/01\/14\/a-declaracao-de-cuca-direcionada-a-natanael-nova-contratacao-do-atletico-mg\/#respond\"]}],\"copyrightYear\":\"2025\",\"copyrightHolder\":{\"@id\":\"https:\/\/www.gaveanews.com\/#organization\"}},{\"@type\":\"WebPage\",\"@id\":\"https:\/\/www.gaveanews.com\/index.php\/2025\/01\/14\/a-declaracao-de-cuca-direcionada-a-natanael-nova-contratacao-do-atletico-mg\/\",\"url\":\"https:\/\/www.gaveanews.com\/index.php\/2025\/01\/14\/a-declaracao-de-cuca-direcionada-a-natanael-nova-contratacao-do-atletico-mg\/\",\"name\":\"A declara\u00e7\u00e3o de Cuca direcionada a Natanael, nova contrata\u00e7\u00e3o do Atl\u00e9tico-MG\",\"isPartOf\":{\"@id\":\"https:\/\/www.gaveanews.com\/#website\"},\"primaryImageOfPage\":{\"@id\":\"https:\/\/www.gaveanews.com\/index.php\/2025\/01\/14\/a-declaracao-de-cuca-direcionada-a-natanael-nova-contratacao-do-atletico-mg\/#primaryimage\"},\"image\":{\"@id\":\"https:\/\/www.gaveanews.com\/index.php\/2025\/01\/14\/a-declaracao-de-cuca-direcionada-a-natanael-nova-contratacao-do-atletico-mg\/#primaryimage\"},\"thumbnailUrl\":\"https:\/\/www.gaveanews.com\/wp-content\/uploads\/Cuca-tecnico-do-Atletico-MG.webp\",\"datePublished\":\"2025-01-14T12:30:00+00:00\",\"author\":{\"@id\":\"https:\/\/www.gaveanews.com\/#\/schema\/person\/3b19f7288b0ce20372991275e4f2e6c2\"},\"breadcrumb\":{\"@id\":\"https:\/\/www.gaveanews.com\/index.php\/2025\/01\/14\/a-declaracao-de-cuca-direcionada-a-natanael-nova-contratacao-do-atletico-mg\/#breadcrumb\"},\"inLanguage\":\"pt-BR\",\"potentialAction\":[{\"@type\":\"ReadAction\",\"target\":[\"https:\/\/www.gaveanews.com\/index.php\/2025\/01\/14\/a-declaracao-de-cuca-direcionada-a-natanael-nova-contratacao-do-atletico-mg\/\"]}]},{\"@type\":\"ImageObject\",\"inLanguage\":\"pt-BR\",\"@id\":\"https:\/\/www.gaveanews.com\/index.php\/2025\/01\/14\/a-declaracao-de-cuca-direcionada-a-natanael-nova-contratacao-do-atletico-mg\/#primaryimage\",\"url\":\"https:\/\/www.gaveanews.com\/wp-content\/uploads\/Cuca-tecnico-do-Atletico-MG.webp\",\"contentUrl\":\"https:\/\/www.gaveanews.com\/wp-content\/uploads\/Cuca-tecnico-do-Atletico-MG.webp\",\"width\":1024,\"height\":683,\"caption\":\"Cuca como treinador do Atl\u00e9tico-MG (Foto: Bruno Cantini\/Atl\u00e9tico-MG)\"},{\"@type\":\"BreadcrumbList\",\"@id\":\"https:\/\/www.gaveanews.com\/index.php\/2025\/01\/14\/a-declaracao-de-cuca-direcionada-a-natanael-nova-contratacao-do-atletico-mg\/#breadcrumb\",\"itemListElement\":[{\"@type\":\"ListItem\",\"position\":1,\"name\":\"Home\",\"item\":\"https:\/\/www.gaveanews.com\/\"},{\"@type\":\"ListItem\",\"position\":2,\"name\":\"A declara\u00e7\u00e3o de Cuca direcionada a Natanael, nova contrata\u00e7\u00e3o do Atl\u00e9tico-MG\"}]},{\"@type\":\"WebSite\",\"@id\":\"https:\/\/www.gaveanews.com\/#website\",\"url\":\"https:\/\/www.gaveanews.com\/\",\"name\":\"G\u00e1vea News\",\"description\":\"Veja todas as not\u00edcias sobre o Flamengo: Contrata\u00e7\u00f5es, categorias de base, resultados das partidas, tabela de classifica\u00e7\u00e3o, pr\u00f3ximos jogos!\",\"potentialAction\":[{\"@type\":\"SearchAction\",\"target\":{\"@type\":\"EntryPoint\",\"urlTemplate\":\"https:\/\/www.gaveanews.com\/?s={search_term_string}\"},\"query-input\":{\"@type\":\"PropertyValueSpecification\",\"valueRequired\":true,\"valueName\":\"search_term_string\"}}],\"inLanguage\":\"pt-BR\"},{\"@type\":\"Person\",\"@id\":\"https:\/\/www.gaveanews.com\/#\/schema\/person\/3b19f7288b0ce20372991275e4f2e6c2\",\"name\":\"Ana Teixeira\",\"image\":{\"@type\":\"ImageObject\",\"inLanguage\":\"pt-BR\",\"@id\":\"https:\/\/www.gaveanews.com\/#\/schema\/person\/image\/\",\"url\":\"https:\/\/secure.gravatar.com\/avatar\/0a73f5a5258f3fed37fc2fa641892f3f7a4748456d4d4792f9bc550e6c19e06c?s=96&d=mm&r=g\",\"contentUrl\":\"https:\/\/secure.gravatar.com\/avatar\/0a73f5a5258f3fed37fc2fa641892f3f7a4748456d4d4792f9bc550e6c19e06c?s=96&d=mm&r=g\",\"caption\":\"Ana Teixeira\"}}]}<\/script>\n<!-- \/ Yoast SEO Premium plugin. -->","yoast_head_json":{"title":"A declara\u00e7\u00e3o de Cuca direcionada a Natanael, nova contrata\u00e7\u00e3o do Atl\u00e9tico-MG","robots":{"index":"index","follow":"follow","max-snippet":"max-snippet:-1","max-image-preview":"max-image-preview:large","max-video-preview":"max-video-preview:-1"},"canonical":"https:\/\/www.gaveanews.com\/index.php\/2025\/01\/14\/a-declaracao-de-cuca-direcionada-a-natanael-nova-contratacao-do-atletico-mg\/","og_locale":"pt_BR","og_type":"article","og_title":"A declara\u00e7\u00e3o de Cuca direcionada a Natanael, nova contrata\u00e7\u00e3o do Atl\u00e9tico-MG","og_description":"A participa\u00e7\u00e3o ativa na remontagem do elenco atleticano trouxe estarrecimento a Cuca neste retorno ao Atl\u00e9tico-MG. Isso porque o t\u00e9cnico tem achado desafiador alinhar os objetivos da comiss\u00e3o, em rejuvenescer o grupo, com as oportunidades de um mercado altamente inflacionado. Contudo, apesar da dificuldade, o treinador entende que o staff do clube alcan\u00e7ou tal meta [&hellip;]","og_url":"https:\/\/www.gaveanews.com\/index.php\/2025\/01\/14\/a-declaracao-de-cuca-direcionada-a-natanael-nova-contratacao-do-atletico-mg\/","og_site_name":"G\u00e1vea News","article_publisher":"https:\/\/facebook.com\/gaveaNews\/","article_published_time":"2025-01-14T12:30:00+00:00","og_image":[{"width":1024,"height":683,"url":"https:\/\/www.gaveanews.com\/wp-content\/uploads\/Cuca-tecnico-do-Atletico-MG.webp","type":"image\/jpeg"}],"author":"Ana Teixeira","twitter_card":"summary_large_image","twitter_misc":{"Escrito por":"Ana Teixeira","Est. tempo de leitura":"2 minutos"},"schema":{"@context":"https:\/\/schema.org","@graph":[{"@type":"NewsArticle","@id":"https:\/\/www.gaveanews.com\/index.php\/2025\/01\/14\/a-declaracao-de-cuca-direcionada-a-natanael-nova-contratacao-do-atletico-mg\/#article","isPartOf":{"@id":"https:\/\/www.gaveanews.com\/index.php\/2025\/01\/14\/a-declaracao-de-cuca-direcionada-a-natanael-nova-contratacao-do-atletico-mg\/"},"author":{"name":"Ana Teixeira","@id":"https:\/\/www.gaveanews.com\/#\/schema\/person\/3b19f7288b0ce20372991275e4f2e6c2"},"headline":"A declara\u00e7\u00e3o de Cuca direcionada a Natanael, nova contrata\u00e7\u00e3o do Atl\u00e9tico-MG","datePublished":"2025-01-14T12:30:00+00:00","mainEntityOfPage":{"@id":"https:\/\/www.gaveanews.com\/index.php\/2025\/01\/14\/a-declaracao-de-cuca-direcionada-a-natanael-nova-contratacao-do-atletico-mg\/"},"wordCount":358,"commentCount":0,"image":{"@id":"https:\/\/www.gaveanews.com\/index.php\/2025\/01\/14\/a-declaracao-de-cuca-direcionada-a-natanael-nova-contratacao-do-atletico-mg\/#primaryimage"},"thumbnailUrl":"https:\/\/www.gaveanews.com\/wp-content\/uploads\/Cuca-tecnico-do-Atletico-MG.webp","articleSection":["Atl\u00e9tico-MG"],"inLanguage":"pt-BR","potentialAction":[{"@type":"CommentAction","name":"Comment","target":["https:\/\/www.gaveanews.com\/index.php\/2025\/01\/14\/a-declaracao-de-cuca-direcionada-a-natanael-nova-contratacao-do-atletico-mg\/#respond"]}],"copyrightYear":"2025","copyrightHolder":{"@id":"https:\/\/www.gaveanews.com\/#organization"}},{"@type":"WebPage","@id":"https:\/\/www.gaveanews.com\/index.php\/2025\/01\/14\/a-declaracao-de-cuca-direcionada-a-natanael-nova-contratacao-do-atletico-mg\/","url":"https:\/\/www.gaveanews.com\/index.php\/2025\/01\/14\/a-declaracao-de-cuca-direcionada-a-natanael-nova-contratacao-do-atletico-mg\/","name":"A declara\u00e7\u00e3o de Cuca direcionada a Natanael, nova contrata\u00e7\u00e3o do Atl\u00e9tico-MG","isPartOf":{"@id":"https:\/\/www.gaveanews.com\/#website"},"primaryImageOfPage":{"@id":"https:\/\/www.gaveanews.com\/index.php\/2025\/01\/14\/a-declaracao-de-cuca-direcionada-a-natanael-nova-contratacao-do-atletico-mg\/#primaryimage"},"image":{"@id":"https:\/\/www.gaveanews.com\/index.php\/2025\/01\/14\/a-declaracao-de-cuca-direcionada-a-natanael-nova-contratacao-do-atletico-mg\/#primaryimage"},"thumbnailUrl":"https:\/\/www.gaveanews.com\/wp-content\/uploads\/Cuca-tecnico-do-Atletico-MG.webp","datePublished":"2025-01-14T12:30:00+00:00","author":{"@id":"https:\/\/www.gaveanews.com\/#\/schema\/person\/3b19f7288b0ce20372991275e4f2e6c2"},"breadcrumb":{"@id":"https:\/\/www.gaveanews.com\/index.php\/2025\/01\/14\/a-declaracao-de-cuca-direcionada-a-natanael-nova-contratacao-do-atletico-mg\/#breadcrumb"},"inLanguage":"pt-BR","potentialAction":[{"@type":"ReadAction","target":["https:\/\/www.gaveanews.com\/index.php\/2025\/01\/14\/a-declaracao-de-cuca-direcionada-a-natanael-nova-contratacao-do-atletico-mg\/"]}]},{"@type":"ImageObject","inLanguage":"pt-BR","@id":"https:\/\/www.gaveanews.com\/index.php\/2025\/01\/14\/a-declaracao-de-cuca-direcionada-a-natanael-nova-contratacao-do-atletico-mg\/#primaryimage","url":"https:\/\/www.gaveanews.com\/wp-content\/uploads\/Cuca-tecnico-do-Atletico-MG.webp","contentUrl":"https:\/\/www.gaveanews.com\/wp-content\/uploads\/Cuca-tecnico-do-Atletico-MG.webp","width":1024,"height":683,"caption":"Cuca como treinador do Atl\u00e9tico-MG (Foto: Bruno Cantini\/Atl\u00e9tico-MG)"},{"@type":"BreadcrumbList","@id":"https:\/\/www.gaveanews.com\/index.php\/2025\/01\/14\/a-declaracao-de-cuca-direcionada-a-natanael-nova-contratacao-do-atletico-mg\/#breadcrumb","itemListElement":[{"@type":"ListItem","position":1,"name":"Home","item":"https:\/\/www.gaveanews.com\/"},{"@type":"ListItem","position":2,"name":"A declara\u00e7\u00e3o de Cuca direcionada a Natanael, nova contrata\u00e7\u00e3o do Atl\u00e9tico-MG"}]},{"@type":"WebSite","@id":"https:\/\/www.gaveanews.com\/#website","url":"https:\/\/www.gaveanews.com\/","name":"G\u00e1vea News","description":"Veja todas as not\u00edcias sobre o Flamengo: Contrata\u00e7\u00f5es, categorias de base, resultados das partidas, tabela de classifica\u00e7\u00e3o, pr\u00f3ximos jogos!","potentialAction":[{"@type":"SearchAction","target":{"@type":"EntryPoint","urlTemplate":"https:\/\/www.gaveanews.com\/?s={search_term_string}"},"query-input":{"@type":"PropertyValueSpecification","valueRequired":true,"valueName":"search_term_string"}}],"inLanguage":"pt-BR"},{"@type":"Person","@id":"https:\/\/www.gaveanews.com\/#\/schema\/person\/3b19f7288b0ce20372991275e4f2e6c2","name":"Ana Teixeira","image":{"@type":"ImageObject","inLanguage":"pt-BR","@id":"https:\/\/www.gaveanews.com\/#\/schema\/person\/image\/","url":"https:\/\/secure.gravatar.com\/avatar\/0a73f5a5258f3fed37fc2fa641892f3f7a4748456d4d4792f9bc550e6c19e06c?s=96&d=mm&r=g","contentUrl":"https:\/\/secure.gravatar.com\/avatar\/0a73f5a5258f3fed37fc2fa641892f3f7a4748456d4d4792f9bc550e6c19e06c?s=96&d=mm&r=g","caption":"Ana Teixeira"}}]}},"_links":{"self":[{"href":"https:\/\/www.gaveanews.com\/index.php\/wp-json\/wp\/v2\/posts\/212034","targetHints":{"allow":["GET"]}}],"collection":[{"href":"https:\/\/www.gaveanews.com\/index.php\/wp-json\/wp\/v2\/posts"}],"about":[{"href":"https:\/\/www.gaveanews.com\/index.php\/wp-json\/wp\/v2\/types\/post"}],"author":[{"embeddable":true,"href":"https:\/\/www.gaveanews.com\/index.php\/wp-json\/wp\/v2\/users\/30"}],"replies":[{"embeddable":true,"href":"https:\/\/www.gaveanews.com\/index.php\/wp-json\/wp\/v2\/comments?post=212034"}],"version-history":[{"count":1,"href":"https:\/\/www.gaveanews.com\/index.php\/wp-json\/wp\/v2\/posts\/212034\/revisions"}],"predecessor-version":[{"id":212037,"href":"https:\/\/www.gaveanews.com\/index.php\/wp-json\/wp\/v2\/posts\/212034\/revisions\/212037"}],"wp:featuredmedia":[{"embeddable":true,"href":"https:\/\/www.gaveanews.com\/index.php\/wp-json\/wp\/v2\/media\/68026"}],"wp:attachment":[{"href":"https:\/\/www.gaveanews.com\/index.php\/wp-json\/wp\/v2\/media?parent=212034"}],"wp:term":[{"taxonomy":"category","embeddable":true,"href":"https:\/\/www.gaveanews.com\/index.php\/wp-json\/wp\/v2\/categories?post=212034"},{"taxonomy":"post_tag","embeddable":true,"href":"https:\/\/www.gaveanews.com\/index.php\/wp-json\/wp\/v2\/tags?post=212034"}],"curies":[{"name":"wp","href":"https:\/\/api.w.org\/{rel}","templated":true}]}}