{"id":212039,"date":"2025-01-14T03:55:00","date_gmt":"2025-01-14T06:55:00","guid":{"rendered":"https:\/\/www.gaveanews.com\/?p=212039"},"modified":"2025-01-13T23:18:49","modified_gmt":"2025-01-14T02:18:49","slug":"jogador-brasileiro-e-disputado-por-real-madrid-barcelona-manchester-city-liverpool-e-manchester-united","status":"publish","type":"post","link":"https:\/\/www.gaveanews.com\/index.php\/2025\/01\/14\/jogador-brasileiro-e-disputado-por-real-madrid-barcelona-manchester-city-liverpool-e-manchester-united\/","title":{"rendered":"Jogador brasileiro \u00e9 disputado por Real Madrid, Barcelona, Manchester City, Liverpool e Manchester United"},"content":{"rendered":"\n<p>A contrata\u00e7\u00e3o de um jogador brasileiro promete fomentar um dos maiores &#8216;leil\u00f5es&#8217; entre os grandes europeus no mercado da bola. Enquanto nomes como Vinicius J\u00fanior, Rodrygo, Endrick e Est\u00eav\u00e3o passam pela cabe\u00e7a dos torcedores, representantes de pot\u00eancias do Velho Continente miram em \u00c9derson &#8211; que defende a Atalanta (ITA).<\/p>\n\n\n\n<ul class=\"wp-block-list\">\n<li><a href=\"https:\/\/www.gaveanews.com\/index.php\/2025\/01\/13\/real-madrid-define-substituto-de-carlo-ancelotti\/\">Real Madrid define substituto de Carlo Ancelotti<\/a><\/li>\n\n\n\n<li><a href=\"https:\/\/www.gaveanews.com\/index.php\/2025\/01\/13\/veja-a-lista-de-reforcos-do-manchester-city-para-esta-janela\/\">Veja a lista de refor\u00e7os do Manchester City para esta janela<\/a><\/li>\n<\/ul>\n\n\n\n<p>O nome do volante tem sido cotado em clubes como Liverpool e Barcelona, mas tamb\u00e9m passa pelo radar do Real Madrid e de outros grandes. Ainda de acordo com o jornalista italiano Gianluca Di Marzio, das refer\u00eancias do mercado da bola, \u00c9derson se tornar\u00e1 o meio-campista &#8220;mais disputado&#8221; do mercado mundial.<\/p>\n\n\n\n<p>\u201cEderson ser\u00e1 o meio de campo mais disputado na pr\u00f3xima janela de transfer\u00eancias do meio do ano. O Liverpool est\u00e1 acompanhando o desempenho do jogador h\u00e1 muito tempo. Barcelona tamb\u00e9m, mas sabemos que o clube est\u00e1 com problemas para contratar jogadores devido ao fair play financeiro. Ent\u00e3o eu acho que ele vai ser objeto de disputa entre Manchester City, Liverpool e Real Madrid\u201c, disse em entrevista ao &#8216;Bolavip Brasil&#8217;.<\/p>\n\n\n\n<p>No entanto, devido ao poderio financeiro, a tend\u00eancia \u00e9 que apareceram novos interessados com a proximidade da janela. &#8220;Esses s\u00e3o os times atualmente capazes de bancar a contrata\u00e7\u00e3o de um jogador como o \u00c9derson. Talvez o Manchester United entre nessa disputa pela boa rela\u00e7\u00e3o que tem com o Atalanta&#8221;, acrescentou.<\/p>\n\n\n\n<h2 class=\"wp-block-heading\" id=\"h-interesse-do-real-madrid\">Interesse do Real Madrid<\/h2>\n\n\n\n<p>O jornal &#8216;AS&#8217; chegou a noticiar o interesse do Real Madrid em \u00c9derson na \u00faltima semana. De acordo com o site, o brasileiro chamou aten\u00e7\u00e3o dos merengues ap\u00f3s o duelo entre as equipes pela Champions League, em dezembro do ano passado. O portal informa, ainda, que representantes da equipe espanhola j\u00e1 iniciaram os contatos para contrat\u00e1-lo.<\/p>\n\n\n\n<h2 class=\"wp-block-heading\" id=\"h-mais-sobre-ederson\">Mais sobre \u00c9derson<\/h2>\n\n\n\n<p>Natural de Campo Grande, no Mato Grosso do Sul, \u00c9derson chegou ao futebol italiano com 22 anos, em janeiro de 2022. Mas s\u00f3 passou a defender o atual clube em julho.<\/p>\n\n\n\n<p>\u00c9derson deu os primeiros passos no profissional pelo Desportivo Brasil em 2017 e assinou o primeiro contrato com um grande clube dois anos depois, em julho de 2019. Na ocasi\u00e3o, o Cruzeiro conseguiu contrat\u00e1-lo por 295 mil euros \u00e0 \u00e9poca &#8211; segundo dados do Transfermarkt.<\/p>\n\n\n\n<p>Em 2020, o volante de 25 anos foi negociado com o Corinthians e manteve v\u00ednculo com o clube at\u00e9 janeiro de 2022 &#8211; quando transferiu-se \u00e0 It\u00e1lia para defender o Salernitana. O acordo entre paulistas e italianos ocorreu ap\u00f3s o empr\u00e9stimo do jogador ao Fortaleza para temporada 2021\/22.<\/p>\n\n\n\n<p>O Atalanta pagou 22,9 mil euros para comprar \u00c9derson do Salernitana, um clube de menor express\u00e3o no pa\u00eds italiano. De julho de 2022 para c\u00e1, o volante participou de 116 partidas da equipe e contribuiu com dez gols, al\u00e9m de tr\u00eas assist\u00eancias.<\/p>\n","protected":false},"excerpt":{"rendered":"<p>A contrata\u00e7\u00e3o de um jogador brasileiro promete fomentar um dos maiores &#8216;leil\u00f5es&#8217; entre os grandes europeus no mercado da bola. Enquanto nomes como Vinicius J\u00fanior, Rodrygo, Endrick e Est\u00eav\u00e3o passam pela cabe\u00e7a dos torcedores, representantes de pot\u00eancias do Velho Continente miram em \u00c9derson &#8211; que defende a Atalanta (ITA). O nome do volante tem sido [&hellip;]<\/p>\n","protected":false},"author":30,"featured_media":122514,"comment_status":"open","ping_status":"closed","sticky":false,"template":"","format":"standard","meta":{"footnotes":""},"categories":[87,78,92,84,90,88],"tags":[],"class_list":["post-212039","post","type-post","status-publish","format-standard","has-post-thumbnail","hentry","category-barcelona","category-futebol-internacional","category-liverpool","category-manchester-city","category-manchester-united","category-real-madrid"],"yoast_head":"<!-- This site is optimized with the Yoast SEO Premium plugin v24.2 (Yoast SEO v26.9) - https:\/\/yoast.com\/product\/yoast-seo-premium-wordpress\/ -->\n<title>Jogador brasileiro \u00e9 disputado por Real Madrid, Barcelona, Manchester City, Liverpool e Manchester United<\/title>\n<meta name=\"robots\" content=\"index, follow, max-snippet:-1, max-image-preview:large, max-video-preview:-1\" \/>\n<link rel=\"canonical\" href=\"https:\/\/www.gaveanews.com\/index.php\/2025\/01\/14\/jogador-brasileiro-e-disputado-por-real-madrid-barcelona-manchester-city-liverpool-e-manchester-united\/\" \/>\n<meta property=\"og:locale\" content=\"pt_BR\" \/>\n<meta property=\"og:type\" content=\"article\" \/>\n<meta property=\"og:title\" content=\"Jogador brasileiro \u00e9 disputado por Real Madrid, Barcelona, Manchester City, Liverpool e Manchester United\" \/>\n<meta property=\"og:description\" content=\"A contrata\u00e7\u00e3o de um jogador brasileiro promete fomentar um dos maiores &#8216;leil\u00f5es&#8217; entre os grandes europeus no mercado da bola. Enquanto nomes como Vinicius J\u00fanior, Rodrygo, Endrick e Est\u00eav\u00e3o passam pela cabe\u00e7a dos torcedores, representantes de pot\u00eancias do Velho Continente miram em \u00c9derson &#8211; que defende a Atalanta (ITA). O nome do volante tem sido [&hellip;]\" \/>\n<meta property=\"og:url\" content=\"https:\/\/www.gaveanews.com\/index.php\/2025\/01\/14\/jogador-brasileiro-e-disputado-por-real-madrid-barcelona-manchester-city-liverpool-e-manchester-united\/\" \/>\n<meta property=\"og:site_name\" content=\"G\u00e1vea News\" \/>\n<meta property=\"article:publisher\" content=\"https:\/\/facebook.com\/gaveaNews\/\" \/>\n<meta property=\"article:published_time\" content=\"2025-01-14T06:55:00+00:00\" \/>\n<meta property=\"og:image\" content=\"https:\/\/www.gaveanews.com\/wp-content\/uploads\/madridvcity-flag.webp\" \/>\n\t<meta property=\"og:image:width\" content=\"1920\" \/>\n\t<meta property=\"og:image:height\" content=\"1080\" \/>\n\t<meta property=\"og:image:type\" content=\"image\/webp\" \/>\n<meta name=\"author\" content=\"Ana Teixeira\" \/>\n<meta name=\"twitter:card\" content=\"summary_large_image\" \/>\n<meta name=\"twitter:label1\" content=\"Escrito por\" \/>\n\t<meta name=\"twitter:data1\" content=\"Ana Teixeira\" \/>\n\t<meta name=\"twitter:label2\" content=\"Est. tempo de leitura\" \/>\n\t<meta name=\"twitter:data2\" content=\"3 minutos\" \/>\n<script type=\"application\/ld+json\" class=\"yoast-schema-graph\">{\"@context\":\"https:\/\/schema.org\",\"@graph\":[{\"@type\":\"NewsArticle\",\"@id\":\"https:\/\/www.gaveanews.com\/index.php\/2025\/01\/14\/jogador-brasileiro-e-disputado-por-real-madrid-barcelona-manchester-city-liverpool-e-manchester-united\/#article\",\"isPartOf\":{\"@id\":\"https:\/\/www.gaveanews.com\/index.php\/2025\/01\/14\/jogador-brasileiro-e-disputado-por-real-madrid-barcelona-manchester-city-liverpool-e-manchester-united\/\"},\"author\":{\"name\":\"Ana Teixeira\",\"@id\":\"https:\/\/www.gaveanews.com\/#\/schema\/person\/3b19f7288b0ce20372991275e4f2e6c2\"},\"headline\":\"Jogador brasileiro \u00e9 disputado por Real Madrid, Barcelona, Manchester City, Liverpool e Manchester United\",\"datePublished\":\"2025-01-14T06:55:00+00:00\",\"mainEntityOfPage\":{\"@id\":\"https:\/\/www.gaveanews.com\/index.php\/2025\/01\/14\/jogador-brasileiro-e-disputado-por-real-madrid-barcelona-manchester-city-liverpool-e-manchester-united\/\"},\"wordCount\":496,\"commentCount\":0,\"image\":{\"@id\":\"https:\/\/www.gaveanews.com\/index.php\/2025\/01\/14\/jogador-brasileiro-e-disputado-por-real-madrid-barcelona-manchester-city-liverpool-e-manchester-united\/#primaryimage\"},\"thumbnailUrl\":\"https:\/\/www.gaveanews.com\/wp-content\/uploads\/madridvcity-flag.webp\",\"articleSection\":[\"Barcelona\",\"Futebol Internacional\",\"Liverpool\",\"Manchester City\",\"Manchester United\",\"Real Madrid\"],\"inLanguage\":\"pt-BR\",\"potentialAction\":[{\"@type\":\"CommentAction\",\"name\":\"Comment\",\"target\":[\"https:\/\/www.gaveanews.com\/index.php\/2025\/01\/14\/jogador-brasileiro-e-disputado-por-real-madrid-barcelona-manchester-city-liverpool-e-manchester-united\/#respond\"]}],\"copyrightYear\":\"2025\",\"copyrightHolder\":{\"@id\":\"https:\/\/www.gaveanews.com\/#organization\"}},{\"@type\":\"WebPage\",\"@id\":\"https:\/\/www.gaveanews.com\/index.php\/2025\/01\/14\/jogador-brasileiro-e-disputado-por-real-madrid-barcelona-manchester-city-liverpool-e-manchester-united\/\",\"url\":\"https:\/\/www.gaveanews.com\/index.php\/2025\/01\/14\/jogador-brasileiro-e-disputado-por-real-madrid-barcelona-manchester-city-liverpool-e-manchester-united\/\",\"name\":\"Jogador brasileiro \u00e9 disputado por Real Madrid, Barcelona, Manchester City, Liverpool e Manchester United\",\"isPartOf\":{\"@id\":\"https:\/\/www.gaveanews.com\/#website\"},\"primaryImageOfPage\":{\"@id\":\"https:\/\/www.gaveanews.com\/index.php\/2025\/01\/14\/jogador-brasileiro-e-disputado-por-real-madrid-barcelona-manchester-city-liverpool-e-manchester-united\/#primaryimage\"},\"image\":{\"@id\":\"https:\/\/www.gaveanews.com\/index.php\/2025\/01\/14\/jogador-brasileiro-e-disputado-por-real-madrid-barcelona-manchester-city-liverpool-e-manchester-united\/#primaryimage\"},\"thumbnailUrl\":\"https:\/\/www.gaveanews.com\/wp-content\/uploads\/madridvcity-flag.webp\",\"datePublished\":\"2025-01-14T06:55:00+00:00\",\"author\":{\"@id\":\"https:\/\/www.gaveanews.com\/#\/schema\/person\/3b19f7288b0ce20372991275e4f2e6c2\"},\"breadcrumb\":{\"@id\":\"https:\/\/www.gaveanews.com\/index.php\/2025\/01\/14\/jogador-brasileiro-e-disputado-por-real-madrid-barcelona-manchester-city-liverpool-e-manchester-united\/#breadcrumb\"},\"inLanguage\":\"pt-BR\",\"potentialAction\":[{\"@type\":\"ReadAction\",\"target\":[\"https:\/\/www.gaveanews.com\/index.php\/2025\/01\/14\/jogador-brasileiro-e-disputado-por-real-madrid-barcelona-manchester-city-liverpool-e-manchester-united\/\"]}]},{\"@type\":\"ImageObject\",\"inLanguage\":\"pt-BR\",\"@id\":\"https:\/\/www.gaveanews.com\/index.php\/2025\/01\/14\/jogador-brasileiro-e-disputado-por-real-madrid-barcelona-manchester-city-liverpool-e-manchester-united\/#primaryimage\",\"url\":\"https:\/\/www.gaveanews.com\/wp-content\/uploads\/madridvcity-flag.webp\",\"contentUrl\":\"https:\/\/www.gaveanews.com\/wp-content\/uploads\/madridvcity-flag.webp\",\"width\":1920,\"height\":1080,\"caption\":\"Escudos de Real Madrid e Manchester City (Foto: Reprodu\u00e7\u00e3o)\"},{\"@type\":\"BreadcrumbList\",\"@id\":\"https:\/\/www.gaveanews.com\/index.php\/2025\/01\/14\/jogador-brasileiro-e-disputado-por-real-madrid-barcelona-manchester-city-liverpool-e-manchester-united\/#breadcrumb\",\"itemListElement\":[{\"@type\":\"ListItem\",\"position\":1,\"name\":\"Home\",\"item\":\"https:\/\/www.gaveanews.com\/\"},{\"@type\":\"ListItem\",\"position\":2,\"name\":\"Jogador brasileiro \u00e9 disputado por Real Madrid, Barcelona, Manchester City, Liverpool e Manchester United\"}]},{\"@type\":\"WebSite\",\"@id\":\"https:\/\/www.gaveanews.com\/#website\",\"url\":\"https:\/\/www.gaveanews.com\/\",\"name\":\"G\u00e1vea News\",\"description\":\"Veja todas as not\u00edcias sobre o Flamengo: Contrata\u00e7\u00f5es, categorias de base, resultados das partidas, tabela de classifica\u00e7\u00e3o, pr\u00f3ximos jogos!\",\"potentialAction\":[{\"@type\":\"SearchAction\",\"target\":{\"@type\":\"EntryPoint\",\"urlTemplate\":\"https:\/\/www.gaveanews.com\/?s={search_term_string}\"},\"query-input\":{\"@type\":\"PropertyValueSpecification\",\"valueRequired\":true,\"valueName\":\"search_term_string\"}}],\"inLanguage\":\"pt-BR\"},{\"@type\":\"Person\",\"@id\":\"https:\/\/www.gaveanews.com\/#\/schema\/person\/3b19f7288b0ce20372991275e4f2e6c2\",\"name\":\"Ana Teixeira\",\"image\":{\"@type\":\"ImageObject\",\"inLanguage\":\"pt-BR\",\"@id\":\"https:\/\/www.gaveanews.com\/#\/schema\/person\/image\/\",\"url\":\"https:\/\/secure.gravatar.com\/avatar\/0a73f5a5258f3fed37fc2fa641892f3f7a4748456d4d4792f9bc550e6c19e06c?s=96&d=mm&r=g\",\"contentUrl\":\"https:\/\/secure.gravatar.com\/avatar\/0a73f5a5258f3fed37fc2fa641892f3f7a4748456d4d4792f9bc550e6c19e06c?s=96&d=mm&r=g\",\"caption\":\"Ana Teixeira\"}}]}<\/script>\n<!-- \/ Yoast SEO Premium plugin. -->","yoast_head_json":{"title":"Jogador brasileiro \u00e9 disputado por Real Madrid, Barcelona, Manchester City, Liverpool e Manchester United","robots":{"index":"index","follow":"follow","max-snippet":"max-snippet:-1","max-image-preview":"max-image-preview:large","max-video-preview":"max-video-preview:-1"},"canonical":"https:\/\/www.gaveanews.com\/index.php\/2025\/01\/14\/jogador-brasileiro-e-disputado-por-real-madrid-barcelona-manchester-city-liverpool-e-manchester-united\/","og_locale":"pt_BR","og_type":"article","og_title":"Jogador brasileiro \u00e9 disputado por Real Madrid, Barcelona, Manchester City, Liverpool e Manchester United","og_description":"A contrata\u00e7\u00e3o de um jogador brasileiro promete fomentar um dos maiores &#8216;leil\u00f5es&#8217; entre os grandes europeus no mercado da bola. Enquanto nomes como Vinicius J\u00fanior, Rodrygo, Endrick e Est\u00eav\u00e3o passam pela cabe\u00e7a dos torcedores, representantes de pot\u00eancias do Velho Continente miram em \u00c9derson &#8211; que defende a Atalanta (ITA). O nome do volante tem sido [&hellip;]","og_url":"https:\/\/www.gaveanews.com\/index.php\/2025\/01\/14\/jogador-brasileiro-e-disputado-por-real-madrid-barcelona-manchester-city-liverpool-e-manchester-united\/","og_site_name":"G\u00e1vea News","article_publisher":"https:\/\/facebook.com\/gaveaNews\/","article_published_time":"2025-01-14T06:55:00+00:00","og_image":[{"width":1920,"height":1080,"url":"https:\/\/www.gaveanews.com\/wp-content\/uploads\/madridvcity-flag.webp","type":"image\/webp"}],"author":"Ana Teixeira","twitter_card":"summary_large_image","twitter_misc":{"Escrito por":"Ana Teixeira","Est. tempo de leitura":"3 minutos"},"schema":{"@context":"https:\/\/schema.org","@graph":[{"@type":"NewsArticle","@id":"https:\/\/www.gaveanews.com\/index.php\/2025\/01\/14\/jogador-brasileiro-e-disputado-por-real-madrid-barcelona-manchester-city-liverpool-e-manchester-united\/#article","isPartOf":{"@id":"https:\/\/www.gaveanews.com\/index.php\/2025\/01\/14\/jogador-brasileiro-e-disputado-por-real-madrid-barcelona-manchester-city-liverpool-e-manchester-united\/"},"author":{"name":"Ana Teixeira","@id":"https:\/\/www.gaveanews.com\/#\/schema\/person\/3b19f7288b0ce20372991275e4f2e6c2"},"headline":"Jogador brasileiro \u00e9 disputado por Real Madrid, Barcelona, Manchester City, Liverpool e Manchester United","datePublished":"2025-01-14T06:55:00+00:00","mainEntityOfPage":{"@id":"https:\/\/www.gaveanews.com\/index.php\/2025\/01\/14\/jogador-brasileiro-e-disputado-por-real-madrid-barcelona-manchester-city-liverpool-e-manchester-united\/"},"wordCount":496,"commentCount":0,"image":{"@id":"https:\/\/www.gaveanews.com\/index.php\/2025\/01\/14\/jogador-brasileiro-e-disputado-por-real-madrid-barcelona-manchester-city-liverpool-e-manchester-united\/#primaryimage"},"thumbnailUrl":"https:\/\/www.gaveanews.com\/wp-content\/uploads\/madridvcity-flag.webp","articleSection":["Barcelona","Futebol Internacional","Liverpool","Manchester City","Manchester United","Real Madrid"],"inLanguage":"pt-BR","potentialAction":[{"@type":"CommentAction","name":"Comment","target":["https:\/\/www.gaveanews.com\/index.php\/2025\/01\/14\/jogador-brasileiro-e-disputado-por-real-madrid-barcelona-manchester-city-liverpool-e-manchester-united\/#respond"]}],"copyrightYear":"2025","copyrightHolder":{"@id":"https:\/\/www.gaveanews.com\/#organization"}},{"@type":"WebPage","@id":"https:\/\/www.gaveanews.com\/index.php\/2025\/01\/14\/jogador-brasileiro-e-disputado-por-real-madrid-barcelona-manchester-city-liverpool-e-manchester-united\/","url":"https:\/\/www.gaveanews.com\/index.php\/2025\/01\/14\/jogador-brasileiro-e-disputado-por-real-madrid-barcelona-manchester-city-liverpool-e-manchester-united\/","name":"Jogador brasileiro \u00e9 disputado por Real Madrid, Barcelona, Manchester City, Liverpool e Manchester United","isPartOf":{"@id":"https:\/\/www.gaveanews.com\/#website"},"primaryImageOfPage":{"@id":"https:\/\/www.gaveanews.com\/index.php\/2025\/01\/14\/jogador-brasileiro-e-disputado-por-real-madrid-barcelona-manchester-city-liverpool-e-manchester-united\/#primaryimage"},"image":{"@id":"https:\/\/www.gaveanews.com\/index.php\/2025\/01\/14\/jogador-brasileiro-e-disputado-por-real-madrid-barcelona-manchester-city-liverpool-e-manchester-united\/#primaryimage"},"thumbnailUrl":"https:\/\/www.gaveanews.com\/wp-content\/uploads\/madridvcity-flag.webp","datePublished":"2025-01-14T06:55:00+00:00","author":{"@id":"https:\/\/www.gaveanews.com\/#\/schema\/person\/3b19f7288b0ce20372991275e4f2e6c2"},"breadcrumb":{"@id":"https:\/\/www.gaveanews.com\/index.php\/2025\/01\/14\/jogador-brasileiro-e-disputado-por-real-madrid-barcelona-manchester-city-liverpool-e-manchester-united\/#breadcrumb"},"inLanguage":"pt-BR","potentialAction":[{"@type":"ReadAction","target":["https:\/\/www.gaveanews.com\/index.php\/2025\/01\/14\/jogador-brasileiro-e-disputado-por-real-madrid-barcelona-manchester-city-liverpool-e-manchester-united\/"]}]},{"@type":"ImageObject","inLanguage":"pt-BR","@id":"https:\/\/www.gaveanews.com\/index.php\/2025\/01\/14\/jogador-brasileiro-e-disputado-por-real-madrid-barcelona-manchester-city-liverpool-e-manchester-united\/#primaryimage","url":"https:\/\/www.gaveanews.com\/wp-content\/uploads\/madridvcity-flag.webp","contentUrl":"https:\/\/www.gaveanews.com\/wp-content\/uploads\/madridvcity-flag.webp","width":1920,"height":1080,"caption":"Escudos de Real Madrid e Manchester City (Foto: Reprodu\u00e7\u00e3o)"},{"@type":"BreadcrumbList","@id":"https:\/\/www.gaveanews.com\/index.php\/2025\/01\/14\/jogador-brasileiro-e-disputado-por-real-madrid-barcelona-manchester-city-liverpool-e-manchester-united\/#breadcrumb","itemListElement":[{"@type":"ListItem","position":1,"name":"Home","item":"https:\/\/www.gaveanews.com\/"},{"@type":"ListItem","position":2,"name":"Jogador brasileiro \u00e9 disputado por Real Madrid, Barcelona, Manchester City, Liverpool e Manchester United"}]},{"@type":"WebSite","@id":"https:\/\/www.gaveanews.com\/#website","url":"https:\/\/www.gaveanews.com\/","name":"G\u00e1vea News","description":"Veja todas as not\u00edcias sobre o Flamengo: Contrata\u00e7\u00f5es, categorias de base, resultados das partidas, tabela de classifica\u00e7\u00e3o, pr\u00f3ximos jogos!","potentialAction":[{"@type":"SearchAction","target":{"@type":"EntryPoint","urlTemplate":"https:\/\/www.gaveanews.com\/?s={search_term_string}"},"query-input":{"@type":"PropertyValueSpecification","valueRequired":true,"valueName":"search_term_string"}}],"inLanguage":"pt-BR"},{"@type":"Person","@id":"https:\/\/www.gaveanews.com\/#\/schema\/person\/3b19f7288b0ce20372991275e4f2e6c2","name":"Ana Teixeira","image":{"@type":"ImageObject","inLanguage":"pt-BR","@id":"https:\/\/www.gaveanews.com\/#\/schema\/person\/image\/","url":"https:\/\/secure.gravatar.com\/avatar\/0a73f5a5258f3fed37fc2fa641892f3f7a4748456d4d4792f9bc550e6c19e06c?s=96&d=mm&r=g","contentUrl":"https:\/\/secure.gravatar.com\/avatar\/0a73f5a5258f3fed37fc2fa641892f3f7a4748456d4d4792f9bc550e6c19e06c?s=96&d=mm&r=g","caption":"Ana Teixeira"}}]}},"_links":{"self":[{"href":"https:\/\/www.gaveanews.com\/index.php\/wp-json\/wp\/v2\/posts\/212039","targetHints":{"allow":["GET"]}}],"collection":[{"href":"https:\/\/www.gaveanews.com\/index.php\/wp-json\/wp\/v2\/posts"}],"about":[{"href":"https:\/\/www.gaveanews.com\/index.php\/wp-json\/wp\/v2\/types\/post"}],"author":[{"embeddable":true,"href":"https:\/\/www.gaveanews.com\/index.php\/wp-json\/wp\/v2\/users\/30"}],"replies":[{"embeddable":true,"href":"https:\/\/www.gaveanews.com\/index.php\/wp-json\/wp\/v2\/comments?post=212039"}],"version-history":[{"count":1,"href":"https:\/\/www.gaveanews.com\/index.php\/wp-json\/wp\/v2\/posts\/212039\/revisions"}],"predecessor-version":[{"id":212049,"href":"https:\/\/www.gaveanews.com\/index.php\/wp-json\/wp\/v2\/posts\/212039\/revisions\/212049"}],"wp:featuredmedia":[{"embeddable":true,"href":"https:\/\/www.gaveanews.com\/index.php\/wp-json\/wp\/v2\/media\/122514"}],"wp:attachment":[{"href":"https:\/\/www.gaveanews.com\/index.php\/wp-json\/wp\/v2\/media?parent=212039"}],"wp:term":[{"taxonomy":"category","embeddable":true,"href":"https:\/\/www.gaveanews.com\/index.php\/wp-json\/wp\/v2\/categories?post=212039"},{"taxonomy":"post_tag","embeddable":true,"href":"https:\/\/www.gaveanews.com\/index.php\/wp-json\/wp\/v2\/tags?post=212039"}],"curies":[{"name":"wp","href":"https:\/\/api.w.org\/{rel}","templated":true}]}}