{"id":212044,"date":"2025-01-14T08:30:00","date_gmt":"2025-01-14T11:30:00","guid":{"rendered":"https:\/\/www.gaveanews.com\/?p=212044"},"modified":"2025-01-14T02:28:43","modified_gmt":"2025-01-14T05:28:43","slug":"a-declaracao-de-zinho-sobre-o-elenco-do-flamengo","status":"publish","type":"post","link":"https:\/\/www.gaveanews.com\/index.php\/2025\/01\/14\/a-declaracao-de-zinho-sobre-o-elenco-do-flamengo\/","title":{"rendered":"A declara\u00e7\u00e3o de Zinho sobre o elenco do Flamengo"},"content":{"rendered":"\n<h2 class=\"wp-block-heading\" id=\"h-zinho-e-casagrande-acreditam-que-flamengo-esta-pronto-para-2025\">Zinho e Casagrande acreditam que Flamengo est\u00e1 pronto para 2025<\/h2>\n\n\n\n<p>Zinho acredita que o Flamengo, comandado por Filipe Lu\u00eds, n\u00e3o precisa de grandes movimenta\u00e7\u00f5es no mercado para 2025. Segundo o comentarista, o clube j\u00e1 possui um elenco robusto e de alto n\u00edvel t\u00e9cnico, capaz de brigar por t\u00edtulos sem a necessidade de reformula\u00e7\u00e3o. Apesar das dificuldades enfrentadas em 2024, a equipe comprovou sua for\u00e7a ao conquistar a Copa do Brasil.<\/p>\n\n\n\n<ul class=\"wp-block-list\">\n<li><a href=\"https:\/\/www.gaveanews.com\/index.php\/2025\/01\/13\/flamengo-futuro-de-bruno-henrique-e-definido\/\">Flamengo: futuro de Bruno Henrique \u00e9 definido<\/a><\/li>\n\n\n\n<li><a href=\"https:\/\/www.gaveanews.com\/index.php\/2025\/01\/13\/fabricio-bruno-revela-o-motivo-de-deixar-o-flamengo\/\">Fabr\u00edcio Bruno revela o motivo de deixar o Flamengo<\/a><\/li>\n<\/ul>\n\n\n\n<p>Com nomes como Pedro, Everton Cebolinha e De La Cruz retornando de les\u00f5es, Zinho avalia que o elenco est\u00e1 preparado para os desafios da temporada. No entanto, ele aponta que a sa\u00edda de Fabr\u00edcio Bruno, caso concretizada, exigiria a busca por um substituto.<\/p>\n\n\n\n<p>\u201cEste elenco foi bem montado, \u00e9 reconhecido por todos n\u00f3s como o melhor da Am\u00e9rica do Sul, no m\u00ednimo. Se os lesionados voltarem bem, n\u00e3o vai ser preciso contratar. Agora, se vender o Fabr\u00edcio Bruno, tem que contratar\u201d, comentou Zinho.<\/p>\n\n\n\n<p>A diretoria do Flamengo j\u00e1 buscou um novo centroavante para substituir Gabigol, que deixou o clube, mas segue focada em manter a base do elenco.<\/p>\n\n\n\n<p>Casagrande compartilha da mesma vis\u00e3o sobre o Flamengo. Para ele, o Rubro-Negro est\u00e1 entre as poucas equipes do Brasil que n\u00e3o precisam passar por mudan\u00e7as significativas. Ele elogiou a postura do clube ao evitar contrata\u00e7\u00f5es desnecess\u00e1rias, destacando que a equipe est\u00e1 pronta para disputar competi\u00e7\u00f5es como o Brasileir\u00e3o e a Libertadores.<\/p>\n\n\n\n<p>\u201cO Jos\u00e9 Boto disse que o Flamengo n\u00e3o precisa ser reformulado. Ele tem total raz\u00e3o. Aqui no Brasil n\u00f3s temos a mania de quando acaba o ano, todo time tem que contratar algu\u00e9m, e muitas vezes n\u00e3o precisa\u201d, declarou Casagrande no programa <em>UOL News Esporte<\/em>.<\/p>\n\n\n\n<p>Com o in\u00edcio da temporada se aproximando, o Flamengo busca alinhar os \u00faltimos detalhes para estrear com for\u00e7a m\u00e1xima em 2025.<\/p>\n","protected":false},"excerpt":{"rendered":"<p>Zinho e Casagrande acreditam que Flamengo est\u00e1 pronto para 2025 Zinho acredita que o Flamengo, comandado por Filipe Lu\u00eds, n\u00e3o precisa de grandes movimenta\u00e7\u00f5es no mercado para 2025. Segundo o comentarista, o clube j\u00e1 possui um elenco robusto e de alto n\u00edvel t\u00e9cnico, capaz de brigar por t\u00edtulos sem a necessidade de reformula\u00e7\u00e3o. Apesar das [&hellip;]<\/p>\n","protected":false},"author":17,"featured_media":128167,"comment_status":"open","ping_status":"closed","sticky":false,"template":"","format":"standard","meta":{"footnotes":""},"categories":[1],"tags":[],"class_list":["post-212044","post","type-post","status-publish","format-standard","has-post-thumbnail","hentry","category-flamengo"],"yoast_head":"<!-- This site is optimized with the Yoast SEO Premium plugin v24.2 (Yoast SEO v26.9) - https:\/\/yoast.com\/product\/yoast-seo-premium-wordpress\/ -->\n<title>A declara\u00e7\u00e3o de Zinho sobre o elenco do Flamengo<\/title>\n<meta name=\"robots\" content=\"index, follow, max-snippet:-1, max-image-preview:large, max-video-preview:-1\" \/>\n<link rel=\"canonical\" href=\"https:\/\/www.gaveanews.com\/index.php\/2025\/01\/14\/a-declaracao-de-zinho-sobre-o-elenco-do-flamengo\/\" \/>\n<meta property=\"og:locale\" content=\"pt_BR\" \/>\n<meta property=\"og:type\" content=\"article\" \/>\n<meta property=\"og:title\" content=\"A declara\u00e7\u00e3o de Zinho sobre o elenco do Flamengo\" \/>\n<meta property=\"og:description\" content=\"Zinho e Casagrande acreditam que Flamengo est\u00e1 pronto para 2025 Zinho acredita que o Flamengo, comandado por Filipe Lu\u00eds, n\u00e3o precisa de grandes movimenta\u00e7\u00f5es no mercado para 2025. Segundo o comentarista, o clube j\u00e1 possui um elenco robusto e de alto n\u00edvel t\u00e9cnico, capaz de brigar por t\u00edtulos sem a necessidade de reformula\u00e7\u00e3o. Apesar das [&hellip;]\" \/>\n<meta property=\"og:url\" content=\"https:\/\/www.gaveanews.com\/index.php\/2025\/01\/14\/a-declaracao-de-zinho-sobre-o-elenco-do-flamengo\/\" \/>\n<meta property=\"og:site_name\" content=\"G\u00e1vea News\" \/>\n<meta property=\"article:publisher\" content=\"https:\/\/facebook.com\/gaveaNews\/\" \/>\n<meta property=\"article:published_time\" content=\"2025-01-14T11:30:00+00:00\" \/>\n<meta property=\"og:image\" content=\"https:\/\/www.gaveanews.com\/wp-content\/uploads\/Zinho-ex-jogador-e-comentarista-esportivo.webp\" \/>\n\t<meta property=\"og:image:width\" content=\"800\" \/>\n\t<meta property=\"og:image:height\" content=\"450\" \/>\n\t<meta property=\"og:image:type\" content=\"image\/webp\" \/>\n<meta name=\"author\" content=\"Geovanna Thomaz\" \/>\n<meta name=\"twitter:card\" content=\"summary_large_image\" \/>\n<meta name=\"twitter:label1\" content=\"Escrito por\" \/>\n\t<meta name=\"twitter:data1\" content=\"Geovanna Thomaz\" \/>\n\t<meta name=\"twitter:label2\" content=\"Est. tempo de leitura\" \/>\n\t<meta name=\"twitter:data2\" content=\"2 minutos\" \/>\n<script type=\"application\/ld+json\" class=\"yoast-schema-graph\">{\"@context\":\"https:\/\/schema.org\",\"@graph\":[{\"@type\":\"NewsArticle\",\"@id\":\"https:\/\/www.gaveanews.com\/index.php\/2025\/01\/14\/a-declaracao-de-zinho-sobre-o-elenco-do-flamengo\/#article\",\"isPartOf\":{\"@id\":\"https:\/\/www.gaveanews.com\/index.php\/2025\/01\/14\/a-declaracao-de-zinho-sobre-o-elenco-do-flamengo\/\"},\"author\":{\"name\":\"Geovanna Thomaz\",\"@id\":\"https:\/\/www.gaveanews.com\/#\/schema\/person\/f42654babcd2b2014a1a65af82b081f1\"},\"headline\":\"A declara\u00e7\u00e3o de Zinho sobre o elenco do Flamengo\",\"datePublished\":\"2025-01-14T11:30:00+00:00\",\"mainEntityOfPage\":{\"@id\":\"https:\/\/www.gaveanews.com\/index.php\/2025\/01\/14\/a-declaracao-de-zinho-sobre-o-elenco-do-flamengo\/\"},\"wordCount\":347,\"commentCount\":0,\"image\":{\"@id\":\"https:\/\/www.gaveanews.com\/index.php\/2025\/01\/14\/a-declaracao-de-zinho-sobre-o-elenco-do-flamengo\/#primaryimage\"},\"thumbnailUrl\":\"https:\/\/www.gaveanews.com\/wp-content\/uploads\/Zinho-ex-jogador-e-comentarista-esportivo.webp\",\"articleSection\":[\"Flamengo\"],\"inLanguage\":\"pt-BR\",\"potentialAction\":[{\"@type\":\"CommentAction\",\"name\":\"Comment\",\"target\":[\"https:\/\/www.gaveanews.com\/index.php\/2025\/01\/14\/a-declaracao-de-zinho-sobre-o-elenco-do-flamengo\/#respond\"]}],\"copyrightYear\":\"2025\",\"copyrightHolder\":{\"@id\":\"https:\/\/www.gaveanews.com\/#organization\"}},{\"@type\":\"WebPage\",\"@id\":\"https:\/\/www.gaveanews.com\/index.php\/2025\/01\/14\/a-declaracao-de-zinho-sobre-o-elenco-do-flamengo\/\",\"url\":\"https:\/\/www.gaveanews.com\/index.php\/2025\/01\/14\/a-declaracao-de-zinho-sobre-o-elenco-do-flamengo\/\",\"name\":\"A declara\u00e7\u00e3o de Zinho sobre o elenco do Flamengo\",\"isPartOf\":{\"@id\":\"https:\/\/www.gaveanews.com\/#website\"},\"primaryImageOfPage\":{\"@id\":\"https:\/\/www.gaveanews.com\/index.php\/2025\/01\/14\/a-declaracao-de-zinho-sobre-o-elenco-do-flamengo\/#primaryimage\"},\"image\":{\"@id\":\"https:\/\/www.gaveanews.com\/index.php\/2025\/01\/14\/a-declaracao-de-zinho-sobre-o-elenco-do-flamengo\/#primaryimage\"},\"thumbnailUrl\":\"https:\/\/www.gaveanews.com\/wp-content\/uploads\/Zinho-ex-jogador-e-comentarista-esportivo.webp\",\"datePublished\":\"2025-01-14T11:30:00+00:00\",\"author\":{\"@id\":\"https:\/\/www.gaveanews.com\/#\/schema\/person\/f42654babcd2b2014a1a65af82b081f1\"},\"breadcrumb\":{\"@id\":\"https:\/\/www.gaveanews.com\/index.php\/2025\/01\/14\/a-declaracao-de-zinho-sobre-o-elenco-do-flamengo\/#breadcrumb\"},\"inLanguage\":\"pt-BR\",\"potentialAction\":[{\"@type\":\"ReadAction\",\"target\":[\"https:\/\/www.gaveanews.com\/index.php\/2025\/01\/14\/a-declaracao-de-zinho-sobre-o-elenco-do-flamengo\/\"]}]},{\"@type\":\"ImageObject\",\"inLanguage\":\"pt-BR\",\"@id\":\"https:\/\/www.gaveanews.com\/index.php\/2025\/01\/14\/a-declaracao-de-zinho-sobre-o-elenco-do-flamengo\/#primaryimage\",\"url\":\"https:\/\/www.gaveanews.com\/wp-content\/uploads\/Zinho-ex-jogador-e-comentarista-esportivo.webp\",\"contentUrl\":\"https:\/\/www.gaveanews.com\/wp-content\/uploads\/Zinho-ex-jogador-e-comentarista-esportivo.webp\",\"width\":800,\"height\":450,\"caption\":\"Zinho ex-jogador e comentarista esportivo - Foto: Divulga\u00e7\u00e3o\"},{\"@type\":\"BreadcrumbList\",\"@id\":\"https:\/\/www.gaveanews.com\/index.php\/2025\/01\/14\/a-declaracao-de-zinho-sobre-o-elenco-do-flamengo\/#breadcrumb\",\"itemListElement\":[{\"@type\":\"ListItem\",\"position\":1,\"name\":\"Home\",\"item\":\"https:\/\/www.gaveanews.com\/\"},{\"@type\":\"ListItem\",\"position\":2,\"name\":\"A declara\u00e7\u00e3o de Zinho sobre o elenco do Flamengo\"}]},{\"@type\":\"WebSite\",\"@id\":\"https:\/\/www.gaveanews.com\/#website\",\"url\":\"https:\/\/www.gaveanews.com\/\",\"name\":\"G\u00e1vea News\",\"description\":\"Veja todas as not\u00edcias sobre o Flamengo: Contrata\u00e7\u00f5es, categorias de base, resultados das partidas, tabela de classifica\u00e7\u00e3o, pr\u00f3ximos jogos!\",\"potentialAction\":[{\"@type\":\"SearchAction\",\"target\":{\"@type\":\"EntryPoint\",\"urlTemplate\":\"https:\/\/www.gaveanews.com\/?s={search_term_string}\"},\"query-input\":{\"@type\":\"PropertyValueSpecification\",\"valueRequired\":true,\"valueName\":\"search_term_string\"}}],\"inLanguage\":\"pt-BR\"},{\"@type\":\"Person\",\"@id\":\"https:\/\/www.gaveanews.com\/#\/schema\/person\/f42654babcd2b2014a1a65af82b081f1\",\"name\":\"Geovanna Thomaz\",\"image\":{\"@type\":\"ImageObject\",\"inLanguage\":\"pt-BR\",\"@id\":\"https:\/\/www.gaveanews.com\/#\/schema\/person\/image\/\",\"url\":\"https:\/\/secure.gravatar.com\/avatar\/4092073255489533afb558984b49b64268c47198af8623cc82a925ae9fb7118a?s=96&d=mm&r=g\",\"contentUrl\":\"https:\/\/secure.gravatar.com\/avatar\/4092073255489533afb558984b49b64268c47198af8623cc82a925ae9fb7118a?s=96&d=mm&r=g\",\"caption\":\"Geovanna Thomaz\"}}]}<\/script>\n<!-- \/ Yoast SEO Premium plugin. -->","yoast_head_json":{"title":"A declara\u00e7\u00e3o de Zinho sobre o elenco do Flamengo","robots":{"index":"index","follow":"follow","max-snippet":"max-snippet:-1","max-image-preview":"max-image-preview:large","max-video-preview":"max-video-preview:-1"},"canonical":"https:\/\/www.gaveanews.com\/index.php\/2025\/01\/14\/a-declaracao-de-zinho-sobre-o-elenco-do-flamengo\/","og_locale":"pt_BR","og_type":"article","og_title":"A declara\u00e7\u00e3o de Zinho sobre o elenco do Flamengo","og_description":"Zinho e Casagrande acreditam que Flamengo est\u00e1 pronto para 2025 Zinho acredita que o Flamengo, comandado por Filipe Lu\u00eds, n\u00e3o precisa de grandes movimenta\u00e7\u00f5es no mercado para 2025. Segundo o comentarista, o clube j\u00e1 possui um elenco robusto e de alto n\u00edvel t\u00e9cnico, capaz de brigar por t\u00edtulos sem a necessidade de reformula\u00e7\u00e3o. Apesar das [&hellip;]","og_url":"https:\/\/www.gaveanews.com\/index.php\/2025\/01\/14\/a-declaracao-de-zinho-sobre-o-elenco-do-flamengo\/","og_site_name":"G\u00e1vea News","article_publisher":"https:\/\/facebook.com\/gaveaNews\/","article_published_time":"2025-01-14T11:30:00+00:00","og_image":[{"width":800,"height":450,"url":"https:\/\/www.gaveanews.com\/wp-content\/uploads\/Zinho-ex-jogador-e-comentarista-esportivo.webp","type":"image\/webp"}],"author":"Geovanna Thomaz","twitter_card":"summary_large_image","twitter_misc":{"Escrito por":"Geovanna Thomaz","Est. tempo de leitura":"2 minutos"},"schema":{"@context":"https:\/\/schema.org","@graph":[{"@type":"NewsArticle","@id":"https:\/\/www.gaveanews.com\/index.php\/2025\/01\/14\/a-declaracao-de-zinho-sobre-o-elenco-do-flamengo\/#article","isPartOf":{"@id":"https:\/\/www.gaveanews.com\/index.php\/2025\/01\/14\/a-declaracao-de-zinho-sobre-o-elenco-do-flamengo\/"},"author":{"name":"Geovanna Thomaz","@id":"https:\/\/www.gaveanews.com\/#\/schema\/person\/f42654babcd2b2014a1a65af82b081f1"},"headline":"A declara\u00e7\u00e3o de Zinho sobre o elenco do Flamengo","datePublished":"2025-01-14T11:30:00+00:00","mainEntityOfPage":{"@id":"https:\/\/www.gaveanews.com\/index.php\/2025\/01\/14\/a-declaracao-de-zinho-sobre-o-elenco-do-flamengo\/"},"wordCount":347,"commentCount":0,"image":{"@id":"https:\/\/www.gaveanews.com\/index.php\/2025\/01\/14\/a-declaracao-de-zinho-sobre-o-elenco-do-flamengo\/#primaryimage"},"thumbnailUrl":"https:\/\/www.gaveanews.com\/wp-content\/uploads\/Zinho-ex-jogador-e-comentarista-esportivo.webp","articleSection":["Flamengo"],"inLanguage":"pt-BR","potentialAction":[{"@type":"CommentAction","name":"Comment","target":["https:\/\/www.gaveanews.com\/index.php\/2025\/01\/14\/a-declaracao-de-zinho-sobre-o-elenco-do-flamengo\/#respond"]}],"copyrightYear":"2025","copyrightHolder":{"@id":"https:\/\/www.gaveanews.com\/#organization"}},{"@type":"WebPage","@id":"https:\/\/www.gaveanews.com\/index.php\/2025\/01\/14\/a-declaracao-de-zinho-sobre-o-elenco-do-flamengo\/","url":"https:\/\/www.gaveanews.com\/index.php\/2025\/01\/14\/a-declaracao-de-zinho-sobre-o-elenco-do-flamengo\/","name":"A declara\u00e7\u00e3o de Zinho sobre o elenco do Flamengo","isPartOf":{"@id":"https:\/\/www.gaveanews.com\/#website"},"primaryImageOfPage":{"@id":"https:\/\/www.gaveanews.com\/index.php\/2025\/01\/14\/a-declaracao-de-zinho-sobre-o-elenco-do-flamengo\/#primaryimage"},"image":{"@id":"https:\/\/www.gaveanews.com\/index.php\/2025\/01\/14\/a-declaracao-de-zinho-sobre-o-elenco-do-flamengo\/#primaryimage"},"thumbnailUrl":"https:\/\/www.gaveanews.com\/wp-content\/uploads\/Zinho-ex-jogador-e-comentarista-esportivo.webp","datePublished":"2025-01-14T11:30:00+00:00","author":{"@id":"https:\/\/www.gaveanews.com\/#\/schema\/person\/f42654babcd2b2014a1a65af82b081f1"},"breadcrumb":{"@id":"https:\/\/www.gaveanews.com\/index.php\/2025\/01\/14\/a-declaracao-de-zinho-sobre-o-elenco-do-flamengo\/#breadcrumb"},"inLanguage":"pt-BR","potentialAction":[{"@type":"ReadAction","target":["https:\/\/www.gaveanews.com\/index.php\/2025\/01\/14\/a-declaracao-de-zinho-sobre-o-elenco-do-flamengo\/"]}]},{"@type":"ImageObject","inLanguage":"pt-BR","@id":"https:\/\/www.gaveanews.com\/index.php\/2025\/01\/14\/a-declaracao-de-zinho-sobre-o-elenco-do-flamengo\/#primaryimage","url":"https:\/\/www.gaveanews.com\/wp-content\/uploads\/Zinho-ex-jogador-e-comentarista-esportivo.webp","contentUrl":"https:\/\/www.gaveanews.com\/wp-content\/uploads\/Zinho-ex-jogador-e-comentarista-esportivo.webp","width":800,"height":450,"caption":"Zinho ex-jogador e comentarista esportivo - Foto: Divulga\u00e7\u00e3o"},{"@type":"BreadcrumbList","@id":"https:\/\/www.gaveanews.com\/index.php\/2025\/01\/14\/a-declaracao-de-zinho-sobre-o-elenco-do-flamengo\/#breadcrumb","itemListElement":[{"@type":"ListItem","position":1,"name":"Home","item":"https:\/\/www.gaveanews.com\/"},{"@type":"ListItem","position":2,"name":"A declara\u00e7\u00e3o de Zinho sobre o elenco do Flamengo"}]},{"@type":"WebSite","@id":"https:\/\/www.gaveanews.com\/#website","url":"https:\/\/www.gaveanews.com\/","name":"G\u00e1vea News","description":"Veja todas as not\u00edcias sobre o Flamengo: Contrata\u00e7\u00f5es, categorias de base, resultados das partidas, tabela de classifica\u00e7\u00e3o, pr\u00f3ximos jogos!","potentialAction":[{"@type":"SearchAction","target":{"@type":"EntryPoint","urlTemplate":"https:\/\/www.gaveanews.com\/?s={search_term_string}"},"query-input":{"@type":"PropertyValueSpecification","valueRequired":true,"valueName":"search_term_string"}}],"inLanguage":"pt-BR"},{"@type":"Person","@id":"https:\/\/www.gaveanews.com\/#\/schema\/person\/f42654babcd2b2014a1a65af82b081f1","name":"Geovanna Thomaz","image":{"@type":"ImageObject","inLanguage":"pt-BR","@id":"https:\/\/www.gaveanews.com\/#\/schema\/person\/image\/","url":"https:\/\/secure.gravatar.com\/avatar\/4092073255489533afb558984b49b64268c47198af8623cc82a925ae9fb7118a?s=96&d=mm&r=g","contentUrl":"https:\/\/secure.gravatar.com\/avatar\/4092073255489533afb558984b49b64268c47198af8623cc82a925ae9fb7118a?s=96&d=mm&r=g","caption":"Geovanna Thomaz"}}]}},"_links":{"self":[{"href":"https:\/\/www.gaveanews.com\/index.php\/wp-json\/wp\/v2\/posts\/212044","targetHints":{"allow":["GET"]}}],"collection":[{"href":"https:\/\/www.gaveanews.com\/index.php\/wp-json\/wp\/v2\/posts"}],"about":[{"href":"https:\/\/www.gaveanews.com\/index.php\/wp-json\/wp\/v2\/types\/post"}],"author":[{"embeddable":true,"href":"https:\/\/www.gaveanews.com\/index.php\/wp-json\/wp\/v2\/users\/17"}],"replies":[{"embeddable":true,"href":"https:\/\/www.gaveanews.com\/index.php\/wp-json\/wp\/v2\/comments?post=212044"}],"version-history":[{"count":1,"href":"https:\/\/www.gaveanews.com\/index.php\/wp-json\/wp\/v2\/posts\/212044\/revisions"}],"predecessor-version":[{"id":212052,"href":"https:\/\/www.gaveanews.com\/index.php\/wp-json\/wp\/v2\/posts\/212044\/revisions\/212052"}],"wp:featuredmedia":[{"embeddable":true,"href":"https:\/\/www.gaveanews.com\/index.php\/wp-json\/wp\/v2\/media\/128167"}],"wp:attachment":[{"href":"https:\/\/www.gaveanews.com\/index.php\/wp-json\/wp\/v2\/media?parent=212044"}],"wp:term":[{"taxonomy":"category","embeddable":true,"href":"https:\/\/www.gaveanews.com\/index.php\/wp-json\/wp\/v2\/categories?post=212044"},{"taxonomy":"post_tag","embeddable":true,"href":"https:\/\/www.gaveanews.com\/index.php\/wp-json\/wp\/v2\/tags?post=212044"}],"curies":[{"name":"wp","href":"https:\/\/api.w.org\/{rel}","templated":true}]}}