{"id":212077,"date":"2025-01-14T08:20:00","date_gmt":"2025-01-14T11:20:00","guid":{"rendered":"https:\/\/www.gaveanews.com\/?p=212077"},"modified":"2025-01-14T02:20:08","modified_gmt":"2025-01-14T05:20:08","slug":"ex-jogador-do-real-madrid-questiona-atitude-de-vini-jr","status":"publish","type":"post","link":"https:\/\/www.gaveanews.com\/index.php\/2025\/01\/14\/ex-jogador-do-real-madrid-questiona-atitude-de-vini-jr\/","title":{"rendered":"Ex-jogador do Real Madrid questiona atitude de Vini Jr"},"content":{"rendered":"\n<h2 class=\"wp-block-heading\" id=\"h-veja-o-que-ele-falou\">Veja o que ele falou<\/h2>\n\n\n\n<p>A derrota do Real Madrid para o Barcelona por 5 a 2 na final da Supercopa da Espanha, realizada neste domingo (12), gerou cr\u00edticas \u00e0 equipe merengue. Vinicius J\u00fanior, que vem se destacando no elenco nas \u00faltimas temporadas, foi alvo de coment\u00e1rios do ex-jogador \u00c1lvaro Benito.<\/p>\n\n\n\n<ul class=\"wp-block-list\">\n<li><a href=\"https:\/\/www.gaveanews.com\/index.php\/2025\/01\/13\/real-madrid-define-substituto-de-carlo-ancelotti\/\">Real Madrid define substituto de Carlo Ancelotti<\/a><\/li>\n\n\n\n<li><a href=\"https:\/\/www.gaveanews.com\/index.php\/2025\/01\/12\/bellingham-haaland-e-vinicius-junior-os-jogadores-mais-valiosos-do-mundo\/\">Bellingham, Haaland e Vin\u00edcius J\u00fanior: os jogadores mais valiosos do mundo<\/a><\/li>\n<\/ul>\n\n\n\n<p>Benito, que defendeu as cores do Real Madrid na d\u00e9cada de 1990 e atualmente atua como comentarista, avaliou o desempenho do atacante brasileiro no programa Carrusel Deportivo, da r\u00e1dio Cadena SER. Ele destacou que Vinicius J\u00fanior teve uma atua\u00e7\u00e3o aqu\u00e9m do que se esperava em uma partida t\u00e3o crucial.<\/p>\n\n\n\n<p>\u201cVoc\u00ea sempre pode esperar o melhor dele, mas \u00e9 preciso abri-lo em tudo. N\u00e3o foi para os duelos, foi superado e ficou parado. Para mim, essa \u00e9 uma das coisas que eu n\u00e3o aceito nos jogadores\u201d, afirmou o ex-zagueiro.<\/p>\n\n\n\n<figure class=\"wp-block-image size-full\"><img loading=\"lazy\" decoding=\"async\" width=\"660\" height=\"413\" src=\"https:\/\/www.gaveanews.com\/wp-content\/uploads\/Vinicius-Jr-comemora-apos-marcar-mais-um-gol-pelo-Real-Madrid.webp\" alt=\"\" class=\"wp-image-86527\" srcset=\"https:\/\/www.gaveanews.com\/wp-content\/uploads\/Vinicius-Jr-comemora-apos-marcar-mais-um-gol-pelo-Real-Madrid.webp 660w, https:\/\/www.gaveanews.com\/wp-content\/uploads\/Vinicius-Jr-comemora-apos-marcar-mais-um-gol-pelo-Real-Madrid-300x188.webp 300w, https:\/\/www.gaveanews.com\/wp-content\/uploads\/Vinicius-Jr-comemora-apos-marcar-mais-um-gol-pelo-Real-Madrid-640x400.webp 640w, https:\/\/www.gaveanews.com\/wp-content\/uploads\/Vinicius-Jr-comemora-apos-marcar-mais-um-gol-pelo-Real-Madrid-100x63.webp 100w\" sizes=\"auto, (max-width: 660px) 100vw, 660px\" \/><figcaption class=\"wp-element-caption\">Vinicius Jr comemora ap\u00f3s marcar mais um gol pelo Real Madrid (Foto: Reprodu\u00e7\u00e3o\/Real Madrid)<\/figcaption><\/figure>\n\n\n\n<p>O comentarista ainda apontou a falta de intensidade do brasileiro em momentos chave do jogo.<\/p>\n\n\n\n<p>\u201cEm uma final de Supercopa, contra o Barcelona, como \u00e9 que voc\u00ea vai economizar um pique?\u201d, questionou Benito, referindo-se \u00e0 atitude do atacante em campo.<\/p>\n\n\n\n<p>Vini Jr. foi substitu\u00eddo aos 34 minutos do segundo tempo, j\u00e1 com o Real perdendo por 5 a 2. O treinador Carlo Ancelotti decidiu colocar Brahim D\u00edaz em seu lugar, mas as mudan\u00e7as n\u00e3o alteraram o cen\u00e1rio da partida.<\/p>\n\n\n\n<p>O comportamento desinteressado de Vinicius contrasta com seu passado recente. O atleta recebeu o pr\u00eamio de melhor do mundo da Fifa no ano passado e vinha desempenhando um papel fundamental no sistema ofensivo do Real Madrid.<\/p>\n\n\n\n<p>A vit\u00f3ria estimulou ainda mais a press\u00e3o sobre Ancelotti, incapaz de encontrar estrat\u00e9gias t\u00e1ticas para deter a supremacia do Barcelona. A queda de rendimento em partidas decisivas nesta temporada \u00e9 evidente.<\/p>\n\n\n\n<h2 class=\"wp-block-heading\" id=\"h-quando-o-real-madrid-joga\">Quando o Real Madrid joga?<\/h2>\n\n\n\n<p>Agora, o Real Madrid precisa virar a p\u00e1gina pois enfrenta o Celta de Vigo na pr\u00f3xima quinta-feira (16), pelas quartas de final da Copa do Rei, na pr\u00f3xima semana. A performance de Vinicius ser\u00e1 novamente destacada com cuidado.<\/p>\n","protected":false},"excerpt":{"rendered":"<p>Veja o que ele falou A derrota do Real Madrid para o Barcelona por 5 a 2 na final da Supercopa da Espanha, realizada neste domingo (12), gerou cr\u00edticas \u00e0 equipe merengue. Vinicius J\u00fanior, que vem se destacando no elenco nas \u00faltimas temporadas, foi alvo de coment\u00e1rios do ex-jogador \u00c1lvaro Benito. Benito, que defendeu as [&hellip;]<\/p>\n","protected":false},"author":16,"featured_media":109282,"comment_status":"open","ping_status":"closed","sticky":false,"template":"","format":"standard","meta":{"footnotes":""},"categories":[88],"tags":[],"class_list":["post-212077","post","type-post","status-publish","format-standard","has-post-thumbnail","hentry","category-real-madrid"],"yoast_head":"<!-- This site is optimized with the Yoast SEO Premium plugin v24.2 (Yoast SEO v26.9) - https:\/\/yoast.com\/product\/yoast-seo-premium-wordpress\/ -->\n<title>Ex-jogador do Real Madrid questiona atitude de Vini Jr<\/title>\n<meta name=\"robots\" content=\"index, follow, max-snippet:-1, max-image-preview:large, max-video-preview:-1\" \/>\n<link rel=\"canonical\" href=\"https:\/\/www.gaveanews.com\/index.php\/2025\/01\/14\/ex-jogador-do-real-madrid-questiona-atitude-de-vini-jr\/\" \/>\n<meta property=\"og:locale\" content=\"pt_BR\" \/>\n<meta property=\"og:type\" content=\"article\" \/>\n<meta property=\"og:title\" content=\"Ex-jogador do Real Madrid questiona atitude de Vini Jr\" \/>\n<meta property=\"og:description\" content=\"Veja o que ele falou A derrota do Real Madrid para o Barcelona por 5 a 2 na final da Supercopa da Espanha, realizada neste domingo (12), gerou cr\u00edticas \u00e0 equipe merengue. Vinicius J\u00fanior, que vem se destacando no elenco nas \u00faltimas temporadas, foi alvo de coment\u00e1rios do ex-jogador \u00c1lvaro Benito. Benito, que defendeu as [&hellip;]\" \/>\n<meta property=\"og:url\" content=\"https:\/\/www.gaveanews.com\/index.php\/2025\/01\/14\/ex-jogador-do-real-madrid-questiona-atitude-de-vini-jr\/\" \/>\n<meta property=\"og:site_name\" content=\"G\u00e1vea News\" \/>\n<meta property=\"article:publisher\" content=\"https:\/\/facebook.com\/gaveaNews\/\" \/>\n<meta property=\"article:published_time\" content=\"2025-01-14T11:20:00+00:00\" \/>\n<meta property=\"og:image\" content=\"https:\/\/www.gaveanews.com\/wp-content\/uploads\/vini-jr-real-madrid.webp\" \/>\n\t<meta property=\"og:image:width\" content=\"1080\" \/>\n\t<meta property=\"og:image:height\" content=\"607\" \/>\n\t<meta property=\"og:image:type\" content=\"image\/webp\" \/>\n<meta name=\"author\" content=\"D\u00e9bora Figueiredo\" \/>\n<meta name=\"twitter:card\" content=\"summary_large_image\" \/>\n<meta name=\"twitter:label1\" content=\"Escrito por\" \/>\n\t<meta name=\"twitter:data1\" content=\"D\u00e9bora Figueiredo\" \/>\n\t<meta name=\"twitter:label2\" content=\"Est. tempo de leitura\" \/>\n\t<meta name=\"twitter:data2\" content=\"3 minutos\" \/>\n<script type=\"application\/ld+json\" class=\"yoast-schema-graph\">{\"@context\":\"https:\/\/schema.org\",\"@graph\":[{\"@type\":\"NewsArticle\",\"@id\":\"https:\/\/www.gaveanews.com\/index.php\/2025\/01\/14\/ex-jogador-do-real-madrid-questiona-atitude-de-vini-jr\/#article\",\"isPartOf\":{\"@id\":\"https:\/\/www.gaveanews.com\/index.php\/2025\/01\/14\/ex-jogador-do-real-madrid-questiona-atitude-de-vini-jr\/\"},\"author\":{\"name\":\"D\u00e9bora Figueiredo\",\"@id\":\"https:\/\/www.gaveanews.com\/#\/schema\/person\/37122681a8575a5c8db05a56f099a5e4\"},\"headline\":\"Ex-jogador do Real Madrid questiona atitude de Vini Jr\",\"datePublished\":\"2025-01-14T11:20:00+00:00\",\"mainEntityOfPage\":{\"@id\":\"https:\/\/www.gaveanews.com\/index.php\/2025\/01\/14\/ex-jogador-do-real-madrid-questiona-atitude-de-vini-jr\/\"},\"wordCount\":384,\"commentCount\":0,\"image\":{\"@id\":\"https:\/\/www.gaveanews.com\/index.php\/2025\/01\/14\/ex-jogador-do-real-madrid-questiona-atitude-de-vini-jr\/#primaryimage\"},\"thumbnailUrl\":\"https:\/\/www.gaveanews.com\/wp-content\/uploads\/vini-jr-real-madrid.webp\",\"articleSection\":[\"Real Madrid\"],\"inLanguage\":\"pt-BR\",\"potentialAction\":[{\"@type\":\"CommentAction\",\"name\":\"Comment\",\"target\":[\"https:\/\/www.gaveanews.com\/index.php\/2025\/01\/14\/ex-jogador-do-real-madrid-questiona-atitude-de-vini-jr\/#respond\"]}],\"copyrightYear\":\"2025\",\"copyrightHolder\":{\"@id\":\"https:\/\/www.gaveanews.com\/#organization\"}},{\"@type\":\"WebPage\",\"@id\":\"https:\/\/www.gaveanews.com\/index.php\/2025\/01\/14\/ex-jogador-do-real-madrid-questiona-atitude-de-vini-jr\/\",\"url\":\"https:\/\/www.gaveanews.com\/index.php\/2025\/01\/14\/ex-jogador-do-real-madrid-questiona-atitude-de-vini-jr\/\",\"name\":\"Ex-jogador do Real Madrid questiona atitude de Vini Jr\",\"isPartOf\":{\"@id\":\"https:\/\/www.gaveanews.com\/#website\"},\"primaryImageOfPage\":{\"@id\":\"https:\/\/www.gaveanews.com\/index.php\/2025\/01\/14\/ex-jogador-do-real-madrid-questiona-atitude-de-vini-jr\/#primaryimage\"},\"image\":{\"@id\":\"https:\/\/www.gaveanews.com\/index.php\/2025\/01\/14\/ex-jogador-do-real-madrid-questiona-atitude-de-vini-jr\/#primaryimage\"},\"thumbnailUrl\":\"https:\/\/www.gaveanews.com\/wp-content\/uploads\/vini-jr-real-madrid.webp\",\"datePublished\":\"2025-01-14T11:20:00+00:00\",\"author\":{\"@id\":\"https:\/\/www.gaveanews.com\/#\/schema\/person\/37122681a8575a5c8db05a56f099a5e4\"},\"breadcrumb\":{\"@id\":\"https:\/\/www.gaveanews.com\/index.php\/2025\/01\/14\/ex-jogador-do-real-madrid-questiona-atitude-de-vini-jr\/#breadcrumb\"},\"inLanguage\":\"pt-BR\",\"potentialAction\":[{\"@type\":\"ReadAction\",\"target\":[\"https:\/\/www.gaveanews.com\/index.php\/2025\/01\/14\/ex-jogador-do-real-madrid-questiona-atitude-de-vini-jr\/\"]}]},{\"@type\":\"ImageObject\",\"inLanguage\":\"pt-BR\",\"@id\":\"https:\/\/www.gaveanews.com\/index.php\/2025\/01\/14\/ex-jogador-do-real-madrid-questiona-atitude-de-vini-jr\/#primaryimage\",\"url\":\"https:\/\/www.gaveanews.com\/wp-content\/uploads\/vini-jr-real-madrid.webp\",\"contentUrl\":\"https:\/\/www.gaveanews.com\/wp-content\/uploads\/vini-jr-real-madrid.webp\",\"width\":1080,\"height\":607,\"caption\":\"Vini Jr em a\u00e7\u00e3o pelo Real Madrid (Foto: Divulga\u00e7\u00e3o\/Real Madrid)\"},{\"@type\":\"BreadcrumbList\",\"@id\":\"https:\/\/www.gaveanews.com\/index.php\/2025\/01\/14\/ex-jogador-do-real-madrid-questiona-atitude-de-vini-jr\/#breadcrumb\",\"itemListElement\":[{\"@type\":\"ListItem\",\"position\":1,\"name\":\"Home\",\"item\":\"https:\/\/www.gaveanews.com\/\"},{\"@type\":\"ListItem\",\"position\":2,\"name\":\"Ex-jogador do Real Madrid questiona atitude de Vini Jr\"}]},{\"@type\":\"WebSite\",\"@id\":\"https:\/\/www.gaveanews.com\/#website\",\"url\":\"https:\/\/www.gaveanews.com\/\",\"name\":\"G\u00e1vea News\",\"description\":\"Veja todas as not\u00edcias sobre o Flamengo: Contrata\u00e7\u00f5es, categorias de base, resultados das partidas, tabela de classifica\u00e7\u00e3o, pr\u00f3ximos jogos!\",\"potentialAction\":[{\"@type\":\"SearchAction\",\"target\":{\"@type\":\"EntryPoint\",\"urlTemplate\":\"https:\/\/www.gaveanews.com\/?s={search_term_string}\"},\"query-input\":{\"@type\":\"PropertyValueSpecification\",\"valueRequired\":true,\"valueName\":\"search_term_string\"}}],\"inLanguage\":\"pt-BR\"},{\"@type\":\"Person\",\"@id\":\"https:\/\/www.gaveanews.com\/#\/schema\/person\/37122681a8575a5c8db05a56f099a5e4\",\"name\":\"D\u00e9bora Figueiredo\",\"image\":{\"@type\":\"ImageObject\",\"inLanguage\":\"pt-BR\",\"@id\":\"https:\/\/www.gaveanews.com\/#\/schema\/person\/image\/\",\"url\":\"https:\/\/secure.gravatar.com\/avatar\/1f44802859351588499d26f52aed1d15796ce17e67602895b72837c08018868d?s=96&d=mm&r=g\",\"contentUrl\":\"https:\/\/secure.gravatar.com\/avatar\/1f44802859351588499d26f52aed1d15796ce17e67602895b72837c08018868d?s=96&d=mm&r=g\",\"caption\":\"D\u00e9bora Figueiredo\"}}]}<\/script>\n<!-- \/ Yoast SEO Premium plugin. -->","yoast_head_json":{"title":"Ex-jogador do Real Madrid questiona atitude de Vini Jr","robots":{"index":"index","follow":"follow","max-snippet":"max-snippet:-1","max-image-preview":"max-image-preview:large","max-video-preview":"max-video-preview:-1"},"canonical":"https:\/\/www.gaveanews.com\/index.php\/2025\/01\/14\/ex-jogador-do-real-madrid-questiona-atitude-de-vini-jr\/","og_locale":"pt_BR","og_type":"article","og_title":"Ex-jogador do Real Madrid questiona atitude de Vini Jr","og_description":"Veja o que ele falou A derrota do Real Madrid para o Barcelona por 5 a 2 na final da Supercopa da Espanha, realizada neste domingo (12), gerou cr\u00edticas \u00e0 equipe merengue. Vinicius J\u00fanior, que vem se destacando no elenco nas \u00faltimas temporadas, foi alvo de coment\u00e1rios do ex-jogador \u00c1lvaro Benito. Benito, que defendeu as [&hellip;]","og_url":"https:\/\/www.gaveanews.com\/index.php\/2025\/01\/14\/ex-jogador-do-real-madrid-questiona-atitude-de-vini-jr\/","og_site_name":"G\u00e1vea News","article_publisher":"https:\/\/facebook.com\/gaveaNews\/","article_published_time":"2025-01-14T11:20:00+00:00","og_image":[{"width":1080,"height":607,"url":"https:\/\/www.gaveanews.com\/wp-content\/uploads\/vini-jr-real-madrid.webp","type":"image\/webp"}],"author":"D\u00e9bora Figueiredo","twitter_card":"summary_large_image","twitter_misc":{"Escrito por":"D\u00e9bora Figueiredo","Est. tempo de leitura":"3 minutos"},"schema":{"@context":"https:\/\/schema.org","@graph":[{"@type":"NewsArticle","@id":"https:\/\/www.gaveanews.com\/index.php\/2025\/01\/14\/ex-jogador-do-real-madrid-questiona-atitude-de-vini-jr\/#article","isPartOf":{"@id":"https:\/\/www.gaveanews.com\/index.php\/2025\/01\/14\/ex-jogador-do-real-madrid-questiona-atitude-de-vini-jr\/"},"author":{"name":"D\u00e9bora Figueiredo","@id":"https:\/\/www.gaveanews.com\/#\/schema\/person\/37122681a8575a5c8db05a56f099a5e4"},"headline":"Ex-jogador do Real Madrid questiona atitude de Vini Jr","datePublished":"2025-01-14T11:20:00+00:00","mainEntityOfPage":{"@id":"https:\/\/www.gaveanews.com\/index.php\/2025\/01\/14\/ex-jogador-do-real-madrid-questiona-atitude-de-vini-jr\/"},"wordCount":384,"commentCount":0,"image":{"@id":"https:\/\/www.gaveanews.com\/index.php\/2025\/01\/14\/ex-jogador-do-real-madrid-questiona-atitude-de-vini-jr\/#primaryimage"},"thumbnailUrl":"https:\/\/www.gaveanews.com\/wp-content\/uploads\/vini-jr-real-madrid.webp","articleSection":["Real Madrid"],"inLanguage":"pt-BR","potentialAction":[{"@type":"CommentAction","name":"Comment","target":["https:\/\/www.gaveanews.com\/index.php\/2025\/01\/14\/ex-jogador-do-real-madrid-questiona-atitude-de-vini-jr\/#respond"]}],"copyrightYear":"2025","copyrightHolder":{"@id":"https:\/\/www.gaveanews.com\/#organization"}},{"@type":"WebPage","@id":"https:\/\/www.gaveanews.com\/index.php\/2025\/01\/14\/ex-jogador-do-real-madrid-questiona-atitude-de-vini-jr\/","url":"https:\/\/www.gaveanews.com\/index.php\/2025\/01\/14\/ex-jogador-do-real-madrid-questiona-atitude-de-vini-jr\/","name":"Ex-jogador do Real Madrid questiona atitude de Vini Jr","isPartOf":{"@id":"https:\/\/www.gaveanews.com\/#website"},"primaryImageOfPage":{"@id":"https:\/\/www.gaveanews.com\/index.php\/2025\/01\/14\/ex-jogador-do-real-madrid-questiona-atitude-de-vini-jr\/#primaryimage"},"image":{"@id":"https:\/\/www.gaveanews.com\/index.php\/2025\/01\/14\/ex-jogador-do-real-madrid-questiona-atitude-de-vini-jr\/#primaryimage"},"thumbnailUrl":"https:\/\/www.gaveanews.com\/wp-content\/uploads\/vini-jr-real-madrid.webp","datePublished":"2025-01-14T11:20:00+00:00","author":{"@id":"https:\/\/www.gaveanews.com\/#\/schema\/person\/37122681a8575a5c8db05a56f099a5e4"},"breadcrumb":{"@id":"https:\/\/www.gaveanews.com\/index.php\/2025\/01\/14\/ex-jogador-do-real-madrid-questiona-atitude-de-vini-jr\/#breadcrumb"},"inLanguage":"pt-BR","potentialAction":[{"@type":"ReadAction","target":["https:\/\/www.gaveanews.com\/index.php\/2025\/01\/14\/ex-jogador-do-real-madrid-questiona-atitude-de-vini-jr\/"]}]},{"@type":"ImageObject","inLanguage":"pt-BR","@id":"https:\/\/www.gaveanews.com\/index.php\/2025\/01\/14\/ex-jogador-do-real-madrid-questiona-atitude-de-vini-jr\/#primaryimage","url":"https:\/\/www.gaveanews.com\/wp-content\/uploads\/vini-jr-real-madrid.webp","contentUrl":"https:\/\/www.gaveanews.com\/wp-content\/uploads\/vini-jr-real-madrid.webp","width":1080,"height":607,"caption":"Vini Jr em a\u00e7\u00e3o pelo Real Madrid (Foto: Divulga\u00e7\u00e3o\/Real Madrid)"},{"@type":"BreadcrumbList","@id":"https:\/\/www.gaveanews.com\/index.php\/2025\/01\/14\/ex-jogador-do-real-madrid-questiona-atitude-de-vini-jr\/#breadcrumb","itemListElement":[{"@type":"ListItem","position":1,"name":"Home","item":"https:\/\/www.gaveanews.com\/"},{"@type":"ListItem","position":2,"name":"Ex-jogador do Real Madrid questiona atitude de Vini Jr"}]},{"@type":"WebSite","@id":"https:\/\/www.gaveanews.com\/#website","url":"https:\/\/www.gaveanews.com\/","name":"G\u00e1vea News","description":"Veja todas as not\u00edcias sobre o Flamengo: Contrata\u00e7\u00f5es, categorias de base, resultados das partidas, tabela de classifica\u00e7\u00e3o, pr\u00f3ximos jogos!","potentialAction":[{"@type":"SearchAction","target":{"@type":"EntryPoint","urlTemplate":"https:\/\/www.gaveanews.com\/?s={search_term_string}"},"query-input":{"@type":"PropertyValueSpecification","valueRequired":true,"valueName":"search_term_string"}}],"inLanguage":"pt-BR"},{"@type":"Person","@id":"https:\/\/www.gaveanews.com\/#\/schema\/person\/37122681a8575a5c8db05a56f099a5e4","name":"D\u00e9bora Figueiredo","image":{"@type":"ImageObject","inLanguage":"pt-BR","@id":"https:\/\/www.gaveanews.com\/#\/schema\/person\/image\/","url":"https:\/\/secure.gravatar.com\/avatar\/1f44802859351588499d26f52aed1d15796ce17e67602895b72837c08018868d?s=96&d=mm&r=g","contentUrl":"https:\/\/secure.gravatar.com\/avatar\/1f44802859351588499d26f52aed1d15796ce17e67602895b72837c08018868d?s=96&d=mm&r=g","caption":"D\u00e9bora Figueiredo"}}]}},"_links":{"self":[{"href":"https:\/\/www.gaveanews.com\/index.php\/wp-json\/wp\/v2\/posts\/212077","targetHints":{"allow":["GET"]}}],"collection":[{"href":"https:\/\/www.gaveanews.com\/index.php\/wp-json\/wp\/v2\/posts"}],"about":[{"href":"https:\/\/www.gaveanews.com\/index.php\/wp-json\/wp\/v2\/types\/post"}],"author":[{"embeddable":true,"href":"https:\/\/www.gaveanews.com\/index.php\/wp-json\/wp\/v2\/users\/16"}],"replies":[{"embeddable":true,"href":"https:\/\/www.gaveanews.com\/index.php\/wp-json\/wp\/v2\/comments?post=212077"}],"version-history":[{"count":1,"href":"https:\/\/www.gaveanews.com\/index.php\/wp-json\/wp\/v2\/posts\/212077\/revisions"}],"predecessor-version":[{"id":212079,"href":"https:\/\/www.gaveanews.com\/index.php\/wp-json\/wp\/v2\/posts\/212077\/revisions\/212079"}],"wp:featuredmedia":[{"embeddable":true,"href":"https:\/\/www.gaveanews.com\/index.php\/wp-json\/wp\/v2\/media\/109282"}],"wp:attachment":[{"href":"https:\/\/www.gaveanews.com\/index.php\/wp-json\/wp\/v2\/media?parent=212077"}],"wp:term":[{"taxonomy":"category","embeddable":true,"href":"https:\/\/www.gaveanews.com\/index.php\/wp-json\/wp\/v2\/categories?post=212077"},{"taxonomy":"post_tag","embeddable":true,"href":"https:\/\/www.gaveanews.com\/index.php\/wp-json\/wp\/v2\/tags?post=212077"}],"curies":[{"name":"wp","href":"https:\/\/api.w.org\/{rel}","templated":true}]}}