{"id":212101,"date":"2025-01-14T07:55:00","date_gmt":"2025-01-14T10:55:00","guid":{"rendered":"https:\/\/www.gaveanews.com\/?p=212101"},"modified":"2025-01-14T02:06:52","modified_gmt":"2025-01-14T05:06:52","slug":"gremio-a-declaracao-de-neto-direcionada-a-quinteros","status":"publish","type":"post","link":"https:\/\/www.gaveanews.com\/index.php\/2025\/01\/14\/gremio-a-declaracao-de-neto-direcionada-a-quinteros\/","title":{"rendered":"Gr\u00eamio: a declara\u00e7\u00e3o de Neto direcionada a Quinteros"},"content":{"rendered":"\n<h2 class=\"wp-block-heading\" id=\"h-e-um-treinador-muito-bom-falou-o-apresentador\">\u201c\u00c9 um treinador muito bom&#8221;, falou o apresentador<\/h2>\n\n\n\n<p>O apresentador do programa \u201cOs Donos da Bola\u201d, Craque Neto, disse que o Gr\u00eamio pode ser um time que possa surpreender a todos na temporada de 2025. Neto rasgou elogios ao novo t\u00e9cnico do Imortal, \u00a0Gustavo Quinteros, que chegou esse m\u00eas. <\/p>\n\n\n\n<ul class=\"wp-block-list\">\n<li><a href=\"https:\/\/www.gaveanews.com\/index.php\/2025\/01\/13\/gremio-concorrencia-do-santos-dificulta-contratacao-de-atacante\/\">Gr\u00eamio: concorr\u00eancia do Santos dificulta contrata\u00e7\u00e3o de atacante<\/a><\/li>\n\n\n\n<li><a href=\"https:\/\/www.gaveanews.com\/index.php\/2025\/01\/11\/alexander-aravena-cristian-pavon-franco-cristaldo-joao-pedro-martin-braithwaite-mathias-villasanti-matias-arezo-miguel-monsalve-nathan-fernandes-e-pepe-os-jogadores-mais-valiosos-do-gremio\/\">Alexander Aravena, Cristian Pav\u00f3n, Franco Cristaldo, Jo\u00e3o Pedro, Martin Braithwaite, Mathias Villasanti, Mat\u00edas Arezo, Miguel Monsalve, Nathan Fernandes e Pep\u00ea: os jogadores mais valiosos do Gr\u00eamio<\/a><\/li>\n<\/ul>\n\n\n\n<p>\u201c\u00c9 um treinador muito bom e que tem a ideia do que \u00e9 o Gr\u00eamio. \u00c9 um clube fant\u00e1stico. Agora \u00e9 vida nova para o Gr\u00eamio. Com o Quinteros, vai ser um time forte e r\u00e1pido. Vai ser outro Gr\u00eamio com estilo t\u00e1tico diferente. Quinteros \u00e9 um baita de um treinador\u201d, falou Craque Neto. <\/p>\n\n\n\n<p>Ap\u00f3s uma temporada bastante fraca e o risco de rebaixamento, o Gr\u00eamio optou pela demiss\u00e3o de Renato Ga\u00facho assim que o Brasileir\u00e3o de 2024 se encerrou. O Imortal foi ao mercado e sondou alguns treinadores e ficou pr\u00f3ximo de Pedro Caixinha, mas ap\u00f3s a negocia\u00e7\u00e3o n\u00e3o se concretizar, Gustavo Quinteros fechou acordo. <\/p>\n\n\n\n<p>O Gr\u00eamio inclusive realizou um jogo-treino contra o S\u00e3o Jos\u00e9 nesta segunda-feira (13) e venceu pelo placar de 2 a 1. Gustavo Martins marcou um, enquanto o outro foi contra. Na atividade, foram tr\u00eas tempos de 30 minutos e 24 jogadores utilizados. <\/p>\n\n\n\n<p>Gustavo Quinteros escalou a equipe titular desta forma:\u00a0Gabriel Grando; Jo\u00e3o Pedro, Rodrigo Ely, Jemerson e Mayk; Dodi e Villasanti; Aravena, Cristaldo e Pavon; Braithwaite.<strong>\u00a0<\/strong>Na metade da segunda etapa, Quinteros trocou praticamente todo o time, deixando apenas Grando. <\/p>\n\n\n\n<p>Entraram: Jo\u00e3o Lucas, Gustavo Martins, Nat\u00e3 e Pedro Gabriel; Edenilson, Pep\u00ea, Monsalve, Gabriel Silva e Nathan Pescador; Arezzo. No \u00faltimo tempo, entraram o\u00a0zagueiro Viery, o atacante Andr\u00e9 Henrique e o goleiro Thiago Beltrame. <\/p>\n\n\n\n<p>Para a temporada de 2025, o Gr\u00eamio at\u00e9 este momento anunciou apenas a contrata\u00e7\u00e3o do lateral-direito Jo\u00e3o Lucas, que estava no Juventude. Vale ressaltar que a situa\u00e7\u00e3o financeira do Imortal n\u00e3o \u00e9 das melhores. Ainda sim, o clube ga\u00facho est\u00e1 no mercado em busca de novos jogadores. <\/p>\n","protected":false},"excerpt":{"rendered":"<p>\u201c\u00c9 um treinador muito bom&#8221;, falou o apresentador O apresentador do programa \u201cOs Donos da Bola\u201d, Craque Neto, disse que o Gr\u00eamio pode ser um time que possa surpreender a todos na temporada de 2025. Neto rasgou elogios ao novo t\u00e9cnico do Imortal, \u00a0Gustavo Quinteros, que chegou esse m\u00eas. \u201c\u00c9 um treinador muito bom e [&hellip;]<\/p>\n","protected":false},"author":21,"featured_media":208932,"comment_status":"open","ping_status":"closed","sticky":false,"template":"","format":"standard","meta":{"footnotes":""},"categories":[147],"tags":[],"class_list":["post-212101","post","type-post","status-publish","format-standard","has-post-thumbnail","hentry","category-gremio"],"yoast_head":"<!-- This site is optimized with the Yoast SEO Premium plugin v24.2 (Yoast SEO v26.9) - https:\/\/yoast.com\/product\/yoast-seo-premium-wordpress\/ -->\n<title>Gr\u00eamio: a declara\u00e7\u00e3o de Neto direcionada a Quinteros<\/title>\n<meta name=\"robots\" content=\"index, follow, max-snippet:-1, max-image-preview:large, max-video-preview:-1\" \/>\n<link rel=\"canonical\" href=\"https:\/\/www.gaveanews.com\/index.php\/2025\/01\/14\/gremio-a-declaracao-de-neto-direcionada-a-quinteros\/\" \/>\n<meta property=\"og:locale\" content=\"pt_BR\" \/>\n<meta property=\"og:type\" content=\"article\" \/>\n<meta property=\"og:title\" content=\"Gr\u00eamio: a declara\u00e7\u00e3o de Neto direcionada a Quinteros\" \/>\n<meta property=\"og:description\" content=\"\u201c\u00c9 um treinador muito bom&#8221;, falou o apresentador O apresentador do programa \u201cOs Donos da Bola\u201d, Craque Neto, disse que o Gr\u00eamio pode ser um time que possa surpreender a todos na temporada de 2025. Neto rasgou elogios ao novo t\u00e9cnico do Imortal, \u00a0Gustavo Quinteros, que chegou esse m\u00eas. \u201c\u00c9 um treinador muito bom e [&hellip;]\" \/>\n<meta property=\"og:url\" content=\"https:\/\/www.gaveanews.com\/index.php\/2025\/01\/14\/gremio-a-declaracao-de-neto-direcionada-a-quinteros\/\" \/>\n<meta property=\"og:site_name\" content=\"G\u00e1vea News\" \/>\n<meta property=\"article:publisher\" content=\"https:\/\/facebook.com\/gaveaNews\/\" \/>\n<meta property=\"article:published_time\" content=\"2025-01-14T10:55:00+00:00\" \/>\n<meta property=\"og:image\" content=\"https:\/\/www.gaveanews.com\/wp-content\/uploads\/Quinteros-posa-para-foto-no-estadio-do-Gremio.webp\" \/>\n\t<meta property=\"og:image:width\" content=\"1024\" \/>\n\t<meta property=\"og:image:height\" content=\"576\" \/>\n\t<meta property=\"og:image:type\" content=\"image\/webp\" \/>\n<meta name=\"author\" content=\"Andr\u00e9 Serra\" \/>\n<meta name=\"twitter:card\" content=\"summary_large_image\" \/>\n<meta name=\"twitter:label1\" content=\"Escrito por\" \/>\n\t<meta name=\"twitter:data1\" content=\"Andr\u00e9 Serra\" \/>\n\t<meta name=\"twitter:label2\" content=\"Est. tempo de leitura\" \/>\n\t<meta name=\"twitter:data2\" content=\"3 minutos\" \/>\n<script type=\"application\/ld+json\" class=\"yoast-schema-graph\">{\"@context\":\"https:\/\/schema.org\",\"@graph\":[{\"@type\":\"NewsArticle\",\"@id\":\"https:\/\/www.gaveanews.com\/index.php\/2025\/01\/14\/gremio-a-declaracao-de-neto-direcionada-a-quinteros\/#article\",\"isPartOf\":{\"@id\":\"https:\/\/www.gaveanews.com\/index.php\/2025\/01\/14\/gremio-a-declaracao-de-neto-direcionada-a-quinteros\/\"},\"author\":{\"name\":\"Andr\u00e9 Serra\",\"@id\":\"https:\/\/www.gaveanews.com\/#\/schema\/person\/0277a79a1289c451c281ec0411d84f0c\"},\"headline\":\"Gr\u00eamio: a declara\u00e7\u00e3o de Neto direcionada a Quinteros\",\"datePublished\":\"2025-01-14T10:55:00+00:00\",\"mainEntityOfPage\":{\"@id\":\"https:\/\/www.gaveanews.com\/index.php\/2025\/01\/14\/gremio-a-declaracao-de-neto-direcionada-a-quinteros\/\"},\"wordCount\":382,\"commentCount\":0,\"image\":{\"@id\":\"https:\/\/www.gaveanews.com\/index.php\/2025\/01\/14\/gremio-a-declaracao-de-neto-direcionada-a-quinteros\/#primaryimage\"},\"thumbnailUrl\":\"https:\/\/www.gaveanews.com\/wp-content\/uploads\/Quinteros-posa-para-foto-no-estadio-do-Gremio.webp\",\"articleSection\":[\"Gr\u00eamio\"],\"inLanguage\":\"pt-BR\",\"potentialAction\":[{\"@type\":\"CommentAction\",\"name\":\"Comment\",\"target\":[\"https:\/\/www.gaveanews.com\/index.php\/2025\/01\/14\/gremio-a-declaracao-de-neto-direcionada-a-quinteros\/#respond\"]}],\"copyrightYear\":\"2025\",\"copyrightHolder\":{\"@id\":\"https:\/\/www.gaveanews.com\/#organization\"}},{\"@type\":\"WebPage\",\"@id\":\"https:\/\/www.gaveanews.com\/index.php\/2025\/01\/14\/gremio-a-declaracao-de-neto-direcionada-a-quinteros\/\",\"url\":\"https:\/\/www.gaveanews.com\/index.php\/2025\/01\/14\/gremio-a-declaracao-de-neto-direcionada-a-quinteros\/\",\"name\":\"Gr\u00eamio: a declara\u00e7\u00e3o de Neto direcionada a Quinteros\",\"isPartOf\":{\"@id\":\"https:\/\/www.gaveanews.com\/#website\"},\"primaryImageOfPage\":{\"@id\":\"https:\/\/www.gaveanews.com\/index.php\/2025\/01\/14\/gremio-a-declaracao-de-neto-direcionada-a-quinteros\/#primaryimage\"},\"image\":{\"@id\":\"https:\/\/www.gaveanews.com\/index.php\/2025\/01\/14\/gremio-a-declaracao-de-neto-direcionada-a-quinteros\/#primaryimage\"},\"thumbnailUrl\":\"https:\/\/www.gaveanews.com\/wp-content\/uploads\/Quinteros-posa-para-foto-no-estadio-do-Gremio.webp\",\"datePublished\":\"2025-01-14T10:55:00+00:00\",\"author\":{\"@id\":\"https:\/\/www.gaveanews.com\/#\/schema\/person\/0277a79a1289c451c281ec0411d84f0c\"},\"breadcrumb\":{\"@id\":\"https:\/\/www.gaveanews.com\/index.php\/2025\/01\/14\/gremio-a-declaracao-de-neto-direcionada-a-quinteros\/#breadcrumb\"},\"inLanguage\":\"pt-BR\",\"potentialAction\":[{\"@type\":\"ReadAction\",\"target\":[\"https:\/\/www.gaveanews.com\/index.php\/2025\/01\/14\/gremio-a-declaracao-de-neto-direcionada-a-quinteros\/\"]}]},{\"@type\":\"ImageObject\",\"inLanguage\":\"pt-BR\",\"@id\":\"https:\/\/www.gaveanews.com\/index.php\/2025\/01\/14\/gremio-a-declaracao-de-neto-direcionada-a-quinteros\/#primaryimage\",\"url\":\"https:\/\/www.gaveanews.com\/wp-content\/uploads\/Quinteros-posa-para-foto-no-estadio-do-Gremio.webp\",\"contentUrl\":\"https:\/\/www.gaveanews.com\/wp-content\/uploads\/Quinteros-posa-para-foto-no-estadio-do-Gremio.webp\",\"width\":1024,\"height\":576,\"caption\":\"Quinteros posa para foto no est\u00e1dio do Gr\u00eamio (Foto: Lucas Uebel\/Gr\u00eamio)\"},{\"@type\":\"BreadcrumbList\",\"@id\":\"https:\/\/www.gaveanews.com\/index.php\/2025\/01\/14\/gremio-a-declaracao-de-neto-direcionada-a-quinteros\/#breadcrumb\",\"itemListElement\":[{\"@type\":\"ListItem\",\"position\":1,\"name\":\"Home\",\"item\":\"https:\/\/www.gaveanews.com\/\"},{\"@type\":\"ListItem\",\"position\":2,\"name\":\"Gr\u00eamio: a declara\u00e7\u00e3o de Neto direcionada a Quinteros\"}]},{\"@type\":\"WebSite\",\"@id\":\"https:\/\/www.gaveanews.com\/#website\",\"url\":\"https:\/\/www.gaveanews.com\/\",\"name\":\"G\u00e1vea News\",\"description\":\"Veja todas as not\u00edcias sobre o Flamengo: Contrata\u00e7\u00f5es, categorias de base, resultados das partidas, tabela de classifica\u00e7\u00e3o, pr\u00f3ximos jogos!\",\"potentialAction\":[{\"@type\":\"SearchAction\",\"target\":{\"@type\":\"EntryPoint\",\"urlTemplate\":\"https:\/\/www.gaveanews.com\/?s={search_term_string}\"},\"query-input\":{\"@type\":\"PropertyValueSpecification\",\"valueRequired\":true,\"valueName\":\"search_term_string\"}}],\"inLanguage\":\"pt-BR\"},{\"@type\":\"Person\",\"@id\":\"https:\/\/www.gaveanews.com\/#\/schema\/person\/0277a79a1289c451c281ec0411d84f0c\",\"name\":\"Andr\u00e9 Serra\",\"image\":{\"@type\":\"ImageObject\",\"inLanguage\":\"pt-BR\",\"@id\":\"https:\/\/www.gaveanews.com\/#\/schema\/person\/image\/\",\"url\":\"https:\/\/secure.gravatar.com\/avatar\/d7231369fe48db93292b3e88eb2162dbd9a34a47a8437d9ef3bcaca2a86a83d7?s=96&d=mm&r=g\",\"contentUrl\":\"https:\/\/secure.gravatar.com\/avatar\/d7231369fe48db93292b3e88eb2162dbd9a34a47a8437d9ef3bcaca2a86a83d7?s=96&d=mm&r=g\",\"caption\":\"Andr\u00e9 Serra\"}}]}<\/script>\n<!-- \/ Yoast SEO Premium plugin. -->","yoast_head_json":{"title":"Gr\u00eamio: a declara\u00e7\u00e3o de Neto direcionada a Quinteros","robots":{"index":"index","follow":"follow","max-snippet":"max-snippet:-1","max-image-preview":"max-image-preview:large","max-video-preview":"max-video-preview:-1"},"canonical":"https:\/\/www.gaveanews.com\/index.php\/2025\/01\/14\/gremio-a-declaracao-de-neto-direcionada-a-quinteros\/","og_locale":"pt_BR","og_type":"article","og_title":"Gr\u00eamio: a declara\u00e7\u00e3o de Neto direcionada a Quinteros","og_description":"\u201c\u00c9 um treinador muito bom&#8221;, falou o apresentador O apresentador do programa \u201cOs Donos da Bola\u201d, Craque Neto, disse que o Gr\u00eamio pode ser um time que possa surpreender a todos na temporada de 2025. Neto rasgou elogios ao novo t\u00e9cnico do Imortal, \u00a0Gustavo Quinteros, que chegou esse m\u00eas. \u201c\u00c9 um treinador muito bom e [&hellip;]","og_url":"https:\/\/www.gaveanews.com\/index.php\/2025\/01\/14\/gremio-a-declaracao-de-neto-direcionada-a-quinteros\/","og_site_name":"G\u00e1vea News","article_publisher":"https:\/\/facebook.com\/gaveaNews\/","article_published_time":"2025-01-14T10:55:00+00:00","og_image":[{"width":1024,"height":576,"url":"https:\/\/www.gaveanews.com\/wp-content\/uploads\/Quinteros-posa-para-foto-no-estadio-do-Gremio.webp","type":"image\/webp"}],"author":"Andr\u00e9 Serra","twitter_card":"summary_large_image","twitter_misc":{"Escrito por":"Andr\u00e9 Serra","Est. tempo de leitura":"3 minutos"},"schema":{"@context":"https:\/\/schema.org","@graph":[{"@type":"NewsArticle","@id":"https:\/\/www.gaveanews.com\/index.php\/2025\/01\/14\/gremio-a-declaracao-de-neto-direcionada-a-quinteros\/#article","isPartOf":{"@id":"https:\/\/www.gaveanews.com\/index.php\/2025\/01\/14\/gremio-a-declaracao-de-neto-direcionada-a-quinteros\/"},"author":{"name":"Andr\u00e9 Serra","@id":"https:\/\/www.gaveanews.com\/#\/schema\/person\/0277a79a1289c451c281ec0411d84f0c"},"headline":"Gr\u00eamio: a declara\u00e7\u00e3o de Neto direcionada a Quinteros","datePublished":"2025-01-14T10:55:00+00:00","mainEntityOfPage":{"@id":"https:\/\/www.gaveanews.com\/index.php\/2025\/01\/14\/gremio-a-declaracao-de-neto-direcionada-a-quinteros\/"},"wordCount":382,"commentCount":0,"image":{"@id":"https:\/\/www.gaveanews.com\/index.php\/2025\/01\/14\/gremio-a-declaracao-de-neto-direcionada-a-quinteros\/#primaryimage"},"thumbnailUrl":"https:\/\/www.gaveanews.com\/wp-content\/uploads\/Quinteros-posa-para-foto-no-estadio-do-Gremio.webp","articleSection":["Gr\u00eamio"],"inLanguage":"pt-BR","potentialAction":[{"@type":"CommentAction","name":"Comment","target":["https:\/\/www.gaveanews.com\/index.php\/2025\/01\/14\/gremio-a-declaracao-de-neto-direcionada-a-quinteros\/#respond"]}],"copyrightYear":"2025","copyrightHolder":{"@id":"https:\/\/www.gaveanews.com\/#organization"}},{"@type":"WebPage","@id":"https:\/\/www.gaveanews.com\/index.php\/2025\/01\/14\/gremio-a-declaracao-de-neto-direcionada-a-quinteros\/","url":"https:\/\/www.gaveanews.com\/index.php\/2025\/01\/14\/gremio-a-declaracao-de-neto-direcionada-a-quinteros\/","name":"Gr\u00eamio: a declara\u00e7\u00e3o de Neto direcionada a Quinteros","isPartOf":{"@id":"https:\/\/www.gaveanews.com\/#website"},"primaryImageOfPage":{"@id":"https:\/\/www.gaveanews.com\/index.php\/2025\/01\/14\/gremio-a-declaracao-de-neto-direcionada-a-quinteros\/#primaryimage"},"image":{"@id":"https:\/\/www.gaveanews.com\/index.php\/2025\/01\/14\/gremio-a-declaracao-de-neto-direcionada-a-quinteros\/#primaryimage"},"thumbnailUrl":"https:\/\/www.gaveanews.com\/wp-content\/uploads\/Quinteros-posa-para-foto-no-estadio-do-Gremio.webp","datePublished":"2025-01-14T10:55:00+00:00","author":{"@id":"https:\/\/www.gaveanews.com\/#\/schema\/person\/0277a79a1289c451c281ec0411d84f0c"},"breadcrumb":{"@id":"https:\/\/www.gaveanews.com\/index.php\/2025\/01\/14\/gremio-a-declaracao-de-neto-direcionada-a-quinteros\/#breadcrumb"},"inLanguage":"pt-BR","potentialAction":[{"@type":"ReadAction","target":["https:\/\/www.gaveanews.com\/index.php\/2025\/01\/14\/gremio-a-declaracao-de-neto-direcionada-a-quinteros\/"]}]},{"@type":"ImageObject","inLanguage":"pt-BR","@id":"https:\/\/www.gaveanews.com\/index.php\/2025\/01\/14\/gremio-a-declaracao-de-neto-direcionada-a-quinteros\/#primaryimage","url":"https:\/\/www.gaveanews.com\/wp-content\/uploads\/Quinteros-posa-para-foto-no-estadio-do-Gremio.webp","contentUrl":"https:\/\/www.gaveanews.com\/wp-content\/uploads\/Quinteros-posa-para-foto-no-estadio-do-Gremio.webp","width":1024,"height":576,"caption":"Quinteros posa para foto no est\u00e1dio do Gr\u00eamio (Foto: Lucas Uebel\/Gr\u00eamio)"},{"@type":"BreadcrumbList","@id":"https:\/\/www.gaveanews.com\/index.php\/2025\/01\/14\/gremio-a-declaracao-de-neto-direcionada-a-quinteros\/#breadcrumb","itemListElement":[{"@type":"ListItem","position":1,"name":"Home","item":"https:\/\/www.gaveanews.com\/"},{"@type":"ListItem","position":2,"name":"Gr\u00eamio: a declara\u00e7\u00e3o de Neto direcionada a Quinteros"}]},{"@type":"WebSite","@id":"https:\/\/www.gaveanews.com\/#website","url":"https:\/\/www.gaveanews.com\/","name":"G\u00e1vea News","description":"Veja todas as not\u00edcias sobre o Flamengo: Contrata\u00e7\u00f5es, categorias de base, resultados das partidas, tabela de classifica\u00e7\u00e3o, pr\u00f3ximos jogos!","potentialAction":[{"@type":"SearchAction","target":{"@type":"EntryPoint","urlTemplate":"https:\/\/www.gaveanews.com\/?s={search_term_string}"},"query-input":{"@type":"PropertyValueSpecification","valueRequired":true,"valueName":"search_term_string"}}],"inLanguage":"pt-BR"},{"@type":"Person","@id":"https:\/\/www.gaveanews.com\/#\/schema\/person\/0277a79a1289c451c281ec0411d84f0c","name":"Andr\u00e9 Serra","image":{"@type":"ImageObject","inLanguage":"pt-BR","@id":"https:\/\/www.gaveanews.com\/#\/schema\/person\/image\/","url":"https:\/\/secure.gravatar.com\/avatar\/d7231369fe48db93292b3e88eb2162dbd9a34a47a8437d9ef3bcaca2a86a83d7?s=96&d=mm&r=g","contentUrl":"https:\/\/secure.gravatar.com\/avatar\/d7231369fe48db93292b3e88eb2162dbd9a34a47a8437d9ef3bcaca2a86a83d7?s=96&d=mm&r=g","caption":"Andr\u00e9 Serra"}}]}},"_links":{"self":[{"href":"https:\/\/www.gaveanews.com\/index.php\/wp-json\/wp\/v2\/posts\/212101","targetHints":{"allow":["GET"]}}],"collection":[{"href":"https:\/\/www.gaveanews.com\/index.php\/wp-json\/wp\/v2\/posts"}],"about":[{"href":"https:\/\/www.gaveanews.com\/index.php\/wp-json\/wp\/v2\/types\/post"}],"author":[{"embeddable":true,"href":"https:\/\/www.gaveanews.com\/index.php\/wp-json\/wp\/v2\/users\/21"}],"replies":[{"embeddable":true,"href":"https:\/\/www.gaveanews.com\/index.php\/wp-json\/wp\/v2\/comments?post=212101"}],"version-history":[{"count":1,"href":"https:\/\/www.gaveanews.com\/index.php\/wp-json\/wp\/v2\/posts\/212101\/revisions"}],"predecessor-version":[{"id":212113,"href":"https:\/\/www.gaveanews.com\/index.php\/wp-json\/wp\/v2\/posts\/212101\/revisions\/212113"}],"wp:featuredmedia":[{"embeddable":true,"href":"https:\/\/www.gaveanews.com\/index.php\/wp-json\/wp\/v2\/media\/208932"}],"wp:attachment":[{"href":"https:\/\/www.gaveanews.com\/index.php\/wp-json\/wp\/v2\/media?parent=212101"}],"wp:term":[{"taxonomy":"category","embeddable":true,"href":"https:\/\/www.gaveanews.com\/index.php\/wp-json\/wp\/v2\/categories?post=212101"},{"taxonomy":"post_tag","embeddable":true,"href":"https:\/\/www.gaveanews.com\/index.php\/wp-json\/wp\/v2\/tags?post=212101"}],"curies":[{"name":"wp","href":"https:\/\/api.w.org\/{rel}","templated":true}]}}