{"id":212105,"date":"2025-01-14T08:40:00","date_gmt":"2025-01-14T11:40:00","guid":{"rendered":"https:\/\/www.gaveanews.com\/?p=212105"},"modified":"2025-01-14T02:35:25","modified_gmt":"2025-01-14T05:35:25","slug":"palmeiras-x-portuguesa-vidente-crava-resultado","status":"publish","type":"post","link":"https:\/\/www.gaveanews.com\/index.php\/2025\/01\/14\/palmeiras-x-portuguesa-vidente-crava-resultado\/","title":{"rendered":"Palmeiras x Portuguesa: vidente crava resultado"},"content":{"rendered":"\n<h2 class=\"wp-block-heading\" id=\"h-quem-sera-que-vence-esse-duelo\">Quem ser\u00e1 que vence esse duelo?<\/h2>\n\n\n\n<p>Na noite desta quarta-feira (15), o Palmeiras enfrenta a Portuguesa-SP no Allianz Parque, em S\u00e3o Paulo, pela primeira rodada da fase de grupos do Campeonato Paulista de 2025. O Tricolor Paulista, atual tricampe\u00e3o, entra no Estadual com o objetivo de iniciar o ano com o p\u00e9 direito e deixar uma boa impress\u00e3o no come\u00e7o da corrida pelo Tetra.<\/p>\n\n\n\n<blockquote class=\"wp-block-quote is-layout-flow wp-block-quote-is-layout-flow\">\n<ul class=\"wp-block-list\">\n<li><a href=\"https:\/\/www.gaveanews.com\/index.php\/2025\/01\/13\/palmeiras-vai-com-tudo-para-fechar-contratacao-de-andreas-pereira\/\">Palmeiras vai com tudo para fechar contrata\u00e7\u00e3o de Andreas Pereira<\/a><\/li>\n\n\n\n<li><a href=\"https:\/\/www.gaveanews.com\/index.php\/2025\/01\/13\/palmeiras-a-declaracao-de-leila-pereira-direcionada-a-rony-e-dudu\/\">Palmeiras: a declara\u00e7\u00e3o de Leila Pereira direcionada a Rony e Dudu<\/a><\/li>\n<\/ul>\n<\/blockquote>\n\n\n\n<p>Por outro lado, a Lusa est\u00e1 ciente de que enfrentar\u00e1 um oponente de alto n\u00edvel, mas se esfor\u00e7a para surpreender. Em seguida, sem mais delongas, confira todas as informa\u00e7\u00f5es sobre este confronto.<\/p>\n\n\n\n<p>Palmeiras e Portuguesa-SP possuem uma rivalidade hist\u00f3rica e j\u00e1 se defrontaram em 224 partidas, de acordo com informa\u00e7\u00f5es do site Ogol. O Verd\u00e3o lidera com 106 triunfos sobre o advers\u00e1rio. A Lusa conquistou 52 vit\u00f3rias neste embate. Outros 66 jogos terminaram empatados.<\/p>\n\n\n\n<h2 class=\"wp-block-heading\" id=\"h-onde-assistir-palmeiras-x-portuguesa-sp\">Onde assistir Palmeiras x Portuguesa-SP?<\/h2>\n\n\n\n<p>A Record TV (TV aberta) anuncia transmiss\u00e3o de Palmeiras x Portuguesa, pela 1\u00aa rodada do Paulist\u00e3o 2025, nesta quarta-feira, 15, a partir das 21h35 (de Bras\u00edlia).<\/p>\n\n\n\n<h2 class=\"wp-block-heading\" id=\"h-como-chegam-os-times-para-esse-duelo\">Como chegam os times para esse duelo?<\/h2>\n\n\n\n<p>Neste meio de semana, o Palmeiras faz sua estreia na temporada. Depois de um 2024 abaixo do esperado, o Alviverde Paulista trabalha para um ano repleto de vit\u00f3rias e almeja iniciar o Estadual j\u00e1 com um bom desempenho. Por essa raz\u00e3o, o treinador Abel Ferreira planeja poupar energias. Apenas Facundo Torres est\u00e1 dispon\u00edvel entre os rec\u00e9m-chegados. Paulinho est\u00e1 se recuperando de uma quest\u00e3o f\u00edsica e, assim como Bruno Rodrigues, \u00e9 uma baixa certa. Piquerez e Z\u00e9 Rafael s\u00e3o citados como incerteza.<\/p>\n\n\n\n<p>Prov\u00e1vel escala\u00e7\u00e3o do Palmeiras: <strong>Weverton; Giay, Gustavo G\u00f3mez, Murilo e Vanderlan; An\u00edbal Moreno, Richard R\u00edos e Raphael Veiga; Est\u00eav\u00e3o, Maur\u00edcio (Torres) e L\u00f3pez.<\/strong><\/p>\n\n\n\n<p>A Portuguesa refor\u00e7ou-se para come\u00e7ar o Paulist\u00e3o e espera manter uma equipe competitiva durante toda a competi\u00e7\u00e3o. O time ainda n\u00e3o formalizou a regulariza\u00e7\u00e3o de todos os novos jogadores, mas est\u00e1 empenhado em ter todos \u00e0 disposi\u00e7\u00e3o. O treinador Cauan de Almeida j\u00e1 est\u00e1 empenhado nos ajustes finais antes do confronto no Allianz Parque. \u00c9 importante destacar que o clube contratou Henrique Almeida, ex-jogador de S\u00e3o Paulo, Botafogo e outros clubes, al\u00e9m de alguns veteranos do futebol do Brasil.<\/p>\n\n\n\n<p>Prov\u00e1vel escala\u00e7\u00e3o do Portuguesa-SP: <strong>Rafael Pascoal; Ben-Hur (Silva), Portela (Biazus), Maur\u00edcio, Hip\u00f3lito; Fernando Henrique, Elvis, Daniel Jr, Iago Dias, Henrique Almeida e Anderson Magr\u00e3o.<\/strong><\/p>\n\n\n\n<p>Sendo o primeiro jogo da temporada o vidente Luiz Filho do Canal Renascer das Cartas fez a previs\u00e3o sobre o duelo pra ele o Verd\u00e3o vem postura diferente com os novos treinamentos, apesar de ter bons momentos no duelo vai oscilar em alguns momentos tamb\u00e9m que pode pecar na partida , mas o t\u00e9cnico Abel vai ajeitando ao longo do duelo, j\u00e1 o Portuguesa vai jogar no contra ataque pois sabe da for\u00e7a do advers\u00e1rio para o tar\u00f3logo a partida terminar\u00e1 empatada.<\/p>\n\n\n\n<figure class=\"wp-block-embed is-type-video is-provider-youtube wp-block-embed-youtube wp-embed-aspect-16-9 wp-has-aspect-ratio\"><div class=\"wp-block-embed__wrapper\">\n<iframe loading=\"lazy\" title=\"Previs\u00e3o do jogo Palmeiras X Portuguesa-SP\" width=\"640\" height=\"360\" src=\"https:\/\/www.youtube.com\/embed\/8b4xN1ROkjc?feature=oembed\" frameborder=\"0\" allow=\"accelerometer; autoplay; clipboard-write; encrypted-media; gyroscope; picture-in-picture; web-share\" referrerpolicy=\"strict-origin-when-cross-origin\" allowfullscreen><\/iframe>\n<\/div><\/figure>\n","protected":false},"excerpt":{"rendered":"<p>Quem ser\u00e1 que vence esse duelo? Na noite desta quarta-feira (15), o Palmeiras enfrenta a Portuguesa-SP no Allianz Parque, em S\u00e3o Paulo, pela primeira rodada da fase de grupos do Campeonato Paulista de 2025. O Tricolor Paulista, atual tricampe\u00e3o, entra no Estadual com o objetivo de iniciar o ano com o p\u00e9 direito e deixar [&hellip;]<\/p>\n","protected":false},"author":16,"featured_media":157843,"comment_status":"open","ping_status":"closed","sticky":false,"template":"","format":"standard","meta":{"footnotes":""},"categories":[150,40],"tags":[],"class_list":["post-212105","post","type-post","status-publish","format-standard","has-post-thumbnail","hentry","category-palmeiras","category-video"],"yoast_head":"<!-- This site is optimized with the Yoast SEO Premium plugin v24.2 (Yoast SEO v26.9) - https:\/\/yoast.com\/product\/yoast-seo-premium-wordpress\/ -->\n<title>Palmeiras x Portuguesa: vidente crava resultado<\/title>\n<meta name=\"robots\" content=\"index, follow, max-snippet:-1, max-image-preview:large, max-video-preview:-1\" \/>\n<link rel=\"canonical\" href=\"https:\/\/www.gaveanews.com\/index.php\/2025\/01\/14\/palmeiras-x-portuguesa-vidente-crava-resultado\/\" \/>\n<meta property=\"og:locale\" content=\"pt_BR\" \/>\n<meta property=\"og:type\" content=\"article\" \/>\n<meta property=\"og:title\" content=\"Palmeiras x Portuguesa: vidente crava resultado\" \/>\n<meta property=\"og:description\" content=\"Quem ser\u00e1 que vence esse duelo? Na noite desta quarta-feira (15), o Palmeiras enfrenta a Portuguesa-SP no Allianz Parque, em S\u00e3o Paulo, pela primeira rodada da fase de grupos do Campeonato Paulista de 2025. O Tricolor Paulista, atual tricampe\u00e3o, entra no Estadual com o objetivo de iniciar o ano com o p\u00e9 direito e deixar [&hellip;]\" \/>\n<meta property=\"og:url\" content=\"https:\/\/www.gaveanews.com\/index.php\/2025\/01\/14\/palmeiras-x-portuguesa-vidente-crava-resultado\/\" \/>\n<meta property=\"og:site_name\" content=\"G\u00e1vea News\" \/>\n<meta property=\"article:publisher\" content=\"https:\/\/facebook.com\/gaveaNews\/\" \/>\n<meta property=\"article:published_time\" content=\"2025-01-14T11:40:00+00:00\" \/>\n<meta property=\"og:image\" content=\"https:\/\/www.gaveanews.com\/wp-content\/uploads\/Abel-Ferreira-e-fotografado-durante-um-jogo-do-Palmeiras-no-Allianz.webp\" \/>\n\t<meta property=\"og:image:width\" content=\"1349\" \/>\n\t<meta property=\"og:image:height\" content=\"1500\" \/>\n\t<meta property=\"og:image:type\" content=\"image\/jpeg\" \/>\n<meta name=\"author\" content=\"D\u00e9bora Figueiredo\" \/>\n<meta name=\"twitter:card\" content=\"summary_large_image\" \/>\n<meta name=\"twitter:label1\" content=\"Escrito por\" \/>\n\t<meta name=\"twitter:data1\" content=\"D\u00e9bora Figueiredo\" \/>\n\t<meta name=\"twitter:label2\" content=\"Est. tempo de leitura\" \/>\n\t<meta name=\"twitter:data2\" content=\"3 minutos\" \/>\n<script type=\"application\/ld+json\" class=\"yoast-schema-graph\">{\"@context\":\"https:\/\/schema.org\",\"@graph\":[{\"@type\":\"NewsArticle\",\"@id\":\"https:\/\/www.gaveanews.com\/index.php\/2025\/01\/14\/palmeiras-x-portuguesa-vidente-crava-resultado\/#article\",\"isPartOf\":{\"@id\":\"https:\/\/www.gaveanews.com\/index.php\/2025\/01\/14\/palmeiras-x-portuguesa-vidente-crava-resultado\/\"},\"author\":{\"name\":\"D\u00e9bora Figueiredo\",\"@id\":\"https:\/\/www.gaveanews.com\/#\/schema\/person\/37122681a8575a5c8db05a56f099a5e4\"},\"headline\":\"Palmeiras x Portuguesa: vidente crava resultado\",\"datePublished\":\"2025-01-14T11:40:00+00:00\",\"mainEntityOfPage\":{\"@id\":\"https:\/\/www.gaveanews.com\/index.php\/2025\/01\/14\/palmeiras-x-portuguesa-vidente-crava-resultado\/\"},\"wordCount\":541,\"commentCount\":0,\"image\":{\"@id\":\"https:\/\/www.gaveanews.com\/index.php\/2025\/01\/14\/palmeiras-x-portuguesa-vidente-crava-resultado\/#primaryimage\"},\"thumbnailUrl\":\"https:\/\/www.gaveanews.com\/wp-content\/uploads\/Abel-Ferreira-e-fotografado-durante-um-jogo-do-Palmeiras-no-Allianz.webp\",\"articleSection\":[\"Palmeiras\",\"V\u00eddeos\"],\"inLanguage\":\"pt-BR\",\"potentialAction\":[{\"@type\":\"CommentAction\",\"name\":\"Comment\",\"target\":[\"https:\/\/www.gaveanews.com\/index.php\/2025\/01\/14\/palmeiras-x-portuguesa-vidente-crava-resultado\/#respond\"]}],\"copyrightYear\":\"2025\",\"copyrightHolder\":{\"@id\":\"https:\/\/www.gaveanews.com\/#organization\"}},{\"@type\":\"WebPage\",\"@id\":\"https:\/\/www.gaveanews.com\/index.php\/2025\/01\/14\/palmeiras-x-portuguesa-vidente-crava-resultado\/\",\"url\":\"https:\/\/www.gaveanews.com\/index.php\/2025\/01\/14\/palmeiras-x-portuguesa-vidente-crava-resultado\/\",\"name\":\"Palmeiras x Portuguesa: vidente crava resultado\",\"isPartOf\":{\"@id\":\"https:\/\/www.gaveanews.com\/#website\"},\"primaryImageOfPage\":{\"@id\":\"https:\/\/www.gaveanews.com\/index.php\/2025\/01\/14\/palmeiras-x-portuguesa-vidente-crava-resultado\/#primaryimage\"},\"image\":{\"@id\":\"https:\/\/www.gaveanews.com\/index.php\/2025\/01\/14\/palmeiras-x-portuguesa-vidente-crava-resultado\/#primaryimage\"},\"thumbnailUrl\":\"https:\/\/www.gaveanews.com\/wp-content\/uploads\/Abel-Ferreira-e-fotografado-durante-um-jogo-do-Palmeiras-no-Allianz.webp\",\"datePublished\":\"2025-01-14T11:40:00+00:00\",\"author\":{\"@id\":\"https:\/\/www.gaveanews.com\/#\/schema\/person\/37122681a8575a5c8db05a56f099a5e4\"},\"breadcrumb\":{\"@id\":\"https:\/\/www.gaveanews.com\/index.php\/2025\/01\/14\/palmeiras-x-portuguesa-vidente-crava-resultado\/#breadcrumb\"},\"inLanguage\":\"pt-BR\",\"potentialAction\":[{\"@type\":\"ReadAction\",\"target\":[\"https:\/\/www.gaveanews.com\/index.php\/2025\/01\/14\/palmeiras-x-portuguesa-vidente-crava-resultado\/\"]}]},{\"@type\":\"ImageObject\",\"inLanguage\":\"pt-BR\",\"@id\":\"https:\/\/www.gaveanews.com\/index.php\/2025\/01\/14\/palmeiras-x-portuguesa-vidente-crava-resultado\/#primaryimage\",\"url\":\"https:\/\/www.gaveanews.com\/wp-content\/uploads\/Abel-Ferreira-e-fotografado-durante-um-jogo-do-Palmeiras-no-Allianz.webp\",\"contentUrl\":\"https:\/\/www.gaveanews.com\/wp-content\/uploads\/Abel-Ferreira-e-fotografado-durante-um-jogo-do-Palmeiras-no-Allianz.webp\",\"width\":1349,\"height\":1500,\"caption\":\"Abel Ferreira \u00e9 fotografado durante um jogo do Palmeiras no Allianz (Foto: Cesar Greco\/Palmeiras)\"},{\"@type\":\"BreadcrumbList\",\"@id\":\"https:\/\/www.gaveanews.com\/index.php\/2025\/01\/14\/palmeiras-x-portuguesa-vidente-crava-resultado\/#breadcrumb\",\"itemListElement\":[{\"@type\":\"ListItem\",\"position\":1,\"name\":\"Home\",\"item\":\"https:\/\/www.gaveanews.com\/\"},{\"@type\":\"ListItem\",\"position\":2,\"name\":\"Palmeiras x Portuguesa: vidente crava resultado\"}]},{\"@type\":\"WebSite\",\"@id\":\"https:\/\/www.gaveanews.com\/#website\",\"url\":\"https:\/\/www.gaveanews.com\/\",\"name\":\"G\u00e1vea News\",\"description\":\"Veja todas as not\u00edcias sobre o Flamengo: Contrata\u00e7\u00f5es, categorias de base, resultados das partidas, tabela de classifica\u00e7\u00e3o, pr\u00f3ximos jogos!\",\"potentialAction\":[{\"@type\":\"SearchAction\",\"target\":{\"@type\":\"EntryPoint\",\"urlTemplate\":\"https:\/\/www.gaveanews.com\/?s={search_term_string}\"},\"query-input\":{\"@type\":\"PropertyValueSpecification\",\"valueRequired\":true,\"valueName\":\"search_term_string\"}}],\"inLanguage\":\"pt-BR\"},{\"@type\":\"Person\",\"@id\":\"https:\/\/www.gaveanews.com\/#\/schema\/person\/37122681a8575a5c8db05a56f099a5e4\",\"name\":\"D\u00e9bora Figueiredo\",\"image\":{\"@type\":\"ImageObject\",\"inLanguage\":\"pt-BR\",\"@id\":\"https:\/\/www.gaveanews.com\/#\/schema\/person\/image\/\",\"url\":\"https:\/\/secure.gravatar.com\/avatar\/1f44802859351588499d26f52aed1d15796ce17e67602895b72837c08018868d?s=96&d=mm&r=g\",\"contentUrl\":\"https:\/\/secure.gravatar.com\/avatar\/1f44802859351588499d26f52aed1d15796ce17e67602895b72837c08018868d?s=96&d=mm&r=g\",\"caption\":\"D\u00e9bora Figueiredo\"}}]}<\/script>\n<!-- \/ Yoast SEO Premium plugin. -->","yoast_head_json":{"title":"Palmeiras x Portuguesa: vidente crava resultado","robots":{"index":"index","follow":"follow","max-snippet":"max-snippet:-1","max-image-preview":"max-image-preview:large","max-video-preview":"max-video-preview:-1"},"canonical":"https:\/\/www.gaveanews.com\/index.php\/2025\/01\/14\/palmeiras-x-portuguesa-vidente-crava-resultado\/","og_locale":"pt_BR","og_type":"article","og_title":"Palmeiras x Portuguesa: vidente crava resultado","og_description":"Quem ser\u00e1 que vence esse duelo? Na noite desta quarta-feira (15), o Palmeiras enfrenta a Portuguesa-SP no Allianz Parque, em S\u00e3o Paulo, pela primeira rodada da fase de grupos do Campeonato Paulista de 2025. O Tricolor Paulista, atual tricampe\u00e3o, entra no Estadual com o objetivo de iniciar o ano com o p\u00e9 direito e deixar [&hellip;]","og_url":"https:\/\/www.gaveanews.com\/index.php\/2025\/01\/14\/palmeiras-x-portuguesa-vidente-crava-resultado\/","og_site_name":"G\u00e1vea News","article_publisher":"https:\/\/facebook.com\/gaveaNews\/","article_published_time":"2025-01-14T11:40:00+00:00","og_image":[{"width":1349,"height":1500,"url":"https:\/\/www.gaveanews.com\/wp-content\/uploads\/Abel-Ferreira-e-fotografado-durante-um-jogo-do-Palmeiras-no-Allianz.webp","type":"image\/jpeg"}],"author":"D\u00e9bora Figueiredo","twitter_card":"summary_large_image","twitter_misc":{"Escrito por":"D\u00e9bora Figueiredo","Est. tempo de leitura":"3 minutos"},"schema":{"@context":"https:\/\/schema.org","@graph":[{"@type":"NewsArticle","@id":"https:\/\/www.gaveanews.com\/index.php\/2025\/01\/14\/palmeiras-x-portuguesa-vidente-crava-resultado\/#article","isPartOf":{"@id":"https:\/\/www.gaveanews.com\/index.php\/2025\/01\/14\/palmeiras-x-portuguesa-vidente-crava-resultado\/"},"author":{"name":"D\u00e9bora Figueiredo","@id":"https:\/\/www.gaveanews.com\/#\/schema\/person\/37122681a8575a5c8db05a56f099a5e4"},"headline":"Palmeiras x Portuguesa: vidente crava resultado","datePublished":"2025-01-14T11:40:00+00:00","mainEntityOfPage":{"@id":"https:\/\/www.gaveanews.com\/index.php\/2025\/01\/14\/palmeiras-x-portuguesa-vidente-crava-resultado\/"},"wordCount":541,"commentCount":0,"image":{"@id":"https:\/\/www.gaveanews.com\/index.php\/2025\/01\/14\/palmeiras-x-portuguesa-vidente-crava-resultado\/#primaryimage"},"thumbnailUrl":"https:\/\/www.gaveanews.com\/wp-content\/uploads\/Abel-Ferreira-e-fotografado-durante-um-jogo-do-Palmeiras-no-Allianz.webp","articleSection":["Palmeiras","V\u00eddeos"],"inLanguage":"pt-BR","potentialAction":[{"@type":"CommentAction","name":"Comment","target":["https:\/\/www.gaveanews.com\/index.php\/2025\/01\/14\/palmeiras-x-portuguesa-vidente-crava-resultado\/#respond"]}],"copyrightYear":"2025","copyrightHolder":{"@id":"https:\/\/www.gaveanews.com\/#organization"}},{"@type":"WebPage","@id":"https:\/\/www.gaveanews.com\/index.php\/2025\/01\/14\/palmeiras-x-portuguesa-vidente-crava-resultado\/","url":"https:\/\/www.gaveanews.com\/index.php\/2025\/01\/14\/palmeiras-x-portuguesa-vidente-crava-resultado\/","name":"Palmeiras x Portuguesa: vidente crava resultado","isPartOf":{"@id":"https:\/\/www.gaveanews.com\/#website"},"primaryImageOfPage":{"@id":"https:\/\/www.gaveanews.com\/index.php\/2025\/01\/14\/palmeiras-x-portuguesa-vidente-crava-resultado\/#primaryimage"},"image":{"@id":"https:\/\/www.gaveanews.com\/index.php\/2025\/01\/14\/palmeiras-x-portuguesa-vidente-crava-resultado\/#primaryimage"},"thumbnailUrl":"https:\/\/www.gaveanews.com\/wp-content\/uploads\/Abel-Ferreira-e-fotografado-durante-um-jogo-do-Palmeiras-no-Allianz.webp","datePublished":"2025-01-14T11:40:00+00:00","author":{"@id":"https:\/\/www.gaveanews.com\/#\/schema\/person\/37122681a8575a5c8db05a56f099a5e4"},"breadcrumb":{"@id":"https:\/\/www.gaveanews.com\/index.php\/2025\/01\/14\/palmeiras-x-portuguesa-vidente-crava-resultado\/#breadcrumb"},"inLanguage":"pt-BR","potentialAction":[{"@type":"ReadAction","target":["https:\/\/www.gaveanews.com\/index.php\/2025\/01\/14\/palmeiras-x-portuguesa-vidente-crava-resultado\/"]}]},{"@type":"ImageObject","inLanguage":"pt-BR","@id":"https:\/\/www.gaveanews.com\/index.php\/2025\/01\/14\/palmeiras-x-portuguesa-vidente-crava-resultado\/#primaryimage","url":"https:\/\/www.gaveanews.com\/wp-content\/uploads\/Abel-Ferreira-e-fotografado-durante-um-jogo-do-Palmeiras-no-Allianz.webp","contentUrl":"https:\/\/www.gaveanews.com\/wp-content\/uploads\/Abel-Ferreira-e-fotografado-durante-um-jogo-do-Palmeiras-no-Allianz.webp","width":1349,"height":1500,"caption":"Abel Ferreira \u00e9 fotografado durante um jogo do Palmeiras no Allianz (Foto: Cesar Greco\/Palmeiras)"},{"@type":"BreadcrumbList","@id":"https:\/\/www.gaveanews.com\/index.php\/2025\/01\/14\/palmeiras-x-portuguesa-vidente-crava-resultado\/#breadcrumb","itemListElement":[{"@type":"ListItem","position":1,"name":"Home","item":"https:\/\/www.gaveanews.com\/"},{"@type":"ListItem","position":2,"name":"Palmeiras x Portuguesa: vidente crava resultado"}]},{"@type":"WebSite","@id":"https:\/\/www.gaveanews.com\/#website","url":"https:\/\/www.gaveanews.com\/","name":"G\u00e1vea News","description":"Veja todas as not\u00edcias sobre o Flamengo: Contrata\u00e7\u00f5es, categorias de base, resultados das partidas, tabela de classifica\u00e7\u00e3o, pr\u00f3ximos jogos!","potentialAction":[{"@type":"SearchAction","target":{"@type":"EntryPoint","urlTemplate":"https:\/\/www.gaveanews.com\/?s={search_term_string}"},"query-input":{"@type":"PropertyValueSpecification","valueRequired":true,"valueName":"search_term_string"}}],"inLanguage":"pt-BR"},{"@type":"Person","@id":"https:\/\/www.gaveanews.com\/#\/schema\/person\/37122681a8575a5c8db05a56f099a5e4","name":"D\u00e9bora Figueiredo","image":{"@type":"ImageObject","inLanguage":"pt-BR","@id":"https:\/\/www.gaveanews.com\/#\/schema\/person\/image\/","url":"https:\/\/secure.gravatar.com\/avatar\/1f44802859351588499d26f52aed1d15796ce17e67602895b72837c08018868d?s=96&d=mm&r=g","contentUrl":"https:\/\/secure.gravatar.com\/avatar\/1f44802859351588499d26f52aed1d15796ce17e67602895b72837c08018868d?s=96&d=mm&r=g","caption":"D\u00e9bora Figueiredo"}}]}},"_links":{"self":[{"href":"https:\/\/www.gaveanews.com\/index.php\/wp-json\/wp\/v2\/posts\/212105","targetHints":{"allow":["GET"]}}],"collection":[{"href":"https:\/\/www.gaveanews.com\/index.php\/wp-json\/wp\/v2\/posts"}],"about":[{"href":"https:\/\/www.gaveanews.com\/index.php\/wp-json\/wp\/v2\/types\/post"}],"author":[{"embeddable":true,"href":"https:\/\/www.gaveanews.com\/index.php\/wp-json\/wp\/v2\/users\/16"}],"replies":[{"embeddable":true,"href":"https:\/\/www.gaveanews.com\/index.php\/wp-json\/wp\/v2\/comments?post=212105"}],"version-history":[{"count":1,"href":"https:\/\/www.gaveanews.com\/index.php\/wp-json\/wp\/v2\/posts\/212105\/revisions"}],"predecessor-version":[{"id":212108,"href":"https:\/\/www.gaveanews.com\/index.php\/wp-json\/wp\/v2\/posts\/212105\/revisions\/212108"}],"wp:featuredmedia":[{"embeddable":true,"href":"https:\/\/www.gaveanews.com\/index.php\/wp-json\/wp\/v2\/media\/157843"}],"wp:attachment":[{"href":"https:\/\/www.gaveanews.com\/index.php\/wp-json\/wp\/v2\/media?parent=212105"}],"wp:term":[{"taxonomy":"category","embeddable":true,"href":"https:\/\/www.gaveanews.com\/index.php\/wp-json\/wp\/v2\/categories?post=212105"},{"taxonomy":"post_tag","embeddable":true,"href":"https:\/\/www.gaveanews.com\/index.php\/wp-json\/wp\/v2\/tags?post=212105"}],"curies":[{"name":"wp","href":"https:\/\/api.w.org\/{rel}","templated":true}]}}