{"id":212133,"date":"2025-01-14T10:05:00","date_gmt":"2025-01-14T13:05:00","guid":{"rendered":"https:\/\/www.gaveanews.com\/?p=212133"},"modified":"2025-01-14T02:54:44","modified_gmt":"2025-01-14T05:54:44","slug":"a-declaracao-de-velloso-direcionada-ao-corinthians","status":"publish","type":"post","link":"https:\/\/www.gaveanews.com\/index.php\/2025\/01\/14\/a-declaracao-de-velloso-direcionada-ao-corinthians\/","title":{"rendered":"A declara\u00e7\u00e3o de Velloso direcionada ao Corinthians"},"content":{"rendered":"\n<h2 class=\"wp-block-heading\" id=\"h-velloso-aponta-problemas-financeiros-e-projeta-disputa-entre-corinthians-e-palmeiras-no-paulistao\">Velloso aponta problemas financeiros e projeta disputa entre Corinthians e Palmeiras no Paulist\u00e3o<\/h2>\n\n\n\n<p>O ex-goleiro e comentarista Velloso afirmou que o Corinthians inicia 2025 ainda enfrentando problemas financeiros. Durante o programa <em>Os Donos da Bola<\/em>, ele criticou os atrasos salariais registrados no clube e destacou como isso pode impactar o ambiente interno, especialmente para jogadores estrangeiros.<\/p>\n\n\n\n<ul class=\"wp-block-list\">\n<li><a href=\"https:\/\/www.gaveanews.com\/index.php\/2025\/01\/13\/corinthians-some-com-rodrigo-garro\/\">Corinthians \u201csome\u201d com Rodrigo Garro<\/a><\/li>\n\n\n\n<li><a href=\"https:\/\/www.gaveanews.com\/index.php\/2025\/01\/08\/publicacao-de-bastos-alteracao-na-copa-do-brasil-e-mercado-da-bola-as-ultimas-noticias-do-corinthians\/\">Publica\u00e7\u00e3o de Bastos, altera\u00e7\u00e3o na Copa do Brasil e mercado da bola: as \u00faltimas not\u00edcias do Corinthians<\/a><\/li>\n<\/ul>\n\n\n\n<p>\u201cO Memphis n\u00e3o sabe o que \u00e9 isso de sal\u00e1rio atrasado. O jogador que vem de fora nunca passou por isso. O cara recebe por semana. Chega aqui e atrasou. \u2018Ah, o m\u00eas \u00e9 um pouquinho maior\u2019. Tem que explicar para ele.\u201d, disse Velloso.<\/p>\n\n\n\n<p>Apesar das dificuldades financeiras, Velloso considera o Corinthians como um dos favoritos ao t\u00edtulo do Campeonato Paulista, ao lado do Palmeiras. Segundo ele, os dois clubes devem protagonizar a principal disputa do torneio.<\/p>\n\n\n\n<p>\u201cOs dois come\u00e7am como favoritos. O Corinthians terminou com aquelas nove vit\u00f3rias seguidas e o Palmeiras foi o vice-campe\u00e3o, \u00e9 o atual tricampe\u00e3o paulista\u2026 \u00e9 o confronto mais interessante porque o Corinthians estava muito abaixo.\u201d, afirmou.<\/p>\n\n\n\n<p>Um dos jogadores mais comentados no elenco do Corinthians \u00e9 Igor Coronado, dono de um dos maiores sal\u00e1rios do clube. Apesar disso, o meia ainda n\u00e3o conseguiu se firmar como titular. Para Velloso, Coronado precisa corresponder \u00e0s expectativas em 2025.<\/p>\n\n\n\n<p>\u201cO Coronado precisa dar uma resposta neste ano. Ele estava cheio de problemas quando chegou, teve at\u00e9 dengue. Foi um problema atr\u00e1s do outro. Mas precisa dar uma resposta.\u201d<\/p>\n\n\n\n<p>O comentarista alertou que manter os sal\u00e1rios em dia \u00e9 fundamental para evitar problemas internos e garantir um bom desempenho dentro de campo. A disputa com o Palmeiras no Paulist\u00e3o, na vis\u00e3o de Velloso, ser\u00e1 o principal desafio para o time comandado por Renato Ga\u00facho neste in\u00edcio de temporada.<\/p>\n","protected":false},"excerpt":{"rendered":"<p>Velloso aponta problemas financeiros e projeta disputa entre Corinthians e Palmeiras no Paulist\u00e3o O ex-goleiro e comentarista Velloso afirmou que o Corinthians inicia 2025 ainda enfrentando problemas financeiros. Durante o programa Os Donos da Bola, ele criticou os atrasos salariais registrados no clube e destacou como isso pode impactar o ambiente interno, especialmente para jogadores [&hellip;]<\/p>\n","protected":false},"author":17,"featured_media":211044,"comment_status":"open","ping_status":"closed","sticky":false,"template":"","format":"standard","meta":{"footnotes":""},"categories":[141],"tags":[],"class_list":["post-212133","post","type-post","status-publish","format-standard","has-post-thumbnail","hentry","category-corinthians"],"yoast_head":"<!-- This site is optimized with the Yoast SEO Premium plugin v24.2 (Yoast SEO v26.9) - https:\/\/yoast.com\/product\/yoast-seo-premium-wordpress\/ -->\n<title>A declara\u00e7\u00e3o de Velloso direcionada ao Corinthians<\/title>\n<meta name=\"robots\" content=\"index, follow, max-snippet:-1, max-image-preview:large, max-video-preview:-1\" \/>\n<link rel=\"canonical\" href=\"https:\/\/www.gaveanews.com\/index.php\/2025\/01\/14\/a-declaracao-de-velloso-direcionada-ao-corinthians\/\" \/>\n<meta property=\"og:locale\" content=\"pt_BR\" \/>\n<meta property=\"og:type\" content=\"article\" \/>\n<meta property=\"og:title\" content=\"A declara\u00e7\u00e3o de Velloso direcionada ao Corinthians\" \/>\n<meta property=\"og:description\" content=\"Velloso aponta problemas financeiros e projeta disputa entre Corinthians e Palmeiras no Paulist\u00e3o O ex-goleiro e comentarista Velloso afirmou que o Corinthians inicia 2025 ainda enfrentando problemas financeiros. Durante o programa Os Donos da Bola, ele criticou os atrasos salariais registrados no clube e destacou como isso pode impactar o ambiente interno, especialmente para jogadores [&hellip;]\" \/>\n<meta property=\"og:url\" content=\"https:\/\/www.gaveanews.com\/index.php\/2025\/01\/14\/a-declaracao-de-velloso-direcionada-ao-corinthians\/\" \/>\n<meta property=\"og:site_name\" content=\"G\u00e1vea News\" \/>\n<meta property=\"article:publisher\" content=\"https:\/\/facebook.com\/gaveaNews\/\" \/>\n<meta property=\"article:published_time\" content=\"2025-01-14T13:05:00+00:00\" \/>\n<meta property=\"og:image\" content=\"https:\/\/www.gaveanews.com\/wp-content\/uploads\/Velloso-ex-goleiro.webp\" \/>\n\t<meta property=\"og:image:width\" content=\"661\" \/>\n\t<meta property=\"og:image:height\" content=\"454\" \/>\n\t<meta property=\"og:image:type\" content=\"image\/jpeg\" \/>\n<meta name=\"author\" content=\"Geovanna Thomaz\" \/>\n<meta name=\"twitter:card\" content=\"summary_large_image\" \/>\n<meta name=\"twitter:label1\" content=\"Escrito por\" \/>\n\t<meta name=\"twitter:data1\" content=\"Geovanna Thomaz\" \/>\n\t<meta name=\"twitter:label2\" content=\"Est. tempo de leitura\" \/>\n\t<meta name=\"twitter:data2\" content=\"2 minutos\" \/>\n<script type=\"application\/ld+json\" class=\"yoast-schema-graph\">{\"@context\":\"https:\/\/schema.org\",\"@graph\":[{\"@type\":\"NewsArticle\",\"@id\":\"https:\/\/www.gaveanews.com\/index.php\/2025\/01\/14\/a-declaracao-de-velloso-direcionada-ao-corinthians\/#article\",\"isPartOf\":{\"@id\":\"https:\/\/www.gaveanews.com\/index.php\/2025\/01\/14\/a-declaracao-de-velloso-direcionada-ao-corinthians\/\"},\"author\":{\"name\":\"Geovanna Thomaz\",\"@id\":\"https:\/\/www.gaveanews.com\/#\/schema\/person\/f42654babcd2b2014a1a65af82b081f1\"},\"headline\":\"A declara\u00e7\u00e3o de Velloso direcionada ao Corinthians\",\"datePublished\":\"2025-01-14T13:05:00+00:00\",\"mainEntityOfPage\":{\"@id\":\"https:\/\/www.gaveanews.com\/index.php\/2025\/01\/14\/a-declaracao-de-velloso-direcionada-ao-corinthians\/\"},\"wordCount\":329,\"commentCount\":0,\"image\":{\"@id\":\"https:\/\/www.gaveanews.com\/index.php\/2025\/01\/14\/a-declaracao-de-velloso-direcionada-ao-corinthians\/#primaryimage\"},\"thumbnailUrl\":\"https:\/\/www.gaveanews.com\/wp-content\/uploads\/Velloso-ex-goleiro.webp\",\"articleSection\":[\"Corinthians\"],\"inLanguage\":\"pt-BR\",\"potentialAction\":[{\"@type\":\"CommentAction\",\"name\":\"Comment\",\"target\":[\"https:\/\/www.gaveanews.com\/index.php\/2025\/01\/14\/a-declaracao-de-velloso-direcionada-ao-corinthians\/#respond\"]}],\"copyrightYear\":\"2025\",\"copyrightHolder\":{\"@id\":\"https:\/\/www.gaveanews.com\/#organization\"}},{\"@type\":\"WebPage\",\"@id\":\"https:\/\/www.gaveanews.com\/index.php\/2025\/01\/14\/a-declaracao-de-velloso-direcionada-ao-corinthians\/\",\"url\":\"https:\/\/www.gaveanews.com\/index.php\/2025\/01\/14\/a-declaracao-de-velloso-direcionada-ao-corinthians\/\",\"name\":\"A declara\u00e7\u00e3o de Velloso direcionada ao Corinthians\",\"isPartOf\":{\"@id\":\"https:\/\/www.gaveanews.com\/#website\"},\"primaryImageOfPage\":{\"@id\":\"https:\/\/www.gaveanews.com\/index.php\/2025\/01\/14\/a-declaracao-de-velloso-direcionada-ao-corinthians\/#primaryimage\"},\"image\":{\"@id\":\"https:\/\/www.gaveanews.com\/index.php\/2025\/01\/14\/a-declaracao-de-velloso-direcionada-ao-corinthians\/#primaryimage\"},\"thumbnailUrl\":\"https:\/\/www.gaveanews.com\/wp-content\/uploads\/Velloso-ex-goleiro.webp\",\"datePublished\":\"2025-01-14T13:05:00+00:00\",\"author\":{\"@id\":\"https:\/\/www.gaveanews.com\/#\/schema\/person\/f42654babcd2b2014a1a65af82b081f1\"},\"breadcrumb\":{\"@id\":\"https:\/\/www.gaveanews.com\/index.php\/2025\/01\/14\/a-declaracao-de-velloso-direcionada-ao-corinthians\/#breadcrumb\"},\"inLanguage\":\"pt-BR\",\"potentialAction\":[{\"@type\":\"ReadAction\",\"target\":[\"https:\/\/www.gaveanews.com\/index.php\/2025\/01\/14\/a-declaracao-de-velloso-direcionada-ao-corinthians\/\"]}]},{\"@type\":\"ImageObject\",\"inLanguage\":\"pt-BR\",\"@id\":\"https:\/\/www.gaveanews.com\/index.php\/2025\/01\/14\/a-declaracao-de-velloso-direcionada-ao-corinthians\/#primaryimage\",\"url\":\"https:\/\/www.gaveanews.com\/wp-content\/uploads\/Velloso-ex-goleiro.webp\",\"contentUrl\":\"https:\/\/www.gaveanews.com\/wp-content\/uploads\/Velloso-ex-goleiro.webp\",\"width\":661,\"height\":454,\"caption\":\"Velloso ex-goleiro (Foto: Reprodu\u00e7\u00e3o\/Band)\"},{\"@type\":\"BreadcrumbList\",\"@id\":\"https:\/\/www.gaveanews.com\/index.php\/2025\/01\/14\/a-declaracao-de-velloso-direcionada-ao-corinthians\/#breadcrumb\",\"itemListElement\":[{\"@type\":\"ListItem\",\"position\":1,\"name\":\"Home\",\"item\":\"https:\/\/www.gaveanews.com\/\"},{\"@type\":\"ListItem\",\"position\":2,\"name\":\"A declara\u00e7\u00e3o de Velloso direcionada ao Corinthians\"}]},{\"@type\":\"WebSite\",\"@id\":\"https:\/\/www.gaveanews.com\/#website\",\"url\":\"https:\/\/www.gaveanews.com\/\",\"name\":\"G\u00e1vea News\",\"description\":\"Veja todas as not\u00edcias sobre o Flamengo: Contrata\u00e7\u00f5es, categorias de base, resultados das partidas, tabela de classifica\u00e7\u00e3o, pr\u00f3ximos jogos!\",\"potentialAction\":[{\"@type\":\"SearchAction\",\"target\":{\"@type\":\"EntryPoint\",\"urlTemplate\":\"https:\/\/www.gaveanews.com\/?s={search_term_string}\"},\"query-input\":{\"@type\":\"PropertyValueSpecification\",\"valueRequired\":true,\"valueName\":\"search_term_string\"}}],\"inLanguage\":\"pt-BR\"},{\"@type\":\"Person\",\"@id\":\"https:\/\/www.gaveanews.com\/#\/schema\/person\/f42654babcd2b2014a1a65af82b081f1\",\"name\":\"Geovanna Thomaz\",\"image\":{\"@type\":\"ImageObject\",\"inLanguage\":\"pt-BR\",\"@id\":\"https:\/\/www.gaveanews.com\/#\/schema\/person\/image\/\",\"url\":\"https:\/\/secure.gravatar.com\/avatar\/4092073255489533afb558984b49b64268c47198af8623cc82a925ae9fb7118a?s=96&d=mm&r=g\",\"contentUrl\":\"https:\/\/secure.gravatar.com\/avatar\/4092073255489533afb558984b49b64268c47198af8623cc82a925ae9fb7118a?s=96&d=mm&r=g\",\"caption\":\"Geovanna Thomaz\"}}]}<\/script>\n<!-- \/ Yoast SEO Premium plugin. -->","yoast_head_json":{"title":"A declara\u00e7\u00e3o de Velloso direcionada ao Corinthians","robots":{"index":"index","follow":"follow","max-snippet":"max-snippet:-1","max-image-preview":"max-image-preview:large","max-video-preview":"max-video-preview:-1"},"canonical":"https:\/\/www.gaveanews.com\/index.php\/2025\/01\/14\/a-declaracao-de-velloso-direcionada-ao-corinthians\/","og_locale":"pt_BR","og_type":"article","og_title":"A declara\u00e7\u00e3o de Velloso direcionada ao Corinthians","og_description":"Velloso aponta problemas financeiros e projeta disputa entre Corinthians e Palmeiras no Paulist\u00e3o O ex-goleiro e comentarista Velloso afirmou que o Corinthians inicia 2025 ainda enfrentando problemas financeiros. Durante o programa Os Donos da Bola, ele criticou os atrasos salariais registrados no clube e destacou como isso pode impactar o ambiente interno, especialmente para jogadores [&hellip;]","og_url":"https:\/\/www.gaveanews.com\/index.php\/2025\/01\/14\/a-declaracao-de-velloso-direcionada-ao-corinthians\/","og_site_name":"G\u00e1vea News","article_publisher":"https:\/\/facebook.com\/gaveaNews\/","article_published_time":"2025-01-14T13:05:00+00:00","og_image":[{"width":661,"height":454,"url":"https:\/\/www.gaveanews.com\/wp-content\/uploads\/Velloso-ex-goleiro.webp","type":"image\/jpeg"}],"author":"Geovanna Thomaz","twitter_card":"summary_large_image","twitter_misc":{"Escrito por":"Geovanna Thomaz","Est. tempo de leitura":"2 minutos"},"schema":{"@context":"https:\/\/schema.org","@graph":[{"@type":"NewsArticle","@id":"https:\/\/www.gaveanews.com\/index.php\/2025\/01\/14\/a-declaracao-de-velloso-direcionada-ao-corinthians\/#article","isPartOf":{"@id":"https:\/\/www.gaveanews.com\/index.php\/2025\/01\/14\/a-declaracao-de-velloso-direcionada-ao-corinthians\/"},"author":{"name":"Geovanna Thomaz","@id":"https:\/\/www.gaveanews.com\/#\/schema\/person\/f42654babcd2b2014a1a65af82b081f1"},"headline":"A declara\u00e7\u00e3o de Velloso direcionada ao Corinthians","datePublished":"2025-01-14T13:05:00+00:00","mainEntityOfPage":{"@id":"https:\/\/www.gaveanews.com\/index.php\/2025\/01\/14\/a-declaracao-de-velloso-direcionada-ao-corinthians\/"},"wordCount":329,"commentCount":0,"image":{"@id":"https:\/\/www.gaveanews.com\/index.php\/2025\/01\/14\/a-declaracao-de-velloso-direcionada-ao-corinthians\/#primaryimage"},"thumbnailUrl":"https:\/\/www.gaveanews.com\/wp-content\/uploads\/Velloso-ex-goleiro.webp","articleSection":["Corinthians"],"inLanguage":"pt-BR","potentialAction":[{"@type":"CommentAction","name":"Comment","target":["https:\/\/www.gaveanews.com\/index.php\/2025\/01\/14\/a-declaracao-de-velloso-direcionada-ao-corinthians\/#respond"]}],"copyrightYear":"2025","copyrightHolder":{"@id":"https:\/\/www.gaveanews.com\/#organization"}},{"@type":"WebPage","@id":"https:\/\/www.gaveanews.com\/index.php\/2025\/01\/14\/a-declaracao-de-velloso-direcionada-ao-corinthians\/","url":"https:\/\/www.gaveanews.com\/index.php\/2025\/01\/14\/a-declaracao-de-velloso-direcionada-ao-corinthians\/","name":"A declara\u00e7\u00e3o de Velloso direcionada ao Corinthians","isPartOf":{"@id":"https:\/\/www.gaveanews.com\/#website"},"primaryImageOfPage":{"@id":"https:\/\/www.gaveanews.com\/index.php\/2025\/01\/14\/a-declaracao-de-velloso-direcionada-ao-corinthians\/#primaryimage"},"image":{"@id":"https:\/\/www.gaveanews.com\/index.php\/2025\/01\/14\/a-declaracao-de-velloso-direcionada-ao-corinthians\/#primaryimage"},"thumbnailUrl":"https:\/\/www.gaveanews.com\/wp-content\/uploads\/Velloso-ex-goleiro.webp","datePublished":"2025-01-14T13:05:00+00:00","author":{"@id":"https:\/\/www.gaveanews.com\/#\/schema\/person\/f42654babcd2b2014a1a65af82b081f1"},"breadcrumb":{"@id":"https:\/\/www.gaveanews.com\/index.php\/2025\/01\/14\/a-declaracao-de-velloso-direcionada-ao-corinthians\/#breadcrumb"},"inLanguage":"pt-BR","potentialAction":[{"@type":"ReadAction","target":["https:\/\/www.gaveanews.com\/index.php\/2025\/01\/14\/a-declaracao-de-velloso-direcionada-ao-corinthians\/"]}]},{"@type":"ImageObject","inLanguage":"pt-BR","@id":"https:\/\/www.gaveanews.com\/index.php\/2025\/01\/14\/a-declaracao-de-velloso-direcionada-ao-corinthians\/#primaryimage","url":"https:\/\/www.gaveanews.com\/wp-content\/uploads\/Velloso-ex-goleiro.webp","contentUrl":"https:\/\/www.gaveanews.com\/wp-content\/uploads\/Velloso-ex-goleiro.webp","width":661,"height":454,"caption":"Velloso ex-goleiro (Foto: Reprodu\u00e7\u00e3o\/Band)"},{"@type":"BreadcrumbList","@id":"https:\/\/www.gaveanews.com\/index.php\/2025\/01\/14\/a-declaracao-de-velloso-direcionada-ao-corinthians\/#breadcrumb","itemListElement":[{"@type":"ListItem","position":1,"name":"Home","item":"https:\/\/www.gaveanews.com\/"},{"@type":"ListItem","position":2,"name":"A declara\u00e7\u00e3o de Velloso direcionada ao Corinthians"}]},{"@type":"WebSite","@id":"https:\/\/www.gaveanews.com\/#website","url":"https:\/\/www.gaveanews.com\/","name":"G\u00e1vea News","description":"Veja todas as not\u00edcias sobre o Flamengo: Contrata\u00e7\u00f5es, categorias de base, resultados das partidas, tabela de classifica\u00e7\u00e3o, pr\u00f3ximos jogos!","potentialAction":[{"@type":"SearchAction","target":{"@type":"EntryPoint","urlTemplate":"https:\/\/www.gaveanews.com\/?s={search_term_string}"},"query-input":{"@type":"PropertyValueSpecification","valueRequired":true,"valueName":"search_term_string"}}],"inLanguage":"pt-BR"},{"@type":"Person","@id":"https:\/\/www.gaveanews.com\/#\/schema\/person\/f42654babcd2b2014a1a65af82b081f1","name":"Geovanna Thomaz","image":{"@type":"ImageObject","inLanguage":"pt-BR","@id":"https:\/\/www.gaveanews.com\/#\/schema\/person\/image\/","url":"https:\/\/secure.gravatar.com\/avatar\/4092073255489533afb558984b49b64268c47198af8623cc82a925ae9fb7118a?s=96&d=mm&r=g","contentUrl":"https:\/\/secure.gravatar.com\/avatar\/4092073255489533afb558984b49b64268c47198af8623cc82a925ae9fb7118a?s=96&d=mm&r=g","caption":"Geovanna Thomaz"}}]}},"_links":{"self":[{"href":"https:\/\/www.gaveanews.com\/index.php\/wp-json\/wp\/v2\/posts\/212133","targetHints":{"allow":["GET"]}}],"collection":[{"href":"https:\/\/www.gaveanews.com\/index.php\/wp-json\/wp\/v2\/posts"}],"about":[{"href":"https:\/\/www.gaveanews.com\/index.php\/wp-json\/wp\/v2\/types\/post"}],"author":[{"embeddable":true,"href":"https:\/\/www.gaveanews.com\/index.php\/wp-json\/wp\/v2\/users\/17"}],"replies":[{"embeddable":true,"href":"https:\/\/www.gaveanews.com\/index.php\/wp-json\/wp\/v2\/comments?post=212133"}],"version-history":[{"count":1,"href":"https:\/\/www.gaveanews.com\/index.php\/wp-json\/wp\/v2\/posts\/212133\/revisions"}],"predecessor-version":[{"id":212134,"href":"https:\/\/www.gaveanews.com\/index.php\/wp-json\/wp\/v2\/posts\/212133\/revisions\/212134"}],"wp:featuredmedia":[{"embeddable":true,"href":"https:\/\/www.gaveanews.com\/index.php\/wp-json\/wp\/v2\/media\/211044"}],"wp:attachment":[{"href":"https:\/\/www.gaveanews.com\/index.php\/wp-json\/wp\/v2\/media?parent=212133"}],"wp:term":[{"taxonomy":"category","embeddable":true,"href":"https:\/\/www.gaveanews.com\/index.php\/wp-json\/wp\/v2\/categories?post=212133"},{"taxonomy":"post_tag","embeddable":true,"href":"https:\/\/www.gaveanews.com\/index.php\/wp-json\/wp\/v2\/tags?post=212133"}],"curies":[{"name":"wp","href":"https:\/\/api.w.org\/{rel}","templated":true}]}}