{"id":212153,"date":"2025-01-14T08:50:00","date_gmt":"2025-01-14T11:50:00","guid":{"rendered":"https:\/\/www.gaveanews.com\/?p=212153"},"modified":"2025-01-14T02:35:44","modified_gmt":"2025-01-14T05:35:44","slug":"a-declaracao-de-marcal-direcionada-ao-botafogo","status":"publish","type":"post","link":"https:\/\/www.gaveanews.com\/index.php\/2025\/01\/14\/a-declaracao-de-marcal-direcionada-ao-botafogo\/","title":{"rendered":"A declara\u00e7\u00e3o de Mar\u00e7al direcionada ao Botafogo"},"content":{"rendered":"\n<p>O lateral-esquerdo Mar\u00e7al entrou em rota de colis\u00e3o com o Botafogo. Ele rebateu as alega\u00e7\u00f5es da diretoria que afirmavam que os ex-jogadores tentavam tumultuar o ambiente com inverdades sobre a falta de pagamento do b\u00f4nus das conquistas da Copa Libertadores da Am\u00e9rica e do Campeonato Brasileiro.<\/p>\n\n\n\n<ul class=\"wp-block-list\">\n<li><a href=\"https:\/\/www.gaveanews.com\/index.php\/2025\/01\/14\/cucho-hernandez-leo-linck-marlon-gomes-bitello-veja-como-estao-as-negociacoes-do-botafogo\/\">Cucho Hern\u00e1ndez, L\u00e9o Linck, Marlon Gomes, Bitello: veja como est\u00e3o as negocia\u00e7\u00f5es do Botafogo<\/a><\/li>\n\n\n\n<li><a href=\"https:\/\/www.gaveanews.com\/index.php\/2025\/01\/13\/botafogo-a-declaracao-de-gilmar-ferreira-direcionada-a-newton-e-yarlen\/\">Botafogo: a declara\u00e7\u00e3o de Gilmar Ferreira direcionada a Newton e Yarlen<\/a><\/li>\n<\/ul>\n\n\n\n<p>O jogador de 35 anos foi contra as afirma\u00e7\u00f5es do Glorioso, afirmando que n\u00e3o tem poder sobre o dia a dia botafoguense e por isso n\u00e3o consegue tumultuar. Mas reiterou que tem direito ao recebimento do b\u00f4nus que n\u00e3o foi pago.<\/p>\n\n\n\n<p>\u201cO que est\u00e1 saindo \u00e9 uma como\u00e7\u00e3o mais de grupo, os que est\u00e3o saindo s\u00e3o os que menos podem falar. N\u00e3o posso falar \u2018o grupo s\u00f3 vai se reapresentar na data tal\u2019, n\u00e3o estou mais l\u00e1. Posso dar sugest\u00e3o, mas como falam que s\u00e3o os ex-jogadores que est\u00e3o pensando no futuro deles? \u00c9 pr\u00eamio, entendo a nota do Botafogo, recebeu no dia 27, todo mundo de f\u00e9rias, vamos pagar daqui a 20 dias. Para mim, est\u00e1 beleza. N\u00e3o vou mentir n\u00e3o, tinha conta no dia 10, Botafogo, mas se for pagar agora ou daqui a seis meses, est\u00e1 tranquilo, porque sei que tenho b\u00f4nus para receber por ser campe\u00e3o da Libertadores e do Brasileiro\u201d, comentou Mar\u00e7al em entrevista ao \u201cCharla Podcast\u201d.<\/p>\n\n\n\n<p>Mar\u00e7al ainda relatou que ficou chateado com a situa\u00e7\u00e3o. Ele revelou que o clube havia prometido quitar o d\u00e9bito em uma data e n\u00e3o cumpriu, mas relativizou o estranhamento com o Botafogo.<\/p>\n\n\n\n<p>\u201cTeve essa situa\u00e7\u00e3o da nota, que fiquei chateado, mas a resolu\u00e7\u00e3o mesmo quem est\u00e1 conversando s\u00e3o os jogadores que est\u00e3o ali. Eu podia conversar enquanto meu contrato estava vigente. Fizemos solicita\u00e7\u00e3o, n\u00e3o teve mudan\u00e7a, beleza, est\u00e1 de boa. Est\u00e1 acontecendo muito alarde, o Botafogo falou do dia 27, n\u00e3o conseguiu fazer, o pessoal est\u00e1 tranquilo. Os caras viajam. Zero estresse. O que os jogadores de 2025 est\u00e3o conversando com o clube eu n\u00e3o sei, n\u00e3o tenho nada a ver com isso\u201d, completou.<\/p>\n\n\n\n<h2 class=\"wp-block-heading\" id=\"h-confira-a-nota-do-botafogo\">Confira a nota do Botafogo<\/h2>\n\n\n\n<p>\u201cA CONMEBOL repassou a premia\u00e7\u00e3o referente ao t\u00edtulo da Libertadores \u00e0 CBF dia 20\/12. Por sua vez, a entidade brasileira encaminhou ao Clube o montante no dia 27\/12 &#8211; durante per\u00edodo de recesso do staff financeiro e administrativo da SAF.<\/p>\n\n\n\n<p>O Clube vai realizar o pagamento das premia\u00e7\u00f5es acordadas dentro do prazo de at\u00e9 20 dias \u00fateis ap\u00f3s o recebimento, como regem as pr\u00e1ticas de mercado.<\/p>\n\n\n\n<p>\u00c9 importante ressaltar que um grupo de jogadores que n\u00e3o est\u00e1 mais no elenco solicitou aumento de 25% da premia\u00e7\u00e3o nos \u00faltimos dias antes do t\u00e9rmino da temporada, sem base contratual alguma \u2014 na tentativa de reconfigurar um acordo h\u00e1 meses estabelecido. A SAF n\u00e3o aceitou, seguindo o que foi previamente acertado entre as partes. Hoje alguns destes mesmos ex-jogadores est\u00e3o promovendo inverdades na m\u00eddia na tentativa de garantir ganho pessoal. Esperamos que a imprensa cumpra o seu papel de conten\u00e7\u00e3o e apura\u00e7\u00e3o antes de permitir que jornalistas sejam utilizados para tais prop\u00f3sitos.&nbsp;<\/p>\n\n\n\n<p>O Botafogo vive um momento esportivo e institucional \u00fanico em sua hist\u00f3ria e segue envidando todos os esfor\u00e7os para continuar a trilha pelo seu caminho de vit\u00f3rias\u201d.<\/p>\n","protected":false},"excerpt":{"rendered":"<p>O lateral-esquerdo Mar\u00e7al entrou em rota de colis\u00e3o com o Botafogo. Ele rebateu as alega\u00e7\u00f5es da diretoria que afirmavam que os ex-jogadores tentavam tumultuar o ambiente com inverdades sobre a falta de pagamento do b\u00f4nus das conquistas da Copa Libertadores da Am\u00e9rica e do Campeonato Brasileiro. O jogador de 35 anos foi contra as afirma\u00e7\u00f5es [&hellip;]<\/p>\n","protected":false},"author":29,"featured_media":166401,"comment_status":"open","ping_status":"closed","sticky":false,"template":"","format":"standard","meta":{"footnotes":""},"categories":[138],"tags":[],"class_list":["post-212153","post","type-post","status-publish","format-standard","has-post-thumbnail","hentry","category-botafogo"],"yoast_head":"<!-- This site is optimized with the Yoast SEO Premium plugin v24.2 (Yoast SEO v26.9) - https:\/\/yoast.com\/product\/yoast-seo-premium-wordpress\/ -->\n<title>A declara\u00e7\u00e3o de Mar\u00e7al direcionada ao Botafogo<\/title>\n<meta name=\"robots\" content=\"index, follow, max-snippet:-1, max-image-preview:large, max-video-preview:-1\" \/>\n<link rel=\"canonical\" href=\"https:\/\/www.gaveanews.com\/index.php\/2025\/01\/14\/a-declaracao-de-marcal-direcionada-ao-botafogo\/\" \/>\n<meta property=\"og:locale\" content=\"pt_BR\" \/>\n<meta property=\"og:type\" content=\"article\" \/>\n<meta property=\"og:title\" content=\"A declara\u00e7\u00e3o de Mar\u00e7al direcionada ao Botafogo\" \/>\n<meta property=\"og:description\" content=\"O lateral-esquerdo Mar\u00e7al entrou em rota de colis\u00e3o com o Botafogo. Ele rebateu as alega\u00e7\u00f5es da diretoria que afirmavam que os ex-jogadores tentavam tumultuar o ambiente com inverdades sobre a falta de pagamento do b\u00f4nus das conquistas da Copa Libertadores da Am\u00e9rica e do Campeonato Brasileiro. O jogador de 35 anos foi contra as afirma\u00e7\u00f5es [&hellip;]\" \/>\n<meta property=\"og:url\" content=\"https:\/\/www.gaveanews.com\/index.php\/2025\/01\/14\/a-declaracao-de-marcal-direcionada-ao-botafogo\/\" \/>\n<meta property=\"og:site_name\" content=\"G\u00e1vea News\" \/>\n<meta property=\"article:publisher\" content=\"https:\/\/facebook.com\/gaveaNews\/\" \/>\n<meta property=\"article:published_time\" content=\"2025-01-14T11:50:00+00:00\" \/>\n<meta property=\"og:image\" content=\"https:\/\/www.gaveanews.com\/wp-content\/uploads\/Marcal-apresentado-no-Botafogo.webp\" \/>\n\t<meta property=\"og:image:width\" content=\"984\" \/>\n\t<meta property=\"og:image:height\" content=\"656\" \/>\n\t<meta property=\"og:image:type\" content=\"image\/webp\" \/>\n<meta name=\"author\" content=\"Marco Menezes\" \/>\n<meta name=\"twitter:card\" content=\"summary_large_image\" \/>\n<meta name=\"twitter:label1\" content=\"Escrito por\" \/>\n\t<meta name=\"twitter:data1\" content=\"Marco Menezes\" \/>\n\t<meta name=\"twitter:label2\" content=\"Est. tempo de leitura\" \/>\n\t<meta name=\"twitter:data2\" content=\"4 minutos\" \/>\n<script type=\"application\/ld+json\" class=\"yoast-schema-graph\">{\"@context\":\"https:\/\/schema.org\",\"@graph\":[{\"@type\":\"NewsArticle\",\"@id\":\"https:\/\/www.gaveanews.com\/index.php\/2025\/01\/14\/a-declaracao-de-marcal-direcionada-ao-botafogo\/#article\",\"isPartOf\":{\"@id\":\"https:\/\/www.gaveanews.com\/index.php\/2025\/01\/14\/a-declaracao-de-marcal-direcionada-ao-botafogo\/\"},\"author\":{\"name\":\"Marco Menezes\",\"@id\":\"https:\/\/www.gaveanews.com\/#\/schema\/person\/a9f62fe75380c6bada1b2fc49bc23d69\"},\"headline\":\"A declara\u00e7\u00e3o de Mar\u00e7al direcionada ao Botafogo\",\"datePublished\":\"2025-01-14T11:50:00+00:00\",\"mainEntityOfPage\":{\"@id\":\"https:\/\/www.gaveanews.com\/index.php\/2025\/01\/14\/a-declaracao-de-marcal-direcionada-ao-botafogo\/\"},\"wordCount\":596,\"commentCount\":0,\"image\":{\"@id\":\"https:\/\/www.gaveanews.com\/index.php\/2025\/01\/14\/a-declaracao-de-marcal-direcionada-ao-botafogo\/#primaryimage\"},\"thumbnailUrl\":\"https:\/\/www.gaveanews.com\/wp-content\/uploads\/Marcal-apresentado-no-Botafogo.webp\",\"articleSection\":[\"Botafogo\"],\"inLanguage\":\"pt-BR\",\"potentialAction\":[{\"@type\":\"CommentAction\",\"name\":\"Comment\",\"target\":[\"https:\/\/www.gaveanews.com\/index.php\/2025\/01\/14\/a-declaracao-de-marcal-direcionada-ao-botafogo\/#respond\"]}],\"copyrightYear\":\"2025\",\"copyrightHolder\":{\"@id\":\"https:\/\/www.gaveanews.com\/#organization\"}},{\"@type\":\"WebPage\",\"@id\":\"https:\/\/www.gaveanews.com\/index.php\/2025\/01\/14\/a-declaracao-de-marcal-direcionada-ao-botafogo\/\",\"url\":\"https:\/\/www.gaveanews.com\/index.php\/2025\/01\/14\/a-declaracao-de-marcal-direcionada-ao-botafogo\/\",\"name\":\"A declara\u00e7\u00e3o de Mar\u00e7al direcionada ao Botafogo\",\"isPartOf\":{\"@id\":\"https:\/\/www.gaveanews.com\/#website\"},\"primaryImageOfPage\":{\"@id\":\"https:\/\/www.gaveanews.com\/index.php\/2025\/01\/14\/a-declaracao-de-marcal-direcionada-ao-botafogo\/#primaryimage\"},\"image\":{\"@id\":\"https:\/\/www.gaveanews.com\/index.php\/2025\/01\/14\/a-declaracao-de-marcal-direcionada-ao-botafogo\/#primaryimage\"},\"thumbnailUrl\":\"https:\/\/www.gaveanews.com\/wp-content\/uploads\/Marcal-apresentado-no-Botafogo.webp\",\"datePublished\":\"2025-01-14T11:50:00+00:00\",\"author\":{\"@id\":\"https:\/\/www.gaveanews.com\/#\/schema\/person\/a9f62fe75380c6bada1b2fc49bc23d69\"},\"breadcrumb\":{\"@id\":\"https:\/\/www.gaveanews.com\/index.php\/2025\/01\/14\/a-declaracao-de-marcal-direcionada-ao-botafogo\/#breadcrumb\"},\"inLanguage\":\"pt-BR\",\"potentialAction\":[{\"@type\":\"ReadAction\",\"target\":[\"https:\/\/www.gaveanews.com\/index.php\/2025\/01\/14\/a-declaracao-de-marcal-direcionada-ao-botafogo\/\"]}]},{\"@type\":\"ImageObject\",\"inLanguage\":\"pt-BR\",\"@id\":\"https:\/\/www.gaveanews.com\/index.php\/2025\/01\/14\/a-declaracao-de-marcal-direcionada-ao-botafogo\/#primaryimage\",\"url\":\"https:\/\/www.gaveanews.com\/wp-content\/uploads\/Marcal-apresentado-no-Botafogo.webp\",\"contentUrl\":\"https:\/\/www.gaveanews.com\/wp-content\/uploads\/Marcal-apresentado-no-Botafogo.webp\",\"width\":984,\"height\":656,\"caption\":\"Mar\u00e7al apresentado no Botafogo (Foto: Divulga\u00e7\u00e3o\/Botafogo)\"},{\"@type\":\"BreadcrumbList\",\"@id\":\"https:\/\/www.gaveanews.com\/index.php\/2025\/01\/14\/a-declaracao-de-marcal-direcionada-ao-botafogo\/#breadcrumb\",\"itemListElement\":[{\"@type\":\"ListItem\",\"position\":1,\"name\":\"Home\",\"item\":\"https:\/\/www.gaveanews.com\/\"},{\"@type\":\"ListItem\",\"position\":2,\"name\":\"A declara\u00e7\u00e3o de Mar\u00e7al direcionada ao Botafogo\"}]},{\"@type\":\"WebSite\",\"@id\":\"https:\/\/www.gaveanews.com\/#website\",\"url\":\"https:\/\/www.gaveanews.com\/\",\"name\":\"G\u00e1vea News\",\"description\":\"Veja todas as not\u00edcias sobre o Flamengo: Contrata\u00e7\u00f5es, categorias de base, resultados das partidas, tabela de classifica\u00e7\u00e3o, pr\u00f3ximos jogos!\",\"potentialAction\":[{\"@type\":\"SearchAction\",\"target\":{\"@type\":\"EntryPoint\",\"urlTemplate\":\"https:\/\/www.gaveanews.com\/?s={search_term_string}\"},\"query-input\":{\"@type\":\"PropertyValueSpecification\",\"valueRequired\":true,\"valueName\":\"search_term_string\"}}],\"inLanguage\":\"pt-BR\"},{\"@type\":\"Person\",\"@id\":\"https:\/\/www.gaveanews.com\/#\/schema\/person\/a9f62fe75380c6bada1b2fc49bc23d69\",\"name\":\"Marco Menezes\",\"image\":{\"@type\":\"ImageObject\",\"inLanguage\":\"pt-BR\",\"@id\":\"https:\/\/www.gaveanews.com\/#\/schema\/person\/image\/\",\"url\":\"https:\/\/secure.gravatar.com\/avatar\/a1d148ae17fc8bfc5dbccffd07979e8bd2c9ba494221779de86ec2c7907b71ec?s=96&d=mm&r=g\",\"contentUrl\":\"https:\/\/secure.gravatar.com\/avatar\/a1d148ae17fc8bfc5dbccffd07979e8bd2c9ba494221779de86ec2c7907b71ec?s=96&d=mm&r=g\",\"caption\":\"Marco Menezes\"}}]}<\/script>\n<!-- \/ Yoast SEO Premium plugin. -->","yoast_head_json":{"title":"A declara\u00e7\u00e3o de Mar\u00e7al direcionada ao Botafogo","robots":{"index":"index","follow":"follow","max-snippet":"max-snippet:-1","max-image-preview":"max-image-preview:large","max-video-preview":"max-video-preview:-1"},"canonical":"https:\/\/www.gaveanews.com\/index.php\/2025\/01\/14\/a-declaracao-de-marcal-direcionada-ao-botafogo\/","og_locale":"pt_BR","og_type":"article","og_title":"A declara\u00e7\u00e3o de Mar\u00e7al direcionada ao Botafogo","og_description":"O lateral-esquerdo Mar\u00e7al entrou em rota de colis\u00e3o com o Botafogo. Ele rebateu as alega\u00e7\u00f5es da diretoria que afirmavam que os ex-jogadores tentavam tumultuar o ambiente com inverdades sobre a falta de pagamento do b\u00f4nus das conquistas da Copa Libertadores da Am\u00e9rica e do Campeonato Brasileiro. O jogador de 35 anos foi contra as afirma\u00e7\u00f5es [&hellip;]","og_url":"https:\/\/www.gaveanews.com\/index.php\/2025\/01\/14\/a-declaracao-de-marcal-direcionada-ao-botafogo\/","og_site_name":"G\u00e1vea News","article_publisher":"https:\/\/facebook.com\/gaveaNews\/","article_published_time":"2025-01-14T11:50:00+00:00","og_image":[{"width":984,"height":656,"url":"https:\/\/www.gaveanews.com\/wp-content\/uploads\/Marcal-apresentado-no-Botafogo.webp","type":"image\/webp"}],"author":"Marco Menezes","twitter_card":"summary_large_image","twitter_misc":{"Escrito por":"Marco Menezes","Est. tempo de leitura":"4 minutos"},"schema":{"@context":"https:\/\/schema.org","@graph":[{"@type":"NewsArticle","@id":"https:\/\/www.gaveanews.com\/index.php\/2025\/01\/14\/a-declaracao-de-marcal-direcionada-ao-botafogo\/#article","isPartOf":{"@id":"https:\/\/www.gaveanews.com\/index.php\/2025\/01\/14\/a-declaracao-de-marcal-direcionada-ao-botafogo\/"},"author":{"name":"Marco Menezes","@id":"https:\/\/www.gaveanews.com\/#\/schema\/person\/a9f62fe75380c6bada1b2fc49bc23d69"},"headline":"A declara\u00e7\u00e3o de Mar\u00e7al direcionada ao Botafogo","datePublished":"2025-01-14T11:50:00+00:00","mainEntityOfPage":{"@id":"https:\/\/www.gaveanews.com\/index.php\/2025\/01\/14\/a-declaracao-de-marcal-direcionada-ao-botafogo\/"},"wordCount":596,"commentCount":0,"image":{"@id":"https:\/\/www.gaveanews.com\/index.php\/2025\/01\/14\/a-declaracao-de-marcal-direcionada-ao-botafogo\/#primaryimage"},"thumbnailUrl":"https:\/\/www.gaveanews.com\/wp-content\/uploads\/Marcal-apresentado-no-Botafogo.webp","articleSection":["Botafogo"],"inLanguage":"pt-BR","potentialAction":[{"@type":"CommentAction","name":"Comment","target":["https:\/\/www.gaveanews.com\/index.php\/2025\/01\/14\/a-declaracao-de-marcal-direcionada-ao-botafogo\/#respond"]}],"copyrightYear":"2025","copyrightHolder":{"@id":"https:\/\/www.gaveanews.com\/#organization"}},{"@type":"WebPage","@id":"https:\/\/www.gaveanews.com\/index.php\/2025\/01\/14\/a-declaracao-de-marcal-direcionada-ao-botafogo\/","url":"https:\/\/www.gaveanews.com\/index.php\/2025\/01\/14\/a-declaracao-de-marcal-direcionada-ao-botafogo\/","name":"A declara\u00e7\u00e3o de Mar\u00e7al direcionada ao Botafogo","isPartOf":{"@id":"https:\/\/www.gaveanews.com\/#website"},"primaryImageOfPage":{"@id":"https:\/\/www.gaveanews.com\/index.php\/2025\/01\/14\/a-declaracao-de-marcal-direcionada-ao-botafogo\/#primaryimage"},"image":{"@id":"https:\/\/www.gaveanews.com\/index.php\/2025\/01\/14\/a-declaracao-de-marcal-direcionada-ao-botafogo\/#primaryimage"},"thumbnailUrl":"https:\/\/www.gaveanews.com\/wp-content\/uploads\/Marcal-apresentado-no-Botafogo.webp","datePublished":"2025-01-14T11:50:00+00:00","author":{"@id":"https:\/\/www.gaveanews.com\/#\/schema\/person\/a9f62fe75380c6bada1b2fc49bc23d69"},"breadcrumb":{"@id":"https:\/\/www.gaveanews.com\/index.php\/2025\/01\/14\/a-declaracao-de-marcal-direcionada-ao-botafogo\/#breadcrumb"},"inLanguage":"pt-BR","potentialAction":[{"@type":"ReadAction","target":["https:\/\/www.gaveanews.com\/index.php\/2025\/01\/14\/a-declaracao-de-marcal-direcionada-ao-botafogo\/"]}]},{"@type":"ImageObject","inLanguage":"pt-BR","@id":"https:\/\/www.gaveanews.com\/index.php\/2025\/01\/14\/a-declaracao-de-marcal-direcionada-ao-botafogo\/#primaryimage","url":"https:\/\/www.gaveanews.com\/wp-content\/uploads\/Marcal-apresentado-no-Botafogo.webp","contentUrl":"https:\/\/www.gaveanews.com\/wp-content\/uploads\/Marcal-apresentado-no-Botafogo.webp","width":984,"height":656,"caption":"Mar\u00e7al apresentado no Botafogo (Foto: Divulga\u00e7\u00e3o\/Botafogo)"},{"@type":"BreadcrumbList","@id":"https:\/\/www.gaveanews.com\/index.php\/2025\/01\/14\/a-declaracao-de-marcal-direcionada-ao-botafogo\/#breadcrumb","itemListElement":[{"@type":"ListItem","position":1,"name":"Home","item":"https:\/\/www.gaveanews.com\/"},{"@type":"ListItem","position":2,"name":"A declara\u00e7\u00e3o de Mar\u00e7al direcionada ao Botafogo"}]},{"@type":"WebSite","@id":"https:\/\/www.gaveanews.com\/#website","url":"https:\/\/www.gaveanews.com\/","name":"G\u00e1vea News","description":"Veja todas as not\u00edcias sobre o Flamengo: Contrata\u00e7\u00f5es, categorias de base, resultados das partidas, tabela de classifica\u00e7\u00e3o, pr\u00f3ximos jogos!","potentialAction":[{"@type":"SearchAction","target":{"@type":"EntryPoint","urlTemplate":"https:\/\/www.gaveanews.com\/?s={search_term_string}"},"query-input":{"@type":"PropertyValueSpecification","valueRequired":true,"valueName":"search_term_string"}}],"inLanguage":"pt-BR"},{"@type":"Person","@id":"https:\/\/www.gaveanews.com\/#\/schema\/person\/a9f62fe75380c6bada1b2fc49bc23d69","name":"Marco Menezes","image":{"@type":"ImageObject","inLanguage":"pt-BR","@id":"https:\/\/www.gaveanews.com\/#\/schema\/person\/image\/","url":"https:\/\/secure.gravatar.com\/avatar\/a1d148ae17fc8bfc5dbccffd07979e8bd2c9ba494221779de86ec2c7907b71ec?s=96&d=mm&r=g","contentUrl":"https:\/\/secure.gravatar.com\/avatar\/a1d148ae17fc8bfc5dbccffd07979e8bd2c9ba494221779de86ec2c7907b71ec?s=96&d=mm&r=g","caption":"Marco Menezes"}}]}},"_links":{"self":[{"href":"https:\/\/www.gaveanews.com\/index.php\/wp-json\/wp\/v2\/posts\/212153","targetHints":{"allow":["GET"]}}],"collection":[{"href":"https:\/\/www.gaveanews.com\/index.php\/wp-json\/wp\/v2\/posts"}],"about":[{"href":"https:\/\/www.gaveanews.com\/index.php\/wp-json\/wp\/v2\/types\/post"}],"author":[{"embeddable":true,"href":"https:\/\/www.gaveanews.com\/index.php\/wp-json\/wp\/v2\/users\/29"}],"replies":[{"embeddable":true,"href":"https:\/\/www.gaveanews.com\/index.php\/wp-json\/wp\/v2\/comments?post=212153"}],"version-history":[{"count":1,"href":"https:\/\/www.gaveanews.com\/index.php\/wp-json\/wp\/v2\/posts\/212153\/revisions"}],"predecessor-version":[{"id":212154,"href":"https:\/\/www.gaveanews.com\/index.php\/wp-json\/wp\/v2\/posts\/212153\/revisions\/212154"}],"wp:featuredmedia":[{"embeddable":true,"href":"https:\/\/www.gaveanews.com\/index.php\/wp-json\/wp\/v2\/media\/166401"}],"wp:attachment":[{"href":"https:\/\/www.gaveanews.com\/index.php\/wp-json\/wp\/v2\/media?parent=212153"}],"wp:term":[{"taxonomy":"category","embeddable":true,"href":"https:\/\/www.gaveanews.com\/index.php\/wp-json\/wp\/v2\/categories?post=212153"},{"taxonomy":"post_tag","embeddable":true,"href":"https:\/\/www.gaveanews.com\/index.php\/wp-json\/wp\/v2\/tags?post=212153"}],"curies":[{"name":"wp","href":"https:\/\/api.w.org\/{rel}","templated":true}]}}