{"id":212232,"date":"2025-01-14T11:12:03","date_gmt":"2025-01-14T14:12:03","guid":{"rendered":"https:\/\/www.gaveanews.com\/?p=212232"},"modified":"2025-01-14T11:12:07","modified_gmt":"2025-01-14T14:12:07","slug":"manchester-city-a-declaracao-de-pep-guardiola-direcionada-a-kyle-walker","status":"publish","type":"post","link":"https:\/\/www.gaveanews.com\/index.php\/2025\/01\/14\/manchester-city-a-declaracao-de-pep-guardiola-direcionada-a-kyle-walker\/","title":{"rendered":"Manchester City: a declara\u00e7\u00e3o de Pep Guardiola direcionada a Kyle Walker"},"content":{"rendered":"\n<p>O lateral Walker, do Manchester City, pediu para deixar o clube ingl\u00eas ap\u00f3s a goleada da equipe comandada por Pep Guardiola no fim de semana. Segundo informa\u00e7\u00f5es do jornal \u201cThe Telegraph\u201d,\u00a0o jogador est\u00e1 pr\u00f3ximo do clube Milan e as partes discutem um contrato v\u00e1lido por duas temporadas e meia.<\/p>\n\n\n\n<ul class=\"wp-block-list\">\n<li><a href=\"https:\/\/www.gaveanews.com\/index.php\/2025\/01\/05\/manchester-city-a-declaracao-de-pep-guardiola-direcionada-a-savinho\/\">Manchester City: a declara\u00e7\u00e3o de Pep Guardiola direcionada a Savinho<\/a><\/li>\n\n\n\n<li><a href=\"https:\/\/www.gaveanews.com\/index.php\/2024\/10\/03\/a-declaracao-de-pep-guardiola-sobre-o-elenco-do-manchester-city\/\">A declara\u00e7\u00e3o de Pep Guardiola sobre o elenco do Manchester City<\/a><\/li>\n<\/ul>\n\n\n\n<h2 class=\"wp-block-heading\" id=\"h-declaracao-do-tecnico\">Declara\u00e7\u00e3o do t\u00e9cnico <\/h2>\n\n\n\n<p>Na \u00faltima segunda-feira (13), o t\u00e9cnico Guardiola comentou sobre a situa\u00e7\u00e3o do lateral Walker. Segundo ele, n\u00e3o h\u00e1 novidades em rela\u00e7\u00e3o \u00e0 poss\u00edvel sa\u00edda do jogador. O treinador deixou claro que a situa\u00e7\u00e3o segue a mesma, sem mudan\u00e7as ou novos desenvolvimentos a respeito do futuro do atleta na equipe.<\/p>\n\n\n\n<p>\u201cNenhuma novidade. N\u00e3o vou acrescentar nada, sem mais novidades. S\u00f3 tenho Brentford em mente. Decidiremos esta tarde ap\u00f3s o treino\u201d, disse Pep Guardiola. Al\u00e9m disso, o comandante da equipe inglesa comentou sobre a sequ\u00eancia de tr\u00eas vit\u00f3rias do Manchester City ap\u00f3s uma longa fase \u2018em crise\u2019.<\/p>\n\n\n\n<p>\u201cVencemos tr\u00eas jogos. Antes era imposs\u00edvel vencer um. Agora vencemos tr\u00eas, e isso nos ajuda. Mas, a realidade \u00e9 que vencemos um time no \u00faltimo jogo pela diferen\u00e7a da Premier League e da League Two, os emblemas de ambos os times e muitas raz\u00f5es pelas quais dever\u00edamos vencer. Temos que esperar para ver se somos quem somos. O clima est\u00e1 melhor. Amanh\u00e3 temos um jogo extremamente dif\u00edcil\u201d, afirmou.<\/p>\n\n\n\n<p>No entanto, o treinador afirmou que ainda n\u00e3o sabe se foi feito um acordo para a contrata\u00e7\u00e3o do zagueiro Abdukodir Khusanov, do Lens. Al\u00e9m disso, ele comentou sobre a situa\u00e7\u00e3o de Rodri, mantendo certa cautela em rela\u00e7\u00e3o \u00e0s negocia\u00e7\u00f5es e movimenta\u00e7\u00f5es envolvendo os jogadores.<\/p>\n\n\n\n<p>\u201cO clube n\u00e3o anunciou nada. N\u00e3o sei. [O retorno de] Rodri \u00e9 imposs\u00edvel, mas os outros eu quero de volta. N\u00e3o estar\u00edamos na posi\u00e7\u00e3o em que estamos, mas lutamos a temporada toda. N\u00e3o \u00e9 s\u00f3 Rodri, temos muitos problemas na defesa. \u00c9 por isso que o clube est\u00e1 pensando que podemos fazer essa transfer\u00eancia\u201d, finalizou.<\/p>\n\n\n\n<h2 class=\"wp-block-heading\" id=\"h-quando-o-manchester-city-entra-em-campo-novamente\">Quando o Manchester City entra em campo novamente<\/h2>\n\n\n\n<p> Manchester City e Brentford se enfrentam em partida v\u00e1lida pela\u00a021\u00aa rodada\u00a0da\u00a0Premier League 2024\/25. O duelo acontecer\u00e1 hoje, ter\u00e7a-feira (14\/01), \u00e0s 16:30 (hor\u00e1rio de Bras\u00edlia), no est\u00e1dio Brentford Community. Depois de uma sequ\u00eancia negativa de resultados, o City chega vindo de quatro jogos sem perder e pode retornar \u00e0 zona de classifica\u00e7\u00e3o para a Champions League, dependendo dos resultados da rodada. J\u00e1 o Brentford ocupa a parte intermedi\u00e1ria da tabela de classifica\u00e7\u00e3o.<\/p>\n","protected":false},"excerpt":{"rendered":"<p>O lateral Walker, do Manchester City, pediu para deixar o clube ingl\u00eas ap\u00f3s a goleada da equipe comandada por Pep Guardiola no fim de semana. Segundo informa\u00e7\u00f5es do jornal \u201cThe Telegraph\u201d,\u00a0o jogador est\u00e1 pr\u00f3ximo do clube Milan e as partes discutem um contrato v\u00e1lido por duas temporadas e meia. Declara\u00e7\u00e3o do t\u00e9cnico Na \u00faltima segunda-feira [&hellip;]<\/p>\n","protected":false},"author":31,"featured_media":110322,"comment_status":"open","ping_status":"closed","sticky":false,"template":"","format":"standard","meta":{"footnotes":""},"categories":[84],"tags":[],"class_list":["post-212232","post","type-post","status-publish","format-standard","has-post-thumbnail","hentry","category-manchester-city"],"yoast_head":"<!-- This site is optimized with the Yoast SEO Premium plugin v24.2 (Yoast SEO v26.9) - https:\/\/yoast.com\/product\/yoast-seo-premium-wordpress\/ -->\n<title>Manchester City: a declara\u00e7\u00e3o de Pep Guardiola direcionada a Kyle Walker<\/title>\n<meta name=\"robots\" content=\"index, follow, max-snippet:-1, max-image-preview:large, max-video-preview:-1\" \/>\n<link rel=\"canonical\" href=\"https:\/\/www.gaveanews.com\/index.php\/2025\/01\/14\/manchester-city-a-declaracao-de-pep-guardiola-direcionada-a-kyle-walker\/\" \/>\n<meta property=\"og:locale\" content=\"pt_BR\" \/>\n<meta property=\"og:type\" content=\"article\" \/>\n<meta property=\"og:title\" content=\"Manchester City: a declara\u00e7\u00e3o de Pep Guardiola direcionada a Kyle Walker\" \/>\n<meta property=\"og:description\" content=\"O lateral Walker, do Manchester City, pediu para deixar o clube ingl\u00eas ap\u00f3s a goleada da equipe comandada por Pep Guardiola no fim de semana. Segundo informa\u00e7\u00f5es do jornal \u201cThe Telegraph\u201d,\u00a0o jogador est\u00e1 pr\u00f3ximo do clube Milan e as partes discutem um contrato v\u00e1lido por duas temporadas e meia. Declara\u00e7\u00e3o do t\u00e9cnico Na \u00faltima segunda-feira [&hellip;]\" \/>\n<meta property=\"og:url\" content=\"https:\/\/www.gaveanews.com\/index.php\/2025\/01\/14\/manchester-city-a-declaracao-de-pep-guardiola-direcionada-a-kyle-walker\/\" \/>\n<meta property=\"og:site_name\" content=\"G\u00e1vea News\" \/>\n<meta property=\"article:publisher\" content=\"https:\/\/facebook.com\/gaveaNews\/\" \/>\n<meta property=\"article:published_time\" content=\"2025-01-14T14:12:03+00:00\" \/>\n<meta property=\"article:modified_time\" content=\"2025-01-14T14:12:07+00:00\" \/>\n<meta property=\"og:image\" content=\"https:\/\/www.gaveanews.com\/wp-content\/uploads\/Pep-Guardiola-durante-o-jogo-entre-Manchester-City-x-West-Ham-pela-Premier-League-2023-24.webp\" \/>\n\t<meta property=\"og:image:width\" content=\"1080\" \/>\n\t<meta property=\"og:image:height\" content=\"719\" \/>\n\t<meta property=\"og:image:type\" content=\"image\/jpeg\" \/>\n<meta name=\"author\" content=\"Michel Camargo\" \/>\n<meta name=\"twitter:card\" content=\"summary_large_image\" \/>\n<meta name=\"twitter:label1\" content=\"Escrito por\" \/>\n\t<meta name=\"twitter:data1\" content=\"Michel Camargo\" \/>\n\t<meta name=\"twitter:label2\" content=\"Est. tempo de leitura\" \/>\n\t<meta name=\"twitter:data2\" content=\"3 minutos\" \/>\n<script type=\"application\/ld+json\" class=\"yoast-schema-graph\">{\"@context\":\"https:\/\/schema.org\",\"@graph\":[{\"@type\":\"NewsArticle\",\"@id\":\"https:\/\/www.gaveanews.com\/index.php\/2025\/01\/14\/manchester-city-a-declaracao-de-pep-guardiola-direcionada-a-kyle-walker\/#article\",\"isPartOf\":{\"@id\":\"https:\/\/www.gaveanews.com\/index.php\/2025\/01\/14\/manchester-city-a-declaracao-de-pep-guardiola-direcionada-a-kyle-walker\/\"},\"author\":{\"name\":\"Michel Camargo\",\"@id\":\"https:\/\/www.gaveanews.com\/#\/schema\/person\/6f5583f09aa4bcc9866a7360b5604486\"},\"headline\":\"Manchester City: a declara\u00e7\u00e3o de Pep Guardiola direcionada a Kyle Walker\",\"datePublished\":\"2025-01-14T14:12:03+00:00\",\"dateModified\":\"2025-01-14T14:12:07+00:00\",\"mainEntityOfPage\":{\"@id\":\"https:\/\/www.gaveanews.com\/index.php\/2025\/01\/14\/manchester-city-a-declaracao-de-pep-guardiola-direcionada-a-kyle-walker\/\"},\"wordCount\":474,\"commentCount\":0,\"image\":{\"@id\":\"https:\/\/www.gaveanews.com\/index.php\/2025\/01\/14\/manchester-city-a-declaracao-de-pep-guardiola-direcionada-a-kyle-walker\/#primaryimage\"},\"thumbnailUrl\":\"https:\/\/www.gaveanews.com\/wp-content\/uploads\/Pep-Guardiola-durante-o-jogo-entre-Manchester-City-x-West-Ham-pela-Premier-League-2023-24.webp\",\"articleSection\":[\"Manchester City\"],\"inLanguage\":\"pt-BR\",\"potentialAction\":[{\"@type\":\"CommentAction\",\"name\":\"Comment\",\"target\":[\"https:\/\/www.gaveanews.com\/index.php\/2025\/01\/14\/manchester-city-a-declaracao-de-pep-guardiola-direcionada-a-kyle-walker\/#respond\"]}],\"copyrightYear\":\"2025\",\"copyrightHolder\":{\"@id\":\"https:\/\/www.gaveanews.com\/#organization\"}},{\"@type\":\"WebPage\",\"@id\":\"https:\/\/www.gaveanews.com\/index.php\/2025\/01\/14\/manchester-city-a-declaracao-de-pep-guardiola-direcionada-a-kyle-walker\/\",\"url\":\"https:\/\/www.gaveanews.com\/index.php\/2025\/01\/14\/manchester-city-a-declaracao-de-pep-guardiola-direcionada-a-kyle-walker\/\",\"name\":\"Manchester City: a declara\u00e7\u00e3o de Pep Guardiola direcionada a Kyle Walker\",\"isPartOf\":{\"@id\":\"https:\/\/www.gaveanews.com\/#website\"},\"primaryImageOfPage\":{\"@id\":\"https:\/\/www.gaveanews.com\/index.php\/2025\/01\/14\/manchester-city-a-declaracao-de-pep-guardiola-direcionada-a-kyle-walker\/#primaryimage\"},\"image\":{\"@id\":\"https:\/\/www.gaveanews.com\/index.php\/2025\/01\/14\/manchester-city-a-declaracao-de-pep-guardiola-direcionada-a-kyle-walker\/#primaryimage\"},\"thumbnailUrl\":\"https:\/\/www.gaveanews.com\/wp-content\/uploads\/Pep-Guardiola-durante-o-jogo-entre-Manchester-City-x-West-Ham-pela-Premier-League-2023-24.webp\",\"datePublished\":\"2025-01-14T14:12:03+00:00\",\"dateModified\":\"2025-01-14T14:12:07+00:00\",\"author\":{\"@id\":\"https:\/\/www.gaveanews.com\/#\/schema\/person\/6f5583f09aa4bcc9866a7360b5604486\"},\"breadcrumb\":{\"@id\":\"https:\/\/www.gaveanews.com\/index.php\/2025\/01\/14\/manchester-city-a-declaracao-de-pep-guardiola-direcionada-a-kyle-walker\/#breadcrumb\"},\"inLanguage\":\"pt-BR\",\"potentialAction\":[{\"@type\":\"ReadAction\",\"target\":[\"https:\/\/www.gaveanews.com\/index.php\/2025\/01\/14\/manchester-city-a-declaracao-de-pep-guardiola-direcionada-a-kyle-walker\/\"]}]},{\"@type\":\"ImageObject\",\"inLanguage\":\"pt-BR\",\"@id\":\"https:\/\/www.gaveanews.com\/index.php\/2025\/01\/14\/manchester-city-a-declaracao-de-pep-guardiola-direcionada-a-kyle-walker\/#primaryimage\",\"url\":\"https:\/\/www.gaveanews.com\/wp-content\/uploads\/Pep-Guardiola-durante-o-jogo-entre-Manchester-City-x-West-Ham-pela-Premier-League-2023-24.webp\",\"contentUrl\":\"https:\/\/www.gaveanews.com\/wp-content\/uploads\/Pep-Guardiola-durante-o-jogo-entre-Manchester-City-x-West-Ham-pela-Premier-League-2023-24.webp\",\"width\":1080,\"height\":719,\"caption\":\"Pep Guardiola durante o jogo entre Manchester City x West Ham pela Premier League 2023-24 (Foto: Reprodu\u00e7\u00e3o\/Instagram)\"},{\"@type\":\"BreadcrumbList\",\"@id\":\"https:\/\/www.gaveanews.com\/index.php\/2025\/01\/14\/manchester-city-a-declaracao-de-pep-guardiola-direcionada-a-kyle-walker\/#breadcrumb\",\"itemListElement\":[{\"@type\":\"ListItem\",\"position\":1,\"name\":\"Home\",\"item\":\"https:\/\/www.gaveanews.com\/\"},{\"@type\":\"ListItem\",\"position\":2,\"name\":\"Manchester City: a declara\u00e7\u00e3o de Pep Guardiola direcionada a Kyle Walker\"}]},{\"@type\":\"WebSite\",\"@id\":\"https:\/\/www.gaveanews.com\/#website\",\"url\":\"https:\/\/www.gaveanews.com\/\",\"name\":\"G\u00e1vea News\",\"description\":\"Veja todas as not\u00edcias sobre o Flamengo: Contrata\u00e7\u00f5es, categorias de base, resultados das partidas, tabela de classifica\u00e7\u00e3o, pr\u00f3ximos jogos!\",\"potentialAction\":[{\"@type\":\"SearchAction\",\"target\":{\"@type\":\"EntryPoint\",\"urlTemplate\":\"https:\/\/www.gaveanews.com\/?s={search_term_string}\"},\"query-input\":{\"@type\":\"PropertyValueSpecification\",\"valueRequired\":true,\"valueName\":\"search_term_string\"}}],\"inLanguage\":\"pt-BR\"},{\"@type\":\"Person\",\"@id\":\"https:\/\/www.gaveanews.com\/#\/schema\/person\/6f5583f09aa4bcc9866a7360b5604486\",\"name\":\"Michel Camargo\",\"image\":{\"@type\":\"ImageObject\",\"inLanguage\":\"pt-BR\",\"@id\":\"https:\/\/www.gaveanews.com\/#\/schema\/person\/image\/\",\"url\":\"https:\/\/secure.gravatar.com\/avatar\/59285e68c26a1d55b30461b1bb1cc6534e5c51ef836b39890a73916a1db2d486?s=96&d=mm&r=g\",\"contentUrl\":\"https:\/\/secure.gravatar.com\/avatar\/59285e68c26a1d55b30461b1bb1cc6534e5c51ef836b39890a73916a1db2d486?s=96&d=mm&r=g\",\"caption\":\"Michel Camargo\"}}]}<\/script>\n<!-- \/ Yoast SEO Premium plugin. -->","yoast_head_json":{"title":"Manchester City: a declara\u00e7\u00e3o de Pep Guardiola direcionada a Kyle Walker","robots":{"index":"index","follow":"follow","max-snippet":"max-snippet:-1","max-image-preview":"max-image-preview:large","max-video-preview":"max-video-preview:-1"},"canonical":"https:\/\/www.gaveanews.com\/index.php\/2025\/01\/14\/manchester-city-a-declaracao-de-pep-guardiola-direcionada-a-kyle-walker\/","og_locale":"pt_BR","og_type":"article","og_title":"Manchester City: a declara\u00e7\u00e3o de Pep Guardiola direcionada a Kyle Walker","og_description":"O lateral Walker, do Manchester City, pediu para deixar o clube ingl\u00eas ap\u00f3s a goleada da equipe comandada por Pep Guardiola no fim de semana. Segundo informa\u00e7\u00f5es do jornal \u201cThe Telegraph\u201d,\u00a0o jogador est\u00e1 pr\u00f3ximo do clube Milan e as partes discutem um contrato v\u00e1lido por duas temporadas e meia. Declara\u00e7\u00e3o do t\u00e9cnico Na \u00faltima segunda-feira [&hellip;]","og_url":"https:\/\/www.gaveanews.com\/index.php\/2025\/01\/14\/manchester-city-a-declaracao-de-pep-guardiola-direcionada-a-kyle-walker\/","og_site_name":"G\u00e1vea News","article_publisher":"https:\/\/facebook.com\/gaveaNews\/","article_published_time":"2025-01-14T14:12:03+00:00","article_modified_time":"2025-01-14T14:12:07+00:00","og_image":[{"width":1080,"height":719,"url":"https:\/\/www.gaveanews.com\/wp-content\/uploads\/Pep-Guardiola-durante-o-jogo-entre-Manchester-City-x-West-Ham-pela-Premier-League-2023-24.webp","type":"image\/jpeg"}],"author":"Michel Camargo","twitter_card":"summary_large_image","twitter_misc":{"Escrito por":"Michel Camargo","Est. tempo de leitura":"3 minutos"},"schema":{"@context":"https:\/\/schema.org","@graph":[{"@type":"NewsArticle","@id":"https:\/\/www.gaveanews.com\/index.php\/2025\/01\/14\/manchester-city-a-declaracao-de-pep-guardiola-direcionada-a-kyle-walker\/#article","isPartOf":{"@id":"https:\/\/www.gaveanews.com\/index.php\/2025\/01\/14\/manchester-city-a-declaracao-de-pep-guardiola-direcionada-a-kyle-walker\/"},"author":{"name":"Michel Camargo","@id":"https:\/\/www.gaveanews.com\/#\/schema\/person\/6f5583f09aa4bcc9866a7360b5604486"},"headline":"Manchester City: a declara\u00e7\u00e3o de Pep Guardiola direcionada a Kyle Walker","datePublished":"2025-01-14T14:12:03+00:00","dateModified":"2025-01-14T14:12:07+00:00","mainEntityOfPage":{"@id":"https:\/\/www.gaveanews.com\/index.php\/2025\/01\/14\/manchester-city-a-declaracao-de-pep-guardiola-direcionada-a-kyle-walker\/"},"wordCount":474,"commentCount":0,"image":{"@id":"https:\/\/www.gaveanews.com\/index.php\/2025\/01\/14\/manchester-city-a-declaracao-de-pep-guardiola-direcionada-a-kyle-walker\/#primaryimage"},"thumbnailUrl":"https:\/\/www.gaveanews.com\/wp-content\/uploads\/Pep-Guardiola-durante-o-jogo-entre-Manchester-City-x-West-Ham-pela-Premier-League-2023-24.webp","articleSection":["Manchester City"],"inLanguage":"pt-BR","potentialAction":[{"@type":"CommentAction","name":"Comment","target":["https:\/\/www.gaveanews.com\/index.php\/2025\/01\/14\/manchester-city-a-declaracao-de-pep-guardiola-direcionada-a-kyle-walker\/#respond"]}],"copyrightYear":"2025","copyrightHolder":{"@id":"https:\/\/www.gaveanews.com\/#organization"}},{"@type":"WebPage","@id":"https:\/\/www.gaveanews.com\/index.php\/2025\/01\/14\/manchester-city-a-declaracao-de-pep-guardiola-direcionada-a-kyle-walker\/","url":"https:\/\/www.gaveanews.com\/index.php\/2025\/01\/14\/manchester-city-a-declaracao-de-pep-guardiola-direcionada-a-kyle-walker\/","name":"Manchester City: a declara\u00e7\u00e3o de Pep Guardiola direcionada a Kyle Walker","isPartOf":{"@id":"https:\/\/www.gaveanews.com\/#website"},"primaryImageOfPage":{"@id":"https:\/\/www.gaveanews.com\/index.php\/2025\/01\/14\/manchester-city-a-declaracao-de-pep-guardiola-direcionada-a-kyle-walker\/#primaryimage"},"image":{"@id":"https:\/\/www.gaveanews.com\/index.php\/2025\/01\/14\/manchester-city-a-declaracao-de-pep-guardiola-direcionada-a-kyle-walker\/#primaryimage"},"thumbnailUrl":"https:\/\/www.gaveanews.com\/wp-content\/uploads\/Pep-Guardiola-durante-o-jogo-entre-Manchester-City-x-West-Ham-pela-Premier-League-2023-24.webp","datePublished":"2025-01-14T14:12:03+00:00","dateModified":"2025-01-14T14:12:07+00:00","author":{"@id":"https:\/\/www.gaveanews.com\/#\/schema\/person\/6f5583f09aa4bcc9866a7360b5604486"},"breadcrumb":{"@id":"https:\/\/www.gaveanews.com\/index.php\/2025\/01\/14\/manchester-city-a-declaracao-de-pep-guardiola-direcionada-a-kyle-walker\/#breadcrumb"},"inLanguage":"pt-BR","potentialAction":[{"@type":"ReadAction","target":["https:\/\/www.gaveanews.com\/index.php\/2025\/01\/14\/manchester-city-a-declaracao-de-pep-guardiola-direcionada-a-kyle-walker\/"]}]},{"@type":"ImageObject","inLanguage":"pt-BR","@id":"https:\/\/www.gaveanews.com\/index.php\/2025\/01\/14\/manchester-city-a-declaracao-de-pep-guardiola-direcionada-a-kyle-walker\/#primaryimage","url":"https:\/\/www.gaveanews.com\/wp-content\/uploads\/Pep-Guardiola-durante-o-jogo-entre-Manchester-City-x-West-Ham-pela-Premier-League-2023-24.webp","contentUrl":"https:\/\/www.gaveanews.com\/wp-content\/uploads\/Pep-Guardiola-durante-o-jogo-entre-Manchester-City-x-West-Ham-pela-Premier-League-2023-24.webp","width":1080,"height":719,"caption":"Pep Guardiola durante o jogo entre Manchester City x West Ham pela Premier League 2023-24 (Foto: Reprodu\u00e7\u00e3o\/Instagram)"},{"@type":"BreadcrumbList","@id":"https:\/\/www.gaveanews.com\/index.php\/2025\/01\/14\/manchester-city-a-declaracao-de-pep-guardiola-direcionada-a-kyle-walker\/#breadcrumb","itemListElement":[{"@type":"ListItem","position":1,"name":"Home","item":"https:\/\/www.gaveanews.com\/"},{"@type":"ListItem","position":2,"name":"Manchester City: a declara\u00e7\u00e3o de Pep Guardiola direcionada a Kyle Walker"}]},{"@type":"WebSite","@id":"https:\/\/www.gaveanews.com\/#website","url":"https:\/\/www.gaveanews.com\/","name":"G\u00e1vea News","description":"Veja todas as not\u00edcias sobre o Flamengo: Contrata\u00e7\u00f5es, categorias de base, resultados das partidas, tabela de classifica\u00e7\u00e3o, pr\u00f3ximos jogos!","potentialAction":[{"@type":"SearchAction","target":{"@type":"EntryPoint","urlTemplate":"https:\/\/www.gaveanews.com\/?s={search_term_string}"},"query-input":{"@type":"PropertyValueSpecification","valueRequired":true,"valueName":"search_term_string"}}],"inLanguage":"pt-BR"},{"@type":"Person","@id":"https:\/\/www.gaveanews.com\/#\/schema\/person\/6f5583f09aa4bcc9866a7360b5604486","name":"Michel Camargo","image":{"@type":"ImageObject","inLanguage":"pt-BR","@id":"https:\/\/www.gaveanews.com\/#\/schema\/person\/image\/","url":"https:\/\/secure.gravatar.com\/avatar\/59285e68c26a1d55b30461b1bb1cc6534e5c51ef836b39890a73916a1db2d486?s=96&d=mm&r=g","contentUrl":"https:\/\/secure.gravatar.com\/avatar\/59285e68c26a1d55b30461b1bb1cc6534e5c51ef836b39890a73916a1db2d486?s=96&d=mm&r=g","caption":"Michel Camargo"}}]}},"_links":{"self":[{"href":"https:\/\/www.gaveanews.com\/index.php\/wp-json\/wp\/v2\/posts\/212232","targetHints":{"allow":["GET"]}}],"collection":[{"href":"https:\/\/www.gaveanews.com\/index.php\/wp-json\/wp\/v2\/posts"}],"about":[{"href":"https:\/\/www.gaveanews.com\/index.php\/wp-json\/wp\/v2\/types\/post"}],"author":[{"embeddable":true,"href":"https:\/\/www.gaveanews.com\/index.php\/wp-json\/wp\/v2\/users\/31"}],"replies":[{"embeddable":true,"href":"https:\/\/www.gaveanews.com\/index.php\/wp-json\/wp\/v2\/comments?post=212232"}],"version-history":[{"count":1,"href":"https:\/\/www.gaveanews.com\/index.php\/wp-json\/wp\/v2\/posts\/212232\/revisions"}],"predecessor-version":[{"id":212243,"href":"https:\/\/www.gaveanews.com\/index.php\/wp-json\/wp\/v2\/posts\/212232\/revisions\/212243"}],"wp:featuredmedia":[{"embeddable":true,"href":"https:\/\/www.gaveanews.com\/index.php\/wp-json\/wp\/v2\/media\/110322"}],"wp:attachment":[{"href":"https:\/\/www.gaveanews.com\/index.php\/wp-json\/wp\/v2\/media?parent=212232"}],"wp:term":[{"taxonomy":"category","embeddable":true,"href":"https:\/\/www.gaveanews.com\/index.php\/wp-json\/wp\/v2\/categories?post=212232"},{"taxonomy":"post_tag","embeddable":true,"href":"https:\/\/www.gaveanews.com\/index.php\/wp-json\/wp\/v2\/tags?post=212232"}],"curies":[{"name":"wp","href":"https:\/\/api.w.org\/{rel}","templated":true}]}}