{"id":212327,"date":"2025-01-14T21:20:00","date_gmt":"2025-01-15T00:20:00","guid":{"rendered":"https:\/\/www.gaveanews.com\/?p=212327"},"modified":"2025-01-14T18:33:13","modified_gmt":"2025-01-14T21:33:13","slug":"dudu-faz-nova-declaracao-direcionada-a-leila-pereira-do-palmeiras","status":"publish","type":"post","link":"https:\/\/www.gaveanews.com\/index.php\/2025\/01\/14\/dudu-faz-nova-declaracao-direcionada-a-leila-pereira-do-palmeiras\/","title":{"rendered":"Dudu faz nova declara\u00e7\u00e3o direcionada a Leila Pereira, do Palmeiras"},"content":{"rendered":"\n<p>A rela\u00e7\u00e3o entre Dudu e Leila Pereira, presidente do Palmeiras, continua marcada por pol\u00eamicas. Em nova declara\u00e7\u00e3o, o jogador do Cruzeiro voltou a criticar a mandat\u00e1ria, afirmando que ela s\u00f3 \u201cfala na lata\u201d pela imprensa. Entenda os detalhes dessa confus\u00e3o!<\/p>\n\n\n\n<ul class=\"wp-block-list\">\n<li><a href=\"https:\/\/www.gaveanews.com\/index.php\/2025\/01\/14\/palmeiras-a-declaracao-de-leila-pereira-direcionada-a-dudu\/\">Palmeiras: a declara\u00e7\u00e3o de Leila Pereira direcionada a Dudu<\/a><\/li>\n\n\n\n<li><a href=\"https:\/\/www.gaveanews.com\/index.php\/2025\/01\/08\/dudu-faz-publicacao-direcionada-a-cassio-do-cruzeiro\/\">Dudu faz publica\u00e7\u00e3o direcionada a C\u00e1ssio, do Cruzeiro<\/a><\/li>\n<\/ul>\n\n\n\n<h2 class=\"wp-block-heading\" id=\"h-criticas-nas-redes-sociais\">Cr\u00edticas nas redes sociais<\/h2>\n\n\n\n<p>Dudu utilizou as redes sociais para responder a uma publica\u00e7\u00e3o do jornalista Benjamin Back, que elogiava Leila Pereira por sua postura franca. Na postagem, o atleta afirmou:<\/p>\n\n\n\n<p>\u201cEssa pessoa s\u00f3 fala na lata pela imprensa, porque, na lata mesmo, ela n\u00e3o fala nada. Para mim, nunca teve coragem de falar na lata. Por que, para mim, na lata ela falava que AMAVA e tudo mais!!!\u201d<\/p>\n\n\n\n<p>Al\u00e9m disso, Dudu classificou Leila como algu\u00e9m que busca likes e reconhecimento superficial, destacando que ainda revelar\u00e1 o que pensa sobre a presidente.<\/p>\n\n\n\n<p>\u201cEnt\u00e3o, parem de ficar puxando saco dessa pessoa porque o que ela fala pelo microfone n\u00e3o \u00e9 nada disso! [&#8230;] Ainda vou poder falar tudo o que penso dessa presidente. Hoje defendo um clube maravilhoso que me abriu as portas e respeito muito o Cruzeiro\u201d, escreveu o jogador.<\/p>\n\n\n\n<blockquote class=\"twitter-tweet\"><p lang=\"pt\" dir=\"ltr\">\u26a0\ufe0f Dudu volta a disparar contra Leila Pereira, presidente do Palmeiras:<br><br>&quot;Essa pessoa s\u00f3 fala na lata pela imprensa, porque na lata ela n\u00e3o fala nada. Pra mim, nunca teve coragem de falar na lata. Pra mim, na lata, ela falava que AMAVA e tudo mais. <a href=\"https:\/\/twitter.com\/hashtag\/FALSAMAISQUENOTADE2REAIS?src=hash&amp;ref_src=twsrc%5Etfw\">#FALSAMAISQUENOTADE2REAIS<\/a>.&quot;<br><br>\ud83d\udcf8\u2026 <a href=\"https:\/\/t.co\/jvJiGtzvxb\">pic.twitter.com\/jvJiGtzvxb<\/a><\/p>&mdash; Planeta do Futebol \ud83c\udf0e (@futebol_info) <a href=\"https:\/\/twitter.com\/futebol_info\/status\/1879185848601592112?ref_src=twsrc%5Etfw\">January 14, 2025<\/a><\/blockquote> <script async src=\"https:\/\/platform.twitter.com\/widgets.js\" charset=\"utf-8\"><\/script>\n\n\n\n<h2 class=\"wp-block-heading\" id=\"h-o-inicio-do-atrito\">O in\u00edcio do atrito<\/h2>\n\n\n\n<p>A pol\u00eamica come\u00e7ou quando Leila Pereira, durante o evento de lan\u00e7amento da nova camisa do Palmeiras, comparou a sa\u00edda de Dudu \u00e0 poss\u00edvel sa\u00edda de Rony. Segundo a presidente, Dudu deixou o clube pela &#8220;porta dos fundos&#8221;, enquanto Rony, caso saia, faria isso pela &#8220;porta da frente&#8221;.<\/p>\n\n\n\n<p>\u201cEsperou-se at\u00e9 o fim do ano para o atleta sair sem que o Palmeiras ganhasse absolutamente nada, gerando um preju\u00edzo de milh\u00f5es\u201d, afirmou Leila.<\/p>\n\n\n\n<p>Por isso, Dudu rebateu publicando uma foto com os t\u00edtulos que conquistou pelo clube, acompanhada da frase: \u201cMinha hist\u00f3ria foi gigante e sincera, diferente da sua, senhora Leila Pereira. Me esquece. VTNC\u201d.<\/p>\n\n\n\n<h2 class=\"wp-block-heading\" id=\"h-relacao-desgastada-e-futuros-desdobramentos\">Rela\u00e7\u00e3o desgastada e futuros desdobramentos<\/h2>\n\n\n\n<p>Cabe ressaltar que o atrito entre Dudu e Leila exp\u00f5e um relacionamento conturbado, que parece longe de ser resolvido. Sendo assim, novas declara\u00e7\u00f5es de ambas as partes podem surgir nos pr\u00f3ximos dias, mantendo o tema em evid\u00eancia.<\/p>\n\n\n\n<p>Desse jeito, o caso refor\u00e7a como quest\u00f5es extracampo ainda impactam diretamente a imagem do Palmeiras e de seus ex-atletas.<\/p>\n","protected":false},"excerpt":{"rendered":"<p>A rela\u00e7\u00e3o entre Dudu e Leila Pereira, presidente do Palmeiras, continua marcada por pol\u00eamicas. Em nova declara\u00e7\u00e3o, o jogador do Cruzeiro voltou a criticar a mandat\u00e1ria, afirmando que ela s\u00f3 \u201cfala na lata\u201d pela imprensa. Entenda os detalhes dessa confus\u00e3o! Cr\u00edticas nas redes sociais Dudu utilizou as redes sociais para responder a uma publica\u00e7\u00e3o do [&hellip;]<\/p>\n","protected":false},"author":25,"featured_media":91439,"comment_status":"open","ping_status":"closed","sticky":false,"template":"","format":"standard","meta":{"footnotes":""},"categories":[150],"tags":[],"class_list":["post-212327","post","type-post","status-publish","format-standard","has-post-thumbnail","hentry","category-palmeiras"],"yoast_head":"<!-- This site is optimized with the Yoast SEO Premium plugin v24.2 (Yoast SEO v26.9) - https:\/\/yoast.com\/product\/yoast-seo-premium-wordpress\/ -->\n<title>Dudu faz nova declara\u00e7\u00e3o direcionada a Leila Pereira, do Palmeiras<\/title>\n<meta name=\"robots\" content=\"index, follow, max-snippet:-1, max-image-preview:large, max-video-preview:-1\" \/>\n<link rel=\"canonical\" href=\"https:\/\/www.gaveanews.com\/index.php\/2025\/01\/14\/dudu-faz-nova-declaracao-direcionada-a-leila-pereira-do-palmeiras\/\" \/>\n<meta property=\"og:locale\" content=\"pt_BR\" \/>\n<meta property=\"og:type\" content=\"article\" \/>\n<meta property=\"og:title\" content=\"Dudu faz nova declara\u00e7\u00e3o direcionada a Leila Pereira, do Palmeiras\" \/>\n<meta property=\"og:description\" content=\"A rela\u00e7\u00e3o entre Dudu e Leila Pereira, presidente do Palmeiras, continua marcada por pol\u00eamicas. Em nova declara\u00e7\u00e3o, o jogador do Cruzeiro voltou a criticar a mandat\u00e1ria, afirmando que ela s\u00f3 \u201cfala na lata\u201d pela imprensa. Entenda os detalhes dessa confus\u00e3o! Cr\u00edticas nas redes sociais Dudu utilizou as redes sociais para responder a uma publica\u00e7\u00e3o do [&hellip;]\" \/>\n<meta property=\"og:url\" content=\"https:\/\/www.gaveanews.com\/index.php\/2025\/01\/14\/dudu-faz-nova-declaracao-direcionada-a-leila-pereira-do-palmeiras\/\" \/>\n<meta property=\"og:site_name\" content=\"G\u00e1vea News\" \/>\n<meta property=\"article:publisher\" content=\"https:\/\/facebook.com\/gaveaNews\/\" \/>\n<meta property=\"article:published_time\" content=\"2025-01-15T00:20:00+00:00\" \/>\n<meta property=\"og:image\" content=\"https:\/\/www.gaveanews.com\/wp-content\/uploads\/dudu-palmeiras.webp\" \/>\n\t<meta property=\"og:image:width\" content=\"846\" \/>\n\t<meta property=\"og:image:height\" content=\"476\" \/>\n\t<meta property=\"og:image:type\" content=\"image\/webp\" \/>\n<meta name=\"author\" content=\"Rafaela Ladeira\" \/>\n<meta name=\"twitter:card\" content=\"summary_large_image\" \/>\n<meta name=\"twitter:label1\" content=\"Escrito por\" \/>\n\t<meta name=\"twitter:data1\" content=\"Rafaela Ladeira\" \/>\n\t<meta name=\"twitter:label2\" content=\"Est. tempo de leitura\" \/>\n\t<meta name=\"twitter:data2\" content=\"3 minutos\" \/>\n<script type=\"application\/ld+json\" class=\"yoast-schema-graph\">{\"@context\":\"https:\/\/schema.org\",\"@graph\":[{\"@type\":\"NewsArticle\",\"@id\":\"https:\/\/www.gaveanews.com\/index.php\/2025\/01\/14\/dudu-faz-nova-declaracao-direcionada-a-leila-pereira-do-palmeiras\/#article\",\"isPartOf\":{\"@id\":\"https:\/\/www.gaveanews.com\/index.php\/2025\/01\/14\/dudu-faz-nova-declaracao-direcionada-a-leila-pereira-do-palmeiras\/\"},\"author\":{\"name\":\"Rafaela Ladeira\",\"@id\":\"https:\/\/www.gaveanews.com\/#\/schema\/person\/0eb3e3fe1754f0205218538adbe8f5ed\"},\"headline\":\"Dudu faz nova declara\u00e7\u00e3o direcionada a Leila Pereira, do Palmeiras\",\"datePublished\":\"2025-01-15T00:20:00+00:00\",\"mainEntityOfPage\":{\"@id\":\"https:\/\/www.gaveanews.com\/index.php\/2025\/01\/14\/dudu-faz-nova-declaracao-direcionada-a-leila-pereira-do-palmeiras\/\"},\"wordCount\":467,\"commentCount\":0,\"image\":{\"@id\":\"https:\/\/www.gaveanews.com\/index.php\/2025\/01\/14\/dudu-faz-nova-declaracao-direcionada-a-leila-pereira-do-palmeiras\/#primaryimage\"},\"thumbnailUrl\":\"https:\/\/www.gaveanews.com\/wp-content\/uploads\/dudu-palmeiras.webp\",\"articleSection\":[\"Palmeiras\"],\"inLanguage\":\"pt-BR\",\"potentialAction\":[{\"@type\":\"CommentAction\",\"name\":\"Comment\",\"target\":[\"https:\/\/www.gaveanews.com\/index.php\/2025\/01\/14\/dudu-faz-nova-declaracao-direcionada-a-leila-pereira-do-palmeiras\/#respond\"]}],\"copyrightYear\":\"2025\",\"copyrightHolder\":{\"@id\":\"https:\/\/www.gaveanews.com\/#organization\"}},{\"@type\":\"WebPage\",\"@id\":\"https:\/\/www.gaveanews.com\/index.php\/2025\/01\/14\/dudu-faz-nova-declaracao-direcionada-a-leila-pereira-do-palmeiras\/\",\"url\":\"https:\/\/www.gaveanews.com\/index.php\/2025\/01\/14\/dudu-faz-nova-declaracao-direcionada-a-leila-pereira-do-palmeiras\/\",\"name\":\"Dudu faz nova declara\u00e7\u00e3o direcionada a Leila Pereira, do Palmeiras\",\"isPartOf\":{\"@id\":\"https:\/\/www.gaveanews.com\/#website\"},\"primaryImageOfPage\":{\"@id\":\"https:\/\/www.gaveanews.com\/index.php\/2025\/01\/14\/dudu-faz-nova-declaracao-direcionada-a-leila-pereira-do-palmeiras\/#primaryimage\"},\"image\":{\"@id\":\"https:\/\/www.gaveanews.com\/index.php\/2025\/01\/14\/dudu-faz-nova-declaracao-direcionada-a-leila-pereira-do-palmeiras\/#primaryimage\"},\"thumbnailUrl\":\"https:\/\/www.gaveanews.com\/wp-content\/uploads\/dudu-palmeiras.webp\",\"datePublished\":\"2025-01-15T00:20:00+00:00\",\"author\":{\"@id\":\"https:\/\/www.gaveanews.com\/#\/schema\/person\/0eb3e3fe1754f0205218538adbe8f5ed\"},\"breadcrumb\":{\"@id\":\"https:\/\/www.gaveanews.com\/index.php\/2025\/01\/14\/dudu-faz-nova-declaracao-direcionada-a-leila-pereira-do-palmeiras\/#breadcrumb\"},\"inLanguage\":\"pt-BR\",\"potentialAction\":[{\"@type\":\"ReadAction\",\"target\":[\"https:\/\/www.gaveanews.com\/index.php\/2025\/01\/14\/dudu-faz-nova-declaracao-direcionada-a-leila-pereira-do-palmeiras\/\"]}]},{\"@type\":\"ImageObject\",\"inLanguage\":\"pt-BR\",\"@id\":\"https:\/\/www.gaveanews.com\/index.php\/2025\/01\/14\/dudu-faz-nova-declaracao-direcionada-a-leila-pereira-do-palmeiras\/#primaryimage\",\"url\":\"https:\/\/www.gaveanews.com\/wp-content\/uploads\/dudu-palmeiras.webp\",\"contentUrl\":\"https:\/\/www.gaveanews.com\/wp-content\/uploads\/dudu-palmeiras.webp\",\"width\":846,\"height\":476,\"caption\":\"Dudu em jogo do Palmeiras (Foto: Cesar Greco\/Palmeiras)\"},{\"@type\":\"BreadcrumbList\",\"@id\":\"https:\/\/www.gaveanews.com\/index.php\/2025\/01\/14\/dudu-faz-nova-declaracao-direcionada-a-leila-pereira-do-palmeiras\/#breadcrumb\",\"itemListElement\":[{\"@type\":\"ListItem\",\"position\":1,\"name\":\"Home\",\"item\":\"https:\/\/www.gaveanews.com\/\"},{\"@type\":\"ListItem\",\"position\":2,\"name\":\"Dudu faz nova declara\u00e7\u00e3o direcionada a Leila Pereira, do Palmeiras\"}]},{\"@type\":\"WebSite\",\"@id\":\"https:\/\/www.gaveanews.com\/#website\",\"url\":\"https:\/\/www.gaveanews.com\/\",\"name\":\"G\u00e1vea News\",\"description\":\"Veja todas as not\u00edcias sobre o Flamengo: Contrata\u00e7\u00f5es, categorias de base, resultados das partidas, tabela de classifica\u00e7\u00e3o, pr\u00f3ximos jogos!\",\"potentialAction\":[{\"@type\":\"SearchAction\",\"target\":{\"@type\":\"EntryPoint\",\"urlTemplate\":\"https:\/\/www.gaveanews.com\/?s={search_term_string}\"},\"query-input\":{\"@type\":\"PropertyValueSpecification\",\"valueRequired\":true,\"valueName\":\"search_term_string\"}}],\"inLanguage\":\"pt-BR\"},{\"@type\":\"Person\",\"@id\":\"https:\/\/www.gaveanews.com\/#\/schema\/person\/0eb3e3fe1754f0205218538adbe8f5ed\",\"name\":\"Rafaela Ladeira\",\"image\":{\"@type\":\"ImageObject\",\"inLanguage\":\"pt-BR\",\"@id\":\"https:\/\/www.gaveanews.com\/#\/schema\/person\/image\/\",\"url\":\"https:\/\/secure.gravatar.com\/avatar\/c31f513acffd85eacab5730cbdfdbbf59f21ba5aeada8cd890acea879fbb2455?s=96&d=mm&r=g\",\"contentUrl\":\"https:\/\/secure.gravatar.com\/avatar\/c31f513acffd85eacab5730cbdfdbbf59f21ba5aeada8cd890acea879fbb2455?s=96&d=mm&r=g\",\"caption\":\"Rafaela Ladeira\"}}]}<\/script>\n<!-- \/ Yoast SEO Premium plugin. -->","yoast_head_json":{"title":"Dudu faz nova declara\u00e7\u00e3o direcionada a Leila Pereira, do Palmeiras","robots":{"index":"index","follow":"follow","max-snippet":"max-snippet:-1","max-image-preview":"max-image-preview:large","max-video-preview":"max-video-preview:-1"},"canonical":"https:\/\/www.gaveanews.com\/index.php\/2025\/01\/14\/dudu-faz-nova-declaracao-direcionada-a-leila-pereira-do-palmeiras\/","og_locale":"pt_BR","og_type":"article","og_title":"Dudu faz nova declara\u00e7\u00e3o direcionada a Leila Pereira, do Palmeiras","og_description":"A rela\u00e7\u00e3o entre Dudu e Leila Pereira, presidente do Palmeiras, continua marcada por pol\u00eamicas. Em nova declara\u00e7\u00e3o, o jogador do Cruzeiro voltou a criticar a mandat\u00e1ria, afirmando que ela s\u00f3 \u201cfala na lata\u201d pela imprensa. Entenda os detalhes dessa confus\u00e3o! Cr\u00edticas nas redes sociais Dudu utilizou as redes sociais para responder a uma publica\u00e7\u00e3o do [&hellip;]","og_url":"https:\/\/www.gaveanews.com\/index.php\/2025\/01\/14\/dudu-faz-nova-declaracao-direcionada-a-leila-pereira-do-palmeiras\/","og_site_name":"G\u00e1vea News","article_publisher":"https:\/\/facebook.com\/gaveaNews\/","article_published_time":"2025-01-15T00:20:00+00:00","og_image":[{"width":846,"height":476,"url":"https:\/\/www.gaveanews.com\/wp-content\/uploads\/dudu-palmeiras.webp","type":"image\/webp"}],"author":"Rafaela Ladeira","twitter_card":"summary_large_image","twitter_misc":{"Escrito por":"Rafaela Ladeira","Est. tempo de leitura":"3 minutos"},"schema":{"@context":"https:\/\/schema.org","@graph":[{"@type":"NewsArticle","@id":"https:\/\/www.gaveanews.com\/index.php\/2025\/01\/14\/dudu-faz-nova-declaracao-direcionada-a-leila-pereira-do-palmeiras\/#article","isPartOf":{"@id":"https:\/\/www.gaveanews.com\/index.php\/2025\/01\/14\/dudu-faz-nova-declaracao-direcionada-a-leila-pereira-do-palmeiras\/"},"author":{"name":"Rafaela Ladeira","@id":"https:\/\/www.gaveanews.com\/#\/schema\/person\/0eb3e3fe1754f0205218538adbe8f5ed"},"headline":"Dudu faz nova declara\u00e7\u00e3o direcionada a Leila Pereira, do Palmeiras","datePublished":"2025-01-15T00:20:00+00:00","mainEntityOfPage":{"@id":"https:\/\/www.gaveanews.com\/index.php\/2025\/01\/14\/dudu-faz-nova-declaracao-direcionada-a-leila-pereira-do-palmeiras\/"},"wordCount":467,"commentCount":0,"image":{"@id":"https:\/\/www.gaveanews.com\/index.php\/2025\/01\/14\/dudu-faz-nova-declaracao-direcionada-a-leila-pereira-do-palmeiras\/#primaryimage"},"thumbnailUrl":"https:\/\/www.gaveanews.com\/wp-content\/uploads\/dudu-palmeiras.webp","articleSection":["Palmeiras"],"inLanguage":"pt-BR","potentialAction":[{"@type":"CommentAction","name":"Comment","target":["https:\/\/www.gaveanews.com\/index.php\/2025\/01\/14\/dudu-faz-nova-declaracao-direcionada-a-leila-pereira-do-palmeiras\/#respond"]}],"copyrightYear":"2025","copyrightHolder":{"@id":"https:\/\/www.gaveanews.com\/#organization"}},{"@type":"WebPage","@id":"https:\/\/www.gaveanews.com\/index.php\/2025\/01\/14\/dudu-faz-nova-declaracao-direcionada-a-leila-pereira-do-palmeiras\/","url":"https:\/\/www.gaveanews.com\/index.php\/2025\/01\/14\/dudu-faz-nova-declaracao-direcionada-a-leila-pereira-do-palmeiras\/","name":"Dudu faz nova declara\u00e7\u00e3o direcionada a Leila Pereira, do Palmeiras","isPartOf":{"@id":"https:\/\/www.gaveanews.com\/#website"},"primaryImageOfPage":{"@id":"https:\/\/www.gaveanews.com\/index.php\/2025\/01\/14\/dudu-faz-nova-declaracao-direcionada-a-leila-pereira-do-palmeiras\/#primaryimage"},"image":{"@id":"https:\/\/www.gaveanews.com\/index.php\/2025\/01\/14\/dudu-faz-nova-declaracao-direcionada-a-leila-pereira-do-palmeiras\/#primaryimage"},"thumbnailUrl":"https:\/\/www.gaveanews.com\/wp-content\/uploads\/dudu-palmeiras.webp","datePublished":"2025-01-15T00:20:00+00:00","author":{"@id":"https:\/\/www.gaveanews.com\/#\/schema\/person\/0eb3e3fe1754f0205218538adbe8f5ed"},"breadcrumb":{"@id":"https:\/\/www.gaveanews.com\/index.php\/2025\/01\/14\/dudu-faz-nova-declaracao-direcionada-a-leila-pereira-do-palmeiras\/#breadcrumb"},"inLanguage":"pt-BR","potentialAction":[{"@type":"ReadAction","target":["https:\/\/www.gaveanews.com\/index.php\/2025\/01\/14\/dudu-faz-nova-declaracao-direcionada-a-leila-pereira-do-palmeiras\/"]}]},{"@type":"ImageObject","inLanguage":"pt-BR","@id":"https:\/\/www.gaveanews.com\/index.php\/2025\/01\/14\/dudu-faz-nova-declaracao-direcionada-a-leila-pereira-do-palmeiras\/#primaryimage","url":"https:\/\/www.gaveanews.com\/wp-content\/uploads\/dudu-palmeiras.webp","contentUrl":"https:\/\/www.gaveanews.com\/wp-content\/uploads\/dudu-palmeiras.webp","width":846,"height":476,"caption":"Dudu em jogo do Palmeiras (Foto: Cesar Greco\/Palmeiras)"},{"@type":"BreadcrumbList","@id":"https:\/\/www.gaveanews.com\/index.php\/2025\/01\/14\/dudu-faz-nova-declaracao-direcionada-a-leila-pereira-do-palmeiras\/#breadcrumb","itemListElement":[{"@type":"ListItem","position":1,"name":"Home","item":"https:\/\/www.gaveanews.com\/"},{"@type":"ListItem","position":2,"name":"Dudu faz nova declara\u00e7\u00e3o direcionada a Leila Pereira, do Palmeiras"}]},{"@type":"WebSite","@id":"https:\/\/www.gaveanews.com\/#website","url":"https:\/\/www.gaveanews.com\/","name":"G\u00e1vea News","description":"Veja todas as not\u00edcias sobre o Flamengo: Contrata\u00e7\u00f5es, categorias de base, resultados das partidas, tabela de classifica\u00e7\u00e3o, pr\u00f3ximos jogos!","potentialAction":[{"@type":"SearchAction","target":{"@type":"EntryPoint","urlTemplate":"https:\/\/www.gaveanews.com\/?s={search_term_string}"},"query-input":{"@type":"PropertyValueSpecification","valueRequired":true,"valueName":"search_term_string"}}],"inLanguage":"pt-BR"},{"@type":"Person","@id":"https:\/\/www.gaveanews.com\/#\/schema\/person\/0eb3e3fe1754f0205218538adbe8f5ed","name":"Rafaela Ladeira","image":{"@type":"ImageObject","inLanguage":"pt-BR","@id":"https:\/\/www.gaveanews.com\/#\/schema\/person\/image\/","url":"https:\/\/secure.gravatar.com\/avatar\/c31f513acffd85eacab5730cbdfdbbf59f21ba5aeada8cd890acea879fbb2455?s=96&d=mm&r=g","contentUrl":"https:\/\/secure.gravatar.com\/avatar\/c31f513acffd85eacab5730cbdfdbbf59f21ba5aeada8cd890acea879fbb2455?s=96&d=mm&r=g","caption":"Rafaela Ladeira"}}]}},"_links":{"self":[{"href":"https:\/\/www.gaveanews.com\/index.php\/wp-json\/wp\/v2\/posts\/212327","targetHints":{"allow":["GET"]}}],"collection":[{"href":"https:\/\/www.gaveanews.com\/index.php\/wp-json\/wp\/v2\/posts"}],"about":[{"href":"https:\/\/www.gaveanews.com\/index.php\/wp-json\/wp\/v2\/types\/post"}],"author":[{"embeddable":true,"href":"https:\/\/www.gaveanews.com\/index.php\/wp-json\/wp\/v2\/users\/25"}],"replies":[{"embeddable":true,"href":"https:\/\/www.gaveanews.com\/index.php\/wp-json\/wp\/v2\/comments?post=212327"}],"version-history":[{"count":1,"href":"https:\/\/www.gaveanews.com\/index.php\/wp-json\/wp\/v2\/posts\/212327\/revisions"}],"predecessor-version":[{"id":212330,"href":"https:\/\/www.gaveanews.com\/index.php\/wp-json\/wp\/v2\/posts\/212327\/revisions\/212330"}],"wp:featuredmedia":[{"embeddable":true,"href":"https:\/\/www.gaveanews.com\/index.php\/wp-json\/wp\/v2\/media\/91439"}],"wp:attachment":[{"href":"https:\/\/www.gaveanews.com\/index.php\/wp-json\/wp\/v2\/media?parent=212327"}],"wp:term":[{"taxonomy":"category","embeddable":true,"href":"https:\/\/www.gaveanews.com\/index.php\/wp-json\/wp\/v2\/categories?post=212327"},{"taxonomy":"post_tag","embeddable":true,"href":"https:\/\/www.gaveanews.com\/index.php\/wp-json\/wp\/v2\/tags?post=212327"}],"curies":[{"name":"wp","href":"https:\/\/api.w.org\/{rel}","templated":true}]}}