{"id":212372,"date":"2025-01-14T23:15:00","date_gmt":"2025-01-15T02:15:00","guid":{"rendered":"https:\/\/www.gaveanews.com\/?p=212372"},"modified":"2025-01-14T20:07:21","modified_gmt":"2025-01-14T23:07:21","slug":"vasco-e-payet-negociam-renovacao-mas-com-uma-condicao","status":"publish","type":"post","link":"https:\/\/www.gaveanews.com\/index.php\/2025\/01\/14\/vasco-e-payet-negociam-renovacao-mas-com-uma-condicao\/","title":{"rendered":"Vasco e Payet negociam renova\u00e7\u00e3o, mas com uma condi\u00e7\u00e3o"},"content":{"rendered":"\n<p>O Vasco da Gama trabalha para prorrogar o contrato de Dimitri Payet dentro dos moldes desejados. Para isso, por\u00e9m, precisar\u00e1 debater ao menos duas possibilidades de renova\u00e7\u00e3o com o estafe do franc\u00eas &#8211; detentor do maior sal\u00e1rio do elenco &#8211; e evidentemente chegar a um acordo. O meio-campista \u00e9 tido como uma das prioridades da comiss\u00e3o.<\/p>\n\n\n\n<ul class=\"wp-block-list\">\n<li><a href=\"https:\/\/www.gaveanews.com\/index.php\/2025\/01\/14\/ele-acabou-de-chegar-mas-ja-pode-sair-do-vasco\/\">Ele acabou de chegar mas j\u00e1 pode sair do Vasco<\/a><\/li>\n\n\n\n<li><a href=\"https:\/\/www.gaveanews.com\/index.php\/2025\/01\/14\/botafogo-pode-ajudar-o-vasco-com-quantia-milionaria\/\">Botafogo pode ajudar o Vasco com quantia milion\u00e1ria<\/a><\/li>\n<\/ul>\n\n\n\n<p>A pauta \u00e9 tratada como improrrog\u00e1vel pela c\u00fapula cruz-maltina j\u00e1 que o contrato entre as partes tem vig\u00eancia at\u00e9 junho. O interesse do Vasco \u00e9 mant\u00ea-lo at\u00e9 o fim da temporada, mas, para isso, precisaria alinhar quest\u00f5es financeiras com Payet. H\u00e1 a possibilidade de renovar o v\u00ednculo dentro do prazo estipulado e diluir o atual sal\u00e1rio at\u00e9 dezembro.<\/p>\n\n\n\n<p>Outra sa\u00edda analisada para manter Payet at\u00e9 dezembro sugere uma redu\u00e7\u00e3o salarial, que dependeria da aprova\u00e7\u00e3o do atleta. De todo modo, a perman\u00eancia do franc\u00eas \u00e9 uma das prioridades do Cruz-Maltino para temporada &#8211; ainda que ocupe a reserva.<\/p>\n\n\n\n<h2 class=\"wp-block-heading\" id=\"h-reforco-no-ataque\">Refor\u00e7o no ataque?<\/h2>\n\n\n\n<p>A renova\u00e7\u00e3o ganha ainda mais import\u00e2ncia diante da versatilidade do craque. Isso porque, segundo o ge, F\u00e1bio Carille tem testado forma\u00e7\u00f5es com Payet de falso 9, sendo refer\u00eancia do ataque na aus\u00eancia de Vegetti.<\/p>\n\n\n\n<p>Payet chegou a fazer a fun\u00e7\u00e3o durante o segundo tempo do jogo-treino, no \u00faltimo domingo (12), e marcou dois gols contra o combinado Casimiro de Abreu\/Porto Real. O Vasco sagrou-se vencedor do confronto por uma goleada de 7 a 0.<\/p>\n\n\n\n<iframe loading=\"lazy\" width=\"560\" height=\"315\" src=\"https:\/\/www.youtube.com\/embed\/iuuLIGhGriA?si=Lv14nGhrtN20T2yv&amp;start=111\" title=\"YouTube video player\" frameborder=\"0\" allow=\"accelerometer; autoplay; clipboard-write; encrypted-media; gyroscope; picture-in-picture; web-share\" referrerpolicy=\"strict-origin-when-cross-origin\" allowfullscreen><\/iframe>\n\n\n\n<p>Vale frisar que o franc\u00eas atuou como falso 9 entre 2022 e 2023, pouco antes de deixar o Olympique de Marselha. Nesse sentido, Dimitri Payet pode servir a Carille como reserva imediato de dois dos principais nomes do elenco: Coutinho e Vegetti.<\/p>\n\n\n\n<p>No Vasco desde agosto de 2023, o camisa 10 soma 17 participa\u00e7\u00f5es em gols em 58 jogos pelo clube. Foram dez assist\u00eancias e sete bolas na rede durante 3.238 minutos em campo.<\/p>\n","protected":false},"excerpt":{"rendered":"<p>O Vasco da Gama trabalha para prorrogar o contrato de Dimitri Payet dentro dos moldes desejados. Para isso, por\u00e9m, precisar\u00e1 debater ao menos duas possibilidades de renova\u00e7\u00e3o com o estafe do franc\u00eas &#8211; detentor do maior sal\u00e1rio do elenco &#8211; e evidentemente chegar a um acordo. O meio-campista \u00e9 tido como uma das prioridades da [&hellip;]<\/p>\n","protected":false},"author":30,"featured_media":124623,"comment_status":"open","ping_status":"closed","sticky":false,"template":"","format":"standard","meta":{"footnotes":""},"categories":[152],"tags":[],"class_list":["post-212372","post","type-post","status-publish","format-standard","has-post-thumbnail","hentry","category-vasco"],"yoast_head":"<!-- This site is optimized with the Yoast SEO Premium plugin v24.2 (Yoast SEO v26.9) - https:\/\/yoast.com\/product\/yoast-seo-premium-wordpress\/ -->\n<title>Vasco e Payet negociam renova\u00e7\u00e3o, mas com uma condi\u00e7\u00e3o<\/title>\n<meta name=\"robots\" content=\"index, follow, max-snippet:-1, max-image-preview:large, max-video-preview:-1\" \/>\n<link rel=\"canonical\" href=\"https:\/\/www.gaveanews.com\/index.php\/2025\/01\/14\/vasco-e-payet-negociam-renovacao-mas-com-uma-condicao\/\" \/>\n<meta property=\"og:locale\" content=\"pt_BR\" \/>\n<meta property=\"og:type\" content=\"article\" \/>\n<meta property=\"og:title\" content=\"Vasco e Payet negociam renova\u00e7\u00e3o, mas com uma condi\u00e7\u00e3o\" \/>\n<meta property=\"og:description\" content=\"O Vasco da Gama trabalha para prorrogar o contrato de Dimitri Payet dentro dos moldes desejados. Para isso, por\u00e9m, precisar\u00e1 debater ao menos duas possibilidades de renova\u00e7\u00e3o com o estafe do franc\u00eas &#8211; detentor do maior sal\u00e1rio do elenco &#8211; e evidentemente chegar a um acordo. O meio-campista \u00e9 tido como uma das prioridades da [&hellip;]\" \/>\n<meta property=\"og:url\" content=\"https:\/\/www.gaveanews.com\/index.php\/2025\/01\/14\/vasco-e-payet-negociam-renovacao-mas-com-uma-condicao\/\" \/>\n<meta property=\"og:site_name\" content=\"G\u00e1vea News\" \/>\n<meta property=\"article:publisher\" content=\"https:\/\/facebook.com\/gaveaNews\/\" \/>\n<meta property=\"article:published_time\" content=\"2025-01-15T02:15:00+00:00\" \/>\n<meta property=\"og:image\" content=\"https:\/\/www.gaveanews.com\/wp-content\/uploads\/agif23100200212796-1-.webp\" \/>\n\t<meta property=\"og:image:width\" content=\"984\" \/>\n\t<meta property=\"og:image:height\" content=\"656\" \/>\n\t<meta property=\"og:image:type\" content=\"image\/webp\" \/>\n<meta name=\"author\" content=\"Ana Teixeira\" \/>\n<meta name=\"twitter:card\" content=\"summary_large_image\" \/>\n<meta name=\"twitter:label1\" content=\"Escrito por\" \/>\n\t<meta name=\"twitter:data1\" content=\"Ana Teixeira\" \/>\n\t<meta name=\"twitter:label2\" content=\"Est. tempo de leitura\" \/>\n\t<meta name=\"twitter:data2\" content=\"2 minutos\" \/>\n<script type=\"application\/ld+json\" class=\"yoast-schema-graph\">{\"@context\":\"https:\/\/schema.org\",\"@graph\":[{\"@type\":\"NewsArticle\",\"@id\":\"https:\/\/www.gaveanews.com\/index.php\/2025\/01\/14\/vasco-e-payet-negociam-renovacao-mas-com-uma-condicao\/#article\",\"isPartOf\":{\"@id\":\"https:\/\/www.gaveanews.com\/index.php\/2025\/01\/14\/vasco-e-payet-negociam-renovacao-mas-com-uma-condicao\/\"},\"author\":{\"name\":\"Ana Teixeira\",\"@id\":\"https:\/\/www.gaveanews.com\/#\/schema\/person\/3b19f7288b0ce20372991275e4f2e6c2\"},\"headline\":\"Vasco e Payet negociam renova\u00e7\u00e3o, mas com uma condi\u00e7\u00e3o\",\"datePublished\":\"2025-01-15T02:15:00+00:00\",\"mainEntityOfPage\":{\"@id\":\"https:\/\/www.gaveanews.com\/index.php\/2025\/01\/14\/vasco-e-payet-negociam-renovacao-mas-com-uma-condicao\/\"},\"wordCount\":347,\"commentCount\":0,\"image\":{\"@id\":\"https:\/\/www.gaveanews.com\/index.php\/2025\/01\/14\/vasco-e-payet-negociam-renovacao-mas-com-uma-condicao\/#primaryimage\"},\"thumbnailUrl\":\"https:\/\/www.gaveanews.com\/wp-content\/uploads\/agif23100200212796-1-.webp\",\"articleSection\":[\"Vasco\"],\"inLanguage\":\"pt-BR\",\"potentialAction\":[{\"@type\":\"CommentAction\",\"name\":\"Comment\",\"target\":[\"https:\/\/www.gaveanews.com\/index.php\/2025\/01\/14\/vasco-e-payet-negociam-renovacao-mas-com-uma-condicao\/#respond\"]}],\"copyrightYear\":\"2025\",\"copyrightHolder\":{\"@id\":\"https:\/\/www.gaveanews.com\/#organization\"}},{\"@type\":\"WebPage\",\"@id\":\"https:\/\/www.gaveanews.com\/index.php\/2025\/01\/14\/vasco-e-payet-negociam-renovacao-mas-com-uma-condicao\/\",\"url\":\"https:\/\/www.gaveanews.com\/index.php\/2025\/01\/14\/vasco-e-payet-negociam-renovacao-mas-com-uma-condicao\/\",\"name\":\"Vasco e Payet negociam renova\u00e7\u00e3o, mas com uma condi\u00e7\u00e3o\",\"isPartOf\":{\"@id\":\"https:\/\/www.gaveanews.com\/#website\"},\"primaryImageOfPage\":{\"@id\":\"https:\/\/www.gaveanews.com\/index.php\/2025\/01\/14\/vasco-e-payet-negociam-renovacao-mas-com-uma-condicao\/#primaryimage\"},\"image\":{\"@id\":\"https:\/\/www.gaveanews.com\/index.php\/2025\/01\/14\/vasco-e-payet-negociam-renovacao-mas-com-uma-condicao\/#primaryimage\"},\"thumbnailUrl\":\"https:\/\/www.gaveanews.com\/wp-content\/uploads\/agif23100200212796-1-.webp\",\"datePublished\":\"2025-01-15T02:15:00+00:00\",\"author\":{\"@id\":\"https:\/\/www.gaveanews.com\/#\/schema\/person\/3b19f7288b0ce20372991275e4f2e6c2\"},\"breadcrumb\":{\"@id\":\"https:\/\/www.gaveanews.com\/index.php\/2025\/01\/14\/vasco-e-payet-negociam-renovacao-mas-com-uma-condicao\/#breadcrumb\"},\"inLanguage\":\"pt-BR\",\"potentialAction\":[{\"@type\":\"ReadAction\",\"target\":[\"https:\/\/www.gaveanews.com\/index.php\/2025\/01\/14\/vasco-e-payet-negociam-renovacao-mas-com-uma-condicao\/\"]}]},{\"@type\":\"ImageObject\",\"inLanguage\":\"pt-BR\",\"@id\":\"https:\/\/www.gaveanews.com\/index.php\/2025\/01\/14\/vasco-e-payet-negociam-renovacao-mas-com-uma-condicao\/#primaryimage\",\"url\":\"https:\/\/www.gaveanews.com\/wp-content\/uploads\/agif23100200212796-1-.webp\",\"contentUrl\":\"https:\/\/www.gaveanews.com\/wp-content\/uploads\/agif23100200212796-1-.webp\",\"width\":984,\"height\":656,\"caption\":\"Payet em a\u00e7\u00e3o pelo Vasco (Foto: Abner Dourado\/AGIF)\"},{\"@type\":\"BreadcrumbList\",\"@id\":\"https:\/\/www.gaveanews.com\/index.php\/2025\/01\/14\/vasco-e-payet-negociam-renovacao-mas-com-uma-condicao\/#breadcrumb\",\"itemListElement\":[{\"@type\":\"ListItem\",\"position\":1,\"name\":\"Home\",\"item\":\"https:\/\/www.gaveanews.com\/\"},{\"@type\":\"ListItem\",\"position\":2,\"name\":\"Vasco e Payet negociam renova\u00e7\u00e3o, mas com uma condi\u00e7\u00e3o\"}]},{\"@type\":\"WebSite\",\"@id\":\"https:\/\/www.gaveanews.com\/#website\",\"url\":\"https:\/\/www.gaveanews.com\/\",\"name\":\"G\u00e1vea News\",\"description\":\"Veja todas as not\u00edcias sobre o Flamengo: Contrata\u00e7\u00f5es, categorias de base, resultados das partidas, tabela de classifica\u00e7\u00e3o, pr\u00f3ximos jogos!\",\"potentialAction\":[{\"@type\":\"SearchAction\",\"target\":{\"@type\":\"EntryPoint\",\"urlTemplate\":\"https:\/\/www.gaveanews.com\/?s={search_term_string}\"},\"query-input\":{\"@type\":\"PropertyValueSpecification\",\"valueRequired\":true,\"valueName\":\"search_term_string\"}}],\"inLanguage\":\"pt-BR\"},{\"@type\":\"Person\",\"@id\":\"https:\/\/www.gaveanews.com\/#\/schema\/person\/3b19f7288b0ce20372991275e4f2e6c2\",\"name\":\"Ana Teixeira\",\"image\":{\"@type\":\"ImageObject\",\"inLanguage\":\"pt-BR\",\"@id\":\"https:\/\/www.gaveanews.com\/#\/schema\/person\/image\/\",\"url\":\"https:\/\/secure.gravatar.com\/avatar\/0a73f5a5258f3fed37fc2fa641892f3f7a4748456d4d4792f9bc550e6c19e06c?s=96&d=mm&r=g\",\"contentUrl\":\"https:\/\/secure.gravatar.com\/avatar\/0a73f5a5258f3fed37fc2fa641892f3f7a4748456d4d4792f9bc550e6c19e06c?s=96&d=mm&r=g\",\"caption\":\"Ana Teixeira\"}}]}<\/script>\n<!-- \/ Yoast SEO Premium plugin. -->","yoast_head_json":{"title":"Vasco e Payet negociam renova\u00e7\u00e3o, mas com uma condi\u00e7\u00e3o","robots":{"index":"index","follow":"follow","max-snippet":"max-snippet:-1","max-image-preview":"max-image-preview:large","max-video-preview":"max-video-preview:-1"},"canonical":"https:\/\/www.gaveanews.com\/index.php\/2025\/01\/14\/vasco-e-payet-negociam-renovacao-mas-com-uma-condicao\/","og_locale":"pt_BR","og_type":"article","og_title":"Vasco e Payet negociam renova\u00e7\u00e3o, mas com uma condi\u00e7\u00e3o","og_description":"O Vasco da Gama trabalha para prorrogar o contrato de Dimitri Payet dentro dos moldes desejados. Para isso, por\u00e9m, precisar\u00e1 debater ao menos duas possibilidades de renova\u00e7\u00e3o com o estafe do franc\u00eas &#8211; detentor do maior sal\u00e1rio do elenco &#8211; e evidentemente chegar a um acordo. O meio-campista \u00e9 tido como uma das prioridades da [&hellip;]","og_url":"https:\/\/www.gaveanews.com\/index.php\/2025\/01\/14\/vasco-e-payet-negociam-renovacao-mas-com-uma-condicao\/","og_site_name":"G\u00e1vea News","article_publisher":"https:\/\/facebook.com\/gaveaNews\/","article_published_time":"2025-01-15T02:15:00+00:00","og_image":[{"width":984,"height":656,"url":"https:\/\/www.gaveanews.com\/wp-content\/uploads\/agif23100200212796-1-.webp","type":"image\/webp"}],"author":"Ana Teixeira","twitter_card":"summary_large_image","twitter_misc":{"Escrito por":"Ana Teixeira","Est. tempo de leitura":"2 minutos"},"schema":{"@context":"https:\/\/schema.org","@graph":[{"@type":"NewsArticle","@id":"https:\/\/www.gaveanews.com\/index.php\/2025\/01\/14\/vasco-e-payet-negociam-renovacao-mas-com-uma-condicao\/#article","isPartOf":{"@id":"https:\/\/www.gaveanews.com\/index.php\/2025\/01\/14\/vasco-e-payet-negociam-renovacao-mas-com-uma-condicao\/"},"author":{"name":"Ana Teixeira","@id":"https:\/\/www.gaveanews.com\/#\/schema\/person\/3b19f7288b0ce20372991275e4f2e6c2"},"headline":"Vasco e Payet negociam renova\u00e7\u00e3o, mas com uma condi\u00e7\u00e3o","datePublished":"2025-01-15T02:15:00+00:00","mainEntityOfPage":{"@id":"https:\/\/www.gaveanews.com\/index.php\/2025\/01\/14\/vasco-e-payet-negociam-renovacao-mas-com-uma-condicao\/"},"wordCount":347,"commentCount":0,"image":{"@id":"https:\/\/www.gaveanews.com\/index.php\/2025\/01\/14\/vasco-e-payet-negociam-renovacao-mas-com-uma-condicao\/#primaryimage"},"thumbnailUrl":"https:\/\/www.gaveanews.com\/wp-content\/uploads\/agif23100200212796-1-.webp","articleSection":["Vasco"],"inLanguage":"pt-BR","potentialAction":[{"@type":"CommentAction","name":"Comment","target":["https:\/\/www.gaveanews.com\/index.php\/2025\/01\/14\/vasco-e-payet-negociam-renovacao-mas-com-uma-condicao\/#respond"]}],"copyrightYear":"2025","copyrightHolder":{"@id":"https:\/\/www.gaveanews.com\/#organization"}},{"@type":"WebPage","@id":"https:\/\/www.gaveanews.com\/index.php\/2025\/01\/14\/vasco-e-payet-negociam-renovacao-mas-com-uma-condicao\/","url":"https:\/\/www.gaveanews.com\/index.php\/2025\/01\/14\/vasco-e-payet-negociam-renovacao-mas-com-uma-condicao\/","name":"Vasco e Payet negociam renova\u00e7\u00e3o, mas com uma condi\u00e7\u00e3o","isPartOf":{"@id":"https:\/\/www.gaveanews.com\/#website"},"primaryImageOfPage":{"@id":"https:\/\/www.gaveanews.com\/index.php\/2025\/01\/14\/vasco-e-payet-negociam-renovacao-mas-com-uma-condicao\/#primaryimage"},"image":{"@id":"https:\/\/www.gaveanews.com\/index.php\/2025\/01\/14\/vasco-e-payet-negociam-renovacao-mas-com-uma-condicao\/#primaryimage"},"thumbnailUrl":"https:\/\/www.gaveanews.com\/wp-content\/uploads\/agif23100200212796-1-.webp","datePublished":"2025-01-15T02:15:00+00:00","author":{"@id":"https:\/\/www.gaveanews.com\/#\/schema\/person\/3b19f7288b0ce20372991275e4f2e6c2"},"breadcrumb":{"@id":"https:\/\/www.gaveanews.com\/index.php\/2025\/01\/14\/vasco-e-payet-negociam-renovacao-mas-com-uma-condicao\/#breadcrumb"},"inLanguage":"pt-BR","potentialAction":[{"@type":"ReadAction","target":["https:\/\/www.gaveanews.com\/index.php\/2025\/01\/14\/vasco-e-payet-negociam-renovacao-mas-com-uma-condicao\/"]}]},{"@type":"ImageObject","inLanguage":"pt-BR","@id":"https:\/\/www.gaveanews.com\/index.php\/2025\/01\/14\/vasco-e-payet-negociam-renovacao-mas-com-uma-condicao\/#primaryimage","url":"https:\/\/www.gaveanews.com\/wp-content\/uploads\/agif23100200212796-1-.webp","contentUrl":"https:\/\/www.gaveanews.com\/wp-content\/uploads\/agif23100200212796-1-.webp","width":984,"height":656,"caption":"Payet em a\u00e7\u00e3o pelo Vasco (Foto: Abner Dourado\/AGIF)"},{"@type":"BreadcrumbList","@id":"https:\/\/www.gaveanews.com\/index.php\/2025\/01\/14\/vasco-e-payet-negociam-renovacao-mas-com-uma-condicao\/#breadcrumb","itemListElement":[{"@type":"ListItem","position":1,"name":"Home","item":"https:\/\/www.gaveanews.com\/"},{"@type":"ListItem","position":2,"name":"Vasco e Payet negociam renova\u00e7\u00e3o, mas com uma condi\u00e7\u00e3o"}]},{"@type":"WebSite","@id":"https:\/\/www.gaveanews.com\/#website","url":"https:\/\/www.gaveanews.com\/","name":"G\u00e1vea News","description":"Veja todas as not\u00edcias sobre o Flamengo: Contrata\u00e7\u00f5es, categorias de base, resultados das partidas, tabela de classifica\u00e7\u00e3o, pr\u00f3ximos jogos!","potentialAction":[{"@type":"SearchAction","target":{"@type":"EntryPoint","urlTemplate":"https:\/\/www.gaveanews.com\/?s={search_term_string}"},"query-input":{"@type":"PropertyValueSpecification","valueRequired":true,"valueName":"search_term_string"}}],"inLanguage":"pt-BR"},{"@type":"Person","@id":"https:\/\/www.gaveanews.com\/#\/schema\/person\/3b19f7288b0ce20372991275e4f2e6c2","name":"Ana Teixeira","image":{"@type":"ImageObject","inLanguage":"pt-BR","@id":"https:\/\/www.gaveanews.com\/#\/schema\/person\/image\/","url":"https:\/\/secure.gravatar.com\/avatar\/0a73f5a5258f3fed37fc2fa641892f3f7a4748456d4d4792f9bc550e6c19e06c?s=96&d=mm&r=g","contentUrl":"https:\/\/secure.gravatar.com\/avatar\/0a73f5a5258f3fed37fc2fa641892f3f7a4748456d4d4792f9bc550e6c19e06c?s=96&d=mm&r=g","caption":"Ana Teixeira"}}]}},"_links":{"self":[{"href":"https:\/\/www.gaveanews.com\/index.php\/wp-json\/wp\/v2\/posts\/212372","targetHints":{"allow":["GET"]}}],"collection":[{"href":"https:\/\/www.gaveanews.com\/index.php\/wp-json\/wp\/v2\/posts"}],"about":[{"href":"https:\/\/www.gaveanews.com\/index.php\/wp-json\/wp\/v2\/types\/post"}],"author":[{"embeddable":true,"href":"https:\/\/www.gaveanews.com\/index.php\/wp-json\/wp\/v2\/users\/30"}],"replies":[{"embeddable":true,"href":"https:\/\/www.gaveanews.com\/index.php\/wp-json\/wp\/v2\/comments?post=212372"}],"version-history":[{"count":2,"href":"https:\/\/www.gaveanews.com\/index.php\/wp-json\/wp\/v2\/posts\/212372\/revisions"}],"predecessor-version":[{"id":212376,"href":"https:\/\/www.gaveanews.com\/index.php\/wp-json\/wp\/v2\/posts\/212372\/revisions\/212376"}],"wp:featuredmedia":[{"embeddable":true,"href":"https:\/\/www.gaveanews.com\/index.php\/wp-json\/wp\/v2\/media\/124623"}],"wp:attachment":[{"href":"https:\/\/www.gaveanews.com\/index.php\/wp-json\/wp\/v2\/media?parent=212372"}],"wp:term":[{"taxonomy":"category","embeddable":true,"href":"https:\/\/www.gaveanews.com\/index.php\/wp-json\/wp\/v2\/categories?post=212372"},{"taxonomy":"post_tag","embeddable":true,"href":"https:\/\/www.gaveanews.com\/index.php\/wp-json\/wp\/v2\/tags?post=212372"}],"curies":[{"name":"wp","href":"https:\/\/api.w.org\/{rel}","templated":true}]}}