{"id":212422,"date":"2025-01-14T19:05:00","date_gmt":"2025-01-14T22:05:00","guid":{"rendered":"https:\/\/www.gaveanews.com\/?p=212422"},"modified":"2025-01-14T17:02:31","modified_gmt":"2025-01-14T20:02:31","slug":"interesse-em-gregore-mudanca-no-mineiro-e-competicao-na-cnn-as-ultimas-noticias-do-atletico-mg","status":"publish","type":"post","link":"https:\/\/www.gaveanews.com\/index.php\/2025\/01\/14\/interesse-em-gregore-mudanca-no-mineiro-e-competicao-na-cnn-as-ultimas-noticias-do-atletico-mg\/","title":{"rendered":"Interesse em Gregore, mudan\u00e7a no Mineiro e competi\u00e7\u00e3o na CNN: as \u00faltimas not\u00edcias do Atl\u00e9tico-MG"},"content":{"rendered":"\n<p>Nas \u00faltimas horas, o foco das not\u00edcias sobre o Atl\u00e9tico-MG se concentram nos bastidores do<br>clube, com destaques do dia a dia do time.<\/p>\n\n\n\n<p>Por conta deste contexto, leia abaixo um resumo preparado pela equipe do portal G\u00e1vea News para lhe manter muito bem informado!<\/p>\n\n\n\n<h2 class=\"wp-block-heading\" id=\"h-competicao-na-cnn\">Competi\u00e7\u00e3o na CNN<\/h2>\n\n\n\n<p>O Atl\u00e9tico-MG participar\u00e1 da FC Series, torneio amistoso que ocorrer\u00e1 em Orlando, nos Estados Unidos, entre os dias 15 e 25 de janeiro. Durante o evento, o clube mineiro enfrentar\u00e1 dois advers\u00e1rios: o Cruzeiro, em 18 de janeiro, e o Orlando City, no dia 25. Os torcedores poder\u00e3o acompanhar as partidas pela CNN Brasil, que adquiriu os direitos de transmiss\u00e3o, marcando sua estreia em coberturas esportivas <strong><a href=\"https:\/\/www.gaveanews.com\/index.php\/2025\/01\/11\/competicao-que-o-atletico-mg-vai-disputar-e-comprada-por-emissora-alternativa\/\">(leia a mat\u00e9ria completa).<\/a><\/strong><\/p>\n\n\n\n<figure class=\"wp-block-image size-full\"><img loading=\"lazy\" decoding=\"async\" width=\"900\" height=\"600\" src=\"https:\/\/www.gaveanews.com\/wp-content\/uploads\/Estadio-do-Atletico-MG.webp\" alt=\"\" class=\"wp-image-153999\" srcset=\"https:\/\/www.gaveanews.com\/wp-content\/uploads\/Estadio-do-Atletico-MG.webp 900w, https:\/\/www.gaveanews.com\/wp-content\/uploads\/Estadio-do-Atletico-MG-300x200.webp 300w, https:\/\/www.gaveanews.com\/wp-content\/uploads\/Estadio-do-Atletico-MG-768x512.webp 768w, https:\/\/www.gaveanews.com\/wp-content\/uploads\/Estadio-do-Atletico-MG-630x420.webp 630w, https:\/\/www.gaveanews.com\/wp-content\/uploads\/Estadio-do-Atletico-MG-640x427.webp 640w, https:\/\/www.gaveanews.com\/wp-content\/uploads\/Estadio-do-Atletico-MG-681x454.webp 681w, https:\/\/www.gaveanews.com\/wp-content\/uploads\/Estadio-do-Atletico-MG-100x67.webp 100w\" sizes=\"auto, (max-width: 900px) 100vw, 900px\" \/><figcaption class=\"wp-element-caption\">Arena MRV, est\u00e1dio do Atl\u00e9tico-MG (Foto: Reprodu\u00e7\u00e3o\/Atl\u00e9tico)<\/figcaption><\/figure>\n\n\n\n<p>A CNN Brasil destacou a import\u00e2ncia de ingressar no segmento esportivo, com a narra\u00e7\u00e3o e coment\u00e1rios de profissionais como Henrique Guidi e Michel Bastos. <\/p>\n\n\n\n<p>A apresentadora Ludmila Candal, que participar\u00e1 da cobertura, afirmou que esse \u00e9 um marco para a emissora e um desafio pessoal significativo. As partidas ser\u00e3o realizadas no Inter&amp;Co Stadium, casa dos times Orlando Pride e Orlando City, da MLS.<\/p>\n\n\n\n<p>O t\u00e9cnico Cuca comandar\u00e1 a equipe, que j\u00e1 iniciou a pr\u00e9-temporada na Cidade do Galo. Apesar de ser discreto no mercado de transfer\u00eancias, o elenco segue se preparando para a temporada. O torneio promete n\u00e3o apenas fortalecer a imagem do clube internacionalmente, mas tamb\u00e9m oferecer uma oportunidade de avaliar o desempenho dos jogadores antes do in\u00edcio das competi\u00e7\u00f5es oficiais.<\/p>\n\n\n\n<h2 class=\"wp-block-heading\" id=\"h-mudanca-no-mineiro\">Mudan\u00e7a no Mineiro<\/h2>\n\n\n\n<p>A Federa\u00e7\u00e3o Mineira de Futebol (FMF) anunciou mudan\u00e7as nos hor\u00e1rios das partidas de estreia do Atl\u00e9tico-MG e Cruzeiro no Campeonato Mineiro 2025, aumentando a expectativa das torcidas. O Atl\u00e9tico enfrentar\u00e1 o Aymor\u00e9s em Ub\u00e1 \u00e0s 11h da manh\u00e3, enquanto o Cruzeiro jogar\u00e1 contra o Tombense \u00e0s 20h no Mineir\u00e3o <strong><a href=\"https:\/\/www.gaveanews.com\/index.php\/2025\/01\/11\/campeonato-mineiro-tem-mudancas-nos-jogos-de-atletico-mg-e-cruzeiro\/\">(leia a mat\u00e9ria completa).<\/a><\/strong><\/p>\n\n\n\n<figure class=\"wp-block-image size-large\"><img loading=\"lazy\" decoding=\"async\" width=\"1024\" height=\"683\" src=\"https:\/\/www.gaveanews.com\/wp-content\/uploads\/Jogadores-do-Atletico-Mineiro-comemorando-em-2024-1024x683.webp\" alt=\"\" class=\"wp-image-157990\" srcset=\"https:\/\/www.gaveanews.com\/wp-content\/uploads\/Jogadores-do-Atletico-Mineiro-comemorando-em-2024-1024x683.webp 1024w, https:\/\/www.gaveanews.com\/wp-content\/uploads\/Jogadores-do-Atletico-Mineiro-comemorando-em-2024-300x200.webp 300w, https:\/\/www.gaveanews.com\/wp-content\/uploads\/Jogadores-do-Atletico-Mineiro-comemorando-em-2024-768x512.webp 768w, https:\/\/www.gaveanews.com\/wp-content\/uploads\/Jogadores-do-Atletico-Mineiro-comemorando-em-2024-630x420.webp 630w, https:\/\/www.gaveanews.com\/wp-content\/uploads\/Jogadores-do-Atletico-Mineiro-comemorando-em-2024-640x427.webp 640w, https:\/\/www.gaveanews.com\/wp-content\/uploads\/Jogadores-do-Atletico-Mineiro-comemorando-em-2024-681x454.webp 681w, https:\/\/www.gaveanews.com\/wp-content\/uploads\/Jogadores-do-Atletico-Mineiro-comemorando-em-2024-100x67.webp 100w, https:\/\/www.gaveanews.com\/wp-content\/uploads\/Jogadores-do-Atletico-Mineiro-comemorando-em-2024.webp 1080w\" sizes=\"auto, (max-width: 1024px) 100vw, 1024px\" \/><figcaption class=\"wp-element-caption\">Jogadores do Atl\u00e9tico Mineiro comemorando em 2024 (Foto: Reprodu\u00e7\u00e3o\/Atl\u00e9tico)<\/figcaption><\/figure>\n\n\n\n<p>Essas mudan\u00e7as trazem novos desafios, como a adapta\u00e7\u00e3o ao hor\u00e1rio matutino para o Atl\u00e9tico, que buscar\u00e1 uma vit\u00f3ria fora de casa para iniciar bem o torneio. J\u00e1 o Cruzeiro contar\u00e1 com o apoio da torcida em um hor\u00e1rio habitual, fator que pode impulsionar a equipe a come\u00e7ar com o p\u00e9 direito.<\/p>\n\n\n\n<p>Al\u00e9m desses jogos, a rodada inicial promete emo\u00e7\u00f5es com confrontos como Pouso Alegre x Athletic e Itabirito x Betim. Com estreias diversificadas, o Campeonato Mineiro se apresenta como um torneio competitivo e cheio de surpresas logo nos primeiros dias.<\/p>\n\n\n\n<h2 class=\"wp-block-heading\" id=\"h-interesse-em-gregore\">Interesse em Gregore<\/h2>\n\n\n\n<p>O Atl\u00e9tico-MG est\u00e1 determinado a contratar Gregore, volante do Botafogo que vem despertando interesse no mercado. A transfer\u00eancia \u00e9 uma indica\u00e7\u00e3o do t\u00e9cnico Cuca, rec\u00e9m-reintegrado ao comando da equipe mineira. Al\u00e9m do Galo, o Al-Rayyan, do Catar, liderado pelo ex-treinador do Botafogo, Artur Jorge, tamb\u00e9m busca adquirir o jogador<strong><a href=\"https:\/\/www.gaveanews.com\/index.php\/2025\/01\/11\/atletico-mg-insiste-em-contratacao-de-meia-do-botafogo\/\"> (leia a mat\u00e9ria completa).<\/a><\/strong><\/p>\n\n\n\n<figure class=\"wp-block-image size-full\"><img loading=\"lazy\" decoding=\"async\" width=\"825\" height=\"667\" src=\"https:\/\/www.gaveanews.com\/wp-content\/uploads\/Gregore-pelo-Botafogo.webp\" alt=\"\" class=\"wp-image-172443\" srcset=\"https:\/\/www.gaveanews.com\/wp-content\/uploads\/Gregore-pelo-Botafogo.webp 825w, https:\/\/www.gaveanews.com\/wp-content\/uploads\/Gregore-pelo-Botafogo-300x243.webp 300w, https:\/\/www.gaveanews.com\/wp-content\/uploads\/Gregore-pelo-Botafogo-768x621.webp 768w, https:\/\/www.gaveanews.com\/wp-content\/uploads\/Gregore-pelo-Botafogo-519x420.webp 519w, https:\/\/www.gaveanews.com\/wp-content\/uploads\/Gregore-pelo-Botafogo-640x517.webp 640w, https:\/\/www.gaveanews.com\/wp-content\/uploads\/Gregore-pelo-Botafogo-681x551.webp 681w, https:\/\/www.gaveanews.com\/wp-content\/uploads\/Gregore-pelo-Botafogo-100x81.webp 100w\" sizes=\"auto, (max-width: 825px) 100vw, 825px\" \/><figcaption class=\"wp-element-caption\">Gregore pelo Botafogo (Foto: Vitor Silva\/Botafogo)<\/figcaption><\/figure>\n\n\n\n<p>Gregore chegou ao Botafogo em 2024, ap\u00f3s transfer\u00eancia do Inter Miami, e se destacou ao disputar 56 partidas, marcando gols importantes e ajudando o time a conquistar a Ta\u00e7a Rio, a Libertadores e o Campeonato Brasileiro. Mesmo com seu desempenho expressivo, especula-se sua sa\u00edda, j\u00e1 que tanto o Atl\u00e9tico-MG quanto o Al-Rayyan demonstraram interesse em contar com o atleta.<\/p>\n\n\n\n<p>Enquanto o Atl\u00e9tico-MG iniciou negocia\u00e7\u00f5es com os representantes do volante, o clube catariano apresentou uma proposta que agradou ao estafe do jogador. O futuro de Gregore ser\u00e1 decidido em breve, com possibilidades de continuidade no Brasil ou um novo cap\u00edtulo no Oriente M\u00e9dio.<\/p>\n","protected":false},"excerpt":{"rendered":"<p>Nas \u00faltimas horas, o foco das not\u00edcias sobre o Atl\u00e9tico-MG se concentram nos bastidores doclube, com destaques do dia a dia do time. Por conta deste contexto, leia abaixo um resumo preparado pela equipe do portal G\u00e1vea News para lhe manter muito bem informado! Competi\u00e7\u00e3o na CNN O Atl\u00e9tico-MG participar\u00e1 da FC Series, torneio amistoso [&hellip;]<\/p>\n","protected":false},"author":27,"featured_media":157061,"comment_status":"open","ping_status":"closed","sticky":false,"template":"","format":"standard","meta":{"footnotes":""},"categories":[136],"tags":[],"class_list":["post-212422","post","type-post","status-publish","format-standard","has-post-thumbnail","hentry","category-atletico-mg"],"yoast_head":"<!-- This site is optimized with the Yoast SEO Premium plugin v24.2 (Yoast SEO v26.9) - https:\/\/yoast.com\/product\/yoast-seo-premium-wordpress\/ -->\n<title>Interesse em Gregore, mudan\u00e7a no Mineiro e competi\u00e7\u00e3o na CNN: as \u00faltimas not\u00edcias do Atl\u00e9tico-MG<\/title>\n<meta name=\"robots\" content=\"index, follow, max-snippet:-1, max-image-preview:large, max-video-preview:-1\" \/>\n<link rel=\"canonical\" href=\"https:\/\/www.gaveanews.com\/index.php\/2025\/01\/14\/interesse-em-gregore-mudanca-no-mineiro-e-competicao-na-cnn-as-ultimas-noticias-do-atletico-mg\/\" \/>\n<meta property=\"og:locale\" content=\"pt_BR\" \/>\n<meta property=\"og:type\" content=\"article\" \/>\n<meta property=\"og:title\" content=\"Interesse em Gregore, mudan\u00e7a no Mineiro e competi\u00e7\u00e3o na CNN: as \u00faltimas not\u00edcias do Atl\u00e9tico-MG\" \/>\n<meta property=\"og:description\" content=\"Nas \u00faltimas horas, o foco das not\u00edcias sobre o Atl\u00e9tico-MG se concentram nos bastidores doclube, com destaques do dia a dia do time. Por conta deste contexto, leia abaixo um resumo preparado pela equipe do portal G\u00e1vea News para lhe manter muito bem informado! Competi\u00e7\u00e3o na CNN O Atl\u00e9tico-MG participar\u00e1 da FC Series, torneio amistoso [&hellip;]\" \/>\n<meta property=\"og:url\" content=\"https:\/\/www.gaveanews.com\/index.php\/2025\/01\/14\/interesse-em-gregore-mudanca-no-mineiro-e-competicao-na-cnn-as-ultimas-noticias-do-atletico-mg\/\" \/>\n<meta property=\"og:site_name\" content=\"G\u00e1vea News\" \/>\n<meta property=\"article:publisher\" content=\"https:\/\/facebook.com\/gaveaNews\/\" \/>\n<meta property=\"article:published_time\" content=\"2025-01-14T22:05:00+00:00\" \/>\n<meta property=\"og:image\" content=\"https:\/\/www.gaveanews.com\/wp-content\/uploads\/Camisa-do-Atletico-MG.webp\" \/>\n\t<meta property=\"og:image:width\" content=\"1080\" \/>\n\t<meta property=\"og:image:height\" content=\"720\" \/>\n\t<meta property=\"og:image:type\" content=\"image\/webp\" \/>\n<meta name=\"author\" content=\"Matheus Felipe\" \/>\n<meta name=\"twitter:card\" content=\"summary_large_image\" \/>\n<meta name=\"twitter:label1\" content=\"Escrito por\" \/>\n\t<meta name=\"twitter:data1\" content=\"Matheus Felipe\" \/>\n\t<meta name=\"twitter:label2\" content=\"Est. tempo de leitura\" \/>\n\t<meta name=\"twitter:data2\" content=\"4 minutos\" \/>\n<script type=\"application\/ld+json\" class=\"yoast-schema-graph\">{\"@context\":\"https:\/\/schema.org\",\"@graph\":[{\"@type\":\"NewsArticle\",\"@id\":\"https:\/\/www.gaveanews.com\/index.php\/2025\/01\/14\/interesse-em-gregore-mudanca-no-mineiro-e-competicao-na-cnn-as-ultimas-noticias-do-atletico-mg\/#article\",\"isPartOf\":{\"@id\":\"https:\/\/www.gaveanews.com\/index.php\/2025\/01\/14\/interesse-em-gregore-mudanca-no-mineiro-e-competicao-na-cnn-as-ultimas-noticias-do-atletico-mg\/\"},\"author\":{\"name\":\"Matheus Felipe\",\"@id\":\"https:\/\/www.gaveanews.com\/#\/schema\/person\/8207cd4627f56151707418bfc835b2fb\"},\"headline\":\"Interesse em Gregore, mudan\u00e7a no Mineiro e competi\u00e7\u00e3o na CNN: as \u00faltimas not\u00edcias do Atl\u00e9tico-MG\",\"datePublished\":\"2025-01-14T22:05:00+00:00\",\"mainEntityOfPage\":{\"@id\":\"https:\/\/www.gaveanews.com\/index.php\/2025\/01\/14\/interesse-em-gregore-mudanca-no-mineiro-e-competicao-na-cnn-as-ultimas-noticias-do-atletico-mg\/\"},\"wordCount\":641,\"commentCount\":0,\"image\":{\"@id\":\"https:\/\/www.gaveanews.com\/index.php\/2025\/01\/14\/interesse-em-gregore-mudanca-no-mineiro-e-competicao-na-cnn-as-ultimas-noticias-do-atletico-mg\/#primaryimage\"},\"thumbnailUrl\":\"https:\/\/www.gaveanews.com\/wp-content\/uploads\/Camisa-do-Atletico-MG.webp\",\"articleSection\":[\"Atl\u00e9tico-MG\"],\"inLanguage\":\"pt-BR\",\"potentialAction\":[{\"@type\":\"CommentAction\",\"name\":\"Comment\",\"target\":[\"https:\/\/www.gaveanews.com\/index.php\/2025\/01\/14\/interesse-em-gregore-mudanca-no-mineiro-e-competicao-na-cnn-as-ultimas-noticias-do-atletico-mg\/#respond\"]}],\"copyrightYear\":\"2025\",\"copyrightHolder\":{\"@id\":\"https:\/\/www.gaveanews.com\/#organization\"}},{\"@type\":\"WebPage\",\"@id\":\"https:\/\/www.gaveanews.com\/index.php\/2025\/01\/14\/interesse-em-gregore-mudanca-no-mineiro-e-competicao-na-cnn-as-ultimas-noticias-do-atletico-mg\/\",\"url\":\"https:\/\/www.gaveanews.com\/index.php\/2025\/01\/14\/interesse-em-gregore-mudanca-no-mineiro-e-competicao-na-cnn-as-ultimas-noticias-do-atletico-mg\/\",\"name\":\"Interesse em Gregore, mudan\u00e7a no Mineiro e competi\u00e7\u00e3o na CNN: as \u00faltimas not\u00edcias do Atl\u00e9tico-MG\",\"isPartOf\":{\"@id\":\"https:\/\/www.gaveanews.com\/#website\"},\"primaryImageOfPage\":{\"@id\":\"https:\/\/www.gaveanews.com\/index.php\/2025\/01\/14\/interesse-em-gregore-mudanca-no-mineiro-e-competicao-na-cnn-as-ultimas-noticias-do-atletico-mg\/#primaryimage\"},\"image\":{\"@id\":\"https:\/\/www.gaveanews.com\/index.php\/2025\/01\/14\/interesse-em-gregore-mudanca-no-mineiro-e-competicao-na-cnn-as-ultimas-noticias-do-atletico-mg\/#primaryimage\"},\"thumbnailUrl\":\"https:\/\/www.gaveanews.com\/wp-content\/uploads\/Camisa-do-Atletico-MG.webp\",\"datePublished\":\"2025-01-14T22:05:00+00:00\",\"author\":{\"@id\":\"https:\/\/www.gaveanews.com\/#\/schema\/person\/8207cd4627f56151707418bfc835b2fb\"},\"breadcrumb\":{\"@id\":\"https:\/\/www.gaveanews.com\/index.php\/2025\/01\/14\/interesse-em-gregore-mudanca-no-mineiro-e-competicao-na-cnn-as-ultimas-noticias-do-atletico-mg\/#breadcrumb\"},\"inLanguage\":\"pt-BR\",\"potentialAction\":[{\"@type\":\"ReadAction\",\"target\":[\"https:\/\/www.gaveanews.com\/index.php\/2025\/01\/14\/interesse-em-gregore-mudanca-no-mineiro-e-competicao-na-cnn-as-ultimas-noticias-do-atletico-mg\/\"]}]},{\"@type\":\"ImageObject\",\"inLanguage\":\"pt-BR\",\"@id\":\"https:\/\/www.gaveanews.com\/index.php\/2025\/01\/14\/interesse-em-gregore-mudanca-no-mineiro-e-competicao-na-cnn-as-ultimas-noticias-do-atletico-mg\/#primaryimage\",\"url\":\"https:\/\/www.gaveanews.com\/wp-content\/uploads\/Camisa-do-Atletico-MG.webp\",\"contentUrl\":\"https:\/\/www.gaveanews.com\/wp-content\/uploads\/Camisa-do-Atletico-MG.webp\",\"width\":1080,\"height\":720,\"caption\":\"Camisa do Atl\u00e9tico-MG (Foto: Reprodu\u00e7\u00e3o\/Instagram)\"},{\"@type\":\"BreadcrumbList\",\"@id\":\"https:\/\/www.gaveanews.com\/index.php\/2025\/01\/14\/interesse-em-gregore-mudanca-no-mineiro-e-competicao-na-cnn-as-ultimas-noticias-do-atletico-mg\/#breadcrumb\",\"itemListElement\":[{\"@type\":\"ListItem\",\"position\":1,\"name\":\"Home\",\"item\":\"https:\/\/www.gaveanews.com\/\"},{\"@type\":\"ListItem\",\"position\":2,\"name\":\"Interesse em Gregore, mudan\u00e7a no Mineiro e competi\u00e7\u00e3o na CNN: as \u00faltimas not\u00edcias do Atl\u00e9tico-MG\"}]},{\"@type\":\"WebSite\",\"@id\":\"https:\/\/www.gaveanews.com\/#website\",\"url\":\"https:\/\/www.gaveanews.com\/\",\"name\":\"G\u00e1vea News\",\"description\":\"Veja todas as not\u00edcias sobre o Flamengo: Contrata\u00e7\u00f5es, categorias de base, resultados das partidas, tabela de classifica\u00e7\u00e3o, pr\u00f3ximos jogos!\",\"potentialAction\":[{\"@type\":\"SearchAction\",\"target\":{\"@type\":\"EntryPoint\",\"urlTemplate\":\"https:\/\/www.gaveanews.com\/?s={search_term_string}\"},\"query-input\":{\"@type\":\"PropertyValueSpecification\",\"valueRequired\":true,\"valueName\":\"search_term_string\"}}],\"inLanguage\":\"pt-BR\"},{\"@type\":\"Person\",\"@id\":\"https:\/\/www.gaveanews.com\/#\/schema\/person\/8207cd4627f56151707418bfc835b2fb\",\"name\":\"Matheus Felipe\",\"image\":{\"@type\":\"ImageObject\",\"inLanguage\":\"pt-BR\",\"@id\":\"https:\/\/www.gaveanews.com\/#\/schema\/person\/image\/\",\"url\":\"https:\/\/secure.gravatar.com\/avatar\/a452ffbed9130f726358b298bb3a99ce4bd3c5338411f8440e87e14d74c7c087?s=96&d=mm&r=g\",\"contentUrl\":\"https:\/\/secure.gravatar.com\/avatar\/a452ffbed9130f726358b298bb3a99ce4bd3c5338411f8440e87e14d74c7c087?s=96&d=mm&r=g\",\"caption\":\"Matheus Felipe\"}}]}<\/script>\n<!-- \/ Yoast SEO Premium plugin. -->","yoast_head_json":{"title":"Interesse em Gregore, mudan\u00e7a no Mineiro e competi\u00e7\u00e3o na CNN: as \u00faltimas not\u00edcias do Atl\u00e9tico-MG","robots":{"index":"index","follow":"follow","max-snippet":"max-snippet:-1","max-image-preview":"max-image-preview:large","max-video-preview":"max-video-preview:-1"},"canonical":"https:\/\/www.gaveanews.com\/index.php\/2025\/01\/14\/interesse-em-gregore-mudanca-no-mineiro-e-competicao-na-cnn-as-ultimas-noticias-do-atletico-mg\/","og_locale":"pt_BR","og_type":"article","og_title":"Interesse em Gregore, mudan\u00e7a no Mineiro e competi\u00e7\u00e3o na CNN: as \u00faltimas not\u00edcias do Atl\u00e9tico-MG","og_description":"Nas \u00faltimas horas, o foco das not\u00edcias sobre o Atl\u00e9tico-MG se concentram nos bastidores doclube, com destaques do dia a dia do time. Por conta deste contexto, leia abaixo um resumo preparado pela equipe do portal G\u00e1vea News para lhe manter muito bem informado! Competi\u00e7\u00e3o na CNN O Atl\u00e9tico-MG participar\u00e1 da FC Series, torneio amistoso [&hellip;]","og_url":"https:\/\/www.gaveanews.com\/index.php\/2025\/01\/14\/interesse-em-gregore-mudanca-no-mineiro-e-competicao-na-cnn-as-ultimas-noticias-do-atletico-mg\/","og_site_name":"G\u00e1vea News","article_publisher":"https:\/\/facebook.com\/gaveaNews\/","article_published_time":"2025-01-14T22:05:00+00:00","og_image":[{"width":1080,"height":720,"url":"https:\/\/www.gaveanews.com\/wp-content\/uploads\/Camisa-do-Atletico-MG.webp","type":"image\/webp"}],"author":"Matheus Felipe","twitter_card":"summary_large_image","twitter_misc":{"Escrito por":"Matheus Felipe","Est. tempo de leitura":"4 minutos"},"schema":{"@context":"https:\/\/schema.org","@graph":[{"@type":"NewsArticle","@id":"https:\/\/www.gaveanews.com\/index.php\/2025\/01\/14\/interesse-em-gregore-mudanca-no-mineiro-e-competicao-na-cnn-as-ultimas-noticias-do-atletico-mg\/#article","isPartOf":{"@id":"https:\/\/www.gaveanews.com\/index.php\/2025\/01\/14\/interesse-em-gregore-mudanca-no-mineiro-e-competicao-na-cnn-as-ultimas-noticias-do-atletico-mg\/"},"author":{"name":"Matheus Felipe","@id":"https:\/\/www.gaveanews.com\/#\/schema\/person\/8207cd4627f56151707418bfc835b2fb"},"headline":"Interesse em Gregore, mudan\u00e7a no Mineiro e competi\u00e7\u00e3o na CNN: as \u00faltimas not\u00edcias do Atl\u00e9tico-MG","datePublished":"2025-01-14T22:05:00+00:00","mainEntityOfPage":{"@id":"https:\/\/www.gaveanews.com\/index.php\/2025\/01\/14\/interesse-em-gregore-mudanca-no-mineiro-e-competicao-na-cnn-as-ultimas-noticias-do-atletico-mg\/"},"wordCount":641,"commentCount":0,"image":{"@id":"https:\/\/www.gaveanews.com\/index.php\/2025\/01\/14\/interesse-em-gregore-mudanca-no-mineiro-e-competicao-na-cnn-as-ultimas-noticias-do-atletico-mg\/#primaryimage"},"thumbnailUrl":"https:\/\/www.gaveanews.com\/wp-content\/uploads\/Camisa-do-Atletico-MG.webp","articleSection":["Atl\u00e9tico-MG"],"inLanguage":"pt-BR","potentialAction":[{"@type":"CommentAction","name":"Comment","target":["https:\/\/www.gaveanews.com\/index.php\/2025\/01\/14\/interesse-em-gregore-mudanca-no-mineiro-e-competicao-na-cnn-as-ultimas-noticias-do-atletico-mg\/#respond"]}],"copyrightYear":"2025","copyrightHolder":{"@id":"https:\/\/www.gaveanews.com\/#organization"}},{"@type":"WebPage","@id":"https:\/\/www.gaveanews.com\/index.php\/2025\/01\/14\/interesse-em-gregore-mudanca-no-mineiro-e-competicao-na-cnn-as-ultimas-noticias-do-atletico-mg\/","url":"https:\/\/www.gaveanews.com\/index.php\/2025\/01\/14\/interesse-em-gregore-mudanca-no-mineiro-e-competicao-na-cnn-as-ultimas-noticias-do-atletico-mg\/","name":"Interesse em Gregore, mudan\u00e7a no Mineiro e competi\u00e7\u00e3o na CNN: as \u00faltimas not\u00edcias do Atl\u00e9tico-MG","isPartOf":{"@id":"https:\/\/www.gaveanews.com\/#website"},"primaryImageOfPage":{"@id":"https:\/\/www.gaveanews.com\/index.php\/2025\/01\/14\/interesse-em-gregore-mudanca-no-mineiro-e-competicao-na-cnn-as-ultimas-noticias-do-atletico-mg\/#primaryimage"},"image":{"@id":"https:\/\/www.gaveanews.com\/index.php\/2025\/01\/14\/interesse-em-gregore-mudanca-no-mineiro-e-competicao-na-cnn-as-ultimas-noticias-do-atletico-mg\/#primaryimage"},"thumbnailUrl":"https:\/\/www.gaveanews.com\/wp-content\/uploads\/Camisa-do-Atletico-MG.webp","datePublished":"2025-01-14T22:05:00+00:00","author":{"@id":"https:\/\/www.gaveanews.com\/#\/schema\/person\/8207cd4627f56151707418bfc835b2fb"},"breadcrumb":{"@id":"https:\/\/www.gaveanews.com\/index.php\/2025\/01\/14\/interesse-em-gregore-mudanca-no-mineiro-e-competicao-na-cnn-as-ultimas-noticias-do-atletico-mg\/#breadcrumb"},"inLanguage":"pt-BR","potentialAction":[{"@type":"ReadAction","target":["https:\/\/www.gaveanews.com\/index.php\/2025\/01\/14\/interesse-em-gregore-mudanca-no-mineiro-e-competicao-na-cnn-as-ultimas-noticias-do-atletico-mg\/"]}]},{"@type":"ImageObject","inLanguage":"pt-BR","@id":"https:\/\/www.gaveanews.com\/index.php\/2025\/01\/14\/interesse-em-gregore-mudanca-no-mineiro-e-competicao-na-cnn-as-ultimas-noticias-do-atletico-mg\/#primaryimage","url":"https:\/\/www.gaveanews.com\/wp-content\/uploads\/Camisa-do-Atletico-MG.webp","contentUrl":"https:\/\/www.gaveanews.com\/wp-content\/uploads\/Camisa-do-Atletico-MG.webp","width":1080,"height":720,"caption":"Camisa do Atl\u00e9tico-MG (Foto: Reprodu\u00e7\u00e3o\/Instagram)"},{"@type":"BreadcrumbList","@id":"https:\/\/www.gaveanews.com\/index.php\/2025\/01\/14\/interesse-em-gregore-mudanca-no-mineiro-e-competicao-na-cnn-as-ultimas-noticias-do-atletico-mg\/#breadcrumb","itemListElement":[{"@type":"ListItem","position":1,"name":"Home","item":"https:\/\/www.gaveanews.com\/"},{"@type":"ListItem","position":2,"name":"Interesse em Gregore, mudan\u00e7a no Mineiro e competi\u00e7\u00e3o na CNN: as \u00faltimas not\u00edcias do Atl\u00e9tico-MG"}]},{"@type":"WebSite","@id":"https:\/\/www.gaveanews.com\/#website","url":"https:\/\/www.gaveanews.com\/","name":"G\u00e1vea News","description":"Veja todas as not\u00edcias sobre o Flamengo: Contrata\u00e7\u00f5es, categorias de base, resultados das partidas, tabela de classifica\u00e7\u00e3o, pr\u00f3ximos jogos!","potentialAction":[{"@type":"SearchAction","target":{"@type":"EntryPoint","urlTemplate":"https:\/\/www.gaveanews.com\/?s={search_term_string}"},"query-input":{"@type":"PropertyValueSpecification","valueRequired":true,"valueName":"search_term_string"}}],"inLanguage":"pt-BR"},{"@type":"Person","@id":"https:\/\/www.gaveanews.com\/#\/schema\/person\/8207cd4627f56151707418bfc835b2fb","name":"Matheus Felipe","image":{"@type":"ImageObject","inLanguage":"pt-BR","@id":"https:\/\/www.gaveanews.com\/#\/schema\/person\/image\/","url":"https:\/\/secure.gravatar.com\/avatar\/a452ffbed9130f726358b298bb3a99ce4bd3c5338411f8440e87e14d74c7c087?s=96&d=mm&r=g","contentUrl":"https:\/\/secure.gravatar.com\/avatar\/a452ffbed9130f726358b298bb3a99ce4bd3c5338411f8440e87e14d74c7c087?s=96&d=mm&r=g","caption":"Matheus Felipe"}}]}},"_links":{"self":[{"href":"https:\/\/www.gaveanews.com\/index.php\/wp-json\/wp\/v2\/posts\/212422","targetHints":{"allow":["GET"]}}],"collection":[{"href":"https:\/\/www.gaveanews.com\/index.php\/wp-json\/wp\/v2\/posts"}],"about":[{"href":"https:\/\/www.gaveanews.com\/index.php\/wp-json\/wp\/v2\/types\/post"}],"author":[{"embeddable":true,"href":"https:\/\/www.gaveanews.com\/index.php\/wp-json\/wp\/v2\/users\/27"}],"replies":[{"embeddable":true,"href":"https:\/\/www.gaveanews.com\/index.php\/wp-json\/wp\/v2\/comments?post=212422"}],"version-history":[{"count":1,"href":"https:\/\/www.gaveanews.com\/index.php\/wp-json\/wp\/v2\/posts\/212422\/revisions"}],"predecessor-version":[{"id":212431,"href":"https:\/\/www.gaveanews.com\/index.php\/wp-json\/wp\/v2\/posts\/212422\/revisions\/212431"}],"wp:featuredmedia":[{"embeddable":true,"href":"https:\/\/www.gaveanews.com\/index.php\/wp-json\/wp\/v2\/media\/157061"}],"wp:attachment":[{"href":"https:\/\/www.gaveanews.com\/index.php\/wp-json\/wp\/v2\/media?parent=212422"}],"wp:term":[{"taxonomy":"category","embeddable":true,"href":"https:\/\/www.gaveanews.com\/index.php\/wp-json\/wp\/v2\/categories?post=212422"},{"taxonomy":"post_tag","embeddable":true,"href":"https:\/\/www.gaveanews.com\/index.php\/wp-json\/wp\/v2\/tags?post=212422"}],"curies":[{"name":"wp","href":"https:\/\/api.w.org\/{rel}","templated":true}]}}