{"id":212470,"date":"2025-01-15T01:55:00","date_gmt":"2025-01-15T04:55:00","guid":{"rendered":"https:\/\/www.gaveanews.com\/?p=212470"},"modified":"2025-01-14T23:16:21","modified_gmt":"2025-01-15T02:16:21","slug":"barcelona-a-declaracao-de-hansi-flick-direcionada-a-ansu-fati","status":"publish","type":"post","link":"https:\/\/www.gaveanews.com\/index.php\/2025\/01\/15\/barcelona-a-declaracao-de-hansi-flick-direcionada-a-ansu-fati\/","title":{"rendered":"Barcelona: a declara\u00e7\u00e3o de Hansi Flick direcionada a Ansu Fati"},"content":{"rendered":"\n<p>O t\u00e9cnico Hansi Flick abordou o futuro do atacante Ansu Fati durante entrevista coletiva nesta ter\u00e7a-feira, 14. O jogador, ap\u00f3s per\u00edodo de empr\u00e9stimo ao Brighton, retornou ao Barcelona e busca retomar o alto n\u00edvel apresentado no in\u00edcio da carreira. Todavia, Fati enfrenta dificuldades para reencontrar sua melhor forma.<\/p>\n\n\n\n<ul class=\"wp-block-list\">\n<li><a href=\"https:\/\/www.gaveanews.com\/index.php\/2025\/01\/14\/a-declaracao-do-presidente-do-barcelona-direcionada-a-dani-olmo\/\">A declara\u00e7\u00e3o do presidente do Barcelona direcionada a Dani Olmo<\/a><\/li>\n\n\n\n<li><a href=\"https:\/\/www.gaveanews.com\/index.php\/2025\/01\/14\/ele-pode-trocar-o-barcelona-pelo-roma\/\">Ele pode trocar o Barcelona pelo Roma<\/a><\/li>\n<\/ul>\n\n\n\n<p>Desde seu retorno ao clube catal\u00e3o, o atacante participou de oito partidas, por\u00e9m ainda n\u00e3o marcou gols. Al\u00e9m disso, o jogador n\u00e3o integrou a lista de relacionados para os jogos da Supercopa. Ademais, Fati n\u00e3o atuou por mais de 45 minutos em uma partida desde outubro de 2024.<\/p>\n\n\n\n<p>As les\u00f5es recorrentes impactaram o desempenho do atacante, gerando preocupa\u00e7\u00e3o na comiss\u00e3o t\u00e9cnica. Apesar desse cen\u00e1rio, o treinador manifestou confian\u00e7a no talento do jogador. Ao mesmo tempo, Flick ressaltou que todos os atletas devem demonstrar o mesmo comprometimento e dedica\u00e7\u00e3o no clube.<\/p>\n\n\n\n<p>\u201cDepois das les\u00f5es, ele nunca conseguiu mostrar 100% de seu futebol. Eu estava certo de que ele ia voltar como antes. Sou honesto com meus jogadores e ele precisa trabalhar como todos e dar seu melhor\u201d, disparou.<\/p>\n\n\n\n<h2 class=\"wp-block-heading\" id=\"h-situacao-de-ronald-araujo-e-interesse-da-juventus\">Situa\u00e7\u00e3o de Ronald Ara\u00fajo e interesse da Juventus<\/h2>\n\n\n\n<p>Outro ponto abordado na coletiva tratou da situa\u00e7\u00e3o do zagueiro Ronald Ara\u00fajo, cujo futuro permanece incerto. O atleta uruguaio, que retornou aos gramados recentemente ap\u00f3s les\u00e3o, tem sido tema de conversas entre o Barcelona e a Juventus, clube interessado em sua contrata\u00e7\u00e3o.<\/p>\n\n\n\n<p>Hansi Flick refor\u00e7ou a import\u00e2ncia de Ara\u00fajo para a equipe, destacando sua lideran\u00e7a e o classificando como um dos melhores zagueiros do mundo. Entretanto, o t\u00e9cnico optou por n\u00e3o divulgar detalhes sobre as negocia\u00e7\u00f5es envolvendo a poss\u00edvel transfer\u00eancia do jogador para o time italiano.<\/p>\n\n\n\n<p>Desde a chegada de I\u00f1igo Mart\u00ednez ao Barcelona, a titularidade de Ara\u00fajo passou a ser questionada. N\u00e3o obstante, o zagueiro continua sendo uma pe\u00e7a importante no elenco. Igualmente, o presidente do clube, Joan Laporta, j\u00e1 demonstrou interesse na perman\u00eancia do atleta.<\/p>\n\n\n\n<p>Os problemas f\u00edsicos enfrentados pelo jogador desde 2020 se intensificaram ap\u00f3s Flick assumir o comando t\u00e9cnico da equipe. Em contrapartida, a diretoria catal\u00e3 busca estrat\u00e9gias para assegurar a continuidade de Ara\u00fajo no clube, reconhecendo o valor que o zagueiro agrega ao grupo.<\/p>\n","protected":false},"excerpt":{"rendered":"<p>O t\u00e9cnico Hansi Flick abordou o futuro do atacante Ansu Fati durante entrevista coletiva nesta ter\u00e7a-feira, 14. O jogador, ap\u00f3s per\u00edodo de empr\u00e9stimo ao Brighton, retornou ao Barcelona e busca retomar o alto n\u00edvel apresentado no in\u00edcio da carreira. Todavia, Fati enfrenta dificuldades para reencontrar sua melhor forma. Desde seu retorno ao clube catal\u00e3o, o [&hellip;]<\/p>\n","protected":false},"author":28,"featured_media":125673,"comment_status":"open","ping_status":"closed","sticky":false,"template":"","format":"standard","meta":{"footnotes":""},"categories":[87],"tags":[],"class_list":["post-212470","post","type-post","status-publish","format-standard","has-post-thumbnail","hentry","category-barcelona"],"yoast_head":"<!-- This site is optimized with the Yoast SEO Premium plugin v24.2 (Yoast SEO v26.9) - https:\/\/yoast.com\/product\/yoast-seo-premium-wordpress\/ -->\n<title>Barcelona: a declara\u00e7\u00e3o de Hansi Flick direcionada a Ansu Fati<\/title>\n<meta name=\"robots\" content=\"index, follow, max-snippet:-1, max-image-preview:large, max-video-preview:-1\" \/>\n<link rel=\"canonical\" href=\"https:\/\/www.gaveanews.com\/index.php\/2025\/01\/15\/barcelona-a-declaracao-de-hansi-flick-direcionada-a-ansu-fati\/\" \/>\n<meta property=\"og:locale\" content=\"pt_BR\" \/>\n<meta property=\"og:type\" content=\"article\" \/>\n<meta property=\"og:title\" content=\"Barcelona: a declara\u00e7\u00e3o de Hansi Flick direcionada a Ansu Fati\" \/>\n<meta property=\"og:description\" content=\"O t\u00e9cnico Hansi Flick abordou o futuro do atacante Ansu Fati durante entrevista coletiva nesta ter\u00e7a-feira, 14. O jogador, ap\u00f3s per\u00edodo de empr\u00e9stimo ao Brighton, retornou ao Barcelona e busca retomar o alto n\u00edvel apresentado no in\u00edcio da carreira. Todavia, Fati enfrenta dificuldades para reencontrar sua melhor forma. Desde seu retorno ao clube catal\u00e3o, o [&hellip;]\" \/>\n<meta property=\"og:url\" content=\"https:\/\/www.gaveanews.com\/index.php\/2025\/01\/15\/barcelona-a-declaracao-de-hansi-flick-direcionada-a-ansu-fati\/\" \/>\n<meta property=\"og:site_name\" content=\"G\u00e1vea News\" \/>\n<meta property=\"article:publisher\" content=\"https:\/\/facebook.com\/gaveaNews\/\" \/>\n<meta property=\"article:published_time\" content=\"2025-01-15T04:55:00+00:00\" \/>\n<meta property=\"og:image\" content=\"https:\/\/www.gaveanews.com\/wp-content\/uploads\/ansufati_1707166562322.webp\" \/>\n\t<meta property=\"og:image:width\" content=\"1440\" \/>\n\t<meta property=\"og:image:height\" content=\"1766\" \/>\n\t<meta property=\"og:image:type\" content=\"image\/jpeg\" \/>\n<meta name=\"author\" content=\"Hudson Pereira\" \/>\n<meta name=\"twitter:card\" content=\"summary_large_image\" \/>\n<meta name=\"twitter:label1\" content=\"Escrito por\" \/>\n\t<meta name=\"twitter:data1\" content=\"Hudson Pereira\" \/>\n\t<meta name=\"twitter:label2\" content=\"Est. tempo de leitura\" \/>\n\t<meta name=\"twitter:data2\" content=\"3 minutos\" \/>\n<script type=\"application\/ld+json\" class=\"yoast-schema-graph\">{\"@context\":\"https:\/\/schema.org\",\"@graph\":[{\"@type\":\"NewsArticle\",\"@id\":\"https:\/\/www.gaveanews.com\/index.php\/2025\/01\/15\/barcelona-a-declaracao-de-hansi-flick-direcionada-a-ansu-fati\/#article\",\"isPartOf\":{\"@id\":\"https:\/\/www.gaveanews.com\/index.php\/2025\/01\/15\/barcelona-a-declaracao-de-hansi-flick-direcionada-a-ansu-fati\/\"},\"author\":{\"name\":\"Hudson Pereira\",\"@id\":\"https:\/\/www.gaveanews.com\/#\/schema\/person\/bd08f00534b403119b92741a6d469ef0\"},\"headline\":\"Barcelona: a declara\u00e7\u00e3o de Hansi Flick direcionada a Ansu Fati\",\"datePublished\":\"2025-01-15T04:55:00+00:00\",\"mainEntityOfPage\":{\"@id\":\"https:\/\/www.gaveanews.com\/index.php\/2025\/01\/15\/barcelona-a-declaracao-de-hansi-flick-direcionada-a-ansu-fati\/\"},\"wordCount\":424,\"commentCount\":0,\"image\":{\"@id\":\"https:\/\/www.gaveanews.com\/index.php\/2025\/01\/15\/barcelona-a-declaracao-de-hansi-flick-direcionada-a-ansu-fati\/#primaryimage\"},\"thumbnailUrl\":\"https:\/\/www.gaveanews.com\/wp-content\/uploads\/ansufati_1707166562322.webp\",\"articleSection\":[\"Barcelona\"],\"inLanguage\":\"pt-BR\",\"potentialAction\":[{\"@type\":\"CommentAction\",\"name\":\"Comment\",\"target\":[\"https:\/\/www.gaveanews.com\/index.php\/2025\/01\/15\/barcelona-a-declaracao-de-hansi-flick-direcionada-a-ansu-fati\/#respond\"]}],\"copyrightYear\":\"2025\",\"copyrightHolder\":{\"@id\":\"https:\/\/www.gaveanews.com\/#organization\"}},{\"@type\":\"WebPage\",\"@id\":\"https:\/\/www.gaveanews.com\/index.php\/2025\/01\/15\/barcelona-a-declaracao-de-hansi-flick-direcionada-a-ansu-fati\/\",\"url\":\"https:\/\/www.gaveanews.com\/index.php\/2025\/01\/15\/barcelona-a-declaracao-de-hansi-flick-direcionada-a-ansu-fati\/\",\"name\":\"Barcelona: a declara\u00e7\u00e3o de Hansi Flick direcionada a Ansu Fati\",\"isPartOf\":{\"@id\":\"https:\/\/www.gaveanews.com\/#website\"},\"primaryImageOfPage\":{\"@id\":\"https:\/\/www.gaveanews.com\/index.php\/2025\/01\/15\/barcelona-a-declaracao-de-hansi-flick-direcionada-a-ansu-fati\/#primaryimage\"},\"image\":{\"@id\":\"https:\/\/www.gaveanews.com\/index.php\/2025\/01\/15\/barcelona-a-declaracao-de-hansi-flick-direcionada-a-ansu-fati\/#primaryimage\"},\"thumbnailUrl\":\"https:\/\/www.gaveanews.com\/wp-content\/uploads\/ansufati_1707166562322.webp\",\"datePublished\":\"2025-01-15T04:55:00+00:00\",\"author\":{\"@id\":\"https:\/\/www.gaveanews.com\/#\/schema\/person\/bd08f00534b403119b92741a6d469ef0\"},\"breadcrumb\":{\"@id\":\"https:\/\/www.gaveanews.com\/index.php\/2025\/01\/15\/barcelona-a-declaracao-de-hansi-flick-direcionada-a-ansu-fati\/#breadcrumb\"},\"inLanguage\":\"pt-BR\",\"potentialAction\":[{\"@type\":\"ReadAction\",\"target\":[\"https:\/\/www.gaveanews.com\/index.php\/2025\/01\/15\/barcelona-a-declaracao-de-hansi-flick-direcionada-a-ansu-fati\/\"]}]},{\"@type\":\"ImageObject\",\"inLanguage\":\"pt-BR\",\"@id\":\"https:\/\/www.gaveanews.com\/index.php\/2025\/01\/15\/barcelona-a-declaracao-de-hansi-flick-direcionada-a-ansu-fati\/#primaryimage\",\"url\":\"https:\/\/www.gaveanews.com\/wp-content\/uploads\/ansufati_1707166562322.webp\",\"contentUrl\":\"https:\/\/www.gaveanews.com\/wp-content\/uploads\/ansufati_1707166562322.webp\",\"width\":1440,\"height\":1766,\"caption\":\"Ansu Fati pela sele\u00e7\u00e3o da Espanha (Foto: Reprodu\u00e7\u00e3o\/Instagram)\"},{\"@type\":\"BreadcrumbList\",\"@id\":\"https:\/\/www.gaveanews.com\/index.php\/2025\/01\/15\/barcelona-a-declaracao-de-hansi-flick-direcionada-a-ansu-fati\/#breadcrumb\",\"itemListElement\":[{\"@type\":\"ListItem\",\"position\":1,\"name\":\"Home\",\"item\":\"https:\/\/www.gaveanews.com\/\"},{\"@type\":\"ListItem\",\"position\":2,\"name\":\"Barcelona: a declara\u00e7\u00e3o de Hansi Flick direcionada a Ansu Fati\"}]},{\"@type\":\"WebSite\",\"@id\":\"https:\/\/www.gaveanews.com\/#website\",\"url\":\"https:\/\/www.gaveanews.com\/\",\"name\":\"G\u00e1vea News\",\"description\":\"Veja todas as not\u00edcias sobre o Flamengo: Contrata\u00e7\u00f5es, categorias de base, resultados das partidas, tabela de classifica\u00e7\u00e3o, pr\u00f3ximos jogos!\",\"potentialAction\":[{\"@type\":\"SearchAction\",\"target\":{\"@type\":\"EntryPoint\",\"urlTemplate\":\"https:\/\/www.gaveanews.com\/?s={search_term_string}\"},\"query-input\":{\"@type\":\"PropertyValueSpecification\",\"valueRequired\":true,\"valueName\":\"search_term_string\"}}],\"inLanguage\":\"pt-BR\"},{\"@type\":\"Person\",\"@id\":\"https:\/\/www.gaveanews.com\/#\/schema\/person\/bd08f00534b403119b92741a6d469ef0\",\"name\":\"Hudson Pereira\",\"image\":{\"@type\":\"ImageObject\",\"inLanguage\":\"pt-BR\",\"@id\":\"https:\/\/www.gaveanews.com\/#\/schema\/person\/image\/\",\"url\":\"https:\/\/secure.gravatar.com\/avatar\/ecc491b489e454e510efffc9b23c1052ce5fb4f2e05555768ba65819cd55f03e?s=96&d=mm&r=g\",\"contentUrl\":\"https:\/\/secure.gravatar.com\/avatar\/ecc491b489e454e510efffc9b23c1052ce5fb4f2e05555768ba65819cd55f03e?s=96&d=mm&r=g\",\"caption\":\"Hudson Pereira\"}}]}<\/script>\n<!-- \/ Yoast SEO Premium plugin. -->","yoast_head_json":{"title":"Barcelona: a declara\u00e7\u00e3o de Hansi Flick direcionada a Ansu Fati","robots":{"index":"index","follow":"follow","max-snippet":"max-snippet:-1","max-image-preview":"max-image-preview:large","max-video-preview":"max-video-preview:-1"},"canonical":"https:\/\/www.gaveanews.com\/index.php\/2025\/01\/15\/barcelona-a-declaracao-de-hansi-flick-direcionada-a-ansu-fati\/","og_locale":"pt_BR","og_type":"article","og_title":"Barcelona: a declara\u00e7\u00e3o de Hansi Flick direcionada a Ansu Fati","og_description":"O t\u00e9cnico Hansi Flick abordou o futuro do atacante Ansu Fati durante entrevista coletiva nesta ter\u00e7a-feira, 14. O jogador, ap\u00f3s per\u00edodo de empr\u00e9stimo ao Brighton, retornou ao Barcelona e busca retomar o alto n\u00edvel apresentado no in\u00edcio da carreira. Todavia, Fati enfrenta dificuldades para reencontrar sua melhor forma. Desde seu retorno ao clube catal\u00e3o, o [&hellip;]","og_url":"https:\/\/www.gaveanews.com\/index.php\/2025\/01\/15\/barcelona-a-declaracao-de-hansi-flick-direcionada-a-ansu-fati\/","og_site_name":"G\u00e1vea News","article_publisher":"https:\/\/facebook.com\/gaveaNews\/","article_published_time":"2025-01-15T04:55:00+00:00","og_image":[{"width":1440,"height":1766,"url":"https:\/\/www.gaveanews.com\/wp-content\/uploads\/ansufati_1707166562322.webp","type":"image\/jpeg"}],"author":"Hudson Pereira","twitter_card":"summary_large_image","twitter_misc":{"Escrito por":"Hudson Pereira","Est. tempo de leitura":"3 minutos"},"schema":{"@context":"https:\/\/schema.org","@graph":[{"@type":"NewsArticle","@id":"https:\/\/www.gaveanews.com\/index.php\/2025\/01\/15\/barcelona-a-declaracao-de-hansi-flick-direcionada-a-ansu-fati\/#article","isPartOf":{"@id":"https:\/\/www.gaveanews.com\/index.php\/2025\/01\/15\/barcelona-a-declaracao-de-hansi-flick-direcionada-a-ansu-fati\/"},"author":{"name":"Hudson Pereira","@id":"https:\/\/www.gaveanews.com\/#\/schema\/person\/bd08f00534b403119b92741a6d469ef0"},"headline":"Barcelona: a declara\u00e7\u00e3o de Hansi Flick direcionada a Ansu Fati","datePublished":"2025-01-15T04:55:00+00:00","mainEntityOfPage":{"@id":"https:\/\/www.gaveanews.com\/index.php\/2025\/01\/15\/barcelona-a-declaracao-de-hansi-flick-direcionada-a-ansu-fati\/"},"wordCount":424,"commentCount":0,"image":{"@id":"https:\/\/www.gaveanews.com\/index.php\/2025\/01\/15\/barcelona-a-declaracao-de-hansi-flick-direcionada-a-ansu-fati\/#primaryimage"},"thumbnailUrl":"https:\/\/www.gaveanews.com\/wp-content\/uploads\/ansufati_1707166562322.webp","articleSection":["Barcelona"],"inLanguage":"pt-BR","potentialAction":[{"@type":"CommentAction","name":"Comment","target":["https:\/\/www.gaveanews.com\/index.php\/2025\/01\/15\/barcelona-a-declaracao-de-hansi-flick-direcionada-a-ansu-fati\/#respond"]}],"copyrightYear":"2025","copyrightHolder":{"@id":"https:\/\/www.gaveanews.com\/#organization"}},{"@type":"WebPage","@id":"https:\/\/www.gaveanews.com\/index.php\/2025\/01\/15\/barcelona-a-declaracao-de-hansi-flick-direcionada-a-ansu-fati\/","url":"https:\/\/www.gaveanews.com\/index.php\/2025\/01\/15\/barcelona-a-declaracao-de-hansi-flick-direcionada-a-ansu-fati\/","name":"Barcelona: a declara\u00e7\u00e3o de Hansi Flick direcionada a Ansu Fati","isPartOf":{"@id":"https:\/\/www.gaveanews.com\/#website"},"primaryImageOfPage":{"@id":"https:\/\/www.gaveanews.com\/index.php\/2025\/01\/15\/barcelona-a-declaracao-de-hansi-flick-direcionada-a-ansu-fati\/#primaryimage"},"image":{"@id":"https:\/\/www.gaveanews.com\/index.php\/2025\/01\/15\/barcelona-a-declaracao-de-hansi-flick-direcionada-a-ansu-fati\/#primaryimage"},"thumbnailUrl":"https:\/\/www.gaveanews.com\/wp-content\/uploads\/ansufati_1707166562322.webp","datePublished":"2025-01-15T04:55:00+00:00","author":{"@id":"https:\/\/www.gaveanews.com\/#\/schema\/person\/bd08f00534b403119b92741a6d469ef0"},"breadcrumb":{"@id":"https:\/\/www.gaveanews.com\/index.php\/2025\/01\/15\/barcelona-a-declaracao-de-hansi-flick-direcionada-a-ansu-fati\/#breadcrumb"},"inLanguage":"pt-BR","potentialAction":[{"@type":"ReadAction","target":["https:\/\/www.gaveanews.com\/index.php\/2025\/01\/15\/barcelona-a-declaracao-de-hansi-flick-direcionada-a-ansu-fati\/"]}]},{"@type":"ImageObject","inLanguage":"pt-BR","@id":"https:\/\/www.gaveanews.com\/index.php\/2025\/01\/15\/barcelona-a-declaracao-de-hansi-flick-direcionada-a-ansu-fati\/#primaryimage","url":"https:\/\/www.gaveanews.com\/wp-content\/uploads\/ansufati_1707166562322.webp","contentUrl":"https:\/\/www.gaveanews.com\/wp-content\/uploads\/ansufati_1707166562322.webp","width":1440,"height":1766,"caption":"Ansu Fati pela sele\u00e7\u00e3o da Espanha (Foto: Reprodu\u00e7\u00e3o\/Instagram)"},{"@type":"BreadcrumbList","@id":"https:\/\/www.gaveanews.com\/index.php\/2025\/01\/15\/barcelona-a-declaracao-de-hansi-flick-direcionada-a-ansu-fati\/#breadcrumb","itemListElement":[{"@type":"ListItem","position":1,"name":"Home","item":"https:\/\/www.gaveanews.com\/"},{"@type":"ListItem","position":2,"name":"Barcelona: a declara\u00e7\u00e3o de Hansi Flick direcionada a Ansu Fati"}]},{"@type":"WebSite","@id":"https:\/\/www.gaveanews.com\/#website","url":"https:\/\/www.gaveanews.com\/","name":"G\u00e1vea News","description":"Veja todas as not\u00edcias sobre o Flamengo: Contrata\u00e7\u00f5es, categorias de base, resultados das partidas, tabela de classifica\u00e7\u00e3o, pr\u00f3ximos jogos!","potentialAction":[{"@type":"SearchAction","target":{"@type":"EntryPoint","urlTemplate":"https:\/\/www.gaveanews.com\/?s={search_term_string}"},"query-input":{"@type":"PropertyValueSpecification","valueRequired":true,"valueName":"search_term_string"}}],"inLanguage":"pt-BR"},{"@type":"Person","@id":"https:\/\/www.gaveanews.com\/#\/schema\/person\/bd08f00534b403119b92741a6d469ef0","name":"Hudson Pereira","image":{"@type":"ImageObject","inLanguage":"pt-BR","@id":"https:\/\/www.gaveanews.com\/#\/schema\/person\/image\/","url":"https:\/\/secure.gravatar.com\/avatar\/ecc491b489e454e510efffc9b23c1052ce5fb4f2e05555768ba65819cd55f03e?s=96&d=mm&r=g","contentUrl":"https:\/\/secure.gravatar.com\/avatar\/ecc491b489e454e510efffc9b23c1052ce5fb4f2e05555768ba65819cd55f03e?s=96&d=mm&r=g","caption":"Hudson Pereira"}}]}},"_links":{"self":[{"href":"https:\/\/www.gaveanews.com\/index.php\/wp-json\/wp\/v2\/posts\/212470","targetHints":{"allow":["GET"]}}],"collection":[{"href":"https:\/\/www.gaveanews.com\/index.php\/wp-json\/wp\/v2\/posts"}],"about":[{"href":"https:\/\/www.gaveanews.com\/index.php\/wp-json\/wp\/v2\/types\/post"}],"author":[{"embeddable":true,"href":"https:\/\/www.gaveanews.com\/index.php\/wp-json\/wp\/v2\/users\/28"}],"replies":[{"embeddable":true,"href":"https:\/\/www.gaveanews.com\/index.php\/wp-json\/wp\/v2\/comments?post=212470"}],"version-history":[{"count":2,"href":"https:\/\/www.gaveanews.com\/index.php\/wp-json\/wp\/v2\/posts\/212470\/revisions"}],"predecessor-version":[{"id":212501,"href":"https:\/\/www.gaveanews.com\/index.php\/wp-json\/wp\/v2\/posts\/212470\/revisions\/212501"}],"wp:featuredmedia":[{"embeddable":true,"href":"https:\/\/www.gaveanews.com\/index.php\/wp-json\/wp\/v2\/media\/125673"}],"wp:attachment":[{"href":"https:\/\/www.gaveanews.com\/index.php\/wp-json\/wp\/v2\/media?parent=212470"}],"wp:term":[{"taxonomy":"category","embeddable":true,"href":"https:\/\/www.gaveanews.com\/index.php\/wp-json\/wp\/v2\/categories?post=212470"},{"taxonomy":"post_tag","embeddable":true,"href":"https:\/\/www.gaveanews.com\/index.php\/wp-json\/wp\/v2\/tags?post=212470"}],"curies":[{"name":"wp","href":"https:\/\/api.w.org\/{rel}","templated":true}]}}