{"id":212483,"date":"2025-01-15T01:45:00","date_gmt":"2025-01-15T04:45:00","guid":{"rendered":"https:\/\/www.gaveanews.com\/?p=212483"},"modified":"2025-01-14T23:13:49","modified_gmt":"2025-01-15T02:13:49","slug":"paulinho-idolo-do-corinthians-e-sincero-ao-falar-sobre-a-selecao-brasileira","status":"publish","type":"post","link":"https:\/\/www.gaveanews.com\/index.php\/2025\/01\/15\/paulinho-idolo-do-corinthians-e-sincero-ao-falar-sobre-a-selecao-brasileira\/","title":{"rendered":"Paulinho, \u00eddolo do Corinthians, \u00e9 sincero ao falar sobre a Sele\u00e7\u00e3o Brasileira"},"content":{"rendered":"\n<h2 class=\"wp-block-heading\" id=\"h-paulinho-revela-sonhos-na-carreira-nbsp\">Paulinho revela sonhos na carreira&nbsp;<\/h2>\n\n\n\n<p>Ap\u00f3s pouco mais de um m\u00eas em sua nova fun\u00e7\u00e3o, o ex-volante Paulinho se sente cada vez mais \u00e0 vontade como coordenador t\u00e9cnico do Mirassol. O dirigente concedeu uma entrevista exclusiva ao ge e \u00e0 TV TEM nos dias que antecederam a estreia do Le\u00e3o no Paulist\u00e3o.<\/p>\n\n\n\n<ul class=\"wp-block-list\">\n<li><a href=\"https:\/\/www.gaveanews.com\/index.php\/2025\/01\/14\/mais-de-100-milhoes-veja-quanto-depay-custa-ao-corinthians\/\">Mais de 100 milh\u00f5es! Veja quanto Depay custa ao Corinthians<\/a><\/li>\n\n\n\n<li><a href=\"https:\/\/www.gaveanews.com\/index.php\/2025\/01\/14\/corinthians-a-declaracao-de-casagrande-sobre-a-contratacao-de-gabriel-paulista\/\">Corinthians: a declara\u00e7\u00e3o de Casagrande sobre a contrata\u00e7\u00e3o de Gabriel Paulista<\/a><\/li>\n<\/ul>\n\n\n\n<p>\u00cddolo do Corinthians, ele assume o papel de intermedi\u00e1rio entre jogadores, comiss\u00e3o t\u00e9cnica e diretoria. O ex-atleta compartilhou seus planos de carreira enquanto continua seus estudos para evoluir diariamente no clube, que ser\u00e1 o novato da S\u00e9rie A do Brasileiro em 2025. Paulinho definiu metas profissionais para essa nova fase.<\/p>\n\n\n\n<p>&#8220;Sempre fui um cara que colocou metas na vida, na minha carreira. Com certeza uma delas \u00e9 daqui uns anos me tornar diretor executivo. Obviamente quando eu e as pessoas me entenderem que eu estou pronto para essa fun\u00e7\u00e3o. Tenho como meta ser campe\u00e3o nessa fun\u00e7\u00e3o. Sempre deixei claro que, se fosse da vontade de Deus, quero assumir um clube na Europa e a sele\u00e7\u00e3o brasileira, revelou o ex-jogador.&#8221;<\/p>\n\n\n\n<figure class=\"wp-block-image size-full\"><img loading=\"lazy\" decoding=\"async\" width=\"941\" height=\"758\" src=\"https:\/\/www.gaveanews.com\/wp-content\/uploads\/Paulinho-em-acao-pelo-Corinthians.webp\" alt=\"\" class=\"wp-image-139064\" srcset=\"https:\/\/www.gaveanews.com\/wp-content\/uploads\/Paulinho-em-acao-pelo-Corinthians.webp 941w, https:\/\/www.gaveanews.com\/wp-content\/uploads\/Paulinho-em-acao-pelo-Corinthians-300x242.webp 300w, https:\/\/www.gaveanews.com\/wp-content\/uploads\/Paulinho-em-acao-pelo-Corinthians-768x619.webp 768w, https:\/\/www.gaveanews.com\/wp-content\/uploads\/Paulinho-em-acao-pelo-Corinthians-521x420.webp 521w, https:\/\/www.gaveanews.com\/wp-content\/uploads\/Paulinho-em-acao-pelo-Corinthians-640x516.webp 640w, https:\/\/www.gaveanews.com\/wp-content\/uploads\/Paulinho-em-acao-pelo-Corinthians-681x549.webp 681w, https:\/\/www.gaveanews.com\/wp-content\/uploads\/Paulinho-em-acao-pelo-Corinthians-100x81.webp 100w\" sizes=\"auto, (max-width: 941px) 100vw, 941px\" \/><figcaption class=\"wp-element-caption\">Paulinho em a\u00e7\u00e3o pelo Corinthians (Foto: Reprodu\u00e7\u00e3o\/Corinthians)<\/figcaption><\/figure>\n\n\n\n<p>O ex-volante tamb\u00e9m comentou sobre seus primeiros contatos na \u00e1rea executiva, durante o per\u00edodo em que se recuperava de uma les\u00e3o no ligamento do joelho, ainda como jogador do Corinthians.<\/p>\n\n\n\n<p>&#8220;No final da minha trajet\u00f3ria no Corinthians eu exerci fun\u00e7\u00f5es antes do Fabinho Soldado chegar por que o clube necessitava. Eu era atleta, psic\u00f3logo, gestor, mas quando ele chegou compartilhei como funcionava o Corinthians e como seria a vida dele como diretor executivo do clube. Uma fun\u00e7\u00e3o que me deu muita experi\u00eancia, ent\u00e3o aprendi muito com ele&#8221;.<\/p>\n\n\n\n<p>&#8220;Na minha primeira les\u00e3o eu comecei a estudar, algo n\u00e3o aprofundado. Mas na segunda eu come\u00e7o ir mais a fundo procurando cursos e entendimentos. Como eu sempre digo nas minhas entrevistas, o Thiago Scuro (ex-diretor executivo do Bragantino) \u00e9 uma das minhas maiores refer\u00eancias na gest\u00e3o de futebol, ent\u00e3o \u00e9 um cara que sempre em apoia, junto \u00e0 minha fam\u00edlia ,completa Paulinho&#8221;.<\/p>\n\n\n\n<p>Paulinho sempre deixou claro suas raz\u00f5es para escolher o Mirassol no in\u00edcio de sua trajet\u00f3ria profissional. Este ano \u00e9 especial, pois al\u00e9m de marcar o centen\u00e1rio do clube, o Le\u00e3o participar\u00e1 pela primeira vez na hist\u00f3ria da S\u00e9rie A do Campeonato Brasileiro.<\/p>\n\n\n\n<p>&#8220;Eu sou um cara muito de energia, ent\u00e3o eu aprendi que quem faz o ambiente s\u00e3o as pessoas, e aqui quem construiu tudo al\u00e9m da diretoria, claro, foi feito com muito amor, dedica\u00e7\u00e3o, trabalho. O pessoal me fala que foi bem dif\u00edcil a ascens\u00e3o, por\u00e9m sempre muito convicta com o que eles queriam&#8221;.<\/p>\n\n\n\n<p>&#8220;Temos metas na S\u00e9rie A e uma pr\u00e9-temporada que est\u00e1 sendo feita de melhor maneira poss\u00edvel. Sabemos que o Paulist\u00e3o \u00e9 o mais estadual dif\u00edcil do pa\u00eds, na minha opini\u00e3o, ent\u00e3o primeiro temos esse passo, para depois pensar na S\u00e9rie A ,afirma coordenador&#8221;.<\/p>\n","protected":false},"excerpt":{"rendered":"<p>Paulinho revela sonhos na carreira&nbsp; Ap\u00f3s pouco mais de um m\u00eas em sua nova fun\u00e7\u00e3o, o ex-volante Paulinho se sente cada vez mais \u00e0 vontade como coordenador t\u00e9cnico do Mirassol. O dirigente concedeu uma entrevista exclusiva ao ge e \u00e0 TV TEM nos dias que antecederam a estreia do Le\u00e3o no Paulist\u00e3o. \u00cddolo do Corinthians, [&hellip;]<\/p>\n","protected":false},"author":16,"featured_media":145564,"comment_status":"open","ping_status":"closed","sticky":false,"template":"","format":"standard","meta":{"footnotes":""},"categories":[141],"tags":[],"class_list":["post-212483","post","type-post","status-publish","format-standard","has-post-thumbnail","hentry","category-corinthians"],"yoast_head":"<!-- This site is optimized with the Yoast SEO Premium plugin v24.2 (Yoast SEO v26.9) - https:\/\/yoast.com\/product\/yoast-seo-premium-wordpress\/ -->\n<title>Paulinho, \u00eddolo do Corinthians, \u00e9 sincero ao falar sobre a Sele\u00e7\u00e3o Brasileira<\/title>\n<meta name=\"robots\" content=\"index, follow, max-snippet:-1, max-image-preview:large, max-video-preview:-1\" \/>\n<link rel=\"canonical\" href=\"https:\/\/www.gaveanews.com\/index.php\/2025\/01\/15\/paulinho-idolo-do-corinthians-e-sincero-ao-falar-sobre-a-selecao-brasileira\/\" \/>\n<meta property=\"og:locale\" content=\"pt_BR\" \/>\n<meta property=\"og:type\" content=\"article\" \/>\n<meta property=\"og:title\" content=\"Paulinho, \u00eddolo do Corinthians, \u00e9 sincero ao falar sobre a Sele\u00e7\u00e3o Brasileira\" \/>\n<meta property=\"og:description\" content=\"Paulinho revela sonhos na carreira&nbsp; Ap\u00f3s pouco mais de um m\u00eas em sua nova fun\u00e7\u00e3o, o ex-volante Paulinho se sente cada vez mais \u00e0 vontade como coordenador t\u00e9cnico do Mirassol. O dirigente concedeu uma entrevista exclusiva ao ge e \u00e0 TV TEM nos dias que antecederam a estreia do Le\u00e3o no Paulist\u00e3o. \u00cddolo do Corinthians, [&hellip;]\" \/>\n<meta property=\"og:url\" content=\"https:\/\/www.gaveanews.com\/index.php\/2025\/01\/15\/paulinho-idolo-do-corinthians-e-sincero-ao-falar-sobre-a-selecao-brasileira\/\" \/>\n<meta property=\"og:site_name\" content=\"G\u00e1vea News\" \/>\n<meta property=\"article:publisher\" content=\"https:\/\/facebook.com\/gaveaNews\/\" \/>\n<meta property=\"article:published_time\" content=\"2025-01-15T04:45:00+00:00\" \/>\n<meta name=\"author\" content=\"D\u00e9bora Figueiredo\" \/>\n<meta name=\"twitter:card\" content=\"summary_large_image\" \/>\n<meta name=\"twitter:label1\" content=\"Escrito por\" \/>\n\t<meta name=\"twitter:data1\" content=\"D\u00e9bora Figueiredo\" \/>\n\t<meta name=\"twitter:label2\" content=\"Est. tempo de leitura\" \/>\n\t<meta name=\"twitter:data2\" content=\"4 minutos\" \/>\n<script type=\"application\/ld+json\" class=\"yoast-schema-graph\">{\"@context\":\"https:\/\/schema.org\",\"@graph\":[{\"@type\":\"NewsArticle\",\"@id\":\"https:\/\/www.gaveanews.com\/index.php\/2025\/01\/15\/paulinho-idolo-do-corinthians-e-sincero-ao-falar-sobre-a-selecao-brasileira\/#article\",\"isPartOf\":{\"@id\":\"https:\/\/www.gaveanews.com\/index.php\/2025\/01\/15\/paulinho-idolo-do-corinthians-e-sincero-ao-falar-sobre-a-selecao-brasileira\/\"},\"author\":{\"name\":\"D\u00e9bora Figueiredo\",\"@id\":\"https:\/\/www.gaveanews.com\/#\/schema\/person\/37122681a8575a5c8db05a56f099a5e4\"},\"headline\":\"Paulinho, \u00eddolo do Corinthians, \u00e9 sincero ao falar sobre a Sele\u00e7\u00e3o Brasileira\",\"datePublished\":\"2025-01-15T04:45:00+00:00\",\"mainEntityOfPage\":{\"@id\":\"https:\/\/www.gaveanews.com\/index.php\/2025\/01\/15\/paulinho-idolo-do-corinthians-e-sincero-ao-falar-sobre-a-selecao-brasileira\/\"},\"wordCount\":549,\"commentCount\":0,\"image\":{\"@id\":\"https:\/\/www.gaveanews.com\/index.php\/2025\/01\/15\/paulinho-idolo-do-corinthians-e-sincero-ao-falar-sobre-a-selecao-brasileira\/#primaryimage\"},\"thumbnailUrl\":\"https:\/\/www.gaveanews.com\/wp-content\/uploads\/whatsapp-image-2024-05-29-at-11.10.06.avif\",\"articleSection\":[\"Corinthians\"],\"inLanguage\":\"pt-BR\",\"potentialAction\":[{\"@type\":\"CommentAction\",\"name\":\"Comment\",\"target\":[\"https:\/\/www.gaveanews.com\/index.php\/2025\/01\/15\/paulinho-idolo-do-corinthians-e-sincero-ao-falar-sobre-a-selecao-brasileira\/#respond\"]}],\"copyrightYear\":\"2025\",\"copyrightHolder\":{\"@id\":\"https:\/\/www.gaveanews.com\/#organization\"}},{\"@type\":\"WebPage\",\"@id\":\"https:\/\/www.gaveanews.com\/index.php\/2025\/01\/15\/paulinho-idolo-do-corinthians-e-sincero-ao-falar-sobre-a-selecao-brasileira\/\",\"url\":\"https:\/\/www.gaveanews.com\/index.php\/2025\/01\/15\/paulinho-idolo-do-corinthians-e-sincero-ao-falar-sobre-a-selecao-brasileira\/\",\"name\":\"Paulinho, \u00eddolo do Corinthians, \u00e9 sincero ao falar sobre a Sele\u00e7\u00e3o Brasileira\",\"isPartOf\":{\"@id\":\"https:\/\/www.gaveanews.com\/#website\"},\"primaryImageOfPage\":{\"@id\":\"https:\/\/www.gaveanews.com\/index.php\/2025\/01\/15\/paulinho-idolo-do-corinthians-e-sincero-ao-falar-sobre-a-selecao-brasileira\/#primaryimage\"},\"image\":{\"@id\":\"https:\/\/www.gaveanews.com\/index.php\/2025\/01\/15\/paulinho-idolo-do-corinthians-e-sincero-ao-falar-sobre-a-selecao-brasileira\/#primaryimage\"},\"thumbnailUrl\":\"https:\/\/www.gaveanews.com\/wp-content\/uploads\/whatsapp-image-2024-05-29-at-11.10.06.avif\",\"datePublished\":\"2025-01-15T04:45:00+00:00\",\"author\":{\"@id\":\"https:\/\/www.gaveanews.com\/#\/schema\/person\/37122681a8575a5c8db05a56f099a5e4\"},\"breadcrumb\":{\"@id\":\"https:\/\/www.gaveanews.com\/index.php\/2025\/01\/15\/paulinho-idolo-do-corinthians-e-sincero-ao-falar-sobre-a-selecao-brasileira\/#breadcrumb\"},\"inLanguage\":\"pt-BR\",\"potentialAction\":[{\"@type\":\"ReadAction\",\"target\":[\"https:\/\/www.gaveanews.com\/index.php\/2025\/01\/15\/paulinho-idolo-do-corinthians-e-sincero-ao-falar-sobre-a-selecao-brasileira\/\"]}]},{\"@type\":\"ImageObject\",\"inLanguage\":\"pt-BR\",\"@id\":\"https:\/\/www.gaveanews.com\/index.php\/2025\/01\/15\/paulinho-idolo-do-corinthians-e-sincero-ao-falar-sobre-a-selecao-brasileira\/#primaryimage\",\"url\":\"https:\/\/www.gaveanews.com\/wp-content\/uploads\/whatsapp-image-2024-05-29-at-11.10.06.avif\",\"contentUrl\":\"https:\/\/www.gaveanews.com\/wp-content\/uploads\/whatsapp-image-2024-05-29-at-11.10.06.avif\",\"width\":984,\"height\":738,\"caption\":\"Paulinho se despede do Corinthians \u2014 Foto: Jos\u00e9 Edgar de Matos\"},{\"@type\":\"BreadcrumbList\",\"@id\":\"https:\/\/www.gaveanews.com\/index.php\/2025\/01\/15\/paulinho-idolo-do-corinthians-e-sincero-ao-falar-sobre-a-selecao-brasileira\/#breadcrumb\",\"itemListElement\":[{\"@type\":\"ListItem\",\"position\":1,\"name\":\"Home\",\"item\":\"https:\/\/www.gaveanews.com\/\"},{\"@type\":\"ListItem\",\"position\":2,\"name\":\"Paulinho, \u00eddolo do Corinthians, \u00e9 sincero ao falar sobre a Sele\u00e7\u00e3o Brasileira\"}]},{\"@type\":\"WebSite\",\"@id\":\"https:\/\/www.gaveanews.com\/#website\",\"url\":\"https:\/\/www.gaveanews.com\/\",\"name\":\"G\u00e1vea News\",\"description\":\"Veja todas as not\u00edcias sobre o Flamengo: Contrata\u00e7\u00f5es, categorias de base, resultados das partidas, tabela de classifica\u00e7\u00e3o, pr\u00f3ximos jogos!\",\"potentialAction\":[{\"@type\":\"SearchAction\",\"target\":{\"@type\":\"EntryPoint\",\"urlTemplate\":\"https:\/\/www.gaveanews.com\/?s={search_term_string}\"},\"query-input\":{\"@type\":\"PropertyValueSpecification\",\"valueRequired\":true,\"valueName\":\"search_term_string\"}}],\"inLanguage\":\"pt-BR\"},{\"@type\":\"Person\",\"@id\":\"https:\/\/www.gaveanews.com\/#\/schema\/person\/37122681a8575a5c8db05a56f099a5e4\",\"name\":\"D\u00e9bora Figueiredo\",\"image\":{\"@type\":\"ImageObject\",\"inLanguage\":\"pt-BR\",\"@id\":\"https:\/\/www.gaveanews.com\/#\/schema\/person\/image\/\",\"url\":\"https:\/\/secure.gravatar.com\/avatar\/1f44802859351588499d26f52aed1d15796ce17e67602895b72837c08018868d?s=96&d=mm&r=g\",\"contentUrl\":\"https:\/\/secure.gravatar.com\/avatar\/1f44802859351588499d26f52aed1d15796ce17e67602895b72837c08018868d?s=96&d=mm&r=g\",\"caption\":\"D\u00e9bora Figueiredo\"}}]}<\/script>\n<!-- \/ Yoast SEO Premium plugin. -->","yoast_head_json":{"title":"Paulinho, \u00eddolo do Corinthians, \u00e9 sincero ao falar sobre a Sele\u00e7\u00e3o Brasileira","robots":{"index":"index","follow":"follow","max-snippet":"max-snippet:-1","max-image-preview":"max-image-preview:large","max-video-preview":"max-video-preview:-1"},"canonical":"https:\/\/www.gaveanews.com\/index.php\/2025\/01\/15\/paulinho-idolo-do-corinthians-e-sincero-ao-falar-sobre-a-selecao-brasileira\/","og_locale":"pt_BR","og_type":"article","og_title":"Paulinho, \u00eddolo do Corinthians, \u00e9 sincero ao falar sobre a Sele\u00e7\u00e3o Brasileira","og_description":"Paulinho revela sonhos na carreira&nbsp; Ap\u00f3s pouco mais de um m\u00eas em sua nova fun\u00e7\u00e3o, o ex-volante Paulinho se sente cada vez mais \u00e0 vontade como coordenador t\u00e9cnico do Mirassol. O dirigente concedeu uma entrevista exclusiva ao ge e \u00e0 TV TEM nos dias que antecederam a estreia do Le\u00e3o no Paulist\u00e3o. \u00cddolo do Corinthians, [&hellip;]","og_url":"https:\/\/www.gaveanews.com\/index.php\/2025\/01\/15\/paulinho-idolo-do-corinthians-e-sincero-ao-falar-sobre-a-selecao-brasileira\/","og_site_name":"G\u00e1vea News","article_publisher":"https:\/\/facebook.com\/gaveaNews\/","article_published_time":"2025-01-15T04:45:00+00:00","author":"D\u00e9bora Figueiredo","twitter_card":"summary_large_image","twitter_misc":{"Escrito por":"D\u00e9bora Figueiredo","Est. tempo de leitura":"4 minutos"},"schema":{"@context":"https:\/\/schema.org","@graph":[{"@type":"NewsArticle","@id":"https:\/\/www.gaveanews.com\/index.php\/2025\/01\/15\/paulinho-idolo-do-corinthians-e-sincero-ao-falar-sobre-a-selecao-brasileira\/#article","isPartOf":{"@id":"https:\/\/www.gaveanews.com\/index.php\/2025\/01\/15\/paulinho-idolo-do-corinthians-e-sincero-ao-falar-sobre-a-selecao-brasileira\/"},"author":{"name":"D\u00e9bora Figueiredo","@id":"https:\/\/www.gaveanews.com\/#\/schema\/person\/37122681a8575a5c8db05a56f099a5e4"},"headline":"Paulinho, \u00eddolo do Corinthians, \u00e9 sincero ao falar sobre a Sele\u00e7\u00e3o Brasileira","datePublished":"2025-01-15T04:45:00+00:00","mainEntityOfPage":{"@id":"https:\/\/www.gaveanews.com\/index.php\/2025\/01\/15\/paulinho-idolo-do-corinthians-e-sincero-ao-falar-sobre-a-selecao-brasileira\/"},"wordCount":549,"commentCount":0,"image":{"@id":"https:\/\/www.gaveanews.com\/index.php\/2025\/01\/15\/paulinho-idolo-do-corinthians-e-sincero-ao-falar-sobre-a-selecao-brasileira\/#primaryimage"},"thumbnailUrl":"https:\/\/www.gaveanews.com\/wp-content\/uploads\/whatsapp-image-2024-05-29-at-11.10.06.avif","articleSection":["Corinthians"],"inLanguage":"pt-BR","potentialAction":[{"@type":"CommentAction","name":"Comment","target":["https:\/\/www.gaveanews.com\/index.php\/2025\/01\/15\/paulinho-idolo-do-corinthians-e-sincero-ao-falar-sobre-a-selecao-brasileira\/#respond"]}],"copyrightYear":"2025","copyrightHolder":{"@id":"https:\/\/www.gaveanews.com\/#organization"}},{"@type":"WebPage","@id":"https:\/\/www.gaveanews.com\/index.php\/2025\/01\/15\/paulinho-idolo-do-corinthians-e-sincero-ao-falar-sobre-a-selecao-brasileira\/","url":"https:\/\/www.gaveanews.com\/index.php\/2025\/01\/15\/paulinho-idolo-do-corinthians-e-sincero-ao-falar-sobre-a-selecao-brasileira\/","name":"Paulinho, \u00eddolo do Corinthians, \u00e9 sincero ao falar sobre a Sele\u00e7\u00e3o Brasileira","isPartOf":{"@id":"https:\/\/www.gaveanews.com\/#website"},"primaryImageOfPage":{"@id":"https:\/\/www.gaveanews.com\/index.php\/2025\/01\/15\/paulinho-idolo-do-corinthians-e-sincero-ao-falar-sobre-a-selecao-brasileira\/#primaryimage"},"image":{"@id":"https:\/\/www.gaveanews.com\/index.php\/2025\/01\/15\/paulinho-idolo-do-corinthians-e-sincero-ao-falar-sobre-a-selecao-brasileira\/#primaryimage"},"thumbnailUrl":"https:\/\/www.gaveanews.com\/wp-content\/uploads\/whatsapp-image-2024-05-29-at-11.10.06.avif","datePublished":"2025-01-15T04:45:00+00:00","author":{"@id":"https:\/\/www.gaveanews.com\/#\/schema\/person\/37122681a8575a5c8db05a56f099a5e4"},"breadcrumb":{"@id":"https:\/\/www.gaveanews.com\/index.php\/2025\/01\/15\/paulinho-idolo-do-corinthians-e-sincero-ao-falar-sobre-a-selecao-brasileira\/#breadcrumb"},"inLanguage":"pt-BR","potentialAction":[{"@type":"ReadAction","target":["https:\/\/www.gaveanews.com\/index.php\/2025\/01\/15\/paulinho-idolo-do-corinthians-e-sincero-ao-falar-sobre-a-selecao-brasileira\/"]}]},{"@type":"ImageObject","inLanguage":"pt-BR","@id":"https:\/\/www.gaveanews.com\/index.php\/2025\/01\/15\/paulinho-idolo-do-corinthians-e-sincero-ao-falar-sobre-a-selecao-brasileira\/#primaryimage","url":"https:\/\/www.gaveanews.com\/wp-content\/uploads\/whatsapp-image-2024-05-29-at-11.10.06.avif","contentUrl":"https:\/\/www.gaveanews.com\/wp-content\/uploads\/whatsapp-image-2024-05-29-at-11.10.06.avif","width":984,"height":738,"caption":"Paulinho se despede do Corinthians \u2014 Foto: Jos\u00e9 Edgar de Matos"},{"@type":"BreadcrumbList","@id":"https:\/\/www.gaveanews.com\/index.php\/2025\/01\/15\/paulinho-idolo-do-corinthians-e-sincero-ao-falar-sobre-a-selecao-brasileira\/#breadcrumb","itemListElement":[{"@type":"ListItem","position":1,"name":"Home","item":"https:\/\/www.gaveanews.com\/"},{"@type":"ListItem","position":2,"name":"Paulinho, \u00eddolo do Corinthians, \u00e9 sincero ao falar sobre a Sele\u00e7\u00e3o Brasileira"}]},{"@type":"WebSite","@id":"https:\/\/www.gaveanews.com\/#website","url":"https:\/\/www.gaveanews.com\/","name":"G\u00e1vea News","description":"Veja todas as not\u00edcias sobre o Flamengo: Contrata\u00e7\u00f5es, categorias de base, resultados das partidas, tabela de classifica\u00e7\u00e3o, pr\u00f3ximos jogos!","potentialAction":[{"@type":"SearchAction","target":{"@type":"EntryPoint","urlTemplate":"https:\/\/www.gaveanews.com\/?s={search_term_string}"},"query-input":{"@type":"PropertyValueSpecification","valueRequired":true,"valueName":"search_term_string"}}],"inLanguage":"pt-BR"},{"@type":"Person","@id":"https:\/\/www.gaveanews.com\/#\/schema\/person\/37122681a8575a5c8db05a56f099a5e4","name":"D\u00e9bora Figueiredo","image":{"@type":"ImageObject","inLanguage":"pt-BR","@id":"https:\/\/www.gaveanews.com\/#\/schema\/person\/image\/","url":"https:\/\/secure.gravatar.com\/avatar\/1f44802859351588499d26f52aed1d15796ce17e67602895b72837c08018868d?s=96&d=mm&r=g","contentUrl":"https:\/\/secure.gravatar.com\/avatar\/1f44802859351588499d26f52aed1d15796ce17e67602895b72837c08018868d?s=96&d=mm&r=g","caption":"D\u00e9bora Figueiredo"}}]}},"_links":{"self":[{"href":"https:\/\/www.gaveanews.com\/index.php\/wp-json\/wp\/v2\/posts\/212483","targetHints":{"allow":["GET"]}}],"collection":[{"href":"https:\/\/www.gaveanews.com\/index.php\/wp-json\/wp\/v2\/posts"}],"about":[{"href":"https:\/\/www.gaveanews.com\/index.php\/wp-json\/wp\/v2\/types\/post"}],"author":[{"embeddable":true,"href":"https:\/\/www.gaveanews.com\/index.php\/wp-json\/wp\/v2\/users\/16"}],"replies":[{"embeddable":true,"href":"https:\/\/www.gaveanews.com\/index.php\/wp-json\/wp\/v2\/comments?post=212483"}],"version-history":[{"count":2,"href":"https:\/\/www.gaveanews.com\/index.php\/wp-json\/wp\/v2\/posts\/212483\/revisions"}],"predecessor-version":[{"id":212682,"href":"https:\/\/www.gaveanews.com\/index.php\/wp-json\/wp\/v2\/posts\/212483\/revisions\/212682"}],"wp:featuredmedia":[{"embeddable":true,"href":"https:\/\/www.gaveanews.com\/index.php\/wp-json\/wp\/v2\/media\/145564"}],"wp:attachment":[{"href":"https:\/\/www.gaveanews.com\/index.php\/wp-json\/wp\/v2\/media?parent=212483"}],"wp:term":[{"taxonomy":"category","embeddable":true,"href":"https:\/\/www.gaveanews.com\/index.php\/wp-json\/wp\/v2\/categories?post=212483"},{"taxonomy":"post_tag","embeddable":true,"href":"https:\/\/www.gaveanews.com\/index.php\/wp-json\/wp\/v2\/tags?post=212483"}],"curies":[{"name":"wp","href":"https:\/\/api.w.org\/{rel}","templated":true}]}}