{"id":212509,"date":"2025-01-15T02:40:00","date_gmt":"2025-01-15T05:40:00","guid":{"rendered":"https:\/\/www.gaveanews.com\/?p=212509"},"modified":"2025-01-14T23:20:29","modified_gmt":"2025-01-15T02:20:29","slug":"treino-do-botafogo-e-marcado-por-tres-ausencias-importantes","status":"publish","type":"post","link":"https:\/\/www.gaveanews.com\/index.php\/2025\/01\/15\/treino-do-botafogo-e-marcado-por-tres-ausencias-importantes\/","title":{"rendered":"Treino do Botafogo \u00e9 marcado por tr\u00eas aus\u00eancias importantes"},"content":{"rendered":"\n<p>O Botafogo deu in\u00edcio \u00e0 temporada 2025 nesta ter\u00e7a-feira (14), com reapresenta\u00e7\u00e3o marcada no Espa\u00e7o Lonier. No entanto, o treino foi marcado por tr\u00eas aus\u00eancias importantes, al\u00e9m de movimenta\u00e7\u00f5es envolvendo negocia\u00e7\u00f5es de jogadores e ajustes no elenco para o ano.<\/p>\n\n\n\n<ul class=\"wp-block-list\">\n<li><strong><a href=\"https:\/\/www.gaveanews.com\/index.php\/2025\/01\/14\/a-declaracao-de-marcal-direcionada-ao-botafogo\/?utm_source=terra_capa_parceiros&amp;utm_medium=referral#google_vignette\">A declara\u00e7\u00e3o de Mar\u00e7al direcionada ao Botafogo<\/a><\/strong><\/li>\n\n\n\n<li><strong><a href=\"https:\/\/www.gaveanews.com\/index.php\/2025\/01\/14\/cucho-hernandez-leo-linck-marlon-gomes-bitello-veja-como-estao-as-negociacoes-do-botafogo\/?utm_source=terra_capa_parceiros&amp;utm_medium=referral\">Cucho Hern\u00e1ndez, L\u00e9o Linck, Marlon Gomes, Bitello: veja como est\u00e3o as negocia\u00e7\u00f5es do Botafogo<\/a><\/strong><\/li>\n<\/ul>\n\n\n\n<p>Entre os ausentes, Luiz Henrique j\u00e1 tinha a falta prevista. O jogador tem propostas do futebol europeu e deve se apresentar ao Lyon, clube da holding Eagle Football, que tamb\u00e9m controla o Botafogo, ainda nesta semana. John Textor, dono do conglomerado, admitiu que tamb\u00e9m estuda uma transfer\u00eancia para a Premier League, caso surja uma oferta vantajosa. A Fiorentina \u00e9 outro clube interessado no atleta.<\/p>\n\n\n\n<p>J\u00fanior Santos, que tamb\u00e9m n\u00e3o compareceu, despertou o interesse do Atl\u00e9tico-MG. Segundo informa\u00e7\u00f5es do portal \u201cGE\u201d, o Galo ofereceu um sal\u00e1rio de R$ 1,2 milh\u00e3o \u2013 quase o dobro do que o atacante recebe atualmente no Botafogo \u2013 e um contrato de quatro anos. O jogador teria manifestado interesse em concretizar a transfer\u00eancia, mas o motivo exato da aus\u00eancia no treino n\u00e3o foi revelado.<\/p>\n\n\n\n<p>Al\u00e9m deles, Tiquinho Soares, que acertou sua ida ao Santos, e Thiago Almada, que j\u00e1 est\u00e1 integrado ao elenco do Lyon, tamb\u00e9m n\u00e3o participaram da reapresenta\u00e7\u00e3o. Bastos, por sua vez, segue fora do Brasil, mas \u00e9 aguardado nesta quarta-feira. Segundo comunicado do clube, ele e os atletas Savarino e J\u00fanior Santos tinham aus\u00eancias previamente acertadas por motivos particulares.<\/p>\n\n\n\n<p>Em contrapartida, o zagueiro Lucas Halter foi o primeiro a chegar, com cerca de 40 minutos de anteced\u00eancia. Outro que demonstrou pontualidade foi o lateral-esquerdo Alex Telles, que tamb\u00e9m se apresentou antes do hor\u00e1rio marcado.<\/p>\n\n\n\n<p>Com as defini\u00e7\u00f5es envolvendo negocia\u00e7\u00f5es e reapresenta\u00e7\u00f5es pendentes, o Botafogo segue trabalhando para organizar o elenco e ajustar os planos visando a disputa das competi\u00e7\u00f5es em 2025. A diretoria busca equacionar as sa\u00eddas para manter a competitividade e suprir as baixas de jogadores considerados essenciais no grupo.<\/p>\n","protected":false},"excerpt":{"rendered":"<p>O Botafogo deu in\u00edcio \u00e0 temporada 2025 nesta ter\u00e7a-feira (14), com reapresenta\u00e7\u00e3o marcada no Espa\u00e7o Lonier. No entanto, o treino foi marcado por tr\u00eas aus\u00eancias importantes, al\u00e9m de movimenta\u00e7\u00f5es envolvendo negocia\u00e7\u00f5es de jogadores e ajustes no elenco para o ano. Entre os ausentes, Luiz Henrique j\u00e1 tinha a falta prevista. O jogador tem propostas do [&hellip;]<\/p>\n","protected":false},"author":23,"featured_media":120619,"comment_status":"open","ping_status":"closed","sticky":false,"template":"","format":"standard","meta":{"footnotes":""},"categories":[138],"tags":[],"class_list":["post-212509","post","type-post","status-publish","format-standard","has-post-thumbnail","hentry","category-botafogo"],"yoast_head":"<!-- This site is optimized with the Yoast SEO Premium plugin v24.2 (Yoast SEO v26.9) - https:\/\/yoast.com\/product\/yoast-seo-premium-wordpress\/ -->\n<title>Treino do Botafogo \u00e9 marcado por tr\u00eas aus\u00eancias importantes<\/title>\n<meta name=\"robots\" content=\"index, follow, max-snippet:-1, max-image-preview:large, max-video-preview:-1\" \/>\n<link rel=\"canonical\" href=\"https:\/\/www.gaveanews.com\/index.php\/2025\/01\/15\/treino-do-botafogo-e-marcado-por-tres-ausencias-importantes\/\" \/>\n<meta property=\"og:locale\" content=\"pt_BR\" \/>\n<meta property=\"og:type\" content=\"article\" \/>\n<meta property=\"og:title\" content=\"Treino do Botafogo \u00e9 marcado por tr\u00eas aus\u00eancias importantes\" \/>\n<meta property=\"og:description\" content=\"O Botafogo deu in\u00edcio \u00e0 temporada 2025 nesta ter\u00e7a-feira (14), com reapresenta\u00e7\u00e3o marcada no Espa\u00e7o Lonier. No entanto, o treino foi marcado por tr\u00eas aus\u00eancias importantes, al\u00e9m de movimenta\u00e7\u00f5es envolvendo negocia\u00e7\u00f5es de jogadores e ajustes no elenco para o ano. Entre os ausentes, Luiz Henrique j\u00e1 tinha a falta prevista. O jogador tem propostas do [&hellip;]\" \/>\n<meta property=\"og:url\" content=\"https:\/\/www.gaveanews.com\/index.php\/2025\/01\/15\/treino-do-botafogo-e-marcado-por-tres-ausencias-importantes\/\" \/>\n<meta property=\"og:site_name\" content=\"G\u00e1vea News\" \/>\n<meta property=\"article:publisher\" content=\"https:\/\/facebook.com\/gaveaNews\/\" \/>\n<meta property=\"article:published_time\" content=\"2025-01-15T05:40:00+00:00\" \/>\n<meta property=\"og:image\" content=\"https:\/\/www.gaveanews.com\/wp-content\/uploads\/botafogoescudo.webp\" \/>\n\t<meta property=\"og:image:width\" content=\"900\" \/>\n\t<meta property=\"og:image:height\" content=\"600\" \/>\n\t<meta property=\"og:image:type\" content=\"image\/webp\" \/>\n<meta name=\"author\" content=\"Leandro Azevedo\" \/>\n<meta name=\"twitter:card\" content=\"summary_large_image\" \/>\n<meta name=\"twitter:label1\" content=\"Escrito por\" \/>\n\t<meta name=\"twitter:data1\" content=\"Leandro Azevedo\" \/>\n\t<meta name=\"twitter:label2\" content=\"Est. tempo de leitura\" \/>\n\t<meta name=\"twitter:data2\" content=\"3 minutos\" \/>\n<script type=\"application\/ld+json\" class=\"yoast-schema-graph\">{\"@context\":\"https:\/\/schema.org\",\"@graph\":[{\"@type\":\"NewsArticle\",\"@id\":\"https:\/\/www.gaveanews.com\/index.php\/2025\/01\/15\/treino-do-botafogo-e-marcado-por-tres-ausencias-importantes\/#article\",\"isPartOf\":{\"@id\":\"https:\/\/www.gaveanews.com\/index.php\/2025\/01\/15\/treino-do-botafogo-e-marcado-por-tres-ausencias-importantes\/\"},\"author\":{\"name\":\"Leandro Azevedo\",\"@id\":\"https:\/\/www.gaveanews.com\/#\/schema\/person\/2877169f354c4596cf5aab74ea7c56a8\"},\"headline\":\"Treino do Botafogo \u00e9 marcado por tr\u00eas aus\u00eancias importantes\",\"datePublished\":\"2025-01-15T05:40:00+00:00\",\"mainEntityOfPage\":{\"@id\":\"https:\/\/www.gaveanews.com\/index.php\/2025\/01\/15\/treino-do-botafogo-e-marcado-por-tres-ausencias-importantes\/\"},\"wordCount\":371,\"commentCount\":0,\"image\":{\"@id\":\"https:\/\/www.gaveanews.com\/index.php\/2025\/01\/15\/treino-do-botafogo-e-marcado-por-tres-ausencias-importantes\/#primaryimage\"},\"thumbnailUrl\":\"https:\/\/www.gaveanews.com\/wp-content\/uploads\/botafogoescudo.webp\",\"articleSection\":[\"Botafogo\"],\"inLanguage\":\"pt-BR\",\"potentialAction\":[{\"@type\":\"CommentAction\",\"name\":\"Comment\",\"target\":[\"https:\/\/www.gaveanews.com\/index.php\/2025\/01\/15\/treino-do-botafogo-e-marcado-por-tres-ausencias-importantes\/#respond\"]}],\"copyrightYear\":\"2025\",\"copyrightHolder\":{\"@id\":\"https:\/\/www.gaveanews.com\/#organization\"}},{\"@type\":\"WebPage\",\"@id\":\"https:\/\/www.gaveanews.com\/index.php\/2025\/01\/15\/treino-do-botafogo-e-marcado-por-tres-ausencias-importantes\/\",\"url\":\"https:\/\/www.gaveanews.com\/index.php\/2025\/01\/15\/treino-do-botafogo-e-marcado-por-tres-ausencias-importantes\/\",\"name\":\"Treino do Botafogo \u00e9 marcado por tr\u00eas aus\u00eancias importantes\",\"isPartOf\":{\"@id\":\"https:\/\/www.gaveanews.com\/#website\"},\"primaryImageOfPage\":{\"@id\":\"https:\/\/www.gaveanews.com\/index.php\/2025\/01\/15\/treino-do-botafogo-e-marcado-por-tres-ausencias-importantes\/#primaryimage\"},\"image\":{\"@id\":\"https:\/\/www.gaveanews.com\/index.php\/2025\/01\/15\/treino-do-botafogo-e-marcado-por-tres-ausencias-importantes\/#primaryimage\"},\"thumbnailUrl\":\"https:\/\/www.gaveanews.com\/wp-content\/uploads\/botafogoescudo.webp\",\"datePublished\":\"2025-01-15T05:40:00+00:00\",\"author\":{\"@id\":\"https:\/\/www.gaveanews.com\/#\/schema\/person\/2877169f354c4596cf5aab74ea7c56a8\"},\"breadcrumb\":{\"@id\":\"https:\/\/www.gaveanews.com\/index.php\/2025\/01\/15\/treino-do-botafogo-e-marcado-por-tres-ausencias-importantes\/#breadcrumb\"},\"inLanguage\":\"pt-BR\",\"potentialAction\":[{\"@type\":\"ReadAction\",\"target\":[\"https:\/\/www.gaveanews.com\/index.php\/2025\/01\/15\/treino-do-botafogo-e-marcado-por-tres-ausencias-importantes\/\"]}]},{\"@type\":\"ImageObject\",\"inLanguage\":\"pt-BR\",\"@id\":\"https:\/\/www.gaveanews.com\/index.php\/2025\/01\/15\/treino-do-botafogo-e-marcado-por-tres-ausencias-importantes\/#primaryimage\",\"url\":\"https:\/\/www.gaveanews.com\/wp-content\/uploads\/botafogoescudo.webp\",\"contentUrl\":\"https:\/\/www.gaveanews.com\/wp-content\/uploads\/botafogoescudo.webp\",\"width\":900,\"height\":600,\"caption\":\"Escudo do Botafogo (Foto: Reprodu\u00e7\u00e3o)\"},{\"@type\":\"BreadcrumbList\",\"@id\":\"https:\/\/www.gaveanews.com\/index.php\/2025\/01\/15\/treino-do-botafogo-e-marcado-por-tres-ausencias-importantes\/#breadcrumb\",\"itemListElement\":[{\"@type\":\"ListItem\",\"position\":1,\"name\":\"Home\",\"item\":\"https:\/\/www.gaveanews.com\/\"},{\"@type\":\"ListItem\",\"position\":2,\"name\":\"Treino do Botafogo \u00e9 marcado por tr\u00eas aus\u00eancias importantes\"}]},{\"@type\":\"WebSite\",\"@id\":\"https:\/\/www.gaveanews.com\/#website\",\"url\":\"https:\/\/www.gaveanews.com\/\",\"name\":\"G\u00e1vea News\",\"description\":\"Veja todas as not\u00edcias sobre o Flamengo: Contrata\u00e7\u00f5es, categorias de base, resultados das partidas, tabela de classifica\u00e7\u00e3o, pr\u00f3ximos jogos!\",\"potentialAction\":[{\"@type\":\"SearchAction\",\"target\":{\"@type\":\"EntryPoint\",\"urlTemplate\":\"https:\/\/www.gaveanews.com\/?s={search_term_string}\"},\"query-input\":{\"@type\":\"PropertyValueSpecification\",\"valueRequired\":true,\"valueName\":\"search_term_string\"}}],\"inLanguage\":\"pt-BR\"},{\"@type\":\"Person\",\"@id\":\"https:\/\/www.gaveanews.com\/#\/schema\/person\/2877169f354c4596cf5aab74ea7c56a8\",\"name\":\"Leandro Azevedo\",\"image\":{\"@type\":\"ImageObject\",\"inLanguage\":\"pt-BR\",\"@id\":\"https:\/\/www.gaveanews.com\/#\/schema\/person\/image\/\",\"url\":\"https:\/\/secure.gravatar.com\/avatar\/e2f72eb6d986a41d592a85e4e36a6c6170e9ea8a1f433dfc29d0011a8968f89c?s=96&d=mm&r=g\",\"contentUrl\":\"https:\/\/secure.gravatar.com\/avatar\/e2f72eb6d986a41d592a85e4e36a6c6170e9ea8a1f433dfc29d0011a8968f89c?s=96&d=mm&r=g\",\"caption\":\"Leandro Azevedo\"}}]}<\/script>\n<!-- \/ Yoast SEO Premium plugin. -->","yoast_head_json":{"title":"Treino do Botafogo \u00e9 marcado por tr\u00eas aus\u00eancias importantes","robots":{"index":"index","follow":"follow","max-snippet":"max-snippet:-1","max-image-preview":"max-image-preview:large","max-video-preview":"max-video-preview:-1"},"canonical":"https:\/\/www.gaveanews.com\/index.php\/2025\/01\/15\/treino-do-botafogo-e-marcado-por-tres-ausencias-importantes\/","og_locale":"pt_BR","og_type":"article","og_title":"Treino do Botafogo \u00e9 marcado por tr\u00eas aus\u00eancias importantes","og_description":"O Botafogo deu in\u00edcio \u00e0 temporada 2025 nesta ter\u00e7a-feira (14), com reapresenta\u00e7\u00e3o marcada no Espa\u00e7o Lonier. No entanto, o treino foi marcado por tr\u00eas aus\u00eancias importantes, al\u00e9m de movimenta\u00e7\u00f5es envolvendo negocia\u00e7\u00f5es de jogadores e ajustes no elenco para o ano. Entre os ausentes, Luiz Henrique j\u00e1 tinha a falta prevista. O jogador tem propostas do [&hellip;]","og_url":"https:\/\/www.gaveanews.com\/index.php\/2025\/01\/15\/treino-do-botafogo-e-marcado-por-tres-ausencias-importantes\/","og_site_name":"G\u00e1vea News","article_publisher":"https:\/\/facebook.com\/gaveaNews\/","article_published_time":"2025-01-15T05:40:00+00:00","og_image":[{"width":900,"height":600,"url":"https:\/\/www.gaveanews.com\/wp-content\/uploads\/botafogoescudo.webp","type":"image\/webp"}],"author":"Leandro Azevedo","twitter_card":"summary_large_image","twitter_misc":{"Escrito por":"Leandro Azevedo","Est. tempo de leitura":"3 minutos"},"schema":{"@context":"https:\/\/schema.org","@graph":[{"@type":"NewsArticle","@id":"https:\/\/www.gaveanews.com\/index.php\/2025\/01\/15\/treino-do-botafogo-e-marcado-por-tres-ausencias-importantes\/#article","isPartOf":{"@id":"https:\/\/www.gaveanews.com\/index.php\/2025\/01\/15\/treino-do-botafogo-e-marcado-por-tres-ausencias-importantes\/"},"author":{"name":"Leandro Azevedo","@id":"https:\/\/www.gaveanews.com\/#\/schema\/person\/2877169f354c4596cf5aab74ea7c56a8"},"headline":"Treino do Botafogo \u00e9 marcado por tr\u00eas aus\u00eancias importantes","datePublished":"2025-01-15T05:40:00+00:00","mainEntityOfPage":{"@id":"https:\/\/www.gaveanews.com\/index.php\/2025\/01\/15\/treino-do-botafogo-e-marcado-por-tres-ausencias-importantes\/"},"wordCount":371,"commentCount":0,"image":{"@id":"https:\/\/www.gaveanews.com\/index.php\/2025\/01\/15\/treino-do-botafogo-e-marcado-por-tres-ausencias-importantes\/#primaryimage"},"thumbnailUrl":"https:\/\/www.gaveanews.com\/wp-content\/uploads\/botafogoescudo.webp","articleSection":["Botafogo"],"inLanguage":"pt-BR","potentialAction":[{"@type":"CommentAction","name":"Comment","target":["https:\/\/www.gaveanews.com\/index.php\/2025\/01\/15\/treino-do-botafogo-e-marcado-por-tres-ausencias-importantes\/#respond"]}],"copyrightYear":"2025","copyrightHolder":{"@id":"https:\/\/www.gaveanews.com\/#organization"}},{"@type":"WebPage","@id":"https:\/\/www.gaveanews.com\/index.php\/2025\/01\/15\/treino-do-botafogo-e-marcado-por-tres-ausencias-importantes\/","url":"https:\/\/www.gaveanews.com\/index.php\/2025\/01\/15\/treino-do-botafogo-e-marcado-por-tres-ausencias-importantes\/","name":"Treino do Botafogo \u00e9 marcado por tr\u00eas aus\u00eancias importantes","isPartOf":{"@id":"https:\/\/www.gaveanews.com\/#website"},"primaryImageOfPage":{"@id":"https:\/\/www.gaveanews.com\/index.php\/2025\/01\/15\/treino-do-botafogo-e-marcado-por-tres-ausencias-importantes\/#primaryimage"},"image":{"@id":"https:\/\/www.gaveanews.com\/index.php\/2025\/01\/15\/treino-do-botafogo-e-marcado-por-tres-ausencias-importantes\/#primaryimage"},"thumbnailUrl":"https:\/\/www.gaveanews.com\/wp-content\/uploads\/botafogoescudo.webp","datePublished":"2025-01-15T05:40:00+00:00","author":{"@id":"https:\/\/www.gaveanews.com\/#\/schema\/person\/2877169f354c4596cf5aab74ea7c56a8"},"breadcrumb":{"@id":"https:\/\/www.gaveanews.com\/index.php\/2025\/01\/15\/treino-do-botafogo-e-marcado-por-tres-ausencias-importantes\/#breadcrumb"},"inLanguage":"pt-BR","potentialAction":[{"@type":"ReadAction","target":["https:\/\/www.gaveanews.com\/index.php\/2025\/01\/15\/treino-do-botafogo-e-marcado-por-tres-ausencias-importantes\/"]}]},{"@type":"ImageObject","inLanguage":"pt-BR","@id":"https:\/\/www.gaveanews.com\/index.php\/2025\/01\/15\/treino-do-botafogo-e-marcado-por-tres-ausencias-importantes\/#primaryimage","url":"https:\/\/www.gaveanews.com\/wp-content\/uploads\/botafogoescudo.webp","contentUrl":"https:\/\/www.gaveanews.com\/wp-content\/uploads\/botafogoescudo.webp","width":900,"height":600,"caption":"Escudo do Botafogo (Foto: Reprodu\u00e7\u00e3o)"},{"@type":"BreadcrumbList","@id":"https:\/\/www.gaveanews.com\/index.php\/2025\/01\/15\/treino-do-botafogo-e-marcado-por-tres-ausencias-importantes\/#breadcrumb","itemListElement":[{"@type":"ListItem","position":1,"name":"Home","item":"https:\/\/www.gaveanews.com\/"},{"@type":"ListItem","position":2,"name":"Treino do Botafogo \u00e9 marcado por tr\u00eas aus\u00eancias importantes"}]},{"@type":"WebSite","@id":"https:\/\/www.gaveanews.com\/#website","url":"https:\/\/www.gaveanews.com\/","name":"G\u00e1vea News","description":"Veja todas as not\u00edcias sobre o Flamengo: Contrata\u00e7\u00f5es, categorias de base, resultados das partidas, tabela de classifica\u00e7\u00e3o, pr\u00f3ximos jogos!","potentialAction":[{"@type":"SearchAction","target":{"@type":"EntryPoint","urlTemplate":"https:\/\/www.gaveanews.com\/?s={search_term_string}"},"query-input":{"@type":"PropertyValueSpecification","valueRequired":true,"valueName":"search_term_string"}}],"inLanguage":"pt-BR"},{"@type":"Person","@id":"https:\/\/www.gaveanews.com\/#\/schema\/person\/2877169f354c4596cf5aab74ea7c56a8","name":"Leandro Azevedo","image":{"@type":"ImageObject","inLanguage":"pt-BR","@id":"https:\/\/www.gaveanews.com\/#\/schema\/person\/image\/","url":"https:\/\/secure.gravatar.com\/avatar\/e2f72eb6d986a41d592a85e4e36a6c6170e9ea8a1f433dfc29d0011a8968f89c?s=96&d=mm&r=g","contentUrl":"https:\/\/secure.gravatar.com\/avatar\/e2f72eb6d986a41d592a85e4e36a6c6170e9ea8a1f433dfc29d0011a8968f89c?s=96&d=mm&r=g","caption":"Leandro Azevedo"}}]}},"_links":{"self":[{"href":"https:\/\/www.gaveanews.com\/index.php\/wp-json\/wp\/v2\/posts\/212509","targetHints":{"allow":["GET"]}}],"collection":[{"href":"https:\/\/www.gaveanews.com\/index.php\/wp-json\/wp\/v2\/posts"}],"about":[{"href":"https:\/\/www.gaveanews.com\/index.php\/wp-json\/wp\/v2\/types\/post"}],"author":[{"embeddable":true,"href":"https:\/\/www.gaveanews.com\/index.php\/wp-json\/wp\/v2\/users\/23"}],"replies":[{"embeddable":true,"href":"https:\/\/www.gaveanews.com\/index.php\/wp-json\/wp\/v2\/comments?post=212509"}],"version-history":[{"count":1,"href":"https:\/\/www.gaveanews.com\/index.php\/wp-json\/wp\/v2\/posts\/212509\/revisions"}],"predecessor-version":[{"id":212522,"href":"https:\/\/www.gaveanews.com\/index.php\/wp-json\/wp\/v2\/posts\/212509\/revisions\/212522"}],"wp:featuredmedia":[{"embeddable":true,"href":"https:\/\/www.gaveanews.com\/index.php\/wp-json\/wp\/v2\/media\/120619"}],"wp:attachment":[{"href":"https:\/\/www.gaveanews.com\/index.php\/wp-json\/wp\/v2\/media?parent=212509"}],"wp:term":[{"taxonomy":"category","embeddable":true,"href":"https:\/\/www.gaveanews.com\/index.php\/wp-json\/wp\/v2\/categories?post=212509"},{"taxonomy":"post_tag","embeddable":true,"href":"https:\/\/www.gaveanews.com\/index.php\/wp-json\/wp\/v2\/tags?post=212509"}],"curies":[{"name":"wp","href":"https:\/\/api.w.org\/{rel}","templated":true}]}}