{"id":212574,"date":"2025-01-15T02:00:00","date_gmt":"2025-01-15T05:00:00","guid":{"rendered":"https:\/\/www.gaveanews.com\/?p=212574"},"modified":"2025-01-14T20:37:38","modified_gmt":"2025-01-14T23:37:38","slug":"flamengo-zagueiro-pablo-recebe-salario-astronomico","status":"publish","type":"post","link":"https:\/\/www.gaveanews.com\/index.php\/2025\/01\/15\/flamengo-zagueiro-pablo-recebe-salario-astronomico\/","title":{"rendered":"Flamengo: zagueiro Pablo recebe sal\u00e1rio astron\u00f4mico"},"content":{"rendered":"\n<p>Ap\u00f3s uma breve passagem pelo Botafogo, o zagueiro Pablo retornou ao Flamengo, clube ao qual pertence, para a temporada 2025. O defensor n\u00e3o est\u00e1 junto ao elenco principal, que faz as primeiras atividades de pr\u00e9-temporada nos Estados Unidos, e integra o plantel que iniciou a disputa do Campeonato Carioca.<\/p>\n\n\n\n<ul class=\"wp-block-list\">\n<li><a href=\"https:\/\/www.gaveanews.com\/index.php\/2025\/01\/14\/flavio-prado-crava-titulo-do-flamengo\/\">Fl\u00e1vio Prado crava t\u00edtulo do Flamengo<\/a><\/li>\n\n\n\n<li><a href=\"https:\/\/www.gaveanews.com\/index.php\/2025\/01\/14\/flamengo-planeja-vinganca-com-o-cruzeiro-nos-bastidores\/\">Flamengo planeja \u2018vingan\u00e7a\u2019 com o Cruzeiro nos bastidores<\/a><\/li>\n\n\n\n<li><\/li>\n<\/ul>\n\n\n\n<p>Pablo ainda n\u00e3o tem o futuro definido no Flamengo, mas n\u00e3o faz parte dos planos da diretoria e da comiss\u00e3o t\u00e9cnica. Al\u00e9m disso, o defensor tem altos vencimentos, o que pesa na folha salarial do Rubro-Negro.<\/p>\n\n\n\n<p>O defensor, que n\u00e3o ser\u00e1 utilizado futuramente, recebe R$ 700 mil mensais, de acordo com informa\u00e7\u00f5es do jornalista Renato Maur\u00edcio Prado. Os altos vencimentos impedem o clube de investir o valor em um atleta que realmente far\u00e1 diferen\u00e7a para os anseios da equipe.<\/p>\n\n\n\n<h2 class=\"wp-block-heading\" id=\"h-pablo-no-flamengo\">Pablo no Flamengo<\/h2>\n\n\n\n<p>Pablo chegou ao Rubro-Negro em 2022 e nunca conseguiu se firmar. Nenhum dos t\u00e9cnicos utilizou o zagueiro, que era a \u00faltima op\u00e7\u00e3o das comiss\u00f5es para a zaga. Para a contrata\u00e7\u00e3o do defensor, o clube desembolsou 2,5 milh\u00f5es de euros (R$ 14 milh\u00f5es na cota\u00e7\u00e3o da \u00e9poca), e comprou o atleta junto ao Lokomotiv, da R\u00fassia.<\/p>\n\n\n\n<p>Atualmente, al\u00e9m de Pablo, o elenco do Flamengo tem apenas tr\u00eas zagueiros, sendo um deles da base. L\u00e9o Pereira, L\u00e9o Ortiz e Cleiton s\u00e3o as op\u00e7\u00f5es para o setor. Isso porque, nesta janela de transfer\u00eancias, o clube decidiu n\u00e3o renovar o contrato de David Luiz, e negociou Fabr\u00edcio Bruno com o Cruzeiro.<\/p>\n\n\n\n<p>Apesar do baixo n\u00famero de jogadores dispon\u00edveis para a posi\u00e7\u00e3o, Pablo n\u00e3o est\u00e1 nos planos, e o Flamengo busca uma nova negocia\u00e7\u00e3o para o zagueiro.<\/p>\n\n\n\n<p>Pelo Rubro-Negro, Pablo foi a campo em 47 oportunidades e deu uma assist\u00eancia. Ao todo, o zagueiro conquistou tr\u00eas t\u00edtulos pelo Mais Querido: a Copa Libertadores da Am\u00e9rica, Copa do Brasil e Campeonato Carioca.<\/p>\n","protected":false},"excerpt":{"rendered":"<p>Ap\u00f3s uma breve passagem pelo Botafogo, o zagueiro Pablo retornou ao Flamengo, clube ao qual pertence, para a temporada 2025. O defensor n\u00e3o est\u00e1 junto ao elenco principal, que faz as primeiras atividades de pr\u00e9-temporada nos Estados Unidos, e integra o plantel que iniciou a disputa do Campeonato Carioca. Pablo ainda n\u00e3o tem o futuro [&hellip;]<\/p>\n","protected":false},"author":18,"featured_media":94689,"comment_status":"open","ping_status":"closed","sticky":false,"template":"","format":"standard","meta":{"footnotes":""},"categories":[1],"tags":[],"class_list":["post-212574","post","type-post","status-publish","format-standard","has-post-thumbnail","hentry","category-flamengo"],"yoast_head":"<!-- This site is optimized with the Yoast SEO Premium plugin v24.2 (Yoast SEO v26.9) - https:\/\/yoast.com\/product\/yoast-seo-premium-wordpress\/ -->\n<title>Flamengo: zagueiro Pablo recebe sal\u00e1rio astron\u00f4mico<\/title>\n<meta name=\"robots\" content=\"index, follow, max-snippet:-1, max-image-preview:large, max-video-preview:-1\" \/>\n<link rel=\"canonical\" href=\"https:\/\/www.gaveanews.com\/index.php\/2025\/01\/15\/flamengo-zagueiro-pablo-recebe-salario-astronomico\/\" \/>\n<meta property=\"og:locale\" content=\"pt_BR\" \/>\n<meta property=\"og:type\" content=\"article\" \/>\n<meta property=\"og:title\" content=\"Flamengo: zagueiro Pablo recebe sal\u00e1rio astron\u00f4mico\" \/>\n<meta property=\"og:description\" content=\"Ap\u00f3s uma breve passagem pelo Botafogo, o zagueiro Pablo retornou ao Flamengo, clube ao qual pertence, para a temporada 2025. O defensor n\u00e3o est\u00e1 junto ao elenco principal, que faz as primeiras atividades de pr\u00e9-temporada nos Estados Unidos, e integra o plantel que iniciou a disputa do Campeonato Carioca. Pablo ainda n\u00e3o tem o futuro [&hellip;]\" \/>\n<meta property=\"og:url\" content=\"https:\/\/www.gaveanews.com\/index.php\/2025\/01\/15\/flamengo-zagueiro-pablo-recebe-salario-astronomico\/\" \/>\n<meta property=\"og:site_name\" content=\"G\u00e1vea News\" \/>\n<meta property=\"article:publisher\" content=\"https:\/\/facebook.com\/gaveaNews\/\" \/>\n<meta property=\"article:published_time\" content=\"2025-01-15T05:00:00+00:00\" \/>\n<meta property=\"og:image\" content=\"https:\/\/www.gaveanews.com\/wp-content\/uploads\/pablo-flamengo-botafogo.webp\" \/>\n\t<meta property=\"og:image:width\" content=\"1200\" \/>\n\t<meta property=\"og:image:height\" content=\"800\" \/>\n\t<meta property=\"og:image:type\" content=\"image\/jpeg\" \/>\n<meta name=\"author\" content=\"Paula Silva\" \/>\n<meta name=\"twitter:card\" content=\"summary_large_image\" \/>\n<meta name=\"twitter:label1\" content=\"Escrito por\" \/>\n\t<meta name=\"twitter:data1\" content=\"Paula Silva\" \/>\n\t<meta name=\"twitter:label2\" content=\"Est. tempo de leitura\" \/>\n\t<meta name=\"twitter:data2\" content=\"2 minutos\" \/>\n<script type=\"application\/ld+json\" class=\"yoast-schema-graph\">{\"@context\":\"https:\/\/schema.org\",\"@graph\":[{\"@type\":\"NewsArticle\",\"@id\":\"https:\/\/www.gaveanews.com\/index.php\/2025\/01\/15\/flamengo-zagueiro-pablo-recebe-salario-astronomico\/#article\",\"isPartOf\":{\"@id\":\"https:\/\/www.gaveanews.com\/index.php\/2025\/01\/15\/flamengo-zagueiro-pablo-recebe-salario-astronomico\/\"},\"author\":{\"name\":\"Paula Silva\",\"@id\":\"https:\/\/www.gaveanews.com\/#\/schema\/person\/daf63eec72e1164eb13dc35096c2b8da\"},\"headline\":\"Flamengo: zagueiro Pablo recebe sal\u00e1rio astron\u00f4mico\",\"datePublished\":\"2025-01-15T05:00:00+00:00\",\"mainEntityOfPage\":{\"@id\":\"https:\/\/www.gaveanews.com\/index.php\/2025\/01\/15\/flamengo-zagueiro-pablo-recebe-salario-astronomico\/\"},\"wordCount\":354,\"commentCount\":0,\"image\":{\"@id\":\"https:\/\/www.gaveanews.com\/index.php\/2025\/01\/15\/flamengo-zagueiro-pablo-recebe-salario-astronomico\/#primaryimage\"},\"thumbnailUrl\":\"https:\/\/www.gaveanews.com\/wp-content\/uploads\/pablo-flamengo-botafogo.webp\",\"articleSection\":[\"Flamengo\"],\"inLanguage\":\"pt-BR\",\"potentialAction\":[{\"@type\":\"CommentAction\",\"name\":\"Comment\",\"target\":[\"https:\/\/www.gaveanews.com\/index.php\/2025\/01\/15\/flamengo-zagueiro-pablo-recebe-salario-astronomico\/#respond\"]}],\"copyrightYear\":\"2025\",\"copyrightHolder\":{\"@id\":\"https:\/\/www.gaveanews.com\/#organization\"}},{\"@type\":\"WebPage\",\"@id\":\"https:\/\/www.gaveanews.com\/index.php\/2025\/01\/15\/flamengo-zagueiro-pablo-recebe-salario-astronomico\/\",\"url\":\"https:\/\/www.gaveanews.com\/index.php\/2025\/01\/15\/flamengo-zagueiro-pablo-recebe-salario-astronomico\/\",\"name\":\"Flamengo: zagueiro Pablo recebe sal\u00e1rio astron\u00f4mico\",\"isPartOf\":{\"@id\":\"https:\/\/www.gaveanews.com\/#website\"},\"primaryImageOfPage\":{\"@id\":\"https:\/\/www.gaveanews.com\/index.php\/2025\/01\/15\/flamengo-zagueiro-pablo-recebe-salario-astronomico\/#primaryimage\"},\"image\":{\"@id\":\"https:\/\/www.gaveanews.com\/index.php\/2025\/01\/15\/flamengo-zagueiro-pablo-recebe-salario-astronomico\/#primaryimage\"},\"thumbnailUrl\":\"https:\/\/www.gaveanews.com\/wp-content\/uploads\/pablo-flamengo-botafogo.webp\",\"datePublished\":\"2025-01-15T05:00:00+00:00\",\"author\":{\"@id\":\"https:\/\/www.gaveanews.com\/#\/schema\/person\/daf63eec72e1164eb13dc35096c2b8da\"},\"breadcrumb\":{\"@id\":\"https:\/\/www.gaveanews.com\/index.php\/2025\/01\/15\/flamengo-zagueiro-pablo-recebe-salario-astronomico\/#breadcrumb\"},\"inLanguage\":\"pt-BR\",\"potentialAction\":[{\"@type\":\"ReadAction\",\"target\":[\"https:\/\/www.gaveanews.com\/index.php\/2025\/01\/15\/flamengo-zagueiro-pablo-recebe-salario-astronomico\/\"]}]},{\"@type\":\"ImageObject\",\"inLanguage\":\"pt-BR\",\"@id\":\"https:\/\/www.gaveanews.com\/index.php\/2025\/01\/15\/flamengo-zagueiro-pablo-recebe-salario-astronomico\/#primaryimage\",\"url\":\"https:\/\/www.gaveanews.com\/wp-content\/uploads\/pablo-flamengo-botafogo.webp\",\"contentUrl\":\"https:\/\/www.gaveanews.com\/wp-content\/uploads\/pablo-flamengo-botafogo.webp\",\"width\":1200,\"height\":800,\"caption\":\"Pablo em a\u00e7\u00e3o pelo Flamengo (Foto: Marcelo Cortes\/Flamengo)\"},{\"@type\":\"BreadcrumbList\",\"@id\":\"https:\/\/www.gaveanews.com\/index.php\/2025\/01\/15\/flamengo-zagueiro-pablo-recebe-salario-astronomico\/#breadcrumb\",\"itemListElement\":[{\"@type\":\"ListItem\",\"position\":1,\"name\":\"Home\",\"item\":\"https:\/\/www.gaveanews.com\/\"},{\"@type\":\"ListItem\",\"position\":2,\"name\":\"Flamengo: zagueiro Pablo recebe sal\u00e1rio astron\u00f4mico\"}]},{\"@type\":\"WebSite\",\"@id\":\"https:\/\/www.gaveanews.com\/#website\",\"url\":\"https:\/\/www.gaveanews.com\/\",\"name\":\"G\u00e1vea News\",\"description\":\"Veja todas as not\u00edcias sobre o Flamengo: Contrata\u00e7\u00f5es, categorias de base, resultados das partidas, tabela de classifica\u00e7\u00e3o, pr\u00f3ximos jogos!\",\"potentialAction\":[{\"@type\":\"SearchAction\",\"target\":{\"@type\":\"EntryPoint\",\"urlTemplate\":\"https:\/\/www.gaveanews.com\/?s={search_term_string}\"},\"query-input\":{\"@type\":\"PropertyValueSpecification\",\"valueRequired\":true,\"valueName\":\"search_term_string\"}}],\"inLanguage\":\"pt-BR\"},{\"@type\":\"Person\",\"@id\":\"https:\/\/www.gaveanews.com\/#\/schema\/person\/daf63eec72e1164eb13dc35096c2b8da\",\"name\":\"Paula Silva\",\"image\":{\"@type\":\"ImageObject\",\"inLanguage\":\"pt-BR\",\"@id\":\"https:\/\/www.gaveanews.com\/#\/schema\/person\/image\/\",\"url\":\"https:\/\/secure.gravatar.com\/avatar\/eda381c845527cc5d64c13b901833cda29d97500ba040d3e6461f76f51d163bb?s=96&d=mm&r=g\",\"contentUrl\":\"https:\/\/secure.gravatar.com\/avatar\/eda381c845527cc5d64c13b901833cda29d97500ba040d3e6461f76f51d163bb?s=96&d=mm&r=g\",\"caption\":\"Paula Silva\"}}]}<\/script>\n<!-- \/ Yoast SEO Premium plugin. -->","yoast_head_json":{"title":"Flamengo: zagueiro Pablo recebe sal\u00e1rio astron\u00f4mico","robots":{"index":"index","follow":"follow","max-snippet":"max-snippet:-1","max-image-preview":"max-image-preview:large","max-video-preview":"max-video-preview:-1"},"canonical":"https:\/\/www.gaveanews.com\/index.php\/2025\/01\/15\/flamengo-zagueiro-pablo-recebe-salario-astronomico\/","og_locale":"pt_BR","og_type":"article","og_title":"Flamengo: zagueiro Pablo recebe sal\u00e1rio astron\u00f4mico","og_description":"Ap\u00f3s uma breve passagem pelo Botafogo, o zagueiro Pablo retornou ao Flamengo, clube ao qual pertence, para a temporada 2025. O defensor n\u00e3o est\u00e1 junto ao elenco principal, que faz as primeiras atividades de pr\u00e9-temporada nos Estados Unidos, e integra o plantel que iniciou a disputa do Campeonato Carioca. Pablo ainda n\u00e3o tem o futuro [&hellip;]","og_url":"https:\/\/www.gaveanews.com\/index.php\/2025\/01\/15\/flamengo-zagueiro-pablo-recebe-salario-astronomico\/","og_site_name":"G\u00e1vea News","article_publisher":"https:\/\/facebook.com\/gaveaNews\/","article_published_time":"2025-01-15T05:00:00+00:00","og_image":[{"width":1200,"height":800,"url":"https:\/\/www.gaveanews.com\/wp-content\/uploads\/pablo-flamengo-botafogo.webp","type":"image\/jpeg"}],"author":"Paula Silva","twitter_card":"summary_large_image","twitter_misc":{"Escrito por":"Paula Silva","Est. tempo de leitura":"2 minutos"},"schema":{"@context":"https:\/\/schema.org","@graph":[{"@type":"NewsArticle","@id":"https:\/\/www.gaveanews.com\/index.php\/2025\/01\/15\/flamengo-zagueiro-pablo-recebe-salario-astronomico\/#article","isPartOf":{"@id":"https:\/\/www.gaveanews.com\/index.php\/2025\/01\/15\/flamengo-zagueiro-pablo-recebe-salario-astronomico\/"},"author":{"name":"Paula Silva","@id":"https:\/\/www.gaveanews.com\/#\/schema\/person\/daf63eec72e1164eb13dc35096c2b8da"},"headline":"Flamengo: zagueiro Pablo recebe sal\u00e1rio astron\u00f4mico","datePublished":"2025-01-15T05:00:00+00:00","mainEntityOfPage":{"@id":"https:\/\/www.gaveanews.com\/index.php\/2025\/01\/15\/flamengo-zagueiro-pablo-recebe-salario-astronomico\/"},"wordCount":354,"commentCount":0,"image":{"@id":"https:\/\/www.gaveanews.com\/index.php\/2025\/01\/15\/flamengo-zagueiro-pablo-recebe-salario-astronomico\/#primaryimage"},"thumbnailUrl":"https:\/\/www.gaveanews.com\/wp-content\/uploads\/pablo-flamengo-botafogo.webp","articleSection":["Flamengo"],"inLanguage":"pt-BR","potentialAction":[{"@type":"CommentAction","name":"Comment","target":["https:\/\/www.gaveanews.com\/index.php\/2025\/01\/15\/flamengo-zagueiro-pablo-recebe-salario-astronomico\/#respond"]}],"copyrightYear":"2025","copyrightHolder":{"@id":"https:\/\/www.gaveanews.com\/#organization"}},{"@type":"WebPage","@id":"https:\/\/www.gaveanews.com\/index.php\/2025\/01\/15\/flamengo-zagueiro-pablo-recebe-salario-astronomico\/","url":"https:\/\/www.gaveanews.com\/index.php\/2025\/01\/15\/flamengo-zagueiro-pablo-recebe-salario-astronomico\/","name":"Flamengo: zagueiro Pablo recebe sal\u00e1rio astron\u00f4mico","isPartOf":{"@id":"https:\/\/www.gaveanews.com\/#website"},"primaryImageOfPage":{"@id":"https:\/\/www.gaveanews.com\/index.php\/2025\/01\/15\/flamengo-zagueiro-pablo-recebe-salario-astronomico\/#primaryimage"},"image":{"@id":"https:\/\/www.gaveanews.com\/index.php\/2025\/01\/15\/flamengo-zagueiro-pablo-recebe-salario-astronomico\/#primaryimage"},"thumbnailUrl":"https:\/\/www.gaveanews.com\/wp-content\/uploads\/pablo-flamengo-botafogo.webp","datePublished":"2025-01-15T05:00:00+00:00","author":{"@id":"https:\/\/www.gaveanews.com\/#\/schema\/person\/daf63eec72e1164eb13dc35096c2b8da"},"breadcrumb":{"@id":"https:\/\/www.gaveanews.com\/index.php\/2025\/01\/15\/flamengo-zagueiro-pablo-recebe-salario-astronomico\/#breadcrumb"},"inLanguage":"pt-BR","potentialAction":[{"@type":"ReadAction","target":["https:\/\/www.gaveanews.com\/index.php\/2025\/01\/15\/flamengo-zagueiro-pablo-recebe-salario-astronomico\/"]}]},{"@type":"ImageObject","inLanguage":"pt-BR","@id":"https:\/\/www.gaveanews.com\/index.php\/2025\/01\/15\/flamengo-zagueiro-pablo-recebe-salario-astronomico\/#primaryimage","url":"https:\/\/www.gaveanews.com\/wp-content\/uploads\/pablo-flamengo-botafogo.webp","contentUrl":"https:\/\/www.gaveanews.com\/wp-content\/uploads\/pablo-flamengo-botafogo.webp","width":1200,"height":800,"caption":"Pablo em a\u00e7\u00e3o pelo Flamengo (Foto: Marcelo Cortes\/Flamengo)"},{"@type":"BreadcrumbList","@id":"https:\/\/www.gaveanews.com\/index.php\/2025\/01\/15\/flamengo-zagueiro-pablo-recebe-salario-astronomico\/#breadcrumb","itemListElement":[{"@type":"ListItem","position":1,"name":"Home","item":"https:\/\/www.gaveanews.com\/"},{"@type":"ListItem","position":2,"name":"Flamengo: zagueiro Pablo recebe sal\u00e1rio astron\u00f4mico"}]},{"@type":"WebSite","@id":"https:\/\/www.gaveanews.com\/#website","url":"https:\/\/www.gaveanews.com\/","name":"G\u00e1vea News","description":"Veja todas as not\u00edcias sobre o Flamengo: Contrata\u00e7\u00f5es, categorias de base, resultados das partidas, tabela de classifica\u00e7\u00e3o, pr\u00f3ximos jogos!","potentialAction":[{"@type":"SearchAction","target":{"@type":"EntryPoint","urlTemplate":"https:\/\/www.gaveanews.com\/?s={search_term_string}"},"query-input":{"@type":"PropertyValueSpecification","valueRequired":true,"valueName":"search_term_string"}}],"inLanguage":"pt-BR"},{"@type":"Person","@id":"https:\/\/www.gaveanews.com\/#\/schema\/person\/daf63eec72e1164eb13dc35096c2b8da","name":"Paula Silva","image":{"@type":"ImageObject","inLanguage":"pt-BR","@id":"https:\/\/www.gaveanews.com\/#\/schema\/person\/image\/","url":"https:\/\/secure.gravatar.com\/avatar\/eda381c845527cc5d64c13b901833cda29d97500ba040d3e6461f76f51d163bb?s=96&d=mm&r=g","contentUrl":"https:\/\/secure.gravatar.com\/avatar\/eda381c845527cc5d64c13b901833cda29d97500ba040d3e6461f76f51d163bb?s=96&d=mm&r=g","caption":"Paula Silva"}}]}},"_links":{"self":[{"href":"https:\/\/www.gaveanews.com\/index.php\/wp-json\/wp\/v2\/posts\/212574","targetHints":{"allow":["GET"]}}],"collection":[{"href":"https:\/\/www.gaveanews.com\/index.php\/wp-json\/wp\/v2\/posts"}],"about":[{"href":"https:\/\/www.gaveanews.com\/index.php\/wp-json\/wp\/v2\/types\/post"}],"author":[{"embeddable":true,"href":"https:\/\/www.gaveanews.com\/index.php\/wp-json\/wp\/v2\/users\/18"}],"replies":[{"embeddable":true,"href":"https:\/\/www.gaveanews.com\/index.php\/wp-json\/wp\/v2\/comments?post=212574"}],"version-history":[{"count":1,"href":"https:\/\/www.gaveanews.com\/index.php\/wp-json\/wp\/v2\/posts\/212574\/revisions"}],"predecessor-version":[{"id":212578,"href":"https:\/\/www.gaveanews.com\/index.php\/wp-json\/wp\/v2\/posts\/212574\/revisions\/212578"}],"wp:featuredmedia":[{"embeddable":true,"href":"https:\/\/www.gaveanews.com\/index.php\/wp-json\/wp\/v2\/media\/94689"}],"wp:attachment":[{"href":"https:\/\/www.gaveanews.com\/index.php\/wp-json\/wp\/v2\/media?parent=212574"}],"wp:term":[{"taxonomy":"category","embeddable":true,"href":"https:\/\/www.gaveanews.com\/index.php\/wp-json\/wp\/v2\/categories?post=212574"},{"taxonomy":"post_tag","embeddable":true,"href":"https:\/\/www.gaveanews.com\/index.php\/wp-json\/wp\/v2\/tags?post=212574"}],"curies":[{"name":"wp","href":"https:\/\/api.w.org\/{rel}","templated":true}]}}