{"id":212589,"date":"2025-01-15T10:50:53","date_gmt":"2025-01-15T13:50:53","guid":{"rendered":"https:\/\/www.gaveanews.com\/?p=212589"},"modified":"2025-01-15T10:47:10","modified_gmt":"2025-01-15T13:47:10","slug":"victor-afirma-que-atletico-mg-negocia-com-grande-nome","status":"publish","type":"post","link":"https:\/\/www.gaveanews.com\/index.php\/2025\/01\/15\/victor-afirma-que-atletico-mg-negocia-com-grande-nome\/","title":{"rendered":"Victor afirma que Atl\u00e9tico-MG negocia com grande nome"},"content":{"rendered":"\n<h2 class=\"wp-block-heading\" id=\"h-dirigente-disse-que-jogador-trara-tranquilidade-para-a-torcida\">Dirigente disse que jogador trar\u00e1 &#8220;tranquilidade&#8221; para a torcida <\/h2>\n\n\n\n<p>Na \u00faltima segunda-feira (13), Victor Bagy, diretor de futebol do Atl\u00e9tico, disse que o clube est\u00e1 em negocia\u00e7\u00f5es em andamento com um \u201cnome importante\u201d para a temporada e que se a negocia\u00e7\u00e3o se concretizar, o torcedor &#8220;ganhar\u00e1 uma tranquilidade&#8221;. <\/p>\n\n\n\n<ul class=\"wp-block-list\">\n<li><a href=\"https:\/\/www.gaveanews.com\/index.php\/2025\/01\/14\/cuca-pede-contratacao-especial-ao-atletico-mg\/\">Cuca pede contrata\u00e7\u00e3o especial ao Atl\u00e9tico-MG<\/a><\/li>\n\n\n\n<li><a href=\"https:\/\/www.gaveanews.com\/index.php\/2025\/01\/14\/interesse-em-gregore-mudanca-no-mineiro-e-competicao-na-cnn-as-ultimas-noticias-do-atletico-mg\/\">Interesse em Gregore, mudan\u00e7a no Mineiro e competi\u00e7\u00e3o na CNN: as \u00faltimas not\u00edcias do Atl\u00e9tico-MG<\/a><\/li>\n<\/ul>\n\n\n\n<p>O dirigente comentou sobre o assunto ao falar sobre a sa\u00edda do atacante Paulinho para o Palmeiras. Na ocasi\u00e3o, o Galo recebeu cerca de 18 milh\u00f5es de euros (R$ 112 milh\u00f5es) e ainda recebeu os volantes Gabriel Menino e Patrick como troca. <\/p>\n\n\n\n<p>&#8220;\u00c9 buscar um nome que consiga repor, mas juntamente com os outros nomes que a gente est\u00e1 trabalhando se complemente. Porque um jogador com a qualidade do Paulinho se n\u00e3o tiver bons jogadores ao lado n\u00e3o vai conseguir render ao m\u00e1ximo. Temos um nome importante sim em negocia\u00e7\u00e3o, que creio que vai, se confirmar, vai realmente dar essa tranquilidade ao torcedor\u201d, iniciou Victor. <\/p>\n\n\n\n<p>\u201cMas buscamos e estamos trabalhando outros nomes que tamb\u00e9m complementem no sentido de ter uma coletividade forte, que \u00e9 o que precisamos. Futebol se ganha com coletividade, e voc\u00ea ter nomes importantes, que se complementem, \u00e9 assim que se constr\u00f3i uma equipe vencedora\u201d, completou.<\/p>\n\n\n\n<p>Na sequ\u00eancia de sua coletiva, Victor Bagy comentou sobre o elenco atleticano e fez elogios. Na temporada de 2025, o Atl\u00e9tico ir\u00e1 entrar em campo pelo Campeonato Mineiro, Copa do Brasil, Copa Sul-Americana e Campeonato Brasileiro. <\/p>\n\n\n\n<p>\u201cJ\u00e1 temos nomes importantes aqui, que podem ser desequilibrastes, ent\u00e3o com certeza estamos buscando nomes com esse perfil. Desequilibrantes, mas que consigam tamb\u00e9m se entender dentro de uma coletividade\u201d, finalizou Victor Bagy. <\/p>\n\n\n\n<p>Nesta quarta-feira (15), o Atl\u00e9tico-MG viajar\u00e1 para os Estados Unidos para realizar a pr\u00e9-temporada. O Galo disputar\u00e1 a Inter&amp;Co Soccer Week na FC Series e o primeiro duelos ser\u00e1 contra o rival Cruzeiro no domingo (19), \u00e0s 17h (de Bras\u00edlia). <\/p>\n","protected":false},"excerpt":{"rendered":"<p>Dirigente disse que jogador trar\u00e1 &#8220;tranquilidade&#8221; para a torcida Na \u00faltima segunda-feira (13), Victor Bagy, diretor de futebol do Atl\u00e9tico, disse que o clube est\u00e1 em negocia\u00e7\u00f5es em andamento com um \u201cnome importante\u201d para a temporada e que se a negocia\u00e7\u00e3o se concretizar, o torcedor &#8220;ganhar\u00e1 uma tranquilidade&#8221;. O dirigente comentou sobre o assunto ao [&hellip;]<\/p>\n","protected":false},"author":21,"featured_media":153999,"comment_status":"open","ping_status":"closed","sticky":false,"template":"","format":"standard","meta":{"footnotes":""},"categories":[136],"tags":[],"class_list":["post-212589","post","type-post","status-publish","format-standard","has-post-thumbnail","hentry","category-atletico-mg"],"yoast_head":"<!-- This site is optimized with the Yoast SEO Premium plugin v24.2 (Yoast SEO v26.9) - https:\/\/yoast.com\/product\/yoast-seo-premium-wordpress\/ -->\n<title>Victor afirma que Atl\u00e9tico-MG negocia com grande nome<\/title>\n<meta name=\"robots\" content=\"index, follow, max-snippet:-1, max-image-preview:large, max-video-preview:-1\" \/>\n<link rel=\"canonical\" href=\"https:\/\/www.gaveanews.com\/index.php\/2025\/01\/15\/victor-afirma-que-atletico-mg-negocia-com-grande-nome\/\" \/>\n<meta property=\"og:locale\" content=\"pt_BR\" \/>\n<meta property=\"og:type\" content=\"article\" \/>\n<meta property=\"og:title\" content=\"Victor afirma que Atl\u00e9tico-MG negocia com grande nome\" \/>\n<meta property=\"og:description\" content=\"Dirigente disse que jogador trar\u00e1 &#8220;tranquilidade&#8221; para a torcida Na \u00faltima segunda-feira (13), Victor Bagy, diretor de futebol do Atl\u00e9tico, disse que o clube est\u00e1 em negocia\u00e7\u00f5es em andamento com um \u201cnome importante\u201d para a temporada e que se a negocia\u00e7\u00e3o se concretizar, o torcedor &#8220;ganhar\u00e1 uma tranquilidade&#8221;. O dirigente comentou sobre o assunto ao [&hellip;]\" \/>\n<meta property=\"og:url\" content=\"https:\/\/www.gaveanews.com\/index.php\/2025\/01\/15\/victor-afirma-que-atletico-mg-negocia-com-grande-nome\/\" \/>\n<meta property=\"og:site_name\" content=\"G\u00e1vea News\" \/>\n<meta property=\"article:publisher\" content=\"https:\/\/facebook.com\/gaveaNews\/\" \/>\n<meta property=\"article:published_time\" content=\"2025-01-15T13:50:53+00:00\" \/>\n<meta property=\"og:image\" content=\"https:\/\/www.gaveanews.com\/wp-content\/uploads\/Estadio-do-Atletico-MG.webp\" \/>\n\t<meta property=\"og:image:width\" content=\"900\" \/>\n\t<meta property=\"og:image:height\" content=\"600\" \/>\n\t<meta property=\"og:image:type\" content=\"image\/webp\" \/>\n<meta name=\"author\" content=\"Andr\u00e9 Serra\" \/>\n<meta name=\"twitter:card\" content=\"summary_large_image\" \/>\n<meta name=\"twitter:label1\" content=\"Escrito por\" \/>\n\t<meta name=\"twitter:data1\" content=\"Andr\u00e9 Serra\" \/>\n\t<meta name=\"twitter:label2\" content=\"Est. tempo de leitura\" \/>\n\t<meta name=\"twitter:data2\" content=\"3 minutos\" \/>\n<script type=\"application\/ld+json\" class=\"yoast-schema-graph\">{\"@context\":\"https:\/\/schema.org\",\"@graph\":[{\"@type\":\"NewsArticle\",\"@id\":\"https:\/\/www.gaveanews.com\/index.php\/2025\/01\/15\/victor-afirma-que-atletico-mg-negocia-com-grande-nome\/#article\",\"isPartOf\":{\"@id\":\"https:\/\/www.gaveanews.com\/index.php\/2025\/01\/15\/victor-afirma-que-atletico-mg-negocia-com-grande-nome\/\"},\"author\":{\"name\":\"Andr\u00e9 Serra\",\"@id\":\"https:\/\/www.gaveanews.com\/#\/schema\/person\/0277a79a1289c451c281ec0411d84f0c\"},\"headline\":\"Victor afirma que Atl\u00e9tico-MG negocia com grande nome\",\"datePublished\":\"2025-01-15T13:50:53+00:00\",\"mainEntityOfPage\":{\"@id\":\"https:\/\/www.gaveanews.com\/index.php\/2025\/01\/15\/victor-afirma-que-atletico-mg-negocia-com-grande-nome\/\"},\"wordCount\":354,\"commentCount\":0,\"image\":{\"@id\":\"https:\/\/www.gaveanews.com\/index.php\/2025\/01\/15\/victor-afirma-que-atletico-mg-negocia-com-grande-nome\/#primaryimage\"},\"thumbnailUrl\":\"https:\/\/www.gaveanews.com\/wp-content\/uploads\/Estadio-do-Atletico-MG.webp\",\"articleSection\":[\"Atl\u00e9tico-MG\"],\"inLanguage\":\"pt-BR\",\"potentialAction\":[{\"@type\":\"CommentAction\",\"name\":\"Comment\",\"target\":[\"https:\/\/www.gaveanews.com\/index.php\/2025\/01\/15\/victor-afirma-que-atletico-mg-negocia-com-grande-nome\/#respond\"]}],\"copyrightYear\":\"2025\",\"copyrightHolder\":{\"@id\":\"https:\/\/www.gaveanews.com\/#organization\"}},{\"@type\":\"WebPage\",\"@id\":\"https:\/\/www.gaveanews.com\/index.php\/2025\/01\/15\/victor-afirma-que-atletico-mg-negocia-com-grande-nome\/\",\"url\":\"https:\/\/www.gaveanews.com\/index.php\/2025\/01\/15\/victor-afirma-que-atletico-mg-negocia-com-grande-nome\/\",\"name\":\"Victor afirma que Atl\u00e9tico-MG negocia com grande nome\",\"isPartOf\":{\"@id\":\"https:\/\/www.gaveanews.com\/#website\"},\"primaryImageOfPage\":{\"@id\":\"https:\/\/www.gaveanews.com\/index.php\/2025\/01\/15\/victor-afirma-que-atletico-mg-negocia-com-grande-nome\/#primaryimage\"},\"image\":{\"@id\":\"https:\/\/www.gaveanews.com\/index.php\/2025\/01\/15\/victor-afirma-que-atletico-mg-negocia-com-grande-nome\/#primaryimage\"},\"thumbnailUrl\":\"https:\/\/www.gaveanews.com\/wp-content\/uploads\/Estadio-do-Atletico-MG.webp\",\"datePublished\":\"2025-01-15T13:50:53+00:00\",\"author\":{\"@id\":\"https:\/\/www.gaveanews.com\/#\/schema\/person\/0277a79a1289c451c281ec0411d84f0c\"},\"breadcrumb\":{\"@id\":\"https:\/\/www.gaveanews.com\/index.php\/2025\/01\/15\/victor-afirma-que-atletico-mg-negocia-com-grande-nome\/#breadcrumb\"},\"inLanguage\":\"pt-BR\",\"potentialAction\":[{\"@type\":\"ReadAction\",\"target\":[\"https:\/\/www.gaveanews.com\/index.php\/2025\/01\/15\/victor-afirma-que-atletico-mg-negocia-com-grande-nome\/\"]}]},{\"@type\":\"ImageObject\",\"inLanguage\":\"pt-BR\",\"@id\":\"https:\/\/www.gaveanews.com\/index.php\/2025\/01\/15\/victor-afirma-que-atletico-mg-negocia-com-grande-nome\/#primaryimage\",\"url\":\"https:\/\/www.gaveanews.com\/wp-content\/uploads\/Estadio-do-Atletico-MG.webp\",\"contentUrl\":\"https:\/\/www.gaveanews.com\/wp-content\/uploads\/Estadio-do-Atletico-MG.webp\",\"width\":900,\"height\":600,\"caption\":\"Arena MRV, est\u00e1dio do Atl\u00e9tico-MG (Foto: Reprodu\u00e7\u00e3o\/Atl\u00e9tico)\"},{\"@type\":\"BreadcrumbList\",\"@id\":\"https:\/\/www.gaveanews.com\/index.php\/2025\/01\/15\/victor-afirma-que-atletico-mg-negocia-com-grande-nome\/#breadcrumb\",\"itemListElement\":[{\"@type\":\"ListItem\",\"position\":1,\"name\":\"Home\",\"item\":\"https:\/\/www.gaveanews.com\/\"},{\"@type\":\"ListItem\",\"position\":2,\"name\":\"Victor afirma que Atl\u00e9tico-MG negocia com grande nome\"}]},{\"@type\":\"WebSite\",\"@id\":\"https:\/\/www.gaveanews.com\/#website\",\"url\":\"https:\/\/www.gaveanews.com\/\",\"name\":\"G\u00e1vea News\",\"description\":\"Veja todas as not\u00edcias sobre o Flamengo: Contrata\u00e7\u00f5es, categorias de base, resultados das partidas, tabela de classifica\u00e7\u00e3o, pr\u00f3ximos jogos!\",\"potentialAction\":[{\"@type\":\"SearchAction\",\"target\":{\"@type\":\"EntryPoint\",\"urlTemplate\":\"https:\/\/www.gaveanews.com\/?s={search_term_string}\"},\"query-input\":{\"@type\":\"PropertyValueSpecification\",\"valueRequired\":true,\"valueName\":\"search_term_string\"}}],\"inLanguage\":\"pt-BR\"},{\"@type\":\"Person\",\"@id\":\"https:\/\/www.gaveanews.com\/#\/schema\/person\/0277a79a1289c451c281ec0411d84f0c\",\"name\":\"Andr\u00e9 Serra\",\"image\":{\"@type\":\"ImageObject\",\"inLanguage\":\"pt-BR\",\"@id\":\"https:\/\/www.gaveanews.com\/#\/schema\/person\/image\/\",\"url\":\"https:\/\/secure.gravatar.com\/avatar\/d7231369fe48db93292b3e88eb2162dbd9a34a47a8437d9ef3bcaca2a86a83d7?s=96&d=mm&r=g\",\"contentUrl\":\"https:\/\/secure.gravatar.com\/avatar\/d7231369fe48db93292b3e88eb2162dbd9a34a47a8437d9ef3bcaca2a86a83d7?s=96&d=mm&r=g\",\"caption\":\"Andr\u00e9 Serra\"}}]}<\/script>\n<!-- \/ Yoast SEO Premium plugin. -->","yoast_head_json":{"title":"Victor afirma que Atl\u00e9tico-MG negocia com grande nome","robots":{"index":"index","follow":"follow","max-snippet":"max-snippet:-1","max-image-preview":"max-image-preview:large","max-video-preview":"max-video-preview:-1"},"canonical":"https:\/\/www.gaveanews.com\/index.php\/2025\/01\/15\/victor-afirma-que-atletico-mg-negocia-com-grande-nome\/","og_locale":"pt_BR","og_type":"article","og_title":"Victor afirma que Atl\u00e9tico-MG negocia com grande nome","og_description":"Dirigente disse que jogador trar\u00e1 &#8220;tranquilidade&#8221; para a torcida Na \u00faltima segunda-feira (13), Victor Bagy, diretor de futebol do Atl\u00e9tico, disse que o clube est\u00e1 em negocia\u00e7\u00f5es em andamento com um \u201cnome importante\u201d para a temporada e que se a negocia\u00e7\u00e3o se concretizar, o torcedor &#8220;ganhar\u00e1 uma tranquilidade&#8221;. O dirigente comentou sobre o assunto ao [&hellip;]","og_url":"https:\/\/www.gaveanews.com\/index.php\/2025\/01\/15\/victor-afirma-que-atletico-mg-negocia-com-grande-nome\/","og_site_name":"G\u00e1vea News","article_publisher":"https:\/\/facebook.com\/gaveaNews\/","article_published_time":"2025-01-15T13:50:53+00:00","og_image":[{"width":900,"height":600,"url":"https:\/\/www.gaveanews.com\/wp-content\/uploads\/Estadio-do-Atletico-MG.webp","type":"image\/webp"}],"author":"Andr\u00e9 Serra","twitter_card":"summary_large_image","twitter_misc":{"Escrito por":"Andr\u00e9 Serra","Est. tempo de leitura":"3 minutos"},"schema":{"@context":"https:\/\/schema.org","@graph":[{"@type":"NewsArticle","@id":"https:\/\/www.gaveanews.com\/index.php\/2025\/01\/15\/victor-afirma-que-atletico-mg-negocia-com-grande-nome\/#article","isPartOf":{"@id":"https:\/\/www.gaveanews.com\/index.php\/2025\/01\/15\/victor-afirma-que-atletico-mg-negocia-com-grande-nome\/"},"author":{"name":"Andr\u00e9 Serra","@id":"https:\/\/www.gaveanews.com\/#\/schema\/person\/0277a79a1289c451c281ec0411d84f0c"},"headline":"Victor afirma que Atl\u00e9tico-MG negocia com grande nome","datePublished":"2025-01-15T13:50:53+00:00","mainEntityOfPage":{"@id":"https:\/\/www.gaveanews.com\/index.php\/2025\/01\/15\/victor-afirma-que-atletico-mg-negocia-com-grande-nome\/"},"wordCount":354,"commentCount":0,"image":{"@id":"https:\/\/www.gaveanews.com\/index.php\/2025\/01\/15\/victor-afirma-que-atletico-mg-negocia-com-grande-nome\/#primaryimage"},"thumbnailUrl":"https:\/\/www.gaveanews.com\/wp-content\/uploads\/Estadio-do-Atletico-MG.webp","articleSection":["Atl\u00e9tico-MG"],"inLanguage":"pt-BR","potentialAction":[{"@type":"CommentAction","name":"Comment","target":["https:\/\/www.gaveanews.com\/index.php\/2025\/01\/15\/victor-afirma-que-atletico-mg-negocia-com-grande-nome\/#respond"]}],"copyrightYear":"2025","copyrightHolder":{"@id":"https:\/\/www.gaveanews.com\/#organization"}},{"@type":"WebPage","@id":"https:\/\/www.gaveanews.com\/index.php\/2025\/01\/15\/victor-afirma-que-atletico-mg-negocia-com-grande-nome\/","url":"https:\/\/www.gaveanews.com\/index.php\/2025\/01\/15\/victor-afirma-que-atletico-mg-negocia-com-grande-nome\/","name":"Victor afirma que Atl\u00e9tico-MG negocia com grande nome","isPartOf":{"@id":"https:\/\/www.gaveanews.com\/#website"},"primaryImageOfPage":{"@id":"https:\/\/www.gaveanews.com\/index.php\/2025\/01\/15\/victor-afirma-que-atletico-mg-negocia-com-grande-nome\/#primaryimage"},"image":{"@id":"https:\/\/www.gaveanews.com\/index.php\/2025\/01\/15\/victor-afirma-que-atletico-mg-negocia-com-grande-nome\/#primaryimage"},"thumbnailUrl":"https:\/\/www.gaveanews.com\/wp-content\/uploads\/Estadio-do-Atletico-MG.webp","datePublished":"2025-01-15T13:50:53+00:00","author":{"@id":"https:\/\/www.gaveanews.com\/#\/schema\/person\/0277a79a1289c451c281ec0411d84f0c"},"breadcrumb":{"@id":"https:\/\/www.gaveanews.com\/index.php\/2025\/01\/15\/victor-afirma-que-atletico-mg-negocia-com-grande-nome\/#breadcrumb"},"inLanguage":"pt-BR","potentialAction":[{"@type":"ReadAction","target":["https:\/\/www.gaveanews.com\/index.php\/2025\/01\/15\/victor-afirma-que-atletico-mg-negocia-com-grande-nome\/"]}]},{"@type":"ImageObject","inLanguage":"pt-BR","@id":"https:\/\/www.gaveanews.com\/index.php\/2025\/01\/15\/victor-afirma-que-atletico-mg-negocia-com-grande-nome\/#primaryimage","url":"https:\/\/www.gaveanews.com\/wp-content\/uploads\/Estadio-do-Atletico-MG.webp","contentUrl":"https:\/\/www.gaveanews.com\/wp-content\/uploads\/Estadio-do-Atletico-MG.webp","width":900,"height":600,"caption":"Arena MRV, est\u00e1dio do Atl\u00e9tico-MG (Foto: Reprodu\u00e7\u00e3o\/Atl\u00e9tico)"},{"@type":"BreadcrumbList","@id":"https:\/\/www.gaveanews.com\/index.php\/2025\/01\/15\/victor-afirma-que-atletico-mg-negocia-com-grande-nome\/#breadcrumb","itemListElement":[{"@type":"ListItem","position":1,"name":"Home","item":"https:\/\/www.gaveanews.com\/"},{"@type":"ListItem","position":2,"name":"Victor afirma que Atl\u00e9tico-MG negocia com grande nome"}]},{"@type":"WebSite","@id":"https:\/\/www.gaveanews.com\/#website","url":"https:\/\/www.gaveanews.com\/","name":"G\u00e1vea News","description":"Veja todas as not\u00edcias sobre o Flamengo: Contrata\u00e7\u00f5es, categorias de base, resultados das partidas, tabela de classifica\u00e7\u00e3o, pr\u00f3ximos jogos!","potentialAction":[{"@type":"SearchAction","target":{"@type":"EntryPoint","urlTemplate":"https:\/\/www.gaveanews.com\/?s={search_term_string}"},"query-input":{"@type":"PropertyValueSpecification","valueRequired":true,"valueName":"search_term_string"}}],"inLanguage":"pt-BR"},{"@type":"Person","@id":"https:\/\/www.gaveanews.com\/#\/schema\/person\/0277a79a1289c451c281ec0411d84f0c","name":"Andr\u00e9 Serra","image":{"@type":"ImageObject","inLanguage":"pt-BR","@id":"https:\/\/www.gaveanews.com\/#\/schema\/person\/image\/","url":"https:\/\/secure.gravatar.com\/avatar\/d7231369fe48db93292b3e88eb2162dbd9a34a47a8437d9ef3bcaca2a86a83d7?s=96&d=mm&r=g","contentUrl":"https:\/\/secure.gravatar.com\/avatar\/d7231369fe48db93292b3e88eb2162dbd9a34a47a8437d9ef3bcaca2a86a83d7?s=96&d=mm&r=g","caption":"Andr\u00e9 Serra"}}]}},"_links":{"self":[{"href":"https:\/\/www.gaveanews.com\/index.php\/wp-json\/wp\/v2\/posts\/212589","targetHints":{"allow":["GET"]}}],"collection":[{"href":"https:\/\/www.gaveanews.com\/index.php\/wp-json\/wp\/v2\/posts"}],"about":[{"href":"https:\/\/www.gaveanews.com\/index.php\/wp-json\/wp\/v2\/types\/post"}],"author":[{"embeddable":true,"href":"https:\/\/www.gaveanews.com\/index.php\/wp-json\/wp\/v2\/users\/21"}],"replies":[{"embeddable":true,"href":"https:\/\/www.gaveanews.com\/index.php\/wp-json\/wp\/v2\/comments?post=212589"}],"version-history":[{"count":1,"href":"https:\/\/www.gaveanews.com\/index.php\/wp-json\/wp\/v2\/posts\/212589\/revisions"}],"predecessor-version":[{"id":212599,"href":"https:\/\/www.gaveanews.com\/index.php\/wp-json\/wp\/v2\/posts\/212589\/revisions\/212599"}],"wp:featuredmedia":[{"embeddable":true,"href":"https:\/\/www.gaveanews.com\/index.php\/wp-json\/wp\/v2\/media\/153999"}],"wp:attachment":[{"href":"https:\/\/www.gaveanews.com\/index.php\/wp-json\/wp\/v2\/media?parent=212589"}],"wp:term":[{"taxonomy":"category","embeddable":true,"href":"https:\/\/www.gaveanews.com\/index.php\/wp-json\/wp\/v2\/categories?post=212589"},{"taxonomy":"post_tag","embeddable":true,"href":"https:\/\/www.gaveanews.com\/index.php\/wp-json\/wp\/v2\/tags?post=212589"}],"curies":[{"name":"wp","href":"https:\/\/api.w.org\/{rel}","templated":true}]}}