{"id":212700,"date":"2025-01-15T06:00:00","date_gmt":"2025-01-15T09:00:00","guid":{"rendered":"https:\/\/www.gaveanews.com\/?p=212700"},"modified":"2025-06-08T00:55:16","modified_gmt":"2025-06-08T03:55:16","slug":"contratacao-de-matheus-cunha-declaracao-de-bruno-cantarelli-e-mercado-da-bola-as-ultimas-noticias-do-flamengo","status":"publish","type":"post","link":"https:\/\/www.gaveanews.com\/index.php\/2025\/01\/15\/contratacao-de-matheus-cunha-declaracao-de-bruno-cantarelli-e-mercado-da-bola-as-ultimas-noticias-do-flamengo\/","title":{"rendered":"Contrata\u00e7\u00e3o de Matheus Cunha, declara\u00e7\u00e3o de Bruno Cantarelli e mercado da bola: as \u00faltimas not\u00edcias do Flamengo"},"content":{"rendered":"\n<p>Nas \u00faltimas horas, o foco das not\u00edcias sobre o Flamengo se concentram nos bastidores do clube, com destaques do dia a dia do time.<\/p>\n\n\n\n<p>Por conta deste contexto, leia abaixo um resumo preparado pela equipe do portal G\u00e1vea News para lhe manter muito bem informado!<\/p>\n\n\n\n<h2 class=\"wp-block-heading\" id=\"h-mercado-da-bola\">Mercado da bola<\/h2>\n\n\n\n<p>O Flamengo segue ativo no mercado de transfer\u00eancias e fez uma nova proposta ao Qarabag, do Azerbaij\u00e3o, para contratar o atacante Juninho. Ap\u00f3s ter uma oferta inicial de 4 milh\u00f5es de euros (cerca de R$ 27 milh\u00f5es) recusada, o clube carioca aumentou o valor para 5 milh\u00f5es de euros (aproximadamente R$ 31 milh\u00f5es). A diretoria rubro-negra est\u00e1 otimista quanto ao desfecho positivo das negocia\u00e7\u00f5es, e o fato de Juninho n\u00e3o ter sido relacionado para um amistoso do Qarabag refor\u00e7a a possibilidade de sua sa\u00edda <strong><a href=\"https:\/\/www.gaveanews.com\/index.php\/2025\/01\/10\/flamengo-faz-nova-oferta-para-contratar-reforco\/\">(leia a mat\u00e9ria completa).<\/a><\/strong><\/p>\n\n\n\n<figure class=\"wp-block-image size-large\"><img loading=\"lazy\" decoding=\"async\" width=\"1024\" height=\"576\" src=\"https:\/\/www.gaveanews.com\/wp-content\/uploads\/Juninho-1024x576.webp\" alt=\"Juninho, atacante do Qarabag\" class=\"wp-image-207136\" srcset=\"https:\/\/www.gaveanews.com\/wp-content\/uploads\/Juninho-1024x576.webp 1024w, https:\/\/www.gaveanews.com\/wp-content\/uploads\/Juninho-300x169.webp 300w, https:\/\/www.gaveanews.com\/wp-content\/uploads\/Juninho-768x432.webp 768w, https:\/\/www.gaveanews.com\/wp-content\/uploads\/Juninho-746x420.webp 746w, https:\/\/www.gaveanews.com\/wp-content\/uploads\/Juninho-640x360.webp 640w, https:\/\/www.gaveanews.com\/wp-content\/uploads\/Juninho-681x383.webp 681w, https:\/\/www.gaveanews.com\/wp-content\/uploads\/Juninho-100x56.webp 100w, https:\/\/www.gaveanews.com\/wp-content\/uploads\/Juninho.webp 1073w\" sizes=\"auto, (max-width: 1024px) 100vw, 1024px\" \/><figcaption class=\"wp-element-caption\">Juninho, atacante do Qarabag (Foto: Divulga\u00e7\u00e3o\/Qarabag)<\/figcaption><\/figure>\n\n\n\n<p>O atacante, de 28 anos, rejeitou uma proposta do Sevilla, da Espanha, ap\u00f3s se encantar com o projeto apresentado pelo Flamengo e pelo t\u00e9cnico Filipe Lu\u00eds. <\/p>\n\n\n\n<p>Ele j\u00e1 est\u00e1 apalavrado com o clube carioca para assinar um contrato de tr\u00eas anos, aguardando apenas a resposta final do Qarabag para que a transfer\u00eancia seja oficializada. Juninho \u00e9 visto como um refor\u00e7o estrat\u00e9gico, especialmente por sua versatilidade, podendo atuar como centroavante ou pelas pontas.<\/p>\n\n\n\n<p>Com a prov\u00e1vel chegada de Juninho, o Flamengo busca fortalecer ainda mais seu ataque, que j\u00e1 conta com nomes como Pedro. A versatilidade do jogador oferece maior flexibilidade t\u00e1tica ao time, trazendo novas op\u00e7\u00f5es para o setor ofensivo. A expectativa da torcida \u00e9 alta, pois o refor\u00e7o promete aumentar a competitividade e a qualidade do elenco para a temporada.<\/p>\n\n\n\n<h2 class=\"wp-block-heading\" id=\"h-declaracao-de-bruno-cantarelli\">Declara\u00e7\u00e3o de Bruno Cantarelli<\/h2>\n\n\n\n<p>Filipe Lu\u00eds, \u00eddolo do Flamengo, vive uma nova etapa como t\u00e9cnico do clube, ap\u00f3s assumir o comando em outubro de 2024 e conquistar a Copa do Brasil. O narrador Bruno Cantarelli, do Premiere e da R\u00e1dio Transam\u00e9rica, teceu elogios ao desempenho inicial do treinador, destacando sua capacidade estrat\u00e9gica, especialmente na vit\u00f3ria sobre o Corinthians. Cantarelli afirmou que Filipe Lu\u00eds tem potencial para se tornar um dos maiores t\u00e9cnicos brasileiros, inclusive com proje\u00e7\u00e3o internacional, algo raro no cen\u00e1rio atual do futebol <strong><a href=\"https:\/\/www.gaveanews.com\/index.php\/2025\/01\/10\/a-declaracao-de-bruno-cantarelli-direcionada-a-filipe-luis-do-flamengo\/\">(leia a mat\u00e9ria completa).<\/a><\/strong><\/p>\n\n\n\n<figure class=\"wp-block-image size-full\"><img loading=\"lazy\" decoding=\"async\" width=\"742\" height=\"493\" src=\"https:\/\/www.gaveanews.com\/wp-content\/uploads\/Filipe-Luis-durante-jogo-entre-Flamengo-e-Corinthians-pela-semifinal-da-Copa-do-Brasil-no-Maracana.webp\" alt=\"\" class=\"wp-image-171103\" srcset=\"https:\/\/www.gaveanews.com\/wp-content\/uploads\/Filipe-Luis-durante-jogo-entre-Flamengo-e-Corinthians-pela-semifinal-da-Copa-do-Brasil-no-Maracana.webp 742w, https:\/\/www.gaveanews.com\/wp-content\/uploads\/Filipe-Luis-durante-jogo-entre-Flamengo-e-Corinthians-pela-semifinal-da-Copa-do-Brasil-no-Maracana-300x199.webp 300w, https:\/\/www.gaveanews.com\/wp-content\/uploads\/Filipe-Luis-durante-jogo-entre-Flamengo-e-Corinthians-pela-semifinal-da-Copa-do-Brasil-no-Maracana-632x420.webp 632w, https:\/\/www.gaveanews.com\/wp-content\/uploads\/Filipe-Luis-durante-jogo-entre-Flamengo-e-Corinthians-pela-semifinal-da-Copa-do-Brasil-no-Maracana-640x425.webp 640w, https:\/\/www.gaveanews.com\/wp-content\/uploads\/Filipe-Luis-durante-jogo-entre-Flamengo-e-Corinthians-pela-semifinal-da-Copa-do-Brasil-no-Maracana-681x452.webp 681w, https:\/\/www.gaveanews.com\/wp-content\/uploads\/Filipe-Luis-durante-jogo-entre-Flamengo-e-Corinthians-pela-semifinal-da-Copa-do-Brasil-no-Maracana-100x66.webp 100w\" sizes=\"auto, (max-width: 742px) 100vw, 742px\" \/><figcaption class=\"wp-element-caption\">Filipe Lu\u00eds durante jogo entre Flamengo e Corinthians, pela semifinal da Copa do Brasil, no Maracan\u00e3 (Foto: Gilvan de Souza\/Flamengo)<\/figcaption><\/figure>\n\n\n\n<p>Apesar do in\u00edcio promissor, Filipe Lu\u00eds enfrentar\u00e1 um grande desafio pela frente: planejar e montar a temporada 2025 do Flamengo. Ser\u00e1 sua primeira oportunidade de indicar refor\u00e7os, estruturar o elenco e definir estrat\u00e9gias para toda uma campanha. Segundo Cantarelli, este ser\u00e1 um teste crucial para que o ex-lateral se firme como treinador e mostre sua habilidade em gerir o time sob press\u00e3o e expectativas elevadas.<\/p>\n\n\n\n<p>Com o apoio da diretoria e da torcida, Filipe Lu\u00eds tem a chance de solidificar sua posi\u00e7\u00e3o no comando t\u00e9cnico do Flamengo e construir uma nova fase de sucesso para o clube. Sua experi\u00eancia como jogador e sua vis\u00e3o t\u00e1tica j\u00e1 s\u00e3o reconhecidas, e os pr\u00f3ximos meses ser\u00e3o determinantes para definir seu futuro como t\u00e9cnico e sua relev\u00e2ncia no futebol brasileiro e internacional.<\/p>\n\n\n\n<h2 class=\"wp-block-heading\" id=\"h-contratacao-de-matheus-cunha\">Contrata\u00e7\u00e3o de Matheus Cunha<\/h2>\n\n\n\n<p>O Bahia decidiu recuar na negocia\u00e7\u00e3o por Matheus Cunha, goleiro do Flamengo, e agora mira a contrata\u00e7\u00e3o de L\u00e9o Jardim, do Vasco. A mudan\u00e7a ocorreu ap\u00f3s solicita\u00e7\u00e3o do t\u00e9cnico Rog\u00e9rio Ceni, que busca um refor\u00e7o para a posi\u00e7\u00e3o. Apesar da oferta de 7 milh\u00f5es de euros (cerca de R$ 44 milh\u00f5es), o Vasco n\u00e3o tem interesse em liberar o jogador, que \u00e9 titular e considerado pe\u00e7a importante para a equipe nesta temporada.<\/p>\n\n\n\n<figure class=\"wp-block-image size-full\"><img loading=\"lazy\" decoding=\"async\" width=\"640\" height=\"401\" src=\"https:\/\/www.gaveanews.com\/wp-content\/uploads\/matheus-cunha-goleiro-flamengo.webp\" alt=\"\" class=\"wp-image-94692\" srcset=\"https:\/\/www.gaveanews.com\/wp-content\/uploads\/matheus-cunha-goleiro-flamengo.webp 640w, https:\/\/www.gaveanews.com\/wp-content\/uploads\/matheus-cunha-goleiro-flamengo-300x188.webp 300w, https:\/\/www.gaveanews.com\/wp-content\/uploads\/matheus-cunha-goleiro-flamengo-100x63.webp 100w\" sizes=\"auto, (max-width: 640px) 100vw, 640px\" \/><figcaption class=\"wp-element-caption\">Matheus Cunha em a\u00e7\u00e3o pelo Flamengo (Foto: Marcelo Cortes\/Flamengo)<\/figcaption><\/figure>\n\n\n\n<p>L\u00e9o Jardim, cujo contrato com o Vasco termina em dezembro deste ano, poderia sair de gra\u00e7a em 2026 ou at\u00e9 assinar um pr\u00e9-contrato a partir da metade da temporada. No entanto, o clube carioca j\u00e1 estuda uma renova\u00e7\u00e3o para garantir a perman\u00eancia do goleiro, que tem potencial para se tornar um \u00eddolo vasca\u00edno. Antes de L\u00e9o Jardim, o Bahia tamb\u00e9m tentou a contrata\u00e7\u00e3o de \u00c9verson, do Atl\u00e9tico Mineiro, e chegou a consultar Matheus Cunha, mas sem sucesso.<\/p>\n\n\n\n<p>Enquanto define seu refor\u00e7o para o gol, o Bahia se prepara para sua estreia no Campeonato Baiano, enfrentando a Jacuipense. Em 2024, o time comandado por Rog\u00e9rio Ceni foi vice-campe\u00e3o estadual, perdendo a final para o Vit\u00f3ria. Apesar disso, o Bahia segue como o maior vencedor do campeonato, com 50 t\u00edtulos, refor\u00e7ando sua domin\u00e2ncia no futebol baiano.<\/p>\n","protected":false},"excerpt":{"rendered":"<p>Nas \u00faltimas horas, o foco das not\u00edcias sobre o Flamengo se concentram nos bastidores do clube, com destaques do dia a dia do time. Por conta deste contexto, leia abaixo um resumo preparado pela equipe do portal G\u00e1vea News para lhe manter muito bem informado! Mercado da bola O Flamengo segue ativo no mercado de [&hellip;]<\/p>\n","protected":false},"author":27,"featured_media":124684,"comment_status":"open","ping_status":"closed","sticky":false,"template":"","format":"standard","meta":{"footnotes":""},"categories":[1],"tags":[],"class_list":["post-212700","post","type-post","status-publish","format-standard","has-post-thumbnail","hentry","category-flamengo"],"yoast_head":"<!-- This site is optimized with the Yoast SEO Premium plugin v24.2 (Yoast SEO v26.9) - https:\/\/yoast.com\/product\/yoast-seo-premium-wordpress\/ -->\n<title>Contrata\u00e7\u00e3o de Matheus Cunha, declara\u00e7\u00e3o de Bruno Cantarelli e mercado da bola: as \u00faltimas not\u00edcias do Flamengo<\/title>\n<meta name=\"robots\" content=\"index, follow, max-snippet:-1, max-image-preview:large, max-video-preview:-1\" \/>\n<link rel=\"canonical\" href=\"https:\/\/www.gaveanews.com\/index.php\/2025\/01\/15\/contratacao-de-matheus-cunha-declaracao-de-bruno-cantarelli-e-mercado-da-bola-as-ultimas-noticias-do-flamengo\/\" \/>\n<meta property=\"og:locale\" content=\"pt_BR\" \/>\n<meta property=\"og:type\" content=\"article\" \/>\n<meta property=\"og:title\" content=\"Contrata\u00e7\u00e3o de Matheus Cunha, declara\u00e7\u00e3o de Bruno Cantarelli e mercado da bola: as \u00faltimas not\u00edcias do Flamengo\" \/>\n<meta property=\"og:description\" content=\"Nas \u00faltimas horas, o foco das not\u00edcias sobre o Flamengo se concentram nos bastidores do clube, com destaques do dia a dia do time. Por conta deste contexto, leia abaixo um resumo preparado pela equipe do portal G\u00e1vea News para lhe manter muito bem informado! Mercado da bola O Flamengo segue ativo no mercado de [&hellip;]\" \/>\n<meta property=\"og:url\" content=\"https:\/\/www.gaveanews.com\/index.php\/2025\/01\/15\/contratacao-de-matheus-cunha-declaracao-de-bruno-cantarelli-e-mercado-da-bola-as-ultimas-noticias-do-flamengo\/\" \/>\n<meta property=\"og:site_name\" content=\"G\u00e1vea News\" \/>\n<meta property=\"article:publisher\" content=\"https:\/\/facebook.com\/gaveaNews\/\" \/>\n<meta property=\"article:published_time\" content=\"2025-01-15T09:00:00+00:00\" \/>\n<meta property=\"article:modified_time\" content=\"2025-06-08T03:55:16+00:00\" \/>\n<meta property=\"og:image\" content=\"http:\/\/www.gaveanews.com\/wp-content\/uploads\/escudoDoFlamengo.webp\" \/>\n\t<meta property=\"og:image:width\" content=\"1095\" \/>\n\t<meta property=\"og:image:height\" content=\"730\" \/>\n\t<meta property=\"og:image:type\" content=\"image\/webp\" \/>\n<meta name=\"author\" content=\"Matheus Felipe\" \/>\n<meta name=\"twitter:card\" content=\"summary_large_image\" \/>\n<meta name=\"twitter:label1\" content=\"Escrito por\" \/>\n\t<meta name=\"twitter:data1\" content=\"Matheus Felipe\" \/>\n\t<meta name=\"twitter:label2\" content=\"Est. tempo de leitura\" \/>\n\t<meta name=\"twitter:data2\" content=\"5 minutos\" \/>\n<script type=\"application\/ld+json\" class=\"yoast-schema-graph\">{\"@context\":\"https:\/\/schema.org\",\"@graph\":[{\"@type\":\"NewsArticle\",\"@id\":\"https:\/\/www.gaveanews.com\/index.php\/2025\/01\/15\/contratacao-de-matheus-cunha-declaracao-de-bruno-cantarelli-e-mercado-da-bola-as-ultimas-noticias-do-flamengo\/#article\",\"isPartOf\":{\"@id\":\"https:\/\/www.gaveanews.com\/index.php\/2025\/01\/15\/contratacao-de-matheus-cunha-declaracao-de-bruno-cantarelli-e-mercado-da-bola-as-ultimas-noticias-do-flamengo\/\"},\"author\":{\"name\":\"Matheus Felipe\",\"@id\":\"https:\/\/www.gaveanews.com\/#\/schema\/person\/8207cd4627f56151707418bfc835b2fb\"},\"headline\":\"Contrata\u00e7\u00e3o de Matheus Cunha, declara\u00e7\u00e3o de Bruno Cantarelli e mercado da bola: as \u00faltimas not\u00edcias do Flamengo\",\"datePublished\":\"2025-01-15T09:00:00+00:00\",\"dateModified\":\"2025-06-08T03:55:16+00:00\",\"mainEntityOfPage\":{\"@id\":\"https:\/\/www.gaveanews.com\/index.php\/2025\/01\/15\/contratacao-de-matheus-cunha-declaracao-de-bruno-cantarelli-e-mercado-da-bola-as-ultimas-noticias-do-flamengo\/\"},\"wordCount\":825,\"commentCount\":0,\"image\":{\"@id\":\"https:\/\/www.gaveanews.com\/index.php\/2025\/01\/15\/contratacao-de-matheus-cunha-declaracao-de-bruno-cantarelli-e-mercado-da-bola-as-ultimas-noticias-do-flamengo\/#primaryimage\"},\"thumbnailUrl\":\"https:\/\/www.gaveanews.com\/wp-content\/uploads\/escudoDoFlamengo.webp\",\"articleSection\":[\"Flamengo\"],\"inLanguage\":\"pt-BR\",\"potentialAction\":[{\"@type\":\"CommentAction\",\"name\":\"Comment\",\"target\":[\"https:\/\/www.gaveanews.com\/index.php\/2025\/01\/15\/contratacao-de-matheus-cunha-declaracao-de-bruno-cantarelli-e-mercado-da-bola-as-ultimas-noticias-do-flamengo\/#respond\"]}],\"copyrightYear\":\"2025\",\"copyrightHolder\":{\"@id\":\"https:\/\/www.gaveanews.com\/#organization\"}},{\"@type\":\"WebPage\",\"@id\":\"https:\/\/www.gaveanews.com\/index.php\/2025\/01\/15\/contratacao-de-matheus-cunha-declaracao-de-bruno-cantarelli-e-mercado-da-bola-as-ultimas-noticias-do-flamengo\/\",\"url\":\"https:\/\/www.gaveanews.com\/index.php\/2025\/01\/15\/contratacao-de-matheus-cunha-declaracao-de-bruno-cantarelli-e-mercado-da-bola-as-ultimas-noticias-do-flamengo\/\",\"name\":\"Contrata\u00e7\u00e3o de Matheus Cunha, declara\u00e7\u00e3o de Bruno Cantarelli e mercado da bola: as \u00faltimas not\u00edcias do Flamengo\",\"isPartOf\":{\"@id\":\"https:\/\/www.gaveanews.com\/#website\"},\"primaryImageOfPage\":{\"@id\":\"https:\/\/www.gaveanews.com\/index.php\/2025\/01\/15\/contratacao-de-matheus-cunha-declaracao-de-bruno-cantarelli-e-mercado-da-bola-as-ultimas-noticias-do-flamengo\/#primaryimage\"},\"image\":{\"@id\":\"https:\/\/www.gaveanews.com\/index.php\/2025\/01\/15\/contratacao-de-matheus-cunha-declaracao-de-bruno-cantarelli-e-mercado-da-bola-as-ultimas-noticias-do-flamengo\/#primaryimage\"},\"thumbnailUrl\":\"https:\/\/www.gaveanews.com\/wp-content\/uploads\/escudoDoFlamengo.webp\",\"datePublished\":\"2025-01-15T09:00:00+00:00\",\"dateModified\":\"2025-06-08T03:55:16+00:00\",\"author\":{\"@id\":\"https:\/\/www.gaveanews.com\/#\/schema\/person\/8207cd4627f56151707418bfc835b2fb\"},\"breadcrumb\":{\"@id\":\"https:\/\/www.gaveanews.com\/index.php\/2025\/01\/15\/contratacao-de-matheus-cunha-declaracao-de-bruno-cantarelli-e-mercado-da-bola-as-ultimas-noticias-do-flamengo\/#breadcrumb\"},\"inLanguage\":\"pt-BR\",\"potentialAction\":[{\"@type\":\"ReadAction\",\"target\":[\"https:\/\/www.gaveanews.com\/index.php\/2025\/01\/15\/contratacao-de-matheus-cunha-declaracao-de-bruno-cantarelli-e-mercado-da-bola-as-ultimas-noticias-do-flamengo\/\"]}]},{\"@type\":\"ImageObject\",\"inLanguage\":\"pt-BR\",\"@id\":\"https:\/\/www.gaveanews.com\/index.php\/2025\/01\/15\/contratacao-de-matheus-cunha-declaracao-de-bruno-cantarelli-e-mercado-da-bola-as-ultimas-noticias-do-flamengo\/#primaryimage\",\"url\":\"https:\/\/www.gaveanews.com\/wp-content\/uploads\/escudoDoFlamengo.webp\",\"contentUrl\":\"https:\/\/www.gaveanews.com\/wp-content\/uploads\/escudoDoFlamengo.webp\",\"width\":1095,\"height\":730,\"caption\":\"Centro de treinamento do Flamengo (Foto: Reprodu\u00e7\u00e3o)\"},{\"@type\":\"BreadcrumbList\",\"@id\":\"https:\/\/www.gaveanews.com\/index.php\/2025\/01\/15\/contratacao-de-matheus-cunha-declaracao-de-bruno-cantarelli-e-mercado-da-bola-as-ultimas-noticias-do-flamengo\/#breadcrumb\",\"itemListElement\":[{\"@type\":\"ListItem\",\"position\":1,\"name\":\"Home\",\"item\":\"https:\/\/www.gaveanews.com\/\"},{\"@type\":\"ListItem\",\"position\":2,\"name\":\"Contrata\u00e7\u00e3o de Matheus Cunha, declara\u00e7\u00e3o de Bruno Cantarelli e mercado da bola: as \u00faltimas not\u00edcias do Flamengo\"}]},{\"@type\":\"WebSite\",\"@id\":\"https:\/\/www.gaveanews.com\/#website\",\"url\":\"https:\/\/www.gaveanews.com\/\",\"name\":\"G\u00e1vea News\",\"description\":\"Veja todas as not\u00edcias sobre o Flamengo: Contrata\u00e7\u00f5es, categorias de base, resultados das partidas, tabela de classifica\u00e7\u00e3o, pr\u00f3ximos jogos!\",\"potentialAction\":[{\"@type\":\"SearchAction\",\"target\":{\"@type\":\"EntryPoint\",\"urlTemplate\":\"https:\/\/www.gaveanews.com\/?s={search_term_string}\"},\"query-input\":{\"@type\":\"PropertyValueSpecification\",\"valueRequired\":true,\"valueName\":\"search_term_string\"}}],\"inLanguage\":\"pt-BR\"},{\"@type\":\"Person\",\"@id\":\"https:\/\/www.gaveanews.com\/#\/schema\/person\/8207cd4627f56151707418bfc835b2fb\",\"name\":\"Matheus Felipe\",\"image\":{\"@type\":\"ImageObject\",\"inLanguage\":\"pt-BR\",\"@id\":\"https:\/\/www.gaveanews.com\/#\/schema\/person\/image\/\",\"url\":\"https:\/\/secure.gravatar.com\/avatar\/a452ffbed9130f726358b298bb3a99ce4bd3c5338411f8440e87e14d74c7c087?s=96&d=mm&r=g\",\"contentUrl\":\"https:\/\/secure.gravatar.com\/avatar\/a452ffbed9130f726358b298bb3a99ce4bd3c5338411f8440e87e14d74c7c087?s=96&d=mm&r=g\",\"caption\":\"Matheus Felipe\"}}]}<\/script>\n<!-- \/ Yoast SEO Premium plugin. -->","yoast_head_json":{"title":"Contrata\u00e7\u00e3o de Matheus Cunha, declara\u00e7\u00e3o de Bruno Cantarelli e mercado da bola: as \u00faltimas not\u00edcias do Flamengo","robots":{"index":"index","follow":"follow","max-snippet":"max-snippet:-1","max-image-preview":"max-image-preview:large","max-video-preview":"max-video-preview:-1"},"canonical":"https:\/\/www.gaveanews.com\/index.php\/2025\/01\/15\/contratacao-de-matheus-cunha-declaracao-de-bruno-cantarelli-e-mercado-da-bola-as-ultimas-noticias-do-flamengo\/","og_locale":"pt_BR","og_type":"article","og_title":"Contrata\u00e7\u00e3o de Matheus Cunha, declara\u00e7\u00e3o de Bruno Cantarelli e mercado da bola: as \u00faltimas not\u00edcias do Flamengo","og_description":"Nas \u00faltimas horas, o foco das not\u00edcias sobre o Flamengo se concentram nos bastidores do clube, com destaques do dia a dia do time. Por conta deste contexto, leia abaixo um resumo preparado pela equipe do portal G\u00e1vea News para lhe manter muito bem informado! Mercado da bola O Flamengo segue ativo no mercado de [&hellip;]","og_url":"https:\/\/www.gaveanews.com\/index.php\/2025\/01\/15\/contratacao-de-matheus-cunha-declaracao-de-bruno-cantarelli-e-mercado-da-bola-as-ultimas-noticias-do-flamengo\/","og_site_name":"G\u00e1vea News","article_publisher":"https:\/\/facebook.com\/gaveaNews\/","article_published_time":"2025-01-15T09:00:00+00:00","article_modified_time":"2025-06-08T03:55:16+00:00","og_image":[{"width":1095,"height":730,"url":"http:\/\/www.gaveanews.com\/wp-content\/uploads\/escudoDoFlamengo.webp","type":"image\/webp"}],"author":"Matheus Felipe","twitter_card":"summary_large_image","twitter_misc":{"Escrito por":"Matheus Felipe","Est. tempo de leitura":"5 minutos"},"schema":{"@context":"https:\/\/schema.org","@graph":[{"@type":"NewsArticle","@id":"https:\/\/www.gaveanews.com\/index.php\/2025\/01\/15\/contratacao-de-matheus-cunha-declaracao-de-bruno-cantarelli-e-mercado-da-bola-as-ultimas-noticias-do-flamengo\/#article","isPartOf":{"@id":"https:\/\/www.gaveanews.com\/index.php\/2025\/01\/15\/contratacao-de-matheus-cunha-declaracao-de-bruno-cantarelli-e-mercado-da-bola-as-ultimas-noticias-do-flamengo\/"},"author":{"name":"Matheus Felipe","@id":"https:\/\/www.gaveanews.com\/#\/schema\/person\/8207cd4627f56151707418bfc835b2fb"},"headline":"Contrata\u00e7\u00e3o de Matheus Cunha, declara\u00e7\u00e3o de Bruno Cantarelli e mercado da bola: as \u00faltimas not\u00edcias do Flamengo","datePublished":"2025-01-15T09:00:00+00:00","dateModified":"2025-06-08T03:55:16+00:00","mainEntityOfPage":{"@id":"https:\/\/www.gaveanews.com\/index.php\/2025\/01\/15\/contratacao-de-matheus-cunha-declaracao-de-bruno-cantarelli-e-mercado-da-bola-as-ultimas-noticias-do-flamengo\/"},"wordCount":825,"commentCount":0,"image":{"@id":"https:\/\/www.gaveanews.com\/index.php\/2025\/01\/15\/contratacao-de-matheus-cunha-declaracao-de-bruno-cantarelli-e-mercado-da-bola-as-ultimas-noticias-do-flamengo\/#primaryimage"},"thumbnailUrl":"https:\/\/www.gaveanews.com\/wp-content\/uploads\/escudoDoFlamengo.webp","articleSection":["Flamengo"],"inLanguage":"pt-BR","potentialAction":[{"@type":"CommentAction","name":"Comment","target":["https:\/\/www.gaveanews.com\/index.php\/2025\/01\/15\/contratacao-de-matheus-cunha-declaracao-de-bruno-cantarelli-e-mercado-da-bola-as-ultimas-noticias-do-flamengo\/#respond"]}],"copyrightYear":"2025","copyrightHolder":{"@id":"https:\/\/www.gaveanews.com\/#organization"}},{"@type":"WebPage","@id":"https:\/\/www.gaveanews.com\/index.php\/2025\/01\/15\/contratacao-de-matheus-cunha-declaracao-de-bruno-cantarelli-e-mercado-da-bola-as-ultimas-noticias-do-flamengo\/","url":"https:\/\/www.gaveanews.com\/index.php\/2025\/01\/15\/contratacao-de-matheus-cunha-declaracao-de-bruno-cantarelli-e-mercado-da-bola-as-ultimas-noticias-do-flamengo\/","name":"Contrata\u00e7\u00e3o de Matheus Cunha, declara\u00e7\u00e3o de Bruno Cantarelli e mercado da bola: as \u00faltimas not\u00edcias do Flamengo","isPartOf":{"@id":"https:\/\/www.gaveanews.com\/#website"},"primaryImageOfPage":{"@id":"https:\/\/www.gaveanews.com\/index.php\/2025\/01\/15\/contratacao-de-matheus-cunha-declaracao-de-bruno-cantarelli-e-mercado-da-bola-as-ultimas-noticias-do-flamengo\/#primaryimage"},"image":{"@id":"https:\/\/www.gaveanews.com\/index.php\/2025\/01\/15\/contratacao-de-matheus-cunha-declaracao-de-bruno-cantarelli-e-mercado-da-bola-as-ultimas-noticias-do-flamengo\/#primaryimage"},"thumbnailUrl":"https:\/\/www.gaveanews.com\/wp-content\/uploads\/escudoDoFlamengo.webp","datePublished":"2025-01-15T09:00:00+00:00","dateModified":"2025-06-08T03:55:16+00:00","author":{"@id":"https:\/\/www.gaveanews.com\/#\/schema\/person\/8207cd4627f56151707418bfc835b2fb"},"breadcrumb":{"@id":"https:\/\/www.gaveanews.com\/index.php\/2025\/01\/15\/contratacao-de-matheus-cunha-declaracao-de-bruno-cantarelli-e-mercado-da-bola-as-ultimas-noticias-do-flamengo\/#breadcrumb"},"inLanguage":"pt-BR","potentialAction":[{"@type":"ReadAction","target":["https:\/\/www.gaveanews.com\/index.php\/2025\/01\/15\/contratacao-de-matheus-cunha-declaracao-de-bruno-cantarelli-e-mercado-da-bola-as-ultimas-noticias-do-flamengo\/"]}]},{"@type":"ImageObject","inLanguage":"pt-BR","@id":"https:\/\/www.gaveanews.com\/index.php\/2025\/01\/15\/contratacao-de-matheus-cunha-declaracao-de-bruno-cantarelli-e-mercado-da-bola-as-ultimas-noticias-do-flamengo\/#primaryimage","url":"https:\/\/www.gaveanews.com\/wp-content\/uploads\/escudoDoFlamengo.webp","contentUrl":"https:\/\/www.gaveanews.com\/wp-content\/uploads\/escudoDoFlamengo.webp","width":1095,"height":730,"caption":"Centro de treinamento do Flamengo (Foto: Reprodu\u00e7\u00e3o)"},{"@type":"BreadcrumbList","@id":"https:\/\/www.gaveanews.com\/index.php\/2025\/01\/15\/contratacao-de-matheus-cunha-declaracao-de-bruno-cantarelli-e-mercado-da-bola-as-ultimas-noticias-do-flamengo\/#breadcrumb","itemListElement":[{"@type":"ListItem","position":1,"name":"Home","item":"https:\/\/www.gaveanews.com\/"},{"@type":"ListItem","position":2,"name":"Contrata\u00e7\u00e3o de Matheus Cunha, declara\u00e7\u00e3o de Bruno Cantarelli e mercado da bola: as \u00faltimas not\u00edcias do Flamengo"}]},{"@type":"WebSite","@id":"https:\/\/www.gaveanews.com\/#website","url":"https:\/\/www.gaveanews.com\/","name":"G\u00e1vea News","description":"Veja todas as not\u00edcias sobre o Flamengo: Contrata\u00e7\u00f5es, categorias de base, resultados das partidas, tabela de classifica\u00e7\u00e3o, pr\u00f3ximos jogos!","potentialAction":[{"@type":"SearchAction","target":{"@type":"EntryPoint","urlTemplate":"https:\/\/www.gaveanews.com\/?s={search_term_string}"},"query-input":{"@type":"PropertyValueSpecification","valueRequired":true,"valueName":"search_term_string"}}],"inLanguage":"pt-BR"},{"@type":"Person","@id":"https:\/\/www.gaveanews.com\/#\/schema\/person\/8207cd4627f56151707418bfc835b2fb","name":"Matheus Felipe","image":{"@type":"ImageObject","inLanguage":"pt-BR","@id":"https:\/\/www.gaveanews.com\/#\/schema\/person\/image\/","url":"https:\/\/secure.gravatar.com\/avatar\/a452ffbed9130f726358b298bb3a99ce4bd3c5338411f8440e87e14d74c7c087?s=96&d=mm&r=g","contentUrl":"https:\/\/secure.gravatar.com\/avatar\/a452ffbed9130f726358b298bb3a99ce4bd3c5338411f8440e87e14d74c7c087?s=96&d=mm&r=g","caption":"Matheus Felipe"}}]}},"_links":{"self":[{"href":"https:\/\/www.gaveanews.com\/index.php\/wp-json\/wp\/v2\/posts\/212700","targetHints":{"allow":["GET"]}}],"collection":[{"href":"https:\/\/www.gaveanews.com\/index.php\/wp-json\/wp\/v2\/posts"}],"about":[{"href":"https:\/\/www.gaveanews.com\/index.php\/wp-json\/wp\/v2\/types\/post"}],"author":[{"embeddable":true,"href":"https:\/\/www.gaveanews.com\/index.php\/wp-json\/wp\/v2\/users\/27"}],"replies":[{"embeddable":true,"href":"https:\/\/www.gaveanews.com\/index.php\/wp-json\/wp\/v2\/comments?post=212700"}],"version-history":[{"count":2,"href":"https:\/\/www.gaveanews.com\/index.php\/wp-json\/wp\/v2\/posts\/212700\/revisions"}],"predecessor-version":[{"id":270567,"href":"https:\/\/www.gaveanews.com\/index.php\/wp-json\/wp\/v2\/posts\/212700\/revisions\/270567"}],"wp:featuredmedia":[{"embeddable":true,"href":"https:\/\/www.gaveanews.com\/index.php\/wp-json\/wp\/v2\/media\/124684"}],"wp:attachment":[{"href":"https:\/\/www.gaveanews.com\/index.php\/wp-json\/wp\/v2\/media?parent=212700"}],"wp:term":[{"taxonomy":"category","embeddable":true,"href":"https:\/\/www.gaveanews.com\/index.php\/wp-json\/wp\/v2\/categories?post=212700"},{"taxonomy":"post_tag","embeddable":true,"href":"https:\/\/www.gaveanews.com\/index.php\/wp-json\/wp\/v2\/tags?post=212700"}],"curies":[{"name":"wp","href":"https:\/\/api.w.org\/{rel}","templated":true}]}}