{"id":212711,"date":"2025-01-15T07:30:00","date_gmt":"2025-01-15T10:30:00","guid":{"rendered":"https:\/\/www.gaveanews.com\/?p=212711"},"modified":"2025-01-15T00:28:04","modified_gmt":"2025-01-15T03:28:04","slug":"flamengo-projeta-mudanca-na-camisa-para-supercopa-do-brasil","status":"publish","type":"post","link":"https:\/\/www.gaveanews.com\/index.php\/2025\/01\/15\/flamengo-projeta-mudanca-na-camisa-para-supercopa-do-brasil\/","title":{"rendered":"Flamengo projeta mudan\u00e7a na camisa para Supercopa do Brasil"},"content":{"rendered":"\n<p>Os times ainda est\u00e3o focados nas suas respectivas pr\u00e9-temporadas, mas Flamengo e Botafogo j\u00e1 ligam os alertas para a primeira decis\u00e3o da temporada 2025: a Supercopa do Brasil. Para a partida \u00fanica, o Rubro-Negro prev\u00ea mudan\u00e7as no uniforme.<\/p>\n\n\n\n<ul class=\"wp-block-list\">\n<li><a href=\"https:\/\/www.gaveanews.com\/index.php\/2025\/01\/14\/flamengo-confirma-contratacao-de-meio-campista\/\">Flamengo confirma contrata\u00e7\u00e3o de meio-campista<\/a><\/li>\n\n\n\n<li><a href=\"https:\/\/www.gaveanews.com\/index.php\/2025\/01\/14\/flamengo-recebe-nova-proposta-da-europa-por-lorran\/\">Flamengo recebe nova proposta da Europa por Lorran<\/a><\/li>\n<\/ul>\n\n\n\n<p>A Pixbet \u00e9 a patrocinadora master do Flamengo, e vai pagar ao clube R$ 115 milh\u00f5es pelo contrato v\u00e1lido para a temporada 2025. Para a decis\u00e3o da Supercopa, no entanto, o Rubro-Negro visa uma altera\u00e7\u00e3o no uniforme, e negocia com a empresa de apostas esportivas.<\/p>\n\n\n\n<p>A ideia do Fla \u00e9 usar, na decis\u00e3o do torneio, a propaganda da FlaBet, casa de apostas do pr\u00f3prio clube, no lugar do patroc\u00ednio master, ocupado pela Pixbet. Vale ressaltar que a FlaBET tamb\u00e9m pertence \u00e0 Pixbet, e a medida, inclusive, foi adotada no jogo de despedida de Adriano Imperador. A informa\u00e7\u00e3o \u00e9 do Paparazzo Rubro-Negro.<\/p>\n\n\n\n<p>Al\u00e9m de negociar a mudan\u00e7a da exibi\u00e7\u00e3o do patrocinador master para a decis\u00e3o contra o Botafogo, o Flamengo tamb\u00e9m conversa com a Pixbet sobre a possibilidade de exibir a FlaBET nas costas do uniforme, no lugar que era ocupado pelo Mercado Livre, durante toda a disputa do Campeonato Carioca.<\/p>\n\n\n\n<p>Ainda conforme o ve\u00edculo, a ideia do clube \u00e9 divulgar a pr\u00f3pria marca enquanto n\u00e3o fecha com um novo patrocinador para o local. O mesmo era feito com a FlaTV+, que estampava as mangas do uniforme, enquanto o Fla n\u00e3o acertava com nenhuma empresa para ocupar o espa\u00e7o.<\/p>\n\n\n\n<h2 class=\"wp-block-heading\" id=\"h-o-contrato-entre-flamengo-e-pixbet\">O contrato entre Flamengo e Pixbet<\/h2>\n\n\n\n<p>No dia 23 de maio, o Conselho Deliberativo do Flamengo aprovou o maior patroc\u00ednio master da hist\u00f3ria do clube. O contrato com a Pixbet render\u00e1 aos cofres do clube R$ 105 milh\u00f5es j\u00e1 no primeiro ano, e o v\u00ednculo prev\u00ea aumento progressivo.<\/p>\n\n\n\n<p>O contrato foi assinado por quatro anos, at\u00e9 2027. Ao todo, o Fla pode receber R$ 470 milh\u00f5es em todo o tempo de v\u00ednculo. O acordo foi aprovado por 136 votos. Duas pessoas foram contr\u00e1rias.<\/p>\n\n\n\n<p>O contrato v\u00e1lido em 2024 era de R$ 85 milh\u00f5es por ano, e ainda na temporada passada teve altera\u00e7\u00f5es, subindo para R$ 105 milh\u00f5es. Neste ano, o valor \u00e9 de R$ 115 milh\u00f5es, caso a renova\u00e7\u00e3o autom\u00e1tica seja utilizada para 2026 e 2027, o montante sobe para R$ 125 milh\u00f5es.<\/p>\n\n\n\n<h2 class=\"wp-block-heading\" id=\"h-a-final-da-supercopa-do-brasil\">A final da Supercopa do Brasil<\/h2>\n\n\n\n<p>Flamengo e Botafogo v\u00e3o se enfrentar no dia 2 de fevereiro, no Est\u00e1dio Mangueir\u00e3o, em Bel\u00e9m. A partida ser\u00e1 realizada \u00e0s 16h (hor\u00e1rio de Bras\u00edlia), e o mando de campo \u00e9 do Alvinegro. A decis\u00e3o \u00e9 sempre entre o campe\u00e3o continental contra o campe\u00e3o da Copa do Brasil. <\/p>\n\n\n\n<p>O Flamengo tem dois t\u00edtulos da Supercopa do Brasil, conquistados em 2020, sobre o Athletico-PR, e em 2021, sobre o Palmeiras. O Botafogo ainda n\u00e3o conquistou trof\u00e9u do torneio.<\/p>\n","protected":false},"excerpt":{"rendered":"<p>Os times ainda est\u00e3o focados nas suas respectivas pr\u00e9-temporadas, mas Flamengo e Botafogo j\u00e1 ligam os alertas para a primeira decis\u00e3o da temporada 2025: a Supercopa do Brasil. Para a partida \u00fanica, o Rubro-Negro prev\u00ea mudan\u00e7as no uniforme. A Pixbet \u00e9 a patrocinadora master do Flamengo, e vai pagar ao clube R$ 115 milh\u00f5es pelo [&hellip;]<\/p>\n","protected":false},"author":18,"featured_media":144667,"comment_status":"open","ping_status":"closed","sticky":false,"template":"","format":"standard","meta":{"footnotes":""},"categories":[1],"tags":[],"class_list":["post-212711","post","type-post","status-publish","format-standard","has-post-thumbnail","hentry","category-flamengo"],"yoast_head":"<!-- This site is optimized with the Yoast SEO Premium plugin v24.2 (Yoast SEO v26.9) - https:\/\/yoast.com\/product\/yoast-seo-premium-wordpress\/ -->\n<title>Flamengo projeta mudan\u00e7a na camisa para Supercopa do Brasil<\/title>\n<meta name=\"robots\" content=\"index, follow, max-snippet:-1, max-image-preview:large, max-video-preview:-1\" \/>\n<link rel=\"canonical\" href=\"https:\/\/www.gaveanews.com\/index.php\/2025\/01\/15\/flamengo-projeta-mudanca-na-camisa-para-supercopa-do-brasil\/\" \/>\n<meta property=\"og:locale\" content=\"pt_BR\" \/>\n<meta property=\"og:type\" content=\"article\" \/>\n<meta property=\"og:title\" content=\"Flamengo projeta mudan\u00e7a na camisa para Supercopa do Brasil\" \/>\n<meta property=\"og:description\" content=\"Os times ainda est\u00e3o focados nas suas respectivas pr\u00e9-temporadas, mas Flamengo e Botafogo j\u00e1 ligam os alertas para a primeira decis\u00e3o da temporada 2025: a Supercopa do Brasil. Para a partida \u00fanica, o Rubro-Negro prev\u00ea mudan\u00e7as no uniforme. A Pixbet \u00e9 a patrocinadora master do Flamengo, e vai pagar ao clube R$ 115 milh\u00f5es pelo [&hellip;]\" \/>\n<meta property=\"og:url\" content=\"https:\/\/www.gaveanews.com\/index.php\/2025\/01\/15\/flamengo-projeta-mudanca-na-camisa-para-supercopa-do-brasil\/\" \/>\n<meta property=\"og:site_name\" content=\"G\u00e1vea News\" \/>\n<meta property=\"article:publisher\" content=\"https:\/\/facebook.com\/gaveaNews\/\" \/>\n<meta property=\"article:published_time\" content=\"2025-01-15T10:30:00+00:00\" \/>\n<meta property=\"og:image\" content=\"https:\/\/www.gaveanews.com\/wp-content\/uploads\/flamengo-apresenta-camisa-com-pixbet-como-patrocinadora-oficial-1704214533133_v2_615x300.webp\" \/>\n\t<meta property=\"og:image:width\" content=\"615\" \/>\n\t<meta property=\"og:image:height\" content=\"300\" \/>\n\t<meta property=\"og:image:type\" content=\"image\/webp\" \/>\n<meta name=\"author\" content=\"Paula Silva\" \/>\n<meta name=\"twitter:card\" content=\"summary_large_image\" \/>\n<meta name=\"twitter:label1\" content=\"Escrito por\" \/>\n\t<meta name=\"twitter:data1\" content=\"Paula Silva\" \/>\n\t<meta name=\"twitter:label2\" content=\"Est. tempo de leitura\" \/>\n\t<meta name=\"twitter:data2\" content=\"3 minutos\" \/>\n<script type=\"application\/ld+json\" class=\"yoast-schema-graph\">{\"@context\":\"https:\/\/schema.org\",\"@graph\":[{\"@type\":\"NewsArticle\",\"@id\":\"https:\/\/www.gaveanews.com\/index.php\/2025\/01\/15\/flamengo-projeta-mudanca-na-camisa-para-supercopa-do-brasil\/#article\",\"isPartOf\":{\"@id\":\"https:\/\/www.gaveanews.com\/index.php\/2025\/01\/15\/flamengo-projeta-mudanca-na-camisa-para-supercopa-do-brasil\/\"},\"author\":{\"name\":\"Paula Silva\",\"@id\":\"https:\/\/www.gaveanews.com\/#\/schema\/person\/daf63eec72e1164eb13dc35096c2b8da\"},\"headline\":\"Flamengo projeta mudan\u00e7a na camisa para Supercopa do Brasil\",\"datePublished\":\"2025-01-15T10:30:00+00:00\",\"mainEntityOfPage\":{\"@id\":\"https:\/\/www.gaveanews.com\/index.php\/2025\/01\/15\/flamengo-projeta-mudanca-na-camisa-para-supercopa-do-brasil\/\"},\"wordCount\":500,\"commentCount\":0,\"image\":{\"@id\":\"https:\/\/www.gaveanews.com\/index.php\/2025\/01\/15\/flamengo-projeta-mudanca-na-camisa-para-supercopa-do-brasil\/#primaryimage\"},\"thumbnailUrl\":\"https:\/\/www.gaveanews.com\/wp-content\/uploads\/flamengo-apresenta-camisa-com-pixbet-como-patrocinadora-oficial-1704214533133_v2_615x300.webp\",\"articleSection\":[\"Flamengo\"],\"inLanguage\":\"pt-BR\",\"potentialAction\":[{\"@type\":\"CommentAction\",\"name\":\"Comment\",\"target\":[\"https:\/\/www.gaveanews.com\/index.php\/2025\/01\/15\/flamengo-projeta-mudanca-na-camisa-para-supercopa-do-brasil\/#respond\"]}],\"copyrightYear\":\"2025\",\"copyrightHolder\":{\"@id\":\"https:\/\/www.gaveanews.com\/#organization\"}},{\"@type\":\"WebPage\",\"@id\":\"https:\/\/www.gaveanews.com\/index.php\/2025\/01\/15\/flamengo-projeta-mudanca-na-camisa-para-supercopa-do-brasil\/\",\"url\":\"https:\/\/www.gaveanews.com\/index.php\/2025\/01\/15\/flamengo-projeta-mudanca-na-camisa-para-supercopa-do-brasil\/\",\"name\":\"Flamengo projeta mudan\u00e7a na camisa para Supercopa do Brasil\",\"isPartOf\":{\"@id\":\"https:\/\/www.gaveanews.com\/#website\"},\"primaryImageOfPage\":{\"@id\":\"https:\/\/www.gaveanews.com\/index.php\/2025\/01\/15\/flamengo-projeta-mudanca-na-camisa-para-supercopa-do-brasil\/#primaryimage\"},\"image\":{\"@id\":\"https:\/\/www.gaveanews.com\/index.php\/2025\/01\/15\/flamengo-projeta-mudanca-na-camisa-para-supercopa-do-brasil\/#primaryimage\"},\"thumbnailUrl\":\"https:\/\/www.gaveanews.com\/wp-content\/uploads\/flamengo-apresenta-camisa-com-pixbet-como-patrocinadora-oficial-1704214533133_v2_615x300.webp\",\"datePublished\":\"2025-01-15T10:30:00+00:00\",\"author\":{\"@id\":\"https:\/\/www.gaveanews.com\/#\/schema\/person\/daf63eec72e1164eb13dc35096c2b8da\"},\"breadcrumb\":{\"@id\":\"https:\/\/www.gaveanews.com\/index.php\/2025\/01\/15\/flamengo-projeta-mudanca-na-camisa-para-supercopa-do-brasil\/#breadcrumb\"},\"inLanguage\":\"pt-BR\",\"potentialAction\":[{\"@type\":\"ReadAction\",\"target\":[\"https:\/\/www.gaveanews.com\/index.php\/2025\/01\/15\/flamengo-projeta-mudanca-na-camisa-para-supercopa-do-brasil\/\"]}]},{\"@type\":\"ImageObject\",\"inLanguage\":\"pt-BR\",\"@id\":\"https:\/\/www.gaveanews.com\/index.php\/2025\/01\/15\/flamengo-projeta-mudanca-na-camisa-para-supercopa-do-brasil\/#primaryimage\",\"url\":\"https:\/\/www.gaveanews.com\/wp-content\/uploads\/flamengo-apresenta-camisa-com-pixbet-como-patrocinadora-oficial-1704214533133_v2_615x300.webp\",\"contentUrl\":\"https:\/\/www.gaveanews.com\/wp-content\/uploads\/flamengo-apresenta-camisa-com-pixbet-como-patrocinadora-oficial-1704214533133_v2_615x300.webp\",\"width\":615,\"height\":300,\"caption\":\"PixBet patrocina o Flamengo (Foto: Reprodu\u00e7\u00e3o)\"},{\"@type\":\"BreadcrumbList\",\"@id\":\"https:\/\/www.gaveanews.com\/index.php\/2025\/01\/15\/flamengo-projeta-mudanca-na-camisa-para-supercopa-do-brasil\/#breadcrumb\",\"itemListElement\":[{\"@type\":\"ListItem\",\"position\":1,\"name\":\"Home\",\"item\":\"https:\/\/www.gaveanews.com\/\"},{\"@type\":\"ListItem\",\"position\":2,\"name\":\"Flamengo projeta mudan\u00e7a na camisa para Supercopa do Brasil\"}]},{\"@type\":\"WebSite\",\"@id\":\"https:\/\/www.gaveanews.com\/#website\",\"url\":\"https:\/\/www.gaveanews.com\/\",\"name\":\"G\u00e1vea News\",\"description\":\"Veja todas as not\u00edcias sobre o Flamengo: Contrata\u00e7\u00f5es, categorias de base, resultados das partidas, tabela de classifica\u00e7\u00e3o, pr\u00f3ximos jogos!\",\"potentialAction\":[{\"@type\":\"SearchAction\",\"target\":{\"@type\":\"EntryPoint\",\"urlTemplate\":\"https:\/\/www.gaveanews.com\/?s={search_term_string}\"},\"query-input\":{\"@type\":\"PropertyValueSpecification\",\"valueRequired\":true,\"valueName\":\"search_term_string\"}}],\"inLanguage\":\"pt-BR\"},{\"@type\":\"Person\",\"@id\":\"https:\/\/www.gaveanews.com\/#\/schema\/person\/daf63eec72e1164eb13dc35096c2b8da\",\"name\":\"Paula Silva\",\"image\":{\"@type\":\"ImageObject\",\"inLanguage\":\"pt-BR\",\"@id\":\"https:\/\/www.gaveanews.com\/#\/schema\/person\/image\/\",\"url\":\"https:\/\/secure.gravatar.com\/avatar\/eda381c845527cc5d64c13b901833cda29d97500ba040d3e6461f76f51d163bb?s=96&d=mm&r=g\",\"contentUrl\":\"https:\/\/secure.gravatar.com\/avatar\/eda381c845527cc5d64c13b901833cda29d97500ba040d3e6461f76f51d163bb?s=96&d=mm&r=g\",\"caption\":\"Paula Silva\"}}]}<\/script>\n<!-- \/ Yoast SEO Premium plugin. -->","yoast_head_json":{"title":"Flamengo projeta mudan\u00e7a na camisa para Supercopa do Brasil","robots":{"index":"index","follow":"follow","max-snippet":"max-snippet:-1","max-image-preview":"max-image-preview:large","max-video-preview":"max-video-preview:-1"},"canonical":"https:\/\/www.gaveanews.com\/index.php\/2025\/01\/15\/flamengo-projeta-mudanca-na-camisa-para-supercopa-do-brasil\/","og_locale":"pt_BR","og_type":"article","og_title":"Flamengo projeta mudan\u00e7a na camisa para Supercopa do Brasil","og_description":"Os times ainda est\u00e3o focados nas suas respectivas pr\u00e9-temporadas, mas Flamengo e Botafogo j\u00e1 ligam os alertas para a primeira decis\u00e3o da temporada 2025: a Supercopa do Brasil. Para a partida \u00fanica, o Rubro-Negro prev\u00ea mudan\u00e7as no uniforme. A Pixbet \u00e9 a patrocinadora master do Flamengo, e vai pagar ao clube R$ 115 milh\u00f5es pelo [&hellip;]","og_url":"https:\/\/www.gaveanews.com\/index.php\/2025\/01\/15\/flamengo-projeta-mudanca-na-camisa-para-supercopa-do-brasil\/","og_site_name":"G\u00e1vea News","article_publisher":"https:\/\/facebook.com\/gaveaNews\/","article_published_time":"2025-01-15T10:30:00+00:00","og_image":[{"width":615,"height":300,"url":"https:\/\/www.gaveanews.com\/wp-content\/uploads\/flamengo-apresenta-camisa-com-pixbet-como-patrocinadora-oficial-1704214533133_v2_615x300.webp","type":"image\/webp"}],"author":"Paula Silva","twitter_card":"summary_large_image","twitter_misc":{"Escrito por":"Paula Silva","Est. tempo de leitura":"3 minutos"},"schema":{"@context":"https:\/\/schema.org","@graph":[{"@type":"NewsArticle","@id":"https:\/\/www.gaveanews.com\/index.php\/2025\/01\/15\/flamengo-projeta-mudanca-na-camisa-para-supercopa-do-brasil\/#article","isPartOf":{"@id":"https:\/\/www.gaveanews.com\/index.php\/2025\/01\/15\/flamengo-projeta-mudanca-na-camisa-para-supercopa-do-brasil\/"},"author":{"name":"Paula Silva","@id":"https:\/\/www.gaveanews.com\/#\/schema\/person\/daf63eec72e1164eb13dc35096c2b8da"},"headline":"Flamengo projeta mudan\u00e7a na camisa para Supercopa do Brasil","datePublished":"2025-01-15T10:30:00+00:00","mainEntityOfPage":{"@id":"https:\/\/www.gaveanews.com\/index.php\/2025\/01\/15\/flamengo-projeta-mudanca-na-camisa-para-supercopa-do-brasil\/"},"wordCount":500,"commentCount":0,"image":{"@id":"https:\/\/www.gaveanews.com\/index.php\/2025\/01\/15\/flamengo-projeta-mudanca-na-camisa-para-supercopa-do-brasil\/#primaryimage"},"thumbnailUrl":"https:\/\/www.gaveanews.com\/wp-content\/uploads\/flamengo-apresenta-camisa-com-pixbet-como-patrocinadora-oficial-1704214533133_v2_615x300.webp","articleSection":["Flamengo"],"inLanguage":"pt-BR","potentialAction":[{"@type":"CommentAction","name":"Comment","target":["https:\/\/www.gaveanews.com\/index.php\/2025\/01\/15\/flamengo-projeta-mudanca-na-camisa-para-supercopa-do-brasil\/#respond"]}],"copyrightYear":"2025","copyrightHolder":{"@id":"https:\/\/www.gaveanews.com\/#organization"}},{"@type":"WebPage","@id":"https:\/\/www.gaveanews.com\/index.php\/2025\/01\/15\/flamengo-projeta-mudanca-na-camisa-para-supercopa-do-brasil\/","url":"https:\/\/www.gaveanews.com\/index.php\/2025\/01\/15\/flamengo-projeta-mudanca-na-camisa-para-supercopa-do-brasil\/","name":"Flamengo projeta mudan\u00e7a na camisa para Supercopa do Brasil","isPartOf":{"@id":"https:\/\/www.gaveanews.com\/#website"},"primaryImageOfPage":{"@id":"https:\/\/www.gaveanews.com\/index.php\/2025\/01\/15\/flamengo-projeta-mudanca-na-camisa-para-supercopa-do-brasil\/#primaryimage"},"image":{"@id":"https:\/\/www.gaveanews.com\/index.php\/2025\/01\/15\/flamengo-projeta-mudanca-na-camisa-para-supercopa-do-brasil\/#primaryimage"},"thumbnailUrl":"https:\/\/www.gaveanews.com\/wp-content\/uploads\/flamengo-apresenta-camisa-com-pixbet-como-patrocinadora-oficial-1704214533133_v2_615x300.webp","datePublished":"2025-01-15T10:30:00+00:00","author":{"@id":"https:\/\/www.gaveanews.com\/#\/schema\/person\/daf63eec72e1164eb13dc35096c2b8da"},"breadcrumb":{"@id":"https:\/\/www.gaveanews.com\/index.php\/2025\/01\/15\/flamengo-projeta-mudanca-na-camisa-para-supercopa-do-brasil\/#breadcrumb"},"inLanguage":"pt-BR","potentialAction":[{"@type":"ReadAction","target":["https:\/\/www.gaveanews.com\/index.php\/2025\/01\/15\/flamengo-projeta-mudanca-na-camisa-para-supercopa-do-brasil\/"]}]},{"@type":"ImageObject","inLanguage":"pt-BR","@id":"https:\/\/www.gaveanews.com\/index.php\/2025\/01\/15\/flamengo-projeta-mudanca-na-camisa-para-supercopa-do-brasil\/#primaryimage","url":"https:\/\/www.gaveanews.com\/wp-content\/uploads\/flamengo-apresenta-camisa-com-pixbet-como-patrocinadora-oficial-1704214533133_v2_615x300.webp","contentUrl":"https:\/\/www.gaveanews.com\/wp-content\/uploads\/flamengo-apresenta-camisa-com-pixbet-como-patrocinadora-oficial-1704214533133_v2_615x300.webp","width":615,"height":300,"caption":"PixBet patrocina o Flamengo (Foto: Reprodu\u00e7\u00e3o)"},{"@type":"BreadcrumbList","@id":"https:\/\/www.gaveanews.com\/index.php\/2025\/01\/15\/flamengo-projeta-mudanca-na-camisa-para-supercopa-do-brasil\/#breadcrumb","itemListElement":[{"@type":"ListItem","position":1,"name":"Home","item":"https:\/\/www.gaveanews.com\/"},{"@type":"ListItem","position":2,"name":"Flamengo projeta mudan\u00e7a na camisa para Supercopa do Brasil"}]},{"@type":"WebSite","@id":"https:\/\/www.gaveanews.com\/#website","url":"https:\/\/www.gaveanews.com\/","name":"G\u00e1vea News","description":"Veja todas as not\u00edcias sobre o Flamengo: Contrata\u00e7\u00f5es, categorias de base, resultados das partidas, tabela de classifica\u00e7\u00e3o, pr\u00f3ximos jogos!","potentialAction":[{"@type":"SearchAction","target":{"@type":"EntryPoint","urlTemplate":"https:\/\/www.gaveanews.com\/?s={search_term_string}"},"query-input":{"@type":"PropertyValueSpecification","valueRequired":true,"valueName":"search_term_string"}}],"inLanguage":"pt-BR"},{"@type":"Person","@id":"https:\/\/www.gaveanews.com\/#\/schema\/person\/daf63eec72e1164eb13dc35096c2b8da","name":"Paula Silva","image":{"@type":"ImageObject","inLanguage":"pt-BR","@id":"https:\/\/www.gaveanews.com\/#\/schema\/person\/image\/","url":"https:\/\/secure.gravatar.com\/avatar\/eda381c845527cc5d64c13b901833cda29d97500ba040d3e6461f76f51d163bb?s=96&d=mm&r=g","contentUrl":"https:\/\/secure.gravatar.com\/avatar\/eda381c845527cc5d64c13b901833cda29d97500ba040d3e6461f76f51d163bb?s=96&d=mm&r=g","caption":"Paula Silva"}}]}},"_links":{"self":[{"href":"https:\/\/www.gaveanews.com\/index.php\/wp-json\/wp\/v2\/posts\/212711","targetHints":{"allow":["GET"]}}],"collection":[{"href":"https:\/\/www.gaveanews.com\/index.php\/wp-json\/wp\/v2\/posts"}],"about":[{"href":"https:\/\/www.gaveanews.com\/index.php\/wp-json\/wp\/v2\/types\/post"}],"author":[{"embeddable":true,"href":"https:\/\/www.gaveanews.com\/index.php\/wp-json\/wp\/v2\/users\/18"}],"replies":[{"embeddable":true,"href":"https:\/\/www.gaveanews.com\/index.php\/wp-json\/wp\/v2\/comments?post=212711"}],"version-history":[{"count":1,"href":"https:\/\/www.gaveanews.com\/index.php\/wp-json\/wp\/v2\/posts\/212711\/revisions"}],"predecessor-version":[{"id":212715,"href":"https:\/\/www.gaveanews.com\/index.php\/wp-json\/wp\/v2\/posts\/212711\/revisions\/212715"}],"wp:featuredmedia":[{"embeddable":true,"href":"https:\/\/www.gaveanews.com\/index.php\/wp-json\/wp\/v2\/media\/144667"}],"wp:attachment":[{"href":"https:\/\/www.gaveanews.com\/index.php\/wp-json\/wp\/v2\/media?parent=212711"}],"wp:term":[{"taxonomy":"category","embeddable":true,"href":"https:\/\/www.gaveanews.com\/index.php\/wp-json\/wp\/v2\/categories?post=212711"},{"taxonomy":"post_tag","embeddable":true,"href":"https:\/\/www.gaveanews.com\/index.php\/wp-json\/wp\/v2\/tags?post=212711"}],"curies":[{"name":"wp","href":"https:\/\/api.w.org\/{rel}","templated":true}]}}