{"id":212732,"date":"2025-01-15T05:40:00","date_gmt":"2025-01-15T08:40:00","guid":{"rendered":"https:\/\/www.gaveanews.com\/?p=212732"},"modified":"2025-01-15T01:03:57","modified_gmt":"2025-01-15T04:03:57","slug":"prioridades-na-janela-goleiro-vira-destaque-e-publicacao-para-paulinho-as-ultimas-noticias-do-vasco","status":"publish","type":"post","link":"https:\/\/www.gaveanews.com\/index.php\/2025\/01\/15\/prioridades-na-janela-goleiro-vira-destaque-e-publicacao-para-paulinho-as-ultimas-noticias-do-vasco\/","title":{"rendered":"Prioridades na janela, goleiro vira destaque e publica\u00e7\u00e3o para Paulinho: as \u00faltimas not\u00edcias do Vasco"},"content":{"rendered":"\n<p>Nas \u00faltimas horas, o foco das not\u00edcias sobre o Vasco se concentram nos bastidores do<br>clube, com destaques do dia a dia do time.<\/p>\n\n\n\n<p>Por conta deste contexto, leia abaixo um resumo preparado pela equipe do portal G\u00e1vea News para lhe manter muito bem informado!<\/p>\n\n\n\n<h2 class=\"wp-block-heading\" id=\"h-publicacao-para-paulinho\">Publica\u00e7\u00e3o para Paulinho<\/h2>\n\n\n\n<p>O Vasco da Gama celebrou o anivers\u00e1rio de 28 anos do volante Paulinho com uma homenagem nas redes sociais. O jogador, que sofreu uma grave les\u00e3o no joelho direito em janeiro de 2024, est\u00e1 na fase final de transi\u00e7\u00e3o e voltou a participar de atividades leves com o grupo. A diretoria adota cautela quanto ao retorno aos gramados, priorizando a recupera\u00e7\u00e3o plena do atleta e sua confian\u00e7a (<strong><a href=\"https:\/\/www.gaveanews.com\/index.php\/2025\/01\/09\/vasco-faz-publicacao-direcionada-a-paulinho-2\/\">leia a mat\u00e9ria completa).<\/a><\/strong><\/p>\n\n\n\n<figure class=\"wp-block-image size-full\"><img loading=\"lazy\" decoding=\"async\" width=\"582\" height=\"516\" src=\"https:\/\/www.gaveanews.com\/wp-content\/uploads\/Paulinho-Paula-e-apresentado-pelo-Vasco.webp\" alt=\"\" class=\"wp-image-171367\" srcset=\"https:\/\/www.gaveanews.com\/wp-content\/uploads\/Paulinho-Paula-e-apresentado-pelo-Vasco.webp 582w, https:\/\/www.gaveanews.com\/wp-content\/uploads\/Paulinho-Paula-e-apresentado-pelo-Vasco-300x266.webp 300w, https:\/\/www.gaveanews.com\/wp-content\/uploads\/Paulinho-Paula-e-apresentado-pelo-Vasco-474x420.webp 474w, https:\/\/www.gaveanews.com\/wp-content\/uploads\/Paulinho-Paula-e-apresentado-pelo-Vasco-100x89.webp 100w\" sizes=\"auto, (max-width: 582px) 100vw, 582px\" \/><figcaption class=\"wp-element-caption\">Paulinho Paula \u00e9 apresentado pelo Vasco (Foto: Daniel Ramalho\/Vasco)<\/figcaption><\/figure>\n\n\n\n<p>Paulinho foi um dos destaques do in\u00edcio da temporada passada, mas sua les\u00e3o, junto com a de Jair, impactou o elenco. <\/p>\n\n\n\n<p>Jair, no entanto, recuperou-se rapidamente e est\u00e1 pr\u00f3ximo de ser relacionado. Enquanto isso, Paulinho avan\u00e7a gradualmente, focado em recuperar ritmo e fortalecer a prepara\u00e7\u00e3o f\u00edsica ap\u00f3s nove meses fora.<\/p>\n\n\n\n<p>Com uma equipe alternativa no in\u00edcio do Campeonato Carioca, o Vasco busca dar espa\u00e7o a jovens jogadores e se preparar para uma temporada promissora. A expectativa \u00e9 de que Paulinho tenha um papel crucial no elenco, contribuindo para as metas ambiciosas do clube em 2025, como uma poss\u00edvel vaga na Libertadores.<\/p>\n\n\n\n<h2 class=\"wp-block-heading\" id=\"h-goleiro-vira-destaque\">Goleiro vira destaque<\/h2>\n\n\n\n<p>Phillipe Gabriel, jovem goleiro do Vasco, ganhou destaque internacional ap\u00f3s ser citado pelo jornal espanhol <em>Sport<\/em> como uma das cinco principais promessas da Copa S\u00e3o Paulo de Juniores. Com 1,96m, o jogador de 18 anos foi elogiado por sua agilidade, reflexos e capacidade de defender p\u00eanaltis. A publica\u00e7\u00e3o tamb\u00e9m destacou sua personalidade e confian\u00e7a, atributos essenciais para a posi\u00e7\u00e3o. Phillipe foi apelidado de &#8220;Perfil Barcelona&#8221;, e o clube catal\u00e3o enviou um olheiro ao Brasil para acompanhar a competi\u00e7\u00e3o <strong><a href=\"https:\/\/www.gaveanews.com\/index.php\/2025\/01\/09\/goleiro-do-vasco-ganha-destaque-no-exterior\/\">(leia a mat\u00e9ria completa).<\/a><\/strong><\/p>\n\n\n\n<figure class=\"wp-block-image size-large\"><img loading=\"lazy\" decoding=\"async\" width=\"1024\" height=\"682\" src=\"https:\/\/www.gaveanews.com\/wp-content\/uploads\/Bandeira-do-Vasco-da-Gama-1024x682.webp\" alt=\"\" class=\"wp-image-152090\" srcset=\"https:\/\/www.gaveanews.com\/wp-content\/uploads\/Bandeira-do-Vasco-da-Gama-1024x682.webp 1024w, https:\/\/www.gaveanews.com\/wp-content\/uploads\/Bandeira-do-Vasco-da-Gama-300x200.webp 300w, https:\/\/www.gaveanews.com\/wp-content\/uploads\/Bandeira-do-Vasco-da-Gama-768x512.webp 768w, https:\/\/www.gaveanews.com\/wp-content\/uploads\/Bandeira-do-Vasco-da-Gama-631x420.webp 631w, https:\/\/www.gaveanews.com\/wp-content\/uploads\/Bandeira-do-Vasco-da-Gama-640x426.webp 640w, https:\/\/www.gaveanews.com\/wp-content\/uploads\/Bandeira-do-Vasco-da-Gama-681x454.webp 681w, https:\/\/www.gaveanews.com\/wp-content\/uploads\/Bandeira-do-Vasco-da-Gama-100x67.webp 100w, https:\/\/www.gaveanews.com\/wp-content\/uploads\/Bandeira-do-Vasco-da-Gama.webp 1159w\" sizes=\"auto, (max-width: 1024px) 100vw, 1024px\" \/><figcaption class=\"wp-element-caption\">Bandeira do Vasco da Gama (Foto: Reprodu\u00e7\u00e3o\/Vasco)<\/figcaption><\/figure>\n\n\n\n<p>Contratado pelo Vasco em 2017, Phillipe Gabriel renovou seu contrato em 2024, garantindo v\u00ednculo at\u00e9 dezembro de 2027. O acordo inclui uma cl\u00e1usula de rescis\u00e3o de 60 milh\u00f5es de euros (cerca de R$ 378 milh\u00f5es) para clubes estrangeiros, refor\u00e7ando a valoriza\u00e7\u00e3o do atleta no mercado internacional.<\/p>\n\n\n\n<p>Filho do ex-zagueiro Luiz Alberto, Phillipe \u00e9 considerado uma das grandes promessas do Gigante da Colina. A expectativa em torno de seu futuro cresce com o reconhecimento internacional, especialmente em competi\u00e7\u00f5es como a Copinha, que historicamente revelou talentos como Endrick, Ganso e Antony.<\/p>\n\n\n\n<h2 class=\"wp-block-heading\" id=\"h-prioridades-na-janela\">Prioridades na janela<\/h2>\n\n\n\n<p>O Vasco iniciou 2025 com uma movimenta\u00e7\u00e3o intensa no mercado de transfer\u00eancias, buscando atender \u00e0s demandas do t\u00e9cnico F\u00e1bio Carille. A defesa foi refor\u00e7ada com a contrata\u00e7\u00e3o do zagueiro Maur\u00edcio Lemos, mas o clube ainda busca um defensor com status de titular, com Balbuena, do D\u00ednamo de Moscou, como principal alvo. Al\u00e9m disso, a diretoria avalia outros nomes para fortalecer o setor defensivo, levando em conta limita\u00e7\u00f5es financeiras e oportunidades de mercado <strong><a href=\"https:\/\/www.gaveanews.com\/index.php\/2025\/01\/09\/as-prioridades-do-vasco-na-janela-de-transferencia\/\">(leia a mat\u00e9ria completa).<\/a><\/strong><\/p>\n\n\n\n<figure class=\"wp-block-image size-full\"><img loading=\"lazy\" decoding=\"async\" width=\"984\" height=\"722\" src=\"https:\/\/www.gaveanews.com\/wp-content\/uploads\/Tomas-Cuello-pelo-Athletico-PR.webp\" alt=\"\" class=\"wp-image-168214\" srcset=\"https:\/\/www.gaveanews.com\/wp-content\/uploads\/Tomas-Cuello-pelo-Athletico-PR.webp 984w, https:\/\/www.gaveanews.com\/wp-content\/uploads\/Tomas-Cuello-pelo-Athletico-PR-300x220.webp 300w, https:\/\/www.gaveanews.com\/wp-content\/uploads\/Tomas-Cuello-pelo-Athletico-PR-768x564.webp 768w, https:\/\/www.gaveanews.com\/wp-content\/uploads\/Tomas-Cuello-pelo-Athletico-PR-572x420.webp 572w, https:\/\/www.gaveanews.com\/wp-content\/uploads\/Tomas-Cuello-pelo-Athletico-PR-80x60.webp 80w, https:\/\/www.gaveanews.com\/wp-content\/uploads\/Tomas-Cuello-pelo-Athletico-PR-640x470.webp 640w, https:\/\/www.gaveanews.com\/wp-content\/uploads\/Tomas-Cuello-pelo-Athletico-PR-681x500.webp 681w, https:\/\/www.gaveanews.com\/wp-content\/uploads\/Tomas-Cuello-pelo-Athletico-PR-100x73.webp 100w\" sizes=\"auto, (max-width: 984px) 100vw, 984px\" \/><figcaption class=\"wp-element-caption\">Tom\u00e1s Cuello pelo Athletico-PR (Foto: Jos\u00e9 Tramontin\/Athletico)<\/figcaption><\/figure>\n\n\n\n<p>No ataque, o lado esquerdo tornou-se prioridade devido ao baixo rendimento de Jean David e Emerson Rodr\u00edguez. Jogadores como Cuello (Athletico-PR), Brian Rodr\u00edguez (Am\u00e9rica-MEX) e Victor S\u00e1 (Krasnodar) est\u00e3o sendo monitorados para trazer mais velocidade e qualidade ao setor ofensivo. Carille tamb\u00e9m requisitou um atacante com boa movimenta\u00e7\u00e3o e capacidade de infiltra\u00e7\u00e3o para complementar o elenco.<\/p>\n\n\n\n<p>J\u00e1 no meio-campo, o Vasco busca um atleta vers\u00e1til, apto a atuar como segundo ou terceiro homem, mesmo ap\u00f3s a recente contrata\u00e7\u00e3o de Tch\u00ea Tch\u00ea. O clube mant\u00e9m uma estrat\u00e9gia de mercado planejada, ajustando suas prioridades com base nas car\u00eancias do elenco e nas oportunidades dispon\u00edveis.<\/p>\n","protected":false},"excerpt":{"rendered":"<p>Nas \u00faltimas horas, o foco das not\u00edcias sobre o Vasco se concentram nos bastidores doclube, com destaques do dia a dia do time. Por conta deste contexto, leia abaixo um resumo preparado pela equipe do portal G\u00e1vea News para lhe manter muito bem informado! Publica\u00e7\u00e3o para Paulinho O Vasco da Gama celebrou o anivers\u00e1rio de [&hellip;]<\/p>\n","protected":false},"author":27,"featured_media":157096,"comment_status":"open","ping_status":"closed","sticky":false,"template":"","format":"standard","meta":{"footnotes":""},"categories":[152],"tags":[],"class_list":["post-212732","post","type-post","status-publish","format-standard","has-post-thumbnail","hentry","category-vasco"],"yoast_head":"<!-- This site is optimized with the Yoast SEO Premium plugin v24.2 (Yoast SEO v26.9) - https:\/\/yoast.com\/product\/yoast-seo-premium-wordpress\/ -->\n<title>Prioridades na janela, goleiro vira destaque e publica\u00e7\u00e3o para Paulinho: as \u00faltimas not\u00edcias do Vasco<\/title>\n<meta name=\"robots\" content=\"index, follow, max-snippet:-1, max-image-preview:large, max-video-preview:-1\" \/>\n<link rel=\"canonical\" href=\"https:\/\/www.gaveanews.com\/index.php\/2025\/01\/15\/prioridades-na-janela-goleiro-vira-destaque-e-publicacao-para-paulinho-as-ultimas-noticias-do-vasco\/\" \/>\n<meta property=\"og:locale\" content=\"pt_BR\" \/>\n<meta property=\"og:type\" content=\"article\" \/>\n<meta property=\"og:title\" content=\"Prioridades na janela, goleiro vira destaque e publica\u00e7\u00e3o para Paulinho: as \u00faltimas not\u00edcias do Vasco\" \/>\n<meta property=\"og:description\" content=\"Nas \u00faltimas horas, o foco das not\u00edcias sobre o Vasco se concentram nos bastidores doclube, com destaques do dia a dia do time. Por conta deste contexto, leia abaixo um resumo preparado pela equipe do portal G\u00e1vea News para lhe manter muito bem informado! Publica\u00e7\u00e3o para Paulinho O Vasco da Gama celebrou o anivers\u00e1rio de [&hellip;]\" \/>\n<meta property=\"og:url\" content=\"https:\/\/www.gaveanews.com\/index.php\/2025\/01\/15\/prioridades-na-janela-goleiro-vira-destaque-e-publicacao-para-paulinho-as-ultimas-noticias-do-vasco\/\" \/>\n<meta property=\"og:site_name\" content=\"G\u00e1vea News\" \/>\n<meta property=\"article:publisher\" content=\"https:\/\/facebook.com\/gaveaNews\/\" \/>\n<meta property=\"article:published_time\" content=\"2025-01-15T08:40:00+00:00\" \/>\n<meta property=\"og:image\" content=\"https:\/\/www.gaveanews.com\/wp-content\/uploads\/Jogadores-do-Vasco-durante-partida-contra-o-Atletico-GO-pela-Copa-do-Brasil-2024.webp\" \/>\n\t<meta property=\"og:image:width\" content=\"1440\" \/>\n\t<meta property=\"og:image:height\" content=\"960\" \/>\n\t<meta property=\"og:image:type\" content=\"image\/jpeg\" \/>\n<meta name=\"author\" content=\"Matheus Felipe\" \/>\n<meta name=\"twitter:card\" content=\"summary_large_image\" \/>\n<meta name=\"twitter:label1\" content=\"Escrito por\" \/>\n\t<meta name=\"twitter:data1\" content=\"Matheus Felipe\" \/>\n\t<meta name=\"twitter:label2\" content=\"Est. tempo de leitura\" \/>\n\t<meta name=\"twitter:data2\" content=\"5 minutos\" \/>\n<script type=\"application\/ld+json\" class=\"yoast-schema-graph\">{\"@context\":\"https:\/\/schema.org\",\"@graph\":[{\"@type\":\"NewsArticle\",\"@id\":\"https:\/\/www.gaveanews.com\/index.php\/2025\/01\/15\/prioridades-na-janela-goleiro-vira-destaque-e-publicacao-para-paulinho-as-ultimas-noticias-do-vasco\/#article\",\"isPartOf\":{\"@id\":\"https:\/\/www.gaveanews.com\/index.php\/2025\/01\/15\/prioridades-na-janela-goleiro-vira-destaque-e-publicacao-para-paulinho-as-ultimas-noticias-do-vasco\/\"},\"author\":{\"name\":\"Matheus Felipe\",\"@id\":\"https:\/\/www.gaveanews.com\/#\/schema\/person\/8207cd4627f56151707418bfc835b2fb\"},\"headline\":\"Prioridades na janela, goleiro vira destaque e publica\u00e7\u00e3o para Paulinho: as \u00faltimas not\u00edcias do Vasco\",\"datePublished\":\"2025-01-15T08:40:00+00:00\",\"mainEntityOfPage\":{\"@id\":\"https:\/\/www.gaveanews.com\/index.php\/2025\/01\/15\/prioridades-na-janela-goleiro-vira-destaque-e-publicacao-para-paulinho-as-ultimas-noticias-do-vasco\/\"},\"wordCount\":668,\"commentCount\":0,\"image\":{\"@id\":\"https:\/\/www.gaveanews.com\/index.php\/2025\/01\/15\/prioridades-na-janela-goleiro-vira-destaque-e-publicacao-para-paulinho-as-ultimas-noticias-do-vasco\/#primaryimage\"},\"thumbnailUrl\":\"https:\/\/www.gaveanews.com\/wp-content\/uploads\/Jogadores-do-Vasco-durante-partida-contra-o-Atletico-GO-pela-Copa-do-Brasil-2024.webp\",\"articleSection\":[\"Vasco\"],\"inLanguage\":\"pt-BR\",\"potentialAction\":[{\"@type\":\"CommentAction\",\"name\":\"Comment\",\"target\":[\"https:\/\/www.gaveanews.com\/index.php\/2025\/01\/15\/prioridades-na-janela-goleiro-vira-destaque-e-publicacao-para-paulinho-as-ultimas-noticias-do-vasco\/#respond\"]}],\"copyrightYear\":\"2025\",\"copyrightHolder\":{\"@id\":\"https:\/\/www.gaveanews.com\/#organization\"}},{\"@type\":\"WebPage\",\"@id\":\"https:\/\/www.gaveanews.com\/index.php\/2025\/01\/15\/prioridades-na-janela-goleiro-vira-destaque-e-publicacao-para-paulinho-as-ultimas-noticias-do-vasco\/\",\"url\":\"https:\/\/www.gaveanews.com\/index.php\/2025\/01\/15\/prioridades-na-janela-goleiro-vira-destaque-e-publicacao-para-paulinho-as-ultimas-noticias-do-vasco\/\",\"name\":\"Prioridades na janela, goleiro vira destaque e publica\u00e7\u00e3o para Paulinho: as \u00faltimas not\u00edcias do Vasco\",\"isPartOf\":{\"@id\":\"https:\/\/www.gaveanews.com\/#website\"},\"primaryImageOfPage\":{\"@id\":\"https:\/\/www.gaveanews.com\/index.php\/2025\/01\/15\/prioridades-na-janela-goleiro-vira-destaque-e-publicacao-para-paulinho-as-ultimas-noticias-do-vasco\/#primaryimage\"},\"image\":{\"@id\":\"https:\/\/www.gaveanews.com\/index.php\/2025\/01\/15\/prioridades-na-janela-goleiro-vira-destaque-e-publicacao-para-paulinho-as-ultimas-noticias-do-vasco\/#primaryimage\"},\"thumbnailUrl\":\"https:\/\/www.gaveanews.com\/wp-content\/uploads\/Jogadores-do-Vasco-durante-partida-contra-o-Atletico-GO-pela-Copa-do-Brasil-2024.webp\",\"datePublished\":\"2025-01-15T08:40:00+00:00\",\"author\":{\"@id\":\"https:\/\/www.gaveanews.com\/#\/schema\/person\/8207cd4627f56151707418bfc835b2fb\"},\"breadcrumb\":{\"@id\":\"https:\/\/www.gaveanews.com\/index.php\/2025\/01\/15\/prioridades-na-janela-goleiro-vira-destaque-e-publicacao-para-paulinho-as-ultimas-noticias-do-vasco\/#breadcrumb\"},\"inLanguage\":\"pt-BR\",\"potentialAction\":[{\"@type\":\"ReadAction\",\"target\":[\"https:\/\/www.gaveanews.com\/index.php\/2025\/01\/15\/prioridades-na-janela-goleiro-vira-destaque-e-publicacao-para-paulinho-as-ultimas-noticias-do-vasco\/\"]}]},{\"@type\":\"ImageObject\",\"inLanguage\":\"pt-BR\",\"@id\":\"https:\/\/www.gaveanews.com\/index.php\/2025\/01\/15\/prioridades-na-janela-goleiro-vira-destaque-e-publicacao-para-paulinho-as-ultimas-noticias-do-vasco\/#primaryimage\",\"url\":\"https:\/\/www.gaveanews.com\/wp-content\/uploads\/Jogadores-do-Vasco-durante-partida-contra-o-Atletico-GO-pela-Copa-do-Brasil-2024.webp\",\"contentUrl\":\"https:\/\/www.gaveanews.com\/wp-content\/uploads\/Jogadores-do-Vasco-durante-partida-contra-o-Atletico-GO-pela-Copa-do-Brasil-2024.webp\",\"width\":1440,\"height\":960,\"caption\":\"Jogadores do Vasco durante partida contra o Atletico-GO pela Copa do Brasil 2024 (Foto: Reprodu\u00e7\u00e3o\/Instagram)\"},{\"@type\":\"BreadcrumbList\",\"@id\":\"https:\/\/www.gaveanews.com\/index.php\/2025\/01\/15\/prioridades-na-janela-goleiro-vira-destaque-e-publicacao-para-paulinho-as-ultimas-noticias-do-vasco\/#breadcrumb\",\"itemListElement\":[{\"@type\":\"ListItem\",\"position\":1,\"name\":\"Home\",\"item\":\"https:\/\/www.gaveanews.com\/\"},{\"@type\":\"ListItem\",\"position\":2,\"name\":\"Prioridades na janela, goleiro vira destaque e publica\u00e7\u00e3o para Paulinho: as \u00faltimas not\u00edcias do Vasco\"}]},{\"@type\":\"WebSite\",\"@id\":\"https:\/\/www.gaveanews.com\/#website\",\"url\":\"https:\/\/www.gaveanews.com\/\",\"name\":\"G\u00e1vea News\",\"description\":\"Veja todas as not\u00edcias sobre o Flamengo: Contrata\u00e7\u00f5es, categorias de base, resultados das partidas, tabela de classifica\u00e7\u00e3o, pr\u00f3ximos jogos!\",\"potentialAction\":[{\"@type\":\"SearchAction\",\"target\":{\"@type\":\"EntryPoint\",\"urlTemplate\":\"https:\/\/www.gaveanews.com\/?s={search_term_string}\"},\"query-input\":{\"@type\":\"PropertyValueSpecification\",\"valueRequired\":true,\"valueName\":\"search_term_string\"}}],\"inLanguage\":\"pt-BR\"},{\"@type\":\"Person\",\"@id\":\"https:\/\/www.gaveanews.com\/#\/schema\/person\/8207cd4627f56151707418bfc835b2fb\",\"name\":\"Matheus Felipe\",\"image\":{\"@type\":\"ImageObject\",\"inLanguage\":\"pt-BR\",\"@id\":\"https:\/\/www.gaveanews.com\/#\/schema\/person\/image\/\",\"url\":\"https:\/\/secure.gravatar.com\/avatar\/a452ffbed9130f726358b298bb3a99ce4bd3c5338411f8440e87e14d74c7c087?s=96&d=mm&r=g\",\"contentUrl\":\"https:\/\/secure.gravatar.com\/avatar\/a452ffbed9130f726358b298bb3a99ce4bd3c5338411f8440e87e14d74c7c087?s=96&d=mm&r=g\",\"caption\":\"Matheus Felipe\"}}]}<\/script>\n<!-- \/ Yoast SEO Premium plugin. -->","yoast_head_json":{"title":"Prioridades na janela, goleiro vira destaque e publica\u00e7\u00e3o para Paulinho: as \u00faltimas not\u00edcias do Vasco","robots":{"index":"index","follow":"follow","max-snippet":"max-snippet:-1","max-image-preview":"max-image-preview:large","max-video-preview":"max-video-preview:-1"},"canonical":"https:\/\/www.gaveanews.com\/index.php\/2025\/01\/15\/prioridades-na-janela-goleiro-vira-destaque-e-publicacao-para-paulinho-as-ultimas-noticias-do-vasco\/","og_locale":"pt_BR","og_type":"article","og_title":"Prioridades na janela, goleiro vira destaque e publica\u00e7\u00e3o para Paulinho: as \u00faltimas not\u00edcias do Vasco","og_description":"Nas \u00faltimas horas, o foco das not\u00edcias sobre o Vasco se concentram nos bastidores doclube, com destaques do dia a dia do time. Por conta deste contexto, leia abaixo um resumo preparado pela equipe do portal G\u00e1vea News para lhe manter muito bem informado! Publica\u00e7\u00e3o para Paulinho O Vasco da Gama celebrou o anivers\u00e1rio de [&hellip;]","og_url":"https:\/\/www.gaveanews.com\/index.php\/2025\/01\/15\/prioridades-na-janela-goleiro-vira-destaque-e-publicacao-para-paulinho-as-ultimas-noticias-do-vasco\/","og_site_name":"G\u00e1vea News","article_publisher":"https:\/\/facebook.com\/gaveaNews\/","article_published_time":"2025-01-15T08:40:00+00:00","og_image":[{"width":1440,"height":960,"url":"https:\/\/www.gaveanews.com\/wp-content\/uploads\/Jogadores-do-Vasco-durante-partida-contra-o-Atletico-GO-pela-Copa-do-Brasil-2024.webp","type":"image\/jpeg"}],"author":"Matheus Felipe","twitter_card":"summary_large_image","twitter_misc":{"Escrito por":"Matheus Felipe","Est. tempo de leitura":"5 minutos"},"schema":{"@context":"https:\/\/schema.org","@graph":[{"@type":"NewsArticle","@id":"https:\/\/www.gaveanews.com\/index.php\/2025\/01\/15\/prioridades-na-janela-goleiro-vira-destaque-e-publicacao-para-paulinho-as-ultimas-noticias-do-vasco\/#article","isPartOf":{"@id":"https:\/\/www.gaveanews.com\/index.php\/2025\/01\/15\/prioridades-na-janela-goleiro-vira-destaque-e-publicacao-para-paulinho-as-ultimas-noticias-do-vasco\/"},"author":{"name":"Matheus Felipe","@id":"https:\/\/www.gaveanews.com\/#\/schema\/person\/8207cd4627f56151707418bfc835b2fb"},"headline":"Prioridades na janela, goleiro vira destaque e publica\u00e7\u00e3o para Paulinho: as \u00faltimas not\u00edcias do Vasco","datePublished":"2025-01-15T08:40:00+00:00","mainEntityOfPage":{"@id":"https:\/\/www.gaveanews.com\/index.php\/2025\/01\/15\/prioridades-na-janela-goleiro-vira-destaque-e-publicacao-para-paulinho-as-ultimas-noticias-do-vasco\/"},"wordCount":668,"commentCount":0,"image":{"@id":"https:\/\/www.gaveanews.com\/index.php\/2025\/01\/15\/prioridades-na-janela-goleiro-vira-destaque-e-publicacao-para-paulinho-as-ultimas-noticias-do-vasco\/#primaryimage"},"thumbnailUrl":"https:\/\/www.gaveanews.com\/wp-content\/uploads\/Jogadores-do-Vasco-durante-partida-contra-o-Atletico-GO-pela-Copa-do-Brasil-2024.webp","articleSection":["Vasco"],"inLanguage":"pt-BR","potentialAction":[{"@type":"CommentAction","name":"Comment","target":["https:\/\/www.gaveanews.com\/index.php\/2025\/01\/15\/prioridades-na-janela-goleiro-vira-destaque-e-publicacao-para-paulinho-as-ultimas-noticias-do-vasco\/#respond"]}],"copyrightYear":"2025","copyrightHolder":{"@id":"https:\/\/www.gaveanews.com\/#organization"}},{"@type":"WebPage","@id":"https:\/\/www.gaveanews.com\/index.php\/2025\/01\/15\/prioridades-na-janela-goleiro-vira-destaque-e-publicacao-para-paulinho-as-ultimas-noticias-do-vasco\/","url":"https:\/\/www.gaveanews.com\/index.php\/2025\/01\/15\/prioridades-na-janela-goleiro-vira-destaque-e-publicacao-para-paulinho-as-ultimas-noticias-do-vasco\/","name":"Prioridades na janela, goleiro vira destaque e publica\u00e7\u00e3o para Paulinho: as \u00faltimas not\u00edcias do Vasco","isPartOf":{"@id":"https:\/\/www.gaveanews.com\/#website"},"primaryImageOfPage":{"@id":"https:\/\/www.gaveanews.com\/index.php\/2025\/01\/15\/prioridades-na-janela-goleiro-vira-destaque-e-publicacao-para-paulinho-as-ultimas-noticias-do-vasco\/#primaryimage"},"image":{"@id":"https:\/\/www.gaveanews.com\/index.php\/2025\/01\/15\/prioridades-na-janela-goleiro-vira-destaque-e-publicacao-para-paulinho-as-ultimas-noticias-do-vasco\/#primaryimage"},"thumbnailUrl":"https:\/\/www.gaveanews.com\/wp-content\/uploads\/Jogadores-do-Vasco-durante-partida-contra-o-Atletico-GO-pela-Copa-do-Brasil-2024.webp","datePublished":"2025-01-15T08:40:00+00:00","author":{"@id":"https:\/\/www.gaveanews.com\/#\/schema\/person\/8207cd4627f56151707418bfc835b2fb"},"breadcrumb":{"@id":"https:\/\/www.gaveanews.com\/index.php\/2025\/01\/15\/prioridades-na-janela-goleiro-vira-destaque-e-publicacao-para-paulinho-as-ultimas-noticias-do-vasco\/#breadcrumb"},"inLanguage":"pt-BR","potentialAction":[{"@type":"ReadAction","target":["https:\/\/www.gaveanews.com\/index.php\/2025\/01\/15\/prioridades-na-janela-goleiro-vira-destaque-e-publicacao-para-paulinho-as-ultimas-noticias-do-vasco\/"]}]},{"@type":"ImageObject","inLanguage":"pt-BR","@id":"https:\/\/www.gaveanews.com\/index.php\/2025\/01\/15\/prioridades-na-janela-goleiro-vira-destaque-e-publicacao-para-paulinho-as-ultimas-noticias-do-vasco\/#primaryimage","url":"https:\/\/www.gaveanews.com\/wp-content\/uploads\/Jogadores-do-Vasco-durante-partida-contra-o-Atletico-GO-pela-Copa-do-Brasil-2024.webp","contentUrl":"https:\/\/www.gaveanews.com\/wp-content\/uploads\/Jogadores-do-Vasco-durante-partida-contra-o-Atletico-GO-pela-Copa-do-Brasil-2024.webp","width":1440,"height":960,"caption":"Jogadores do Vasco durante partida contra o Atletico-GO pela Copa do Brasil 2024 (Foto: Reprodu\u00e7\u00e3o\/Instagram)"},{"@type":"BreadcrumbList","@id":"https:\/\/www.gaveanews.com\/index.php\/2025\/01\/15\/prioridades-na-janela-goleiro-vira-destaque-e-publicacao-para-paulinho-as-ultimas-noticias-do-vasco\/#breadcrumb","itemListElement":[{"@type":"ListItem","position":1,"name":"Home","item":"https:\/\/www.gaveanews.com\/"},{"@type":"ListItem","position":2,"name":"Prioridades na janela, goleiro vira destaque e publica\u00e7\u00e3o para Paulinho: as \u00faltimas not\u00edcias do Vasco"}]},{"@type":"WebSite","@id":"https:\/\/www.gaveanews.com\/#website","url":"https:\/\/www.gaveanews.com\/","name":"G\u00e1vea News","description":"Veja todas as not\u00edcias sobre o Flamengo: Contrata\u00e7\u00f5es, categorias de base, resultados das partidas, tabela de classifica\u00e7\u00e3o, pr\u00f3ximos jogos!","potentialAction":[{"@type":"SearchAction","target":{"@type":"EntryPoint","urlTemplate":"https:\/\/www.gaveanews.com\/?s={search_term_string}"},"query-input":{"@type":"PropertyValueSpecification","valueRequired":true,"valueName":"search_term_string"}}],"inLanguage":"pt-BR"},{"@type":"Person","@id":"https:\/\/www.gaveanews.com\/#\/schema\/person\/8207cd4627f56151707418bfc835b2fb","name":"Matheus Felipe","image":{"@type":"ImageObject","inLanguage":"pt-BR","@id":"https:\/\/www.gaveanews.com\/#\/schema\/person\/image\/","url":"https:\/\/secure.gravatar.com\/avatar\/a452ffbed9130f726358b298bb3a99ce4bd3c5338411f8440e87e14d74c7c087?s=96&d=mm&r=g","contentUrl":"https:\/\/secure.gravatar.com\/avatar\/a452ffbed9130f726358b298bb3a99ce4bd3c5338411f8440e87e14d74c7c087?s=96&d=mm&r=g","caption":"Matheus Felipe"}}]}},"_links":{"self":[{"href":"https:\/\/www.gaveanews.com\/index.php\/wp-json\/wp\/v2\/posts\/212732","targetHints":{"allow":["GET"]}}],"collection":[{"href":"https:\/\/www.gaveanews.com\/index.php\/wp-json\/wp\/v2\/posts"}],"about":[{"href":"https:\/\/www.gaveanews.com\/index.php\/wp-json\/wp\/v2\/types\/post"}],"author":[{"embeddable":true,"href":"https:\/\/www.gaveanews.com\/index.php\/wp-json\/wp\/v2\/users\/27"}],"replies":[{"embeddable":true,"href":"https:\/\/www.gaveanews.com\/index.php\/wp-json\/wp\/v2\/comments?post=212732"}],"version-history":[{"count":1,"href":"https:\/\/www.gaveanews.com\/index.php\/wp-json\/wp\/v2\/posts\/212732\/revisions"}],"predecessor-version":[{"id":212733,"href":"https:\/\/www.gaveanews.com\/index.php\/wp-json\/wp\/v2\/posts\/212732\/revisions\/212733"}],"wp:featuredmedia":[{"embeddable":true,"href":"https:\/\/www.gaveanews.com\/index.php\/wp-json\/wp\/v2\/media\/157096"}],"wp:attachment":[{"href":"https:\/\/www.gaveanews.com\/index.php\/wp-json\/wp\/v2\/media?parent=212732"}],"wp:term":[{"taxonomy":"category","embeddable":true,"href":"https:\/\/www.gaveanews.com\/index.php\/wp-json\/wp\/v2\/categories?post=212732"},{"taxonomy":"post_tag","embeddable":true,"href":"https:\/\/www.gaveanews.com\/index.php\/wp-json\/wp\/v2\/tags?post=212732"}],"curies":[{"name":"wp","href":"https:\/\/api.w.org\/{rel}","templated":true}]}}