{"id":212746,"date":"2025-01-15T06:25:00","date_gmt":"2025-01-15T09:25:00","guid":{"rendered":"https:\/\/www.gaveanews.com\/?p=212746"},"modified":"2025-01-15T01:38:05","modified_gmt":"2025-01-15T04:38:05","slug":"declaracao-de-leila-pereira-maior-time-do-brasil-e-contratacao-de-jorginho-as-ultimas-noticias-do-palmeiras","status":"publish","type":"post","link":"https:\/\/www.gaveanews.com\/index.php\/2025\/01\/15\/declaracao-de-leila-pereira-maior-time-do-brasil-e-contratacao-de-jorginho-as-ultimas-noticias-do-palmeiras\/","title":{"rendered":"Declara\u00e7\u00e3o de Leila Pereira, maior time do Brasil e contrata\u00e7\u00e3o de  Jorginho: as \u00faltimas not\u00edcias do Palmeiras"},"content":{"rendered":"\n<p>Nas \u00faltimas horas, o foco das not\u00edcias sobre o Palmeiras se concentram nos bastidores do clube, com destaques do dia a dia do time.<\/p>\n\n\n\n<p>Por conta deste contexto, leia abaixo um resumo preparado pela equipe do portal G\u00e1vea News para lhe manter muito bem informado!<\/p>\n\n\n\n<h2 class=\"wp-block-heading\" id=\"h-contratacao-de-jorginho\">Contrata\u00e7\u00e3o de  Jorginho<\/h2>\n\n\n\n<p>O Palmeiras recebeu uma oferta para contratar Jorginho, meio-campista do Arsenal, mas a proposta n\u00e3o causou grande entusiasmo na diretoria do clube paulista. O jogador, com contrato at\u00e9 junho de 2025, foi oferecido por seus empres\u00e1rios, que cogitam buscar uma libera\u00e7\u00e3o antecipada junto ao time ingl\u00eas. Apesar de Jorginho enxergar com bons olhos a possibilidade de atuar no futebol brasileiro, o Palmeiras tem outras prioridades no mercado e considera Andreas Pereira, atualmente no Fulham, como seu principal alvo para refor\u00e7ar o meio-campo <strong><a href=\"https:\/\/www.gaveanews.com\/index.php\/2025\/01\/10\/palmeiras-reage-a-oferta-para-contratar-jorginho-do-arsenal\/\">(leia a mat\u00e9ria completa).<\/a><\/strong><\/p>\n\n\n\n<figure class=\"wp-block-image size-full\"><img loading=\"lazy\" decoding=\"async\" width=\"720\" height=\"480\" src=\"https:\/\/www.gaveanews.com\/wp-content\/uploads\/jorginhofrello_1706562684408-edited.webp\" alt=\"\" class=\"wp-image-124380\" srcset=\"https:\/\/www.gaveanews.com\/wp-content\/uploads\/jorginhofrello_1706562684408-edited.webp 720w, https:\/\/www.gaveanews.com\/wp-content\/uploads\/jorginhofrello_1706562684408-edited-300x200.webp 300w, https:\/\/www.gaveanews.com\/wp-content\/uploads\/jorginhofrello_1706562684408-edited-630x420.webp 630w, https:\/\/www.gaveanews.com\/wp-content\/uploads\/jorginhofrello_1706562684408-edited-640x427.webp 640w, https:\/\/www.gaveanews.com\/wp-content\/uploads\/jorginhofrello_1706562684408-edited-681x454.webp 681w, https:\/\/www.gaveanews.com\/wp-content\/uploads\/jorginhofrello_1706562684408-edited-100x67.webp 100w\" sizes=\"auto, (max-width: 720px) 100vw, 720px\" \/><figcaption class=\"wp-element-caption\">Jorginho pela sele\u00e7\u00e3o da It\u00e1lia (Foto: Reprodu\u00e7\u00e3o\/Instagram)<\/figcaption><\/figure>\n\n\n\n<p>A negocia\u00e7\u00e3o por Jorginho n\u00e3o avan\u00e7ou, e fontes internas do Palmeiras minimizaram a proposta, afirmando que &#8220;o que mais tem \u00e9 jogador sendo oferecido&#8221;. O clube est\u00e1 focado em trazer refor\u00e7os estrat\u00e9gicos e segue firme nas tratativas por Andreas Pereira, que j\u00e1 atuou pelo Flamengo e \u00e9 visto como a pe\u00e7a ideal para atender \u00e0s necessidades da equipe comandada por Abel Ferreira.<\/p>\n\n\n\n<p>Com isso, o futuro de Jorginho no futebol brasileiro ainda \u00e9 incerto. Caso o Palmeiras mantenha seu foco em outras op\u00e7\u00f5es, o jogador poder\u00e1 ser oferecido a outros clubes do Brasil. A decis\u00e3o final depender\u00e1 do Arsenal e do pr\u00f3prio atleta, que busca definir seu pr\u00f3ximo passo antes do t\u00e9rmino de seu contrato. A expectativa \u00e9 que novos desdobramentos surjam nos pr\u00f3ximos dias.<\/p>\n\n\n\n<h2 class=\"wp-block-heading\" id=\"h-maior-time-do-brasil\">Maior time do Brasil<\/h2>\n\n\n\n<p>Uma enquete promovida pela p\u00e1gina argentina \u201cPunto Futbol\u201d apontou o Flamengo como o maior time brasileiro da hist\u00f3ria, segundo a opini\u00e3o de 100 torcedores argentinos. O Rubro-Negro recebeu 34 votos, o dobro do segundo colocado, S\u00e3o Paulo, que obteve 15. O resultado reflete o sucesso recente do Flamengo, tricampe\u00e3o da Libertadores, que se consolidou como refer\u00eancia no futebol sul-americano ao acumular t\u00edtulos e participa\u00e7\u00f5es em finais entre 2019 e 2023 <strong><a href=\"https:\/\/www.gaveanews.com\/index.php\/2025\/01\/10\/torcida-argentina-aponta-qual-e-o-maior-time-do-brasil\/\">(leia a mat\u00e9ria completa).<\/a><\/strong><\/p>\n\n\n\n<figure class=\"wp-block-image size-large\"><img loading=\"lazy\" decoding=\"async\" width=\"1024\" height=\"683\" src=\"https:\/\/www.gaveanews.com\/wp-content\/uploads\/Escudo-da-CBF-1024x683.webp\" alt=\"\" class=\"wp-image-172597\" srcset=\"https:\/\/www.gaveanews.com\/wp-content\/uploads\/Escudo-da-CBF-1024x683.webp 1024w, https:\/\/www.gaveanews.com\/wp-content\/uploads\/Escudo-da-CBF-300x200.webp 300w, https:\/\/www.gaveanews.com\/wp-content\/uploads\/Escudo-da-CBF-768x512.webp 768w, https:\/\/www.gaveanews.com\/wp-content\/uploads\/Escudo-da-CBF-630x420.webp 630w, https:\/\/www.gaveanews.com\/wp-content\/uploads\/Escudo-da-CBF-1260x840.webp 1260w, https:\/\/www.gaveanews.com\/wp-content\/uploads\/Escudo-da-CBF-640x427.webp 640w, https:\/\/www.gaveanews.com\/wp-content\/uploads\/Escudo-da-CBF-1280x853.webp 1280w, https:\/\/www.gaveanews.com\/wp-content\/uploads\/Escudo-da-CBF-681x454.webp 681w, https:\/\/www.gaveanews.com\/wp-content\/uploads\/Escudo-da-CBF-100x67.webp 100w, https:\/\/www.gaveanews.com\/wp-content\/uploads\/Escudo-da-CBF.webp 1350w\" sizes=\"auto, (max-width: 1024px) 100vw, 1024px\" \/><figcaption class=\"wp-element-caption\">Escudo da CBF (Foto: Reprodu\u00e7\u00e3o)<\/figcaption><\/figure>\n\n\n\n<p>O S\u00e3o Paulo, tricampe\u00e3o da Libertadores e do Mundial de Clubes, ficou em segundo lugar, seguido de perto pelo Palmeiras, com 14 votos, atual bicampe\u00e3o continental sob o comando de Abel Ferreira. A pesquisa mostrou como o hist\u00f3rico de conquistas internacionais \u00e9 um fator determinante na percep\u00e7\u00e3o de grandeza dos clubes. Enquanto isso, times como Santos, de Pel\u00e9, e Gr\u00eamio, com trajet\u00f3rias marcantes, ficaram abaixo do esperado, com apenas tr\u00eas e um voto, respectivamente.<\/p>\n\n\n\n<p>O levantamento tamb\u00e9m evidencia o dom\u00ednio recente dos clubes brasileiros na Am\u00e9rica do Sul. Entre 2019 e 2023, Flamengo, Palmeiras, Fluminense e Botafogo conquistaram a Libertadores, refor\u00e7ando a hegemonia nacional no continente. A for\u00e7a do futebol brasileiro no cen\u00e1rio internacional continua a atrair o reconhecimento e a admira\u00e7\u00e3o de torcedores de outras nacionalidades.<\/p>\n\n\n\n<h2 class=\"wp-block-heading\" id=\"h-declaracao-de-leila-pereira\">Declara\u00e7\u00e3o de Leila Pereira<\/h2>\n\n\n\n<p>O Manchester City est\u00e1 interessado na contrata\u00e7\u00e3o do zagueiro Vitor Reis, destaque do Palmeiras. Apesar do interesse, a presidente Leila Pereira afirmou que ainda n\u00e3o recebeu nenhuma proposta oficial pelo jogador. O clube ingl\u00eas estaria disposto a desembolsar 40 milh\u00f5es de euros (cerca de R$ 250 milh\u00f5es), mas o desejo da diretoria alviverde \u00e9 manter o atleta ao menos at\u00e9 a disputa do Super Mundial, que ocorrer\u00e1 em junho e julho deste ano <strong><a href=\"https:\/\/www.gaveanews.com\/index.php\/2025\/01\/10\/palmeiras-a-declaracao-de-leila-pereira-direcionada-a-vitor-reis\/\">(leia a mat\u00e9ria completa)<\/a><\/strong><\/p>\n\n\n\n<figure class=\"wp-block-image size-full\"><img loading=\"lazy\" decoding=\"async\" width=\"696\" height=\"385\" src=\"https:\/\/www.gaveanews.com\/wp-content\/uploads\/A-presidente-Leila-Pereira-da-SE-Palmeiras-durante-coletiva-de-imprensa-na-Academia-de-Futebol-2-696x385-1.webp\" alt=\"\" class=\"wp-image-142474\" srcset=\"https:\/\/www.gaveanews.com\/wp-content\/uploads\/A-presidente-Leila-Pereira-da-SE-Palmeiras-durante-coletiva-de-imprensa-na-Academia-de-Futebol-2-696x385-1.webp 696w, https:\/\/www.gaveanews.com\/wp-content\/uploads\/A-presidente-Leila-Pereira-da-SE-Palmeiras-durante-coletiva-de-imprensa-na-Academia-de-Futebol-2-696x385-1-300x166.webp 300w, https:\/\/www.gaveanews.com\/wp-content\/uploads\/A-presidente-Leila-Pereira-da-SE-Palmeiras-durante-coletiva-de-imprensa-na-Academia-de-Futebol-2-696x385-1-640x354.webp 640w, https:\/\/www.gaveanews.com\/wp-content\/uploads\/A-presidente-Leila-Pereira-da-SE-Palmeiras-durante-coletiva-de-imprensa-na-Academia-de-Futebol-2-696x385-1-681x377.webp 681w, https:\/\/www.gaveanews.com\/wp-content\/uploads\/A-presidente-Leila-Pereira-da-SE-Palmeiras-durante-coletiva-de-imprensa-na-Academia-de-Futebol-2-696x385-1-100x55.webp 100w\" sizes=\"auto, (max-width: 696px) 100vw, 696px\" \/><figcaption class=\"wp-element-caption\">Leila Pereira em coletiva &#8211; Foto: Cesar Greco\/Palmeiras<\/figcaption><\/figure>\n\n\n\n<p>Leila Pereira elogiou o talento de Vitor Reis, ressaltando sua import\u00e2ncia para o time e o desejo de contar com ele para fortalecer a equipe no Mundial de Clubes. No entanto, a presidente tamb\u00e9m admitiu que, caso surja uma proposta vantajosa para ambas as partes, o clube est\u00e1 aberto a negocia\u00e7\u00f5es. Segundo ela, \u201cmuitos clubes europeus est\u00e3o interessados\u201d, mas, por ora, apenas sondagens foram feitas.<\/p>\n\n\n\n<p>Vitor Reis, que estreou pelo time principal em junho de 2024 e j\u00e1 soma 22 partidas e dois gols, \u00e9 considerado uma joia da base do Palmeiras. Embora o clube veja potencial para o jogador crescer ainda mais no Brasil, uma oferta do porte da que o Manchester City pode apresentar dificilmente ser\u00e1 recusada. Assim, o futuro do zagueiro depende do avan\u00e7o das negocia\u00e7\u00f5es nos pr\u00f3ximos meses.<\/p>\n","protected":false},"excerpt":{"rendered":"<p>Nas \u00faltimas horas, o foco das not\u00edcias sobre o Palmeiras se concentram nos bastidores do clube, com destaques do dia a dia do time. Por conta deste contexto, leia abaixo um resumo preparado pela equipe do portal G\u00e1vea News para lhe manter muito bem informado! Contrata\u00e7\u00e3o de Jorginho O Palmeiras recebeu uma oferta para contratar [&hellip;]<\/p>\n","protected":false},"author":27,"featured_media":152159,"comment_status":"open","ping_status":"closed","sticky":false,"template":"","format":"standard","meta":{"footnotes":""},"categories":[150],"tags":[],"class_list":["post-212746","post","type-post","status-publish","format-standard","has-post-thumbnail","hentry","category-palmeiras"],"yoast_head":"<!-- This site is optimized with the Yoast SEO Premium plugin v24.2 (Yoast SEO v26.9) - https:\/\/yoast.com\/product\/yoast-seo-premium-wordpress\/ -->\n<title>Declara\u00e7\u00e3o de Leila Pereira, maior time do Brasil e contrata\u00e7\u00e3o de Jorginho: as \u00faltimas not\u00edcias do Palmeiras<\/title>\n<meta name=\"robots\" content=\"index, follow, max-snippet:-1, max-image-preview:large, max-video-preview:-1\" \/>\n<link rel=\"canonical\" href=\"https:\/\/www.gaveanews.com\/index.php\/2025\/01\/15\/declaracao-de-leila-pereira-maior-time-do-brasil-e-contratacao-de-jorginho-as-ultimas-noticias-do-palmeiras\/\" \/>\n<meta property=\"og:locale\" content=\"pt_BR\" \/>\n<meta property=\"og:type\" content=\"article\" \/>\n<meta property=\"og:title\" content=\"Declara\u00e7\u00e3o de Leila Pereira, maior time do Brasil e contrata\u00e7\u00e3o de Jorginho: as \u00faltimas not\u00edcias do Palmeiras\" \/>\n<meta property=\"og:description\" content=\"Nas \u00faltimas horas, o foco das not\u00edcias sobre o Palmeiras se concentram nos bastidores do clube, com destaques do dia a dia do time. Por conta deste contexto, leia abaixo um resumo preparado pela equipe do portal G\u00e1vea News para lhe manter muito bem informado! Contrata\u00e7\u00e3o de Jorginho O Palmeiras recebeu uma oferta para contratar [&hellip;]\" \/>\n<meta property=\"og:url\" content=\"https:\/\/www.gaveanews.com\/index.php\/2025\/01\/15\/declaracao-de-leila-pereira-maior-time-do-brasil-e-contratacao-de-jorginho-as-ultimas-noticias-do-palmeiras\/\" \/>\n<meta property=\"og:site_name\" content=\"G\u00e1vea News\" \/>\n<meta property=\"article:publisher\" content=\"https:\/\/facebook.com\/gaveaNews\/\" \/>\n<meta property=\"article:published_time\" content=\"2025-01-15T09:25:00+00:00\" \/>\n<meta property=\"og:image\" content=\"https:\/\/www.gaveanews.com\/wp-content\/uploads\/Escudo-do-Palmeiras.webp\" \/>\n\t<meta property=\"og:image:width\" content=\"1000\" \/>\n\t<meta property=\"og:image:height\" content=\"667\" \/>\n\t<meta property=\"og:image:type\" content=\"image\/webp\" \/>\n<meta name=\"author\" content=\"Matheus Felipe\" \/>\n<meta name=\"twitter:card\" content=\"summary_large_image\" \/>\n<meta name=\"twitter:label1\" content=\"Escrito por\" \/>\n\t<meta name=\"twitter:data1\" content=\"Matheus Felipe\" \/>\n\t<meta name=\"twitter:label2\" content=\"Est. tempo de leitura\" \/>\n\t<meta name=\"twitter:data2\" content=\"5 minutos\" \/>\n<script type=\"application\/ld+json\" class=\"yoast-schema-graph\">{\"@context\":\"https:\/\/schema.org\",\"@graph\":[{\"@type\":\"NewsArticle\",\"@id\":\"https:\/\/www.gaveanews.com\/index.php\/2025\/01\/15\/declaracao-de-leila-pereira-maior-time-do-brasil-e-contratacao-de-jorginho-as-ultimas-noticias-do-palmeiras\/#article\",\"isPartOf\":{\"@id\":\"https:\/\/www.gaveanews.com\/index.php\/2025\/01\/15\/declaracao-de-leila-pereira-maior-time-do-brasil-e-contratacao-de-jorginho-as-ultimas-noticias-do-palmeiras\/\"},\"author\":{\"name\":\"Matheus Felipe\",\"@id\":\"https:\/\/www.gaveanews.com\/#\/schema\/person\/8207cd4627f56151707418bfc835b2fb\"},\"headline\":\"Declara\u00e7\u00e3o de Leila Pereira, maior time do Brasil e contrata\u00e7\u00e3o de Jorginho: as \u00faltimas not\u00edcias do Palmeiras\",\"datePublished\":\"2025-01-15T09:25:00+00:00\",\"mainEntityOfPage\":{\"@id\":\"https:\/\/www.gaveanews.com\/index.php\/2025\/01\/15\/declaracao-de-leila-pereira-maior-time-do-brasil-e-contratacao-de-jorginho-as-ultimas-noticias-do-palmeiras\/\"},\"wordCount\":762,\"commentCount\":0,\"image\":{\"@id\":\"https:\/\/www.gaveanews.com\/index.php\/2025\/01\/15\/declaracao-de-leila-pereira-maior-time-do-brasil-e-contratacao-de-jorginho-as-ultimas-noticias-do-palmeiras\/#primaryimage\"},\"thumbnailUrl\":\"https:\/\/www.gaveanews.com\/wp-content\/uploads\/Escudo-do-Palmeiras.webp\",\"articleSection\":[\"Palmeiras\"],\"inLanguage\":\"pt-BR\",\"potentialAction\":[{\"@type\":\"CommentAction\",\"name\":\"Comment\",\"target\":[\"https:\/\/www.gaveanews.com\/index.php\/2025\/01\/15\/declaracao-de-leila-pereira-maior-time-do-brasil-e-contratacao-de-jorginho-as-ultimas-noticias-do-palmeiras\/#respond\"]}],\"copyrightYear\":\"2025\",\"copyrightHolder\":{\"@id\":\"https:\/\/www.gaveanews.com\/#organization\"}},{\"@type\":\"WebPage\",\"@id\":\"https:\/\/www.gaveanews.com\/index.php\/2025\/01\/15\/declaracao-de-leila-pereira-maior-time-do-brasil-e-contratacao-de-jorginho-as-ultimas-noticias-do-palmeiras\/\",\"url\":\"https:\/\/www.gaveanews.com\/index.php\/2025\/01\/15\/declaracao-de-leila-pereira-maior-time-do-brasil-e-contratacao-de-jorginho-as-ultimas-noticias-do-palmeiras\/\",\"name\":\"Declara\u00e7\u00e3o de Leila Pereira, maior time do Brasil e contrata\u00e7\u00e3o de Jorginho: as \u00faltimas not\u00edcias do Palmeiras\",\"isPartOf\":{\"@id\":\"https:\/\/www.gaveanews.com\/#website\"},\"primaryImageOfPage\":{\"@id\":\"https:\/\/www.gaveanews.com\/index.php\/2025\/01\/15\/declaracao-de-leila-pereira-maior-time-do-brasil-e-contratacao-de-jorginho-as-ultimas-noticias-do-palmeiras\/#primaryimage\"},\"image\":{\"@id\":\"https:\/\/www.gaveanews.com\/index.php\/2025\/01\/15\/declaracao-de-leila-pereira-maior-time-do-brasil-e-contratacao-de-jorginho-as-ultimas-noticias-do-palmeiras\/#primaryimage\"},\"thumbnailUrl\":\"https:\/\/www.gaveanews.com\/wp-content\/uploads\/Escudo-do-Palmeiras.webp\",\"datePublished\":\"2025-01-15T09:25:00+00:00\",\"author\":{\"@id\":\"https:\/\/www.gaveanews.com\/#\/schema\/person\/8207cd4627f56151707418bfc835b2fb\"},\"breadcrumb\":{\"@id\":\"https:\/\/www.gaveanews.com\/index.php\/2025\/01\/15\/declaracao-de-leila-pereira-maior-time-do-brasil-e-contratacao-de-jorginho-as-ultimas-noticias-do-palmeiras\/#breadcrumb\"},\"inLanguage\":\"pt-BR\",\"potentialAction\":[{\"@type\":\"ReadAction\",\"target\":[\"https:\/\/www.gaveanews.com\/index.php\/2025\/01\/15\/declaracao-de-leila-pereira-maior-time-do-brasil-e-contratacao-de-jorginho-as-ultimas-noticias-do-palmeiras\/\"]}]},{\"@type\":\"ImageObject\",\"inLanguage\":\"pt-BR\",\"@id\":\"https:\/\/www.gaveanews.com\/index.php\/2025\/01\/15\/declaracao-de-leila-pereira-maior-time-do-brasil-e-contratacao-de-jorginho-as-ultimas-noticias-do-palmeiras\/#primaryimage\",\"url\":\"https:\/\/www.gaveanews.com\/wp-content\/uploads\/Escudo-do-Palmeiras.webp\",\"contentUrl\":\"https:\/\/www.gaveanews.com\/wp-content\/uploads\/Escudo-do-Palmeiras.webp\",\"width\":1000,\"height\":667,\"caption\":\"Escudo do Palmeiras (Foto Reprodu\u00e7\u00e3o\/Instagram)\"},{\"@type\":\"BreadcrumbList\",\"@id\":\"https:\/\/www.gaveanews.com\/index.php\/2025\/01\/15\/declaracao-de-leila-pereira-maior-time-do-brasil-e-contratacao-de-jorginho-as-ultimas-noticias-do-palmeiras\/#breadcrumb\",\"itemListElement\":[{\"@type\":\"ListItem\",\"position\":1,\"name\":\"Home\",\"item\":\"https:\/\/www.gaveanews.com\/\"},{\"@type\":\"ListItem\",\"position\":2,\"name\":\"Declara\u00e7\u00e3o de Leila Pereira, maior time do Brasil e contrata\u00e7\u00e3o de Jorginho: as \u00faltimas not\u00edcias do Palmeiras\"}]},{\"@type\":\"WebSite\",\"@id\":\"https:\/\/www.gaveanews.com\/#website\",\"url\":\"https:\/\/www.gaveanews.com\/\",\"name\":\"G\u00e1vea News\",\"description\":\"Veja todas as not\u00edcias sobre o Flamengo: Contrata\u00e7\u00f5es, categorias de base, resultados das partidas, tabela de classifica\u00e7\u00e3o, pr\u00f3ximos jogos!\",\"potentialAction\":[{\"@type\":\"SearchAction\",\"target\":{\"@type\":\"EntryPoint\",\"urlTemplate\":\"https:\/\/www.gaveanews.com\/?s={search_term_string}\"},\"query-input\":{\"@type\":\"PropertyValueSpecification\",\"valueRequired\":true,\"valueName\":\"search_term_string\"}}],\"inLanguage\":\"pt-BR\"},{\"@type\":\"Person\",\"@id\":\"https:\/\/www.gaveanews.com\/#\/schema\/person\/8207cd4627f56151707418bfc835b2fb\",\"name\":\"Matheus Felipe\",\"image\":{\"@type\":\"ImageObject\",\"inLanguage\":\"pt-BR\",\"@id\":\"https:\/\/www.gaveanews.com\/#\/schema\/person\/image\/\",\"url\":\"https:\/\/secure.gravatar.com\/avatar\/a452ffbed9130f726358b298bb3a99ce4bd3c5338411f8440e87e14d74c7c087?s=96&d=mm&r=g\",\"contentUrl\":\"https:\/\/secure.gravatar.com\/avatar\/a452ffbed9130f726358b298bb3a99ce4bd3c5338411f8440e87e14d74c7c087?s=96&d=mm&r=g\",\"caption\":\"Matheus Felipe\"}}]}<\/script>\n<!-- \/ Yoast SEO Premium plugin. -->","yoast_head_json":{"title":"Declara\u00e7\u00e3o de Leila Pereira, maior time do Brasil e contrata\u00e7\u00e3o de Jorginho: as \u00faltimas not\u00edcias do Palmeiras","robots":{"index":"index","follow":"follow","max-snippet":"max-snippet:-1","max-image-preview":"max-image-preview:large","max-video-preview":"max-video-preview:-1"},"canonical":"https:\/\/www.gaveanews.com\/index.php\/2025\/01\/15\/declaracao-de-leila-pereira-maior-time-do-brasil-e-contratacao-de-jorginho-as-ultimas-noticias-do-palmeiras\/","og_locale":"pt_BR","og_type":"article","og_title":"Declara\u00e7\u00e3o de Leila Pereira, maior time do Brasil e contrata\u00e7\u00e3o de Jorginho: as \u00faltimas not\u00edcias do Palmeiras","og_description":"Nas \u00faltimas horas, o foco das not\u00edcias sobre o Palmeiras se concentram nos bastidores do clube, com destaques do dia a dia do time. Por conta deste contexto, leia abaixo um resumo preparado pela equipe do portal G\u00e1vea News para lhe manter muito bem informado! Contrata\u00e7\u00e3o de Jorginho O Palmeiras recebeu uma oferta para contratar [&hellip;]","og_url":"https:\/\/www.gaveanews.com\/index.php\/2025\/01\/15\/declaracao-de-leila-pereira-maior-time-do-brasil-e-contratacao-de-jorginho-as-ultimas-noticias-do-palmeiras\/","og_site_name":"G\u00e1vea News","article_publisher":"https:\/\/facebook.com\/gaveaNews\/","article_published_time":"2025-01-15T09:25:00+00:00","og_image":[{"width":1000,"height":667,"url":"https:\/\/www.gaveanews.com\/wp-content\/uploads\/Escudo-do-Palmeiras.webp","type":"image\/webp"}],"author":"Matheus Felipe","twitter_card":"summary_large_image","twitter_misc":{"Escrito por":"Matheus Felipe","Est. tempo de leitura":"5 minutos"},"schema":{"@context":"https:\/\/schema.org","@graph":[{"@type":"NewsArticle","@id":"https:\/\/www.gaveanews.com\/index.php\/2025\/01\/15\/declaracao-de-leila-pereira-maior-time-do-brasil-e-contratacao-de-jorginho-as-ultimas-noticias-do-palmeiras\/#article","isPartOf":{"@id":"https:\/\/www.gaveanews.com\/index.php\/2025\/01\/15\/declaracao-de-leila-pereira-maior-time-do-brasil-e-contratacao-de-jorginho-as-ultimas-noticias-do-palmeiras\/"},"author":{"name":"Matheus Felipe","@id":"https:\/\/www.gaveanews.com\/#\/schema\/person\/8207cd4627f56151707418bfc835b2fb"},"headline":"Declara\u00e7\u00e3o de Leila Pereira, maior time do Brasil e contrata\u00e7\u00e3o de Jorginho: as \u00faltimas not\u00edcias do Palmeiras","datePublished":"2025-01-15T09:25:00+00:00","mainEntityOfPage":{"@id":"https:\/\/www.gaveanews.com\/index.php\/2025\/01\/15\/declaracao-de-leila-pereira-maior-time-do-brasil-e-contratacao-de-jorginho-as-ultimas-noticias-do-palmeiras\/"},"wordCount":762,"commentCount":0,"image":{"@id":"https:\/\/www.gaveanews.com\/index.php\/2025\/01\/15\/declaracao-de-leila-pereira-maior-time-do-brasil-e-contratacao-de-jorginho-as-ultimas-noticias-do-palmeiras\/#primaryimage"},"thumbnailUrl":"https:\/\/www.gaveanews.com\/wp-content\/uploads\/Escudo-do-Palmeiras.webp","articleSection":["Palmeiras"],"inLanguage":"pt-BR","potentialAction":[{"@type":"CommentAction","name":"Comment","target":["https:\/\/www.gaveanews.com\/index.php\/2025\/01\/15\/declaracao-de-leila-pereira-maior-time-do-brasil-e-contratacao-de-jorginho-as-ultimas-noticias-do-palmeiras\/#respond"]}],"copyrightYear":"2025","copyrightHolder":{"@id":"https:\/\/www.gaveanews.com\/#organization"}},{"@type":"WebPage","@id":"https:\/\/www.gaveanews.com\/index.php\/2025\/01\/15\/declaracao-de-leila-pereira-maior-time-do-brasil-e-contratacao-de-jorginho-as-ultimas-noticias-do-palmeiras\/","url":"https:\/\/www.gaveanews.com\/index.php\/2025\/01\/15\/declaracao-de-leila-pereira-maior-time-do-brasil-e-contratacao-de-jorginho-as-ultimas-noticias-do-palmeiras\/","name":"Declara\u00e7\u00e3o de Leila Pereira, maior time do Brasil e contrata\u00e7\u00e3o de Jorginho: as \u00faltimas not\u00edcias do Palmeiras","isPartOf":{"@id":"https:\/\/www.gaveanews.com\/#website"},"primaryImageOfPage":{"@id":"https:\/\/www.gaveanews.com\/index.php\/2025\/01\/15\/declaracao-de-leila-pereira-maior-time-do-brasil-e-contratacao-de-jorginho-as-ultimas-noticias-do-palmeiras\/#primaryimage"},"image":{"@id":"https:\/\/www.gaveanews.com\/index.php\/2025\/01\/15\/declaracao-de-leila-pereira-maior-time-do-brasil-e-contratacao-de-jorginho-as-ultimas-noticias-do-palmeiras\/#primaryimage"},"thumbnailUrl":"https:\/\/www.gaveanews.com\/wp-content\/uploads\/Escudo-do-Palmeiras.webp","datePublished":"2025-01-15T09:25:00+00:00","author":{"@id":"https:\/\/www.gaveanews.com\/#\/schema\/person\/8207cd4627f56151707418bfc835b2fb"},"breadcrumb":{"@id":"https:\/\/www.gaveanews.com\/index.php\/2025\/01\/15\/declaracao-de-leila-pereira-maior-time-do-brasil-e-contratacao-de-jorginho-as-ultimas-noticias-do-palmeiras\/#breadcrumb"},"inLanguage":"pt-BR","potentialAction":[{"@type":"ReadAction","target":["https:\/\/www.gaveanews.com\/index.php\/2025\/01\/15\/declaracao-de-leila-pereira-maior-time-do-brasil-e-contratacao-de-jorginho-as-ultimas-noticias-do-palmeiras\/"]}]},{"@type":"ImageObject","inLanguage":"pt-BR","@id":"https:\/\/www.gaveanews.com\/index.php\/2025\/01\/15\/declaracao-de-leila-pereira-maior-time-do-brasil-e-contratacao-de-jorginho-as-ultimas-noticias-do-palmeiras\/#primaryimage","url":"https:\/\/www.gaveanews.com\/wp-content\/uploads\/Escudo-do-Palmeiras.webp","contentUrl":"https:\/\/www.gaveanews.com\/wp-content\/uploads\/Escudo-do-Palmeiras.webp","width":1000,"height":667,"caption":"Escudo do Palmeiras (Foto Reprodu\u00e7\u00e3o\/Instagram)"},{"@type":"BreadcrumbList","@id":"https:\/\/www.gaveanews.com\/index.php\/2025\/01\/15\/declaracao-de-leila-pereira-maior-time-do-brasil-e-contratacao-de-jorginho-as-ultimas-noticias-do-palmeiras\/#breadcrumb","itemListElement":[{"@type":"ListItem","position":1,"name":"Home","item":"https:\/\/www.gaveanews.com\/"},{"@type":"ListItem","position":2,"name":"Declara\u00e7\u00e3o de Leila Pereira, maior time do Brasil e contrata\u00e7\u00e3o de Jorginho: as \u00faltimas not\u00edcias do Palmeiras"}]},{"@type":"WebSite","@id":"https:\/\/www.gaveanews.com\/#website","url":"https:\/\/www.gaveanews.com\/","name":"G\u00e1vea News","description":"Veja todas as not\u00edcias sobre o Flamengo: Contrata\u00e7\u00f5es, categorias de base, resultados das partidas, tabela de classifica\u00e7\u00e3o, pr\u00f3ximos jogos!","potentialAction":[{"@type":"SearchAction","target":{"@type":"EntryPoint","urlTemplate":"https:\/\/www.gaveanews.com\/?s={search_term_string}"},"query-input":{"@type":"PropertyValueSpecification","valueRequired":true,"valueName":"search_term_string"}}],"inLanguage":"pt-BR"},{"@type":"Person","@id":"https:\/\/www.gaveanews.com\/#\/schema\/person\/8207cd4627f56151707418bfc835b2fb","name":"Matheus Felipe","image":{"@type":"ImageObject","inLanguage":"pt-BR","@id":"https:\/\/www.gaveanews.com\/#\/schema\/person\/image\/","url":"https:\/\/secure.gravatar.com\/avatar\/a452ffbed9130f726358b298bb3a99ce4bd3c5338411f8440e87e14d74c7c087?s=96&d=mm&r=g","contentUrl":"https:\/\/secure.gravatar.com\/avatar\/a452ffbed9130f726358b298bb3a99ce4bd3c5338411f8440e87e14d74c7c087?s=96&d=mm&r=g","caption":"Matheus Felipe"}}]}},"_links":{"self":[{"href":"https:\/\/www.gaveanews.com\/index.php\/wp-json\/wp\/v2\/posts\/212746","targetHints":{"allow":["GET"]}}],"collection":[{"href":"https:\/\/www.gaveanews.com\/index.php\/wp-json\/wp\/v2\/posts"}],"about":[{"href":"https:\/\/www.gaveanews.com\/index.php\/wp-json\/wp\/v2\/types\/post"}],"author":[{"embeddable":true,"href":"https:\/\/www.gaveanews.com\/index.php\/wp-json\/wp\/v2\/users\/27"}],"replies":[{"embeddable":true,"href":"https:\/\/www.gaveanews.com\/index.php\/wp-json\/wp\/v2\/comments?post=212746"}],"version-history":[{"count":1,"href":"https:\/\/www.gaveanews.com\/index.php\/wp-json\/wp\/v2\/posts\/212746\/revisions"}],"predecessor-version":[{"id":212755,"href":"https:\/\/www.gaveanews.com\/index.php\/wp-json\/wp\/v2\/posts\/212746\/revisions\/212755"}],"wp:featuredmedia":[{"embeddable":true,"href":"https:\/\/www.gaveanews.com\/index.php\/wp-json\/wp\/v2\/media\/152159"}],"wp:attachment":[{"href":"https:\/\/www.gaveanews.com\/index.php\/wp-json\/wp\/v2\/media?parent=212746"}],"wp:term":[{"taxonomy":"category","embeddable":true,"href":"https:\/\/www.gaveanews.com\/index.php\/wp-json\/wp\/v2\/categories?post=212746"},{"taxonomy":"post_tag","embeddable":true,"href":"https:\/\/www.gaveanews.com\/index.php\/wp-json\/wp\/v2\/tags?post=212746"}],"curies":[{"name":"wp","href":"https:\/\/api.w.org\/{rel}","templated":true}]}}