{"id":212757,"date":"2025-01-15T06:30:00","date_gmt":"2025-01-15T09:30:00","guid":{"rendered":"https:\/\/www.gaveanews.com\/?p=212757"},"modified":"2025-01-15T02:55:00","modified_gmt":"2025-01-15T05:55:00","slug":"declaracao-de-ferreira-apresentacao-de-oscar-e-os-maiores-clubes-do-mundo-as-ultimas-noticias-do-sao-paulo","status":"publish","type":"post","link":"https:\/\/www.gaveanews.com\/index.php\/2025\/01\/15\/declaracao-de-ferreira-apresentacao-de-oscar-e-os-maiores-clubes-do-mundo-as-ultimas-noticias-do-sao-paulo\/","title":{"rendered":"Declara\u00e7\u00e3o de Ferreira, apresenta\u00e7\u00e3o de Oscar e os maiores clubes do mundo: as \u00faltimas not\u00edcias do S\u00e3o Paulo"},"content":{"rendered":"\n<p>Nas \u00faltimas horas, o foco das not\u00edcias sobre o S\u00e3o Paulo se concentram nos bastidores do clube, com destaques do dia a dia do time.<\/p>\n\n\n\n<p>Por conta deste contexto, leia abaixo um resumo preparado pela equipe do portal G\u00e1vea News para lhe manter muito bem informado!<\/p>\n\n\n\n<h2 class=\"wp-block-heading\" id=\"h-os-maiores-clubes-do-mundo\">Os maiores clubes do mundo<\/h2>\n\n\n\n<p>O apresentador Milton Neves elaborou um ranking com os 15 maiores clubes de futebol do mundo, destacando a presen\u00e7a de duas equipes brasileiras: Santos e S\u00e3o Paulo. Para ele, o Real Madrid, maior campe\u00e3o mundial e da Champions League, ocupa o primeiro lugar com folga. Em seguida, ele posicionou o Santos em segundo, devido ao dom\u00ednio do clube na d\u00e9cada de 1960, e o S\u00e3o Paulo em 15\u00ba, reconhecendo suas tr\u00eas conquistas mundiais organizadas pela FIFA <strong><a href=\"https:\/\/www.gaveanews.com\/index.php\/2025\/01\/10\/com-presenca-de-brasileiros-milton-neves-aponta-os-maiores-clubes-do-mundo\/\">(leia a mat\u00e9ria completa).<\/a><\/strong><\/p>\n\n\n\n<figure class=\"wp-block-image size-large\"><img loading=\"lazy\" decoding=\"async\" width=\"1024\" height=\"576\" src=\"https:\/\/www.gaveanews.com\/wp-content\/uploads\/Milton-Neves-durante-a-programacao-da-Bandeirantes-1024x576.webp\" alt=\"\" class=\"wp-image-166659\" srcset=\"https:\/\/www.gaveanews.com\/wp-content\/uploads\/Milton-Neves-durante-a-programacao-da-Bandeirantes-1024x576.webp 1024w, https:\/\/www.gaveanews.com\/wp-content\/uploads\/Milton-Neves-durante-a-programacao-da-Bandeirantes-300x169.webp 300w, https:\/\/www.gaveanews.com\/wp-content\/uploads\/Milton-Neves-durante-a-programacao-da-Bandeirantes-768x432.webp 768w, https:\/\/www.gaveanews.com\/wp-content\/uploads\/Milton-Neves-durante-a-programacao-da-Bandeirantes-747x420.webp 747w, https:\/\/www.gaveanews.com\/wp-content\/uploads\/Milton-Neves-durante-a-programacao-da-Bandeirantes-1493x840.webp 1493w, https:\/\/www.gaveanews.com\/wp-content\/uploads\/Milton-Neves-durante-a-programacao-da-Bandeirantes-640x360.webp 640w, https:\/\/www.gaveanews.com\/wp-content\/uploads\/Milton-Neves-durante-a-programacao-da-Bandeirantes-1280x720.webp 1280w, https:\/\/www.gaveanews.com\/wp-content\/uploads\/Milton-Neves-durante-a-programacao-da-Bandeirantes-681x383.webp 681w, https:\/\/www.gaveanews.com\/wp-content\/uploads\/Milton-Neves-durante-a-programacao-da-Bandeirantes-1362x766.webp 1362w, https:\/\/www.gaveanews.com\/wp-content\/uploads\/Milton-Neves-durante-a-programacao-da-Bandeirantes-100x56.webp 100w, https:\/\/www.gaveanews.com\/wp-content\/uploads\/Milton-Neves-durante-a-programacao-da-Bandeirantes.webp 1536w\" sizes=\"auto, (max-width: 1024px) 100vw, 1024px\" \/><figcaption class=\"wp-element-caption\">Milton Neves durante a programa\u00e7\u00e3o da Bandeirantes (Foto: Reprodu\u00e7\u00e3o\/Bandeirantes)<\/figcaption><\/figure>\n\n\n\n<p>O ranking de Milton Neves \u00e9 amplamente dominado por clubes europeus, como Milan (3\u00ba), Manchester United (4\u00ba), Barcelona (6\u00ba), e Bayern de Munique (9\u00ba). Entre os sul-americanos, al\u00e9m de Santos e S\u00e3o Paulo, aparecem Boca Juniors (5\u00ba), River Plate (11\u00ba) e Pe\u00f1arol (13\u00ba). <\/p>\n\n\n\n<p>O jornalista ainda destacou a decad\u00eancia de alguns gigantes hist\u00f3ricos, como Milan, Manchester United, Pe\u00f1arol e Benfica, que, segundo ele, n\u00e3o t\u00eam mais o mesmo protagonismo de outrora.<\/p>\n\n\n\n<p>O Real Madrid, em primeiro lugar, foi elogiado por sua consist\u00eancia hist\u00f3rica e sua for\u00e7a financeira, que o mant\u00e9m no topo do cen\u00e1rio mundial. A lista gerou debate entre os f\u00e3s de futebol, especialmente sobre a aus\u00eancia de outros clubes brasileiros como Flamengo e Palmeiras, que tamb\u00e9m acumulam grandes conquistas recentes no cen\u00e1rio nacional e internacional.<\/p>\n\n\n\n<h2 class=\"wp-block-heading\" id=\"h-apresentacao-de-oscar\">Apresenta\u00e7\u00e3o de Oscar<\/h2>\n\n\n\n<p>O S\u00e3o Paulo definiu a data de apresenta\u00e7\u00e3o do meia Oscar, que ser\u00e1 oficialmente anunciado como refor\u00e7o no dia 14 de janeiro, em Orlando, nos Estados Unidos. A apresenta\u00e7\u00e3o acontecer\u00e1 durante a pr\u00e9-temporada do clube, um dia antes do confronto contra o Cruzeiro, pela FC Series. A escolha da data foi influenciada pela Superbet, patrocinadora m\u00e1ster do clube, que ter\u00e1 seu CEO, Alexandre Fonseca, presente no evento ao lado do presidente do S\u00e3o Paulo, J\u00falio Casares <strong><a href=\"https:\/\/www.gaveanews.com\/index.php\/2025\/01\/10\/oscar-ja-tem-data-marcada-para-ser-apresentado-no-sao-paulo\/\">(leia a mat\u00e9ria completa).<\/a><\/strong><\/p>\n\n\n\n<figure class=\"wp-block-image size-full\"><img loading=\"lazy\" decoding=\"async\" width=\"1000\" height=\"667\" src=\"https:\/\/www.gaveanews.com\/wp-content\/uploads\/oscar.webp\" alt=\"\" class=\"wp-image-85514\" srcset=\"https:\/\/www.gaveanews.com\/wp-content\/uploads\/oscar.webp 1000w, https:\/\/www.gaveanews.com\/wp-content\/uploads\/oscar-300x200.webp 300w, https:\/\/www.gaveanews.com\/wp-content\/uploads\/oscar-768x512.webp 768w, https:\/\/www.gaveanews.com\/wp-content\/uploads\/oscar-630x420.webp 630w, https:\/\/www.gaveanews.com\/wp-content\/uploads\/oscar-640x427.webp 640w, https:\/\/www.gaveanews.com\/wp-content\/uploads\/oscar-681x454.webp 681w, https:\/\/www.gaveanews.com\/wp-content\/uploads\/oscar-100x67.webp 100w\" sizes=\"auto, (max-width: 1000px) 100vw, 1000px\" \/><figcaption class=\"wp-element-caption\">Oscar, meia do Shanghai Port (Foto: Getty Images)<\/figcaption><\/figure>\n\n\n\n<p>Oscar retorna ao Tricolor ap\u00f3s 15 anos, quando deixou o clube em 2010 para atuar no Internacional e, posteriormente, construir uma carreira internacional. Aos 33 anos, ele chega sem custos de transfer\u00eancia, mas com um sal\u00e1rio elevado, figurando entre os mais altos do elenco. O jogador vestir\u00e1 a camisa 8, que anteriormente pertencia ao argentino Galoppo, emprestado ao River Plate.<\/p>\n\n\n\n<p>O S\u00e3o Paulo espera que a experi\u00eancia de Oscar seja um diferencial para a temporada 2025. O jogador declarou estar motivado com a recep\u00e7\u00e3o da torcida nas redes sociais e prometeu empenho para alcan\u00e7ar grandes conquistas com o clube. Sua chegada representa uma aposta do Tricolor em refor\u00e7ar o meio-campo com um atleta de alto n\u00edvel t\u00e9cnico e viv\u00eancia internacional.<\/p>\n\n\n\n<h2 class=\"wp-block-heading\" id=\"h-declaracao-de-ferreira\">Declara\u00e7\u00e3o de Ferreira<\/h2>\n\n\n\n<p>O S\u00e3o Paulo inicia a temporada de 2025 com mudan\u00e7as e refor\u00e7os no elenco. Ferreira, que chegou ao clube em 2024, assumir\u00e1 a camisa 11, usada anteriormente por Rodrigo Nestor, negociado com o Bahia. O atacante comemorou a oportunidade, mas enfatizou que o mais importante \u00e9 representar o S\u00e3o Paulo. Ele j\u00e1 usou esse n\u00famero durante sua passagem pelo Gr\u00eamio e espera que a nova camisa traga bons resultados em sua trajet\u00f3ria no Tricolor <strong><a href=\"https:\/\/www.gaveanews.com\/index.php\/2025\/01\/10\/sao-paulo-a-declaracao-de-ferreira-direcionada-a-oscar\/\">(leia a mat\u00e9ria completa).<\/a><\/strong><\/p>\n\n\n\n<figure class=\"wp-block-image size-large\"><img loading=\"lazy\" decoding=\"async\" width=\"819\" height=\"1024\" src=\"https:\/\/www.gaveanews.com\/wp-content\/uploads\/Ferreirinha-em-acao-pelo-Sao-Paulo-819x1024.webp\" alt=\"\" class=\"wp-image-149889\" srcset=\"https:\/\/www.gaveanews.com\/wp-content\/uploads\/Ferreirinha-em-acao-pelo-Sao-Paulo-819x1024.webp 819w, https:\/\/www.gaveanews.com\/wp-content\/uploads\/Ferreirinha-em-acao-pelo-Sao-Paulo-240x300.webp 240w, https:\/\/www.gaveanews.com\/wp-content\/uploads\/Ferreirinha-em-acao-pelo-Sao-Paulo-768x960.webp 768w, https:\/\/www.gaveanews.com\/wp-content\/uploads\/Ferreirinha-em-acao-pelo-Sao-Paulo-336x420.webp 336w, https:\/\/www.gaveanews.com\/wp-content\/uploads\/Ferreirinha-em-acao-pelo-Sao-Paulo-672x840.webp 672w, https:\/\/www.gaveanews.com\/wp-content\/uploads\/Ferreirinha-em-acao-pelo-Sao-Paulo-640x800.webp 640w, https:\/\/www.gaveanews.com\/wp-content\/uploads\/Ferreirinha-em-acao-pelo-Sao-Paulo-681x851.webp 681w, https:\/\/www.gaveanews.com\/wp-content\/uploads\/Ferreirinha-em-acao-pelo-Sao-Paulo-100x125.webp 100w, https:\/\/www.gaveanews.com\/wp-content\/uploads\/Ferreirinha-em-acao-pelo-Sao-Paulo.webp 1080w\" sizes=\"auto, (max-width: 819px) 100vw, 819px\" \/><figcaption class=\"wp-element-caption\">Ferreirinha em a\u00e7\u00e3o pelo S\u00e3o Paulo (Foto: Reprodu\u00e7\u00e3o\/Instagram)<\/figcaption><\/figure>\n\n\n\n<p>Ferreira tamb\u00e9m falou sobre a chegada do meia Oscar, uma das principais contrata\u00e7\u00f5es do clube para a temporada. Ele destacou o n\u00edvel mundial do jogador e adotou um tom respeitoso em rela\u00e7\u00e3o \u00e0 disputa por posi\u00e7\u00e3o, mostrando foco no sucesso coletivo. \u201cEspero jogar ao lado dele e n\u00e3o disputar posi\u00e7\u00e3o (risos)\u201d, comentou Ferreira, refor\u00e7ando o esp\u00edrito de equipe que busca contribuir para o crescimento do S\u00e3o Paulo sob o comando de Luis Zubeld\u00eda.<\/p>\n\n\n\n<p>O Tricolor segue sua prepara\u00e7\u00e3o com treinos intensos e estrat\u00e9gias de refor\u00e7o para alcan\u00e7ar t\u00edtulos e atender \u00e0s expectativas da torcida. A combina\u00e7\u00e3o de talentos experientes, como Oscar, e jovens promessas, como Ferreira, promete um S\u00e3o Paulo competitivo e determinado a brilhar nas competi\u00e7\u00f5es de 2025.<\/p>\n","protected":false},"excerpt":{"rendered":"<p>Nas \u00faltimas horas, o foco das not\u00edcias sobre o S\u00e3o Paulo se concentram nos bastidores do clube, com destaques do dia a dia do time. Por conta deste contexto, leia abaixo um resumo preparado pela equipe do portal G\u00e1vea News para lhe manter muito bem informado! Os maiores clubes do mundo O apresentador Milton Neves [&hellip;]<\/p>\n","protected":false},"author":27,"featured_media":154451,"comment_status":"open","ping_status":"closed","sticky":false,"template":"","format":"standard","meta":{"footnotes":""},"categories":[151],"tags":[],"class_list":["post-212757","post","type-post","status-publish","format-standard","has-post-thumbnail","hentry","category-sao-paulo"],"yoast_head":"<!-- This site is optimized with the Yoast SEO Premium plugin v24.2 (Yoast SEO v26.9) - https:\/\/yoast.com\/product\/yoast-seo-premium-wordpress\/ -->\n<title>Declara\u00e7\u00e3o de Ferreira, apresenta\u00e7\u00e3o de Oscar e os maiores clubes do mundo: as \u00faltimas not\u00edcias do S\u00e3o Paulo<\/title>\n<meta name=\"robots\" content=\"index, follow, max-snippet:-1, max-image-preview:large, max-video-preview:-1\" \/>\n<link rel=\"canonical\" href=\"https:\/\/www.gaveanews.com\/index.php\/2025\/01\/15\/declaracao-de-ferreira-apresentacao-de-oscar-e-os-maiores-clubes-do-mundo-as-ultimas-noticias-do-sao-paulo\/\" \/>\n<meta property=\"og:locale\" content=\"pt_BR\" \/>\n<meta property=\"og:type\" content=\"article\" \/>\n<meta property=\"og:title\" content=\"Declara\u00e7\u00e3o de Ferreira, apresenta\u00e7\u00e3o de Oscar e os maiores clubes do mundo: as \u00faltimas not\u00edcias do S\u00e3o Paulo\" \/>\n<meta property=\"og:description\" content=\"Nas \u00faltimas horas, o foco das not\u00edcias sobre o S\u00e3o Paulo se concentram nos bastidores do clube, com destaques do dia a dia do time. Por conta deste contexto, leia abaixo um resumo preparado pela equipe do portal G\u00e1vea News para lhe manter muito bem informado! Os maiores clubes do mundo O apresentador Milton Neves [&hellip;]\" \/>\n<meta property=\"og:url\" content=\"https:\/\/www.gaveanews.com\/index.php\/2025\/01\/15\/declaracao-de-ferreira-apresentacao-de-oscar-e-os-maiores-clubes-do-mundo-as-ultimas-noticias-do-sao-paulo\/\" \/>\n<meta property=\"og:site_name\" content=\"G\u00e1vea News\" \/>\n<meta property=\"article:publisher\" content=\"https:\/\/facebook.com\/gaveaNews\/\" \/>\n<meta property=\"article:published_time\" content=\"2025-01-15T09:30:00+00:00\" \/>\n<meta property=\"og:image\" content=\"https:\/\/www.gaveanews.com\/wp-content\/uploads\/Escudo-do-Sao-Paulo.webp\" \/>\n\t<meta property=\"og:image:width\" content=\"977\" \/>\n\t<meta property=\"og:image:height\" content=\"651\" \/>\n\t<meta property=\"og:image:type\" content=\"image\/webp\" \/>\n<meta name=\"author\" content=\"Matheus Felipe\" \/>\n<meta name=\"twitter:card\" content=\"summary_large_image\" \/>\n<meta name=\"twitter:label1\" content=\"Escrito por\" \/>\n\t<meta name=\"twitter:data1\" content=\"Matheus Felipe\" \/>\n\t<meta name=\"twitter:label2\" content=\"Est. tempo de leitura\" \/>\n\t<meta name=\"twitter:data2\" content=\"5 minutos\" \/>\n<script type=\"application\/ld+json\" class=\"yoast-schema-graph\">{\"@context\":\"https:\/\/schema.org\",\"@graph\":[{\"@type\":\"NewsArticle\",\"@id\":\"https:\/\/www.gaveanews.com\/index.php\/2025\/01\/15\/declaracao-de-ferreira-apresentacao-de-oscar-e-os-maiores-clubes-do-mundo-as-ultimas-noticias-do-sao-paulo\/#article\",\"isPartOf\":{\"@id\":\"https:\/\/www.gaveanews.com\/index.php\/2025\/01\/15\/declaracao-de-ferreira-apresentacao-de-oscar-e-os-maiores-clubes-do-mundo-as-ultimas-noticias-do-sao-paulo\/\"},\"author\":{\"name\":\"Matheus Felipe\",\"@id\":\"https:\/\/www.gaveanews.com\/#\/schema\/person\/8207cd4627f56151707418bfc835b2fb\"},\"headline\":\"Declara\u00e7\u00e3o de Ferreira, apresenta\u00e7\u00e3o de Oscar e os maiores clubes do mundo: as \u00faltimas not\u00edcias do S\u00e3o Paulo\",\"datePublished\":\"2025-01-15T09:30:00+00:00\",\"mainEntityOfPage\":{\"@id\":\"https:\/\/www.gaveanews.com\/index.php\/2025\/01\/15\/declaracao-de-ferreira-apresentacao-de-oscar-e-os-maiores-clubes-do-mundo-as-ultimas-noticias-do-sao-paulo\/\"},\"wordCount\":769,\"commentCount\":0,\"image\":{\"@id\":\"https:\/\/www.gaveanews.com\/index.php\/2025\/01\/15\/declaracao-de-ferreira-apresentacao-de-oscar-e-os-maiores-clubes-do-mundo-as-ultimas-noticias-do-sao-paulo\/#primaryimage\"},\"thumbnailUrl\":\"https:\/\/www.gaveanews.com\/wp-content\/uploads\/Escudo-do-Sao-Paulo.webp\",\"articleSection\":[\"S\u00e3o Paulo\"],\"inLanguage\":\"pt-BR\",\"potentialAction\":[{\"@type\":\"CommentAction\",\"name\":\"Comment\",\"target\":[\"https:\/\/www.gaveanews.com\/index.php\/2025\/01\/15\/declaracao-de-ferreira-apresentacao-de-oscar-e-os-maiores-clubes-do-mundo-as-ultimas-noticias-do-sao-paulo\/#respond\"]}],\"copyrightYear\":\"2025\",\"copyrightHolder\":{\"@id\":\"https:\/\/www.gaveanews.com\/#organization\"}},{\"@type\":\"WebPage\",\"@id\":\"https:\/\/www.gaveanews.com\/index.php\/2025\/01\/15\/declaracao-de-ferreira-apresentacao-de-oscar-e-os-maiores-clubes-do-mundo-as-ultimas-noticias-do-sao-paulo\/\",\"url\":\"https:\/\/www.gaveanews.com\/index.php\/2025\/01\/15\/declaracao-de-ferreira-apresentacao-de-oscar-e-os-maiores-clubes-do-mundo-as-ultimas-noticias-do-sao-paulo\/\",\"name\":\"Declara\u00e7\u00e3o de Ferreira, apresenta\u00e7\u00e3o de Oscar e os maiores clubes do mundo: as \u00faltimas not\u00edcias do S\u00e3o Paulo\",\"isPartOf\":{\"@id\":\"https:\/\/www.gaveanews.com\/#website\"},\"primaryImageOfPage\":{\"@id\":\"https:\/\/www.gaveanews.com\/index.php\/2025\/01\/15\/declaracao-de-ferreira-apresentacao-de-oscar-e-os-maiores-clubes-do-mundo-as-ultimas-noticias-do-sao-paulo\/#primaryimage\"},\"image\":{\"@id\":\"https:\/\/www.gaveanews.com\/index.php\/2025\/01\/15\/declaracao-de-ferreira-apresentacao-de-oscar-e-os-maiores-clubes-do-mundo-as-ultimas-noticias-do-sao-paulo\/#primaryimage\"},\"thumbnailUrl\":\"https:\/\/www.gaveanews.com\/wp-content\/uploads\/Escudo-do-Sao-Paulo.webp\",\"datePublished\":\"2025-01-15T09:30:00+00:00\",\"author\":{\"@id\":\"https:\/\/www.gaveanews.com\/#\/schema\/person\/8207cd4627f56151707418bfc835b2fb\"},\"breadcrumb\":{\"@id\":\"https:\/\/www.gaveanews.com\/index.php\/2025\/01\/15\/declaracao-de-ferreira-apresentacao-de-oscar-e-os-maiores-clubes-do-mundo-as-ultimas-noticias-do-sao-paulo\/#breadcrumb\"},\"inLanguage\":\"pt-BR\",\"potentialAction\":[{\"@type\":\"ReadAction\",\"target\":[\"https:\/\/www.gaveanews.com\/index.php\/2025\/01\/15\/declaracao-de-ferreira-apresentacao-de-oscar-e-os-maiores-clubes-do-mundo-as-ultimas-noticias-do-sao-paulo\/\"]}]},{\"@type\":\"ImageObject\",\"inLanguage\":\"pt-BR\",\"@id\":\"https:\/\/www.gaveanews.com\/index.php\/2025\/01\/15\/declaracao-de-ferreira-apresentacao-de-oscar-e-os-maiores-clubes-do-mundo-as-ultimas-noticias-do-sao-paulo\/#primaryimage\",\"url\":\"https:\/\/www.gaveanews.com\/wp-content\/uploads\/Escudo-do-Sao-Paulo.webp\",\"contentUrl\":\"https:\/\/www.gaveanews.com\/wp-content\/uploads\/Escudo-do-Sao-Paulo.webp\",\"width\":977,\"height\":651,\"caption\":\"Escudo do S\u00e3o Paulo (Foto: Reprodu\u00e7\u00e3o\/S\u00e3o Paulo)\"},{\"@type\":\"BreadcrumbList\",\"@id\":\"https:\/\/www.gaveanews.com\/index.php\/2025\/01\/15\/declaracao-de-ferreira-apresentacao-de-oscar-e-os-maiores-clubes-do-mundo-as-ultimas-noticias-do-sao-paulo\/#breadcrumb\",\"itemListElement\":[{\"@type\":\"ListItem\",\"position\":1,\"name\":\"Home\",\"item\":\"https:\/\/www.gaveanews.com\/\"},{\"@type\":\"ListItem\",\"position\":2,\"name\":\"Declara\u00e7\u00e3o de Ferreira, apresenta\u00e7\u00e3o de Oscar e os maiores clubes do mundo: as \u00faltimas not\u00edcias do S\u00e3o Paulo\"}]},{\"@type\":\"WebSite\",\"@id\":\"https:\/\/www.gaveanews.com\/#website\",\"url\":\"https:\/\/www.gaveanews.com\/\",\"name\":\"G\u00e1vea News\",\"description\":\"Veja todas as not\u00edcias sobre o Flamengo: Contrata\u00e7\u00f5es, categorias de base, resultados das partidas, tabela de classifica\u00e7\u00e3o, pr\u00f3ximos jogos!\",\"potentialAction\":[{\"@type\":\"SearchAction\",\"target\":{\"@type\":\"EntryPoint\",\"urlTemplate\":\"https:\/\/www.gaveanews.com\/?s={search_term_string}\"},\"query-input\":{\"@type\":\"PropertyValueSpecification\",\"valueRequired\":true,\"valueName\":\"search_term_string\"}}],\"inLanguage\":\"pt-BR\"},{\"@type\":\"Person\",\"@id\":\"https:\/\/www.gaveanews.com\/#\/schema\/person\/8207cd4627f56151707418bfc835b2fb\",\"name\":\"Matheus Felipe\",\"image\":{\"@type\":\"ImageObject\",\"inLanguage\":\"pt-BR\",\"@id\":\"https:\/\/www.gaveanews.com\/#\/schema\/person\/image\/\",\"url\":\"https:\/\/secure.gravatar.com\/avatar\/a452ffbed9130f726358b298bb3a99ce4bd3c5338411f8440e87e14d74c7c087?s=96&d=mm&r=g\",\"contentUrl\":\"https:\/\/secure.gravatar.com\/avatar\/a452ffbed9130f726358b298bb3a99ce4bd3c5338411f8440e87e14d74c7c087?s=96&d=mm&r=g\",\"caption\":\"Matheus Felipe\"}}]}<\/script>\n<!-- \/ Yoast SEO Premium plugin. -->","yoast_head_json":{"title":"Declara\u00e7\u00e3o de Ferreira, apresenta\u00e7\u00e3o de Oscar e os maiores clubes do mundo: as \u00faltimas not\u00edcias do S\u00e3o Paulo","robots":{"index":"index","follow":"follow","max-snippet":"max-snippet:-1","max-image-preview":"max-image-preview:large","max-video-preview":"max-video-preview:-1"},"canonical":"https:\/\/www.gaveanews.com\/index.php\/2025\/01\/15\/declaracao-de-ferreira-apresentacao-de-oscar-e-os-maiores-clubes-do-mundo-as-ultimas-noticias-do-sao-paulo\/","og_locale":"pt_BR","og_type":"article","og_title":"Declara\u00e7\u00e3o de Ferreira, apresenta\u00e7\u00e3o de Oscar e os maiores clubes do mundo: as \u00faltimas not\u00edcias do S\u00e3o Paulo","og_description":"Nas \u00faltimas horas, o foco das not\u00edcias sobre o S\u00e3o Paulo se concentram nos bastidores do clube, com destaques do dia a dia do time. Por conta deste contexto, leia abaixo um resumo preparado pela equipe do portal G\u00e1vea News para lhe manter muito bem informado! Os maiores clubes do mundo O apresentador Milton Neves [&hellip;]","og_url":"https:\/\/www.gaveanews.com\/index.php\/2025\/01\/15\/declaracao-de-ferreira-apresentacao-de-oscar-e-os-maiores-clubes-do-mundo-as-ultimas-noticias-do-sao-paulo\/","og_site_name":"G\u00e1vea News","article_publisher":"https:\/\/facebook.com\/gaveaNews\/","article_published_time":"2025-01-15T09:30:00+00:00","og_image":[{"width":977,"height":651,"url":"https:\/\/www.gaveanews.com\/wp-content\/uploads\/Escudo-do-Sao-Paulo.webp","type":"image\/webp"}],"author":"Matheus Felipe","twitter_card":"summary_large_image","twitter_misc":{"Escrito por":"Matheus Felipe","Est. tempo de leitura":"5 minutos"},"schema":{"@context":"https:\/\/schema.org","@graph":[{"@type":"NewsArticle","@id":"https:\/\/www.gaveanews.com\/index.php\/2025\/01\/15\/declaracao-de-ferreira-apresentacao-de-oscar-e-os-maiores-clubes-do-mundo-as-ultimas-noticias-do-sao-paulo\/#article","isPartOf":{"@id":"https:\/\/www.gaveanews.com\/index.php\/2025\/01\/15\/declaracao-de-ferreira-apresentacao-de-oscar-e-os-maiores-clubes-do-mundo-as-ultimas-noticias-do-sao-paulo\/"},"author":{"name":"Matheus Felipe","@id":"https:\/\/www.gaveanews.com\/#\/schema\/person\/8207cd4627f56151707418bfc835b2fb"},"headline":"Declara\u00e7\u00e3o de Ferreira, apresenta\u00e7\u00e3o de Oscar e os maiores clubes do mundo: as \u00faltimas not\u00edcias do S\u00e3o Paulo","datePublished":"2025-01-15T09:30:00+00:00","mainEntityOfPage":{"@id":"https:\/\/www.gaveanews.com\/index.php\/2025\/01\/15\/declaracao-de-ferreira-apresentacao-de-oscar-e-os-maiores-clubes-do-mundo-as-ultimas-noticias-do-sao-paulo\/"},"wordCount":769,"commentCount":0,"image":{"@id":"https:\/\/www.gaveanews.com\/index.php\/2025\/01\/15\/declaracao-de-ferreira-apresentacao-de-oscar-e-os-maiores-clubes-do-mundo-as-ultimas-noticias-do-sao-paulo\/#primaryimage"},"thumbnailUrl":"https:\/\/www.gaveanews.com\/wp-content\/uploads\/Escudo-do-Sao-Paulo.webp","articleSection":["S\u00e3o Paulo"],"inLanguage":"pt-BR","potentialAction":[{"@type":"CommentAction","name":"Comment","target":["https:\/\/www.gaveanews.com\/index.php\/2025\/01\/15\/declaracao-de-ferreira-apresentacao-de-oscar-e-os-maiores-clubes-do-mundo-as-ultimas-noticias-do-sao-paulo\/#respond"]}],"copyrightYear":"2025","copyrightHolder":{"@id":"https:\/\/www.gaveanews.com\/#organization"}},{"@type":"WebPage","@id":"https:\/\/www.gaveanews.com\/index.php\/2025\/01\/15\/declaracao-de-ferreira-apresentacao-de-oscar-e-os-maiores-clubes-do-mundo-as-ultimas-noticias-do-sao-paulo\/","url":"https:\/\/www.gaveanews.com\/index.php\/2025\/01\/15\/declaracao-de-ferreira-apresentacao-de-oscar-e-os-maiores-clubes-do-mundo-as-ultimas-noticias-do-sao-paulo\/","name":"Declara\u00e7\u00e3o de Ferreira, apresenta\u00e7\u00e3o de Oscar e os maiores clubes do mundo: as \u00faltimas not\u00edcias do S\u00e3o Paulo","isPartOf":{"@id":"https:\/\/www.gaveanews.com\/#website"},"primaryImageOfPage":{"@id":"https:\/\/www.gaveanews.com\/index.php\/2025\/01\/15\/declaracao-de-ferreira-apresentacao-de-oscar-e-os-maiores-clubes-do-mundo-as-ultimas-noticias-do-sao-paulo\/#primaryimage"},"image":{"@id":"https:\/\/www.gaveanews.com\/index.php\/2025\/01\/15\/declaracao-de-ferreira-apresentacao-de-oscar-e-os-maiores-clubes-do-mundo-as-ultimas-noticias-do-sao-paulo\/#primaryimage"},"thumbnailUrl":"https:\/\/www.gaveanews.com\/wp-content\/uploads\/Escudo-do-Sao-Paulo.webp","datePublished":"2025-01-15T09:30:00+00:00","author":{"@id":"https:\/\/www.gaveanews.com\/#\/schema\/person\/8207cd4627f56151707418bfc835b2fb"},"breadcrumb":{"@id":"https:\/\/www.gaveanews.com\/index.php\/2025\/01\/15\/declaracao-de-ferreira-apresentacao-de-oscar-e-os-maiores-clubes-do-mundo-as-ultimas-noticias-do-sao-paulo\/#breadcrumb"},"inLanguage":"pt-BR","potentialAction":[{"@type":"ReadAction","target":["https:\/\/www.gaveanews.com\/index.php\/2025\/01\/15\/declaracao-de-ferreira-apresentacao-de-oscar-e-os-maiores-clubes-do-mundo-as-ultimas-noticias-do-sao-paulo\/"]}]},{"@type":"ImageObject","inLanguage":"pt-BR","@id":"https:\/\/www.gaveanews.com\/index.php\/2025\/01\/15\/declaracao-de-ferreira-apresentacao-de-oscar-e-os-maiores-clubes-do-mundo-as-ultimas-noticias-do-sao-paulo\/#primaryimage","url":"https:\/\/www.gaveanews.com\/wp-content\/uploads\/Escudo-do-Sao-Paulo.webp","contentUrl":"https:\/\/www.gaveanews.com\/wp-content\/uploads\/Escudo-do-Sao-Paulo.webp","width":977,"height":651,"caption":"Escudo do S\u00e3o Paulo (Foto: Reprodu\u00e7\u00e3o\/S\u00e3o Paulo)"},{"@type":"BreadcrumbList","@id":"https:\/\/www.gaveanews.com\/index.php\/2025\/01\/15\/declaracao-de-ferreira-apresentacao-de-oscar-e-os-maiores-clubes-do-mundo-as-ultimas-noticias-do-sao-paulo\/#breadcrumb","itemListElement":[{"@type":"ListItem","position":1,"name":"Home","item":"https:\/\/www.gaveanews.com\/"},{"@type":"ListItem","position":2,"name":"Declara\u00e7\u00e3o de Ferreira, apresenta\u00e7\u00e3o de Oscar e os maiores clubes do mundo: as \u00faltimas not\u00edcias do S\u00e3o Paulo"}]},{"@type":"WebSite","@id":"https:\/\/www.gaveanews.com\/#website","url":"https:\/\/www.gaveanews.com\/","name":"G\u00e1vea News","description":"Veja todas as not\u00edcias sobre o Flamengo: Contrata\u00e7\u00f5es, categorias de base, resultados das partidas, tabela de classifica\u00e7\u00e3o, pr\u00f3ximos jogos!","potentialAction":[{"@type":"SearchAction","target":{"@type":"EntryPoint","urlTemplate":"https:\/\/www.gaveanews.com\/?s={search_term_string}"},"query-input":{"@type":"PropertyValueSpecification","valueRequired":true,"valueName":"search_term_string"}}],"inLanguage":"pt-BR"},{"@type":"Person","@id":"https:\/\/www.gaveanews.com\/#\/schema\/person\/8207cd4627f56151707418bfc835b2fb","name":"Matheus Felipe","image":{"@type":"ImageObject","inLanguage":"pt-BR","@id":"https:\/\/www.gaveanews.com\/#\/schema\/person\/image\/","url":"https:\/\/secure.gravatar.com\/avatar\/a452ffbed9130f726358b298bb3a99ce4bd3c5338411f8440e87e14d74c7c087?s=96&d=mm&r=g","contentUrl":"https:\/\/secure.gravatar.com\/avatar\/a452ffbed9130f726358b298bb3a99ce4bd3c5338411f8440e87e14d74c7c087?s=96&d=mm&r=g","caption":"Matheus Felipe"}}]}},"_links":{"self":[{"href":"https:\/\/www.gaveanews.com\/index.php\/wp-json\/wp\/v2\/posts\/212757","targetHints":{"allow":["GET"]}}],"collection":[{"href":"https:\/\/www.gaveanews.com\/index.php\/wp-json\/wp\/v2\/posts"}],"about":[{"href":"https:\/\/www.gaveanews.com\/index.php\/wp-json\/wp\/v2\/types\/post"}],"author":[{"embeddable":true,"href":"https:\/\/www.gaveanews.com\/index.php\/wp-json\/wp\/v2\/users\/27"}],"replies":[{"embeddable":true,"href":"https:\/\/www.gaveanews.com\/index.php\/wp-json\/wp\/v2\/comments?post=212757"}],"version-history":[{"count":1,"href":"https:\/\/www.gaveanews.com\/index.php\/wp-json\/wp\/v2\/posts\/212757\/revisions"}],"predecessor-version":[{"id":212760,"href":"https:\/\/www.gaveanews.com\/index.php\/wp-json\/wp\/v2\/posts\/212757\/revisions\/212760"}],"wp:featuredmedia":[{"embeddable":true,"href":"https:\/\/www.gaveanews.com\/index.php\/wp-json\/wp\/v2\/media\/154451"}],"wp:attachment":[{"href":"https:\/\/www.gaveanews.com\/index.php\/wp-json\/wp\/v2\/media?parent=212757"}],"wp:term":[{"taxonomy":"category","embeddable":true,"href":"https:\/\/www.gaveanews.com\/index.php\/wp-json\/wp\/v2\/categories?post=212757"},{"taxonomy":"post_tag","embeddable":true,"href":"https:\/\/www.gaveanews.com\/index.php\/wp-json\/wp\/v2\/tags?post=212757"}],"curies":[{"name":"wp","href":"https:\/\/api.w.org\/{rel}","templated":true}]}}