{"id":212758,"date":"2025-01-15T07:30:00","date_gmt":"2025-01-15T10:30:00","guid":{"rendered":"https:\/\/www.gaveanews.com\/?p=212758"},"modified":"2025-01-15T02:54:00","modified_gmt":"2025-01-15T05:54:00","slug":"desfalques-na-pre-temporada-o-maior-time-do-brasil-e-proposta-por-wendell-as-ultimas-noticias-do-sao-paulo","status":"publish","type":"post","link":"https:\/\/www.gaveanews.com\/index.php\/2025\/01\/15\/desfalques-na-pre-temporada-o-maior-time-do-brasil-e-proposta-por-wendell-as-ultimas-noticias-do-sao-paulo\/","title":{"rendered":"Desfalques na pr\u00e9-temporada, o maior time do Brasil e proposta por Wendell: as \u00faltimas not\u00edcias do S\u00e3o Paulo"},"content":{"rendered":"\n<p>Nas \u00faltimas horas, o foco das not\u00edcias sobre o S\u00e3o Paulo se concentram nos bastidores do clube, com destaques do dia a dia do time.<\/p>\n\n\n\n<p>Por conta deste contexto, leia abaixo um resumo preparado pela equipe do portal G\u00e1vea News para lhe manter muito bem informado!<\/p>\n\n\n\n<h2 class=\"wp-block-heading\" id=\"h-proposta-por-wendell\">Proposta por Wendell<\/h2>\n\n\n\n<p>O S\u00e3o Paulo decidiu retirar a proposta pelo lateral Wendell ap\u00f3s uma s\u00e9rie de impasses nas negocia\u00e7\u00f5es com o Porto. Inicialmente, o Tricolor ofereceu o empr\u00e9stimo do jovem Moreira como parte do acordo pela libera\u00e7\u00e3o antecipada do jogador, mas o Porto mudou sua postura e passou a exigir dinheiro, complicando o desfecho das tratativas. Insatisfeito com a falta de coopera\u00e7\u00e3o dos portugueses, o S\u00e3o Paulo adotou uma posi\u00e7\u00e3o firme e optou por recuar, aguardando um cen\u00e1rio mais favor\u00e1vel <strong><a href=\"https:\/\/www.gaveanews.com\/index.php\/2025\/01\/10\/reviravolta-sao-paulo-retira-proposta-por-wendell\/\">(leia a mat\u00e9ria completa).<\/a><\/strong><\/p>\n\n\n\n<blockquote class=\"instagram-media\" data-instgrm-permalink=\"https:\/\/www.instagram.com\/p\/DBXEXz8MbeS\/?utm_source=ig_embed&amp;utm_campaign=loading\" data-instgrm-version=\"14\" style=\" background:#FFF; border:0; border-radius:3px; box-shadow:0 0 1px 0 rgba(0,0,0,0.5),0 1px 10px 0 rgba(0,0,0,0.15); margin: 1px; max-width:540px; min-width:326px; padding:0; width:99.375%; width:-webkit-calc(100% - 2px); width:calc(100% - 2px);\"><div style=\"padding:16px;\"> <a href=\"https:\/\/www.instagram.com\/p\/DBXEXz8MbeS\/?utm_source=ig_embed&amp;utm_campaign=loading\" style=\" background:#FFFFFF; line-height:0; padding:0 0; text-align:center; text-decoration:none; width:100%;\" target=\"_blank\"> <div style=\" display: flex; flex-direction: row; align-items: center;\"> <div style=\"background-color: #F4F4F4; border-radius: 50%; flex-grow: 0; height: 40px; margin-right: 14px; width: 40px;\"><\/div> <div style=\"display: flex; flex-direction: column; flex-grow: 1; justify-content: center;\"> <div style=\" background-color: #F4F4F4; border-radius: 4px; flex-grow: 0; height: 14px; margin-bottom: 6px; width: 100px;\"><\/div> <div style=\" background-color: #F4F4F4; border-radius: 4px; flex-grow: 0; height: 14px; width: 60px;\"><\/div><\/div><\/div><div style=\"padding: 19% 0;\"><\/div> <div style=\"display:block; height:50px; margin:0 auto 12px; width:50px;\"><svg width=\"50px\" height=\"50px\" viewBox=\"0 0 60 60\" version=\"1.1\" xmlns=\"https:\/\/www.w3.org\/2000\/svg\" xmlns:xlink=\"https:\/\/www.w3.org\/1999\/xlink\"><g stroke=\"none\" stroke-width=\"1\" fill=\"none\" fill-rule=\"evenodd\"><g transform=\"translate(-511.000000, -20.000000)\" fill=\"#000000\"><g><path d=\"M556.869,30.41 C554.814,30.41 553.148,32.076 553.148,34.131 C553.148,36.186 554.814,37.852 556.869,37.852 C558.924,37.852 560.59,36.186 560.59,34.131 C560.59,32.076 558.924,30.41 556.869,30.41 M541,60.657 C535.114,60.657 530.342,55.887 530.342,50 C530.342,44.114 535.114,39.342 541,39.342 C546.887,39.342 551.658,44.114 551.658,50 C551.658,55.887 546.887,60.657 541,60.657 M541,33.886 C532.1,33.886 524.886,41.1 524.886,50 C524.886,58.899 532.1,66.113 541,66.113 C549.9,66.113 557.115,58.899 557.115,50 C557.115,41.1 549.9,33.886 541,33.886 M565.378,62.101 C565.244,65.022 564.756,66.606 564.346,67.663 C563.803,69.06 563.154,70.057 562.106,71.106 C561.058,72.155 560.06,72.803 558.662,73.347 C557.607,73.757 556.021,74.244 553.102,74.378 C549.944,74.521 548.997,74.552 541,74.552 C533.003,74.552 532.056,74.521 528.898,74.378 C525.979,74.244 524.393,73.757 523.338,73.347 C521.94,72.803 520.942,72.155 519.894,71.106 C518.846,70.057 518.197,69.06 517.654,67.663 C517.244,66.606 516.755,65.022 516.623,62.101 C516.479,58.943 516.448,57.996 516.448,50 C516.448,42.003 516.479,41.056 516.623,37.899 C516.755,34.978 517.244,33.391 517.654,32.338 C518.197,30.938 518.846,29.942 519.894,28.894 C520.942,27.846 521.94,27.196 523.338,26.654 C524.393,26.244 525.979,25.756 528.898,25.623 C532.057,25.479 533.004,25.448 541,25.448 C548.997,25.448 549.943,25.479 553.102,25.623 C556.021,25.756 557.607,26.244 558.662,26.654 C560.06,27.196 561.058,27.846 562.106,28.894 C563.154,29.942 563.803,30.938 564.346,32.338 C564.756,33.391 565.244,34.978 565.378,37.899 C565.522,41.056 565.552,42.003 565.552,50 C565.552,57.996 565.522,58.943 565.378,62.101 M570.82,37.631 C570.674,34.438 570.167,32.258 569.425,30.349 C568.659,28.377 567.633,26.702 565.965,25.035 C564.297,23.368 562.623,22.342 560.652,21.575 C558.743,20.834 556.562,20.326 553.369,20.18 C550.169,20.033 549.148,20 541,20 C532.853,20 531.831,20.033 528.631,20.18 C525.438,20.326 523.257,20.834 521.349,21.575 C519.376,22.342 517.703,23.368 516.035,25.035 C514.368,26.702 513.342,28.377 512.574,30.349 C511.834,32.258 511.326,34.438 511.181,37.631 C511.035,40.831 511,41.851 511,50 C511,58.147 511.035,59.17 511.181,62.369 C511.326,65.562 511.834,67.743 512.574,69.651 C513.342,71.625 514.368,73.296 516.035,74.965 C517.703,76.634 519.376,77.658 521.349,78.425 C523.257,79.167 525.438,79.673 528.631,79.82 C531.831,79.965 532.853,80.001 541,80.001 C549.148,80.001 550.169,79.965 553.369,79.82 C556.562,79.673 558.743,79.167 560.652,78.425 C562.623,77.658 564.297,76.634 565.965,74.965 C567.633,73.296 568.659,71.625 569.425,69.651 C570.167,67.743 570.674,65.562 570.82,62.369 C570.966,59.17 571,58.147 571,50 C571,41.851 570.966,40.831 570.82,37.631\"><\/path><\/g><\/g><\/g><\/svg><\/div><div style=\"padding-top: 8px;\"> <div style=\" color:#3897f0; font-family:Arial,sans-serif; font-size:14px; font-style:normal; font-weight:550; line-height:18px;\">Ver essa foto no Instagram<\/div><\/div><div style=\"padding: 12.5% 0;\"><\/div> <div style=\"display: flex; flex-direction: row; margin-bottom: 14px; align-items: center;\"><div> <div style=\"background-color: #F4F4F4; border-radius: 50%; height: 12.5px; width: 12.5px; transform: translateX(0px) translateY(7px);\"><\/div> <div style=\"background-color: #F4F4F4; height: 12.5px; transform: rotate(-45deg) translateX(3px) translateY(1px); width: 12.5px; flex-grow: 0; margin-right: 14px; margin-left: 2px;\"><\/div> <div style=\"background-color: #F4F4F4; border-radius: 50%; height: 12.5px; width: 12.5px; transform: translateX(9px) translateY(-18px);\"><\/div><\/div><div style=\"margin-left: 8px;\"> <div style=\" background-color: #F4F4F4; border-radius: 50%; flex-grow: 0; height: 20px; width: 20px;\"><\/div> <div style=\" width: 0; height: 0; border-top: 2px solid transparent; border-left: 6px solid #f4f4f4; border-bottom: 2px solid transparent; transform: translateX(16px) translateY(-4px) rotate(30deg)\"><\/div><\/div><div style=\"margin-left: auto;\"> <div style=\" width: 0px; border-top: 8px solid #F4F4F4; border-right: 8px solid transparent; transform: translateY(16px);\"><\/div> <div style=\" background-color: #F4F4F4; flex-grow: 0; height: 12px; width: 16px; transform: translateY(-4px);\"><\/div> <div style=\" width: 0; height: 0; border-top: 8px solid #F4F4F4; border-left: 8px solid transparent; transform: translateY(-4px) translateX(8px);\"><\/div><\/div><\/div> <div style=\"display: flex; flex-direction: column; flex-grow: 1; justify-content: center; margin-bottom: 24px;\"> <div style=\" background-color: #F4F4F4; border-radius: 4px; flex-grow: 0; height: 14px; margin-bottom: 6px; width: 224px;\"><\/div> <div style=\" background-color: #F4F4F4; border-radius: 4px; flex-grow: 0; height: 14px; width: 144px;\"><\/div><\/div><\/a><p style=\" color:#c9c8cd; font-family:Arial,sans-serif; font-size:14px; line-height:17px; margin-bottom:0; margin-top:8px; overflow:hidden; padding:8px 0 7px; text-align:center; text-overflow:ellipsis; white-space:nowrap;\"><a href=\"https:\/\/www.instagram.com\/p\/DBXEXz8MbeS\/?utm_source=ig_embed&amp;utm_campaign=loading\" style=\" color:#c9c8cd; font-family:Arial,sans-serif; font-size:14px; font-style:normal; font-weight:normal; line-height:17px; text-decoration:none;\" target=\"_blank\">Uma publica\u00e7\u00e3o compartilhada por Wendell (@wendellborges18)<\/a><\/p><\/div><\/blockquote>\n<script async src=\"\/\/www.instagram.com\/embed.js\"><\/script>\n\n\n\n<p>Apesar do recuo do clube paulista, Wendell, que j\u00e1 havia assinado um pr\u00e9-contrato com o S\u00e3o Paulo e est\u00e1 fora dos planos do Porto, segue pressionando o clube europeu por sua libera\u00e7\u00e3o antecipada. O lateral conta com apoio dentro do Porto e acredita que a negocia\u00e7\u00e3o ainda pode ser resolvida sem necessidade de novos pagamentos por parte do Tricolor.<\/p>\n\n\n\n<p>O S\u00e3o Paulo permanece otimista e atento aos desdobramentos. Caso o Porto decida liberar Wendell, o clube paulista est\u00e1 disposto a concretizar a contrata\u00e7\u00e3o. Por ora, o impasse persiste, mas o desfecho dessa novela ainda pode se inclinar a favor do time do Morumbi, que v\u00ea em Wendell uma pe\u00e7a importante para refor\u00e7ar a lateral na temporada de 2025.<\/p>\n\n\n\n<h2 class=\"wp-block-heading\" id=\"h-o-maior-time-do-brasil\">O maior time do Brasil<\/h2>\n\n\n\n<p>Uma enquete realizada pela p\u00e1gina argentina \u201cPunto Futbol\u201d revelou a percep\u00e7\u00e3o dos torcedores argentinos sobre o maior time brasileiro da hist\u00f3ria. O Flamengo liderou com folga, recebendo 34 votos, o dobro do segundo colocado, S\u00e3o Paulo, que teve 15 votos. O resultado reflete o sucesso recente do Rubro-Negro no cen\u00e1rio sul-americano, com tr\u00eas t\u00edtulos da Libertadores e presen\u00e7a constante nas finais entre 2019 e 2023, consolidando sua relev\u00e2ncia internacional <strong><a href=\"https:\/\/www.gaveanews.com\/index.php\/2025\/01\/10\/torcida-argentina-aponta-qual-e-o-maior-time-do-brasil\/\">(leia a mat\u00e9ria completa)<\/a><\/strong><\/p>\n\n\n\n<figure class=\"wp-block-image size-large\"><img loading=\"lazy\" decoding=\"async\" width=\"1024\" height=\"990\" src=\"https:\/\/www.gaveanews.com\/wp-content\/uploads\/Roni-durante-o-jogo-entre-Flamengo-x-Palmeiras-pela-Copa-do-Brasil-2024-no-Maracana-1024x990.webp\" alt=\"\" class=\"wp-image-155781\" srcset=\"https:\/\/www.gaveanews.com\/wp-content\/uploads\/Roni-durante-o-jogo-entre-Flamengo-x-Palmeiras-pela-Copa-do-Brasil-2024-no-Maracana-1024x990.webp 1024w, https:\/\/www.gaveanews.com\/wp-content\/uploads\/Roni-durante-o-jogo-entre-Flamengo-x-Palmeiras-pela-Copa-do-Brasil-2024-no-Maracana-300x290.webp 300w, https:\/\/www.gaveanews.com\/wp-content\/uploads\/Roni-durante-o-jogo-entre-Flamengo-x-Palmeiras-pela-Copa-do-Brasil-2024-no-Maracana-768x742.webp 768w, https:\/\/www.gaveanews.com\/wp-content\/uploads\/Roni-durante-o-jogo-entre-Flamengo-x-Palmeiras-pela-Copa-do-Brasil-2024-no-Maracana-434x420.webp 434w, https:\/\/www.gaveanews.com\/wp-content\/uploads\/Roni-durante-o-jogo-entre-Flamengo-x-Palmeiras-pela-Copa-do-Brasil-2024-no-Maracana-869x840.webp 869w, https:\/\/www.gaveanews.com\/wp-content\/uploads\/Roni-durante-o-jogo-entre-Flamengo-x-Palmeiras-pela-Copa-do-Brasil-2024-no-Maracana-640x619.webp 640w, https:\/\/www.gaveanews.com\/wp-content\/uploads\/Roni-durante-o-jogo-entre-Flamengo-x-Palmeiras-pela-Copa-do-Brasil-2024-no-Maracana-1280x1237.webp 1280w, https:\/\/www.gaveanews.com\/wp-content\/uploads\/Roni-durante-o-jogo-entre-Flamengo-x-Palmeiras-pela-Copa-do-Brasil-2024-no-Maracana-681x658.webp 681w, https:\/\/www.gaveanews.com\/wp-content\/uploads\/Roni-durante-o-jogo-entre-Flamengo-x-Palmeiras-pela-Copa-do-Brasil-2024-no-Maracana-1362x1317.webp 1362w, https:\/\/www.gaveanews.com\/wp-content\/uploads\/Roni-durante-o-jogo-entre-Flamengo-x-Palmeiras-pela-Copa-do-Brasil-2024-no-Maracana-100x97.webp 100w, https:\/\/www.gaveanews.com\/wp-content\/uploads\/Roni-durante-o-jogo-entre-Flamengo-x-Palmeiras-pela-Copa-do-Brasil-2024-no-Maracana.webp 1500w\" sizes=\"auto, (max-width: 1024px) 100vw, 1024px\" \/><figcaption class=\"wp-element-caption\">Roni durante o jogo entre Flamengo x Palmeiras pela Copa do Brasil 2024 no Maracan\u00e3 (Foto: Cesar Greco\/Palmeiras)<\/figcaption><\/figure>\n\n\n\n<p>O S\u00e3o Paulo, tricampe\u00e3o da Libertadores e do Mundial de Clubes, garantiu o segundo lugar, seguido pelo Palmeiras, atual bicampe\u00e3o da Libertadores, com 14 votos. <\/p>\n\n\n\n<p>A pesquisa evidenciou que conquistas internacionais t\u00eam um peso significativo na percep\u00e7\u00e3o da grandeza dos clubes. Em contrapartida, equipes historicamente marcantes como Santos e Gr\u00eamio tiveram desempenho modesto, com apenas tr\u00eas e um voto, respectivamente.<\/p>\n\n\n\n<p>O dom\u00ednio recente dos clubes brasileiros na Libertadores refor\u00e7a a hegemonia nacional no continente, com conquistas de Flamengo, Palmeiras, Fluminense e Botafogo entre 2019 e 2023. Os resultados mostram como a for\u00e7a atual desses times tem impactado sua reputa\u00e7\u00e3o internacional, consolidando o Brasil como pot\u00eancia no futebol sul-americano.<\/p>\n\n\n\n<h2 class=\"wp-block-heading\" id=\"h-desfalques-na-pre-temporada\">Desfalques na pr\u00e9-temporada<\/h2>\n\n\n\n<p>O S\u00e3o Paulo enfrenta dois desfalques em sua pr\u00e9-temporada nos Estados Unidos: o volante Dami\u00e1n Bobadilla, em isolamento devido a influenza, e o lateral-esquerdo Enzo D\u00edaz, que ainda realiza exames m\u00e9dicos no Brasil antes de assinar contrato. Bobadilla deve se juntar ao elenco no pr\u00f3ximo domingo (12), enquanto a data de chegada de Enzo ainda n\u00e3o foi confirmada. O argentino, emprestado pelo River Plate por um ano, ir\u00e1 disputar posi\u00e7\u00e3o com Patryck, o \u00fanico lateral-esquerdo dispon\u00edvel no momento<strong><a href=\"https:\/\/www.gaveanews.com\/index.php\/2025\/01\/11\/sao-paulo-tem-dois-desfalques-na-pre-temporada\/\"> (leia a mat\u00e9ria completa).<\/a><\/strong><\/p>\n\n\n\n<figure class=\"wp-block-image size-full\"><img loading=\"lazy\" decoding=\"async\" width=\"1000\" height=\"667\" src=\"https:\/\/www.gaveanews.com\/wp-content\/uploads\/Bandeira-do-Sao-Paulo-no-Morumbis-em-2024.webp\" alt=\"\" class=\"wp-image-154249\" srcset=\"https:\/\/www.gaveanews.com\/wp-content\/uploads\/Bandeira-do-Sao-Paulo-no-Morumbis-em-2024.webp 1000w, https:\/\/www.gaveanews.com\/wp-content\/uploads\/Bandeira-do-Sao-Paulo-no-Morumbis-em-2024-300x200.webp 300w, https:\/\/www.gaveanews.com\/wp-content\/uploads\/Bandeira-do-Sao-Paulo-no-Morumbis-em-2024-768x512.webp 768w, https:\/\/www.gaveanews.com\/wp-content\/uploads\/Bandeira-do-Sao-Paulo-no-Morumbis-em-2024-630x420.webp 630w, https:\/\/www.gaveanews.com\/wp-content\/uploads\/Bandeira-do-Sao-Paulo-no-Morumbis-em-2024-640x427.webp 640w, https:\/\/www.gaveanews.com\/wp-content\/uploads\/Bandeira-do-Sao-Paulo-no-Morumbis-em-2024-681x454.webp 681w, https:\/\/www.gaveanews.com\/wp-content\/uploads\/Bandeira-do-Sao-Paulo-no-Morumbis-em-2024-100x67.webp 100w\" sizes=\"auto, (max-width: 1000px) 100vw, 1000px\" \/><figcaption class=\"wp-element-caption\">Bandeira do S\u00e3o Paulo no Morumbis em 2024 (Foto: Reprodu\u00e7\u00e3o\/S\u00e3o Paulo)<\/figcaption><\/figure>\n\n\n\n<p>O Tricolor iniciou sua pr\u00e9-temporada na \u00faltima quarta-feira (8) em Orlando, onde disputar\u00e1 a Inter&amp;Co Soccer Week, da FC Series. A equipe, comandada por Luis Zubeld\u00eda, enfrentar\u00e1 o Cruzeiro no dia 15 e o Flamengo no dia 19 de janeiro. As atividades come\u00e7aram com treinos f\u00edsicos na academia do hotel e prosseguiram com exerc\u00edcios no gramado do complexo ESPN World Wide.<\/p>\n\n\n\n<p>Com compromissos em quatro competi\u00e7\u00f5es \u2014 Campeonato Paulista, Campeonato Brasileiro, Copa do Brasil e Copa Libertadores \u2014 o S\u00e3o Paulo busca preparar um elenco competitivo para 2025. A chegada de refor\u00e7os como Enzo D\u00edaz e a integra\u00e7\u00e3o de todos os jogadores \u00e0 pr\u00e9-temporada s\u00e3o fundamentais para as ambi\u00e7\u00f5es do clube na temporada.<\/p>\n","protected":false},"excerpt":{"rendered":"<p>Nas \u00faltimas horas, o foco das not\u00edcias sobre o S\u00e3o Paulo se concentram nos bastidores do clube, com destaques do dia a dia do time. Por conta deste contexto, leia abaixo um resumo preparado pela equipe do portal G\u00e1vea News para lhe manter muito bem informado! Proposta por Wendell O S\u00e3o Paulo decidiu retirar a [&hellip;]<\/p>\n","protected":false},"author":27,"featured_media":120199,"comment_status":"open","ping_status":"closed","sticky":false,"template":"","format":"standard","meta":{"footnotes":""},"categories":[151],"tags":[],"class_list":["post-212758","post","type-post","status-publish","format-standard","has-post-thumbnail","hentry","category-sao-paulo"],"yoast_head":"<!-- This site is optimized with the Yoast SEO Premium plugin v24.2 (Yoast SEO v26.9) - https:\/\/yoast.com\/product\/yoast-seo-premium-wordpress\/ -->\n<title>Desfalques na pr\u00e9-temporada, o maior time do Brasil e proposta por Wendell: as \u00faltimas not\u00edcias do S\u00e3o Paulo<\/title>\n<meta name=\"robots\" content=\"index, follow, max-snippet:-1, max-image-preview:large, max-video-preview:-1\" \/>\n<link rel=\"canonical\" href=\"https:\/\/www.gaveanews.com\/index.php\/2025\/01\/15\/desfalques-na-pre-temporada-o-maior-time-do-brasil-e-proposta-por-wendell-as-ultimas-noticias-do-sao-paulo\/\" \/>\n<meta property=\"og:locale\" content=\"pt_BR\" \/>\n<meta property=\"og:type\" content=\"article\" \/>\n<meta property=\"og:title\" content=\"Desfalques na pr\u00e9-temporada, o maior time do Brasil e proposta por Wendell: as \u00faltimas not\u00edcias do S\u00e3o Paulo\" \/>\n<meta property=\"og:description\" content=\"Nas \u00faltimas horas, o foco das not\u00edcias sobre o S\u00e3o Paulo se concentram nos bastidores do clube, com destaques do dia a dia do time. Por conta deste contexto, leia abaixo um resumo preparado pela equipe do portal G\u00e1vea News para lhe manter muito bem informado! Proposta por Wendell O S\u00e3o Paulo decidiu retirar a [&hellip;]\" \/>\n<meta property=\"og:url\" content=\"https:\/\/www.gaveanews.com\/index.php\/2025\/01\/15\/desfalques-na-pre-temporada-o-maior-time-do-brasil-e-proposta-por-wendell-as-ultimas-noticias-do-sao-paulo\/\" \/>\n<meta property=\"og:site_name\" content=\"G\u00e1vea News\" \/>\n<meta property=\"article:publisher\" content=\"https:\/\/facebook.com\/gaveaNews\/\" \/>\n<meta property=\"article:published_time\" content=\"2025-01-15T10:30:00+00:00\" \/>\n<meta property=\"og:image\" content=\"https:\/\/www.gaveanews.com\/wp-content\/uploads\/sao-paulo-escudo.webp\" \/>\n\t<meta property=\"og:image:width\" content=\"800\" \/>\n\t<meta property=\"og:image:height\" content=\"533\" \/>\n\t<meta property=\"og:image:type\" content=\"image\/webp\" \/>\n<meta name=\"author\" content=\"Matheus Felipe\" \/>\n<meta name=\"twitter:card\" content=\"summary_large_image\" \/>\n<meta name=\"twitter:label1\" content=\"Escrito por\" \/>\n\t<meta name=\"twitter:data1\" content=\"Matheus Felipe\" \/>\n\t<meta name=\"twitter:label2\" content=\"Est. tempo de leitura\" \/>\n\t<meta name=\"twitter:data2\" content=\"5 minutos\" \/>\n<script type=\"application\/ld+json\" class=\"yoast-schema-graph\">{\"@context\":\"https:\/\/schema.org\",\"@graph\":[{\"@type\":\"NewsArticle\",\"@id\":\"https:\/\/www.gaveanews.com\/index.php\/2025\/01\/15\/desfalques-na-pre-temporada-o-maior-time-do-brasil-e-proposta-por-wendell-as-ultimas-noticias-do-sao-paulo\/#article\",\"isPartOf\":{\"@id\":\"https:\/\/www.gaveanews.com\/index.php\/2025\/01\/15\/desfalques-na-pre-temporada-o-maior-time-do-brasil-e-proposta-por-wendell-as-ultimas-noticias-do-sao-paulo\/\"},\"author\":{\"name\":\"Matheus Felipe\",\"@id\":\"https:\/\/www.gaveanews.com\/#\/schema\/person\/8207cd4627f56151707418bfc835b2fb\"},\"headline\":\"Desfalques na pr\u00e9-temporada, o maior time do Brasil e proposta por Wendell: as \u00faltimas not\u00edcias do S\u00e3o Paulo\",\"datePublished\":\"2025-01-15T10:30:00+00:00\",\"mainEntityOfPage\":{\"@id\":\"https:\/\/www.gaveanews.com\/index.php\/2025\/01\/15\/desfalques-na-pre-temporada-o-maior-time-do-brasil-e-proposta-por-wendell-as-ultimas-noticias-do-sao-paulo\/\"},\"wordCount\":753,\"commentCount\":0,\"image\":{\"@id\":\"https:\/\/www.gaveanews.com\/index.php\/2025\/01\/15\/desfalques-na-pre-temporada-o-maior-time-do-brasil-e-proposta-por-wendell-as-ultimas-noticias-do-sao-paulo\/#primaryimage\"},\"thumbnailUrl\":\"https:\/\/www.gaveanews.com\/wp-content\/uploads\/sao-paulo-escudo.webp\",\"articleSection\":[\"S\u00e3o Paulo\"],\"inLanguage\":\"pt-BR\",\"potentialAction\":[{\"@type\":\"CommentAction\",\"name\":\"Comment\",\"target\":[\"https:\/\/www.gaveanews.com\/index.php\/2025\/01\/15\/desfalques-na-pre-temporada-o-maior-time-do-brasil-e-proposta-por-wendell-as-ultimas-noticias-do-sao-paulo\/#respond\"]}],\"copyrightYear\":\"2025\",\"copyrightHolder\":{\"@id\":\"https:\/\/www.gaveanews.com\/#organization\"}},{\"@type\":\"WebPage\",\"@id\":\"https:\/\/www.gaveanews.com\/index.php\/2025\/01\/15\/desfalques-na-pre-temporada-o-maior-time-do-brasil-e-proposta-por-wendell-as-ultimas-noticias-do-sao-paulo\/\",\"url\":\"https:\/\/www.gaveanews.com\/index.php\/2025\/01\/15\/desfalques-na-pre-temporada-o-maior-time-do-brasil-e-proposta-por-wendell-as-ultimas-noticias-do-sao-paulo\/\",\"name\":\"Desfalques na pr\u00e9-temporada, o maior time do Brasil e proposta por Wendell: as \u00faltimas not\u00edcias do S\u00e3o Paulo\",\"isPartOf\":{\"@id\":\"https:\/\/www.gaveanews.com\/#website\"},\"primaryImageOfPage\":{\"@id\":\"https:\/\/www.gaveanews.com\/index.php\/2025\/01\/15\/desfalques-na-pre-temporada-o-maior-time-do-brasil-e-proposta-por-wendell-as-ultimas-noticias-do-sao-paulo\/#primaryimage\"},\"image\":{\"@id\":\"https:\/\/www.gaveanews.com\/index.php\/2025\/01\/15\/desfalques-na-pre-temporada-o-maior-time-do-brasil-e-proposta-por-wendell-as-ultimas-noticias-do-sao-paulo\/#primaryimage\"},\"thumbnailUrl\":\"https:\/\/www.gaveanews.com\/wp-content\/uploads\/sao-paulo-escudo.webp\",\"datePublished\":\"2025-01-15T10:30:00+00:00\",\"author\":{\"@id\":\"https:\/\/www.gaveanews.com\/#\/schema\/person\/8207cd4627f56151707418bfc835b2fb\"},\"breadcrumb\":{\"@id\":\"https:\/\/www.gaveanews.com\/index.php\/2025\/01\/15\/desfalques-na-pre-temporada-o-maior-time-do-brasil-e-proposta-por-wendell-as-ultimas-noticias-do-sao-paulo\/#breadcrumb\"},\"inLanguage\":\"pt-BR\",\"potentialAction\":[{\"@type\":\"ReadAction\",\"target\":[\"https:\/\/www.gaveanews.com\/index.php\/2025\/01\/15\/desfalques-na-pre-temporada-o-maior-time-do-brasil-e-proposta-por-wendell-as-ultimas-noticias-do-sao-paulo\/\"]}]},{\"@type\":\"ImageObject\",\"inLanguage\":\"pt-BR\",\"@id\":\"https:\/\/www.gaveanews.com\/index.php\/2025\/01\/15\/desfalques-na-pre-temporada-o-maior-time-do-brasil-e-proposta-por-wendell-as-ultimas-noticias-do-sao-paulo\/#primaryimage\",\"url\":\"https:\/\/www.gaveanews.com\/wp-content\/uploads\/sao-paulo-escudo.webp\",\"contentUrl\":\"https:\/\/www.gaveanews.com\/wp-content\/uploads\/sao-paulo-escudo.webp\",\"width\":800,\"height\":533,\"caption\":\"Escudo do S\u00e3o Paulo (Foto: Reprodu\u00e7\u00e3o)\"},{\"@type\":\"BreadcrumbList\",\"@id\":\"https:\/\/www.gaveanews.com\/index.php\/2025\/01\/15\/desfalques-na-pre-temporada-o-maior-time-do-brasil-e-proposta-por-wendell-as-ultimas-noticias-do-sao-paulo\/#breadcrumb\",\"itemListElement\":[{\"@type\":\"ListItem\",\"position\":1,\"name\":\"Home\",\"item\":\"https:\/\/www.gaveanews.com\/\"},{\"@type\":\"ListItem\",\"position\":2,\"name\":\"Desfalques na pr\u00e9-temporada, o maior time do Brasil e proposta por Wendell: as \u00faltimas not\u00edcias do S\u00e3o Paulo\"}]},{\"@type\":\"WebSite\",\"@id\":\"https:\/\/www.gaveanews.com\/#website\",\"url\":\"https:\/\/www.gaveanews.com\/\",\"name\":\"G\u00e1vea News\",\"description\":\"Veja todas as not\u00edcias sobre o Flamengo: Contrata\u00e7\u00f5es, categorias de base, resultados das partidas, tabela de classifica\u00e7\u00e3o, pr\u00f3ximos jogos!\",\"potentialAction\":[{\"@type\":\"SearchAction\",\"target\":{\"@type\":\"EntryPoint\",\"urlTemplate\":\"https:\/\/www.gaveanews.com\/?s={search_term_string}\"},\"query-input\":{\"@type\":\"PropertyValueSpecification\",\"valueRequired\":true,\"valueName\":\"search_term_string\"}}],\"inLanguage\":\"pt-BR\"},{\"@type\":\"Person\",\"@id\":\"https:\/\/www.gaveanews.com\/#\/schema\/person\/8207cd4627f56151707418bfc835b2fb\",\"name\":\"Matheus Felipe\",\"image\":{\"@type\":\"ImageObject\",\"inLanguage\":\"pt-BR\",\"@id\":\"https:\/\/www.gaveanews.com\/#\/schema\/person\/image\/\",\"url\":\"https:\/\/secure.gravatar.com\/avatar\/a452ffbed9130f726358b298bb3a99ce4bd3c5338411f8440e87e14d74c7c087?s=96&d=mm&r=g\",\"contentUrl\":\"https:\/\/secure.gravatar.com\/avatar\/a452ffbed9130f726358b298bb3a99ce4bd3c5338411f8440e87e14d74c7c087?s=96&d=mm&r=g\",\"caption\":\"Matheus Felipe\"}}]}<\/script>\n<!-- \/ Yoast SEO Premium plugin. -->","yoast_head_json":{"title":"Desfalques na pr\u00e9-temporada, o maior time do Brasil e proposta por Wendell: as \u00faltimas not\u00edcias do S\u00e3o Paulo","robots":{"index":"index","follow":"follow","max-snippet":"max-snippet:-1","max-image-preview":"max-image-preview:large","max-video-preview":"max-video-preview:-1"},"canonical":"https:\/\/www.gaveanews.com\/index.php\/2025\/01\/15\/desfalques-na-pre-temporada-o-maior-time-do-brasil-e-proposta-por-wendell-as-ultimas-noticias-do-sao-paulo\/","og_locale":"pt_BR","og_type":"article","og_title":"Desfalques na pr\u00e9-temporada, o maior time do Brasil e proposta por Wendell: as \u00faltimas not\u00edcias do S\u00e3o Paulo","og_description":"Nas \u00faltimas horas, o foco das not\u00edcias sobre o S\u00e3o Paulo se concentram nos bastidores do clube, com destaques do dia a dia do time. Por conta deste contexto, leia abaixo um resumo preparado pela equipe do portal G\u00e1vea News para lhe manter muito bem informado! Proposta por Wendell O S\u00e3o Paulo decidiu retirar a [&hellip;]","og_url":"https:\/\/www.gaveanews.com\/index.php\/2025\/01\/15\/desfalques-na-pre-temporada-o-maior-time-do-brasil-e-proposta-por-wendell-as-ultimas-noticias-do-sao-paulo\/","og_site_name":"G\u00e1vea News","article_publisher":"https:\/\/facebook.com\/gaveaNews\/","article_published_time":"2025-01-15T10:30:00+00:00","og_image":[{"width":800,"height":533,"url":"https:\/\/www.gaveanews.com\/wp-content\/uploads\/sao-paulo-escudo.webp","type":"image\/webp"}],"author":"Matheus Felipe","twitter_card":"summary_large_image","twitter_misc":{"Escrito por":"Matheus Felipe","Est. tempo de leitura":"5 minutos"},"schema":{"@context":"https:\/\/schema.org","@graph":[{"@type":"NewsArticle","@id":"https:\/\/www.gaveanews.com\/index.php\/2025\/01\/15\/desfalques-na-pre-temporada-o-maior-time-do-brasil-e-proposta-por-wendell-as-ultimas-noticias-do-sao-paulo\/#article","isPartOf":{"@id":"https:\/\/www.gaveanews.com\/index.php\/2025\/01\/15\/desfalques-na-pre-temporada-o-maior-time-do-brasil-e-proposta-por-wendell-as-ultimas-noticias-do-sao-paulo\/"},"author":{"name":"Matheus Felipe","@id":"https:\/\/www.gaveanews.com\/#\/schema\/person\/8207cd4627f56151707418bfc835b2fb"},"headline":"Desfalques na pr\u00e9-temporada, o maior time do Brasil e proposta por Wendell: as \u00faltimas not\u00edcias do S\u00e3o Paulo","datePublished":"2025-01-15T10:30:00+00:00","mainEntityOfPage":{"@id":"https:\/\/www.gaveanews.com\/index.php\/2025\/01\/15\/desfalques-na-pre-temporada-o-maior-time-do-brasil-e-proposta-por-wendell-as-ultimas-noticias-do-sao-paulo\/"},"wordCount":753,"commentCount":0,"image":{"@id":"https:\/\/www.gaveanews.com\/index.php\/2025\/01\/15\/desfalques-na-pre-temporada-o-maior-time-do-brasil-e-proposta-por-wendell-as-ultimas-noticias-do-sao-paulo\/#primaryimage"},"thumbnailUrl":"https:\/\/www.gaveanews.com\/wp-content\/uploads\/sao-paulo-escudo.webp","articleSection":["S\u00e3o Paulo"],"inLanguage":"pt-BR","potentialAction":[{"@type":"CommentAction","name":"Comment","target":["https:\/\/www.gaveanews.com\/index.php\/2025\/01\/15\/desfalques-na-pre-temporada-o-maior-time-do-brasil-e-proposta-por-wendell-as-ultimas-noticias-do-sao-paulo\/#respond"]}],"copyrightYear":"2025","copyrightHolder":{"@id":"https:\/\/www.gaveanews.com\/#organization"}},{"@type":"WebPage","@id":"https:\/\/www.gaveanews.com\/index.php\/2025\/01\/15\/desfalques-na-pre-temporada-o-maior-time-do-brasil-e-proposta-por-wendell-as-ultimas-noticias-do-sao-paulo\/","url":"https:\/\/www.gaveanews.com\/index.php\/2025\/01\/15\/desfalques-na-pre-temporada-o-maior-time-do-brasil-e-proposta-por-wendell-as-ultimas-noticias-do-sao-paulo\/","name":"Desfalques na pr\u00e9-temporada, o maior time do Brasil e proposta por Wendell: as \u00faltimas not\u00edcias do S\u00e3o Paulo","isPartOf":{"@id":"https:\/\/www.gaveanews.com\/#website"},"primaryImageOfPage":{"@id":"https:\/\/www.gaveanews.com\/index.php\/2025\/01\/15\/desfalques-na-pre-temporada-o-maior-time-do-brasil-e-proposta-por-wendell-as-ultimas-noticias-do-sao-paulo\/#primaryimage"},"image":{"@id":"https:\/\/www.gaveanews.com\/index.php\/2025\/01\/15\/desfalques-na-pre-temporada-o-maior-time-do-brasil-e-proposta-por-wendell-as-ultimas-noticias-do-sao-paulo\/#primaryimage"},"thumbnailUrl":"https:\/\/www.gaveanews.com\/wp-content\/uploads\/sao-paulo-escudo.webp","datePublished":"2025-01-15T10:30:00+00:00","author":{"@id":"https:\/\/www.gaveanews.com\/#\/schema\/person\/8207cd4627f56151707418bfc835b2fb"},"breadcrumb":{"@id":"https:\/\/www.gaveanews.com\/index.php\/2025\/01\/15\/desfalques-na-pre-temporada-o-maior-time-do-brasil-e-proposta-por-wendell-as-ultimas-noticias-do-sao-paulo\/#breadcrumb"},"inLanguage":"pt-BR","potentialAction":[{"@type":"ReadAction","target":["https:\/\/www.gaveanews.com\/index.php\/2025\/01\/15\/desfalques-na-pre-temporada-o-maior-time-do-brasil-e-proposta-por-wendell-as-ultimas-noticias-do-sao-paulo\/"]}]},{"@type":"ImageObject","inLanguage":"pt-BR","@id":"https:\/\/www.gaveanews.com\/index.php\/2025\/01\/15\/desfalques-na-pre-temporada-o-maior-time-do-brasil-e-proposta-por-wendell-as-ultimas-noticias-do-sao-paulo\/#primaryimage","url":"https:\/\/www.gaveanews.com\/wp-content\/uploads\/sao-paulo-escudo.webp","contentUrl":"https:\/\/www.gaveanews.com\/wp-content\/uploads\/sao-paulo-escudo.webp","width":800,"height":533,"caption":"Escudo do S\u00e3o Paulo (Foto: Reprodu\u00e7\u00e3o)"},{"@type":"BreadcrumbList","@id":"https:\/\/www.gaveanews.com\/index.php\/2025\/01\/15\/desfalques-na-pre-temporada-o-maior-time-do-brasil-e-proposta-por-wendell-as-ultimas-noticias-do-sao-paulo\/#breadcrumb","itemListElement":[{"@type":"ListItem","position":1,"name":"Home","item":"https:\/\/www.gaveanews.com\/"},{"@type":"ListItem","position":2,"name":"Desfalques na pr\u00e9-temporada, o maior time do Brasil e proposta por Wendell: as \u00faltimas not\u00edcias do S\u00e3o Paulo"}]},{"@type":"WebSite","@id":"https:\/\/www.gaveanews.com\/#website","url":"https:\/\/www.gaveanews.com\/","name":"G\u00e1vea News","description":"Veja todas as not\u00edcias sobre o Flamengo: Contrata\u00e7\u00f5es, categorias de base, resultados das partidas, tabela de classifica\u00e7\u00e3o, pr\u00f3ximos jogos!","potentialAction":[{"@type":"SearchAction","target":{"@type":"EntryPoint","urlTemplate":"https:\/\/www.gaveanews.com\/?s={search_term_string}"},"query-input":{"@type":"PropertyValueSpecification","valueRequired":true,"valueName":"search_term_string"}}],"inLanguage":"pt-BR"},{"@type":"Person","@id":"https:\/\/www.gaveanews.com\/#\/schema\/person\/8207cd4627f56151707418bfc835b2fb","name":"Matheus Felipe","image":{"@type":"ImageObject","inLanguage":"pt-BR","@id":"https:\/\/www.gaveanews.com\/#\/schema\/person\/image\/","url":"https:\/\/secure.gravatar.com\/avatar\/a452ffbed9130f726358b298bb3a99ce4bd3c5338411f8440e87e14d74c7c087?s=96&d=mm&r=g","contentUrl":"https:\/\/secure.gravatar.com\/avatar\/a452ffbed9130f726358b298bb3a99ce4bd3c5338411f8440e87e14d74c7c087?s=96&d=mm&r=g","caption":"Matheus Felipe"}}]}},"_links":{"self":[{"href":"https:\/\/www.gaveanews.com\/index.php\/wp-json\/wp\/v2\/posts\/212758","targetHints":{"allow":["GET"]}}],"collection":[{"href":"https:\/\/www.gaveanews.com\/index.php\/wp-json\/wp\/v2\/posts"}],"about":[{"href":"https:\/\/www.gaveanews.com\/index.php\/wp-json\/wp\/v2\/types\/post"}],"author":[{"embeddable":true,"href":"https:\/\/www.gaveanews.com\/index.php\/wp-json\/wp\/v2\/users\/27"}],"replies":[{"embeddable":true,"href":"https:\/\/www.gaveanews.com\/index.php\/wp-json\/wp\/v2\/comments?post=212758"}],"version-history":[{"count":1,"href":"https:\/\/www.gaveanews.com\/index.php\/wp-json\/wp\/v2\/posts\/212758\/revisions"}],"predecessor-version":[{"id":212763,"href":"https:\/\/www.gaveanews.com\/index.php\/wp-json\/wp\/v2\/posts\/212758\/revisions\/212763"}],"wp:featuredmedia":[{"embeddable":true,"href":"https:\/\/www.gaveanews.com\/index.php\/wp-json\/wp\/v2\/media\/120199"}],"wp:attachment":[{"href":"https:\/\/www.gaveanews.com\/index.php\/wp-json\/wp\/v2\/media?parent=212758"}],"wp:term":[{"taxonomy":"category","embeddable":true,"href":"https:\/\/www.gaveanews.com\/index.php\/wp-json\/wp\/v2\/categories?post=212758"},{"taxonomy":"post_tag","embeddable":true,"href":"https:\/\/www.gaveanews.com\/index.php\/wp-json\/wp\/v2\/tags?post=212758"}],"curies":[{"name":"wp","href":"https:\/\/api.w.org\/{rel}","templated":true}]}}