{"id":212799,"date":"2025-01-15T19:10:00","date_gmt":"2025-01-15T22:10:00","guid":{"rendered":"https:\/\/www.gaveanews.com\/?p=212799"},"modified":"2025-01-15T18:31:35","modified_gmt":"2025-01-15T21:31:35","slug":"a-declaracao-de-pvc-sobre-a-polemica-entre-dudu-do-cruzeiro-e-leila-pereira-do-palmeiras","status":"publish","type":"post","link":"https:\/\/www.gaveanews.com\/index.php\/2025\/01\/15\/a-declaracao-de-pvc-sobre-a-polemica-entre-dudu-do-cruzeiro-e-leila-pereira-do-palmeiras\/","title":{"rendered":"A declara\u00e7\u00e3o de PVC, sobre a pol\u00eamica entre Dudu, do Cruzeiro, e Leila Pereira, do Palmeiras"},"content":{"rendered":"\n<p>Dudu, atualmente jogador do Cruzeiro, mas, nos \u00faltimos 10 anos foi um dos maiores \u00eddolos do Palmeiras, e Leila Pereira, Presidente do clube, protagonizaram verdadeiras pol\u00eamicas nos \u00faltimos dias.<\/p>\n\n\n\n<ul class=\"wp-block-list\">\n<li><a href=\"https:\/\/www.gaveanews.com\/index.php\/2025\/01\/14\/palmeiras-dudu-emite-nota-oficial-direcionada-a-leila-pereira\/\">Palmeiras: Dudu emite nota oficial direcionada \u00e0 Leila Pereira<\/a><\/li>\n\n\n\n<li><a href=\"https:\/\/www.gaveanews.com\/index.php\/2024\/12\/17\/video-dudu-se-despede-do-palmeiras-atraves-das-redes-sociais\/\">V\u00eddeo: Dudu se despede do Palmeiras atrav\u00e9s das redes sociais<\/a><\/li>\n<\/ul>\n\n\n\n<p>Ap\u00f3s todos os problemas envolvendo negocia\u00e7\u00f5es, dispensas e entrega de posi\u00e7\u00e3o que aconteceram na metade de 2024, Leila Pereira voltou a tocar no assunto &#8216;Dudu&#8217; ap\u00f3s a apresenta\u00e7\u00e3o do novo patrocinador do clube, a SportingBet.<\/p>\n\n\n\n<p>Leila Pereira comentava sobre as negocia\u00e7\u00f5es do Fluminense com Rony e disse que o jogador nunca foi problema para a equipe e que, se sair, sair\u00e1 pela porta da frente do clube, diferente do Dudu, que, segundo ela, saiu pela porta dos Fundos.<\/p>\n\n\n\n<p>Dudu publicou um story no Instagram rebatendo a presidente, dizendo que teve 10 anos de hist\u00f3ria no clube e proferiu alguns xingamentos a ela. At\u00e9 a esposa de Dudu comentou o caso dizendo que a pr\u00f3pria Leila havia pedido para n\u00e3o comentar sobre negocia\u00e7\u00f5es fora do \u00e2mbito esportivo do Palmeiras.<\/p>\n\n\n\n<p>Enfim, Paulo Vinicius Coelho, o PVC, defendeu Dudu ressaltando a trajet\u00f3ria que ele teve no Palmeiras e a busca dele como jogador nesses \u00faltimos 10 anos:<\/p>\n\n\n\n<p>\u201cO atacante pediu para ser negociado no meio do ano com o Cruzeiro. Pode ter sido um erro. Mas voltou atr\u00e1s e decidiu ficar. Ao sair, pela porta da frente, como 15\u00ba jogador com mais atua\u00e7\u00f5es pelo clube (462) e 23\u00ba com mais gols (88), o jogador com mais t\u00edtulos com a camisa alviverde, abaixo apenas de Ademir da Guia, Dudu deixou sua marca.\u201d<\/p>\n\n\n\n<p>Para PVC, Dudu saiu pela porta da frente, e n\u00e3o pela porta dos fundos como disse Leila Pereira e conquistou coisas que poucos conquistar\u00e3o com o clube.<\/p>\n\n\n\n<h2 class=\"wp-block-heading\" id=\"h-qual-a-proxima-partida-do-palmeiras\">Qual a pr\u00f3xima partida do Palmeiras?<\/h2>\n\n\n\n<p>Palmeiras&nbsp;e Portuguesa se enfrentam nesta quarta-feira, \u00e0s 21h35 (de Bras\u00edlia), pela estreia das equipes no Campeonato Paulista. A partida ser\u00e1 disputada no Allianz Parque.<\/p>\n\n\n\n<p>Atual tricampe\u00e3o consecutivo, o Palmeiras busca a quarta ta\u00e7a em sequ\u00eancia. O Verd\u00e3o fez duas contrata\u00e7\u00f5es para a temporada (Facundo Torres e Paulinho), mas apenas o primeiro est\u00e1 \u00e0 disposi\u00e7\u00e3o para o jogo.<\/p>\n\n\n\n<p>J\u00e1 a Portuguesa chega com expectativa ap\u00f3s se tornar SAF. Foram 15 contrata\u00e7\u00f5es at\u00e9 aqui, e o clube ainda planeja buscar novos jogadores para a disputa do Estadual. A partida ser\u00e1 transmitida pela Record e pela Caz\u00e9 TV.<\/p>\n","protected":false},"excerpt":{"rendered":"<p>Dudu, atualmente jogador do Cruzeiro, mas, nos \u00faltimos 10 anos foi um dos maiores \u00eddolos do Palmeiras, e Leila Pereira, Presidente do clube, protagonizaram verdadeiras pol\u00eamicas nos \u00faltimos dias. Ap\u00f3s todos os problemas envolvendo negocia\u00e7\u00f5es, dispensas e entrega de posi\u00e7\u00e3o que aconteceram na metade de 2024, Leila Pereira voltou a tocar no assunto &#8216;Dudu&#8217; ap\u00f3s [&hellip;]<\/p>\n","protected":false},"author":19,"featured_media":91439,"comment_status":"open","ping_status":"closed","sticky":false,"template":"","format":"standard","meta":{"footnotes":""},"categories":[150],"tags":[],"class_list":["post-212799","post","type-post","status-publish","format-standard","has-post-thumbnail","hentry","category-palmeiras"],"yoast_head":"<!-- This site is optimized with the Yoast SEO Premium plugin v24.2 (Yoast SEO v26.9) - https:\/\/yoast.com\/product\/yoast-seo-premium-wordpress\/ -->\n<title>A declara\u00e7\u00e3o de PVC, sobre a pol\u00eamica entre Dudu, do Cruzeiro, e Leila Pereira, do Palmeiras<\/title>\n<meta name=\"robots\" content=\"index, follow, max-snippet:-1, max-image-preview:large, max-video-preview:-1\" \/>\n<link rel=\"canonical\" href=\"https:\/\/www.gaveanews.com\/index.php\/2025\/01\/15\/a-declaracao-de-pvc-sobre-a-polemica-entre-dudu-do-cruzeiro-e-leila-pereira-do-palmeiras\/\" \/>\n<meta property=\"og:locale\" content=\"pt_BR\" \/>\n<meta property=\"og:type\" content=\"article\" \/>\n<meta property=\"og:title\" content=\"A declara\u00e7\u00e3o de PVC, sobre a pol\u00eamica entre Dudu, do Cruzeiro, e Leila Pereira, do Palmeiras\" \/>\n<meta property=\"og:description\" content=\"Dudu, atualmente jogador do Cruzeiro, mas, nos \u00faltimos 10 anos foi um dos maiores \u00eddolos do Palmeiras, e Leila Pereira, Presidente do clube, protagonizaram verdadeiras pol\u00eamicas nos \u00faltimos dias. Ap\u00f3s todos os problemas envolvendo negocia\u00e7\u00f5es, dispensas e entrega de posi\u00e7\u00e3o que aconteceram na metade de 2024, Leila Pereira voltou a tocar no assunto &#8216;Dudu&#8217; ap\u00f3s [&hellip;]\" \/>\n<meta property=\"og:url\" content=\"https:\/\/www.gaveanews.com\/index.php\/2025\/01\/15\/a-declaracao-de-pvc-sobre-a-polemica-entre-dudu-do-cruzeiro-e-leila-pereira-do-palmeiras\/\" \/>\n<meta property=\"og:site_name\" content=\"G\u00e1vea News\" \/>\n<meta property=\"article:publisher\" content=\"https:\/\/facebook.com\/gaveaNews\/\" \/>\n<meta property=\"article:published_time\" content=\"2025-01-15T22:10:00+00:00\" \/>\n<meta property=\"og:image\" content=\"https:\/\/www.gaveanews.com\/wp-content\/uploads\/dudu-palmeiras.webp\" \/>\n\t<meta property=\"og:image:width\" content=\"846\" \/>\n\t<meta property=\"og:image:height\" content=\"476\" \/>\n\t<meta property=\"og:image:type\" content=\"image\/webp\" \/>\n<meta name=\"author\" content=\"Bruno Zanchetta\" \/>\n<meta name=\"twitter:card\" content=\"summary_large_image\" \/>\n<meta name=\"twitter:label1\" content=\"Escrito por\" \/>\n\t<meta name=\"twitter:data1\" content=\"Bruno Zanchetta\" \/>\n\t<meta name=\"twitter:label2\" content=\"Est. tempo de leitura\" \/>\n\t<meta name=\"twitter:data2\" content=\"3 minutos\" \/>\n<script type=\"application\/ld+json\" class=\"yoast-schema-graph\">{\"@context\":\"https:\/\/schema.org\",\"@graph\":[{\"@type\":\"NewsArticle\",\"@id\":\"https:\/\/www.gaveanews.com\/index.php\/2025\/01\/15\/a-declaracao-de-pvc-sobre-a-polemica-entre-dudu-do-cruzeiro-e-leila-pereira-do-palmeiras\/#article\",\"isPartOf\":{\"@id\":\"https:\/\/www.gaveanews.com\/index.php\/2025\/01\/15\/a-declaracao-de-pvc-sobre-a-polemica-entre-dudu-do-cruzeiro-e-leila-pereira-do-palmeiras\/\"},\"author\":{\"name\":\"Bruno Zanchetta\",\"@id\":\"https:\/\/www.gaveanews.com\/#\/schema\/person\/32fddefab25b466689f181be346cd98c\"},\"headline\":\"A declara\u00e7\u00e3o de PVC, sobre a pol\u00eamica entre Dudu, do Cruzeiro, e Leila Pereira, do Palmeiras\",\"datePublished\":\"2025-01-15T22:10:00+00:00\",\"mainEntityOfPage\":{\"@id\":\"https:\/\/www.gaveanews.com\/index.php\/2025\/01\/15\/a-declaracao-de-pvc-sobre-a-polemica-entre-dudu-do-cruzeiro-e-leila-pereira-do-palmeiras\/\"},\"wordCount\":432,\"commentCount\":0,\"image\":{\"@id\":\"https:\/\/www.gaveanews.com\/index.php\/2025\/01\/15\/a-declaracao-de-pvc-sobre-a-polemica-entre-dudu-do-cruzeiro-e-leila-pereira-do-palmeiras\/#primaryimage\"},\"thumbnailUrl\":\"https:\/\/www.gaveanews.com\/wp-content\/uploads\/dudu-palmeiras.webp\",\"articleSection\":[\"Palmeiras\"],\"inLanguage\":\"pt-BR\",\"potentialAction\":[{\"@type\":\"CommentAction\",\"name\":\"Comment\",\"target\":[\"https:\/\/www.gaveanews.com\/index.php\/2025\/01\/15\/a-declaracao-de-pvc-sobre-a-polemica-entre-dudu-do-cruzeiro-e-leila-pereira-do-palmeiras\/#respond\"]}],\"copyrightYear\":\"2025\",\"copyrightHolder\":{\"@id\":\"https:\/\/www.gaveanews.com\/#organization\"}},{\"@type\":\"WebPage\",\"@id\":\"https:\/\/www.gaveanews.com\/index.php\/2025\/01\/15\/a-declaracao-de-pvc-sobre-a-polemica-entre-dudu-do-cruzeiro-e-leila-pereira-do-palmeiras\/\",\"url\":\"https:\/\/www.gaveanews.com\/index.php\/2025\/01\/15\/a-declaracao-de-pvc-sobre-a-polemica-entre-dudu-do-cruzeiro-e-leila-pereira-do-palmeiras\/\",\"name\":\"A declara\u00e7\u00e3o de PVC, sobre a pol\u00eamica entre Dudu, do Cruzeiro, e Leila Pereira, do Palmeiras\",\"isPartOf\":{\"@id\":\"https:\/\/www.gaveanews.com\/#website\"},\"primaryImageOfPage\":{\"@id\":\"https:\/\/www.gaveanews.com\/index.php\/2025\/01\/15\/a-declaracao-de-pvc-sobre-a-polemica-entre-dudu-do-cruzeiro-e-leila-pereira-do-palmeiras\/#primaryimage\"},\"image\":{\"@id\":\"https:\/\/www.gaveanews.com\/index.php\/2025\/01\/15\/a-declaracao-de-pvc-sobre-a-polemica-entre-dudu-do-cruzeiro-e-leila-pereira-do-palmeiras\/#primaryimage\"},\"thumbnailUrl\":\"https:\/\/www.gaveanews.com\/wp-content\/uploads\/dudu-palmeiras.webp\",\"datePublished\":\"2025-01-15T22:10:00+00:00\",\"author\":{\"@id\":\"https:\/\/www.gaveanews.com\/#\/schema\/person\/32fddefab25b466689f181be346cd98c\"},\"breadcrumb\":{\"@id\":\"https:\/\/www.gaveanews.com\/index.php\/2025\/01\/15\/a-declaracao-de-pvc-sobre-a-polemica-entre-dudu-do-cruzeiro-e-leila-pereira-do-palmeiras\/#breadcrumb\"},\"inLanguage\":\"pt-BR\",\"potentialAction\":[{\"@type\":\"ReadAction\",\"target\":[\"https:\/\/www.gaveanews.com\/index.php\/2025\/01\/15\/a-declaracao-de-pvc-sobre-a-polemica-entre-dudu-do-cruzeiro-e-leila-pereira-do-palmeiras\/\"]}]},{\"@type\":\"ImageObject\",\"inLanguage\":\"pt-BR\",\"@id\":\"https:\/\/www.gaveanews.com\/index.php\/2025\/01\/15\/a-declaracao-de-pvc-sobre-a-polemica-entre-dudu-do-cruzeiro-e-leila-pereira-do-palmeiras\/#primaryimage\",\"url\":\"https:\/\/www.gaveanews.com\/wp-content\/uploads\/dudu-palmeiras.webp\",\"contentUrl\":\"https:\/\/www.gaveanews.com\/wp-content\/uploads\/dudu-palmeiras.webp\",\"width\":846,\"height\":476,\"caption\":\"Dudu em jogo do Palmeiras (Foto: Cesar Greco\/Palmeiras)\"},{\"@type\":\"BreadcrumbList\",\"@id\":\"https:\/\/www.gaveanews.com\/index.php\/2025\/01\/15\/a-declaracao-de-pvc-sobre-a-polemica-entre-dudu-do-cruzeiro-e-leila-pereira-do-palmeiras\/#breadcrumb\",\"itemListElement\":[{\"@type\":\"ListItem\",\"position\":1,\"name\":\"Home\",\"item\":\"https:\/\/www.gaveanews.com\/\"},{\"@type\":\"ListItem\",\"position\":2,\"name\":\"A declara\u00e7\u00e3o de PVC, sobre a pol\u00eamica entre Dudu, do Cruzeiro, e Leila Pereira, do Palmeiras\"}]},{\"@type\":\"WebSite\",\"@id\":\"https:\/\/www.gaveanews.com\/#website\",\"url\":\"https:\/\/www.gaveanews.com\/\",\"name\":\"G\u00e1vea News\",\"description\":\"Veja todas as not\u00edcias sobre o Flamengo: Contrata\u00e7\u00f5es, categorias de base, resultados das partidas, tabela de classifica\u00e7\u00e3o, pr\u00f3ximos jogos!\",\"potentialAction\":[{\"@type\":\"SearchAction\",\"target\":{\"@type\":\"EntryPoint\",\"urlTemplate\":\"https:\/\/www.gaveanews.com\/?s={search_term_string}\"},\"query-input\":{\"@type\":\"PropertyValueSpecification\",\"valueRequired\":true,\"valueName\":\"search_term_string\"}}],\"inLanguage\":\"pt-BR\"},{\"@type\":\"Person\",\"@id\":\"https:\/\/www.gaveanews.com\/#\/schema\/person\/32fddefab25b466689f181be346cd98c\",\"name\":\"Bruno Zanchetta\",\"image\":{\"@type\":\"ImageObject\",\"inLanguage\":\"pt-BR\",\"@id\":\"https:\/\/www.gaveanews.com\/#\/schema\/person\/image\/\",\"url\":\"https:\/\/secure.gravatar.com\/avatar\/3ba2d39f8a912ad65276975a996d6ad8d9e3dd13448684be8dc4d7c17099d2ee?s=96&d=mm&r=g\",\"contentUrl\":\"https:\/\/secure.gravatar.com\/avatar\/3ba2d39f8a912ad65276975a996d6ad8d9e3dd13448684be8dc4d7c17099d2ee?s=96&d=mm&r=g\",\"caption\":\"Bruno Zanchetta\"}}]}<\/script>\n<!-- \/ Yoast SEO Premium plugin. -->","yoast_head_json":{"title":"A declara\u00e7\u00e3o de PVC, sobre a pol\u00eamica entre Dudu, do Cruzeiro, e Leila Pereira, do Palmeiras","robots":{"index":"index","follow":"follow","max-snippet":"max-snippet:-1","max-image-preview":"max-image-preview:large","max-video-preview":"max-video-preview:-1"},"canonical":"https:\/\/www.gaveanews.com\/index.php\/2025\/01\/15\/a-declaracao-de-pvc-sobre-a-polemica-entre-dudu-do-cruzeiro-e-leila-pereira-do-palmeiras\/","og_locale":"pt_BR","og_type":"article","og_title":"A declara\u00e7\u00e3o de PVC, sobre a pol\u00eamica entre Dudu, do Cruzeiro, e Leila Pereira, do Palmeiras","og_description":"Dudu, atualmente jogador do Cruzeiro, mas, nos \u00faltimos 10 anos foi um dos maiores \u00eddolos do Palmeiras, e Leila Pereira, Presidente do clube, protagonizaram verdadeiras pol\u00eamicas nos \u00faltimos dias. Ap\u00f3s todos os problemas envolvendo negocia\u00e7\u00f5es, dispensas e entrega de posi\u00e7\u00e3o que aconteceram na metade de 2024, Leila Pereira voltou a tocar no assunto &#8216;Dudu&#8217; ap\u00f3s [&hellip;]","og_url":"https:\/\/www.gaveanews.com\/index.php\/2025\/01\/15\/a-declaracao-de-pvc-sobre-a-polemica-entre-dudu-do-cruzeiro-e-leila-pereira-do-palmeiras\/","og_site_name":"G\u00e1vea News","article_publisher":"https:\/\/facebook.com\/gaveaNews\/","article_published_time":"2025-01-15T22:10:00+00:00","og_image":[{"width":846,"height":476,"url":"https:\/\/www.gaveanews.com\/wp-content\/uploads\/dudu-palmeiras.webp","type":"image\/webp"}],"author":"Bruno Zanchetta","twitter_card":"summary_large_image","twitter_misc":{"Escrito por":"Bruno Zanchetta","Est. tempo de leitura":"3 minutos"},"schema":{"@context":"https:\/\/schema.org","@graph":[{"@type":"NewsArticle","@id":"https:\/\/www.gaveanews.com\/index.php\/2025\/01\/15\/a-declaracao-de-pvc-sobre-a-polemica-entre-dudu-do-cruzeiro-e-leila-pereira-do-palmeiras\/#article","isPartOf":{"@id":"https:\/\/www.gaveanews.com\/index.php\/2025\/01\/15\/a-declaracao-de-pvc-sobre-a-polemica-entre-dudu-do-cruzeiro-e-leila-pereira-do-palmeiras\/"},"author":{"name":"Bruno Zanchetta","@id":"https:\/\/www.gaveanews.com\/#\/schema\/person\/32fddefab25b466689f181be346cd98c"},"headline":"A declara\u00e7\u00e3o de PVC, sobre a pol\u00eamica entre Dudu, do Cruzeiro, e Leila Pereira, do Palmeiras","datePublished":"2025-01-15T22:10:00+00:00","mainEntityOfPage":{"@id":"https:\/\/www.gaveanews.com\/index.php\/2025\/01\/15\/a-declaracao-de-pvc-sobre-a-polemica-entre-dudu-do-cruzeiro-e-leila-pereira-do-palmeiras\/"},"wordCount":432,"commentCount":0,"image":{"@id":"https:\/\/www.gaveanews.com\/index.php\/2025\/01\/15\/a-declaracao-de-pvc-sobre-a-polemica-entre-dudu-do-cruzeiro-e-leila-pereira-do-palmeiras\/#primaryimage"},"thumbnailUrl":"https:\/\/www.gaveanews.com\/wp-content\/uploads\/dudu-palmeiras.webp","articleSection":["Palmeiras"],"inLanguage":"pt-BR","potentialAction":[{"@type":"CommentAction","name":"Comment","target":["https:\/\/www.gaveanews.com\/index.php\/2025\/01\/15\/a-declaracao-de-pvc-sobre-a-polemica-entre-dudu-do-cruzeiro-e-leila-pereira-do-palmeiras\/#respond"]}],"copyrightYear":"2025","copyrightHolder":{"@id":"https:\/\/www.gaveanews.com\/#organization"}},{"@type":"WebPage","@id":"https:\/\/www.gaveanews.com\/index.php\/2025\/01\/15\/a-declaracao-de-pvc-sobre-a-polemica-entre-dudu-do-cruzeiro-e-leila-pereira-do-palmeiras\/","url":"https:\/\/www.gaveanews.com\/index.php\/2025\/01\/15\/a-declaracao-de-pvc-sobre-a-polemica-entre-dudu-do-cruzeiro-e-leila-pereira-do-palmeiras\/","name":"A declara\u00e7\u00e3o de PVC, sobre a pol\u00eamica entre Dudu, do Cruzeiro, e Leila Pereira, do Palmeiras","isPartOf":{"@id":"https:\/\/www.gaveanews.com\/#website"},"primaryImageOfPage":{"@id":"https:\/\/www.gaveanews.com\/index.php\/2025\/01\/15\/a-declaracao-de-pvc-sobre-a-polemica-entre-dudu-do-cruzeiro-e-leila-pereira-do-palmeiras\/#primaryimage"},"image":{"@id":"https:\/\/www.gaveanews.com\/index.php\/2025\/01\/15\/a-declaracao-de-pvc-sobre-a-polemica-entre-dudu-do-cruzeiro-e-leila-pereira-do-palmeiras\/#primaryimage"},"thumbnailUrl":"https:\/\/www.gaveanews.com\/wp-content\/uploads\/dudu-palmeiras.webp","datePublished":"2025-01-15T22:10:00+00:00","author":{"@id":"https:\/\/www.gaveanews.com\/#\/schema\/person\/32fddefab25b466689f181be346cd98c"},"breadcrumb":{"@id":"https:\/\/www.gaveanews.com\/index.php\/2025\/01\/15\/a-declaracao-de-pvc-sobre-a-polemica-entre-dudu-do-cruzeiro-e-leila-pereira-do-palmeiras\/#breadcrumb"},"inLanguage":"pt-BR","potentialAction":[{"@type":"ReadAction","target":["https:\/\/www.gaveanews.com\/index.php\/2025\/01\/15\/a-declaracao-de-pvc-sobre-a-polemica-entre-dudu-do-cruzeiro-e-leila-pereira-do-palmeiras\/"]}]},{"@type":"ImageObject","inLanguage":"pt-BR","@id":"https:\/\/www.gaveanews.com\/index.php\/2025\/01\/15\/a-declaracao-de-pvc-sobre-a-polemica-entre-dudu-do-cruzeiro-e-leila-pereira-do-palmeiras\/#primaryimage","url":"https:\/\/www.gaveanews.com\/wp-content\/uploads\/dudu-palmeiras.webp","contentUrl":"https:\/\/www.gaveanews.com\/wp-content\/uploads\/dudu-palmeiras.webp","width":846,"height":476,"caption":"Dudu em jogo do Palmeiras (Foto: Cesar Greco\/Palmeiras)"},{"@type":"BreadcrumbList","@id":"https:\/\/www.gaveanews.com\/index.php\/2025\/01\/15\/a-declaracao-de-pvc-sobre-a-polemica-entre-dudu-do-cruzeiro-e-leila-pereira-do-palmeiras\/#breadcrumb","itemListElement":[{"@type":"ListItem","position":1,"name":"Home","item":"https:\/\/www.gaveanews.com\/"},{"@type":"ListItem","position":2,"name":"A declara\u00e7\u00e3o de PVC, sobre a pol\u00eamica entre Dudu, do Cruzeiro, e Leila Pereira, do Palmeiras"}]},{"@type":"WebSite","@id":"https:\/\/www.gaveanews.com\/#website","url":"https:\/\/www.gaveanews.com\/","name":"G\u00e1vea News","description":"Veja todas as not\u00edcias sobre o Flamengo: Contrata\u00e7\u00f5es, categorias de base, resultados das partidas, tabela de classifica\u00e7\u00e3o, pr\u00f3ximos jogos!","potentialAction":[{"@type":"SearchAction","target":{"@type":"EntryPoint","urlTemplate":"https:\/\/www.gaveanews.com\/?s={search_term_string}"},"query-input":{"@type":"PropertyValueSpecification","valueRequired":true,"valueName":"search_term_string"}}],"inLanguage":"pt-BR"},{"@type":"Person","@id":"https:\/\/www.gaveanews.com\/#\/schema\/person\/32fddefab25b466689f181be346cd98c","name":"Bruno Zanchetta","image":{"@type":"ImageObject","inLanguage":"pt-BR","@id":"https:\/\/www.gaveanews.com\/#\/schema\/person\/image\/","url":"https:\/\/secure.gravatar.com\/avatar\/3ba2d39f8a912ad65276975a996d6ad8d9e3dd13448684be8dc4d7c17099d2ee?s=96&d=mm&r=g","contentUrl":"https:\/\/secure.gravatar.com\/avatar\/3ba2d39f8a912ad65276975a996d6ad8d9e3dd13448684be8dc4d7c17099d2ee?s=96&d=mm&r=g","caption":"Bruno Zanchetta"}}]}},"_links":{"self":[{"href":"https:\/\/www.gaveanews.com\/index.php\/wp-json\/wp\/v2\/posts\/212799","targetHints":{"allow":["GET"]}}],"collection":[{"href":"https:\/\/www.gaveanews.com\/index.php\/wp-json\/wp\/v2\/posts"}],"about":[{"href":"https:\/\/www.gaveanews.com\/index.php\/wp-json\/wp\/v2\/types\/post"}],"author":[{"embeddable":true,"href":"https:\/\/www.gaveanews.com\/index.php\/wp-json\/wp\/v2\/users\/19"}],"replies":[{"embeddable":true,"href":"https:\/\/www.gaveanews.com\/index.php\/wp-json\/wp\/v2\/comments?post=212799"}],"version-history":[{"count":2,"href":"https:\/\/www.gaveanews.com\/index.php\/wp-json\/wp\/v2\/posts\/212799\/revisions"}],"predecessor-version":[{"id":213057,"href":"https:\/\/www.gaveanews.com\/index.php\/wp-json\/wp\/v2\/posts\/212799\/revisions\/213057"}],"wp:featuredmedia":[{"embeddable":true,"href":"https:\/\/www.gaveanews.com\/index.php\/wp-json\/wp\/v2\/media\/91439"}],"wp:attachment":[{"href":"https:\/\/www.gaveanews.com\/index.php\/wp-json\/wp\/v2\/media?parent=212799"}],"wp:term":[{"taxonomy":"category","embeddable":true,"href":"https:\/\/www.gaveanews.com\/index.php\/wp-json\/wp\/v2\/categories?post=212799"},{"taxonomy":"post_tag","embeddable":true,"href":"https:\/\/www.gaveanews.com\/index.php\/wp-json\/wp\/v2\/tags?post=212799"}],"curies":[{"name":"wp","href":"https:\/\/api.w.org\/{rel}","templated":true}]}}