{"id":212987,"date":"2025-01-15T18:00:00","date_gmt":"2025-01-15T21:00:00","guid":{"rendered":"https:\/\/www.gaveanews.com\/?p=212987"},"modified":"2025-01-15T17:03:59","modified_gmt":"2025-01-15T20:03:59","slug":"contratacao-do-reinier-novo-patrocinio-e-escalacao-ideal-as-ultimas-noticias-do-flamengo","status":"publish","type":"post","link":"https:\/\/www.gaveanews.com\/index.php\/2025\/01\/15\/contratacao-do-reinier-novo-patrocinio-e-escalacao-ideal-as-ultimas-noticias-do-flamengo\/","title":{"rendered":"Contrata\u00e7\u00e3o do Reinier, novo patroc\u00ednio e escala\u00e7\u00e3o ideal: as \u00faltimas not\u00edcias do Flamengo"},"content":{"rendered":"\n<p>Nas \u00faltimas horas, o foco das not\u00edcias sobre o Flamengo se concentram nos bastidores do clube, com destaques do dia a dia do time.<\/p>\n\n\n\n<p>Por conta deste contexto, leia abaixo um resumo preparado pela equipe do portal G\u00e1vea News para lhe manter muito bem informado!<\/p>\n\n\n\n<h2 class=\"wp-block-heading\" id=\"h-escalacao-ideal\">Escala\u00e7\u00e3o ideal<\/h2>\n\n\n\n<p>A temporada de 2025 promete grandes expectativas para o Flamengo, com a defini\u00e7\u00e3o de uma escala\u00e7\u00e3o ideal para enfrentar os desafios do ano. Ap\u00f3s an\u00e1lise das contrata\u00e7\u00f5es e do desempenho de jogadores na temporada anterior, o elenco titular ganha forma. Entre os destaques est\u00e3o o goleiro Rossi, que manteve consist\u00eancia em 61 partidas em 2024, e o lateral-direito Wesley, cuja evolu\u00e7\u00e3o atraiu aten\u00e7\u00e3o de clubes europeus, mas permanece no elenco visando o Mundial de Clubes <strong><a href=\"https:\/\/www.gaveanews.com\/index.php\/2025\/01\/11\/rossi-wesley-leo-ortiz-leo-pereira-alex-sandro-pulgar-gerson-arrascaeta-de-la-cruz-bruno-henrique-e-gonzalo-plata-a-escalacao-ideal-do-flamengo-para-2025\/\">(leia a mat\u00e9ria completa).<\/a><\/strong><\/p>\n\n\n\n<figure class=\"wp-block-image size-large\"><img loading=\"lazy\" decoding=\"async\" width=\"1024\" height=\"683\" src=\"https:\/\/www.gaveanews.com\/wp-content\/uploads\/Filipe-Luis-como-tecnico-do-Flamengo-em-2024-1024x683.webp\" alt=\"\" class=\"wp-image-171213\" srcset=\"https:\/\/www.gaveanews.com\/wp-content\/uploads\/Filipe-Luis-como-tecnico-do-Flamengo-em-2024-1024x683.webp 1024w, https:\/\/www.gaveanews.com\/wp-content\/uploads\/Filipe-Luis-como-tecnico-do-Flamengo-em-2024-300x200.webp 300w, https:\/\/www.gaveanews.com\/wp-content\/uploads\/Filipe-Luis-como-tecnico-do-Flamengo-em-2024-768x512.webp 768w, https:\/\/www.gaveanews.com\/wp-content\/uploads\/Filipe-Luis-como-tecnico-do-Flamengo-em-2024-630x420.webp 630w, https:\/\/www.gaveanews.com\/wp-content\/uploads\/Filipe-Luis-como-tecnico-do-Flamengo-em-2024-640x427.webp 640w, https:\/\/www.gaveanews.com\/wp-content\/uploads\/Filipe-Luis-como-tecnico-do-Flamengo-em-2024-681x454.webp 681w, https:\/\/www.gaveanews.com\/wp-content\/uploads\/Filipe-Luis-como-tecnico-do-Flamengo-em-2024-100x67.webp 100w, https:\/\/www.gaveanews.com\/wp-content\/uploads\/Filipe-Luis-como-tecnico-do-Flamengo-em-2024.webp 1065w\" sizes=\"auto, (max-width: 1024px) 100vw, 1024px\" \/><figcaption class=\"wp-element-caption\">Filipe Lu\u00eds como t\u00e9cnico do Flamengo em 2024 (Foto: Gilvan de Souza e Marcelo Cortes \/ CRF)<\/figcaption><\/figure>\n\n\n\n<p>No setor defensivo, L\u00e9o Ortiz e L\u00e9o Pereira se firmaram como pilares, com atua\u00e7\u00f5es consistentes e contribui\u00e7\u00f5es importantes. <\/p>\n\n\n\n<p>Alex Sandro, veterano lateral-esquerdo, trouxe experi\u00eancia ao time, enquanto no meio de campo Pulgar e Gerson mantiveram o dom\u00ednio da cabe\u00e7a de \u00e1rea. Arrascaeta, em sua sexta temporada, foi decisivo com 10 gols e 10 assist\u00eancias, enquanto De La Cruz busca recupera\u00e7\u00e3o ap\u00f3s um ano marcado por les\u00f5es.<\/p>\n\n\n\n<p>No ataque, Bruno Henrique se prepara para sua s\u00e9tima temporada, e Gonzalo Plata, autor do gol decisivo na Copa do Brasil, assume papel de destaque com a sa\u00edda de Gabigol e a les\u00e3o de Pedro. Esse conjunto de atletas forma a base para um Flamengo competitivo em 2025, com ambi\u00e7\u00f5es de t\u00edtulos em competi\u00e7\u00f5es estaduais e nacionais.<\/p>\n\n\n\n<h2 class=\"wp-block-heading\" id=\"h-novo-patrocinio\">Novo patroc\u00ednio<\/h2>\n\n\n\n<p>O Flamengo come\u00e7ou 2025 com grandes novidades, incluindo o lan\u00e7amento de sua nova camisa com patroc\u00ednio da Texaco nos n\u00fameros, substituindo a TIM. A parceria reflete o objetivo do clube em refor\u00e7ar sua presen\u00e7a comercial e esportiva, al\u00e9m de potencializar receitas. A nova camisa ser\u00e1 estreada no pr\u00f3ximo domingo, em jogo contra o Boavista, pelo Campeonato Carioca <strong><a href=\"https:\/\/www.gaveanews.com\/index.php\/2025\/01\/11\/flamengo-veja-como-vai-ficar-a-camisa-com-novo-patrocinio\/\">(leia a mat\u00e9ria completa).<\/a><\/strong><\/p>\n\n\n\n<figure class=\"wp-block-image size-full\"><img loading=\"lazy\" decoding=\"async\" width=\"483\" height=\"322\" src=\"https:\/\/www.gaveanews.com\/wp-content\/uploads\/camisa-flamengo.webp\" alt=\"\" class=\"wp-image-127354\" srcset=\"https:\/\/www.gaveanews.com\/wp-content\/uploads\/camisa-flamengo.webp 483w, https:\/\/www.gaveanews.com\/wp-content\/uploads\/camisa-flamengo-300x200.webp 300w, https:\/\/www.gaveanews.com\/wp-content\/uploads\/camisa-flamengo-100x67.webp 100w\" sizes=\"auto, (max-width: 483px) 100vw, 483px\" \/><figcaption class=\"wp-element-caption\">Escudo do Flamengo (Foto: Reprodu\u00e7\u00e3o)<\/figcaption><\/figure>\n\n\n\n<p>O contrato com a Texaco, que j\u00e1 patrocinava uniformes de treino, vai durar dois anos e render\u00e1 ao Flamengo R$ 9 milh\u00f5es. Al\u00e9m disso, o clube anunciou outros acordos: o ABC da Constru\u00e7\u00e3o patrocinar\u00e1 os shorts das equipes masculina, feminina e de basquete, enquanto a inDrive ter\u00e1 visibilidade nos microfones e camisas femininas. Essas parcerias fortalecem ainda mais a marca rubro-negra e garantem uma significativa entrada de capital.<\/p>\n\n\n\n<p>Com um visual renovado e um planejamento estrat\u00e9gico s\u00f3lido, o Flamengo refor\u00e7a sua tradi\u00e7\u00e3o e ambi\u00e7\u00e3o em conquistar novos horizontes, tanto no futebol quanto em outros esportes. As novas colabora\u00e7\u00f5es comerciais consolidam o clube como uma das principais pot\u00eancias esportivas do pa\u00eds, conectando paix\u00e3o e inova\u00e7\u00e3o em busca de mais conquistas e reconhecimento global.<\/p>\n\n\n\n<h2 class=\"wp-block-heading\" id=\"h-contratacao-do-reinier\">Contrata\u00e7\u00e3o do Reinier<\/h2>\n\n\n\n<p>O Esporte Clube Bahia intensificou as negocia\u00e7\u00f5es para contratar o meio-campista Reinier, jogador revelado pelo Flamengo e atualmente sob contrato com o Real Madrid. O objetivo \u00e9 fortalecer o elenco para a temporada de 2025, especialmente com a disputa da Copa Libertadores. Reinier n\u00e3o faz parte dos planos do t\u00e9cnico Carlo Ancelotti e tem sido frequentemente emprestado a outros clubes desde que chegou ao Real Madrid em 2020 <strong><a href=\"https:\/\/www.gaveanews.com\/index.php\/2025\/01\/11\/bahia-insiste-na-contratacao-de-cria-do-flamengo\/\">(leia a mat\u00e9ria completa).<\/a><\/strong><\/p>\n\n\n\n<figure class=\"wp-block-image size-large\"><img loading=\"lazy\" decoding=\"async\" width=\"1024\" height=\"576\" src=\"https:\/\/www.gaveanews.com\/wp-content\/uploads\/reinier-flamengo-alexandre-vidal-foto-1280-1024x576.webp\" alt=\"\" class=\"wp-image-31862\" srcset=\"https:\/\/www.gaveanews.com\/wp-content\/uploads\/reinier-flamengo-alexandre-vidal-foto-1280-1024x576.webp 1024w, https:\/\/www.gaveanews.com\/wp-content\/uploads\/reinier-flamengo-alexandre-vidal-foto-1280-300x169.webp 300w, https:\/\/www.gaveanews.com\/wp-content\/uploads\/reinier-flamengo-alexandre-vidal-foto-1280-768x432.webp 768w, https:\/\/www.gaveanews.com\/wp-content\/uploads\/reinier-flamengo-alexandre-vidal-foto-1280-747x420.webp 747w, https:\/\/www.gaveanews.com\/wp-content\/uploads\/reinier-flamengo-alexandre-vidal-foto-1280-640x360.webp 640w, https:\/\/www.gaveanews.com\/wp-content\/uploads\/reinier-flamengo-alexandre-vidal-foto-1280-681x383.webp 681w, https:\/\/www.gaveanews.com\/wp-content\/uploads\/reinier-flamengo-alexandre-vidal-foto-1280-100x56.webp 100w, https:\/\/www.gaveanews.com\/wp-content\/uploads\/reinier-flamengo-alexandre-vidal-foto-1280.webp 1280w\" sizes=\"auto, (max-width: 1024px) 100vw, 1024px\" \/><\/figure>\n\n\n\n<p>Durante a janela de transfer\u00eancias anterior, o Bahia prop\u00f4s um empr\u00e9stimo de um ano, mas a oferta foi recusada pelo Real Madrid, que preferia uma negocia\u00e7\u00e3o em definitivo. Agora, o clube baiano planeja apresentar uma nova proposta, tentando novamente um empr\u00e9stimo ou, caso necess\u00e1rio, oferecendo compensa\u00e7\u00e3o financeira atrav\u00e9s do Grupo City, respons\u00e1vel por sua administra\u00e7\u00e3o. Reinier atualmente atua por empr\u00e9stimo no Granada e \u00e9 visto como um refor\u00e7o estrat\u00e9gico para o Bahia.<\/p>\n\n\n\n<p>Al\u00e9m de Reinier, o Bahia monitora outros atletas no mercado, incluindo o zagueiro Wagner Leonardo, que se destacou pelo Vit\u00f3ria. A rivalidade entre os dois clubes nordestinos pode dificultar essa negocia\u00e7\u00e3o. A diretoria do Bahia busca formar um elenco competitivo que atenda \u00e0s expectativas do t\u00e9cnico Rog\u00e9rio Ceni, visando alcan\u00e7ar bons resultados na pr\u00f3xima temporada e corresponder \u00e0s ambi\u00e7\u00f5es do clube.<\/p>\n","protected":false},"excerpt":{"rendered":"<p>Nas \u00faltimas horas, o foco das not\u00edcias sobre o Flamengo se concentram nos bastidores do clube, com destaques do dia a dia do time. Por conta deste contexto, leia abaixo um resumo preparado pela equipe do portal G\u00e1vea News para lhe manter muito bem informado! Escala\u00e7\u00e3o ideal A temporada de 2025 promete grandes expectativas para [&hellip;]<\/p>\n","protected":false},"author":27,"featured_media":101250,"comment_status":"open","ping_status":"closed","sticky":false,"template":"","format":"standard","meta":{"footnotes":""},"categories":[1],"tags":[],"class_list":["post-212987","post","type-post","status-publish","format-standard","has-post-thumbnail","hentry","category-flamengo"],"yoast_head":"<!-- This site is optimized with the Yoast SEO Premium plugin v24.2 (Yoast SEO v26.9) - https:\/\/yoast.com\/product\/yoast-seo-premium-wordpress\/ -->\n<title>Contrata\u00e7\u00e3o do Reinier, novo patroc\u00ednio e escala\u00e7\u00e3o ideal: as \u00faltimas not\u00edcias do Flamengo<\/title>\n<meta name=\"robots\" content=\"index, follow, max-snippet:-1, max-image-preview:large, max-video-preview:-1\" \/>\n<link rel=\"canonical\" href=\"https:\/\/www.gaveanews.com\/index.php\/2025\/01\/15\/contratacao-do-reinier-novo-patrocinio-e-escalacao-ideal-as-ultimas-noticias-do-flamengo\/\" \/>\n<meta property=\"og:locale\" content=\"pt_BR\" \/>\n<meta property=\"og:type\" content=\"article\" \/>\n<meta property=\"og:title\" content=\"Contrata\u00e7\u00e3o do Reinier, novo patroc\u00ednio e escala\u00e7\u00e3o ideal: as \u00faltimas not\u00edcias do Flamengo\" \/>\n<meta property=\"og:description\" content=\"Nas \u00faltimas horas, o foco das not\u00edcias sobre o Flamengo se concentram nos bastidores do clube, com destaques do dia a dia do time. Por conta deste contexto, leia abaixo um resumo preparado pela equipe do portal G\u00e1vea News para lhe manter muito bem informado! Escala\u00e7\u00e3o ideal A temporada de 2025 promete grandes expectativas para [&hellip;]\" \/>\n<meta property=\"og:url\" content=\"https:\/\/www.gaveanews.com\/index.php\/2025\/01\/15\/contratacao-do-reinier-novo-patrocinio-e-escalacao-ideal-as-ultimas-noticias-do-flamengo\/\" \/>\n<meta property=\"og:site_name\" content=\"G\u00e1vea News\" \/>\n<meta property=\"article:publisher\" content=\"https:\/\/facebook.com\/gaveaNews\/\" \/>\n<meta property=\"article:published_time\" content=\"2025-01-15T21:00:00+00:00\" \/>\n<meta property=\"og:image\" content=\"https:\/\/www.gaveanews.com\/wp-content\/uploads\/Maracanao-escudo-Flamengo.webp\" \/>\n\t<meta property=\"og:image:width\" content=\"640\" \/>\n\t<meta property=\"og:image:height\" content=\"427\" \/>\n\t<meta property=\"og:image:type\" content=\"image\/jpeg\" \/>\n<meta name=\"author\" content=\"Matheus Felipe\" \/>\n<meta name=\"twitter:card\" content=\"summary_large_image\" \/>\n<meta name=\"twitter:label1\" content=\"Escrito por\" \/>\n\t<meta name=\"twitter:data1\" content=\"Matheus Felipe\" \/>\n\t<meta name=\"twitter:label2\" content=\"Est. tempo de leitura\" \/>\n\t<meta name=\"twitter:data2\" content=\"5 minutos\" \/>\n<script type=\"application\/ld+json\" class=\"yoast-schema-graph\">{\"@context\":\"https:\/\/schema.org\",\"@graph\":[{\"@type\":\"NewsArticle\",\"@id\":\"https:\/\/www.gaveanews.com\/index.php\/2025\/01\/15\/contratacao-do-reinier-novo-patrocinio-e-escalacao-ideal-as-ultimas-noticias-do-flamengo\/#article\",\"isPartOf\":{\"@id\":\"https:\/\/www.gaveanews.com\/index.php\/2025\/01\/15\/contratacao-do-reinier-novo-patrocinio-e-escalacao-ideal-as-ultimas-noticias-do-flamengo\/\"},\"author\":{\"name\":\"Matheus Felipe\",\"@id\":\"https:\/\/www.gaveanews.com\/#\/schema\/person\/8207cd4627f56151707418bfc835b2fb\"},\"headline\":\"Contrata\u00e7\u00e3o do Reinier, novo patroc\u00ednio e escala\u00e7\u00e3o ideal: as \u00faltimas not\u00edcias do Flamengo\",\"datePublished\":\"2025-01-15T21:00:00+00:00\",\"mainEntityOfPage\":{\"@id\":\"https:\/\/www.gaveanews.com\/index.php\/2025\/01\/15\/contratacao-do-reinier-novo-patrocinio-e-escalacao-ideal-as-ultimas-noticias-do-flamengo\/\"},\"wordCount\":749,\"commentCount\":0,\"image\":{\"@id\":\"https:\/\/www.gaveanews.com\/index.php\/2025\/01\/15\/contratacao-do-reinier-novo-patrocinio-e-escalacao-ideal-as-ultimas-noticias-do-flamengo\/#primaryimage\"},\"thumbnailUrl\":\"https:\/\/www.gaveanews.com\/wp-content\/uploads\/Maracanao-escudo-Flamengo.webp\",\"articleSection\":[\"Flamengo\"],\"inLanguage\":\"pt-BR\",\"potentialAction\":[{\"@type\":\"CommentAction\",\"name\":\"Comment\",\"target\":[\"https:\/\/www.gaveanews.com\/index.php\/2025\/01\/15\/contratacao-do-reinier-novo-patrocinio-e-escalacao-ideal-as-ultimas-noticias-do-flamengo\/#respond\"]}],\"copyrightYear\":\"2025\",\"copyrightHolder\":{\"@id\":\"https:\/\/www.gaveanews.com\/#organization\"}},{\"@type\":\"WebPage\",\"@id\":\"https:\/\/www.gaveanews.com\/index.php\/2025\/01\/15\/contratacao-do-reinier-novo-patrocinio-e-escalacao-ideal-as-ultimas-noticias-do-flamengo\/\",\"url\":\"https:\/\/www.gaveanews.com\/index.php\/2025\/01\/15\/contratacao-do-reinier-novo-patrocinio-e-escalacao-ideal-as-ultimas-noticias-do-flamengo\/\",\"name\":\"Contrata\u00e7\u00e3o do Reinier, novo patroc\u00ednio e escala\u00e7\u00e3o ideal: as \u00faltimas not\u00edcias do Flamengo\",\"isPartOf\":{\"@id\":\"https:\/\/www.gaveanews.com\/#website\"},\"primaryImageOfPage\":{\"@id\":\"https:\/\/www.gaveanews.com\/index.php\/2025\/01\/15\/contratacao-do-reinier-novo-patrocinio-e-escalacao-ideal-as-ultimas-noticias-do-flamengo\/#primaryimage\"},\"image\":{\"@id\":\"https:\/\/www.gaveanews.com\/index.php\/2025\/01\/15\/contratacao-do-reinier-novo-patrocinio-e-escalacao-ideal-as-ultimas-noticias-do-flamengo\/#primaryimage\"},\"thumbnailUrl\":\"https:\/\/www.gaveanews.com\/wp-content\/uploads\/Maracanao-escudo-Flamengo.webp\",\"datePublished\":\"2025-01-15T21:00:00+00:00\",\"author\":{\"@id\":\"https:\/\/www.gaveanews.com\/#\/schema\/person\/8207cd4627f56151707418bfc835b2fb\"},\"breadcrumb\":{\"@id\":\"https:\/\/www.gaveanews.com\/index.php\/2025\/01\/15\/contratacao-do-reinier-novo-patrocinio-e-escalacao-ideal-as-ultimas-noticias-do-flamengo\/#breadcrumb\"},\"inLanguage\":\"pt-BR\",\"potentialAction\":[{\"@type\":\"ReadAction\",\"target\":[\"https:\/\/www.gaveanews.com\/index.php\/2025\/01\/15\/contratacao-do-reinier-novo-patrocinio-e-escalacao-ideal-as-ultimas-noticias-do-flamengo\/\"]}]},{\"@type\":\"ImageObject\",\"inLanguage\":\"pt-BR\",\"@id\":\"https:\/\/www.gaveanews.com\/index.php\/2025\/01\/15\/contratacao-do-reinier-novo-patrocinio-e-escalacao-ideal-as-ultimas-noticias-do-flamengo\/#primaryimage\",\"url\":\"https:\/\/www.gaveanews.com\/wp-content\/uploads\/Maracanao-escudo-Flamengo.webp\",\"contentUrl\":\"https:\/\/www.gaveanews.com\/wp-content\/uploads\/Maracanao-escudo-Flamengo.webp\",\"width\":640,\"height\":427,\"caption\":\"Escudo do Flamengo no gramado do Maracan\u00e3 (Foto: Reprodu\u00e7\u00e3o)\"},{\"@type\":\"BreadcrumbList\",\"@id\":\"https:\/\/www.gaveanews.com\/index.php\/2025\/01\/15\/contratacao-do-reinier-novo-patrocinio-e-escalacao-ideal-as-ultimas-noticias-do-flamengo\/#breadcrumb\",\"itemListElement\":[{\"@type\":\"ListItem\",\"position\":1,\"name\":\"Home\",\"item\":\"https:\/\/www.gaveanews.com\/\"},{\"@type\":\"ListItem\",\"position\":2,\"name\":\"Contrata\u00e7\u00e3o do Reinier, novo patroc\u00ednio e escala\u00e7\u00e3o ideal: as \u00faltimas not\u00edcias do Flamengo\"}]},{\"@type\":\"WebSite\",\"@id\":\"https:\/\/www.gaveanews.com\/#website\",\"url\":\"https:\/\/www.gaveanews.com\/\",\"name\":\"G\u00e1vea News\",\"description\":\"Veja todas as not\u00edcias sobre o Flamengo: Contrata\u00e7\u00f5es, categorias de base, resultados das partidas, tabela de classifica\u00e7\u00e3o, pr\u00f3ximos jogos!\",\"potentialAction\":[{\"@type\":\"SearchAction\",\"target\":{\"@type\":\"EntryPoint\",\"urlTemplate\":\"https:\/\/www.gaveanews.com\/?s={search_term_string}\"},\"query-input\":{\"@type\":\"PropertyValueSpecification\",\"valueRequired\":true,\"valueName\":\"search_term_string\"}}],\"inLanguage\":\"pt-BR\"},{\"@type\":\"Person\",\"@id\":\"https:\/\/www.gaveanews.com\/#\/schema\/person\/8207cd4627f56151707418bfc835b2fb\",\"name\":\"Matheus Felipe\",\"image\":{\"@type\":\"ImageObject\",\"inLanguage\":\"pt-BR\",\"@id\":\"https:\/\/www.gaveanews.com\/#\/schema\/person\/image\/\",\"url\":\"https:\/\/secure.gravatar.com\/avatar\/a452ffbed9130f726358b298bb3a99ce4bd3c5338411f8440e87e14d74c7c087?s=96&d=mm&r=g\",\"contentUrl\":\"https:\/\/secure.gravatar.com\/avatar\/a452ffbed9130f726358b298bb3a99ce4bd3c5338411f8440e87e14d74c7c087?s=96&d=mm&r=g\",\"caption\":\"Matheus Felipe\"}}]}<\/script>\n<!-- \/ Yoast SEO Premium plugin. -->","yoast_head_json":{"title":"Contrata\u00e7\u00e3o do Reinier, novo patroc\u00ednio e escala\u00e7\u00e3o ideal: as \u00faltimas not\u00edcias do Flamengo","robots":{"index":"index","follow":"follow","max-snippet":"max-snippet:-1","max-image-preview":"max-image-preview:large","max-video-preview":"max-video-preview:-1"},"canonical":"https:\/\/www.gaveanews.com\/index.php\/2025\/01\/15\/contratacao-do-reinier-novo-patrocinio-e-escalacao-ideal-as-ultimas-noticias-do-flamengo\/","og_locale":"pt_BR","og_type":"article","og_title":"Contrata\u00e7\u00e3o do Reinier, novo patroc\u00ednio e escala\u00e7\u00e3o ideal: as \u00faltimas not\u00edcias do Flamengo","og_description":"Nas \u00faltimas horas, o foco das not\u00edcias sobre o Flamengo se concentram nos bastidores do clube, com destaques do dia a dia do time. Por conta deste contexto, leia abaixo um resumo preparado pela equipe do portal G\u00e1vea News para lhe manter muito bem informado! Escala\u00e7\u00e3o ideal A temporada de 2025 promete grandes expectativas para [&hellip;]","og_url":"https:\/\/www.gaveanews.com\/index.php\/2025\/01\/15\/contratacao-do-reinier-novo-patrocinio-e-escalacao-ideal-as-ultimas-noticias-do-flamengo\/","og_site_name":"G\u00e1vea News","article_publisher":"https:\/\/facebook.com\/gaveaNews\/","article_published_time":"2025-01-15T21:00:00+00:00","og_image":[{"width":640,"height":427,"url":"https:\/\/www.gaveanews.com\/wp-content\/uploads\/Maracanao-escudo-Flamengo.webp","type":"image\/jpeg"}],"author":"Matheus Felipe","twitter_card":"summary_large_image","twitter_misc":{"Escrito por":"Matheus Felipe","Est. tempo de leitura":"5 minutos"},"schema":{"@context":"https:\/\/schema.org","@graph":[{"@type":"NewsArticle","@id":"https:\/\/www.gaveanews.com\/index.php\/2025\/01\/15\/contratacao-do-reinier-novo-patrocinio-e-escalacao-ideal-as-ultimas-noticias-do-flamengo\/#article","isPartOf":{"@id":"https:\/\/www.gaveanews.com\/index.php\/2025\/01\/15\/contratacao-do-reinier-novo-patrocinio-e-escalacao-ideal-as-ultimas-noticias-do-flamengo\/"},"author":{"name":"Matheus Felipe","@id":"https:\/\/www.gaveanews.com\/#\/schema\/person\/8207cd4627f56151707418bfc835b2fb"},"headline":"Contrata\u00e7\u00e3o do Reinier, novo patroc\u00ednio e escala\u00e7\u00e3o ideal: as \u00faltimas not\u00edcias do Flamengo","datePublished":"2025-01-15T21:00:00+00:00","mainEntityOfPage":{"@id":"https:\/\/www.gaveanews.com\/index.php\/2025\/01\/15\/contratacao-do-reinier-novo-patrocinio-e-escalacao-ideal-as-ultimas-noticias-do-flamengo\/"},"wordCount":749,"commentCount":0,"image":{"@id":"https:\/\/www.gaveanews.com\/index.php\/2025\/01\/15\/contratacao-do-reinier-novo-patrocinio-e-escalacao-ideal-as-ultimas-noticias-do-flamengo\/#primaryimage"},"thumbnailUrl":"https:\/\/www.gaveanews.com\/wp-content\/uploads\/Maracanao-escudo-Flamengo.webp","articleSection":["Flamengo"],"inLanguage":"pt-BR","potentialAction":[{"@type":"CommentAction","name":"Comment","target":["https:\/\/www.gaveanews.com\/index.php\/2025\/01\/15\/contratacao-do-reinier-novo-patrocinio-e-escalacao-ideal-as-ultimas-noticias-do-flamengo\/#respond"]}],"copyrightYear":"2025","copyrightHolder":{"@id":"https:\/\/www.gaveanews.com\/#organization"}},{"@type":"WebPage","@id":"https:\/\/www.gaveanews.com\/index.php\/2025\/01\/15\/contratacao-do-reinier-novo-patrocinio-e-escalacao-ideal-as-ultimas-noticias-do-flamengo\/","url":"https:\/\/www.gaveanews.com\/index.php\/2025\/01\/15\/contratacao-do-reinier-novo-patrocinio-e-escalacao-ideal-as-ultimas-noticias-do-flamengo\/","name":"Contrata\u00e7\u00e3o do Reinier, novo patroc\u00ednio e escala\u00e7\u00e3o ideal: as \u00faltimas not\u00edcias do Flamengo","isPartOf":{"@id":"https:\/\/www.gaveanews.com\/#website"},"primaryImageOfPage":{"@id":"https:\/\/www.gaveanews.com\/index.php\/2025\/01\/15\/contratacao-do-reinier-novo-patrocinio-e-escalacao-ideal-as-ultimas-noticias-do-flamengo\/#primaryimage"},"image":{"@id":"https:\/\/www.gaveanews.com\/index.php\/2025\/01\/15\/contratacao-do-reinier-novo-patrocinio-e-escalacao-ideal-as-ultimas-noticias-do-flamengo\/#primaryimage"},"thumbnailUrl":"https:\/\/www.gaveanews.com\/wp-content\/uploads\/Maracanao-escudo-Flamengo.webp","datePublished":"2025-01-15T21:00:00+00:00","author":{"@id":"https:\/\/www.gaveanews.com\/#\/schema\/person\/8207cd4627f56151707418bfc835b2fb"},"breadcrumb":{"@id":"https:\/\/www.gaveanews.com\/index.php\/2025\/01\/15\/contratacao-do-reinier-novo-patrocinio-e-escalacao-ideal-as-ultimas-noticias-do-flamengo\/#breadcrumb"},"inLanguage":"pt-BR","potentialAction":[{"@type":"ReadAction","target":["https:\/\/www.gaveanews.com\/index.php\/2025\/01\/15\/contratacao-do-reinier-novo-patrocinio-e-escalacao-ideal-as-ultimas-noticias-do-flamengo\/"]}]},{"@type":"ImageObject","inLanguage":"pt-BR","@id":"https:\/\/www.gaveanews.com\/index.php\/2025\/01\/15\/contratacao-do-reinier-novo-patrocinio-e-escalacao-ideal-as-ultimas-noticias-do-flamengo\/#primaryimage","url":"https:\/\/www.gaveanews.com\/wp-content\/uploads\/Maracanao-escudo-Flamengo.webp","contentUrl":"https:\/\/www.gaveanews.com\/wp-content\/uploads\/Maracanao-escudo-Flamengo.webp","width":640,"height":427,"caption":"Escudo do Flamengo no gramado do Maracan\u00e3 (Foto: Reprodu\u00e7\u00e3o)"},{"@type":"BreadcrumbList","@id":"https:\/\/www.gaveanews.com\/index.php\/2025\/01\/15\/contratacao-do-reinier-novo-patrocinio-e-escalacao-ideal-as-ultimas-noticias-do-flamengo\/#breadcrumb","itemListElement":[{"@type":"ListItem","position":1,"name":"Home","item":"https:\/\/www.gaveanews.com\/"},{"@type":"ListItem","position":2,"name":"Contrata\u00e7\u00e3o do Reinier, novo patroc\u00ednio e escala\u00e7\u00e3o ideal: as \u00faltimas not\u00edcias do Flamengo"}]},{"@type":"WebSite","@id":"https:\/\/www.gaveanews.com\/#website","url":"https:\/\/www.gaveanews.com\/","name":"G\u00e1vea News","description":"Veja todas as not\u00edcias sobre o Flamengo: Contrata\u00e7\u00f5es, categorias de base, resultados das partidas, tabela de classifica\u00e7\u00e3o, pr\u00f3ximos jogos!","potentialAction":[{"@type":"SearchAction","target":{"@type":"EntryPoint","urlTemplate":"https:\/\/www.gaveanews.com\/?s={search_term_string}"},"query-input":{"@type":"PropertyValueSpecification","valueRequired":true,"valueName":"search_term_string"}}],"inLanguage":"pt-BR"},{"@type":"Person","@id":"https:\/\/www.gaveanews.com\/#\/schema\/person\/8207cd4627f56151707418bfc835b2fb","name":"Matheus Felipe","image":{"@type":"ImageObject","inLanguage":"pt-BR","@id":"https:\/\/www.gaveanews.com\/#\/schema\/person\/image\/","url":"https:\/\/secure.gravatar.com\/avatar\/a452ffbed9130f726358b298bb3a99ce4bd3c5338411f8440e87e14d74c7c087?s=96&d=mm&r=g","contentUrl":"https:\/\/secure.gravatar.com\/avatar\/a452ffbed9130f726358b298bb3a99ce4bd3c5338411f8440e87e14d74c7c087?s=96&d=mm&r=g","caption":"Matheus Felipe"}}]}},"_links":{"self":[{"href":"https:\/\/www.gaveanews.com\/index.php\/wp-json\/wp\/v2\/posts\/212987","targetHints":{"allow":["GET"]}}],"collection":[{"href":"https:\/\/www.gaveanews.com\/index.php\/wp-json\/wp\/v2\/posts"}],"about":[{"href":"https:\/\/www.gaveanews.com\/index.php\/wp-json\/wp\/v2\/types\/post"}],"author":[{"embeddable":true,"href":"https:\/\/www.gaveanews.com\/index.php\/wp-json\/wp\/v2\/users\/27"}],"replies":[{"embeddable":true,"href":"https:\/\/www.gaveanews.com\/index.php\/wp-json\/wp\/v2\/comments?post=212987"}],"version-history":[{"count":1,"href":"https:\/\/www.gaveanews.com\/index.php\/wp-json\/wp\/v2\/posts\/212987\/revisions"}],"predecessor-version":[{"id":213004,"href":"https:\/\/www.gaveanews.com\/index.php\/wp-json\/wp\/v2\/posts\/212987\/revisions\/213004"}],"wp:featuredmedia":[{"embeddable":true,"href":"https:\/\/www.gaveanews.com\/index.php\/wp-json\/wp\/v2\/media\/101250"}],"wp:attachment":[{"href":"https:\/\/www.gaveanews.com\/index.php\/wp-json\/wp\/v2\/media?parent=212987"}],"wp:term":[{"taxonomy":"category","embeddable":true,"href":"https:\/\/www.gaveanews.com\/index.php\/wp-json\/wp\/v2\/categories?post=212987"},{"taxonomy":"post_tag","embeddable":true,"href":"https:\/\/www.gaveanews.com\/index.php\/wp-json\/wp\/v2\/tags?post=212987"}],"curies":[{"name":"wp","href":"https:\/\/api.w.org\/{rel}","templated":true}]}}