{"id":212995,"date":"2025-01-16T08:45:00","date_gmt":"2025-01-16T11:45:00","guid":{"rendered":"https:\/\/www.gaveanews.com\/?p=212995"},"modified":"2025-01-15T23:28:59","modified_gmt":"2025-01-16T02:28:59","slug":"palmeiras-flavio-padro-e-sincero-ao-falar-sobre-abel-ferreira","status":"publish","type":"post","link":"https:\/\/www.gaveanews.com\/index.php\/2025\/01\/16\/palmeiras-flavio-padro-e-sincero-ao-falar-sobre-abel-ferreira\/","title":{"rendered":"Palmeiras: Fl\u00e1vio Padro \u00e9 sincero ao falar sobre Abel Ferreira"},"content":{"rendered":"\n<p>O t\u00e9cnico Abel Ferreira certamente n\u00e3o enfrentou um in\u00edcio de trabalho t\u00e3o incerto \u00e0 frente do Palmeiras. Depois de passar a temporada passada em branco, o treinador chega em 2025 extremamente pressionado por torcedores e especialmente pela m\u00eddia esportiva &#8211; que tanto o enalteceu. O jornalista Fl\u00e1vio Prado, por exemplo, considera que o ciclo do portugu\u00eas no Alviverde est\u00e1 no fim.<\/p>\n\n\n\n<ul class=\"wp-block-list\">\n<li><a href=\"https:\/\/www.gaveanews.com\/index.php\/2025\/01\/15\/palmeiras-a-declaracao-de-flavio-prado-direcionada-a-leila-pereira\/#google_vignette\">A declara\u00e7\u00e3o de Fl\u00e1vio Prado direcionada a Leila Pereira<\/a><\/li>\n\n\n\n<li><a href=\"https:\/\/www.gaveanews.com\/index.php\/2025\/01\/15\/palmeiras-x-portuguesa-a-escalacao-escolhida-por-abel-ferreira\/\">Palmeiras x Portuguesa: a escala\u00e7\u00e3o escolhida por Abel Ferreira<\/a><\/li>\n<\/ul>\n\n\n\n<p>Fl\u00e1vio Prado entende Abel j\u00e1 deveria estar fora do clube sob uma an\u00e1lise exclusiva de rendimento. O jornalista chegou a fazer um comparativo sobre a poss\u00edvel sa\u00edda de Rony, bastante criticado por torcedores, com a situa\u00e7\u00e3o do treinador.<\/p>\n\n\n\n<p>\u201cSe for por n\u00e3o rendimento t\u00e9cnico na temporada passada [poss\u00edvel sa\u00edda de Rony], a comiss\u00e3o t\u00e9cnica tamb\u00e9m est\u00e1 em fim de ciclo. Ali\u00e1s, faz dois anos j\u00e1\u2026 Palmeiras \u00e9 um avi\u00e3o e n\u00e3o ganha nada. A\u00ed voc\u00ea diz que ele ganhou o Brasileiro de 2023? Ganhou, porque o Botafogo entregou. Ok. Mas no ano passado ganhou o Campeonato Paulista. S\u00f3!\u201d, iniciou.<\/p>\n\n\n\n<p>\u201cOu seja, o rendimento t\u00e9cnico, c\u00e1 entre n\u00f3s\u2026 e com erros claros do treinador. Naquele ano [2023] que perde para o Boca na Libertadores que ele n\u00e3o escala o Endrick, e nesse ano [2024] ele tamb\u00e9m erra no jogo contra o Botafogo aqui [em S\u00e3o Paulo]. Ele faz uma forma\u00e7\u00e3o errada e o Botafogo elimina o Palmeiras&#8221;, e completou:<\/p>\n\n\n\n<p>&#8220;Errou gravemente nas duas \u00faltimas Libertadores. Muito por culpa dele, o Palmeiras foi eliminado nas duas \u00faltimas Libertadores. Por causa dele deixou de chegar em duas finais\u201d, destacou durante o &#8216;Bate-Pronto&#8217;, da Jovem Pan.<\/p>\n\n\n\n<h2 class=\"wp-block-heading\" id=\"h-reapresentacao-sem-abel\">Reapresenta\u00e7\u00e3o sem Abel<\/h2>\n\n\n\n<p>O Palmeiras retornou aos trabalhos no dia 8 de janeiro, mas s\u00f3 passou a treinar sob os comandos do portugu\u00eas na \u00faltima ter\u00e7a-feira (14) &#8211; v\u00e9spera da estreia no Paulist\u00e3o. A demora na reapresenta\u00e7\u00e3o se deu por conta da semana a mais no fim do ano, em que ficou discutindo o planejamento de 2025 junto \u00e0 diretoria.<\/p>\n\n\n\n<figure class=\"wp-block-embed is-type-rich is-provider-twitter wp-block-embed-twitter\"><div class=\"wp-block-embed__wrapper\">\n<blockquote class=\"twitter-tweet\" data-width=\"550\" data-dnt=\"true\"><p lang=\"pt\" dir=\"ltr\">O t\u00e9cnico Abel Ferreira est\u00e1 de volta \u00e0s atividades pelo Palmeiras.<br><br>\ud83d\udcf8 Cesar Greco\/SEP <a href=\"https:\/\/t.co\/2oSapyAeSE\">pic.twitter.com\/2oSapyAeSE<\/a><\/p>&mdash; Planeta do Futebol \ud83c\udf0e (@futebol_info) <a href=\"https:\/\/twitter.com\/futebol_info\/status\/1879197447924437086?ref_src=twsrc%5Etfw\">January 14, 2025<\/a><\/blockquote><script async src=\"https:\/\/platform.twitter.com\/widgets.js\" charset=\"utf-8\"><\/script>\n<\/div><\/figure>\n\n\n\n<p>Com pouco tempo de treino, a tend\u00eancia \u00e9 que Abel Ferreira use a base do time que encerrou a temporada passada na estreia desta quarta-feira, 15. O Palmeiras encara a Portuguesa no Allianz Parque, a partir das 21h35 (de Bras\u00edlia), pela primeira das 12 rodadas da fase de grupo do Paulist\u00e3o.<\/p>\n\n\n\n<h2 class=\"wp-block-heading\" id=\"h-passagem-pelo-palmeiras\">Passagem pelo Palmeiras<\/h2>\n\n\n\n<p>Abel Ferreira comandou o Palmeiras em 297 ocasi\u00f5es das 591 de sua carreira como t\u00e9cnico. \u00c9, por muito, o trabalho mais longevo de sua trajet\u00f3ria. Nesse per\u00edodo, conquistou dez t\u00edtulos, liderou o time em 172 vit\u00f3rias, empatou 69 vezes e acabou derrotado em outras 56.<\/p>\n","protected":false},"excerpt":{"rendered":"<p>O t\u00e9cnico Abel Ferreira certamente n\u00e3o enfrentou um in\u00edcio de trabalho t\u00e3o incerto \u00e0 frente do Palmeiras. Depois de passar a temporada passada em branco, o treinador chega em 2025 extremamente pressionado por torcedores e especialmente pela m\u00eddia esportiva &#8211; que tanto o enalteceu. O jornalista Fl\u00e1vio Prado, por exemplo, considera que o ciclo do [&hellip;]<\/p>\n","protected":false},"author":30,"featured_media":141983,"comment_status":"open","ping_status":"closed","sticky":false,"template":"","format":"standard","meta":{"footnotes":""},"categories":[150],"tags":[],"class_list":["post-212995","post","type-post","status-publish","format-standard","has-post-thumbnail","hentry","category-palmeiras"],"yoast_head":"<!-- This site is optimized with the Yoast SEO Premium plugin v24.2 (Yoast SEO v26.9) - https:\/\/yoast.com\/product\/yoast-seo-premium-wordpress\/ -->\n<title>Palmeiras: Fl\u00e1vio Padro \u00e9 sincero ao falar sobre Abel Ferreira<\/title>\n<meta name=\"robots\" content=\"index, follow, max-snippet:-1, max-image-preview:large, max-video-preview:-1\" \/>\n<link rel=\"canonical\" href=\"https:\/\/www.gaveanews.com\/index.php\/2025\/01\/16\/palmeiras-flavio-padro-e-sincero-ao-falar-sobre-abel-ferreira\/\" \/>\n<meta property=\"og:locale\" content=\"pt_BR\" \/>\n<meta property=\"og:type\" content=\"article\" \/>\n<meta property=\"og:title\" content=\"Palmeiras: Fl\u00e1vio Padro \u00e9 sincero ao falar sobre Abel Ferreira\" \/>\n<meta property=\"og:description\" content=\"O t\u00e9cnico Abel Ferreira certamente n\u00e3o enfrentou um in\u00edcio de trabalho t\u00e3o incerto \u00e0 frente do Palmeiras. Depois de passar a temporada passada em branco, o treinador chega em 2025 extremamente pressionado por torcedores e especialmente pela m\u00eddia esportiva &#8211; que tanto o enalteceu. O jornalista Fl\u00e1vio Prado, por exemplo, considera que o ciclo do [&hellip;]\" \/>\n<meta property=\"og:url\" content=\"https:\/\/www.gaveanews.com\/index.php\/2025\/01\/16\/palmeiras-flavio-padro-e-sincero-ao-falar-sobre-abel-ferreira\/\" \/>\n<meta property=\"og:site_name\" content=\"G\u00e1vea News\" \/>\n<meta property=\"article:publisher\" content=\"https:\/\/facebook.com\/gaveaNews\/\" \/>\n<meta property=\"article:published_time\" content=\"2025-01-16T11:45:00+00:00\" \/>\n<meta property=\"og:image\" content=\"http:\/\/www.gaveanews.com\/wp-content\/uploads\/Abel-Ferreira-tecnico-do-Palmeiras.webp\" \/>\n\t<meta property=\"og:image:width\" content=\"870\" \/>\n\t<meta property=\"og:image:height\" content=\"458\" \/>\n\t<meta property=\"og:image:type\" content=\"image\/webp\" \/>\n<meta name=\"author\" content=\"Ana Teixeira\" \/>\n<meta name=\"twitter:card\" content=\"summary_large_image\" \/>\n<meta name=\"twitter:label1\" content=\"Escrito por\" \/>\n\t<meta name=\"twitter:data1\" content=\"Ana Teixeira\" \/>\n\t<meta name=\"twitter:label2\" content=\"Est. tempo de leitura\" \/>\n\t<meta name=\"twitter:data2\" content=\"3 minutos\" \/>\n<script type=\"application\/ld+json\" class=\"yoast-schema-graph\">{\"@context\":\"https:\/\/schema.org\",\"@graph\":[{\"@type\":\"NewsArticle\",\"@id\":\"https:\/\/www.gaveanews.com\/index.php\/2025\/01\/16\/palmeiras-flavio-padro-e-sincero-ao-falar-sobre-abel-ferreira\/#article\",\"isPartOf\":{\"@id\":\"https:\/\/www.gaveanews.com\/index.php\/2025\/01\/16\/palmeiras-flavio-padro-e-sincero-ao-falar-sobre-abel-ferreira\/\"},\"author\":{\"name\":\"Ana Teixeira\",\"@id\":\"https:\/\/www.gaveanews.com\/#\/schema\/person\/3b19f7288b0ce20372991275e4f2e6c2\"},\"headline\":\"Palmeiras: Fl\u00e1vio Padro \u00e9 sincero ao falar sobre Abel Ferreira\",\"datePublished\":\"2025-01-16T11:45:00+00:00\",\"mainEntityOfPage\":{\"@id\":\"https:\/\/www.gaveanews.com\/index.php\/2025\/01\/16\/palmeiras-flavio-padro-e-sincero-ao-falar-sobre-abel-ferreira\/\"},\"wordCount\":473,\"commentCount\":0,\"image\":{\"@id\":\"https:\/\/www.gaveanews.com\/index.php\/2025\/01\/16\/palmeiras-flavio-padro-e-sincero-ao-falar-sobre-abel-ferreira\/#primaryimage\"},\"thumbnailUrl\":\"https:\/\/www.gaveanews.com\/wp-content\/uploads\/Abel-Ferreira-tecnico-do-Palmeiras.webp\",\"articleSection\":[\"Palmeiras\"],\"inLanguage\":\"pt-BR\",\"potentialAction\":[{\"@type\":\"CommentAction\",\"name\":\"Comment\",\"target\":[\"https:\/\/www.gaveanews.com\/index.php\/2025\/01\/16\/palmeiras-flavio-padro-e-sincero-ao-falar-sobre-abel-ferreira\/#respond\"]}],\"copyrightYear\":\"2025\",\"copyrightHolder\":{\"@id\":\"https:\/\/www.gaveanews.com\/#organization\"}},{\"@type\":\"WebPage\",\"@id\":\"https:\/\/www.gaveanews.com\/index.php\/2025\/01\/16\/palmeiras-flavio-padro-e-sincero-ao-falar-sobre-abel-ferreira\/\",\"url\":\"https:\/\/www.gaveanews.com\/index.php\/2025\/01\/16\/palmeiras-flavio-padro-e-sincero-ao-falar-sobre-abel-ferreira\/\",\"name\":\"Palmeiras: Fl\u00e1vio Padro \u00e9 sincero ao falar sobre Abel Ferreira\",\"isPartOf\":{\"@id\":\"https:\/\/www.gaveanews.com\/#website\"},\"primaryImageOfPage\":{\"@id\":\"https:\/\/www.gaveanews.com\/index.php\/2025\/01\/16\/palmeiras-flavio-padro-e-sincero-ao-falar-sobre-abel-ferreira\/#primaryimage\"},\"image\":{\"@id\":\"https:\/\/www.gaveanews.com\/index.php\/2025\/01\/16\/palmeiras-flavio-padro-e-sincero-ao-falar-sobre-abel-ferreira\/#primaryimage\"},\"thumbnailUrl\":\"https:\/\/www.gaveanews.com\/wp-content\/uploads\/Abel-Ferreira-tecnico-do-Palmeiras.webp\",\"datePublished\":\"2025-01-16T11:45:00+00:00\",\"author\":{\"@id\":\"https:\/\/www.gaveanews.com\/#\/schema\/person\/3b19f7288b0ce20372991275e4f2e6c2\"},\"breadcrumb\":{\"@id\":\"https:\/\/www.gaveanews.com\/index.php\/2025\/01\/16\/palmeiras-flavio-padro-e-sincero-ao-falar-sobre-abel-ferreira\/#breadcrumb\"},\"inLanguage\":\"pt-BR\",\"potentialAction\":[{\"@type\":\"ReadAction\",\"target\":[\"https:\/\/www.gaveanews.com\/index.php\/2025\/01\/16\/palmeiras-flavio-padro-e-sincero-ao-falar-sobre-abel-ferreira\/\"]}]},{\"@type\":\"ImageObject\",\"inLanguage\":\"pt-BR\",\"@id\":\"https:\/\/www.gaveanews.com\/index.php\/2025\/01\/16\/palmeiras-flavio-padro-e-sincero-ao-falar-sobre-abel-ferreira\/#primaryimage\",\"url\":\"https:\/\/www.gaveanews.com\/wp-content\/uploads\/Abel-Ferreira-tecnico-do-Palmeiras.webp\",\"contentUrl\":\"https:\/\/www.gaveanews.com\/wp-content\/uploads\/Abel-Ferreira-tecnico-do-Palmeiras.webp\",\"width\":870,\"height\":458,\"caption\":\"Abel Ferreira - Foto: C\u00e9sar Greco \/ Palmeiras\"},{\"@type\":\"BreadcrumbList\",\"@id\":\"https:\/\/www.gaveanews.com\/index.php\/2025\/01\/16\/palmeiras-flavio-padro-e-sincero-ao-falar-sobre-abel-ferreira\/#breadcrumb\",\"itemListElement\":[{\"@type\":\"ListItem\",\"position\":1,\"name\":\"Home\",\"item\":\"https:\/\/www.gaveanews.com\/\"},{\"@type\":\"ListItem\",\"position\":2,\"name\":\"Palmeiras: Fl\u00e1vio Padro \u00e9 sincero ao falar sobre Abel Ferreira\"}]},{\"@type\":\"WebSite\",\"@id\":\"https:\/\/www.gaveanews.com\/#website\",\"url\":\"https:\/\/www.gaveanews.com\/\",\"name\":\"G\u00e1vea News\",\"description\":\"Veja todas as not\u00edcias sobre o Flamengo: Contrata\u00e7\u00f5es, categorias de base, resultados das partidas, tabela de classifica\u00e7\u00e3o, pr\u00f3ximos jogos!\",\"potentialAction\":[{\"@type\":\"SearchAction\",\"target\":{\"@type\":\"EntryPoint\",\"urlTemplate\":\"https:\/\/www.gaveanews.com\/?s={search_term_string}\"},\"query-input\":{\"@type\":\"PropertyValueSpecification\",\"valueRequired\":true,\"valueName\":\"search_term_string\"}}],\"inLanguage\":\"pt-BR\"},{\"@type\":\"Person\",\"@id\":\"https:\/\/www.gaveanews.com\/#\/schema\/person\/3b19f7288b0ce20372991275e4f2e6c2\",\"name\":\"Ana Teixeira\",\"image\":{\"@type\":\"ImageObject\",\"inLanguage\":\"pt-BR\",\"@id\":\"https:\/\/www.gaveanews.com\/#\/schema\/person\/image\/\",\"url\":\"https:\/\/secure.gravatar.com\/avatar\/0a73f5a5258f3fed37fc2fa641892f3f7a4748456d4d4792f9bc550e6c19e06c?s=96&d=mm&r=g\",\"contentUrl\":\"https:\/\/secure.gravatar.com\/avatar\/0a73f5a5258f3fed37fc2fa641892f3f7a4748456d4d4792f9bc550e6c19e06c?s=96&d=mm&r=g\",\"caption\":\"Ana Teixeira\"}}]}<\/script>\n<!-- \/ Yoast SEO Premium plugin. -->","yoast_head_json":{"title":"Palmeiras: Fl\u00e1vio Padro \u00e9 sincero ao falar sobre Abel Ferreira","robots":{"index":"index","follow":"follow","max-snippet":"max-snippet:-1","max-image-preview":"max-image-preview:large","max-video-preview":"max-video-preview:-1"},"canonical":"https:\/\/www.gaveanews.com\/index.php\/2025\/01\/16\/palmeiras-flavio-padro-e-sincero-ao-falar-sobre-abel-ferreira\/","og_locale":"pt_BR","og_type":"article","og_title":"Palmeiras: Fl\u00e1vio Padro \u00e9 sincero ao falar sobre Abel Ferreira","og_description":"O t\u00e9cnico Abel Ferreira certamente n\u00e3o enfrentou um in\u00edcio de trabalho t\u00e3o incerto \u00e0 frente do Palmeiras. Depois de passar a temporada passada em branco, o treinador chega em 2025 extremamente pressionado por torcedores e especialmente pela m\u00eddia esportiva &#8211; que tanto o enalteceu. O jornalista Fl\u00e1vio Prado, por exemplo, considera que o ciclo do [&hellip;]","og_url":"https:\/\/www.gaveanews.com\/index.php\/2025\/01\/16\/palmeiras-flavio-padro-e-sincero-ao-falar-sobre-abel-ferreira\/","og_site_name":"G\u00e1vea News","article_publisher":"https:\/\/facebook.com\/gaveaNews\/","article_published_time":"2025-01-16T11:45:00+00:00","og_image":[{"width":870,"height":458,"url":"http:\/\/www.gaveanews.com\/wp-content\/uploads\/Abel-Ferreira-tecnico-do-Palmeiras.webp","type":"image\/webp"}],"author":"Ana Teixeira","twitter_card":"summary_large_image","twitter_misc":{"Escrito por":"Ana Teixeira","Est. tempo de leitura":"3 minutos"},"schema":{"@context":"https:\/\/schema.org","@graph":[{"@type":"NewsArticle","@id":"https:\/\/www.gaveanews.com\/index.php\/2025\/01\/16\/palmeiras-flavio-padro-e-sincero-ao-falar-sobre-abel-ferreira\/#article","isPartOf":{"@id":"https:\/\/www.gaveanews.com\/index.php\/2025\/01\/16\/palmeiras-flavio-padro-e-sincero-ao-falar-sobre-abel-ferreira\/"},"author":{"name":"Ana Teixeira","@id":"https:\/\/www.gaveanews.com\/#\/schema\/person\/3b19f7288b0ce20372991275e4f2e6c2"},"headline":"Palmeiras: Fl\u00e1vio Padro \u00e9 sincero ao falar sobre Abel Ferreira","datePublished":"2025-01-16T11:45:00+00:00","mainEntityOfPage":{"@id":"https:\/\/www.gaveanews.com\/index.php\/2025\/01\/16\/palmeiras-flavio-padro-e-sincero-ao-falar-sobre-abel-ferreira\/"},"wordCount":473,"commentCount":0,"image":{"@id":"https:\/\/www.gaveanews.com\/index.php\/2025\/01\/16\/palmeiras-flavio-padro-e-sincero-ao-falar-sobre-abel-ferreira\/#primaryimage"},"thumbnailUrl":"https:\/\/www.gaveanews.com\/wp-content\/uploads\/Abel-Ferreira-tecnico-do-Palmeiras.webp","articleSection":["Palmeiras"],"inLanguage":"pt-BR","potentialAction":[{"@type":"CommentAction","name":"Comment","target":["https:\/\/www.gaveanews.com\/index.php\/2025\/01\/16\/palmeiras-flavio-padro-e-sincero-ao-falar-sobre-abel-ferreira\/#respond"]}],"copyrightYear":"2025","copyrightHolder":{"@id":"https:\/\/www.gaveanews.com\/#organization"}},{"@type":"WebPage","@id":"https:\/\/www.gaveanews.com\/index.php\/2025\/01\/16\/palmeiras-flavio-padro-e-sincero-ao-falar-sobre-abel-ferreira\/","url":"https:\/\/www.gaveanews.com\/index.php\/2025\/01\/16\/palmeiras-flavio-padro-e-sincero-ao-falar-sobre-abel-ferreira\/","name":"Palmeiras: Fl\u00e1vio Padro \u00e9 sincero ao falar sobre Abel Ferreira","isPartOf":{"@id":"https:\/\/www.gaveanews.com\/#website"},"primaryImageOfPage":{"@id":"https:\/\/www.gaveanews.com\/index.php\/2025\/01\/16\/palmeiras-flavio-padro-e-sincero-ao-falar-sobre-abel-ferreira\/#primaryimage"},"image":{"@id":"https:\/\/www.gaveanews.com\/index.php\/2025\/01\/16\/palmeiras-flavio-padro-e-sincero-ao-falar-sobre-abel-ferreira\/#primaryimage"},"thumbnailUrl":"https:\/\/www.gaveanews.com\/wp-content\/uploads\/Abel-Ferreira-tecnico-do-Palmeiras.webp","datePublished":"2025-01-16T11:45:00+00:00","author":{"@id":"https:\/\/www.gaveanews.com\/#\/schema\/person\/3b19f7288b0ce20372991275e4f2e6c2"},"breadcrumb":{"@id":"https:\/\/www.gaveanews.com\/index.php\/2025\/01\/16\/palmeiras-flavio-padro-e-sincero-ao-falar-sobre-abel-ferreira\/#breadcrumb"},"inLanguage":"pt-BR","potentialAction":[{"@type":"ReadAction","target":["https:\/\/www.gaveanews.com\/index.php\/2025\/01\/16\/palmeiras-flavio-padro-e-sincero-ao-falar-sobre-abel-ferreira\/"]}]},{"@type":"ImageObject","inLanguage":"pt-BR","@id":"https:\/\/www.gaveanews.com\/index.php\/2025\/01\/16\/palmeiras-flavio-padro-e-sincero-ao-falar-sobre-abel-ferreira\/#primaryimage","url":"https:\/\/www.gaveanews.com\/wp-content\/uploads\/Abel-Ferreira-tecnico-do-Palmeiras.webp","contentUrl":"https:\/\/www.gaveanews.com\/wp-content\/uploads\/Abel-Ferreira-tecnico-do-Palmeiras.webp","width":870,"height":458,"caption":"Abel Ferreira - Foto: C\u00e9sar Greco \/ Palmeiras"},{"@type":"BreadcrumbList","@id":"https:\/\/www.gaveanews.com\/index.php\/2025\/01\/16\/palmeiras-flavio-padro-e-sincero-ao-falar-sobre-abel-ferreira\/#breadcrumb","itemListElement":[{"@type":"ListItem","position":1,"name":"Home","item":"https:\/\/www.gaveanews.com\/"},{"@type":"ListItem","position":2,"name":"Palmeiras: Fl\u00e1vio Padro \u00e9 sincero ao falar sobre Abel Ferreira"}]},{"@type":"WebSite","@id":"https:\/\/www.gaveanews.com\/#website","url":"https:\/\/www.gaveanews.com\/","name":"G\u00e1vea News","description":"Veja todas as not\u00edcias sobre o Flamengo: Contrata\u00e7\u00f5es, categorias de base, resultados das partidas, tabela de classifica\u00e7\u00e3o, pr\u00f3ximos jogos!","potentialAction":[{"@type":"SearchAction","target":{"@type":"EntryPoint","urlTemplate":"https:\/\/www.gaveanews.com\/?s={search_term_string}"},"query-input":{"@type":"PropertyValueSpecification","valueRequired":true,"valueName":"search_term_string"}}],"inLanguage":"pt-BR"},{"@type":"Person","@id":"https:\/\/www.gaveanews.com\/#\/schema\/person\/3b19f7288b0ce20372991275e4f2e6c2","name":"Ana Teixeira","image":{"@type":"ImageObject","inLanguage":"pt-BR","@id":"https:\/\/www.gaveanews.com\/#\/schema\/person\/image\/","url":"https:\/\/secure.gravatar.com\/avatar\/0a73f5a5258f3fed37fc2fa641892f3f7a4748456d4d4792f9bc550e6c19e06c?s=96&d=mm&r=g","contentUrl":"https:\/\/secure.gravatar.com\/avatar\/0a73f5a5258f3fed37fc2fa641892f3f7a4748456d4d4792f9bc550e6c19e06c?s=96&d=mm&r=g","caption":"Ana Teixeira"}}]}},"_links":{"self":[{"href":"https:\/\/www.gaveanews.com\/index.php\/wp-json\/wp\/v2\/posts\/212995","targetHints":{"allow":["GET"]}}],"collection":[{"href":"https:\/\/www.gaveanews.com\/index.php\/wp-json\/wp\/v2\/posts"}],"about":[{"href":"https:\/\/www.gaveanews.com\/index.php\/wp-json\/wp\/v2\/types\/post"}],"author":[{"embeddable":true,"href":"https:\/\/www.gaveanews.com\/index.php\/wp-json\/wp\/v2\/users\/30"}],"replies":[{"embeddable":true,"href":"https:\/\/www.gaveanews.com\/index.php\/wp-json\/wp\/v2\/comments?post=212995"}],"version-history":[{"count":3,"href":"https:\/\/www.gaveanews.com\/index.php\/wp-json\/wp\/v2\/posts\/212995\/revisions"}],"predecessor-version":[{"id":213001,"href":"https:\/\/www.gaveanews.com\/index.php\/wp-json\/wp\/v2\/posts\/212995\/revisions\/213001"}],"wp:featuredmedia":[{"embeddable":true,"href":"https:\/\/www.gaveanews.com\/index.php\/wp-json\/wp\/v2\/media\/141983"}],"wp:attachment":[{"href":"https:\/\/www.gaveanews.com\/index.php\/wp-json\/wp\/v2\/media?parent=212995"}],"wp:term":[{"taxonomy":"category","embeddable":true,"href":"https:\/\/www.gaveanews.com\/index.php\/wp-json\/wp\/v2\/categories?post=212995"},{"taxonomy":"post_tag","embeddable":true,"href":"https:\/\/www.gaveanews.com\/index.php\/wp-json\/wp\/v2\/tags?post=212995"}],"curies":[{"name":"wp","href":"https:\/\/api.w.org\/{rel}","templated":true}]}}