{"id":213107,"date":"2025-01-16T16:10:47","date_gmt":"2025-01-16T19:10:47","guid":{"rendered":"https:\/\/www.gaveanews.com\/?p=213107"},"modified":"2025-01-16T15:42:40","modified_gmt":"2025-01-16T18:42:40","slug":"ana-thais-matos-e-sincera-ao-falar-sobre-o-time-do-sao-paulo-em-2025","status":"publish","type":"post","link":"https:\/\/www.gaveanews.com\/index.php\/2025\/01\/16\/ana-thais-matos-e-sincera-ao-falar-sobre-o-time-do-sao-paulo-em-2025\/","title":{"rendered":"Ana Tha\u00eds Matos \u00e9 sincera ao falar sobre o time do S\u00e3o Paulo em 2025"},"content":{"rendered":"\n<p>Todo in\u00edcio de temporada chega acompanhado de previs\u00f5es para as principais pot\u00eancias do pa\u00eds, baseado em fatores distintos para cada an\u00e1lise. Para o S\u00e3o Paulo, por exemplo, o alerta da jornalista Ana Tha\u00eds Matos se d\u00e1 por quest\u00f5es extracampo e mais alinhadas ao &#8216;comportamental&#8217; da equipe.<\/p>\n\n\n\n<ul class=\"wp-block-list\">\n<li><a href=\"https:\/\/www.gaveanews.com\/index.php\/2025\/01\/15\/cruzeiro-x-sao-paulo-vidente-crava-resultado\/\">Cruzeiro x S\u00e3o Paulo: vidente crava resultado<\/a><\/li>\n\n\n\n<li><a href=\"https:\/\/www.gaveanews.com\/index.php\/2025\/01\/15\/enzo-diaz-fala-como-jogador-do-sao-paulo\/\">Enzo D\u00edaz fala como jogador do S\u00e3o Paulo<\/a><\/li>\n<\/ul>\n\n\n\n<p>&#8220;O S\u00e3o Paulo \u00e9 sempre uma inc\u00f3gnita. Tem um time que sempre gera aquela expectativa, faz boas contrata\u00e7\u00f5es. Voltou a ser um time competitivo e termina o Campeonato Brasileiro n\u00e3o t\u00e3o bem, n\u00e3o atuando t\u00e3o bem&#8221;, analisou durante o programa &#8220;Sele\u00e7\u00e3o SporTV&#8221;.<\/p>\n\n\n\n<p>De fato, o S\u00e3o Paulo terminou a temporada 2024 aqu\u00e9m das proje\u00e7\u00f5es do torcedor. O Tricolor paulista foi eliminado precocemente das Copas e chegou ao fim do ano disputando apenas o Campeonato Brasileiro, cujo terminou na sexta coloca\u00e7\u00e3o com 59 pontos.<\/p>\n\n\n\n<p>Em contrapartida, a equipe de Luis Zubeld\u00eda atingiu a \u00faltima aspira\u00e7\u00e3o do clube na temporada, que era a vaga direta \u00e0 Libertadores. O S\u00e3o Paulo est\u00e1 na fase de grupos do torneio continental junto ao Botafogo, Palmeiras, Flamengo, Fortaleza, Internacional, Corinthians e Bahia.<\/p>\n\n\n\n<h2 class=\"wp-block-heading\" id=\"h-reforcos-para-2025\">Refor\u00e7os para 2025<\/h2>\n\n\n\n<p>A ideia do S\u00e3o Paulo evidentemente \u00e9 ir na contram\u00e3o do roteiro habitual mencionado pela jornalista e, para isso, teve uma postura firme no mercado. Um dos principais refor\u00e7os da janela de transfer\u00eancias pertence ao clube, e trata-se de Oscar.<\/p>\n\n\n\n<p>O meia retornou ao clube ap\u00f3s mais de 14 anos desde sua sa\u00edda e, inclusive, j\u00e1 est\u00e1 regularizado pronto para reestrear pelo Tricolor. Oscar, de 33 anos, vai usar o n\u00famero 8 nesta passagem pelo Morumbi &#8211; mesma numera\u00e7\u00e3o do Shanghai Port (CHI) e do Chelsea (ING).<\/p>\n\n\n\n<p>Al\u00e9m do meia, o Tricolor paulista tamb\u00e9m fechou as contrata\u00e7\u00f5es de Enzo D\u00edaz e Hugo Leonardo.<\/p>\n\n\n\n<h2 class=\"wp-block-heading\" id=\"h-estreia-time-principal\">Estreia time principal<\/h2>\n\n\n\n<p>O S\u00e3o Paulo vai a campo pela primeira vez em 2025 nesta quarta-feira (15), \u00e0s 21h30 (de Bras\u00edlia), para encarar o Cruzeiro de Fernando Diniz. O duelo acontece no nter&amp;Co Stadium, em Orlando, nos Estados Unidos, pela FC Series.<\/p>\n","protected":false},"excerpt":{"rendered":"<p>Todo in\u00edcio de temporada chega acompanhado de previs\u00f5es para as principais pot\u00eancias do pa\u00eds, baseado em fatores distintos para cada an\u00e1lise. Para o S\u00e3o Paulo, por exemplo, o alerta da jornalista Ana Tha\u00eds Matos se d\u00e1 por quest\u00f5es extracampo e mais alinhadas ao &#8216;comportamental&#8217; da equipe. &#8220;O S\u00e3o Paulo \u00e9 sempre uma inc\u00f3gnita. Tem um [&hellip;]<\/p>\n","protected":false},"author":30,"featured_media":55460,"comment_status":"open","ping_status":"closed","sticky":false,"template":"","format":"standard","meta":{"footnotes":""},"categories":[151],"tags":[],"class_list":["post-213107","post","type-post","status-publish","format-standard","has-post-thumbnail","hentry","category-sao-paulo"],"yoast_head":"<!-- This site is optimized with the Yoast SEO Premium plugin v24.2 (Yoast SEO v26.9) - https:\/\/yoast.com\/product\/yoast-seo-premium-wordpress\/ -->\n<title>Ana Tha\u00eds Matos \u00e9 sincera ao falar sobre o time do S\u00e3o Paulo em 2025<\/title>\n<meta name=\"robots\" content=\"index, follow, max-snippet:-1, max-image-preview:large, max-video-preview:-1\" \/>\n<link rel=\"canonical\" href=\"https:\/\/www.gaveanews.com\/index.php\/2025\/01\/16\/ana-thais-matos-e-sincera-ao-falar-sobre-o-time-do-sao-paulo-em-2025\/\" \/>\n<meta property=\"og:locale\" content=\"pt_BR\" \/>\n<meta property=\"og:type\" content=\"article\" \/>\n<meta property=\"og:title\" content=\"Ana Tha\u00eds Matos \u00e9 sincera ao falar sobre o time do S\u00e3o Paulo em 2025\" \/>\n<meta property=\"og:description\" content=\"Todo in\u00edcio de temporada chega acompanhado de previs\u00f5es para as principais pot\u00eancias do pa\u00eds, baseado em fatores distintos para cada an\u00e1lise. Para o S\u00e3o Paulo, por exemplo, o alerta da jornalista Ana Tha\u00eds Matos se d\u00e1 por quest\u00f5es extracampo e mais alinhadas ao &#8216;comportamental&#8217; da equipe. &#8220;O S\u00e3o Paulo \u00e9 sempre uma inc\u00f3gnita. Tem um [&hellip;]\" \/>\n<meta property=\"og:url\" content=\"https:\/\/www.gaveanews.com\/index.php\/2025\/01\/16\/ana-thais-matos-e-sincera-ao-falar-sobre-o-time-do-sao-paulo-em-2025\/\" \/>\n<meta property=\"og:site_name\" content=\"G\u00e1vea News\" \/>\n<meta property=\"article:publisher\" content=\"https:\/\/facebook.com\/gaveaNews\/\" \/>\n<meta property=\"article:published_time\" content=\"2025-01-16T19:10:47+00:00\" \/>\n<meta property=\"og:image\" content=\"https:\/\/www.gaveanews.com\/wp-content\/uploads\/Ana-Thais-Matos-jornalista-do-Sportv.webp\" \/>\n\t<meta property=\"og:image:width\" content=\"1366\" \/>\n\t<meta property=\"og:image:height\" content=\"769\" \/>\n\t<meta property=\"og:image:type\" content=\"image\/jpeg\" \/>\n<meta name=\"author\" content=\"Ana Teixeira\" \/>\n<meta name=\"twitter:card\" content=\"summary_large_image\" \/>\n<meta name=\"twitter:label1\" content=\"Escrito por\" \/>\n\t<meta name=\"twitter:data1\" content=\"Ana Teixeira\" \/>\n\t<meta name=\"twitter:label2\" content=\"Est. tempo de leitura\" \/>\n\t<meta name=\"twitter:data2\" content=\"3 minutos\" \/>\n<script type=\"application\/ld+json\" class=\"yoast-schema-graph\">{\"@context\":\"https:\/\/schema.org\",\"@graph\":[{\"@type\":\"NewsArticle\",\"@id\":\"https:\/\/www.gaveanews.com\/index.php\/2025\/01\/16\/ana-thais-matos-e-sincera-ao-falar-sobre-o-time-do-sao-paulo-em-2025\/#article\",\"isPartOf\":{\"@id\":\"https:\/\/www.gaveanews.com\/index.php\/2025\/01\/16\/ana-thais-matos-e-sincera-ao-falar-sobre-o-time-do-sao-paulo-em-2025\/\"},\"author\":{\"name\":\"Ana Teixeira\",\"@id\":\"https:\/\/www.gaveanews.com\/#\/schema\/person\/3b19f7288b0ce20372991275e4f2e6c2\"},\"headline\":\"Ana Tha\u00eds Matos \u00e9 sincera ao falar sobre o time do S\u00e3o Paulo em 2025\",\"datePublished\":\"2025-01-16T19:10:47+00:00\",\"mainEntityOfPage\":{\"@id\":\"https:\/\/www.gaveanews.com\/index.php\/2025\/01\/16\/ana-thais-matos-e-sincera-ao-falar-sobre-o-time-do-sao-paulo-em-2025\/\"},\"wordCount\":382,\"commentCount\":0,\"image\":{\"@id\":\"https:\/\/www.gaveanews.com\/index.php\/2025\/01\/16\/ana-thais-matos-e-sincera-ao-falar-sobre-o-time-do-sao-paulo-em-2025\/#primaryimage\"},\"thumbnailUrl\":\"https:\/\/www.gaveanews.com\/wp-content\/uploads\/Ana-Thais-Matos-jornalista-do-Sportv.webp\",\"articleSection\":[\"S\u00e3o Paulo\"],\"inLanguage\":\"pt-BR\",\"potentialAction\":[{\"@type\":\"CommentAction\",\"name\":\"Comment\",\"target\":[\"https:\/\/www.gaveanews.com\/index.php\/2025\/01\/16\/ana-thais-matos-e-sincera-ao-falar-sobre-o-time-do-sao-paulo-em-2025\/#respond\"]}],\"copyrightYear\":\"2025\",\"copyrightHolder\":{\"@id\":\"https:\/\/www.gaveanews.com\/#organization\"}},{\"@type\":\"WebPage\",\"@id\":\"https:\/\/www.gaveanews.com\/index.php\/2025\/01\/16\/ana-thais-matos-e-sincera-ao-falar-sobre-o-time-do-sao-paulo-em-2025\/\",\"url\":\"https:\/\/www.gaveanews.com\/index.php\/2025\/01\/16\/ana-thais-matos-e-sincera-ao-falar-sobre-o-time-do-sao-paulo-em-2025\/\",\"name\":\"Ana Tha\u00eds Matos \u00e9 sincera ao falar sobre o time do S\u00e3o Paulo em 2025\",\"isPartOf\":{\"@id\":\"https:\/\/www.gaveanews.com\/#website\"},\"primaryImageOfPage\":{\"@id\":\"https:\/\/www.gaveanews.com\/index.php\/2025\/01\/16\/ana-thais-matos-e-sincera-ao-falar-sobre-o-time-do-sao-paulo-em-2025\/#primaryimage\"},\"image\":{\"@id\":\"https:\/\/www.gaveanews.com\/index.php\/2025\/01\/16\/ana-thais-matos-e-sincera-ao-falar-sobre-o-time-do-sao-paulo-em-2025\/#primaryimage\"},\"thumbnailUrl\":\"https:\/\/www.gaveanews.com\/wp-content\/uploads\/Ana-Thais-Matos-jornalista-do-Sportv.webp\",\"datePublished\":\"2025-01-16T19:10:47+00:00\",\"author\":{\"@id\":\"https:\/\/www.gaveanews.com\/#\/schema\/person\/3b19f7288b0ce20372991275e4f2e6c2\"},\"breadcrumb\":{\"@id\":\"https:\/\/www.gaveanews.com\/index.php\/2025\/01\/16\/ana-thais-matos-e-sincera-ao-falar-sobre-o-time-do-sao-paulo-em-2025\/#breadcrumb\"},\"inLanguage\":\"pt-BR\",\"potentialAction\":[{\"@type\":\"ReadAction\",\"target\":[\"https:\/\/www.gaveanews.com\/index.php\/2025\/01\/16\/ana-thais-matos-e-sincera-ao-falar-sobre-o-time-do-sao-paulo-em-2025\/\"]}]},{\"@type\":\"ImageObject\",\"inLanguage\":\"pt-BR\",\"@id\":\"https:\/\/www.gaveanews.com\/index.php\/2025\/01\/16\/ana-thais-matos-e-sincera-ao-falar-sobre-o-time-do-sao-paulo-em-2025\/#primaryimage\",\"url\":\"https:\/\/www.gaveanews.com\/wp-content\/uploads\/Ana-Thais-Matos-jornalista-do-Sportv.webp\",\"contentUrl\":\"https:\/\/www.gaveanews.com\/wp-content\/uploads\/Ana-Thais-Matos-jornalista-do-Sportv.webp\",\"width\":1366,\"height\":769,\"caption\":\"Ana Thais Mattos, jornalista do Sportv (Foto: Reprodu\u00e7\u00e3o)\"},{\"@type\":\"BreadcrumbList\",\"@id\":\"https:\/\/www.gaveanews.com\/index.php\/2025\/01\/16\/ana-thais-matos-e-sincera-ao-falar-sobre-o-time-do-sao-paulo-em-2025\/#breadcrumb\",\"itemListElement\":[{\"@type\":\"ListItem\",\"position\":1,\"name\":\"Home\",\"item\":\"https:\/\/www.gaveanews.com\/\"},{\"@type\":\"ListItem\",\"position\":2,\"name\":\"Ana Tha\u00eds Matos \u00e9 sincera ao falar sobre o time do S\u00e3o Paulo em 2025\"}]},{\"@type\":\"WebSite\",\"@id\":\"https:\/\/www.gaveanews.com\/#website\",\"url\":\"https:\/\/www.gaveanews.com\/\",\"name\":\"G\u00e1vea News\",\"description\":\"Veja todas as not\u00edcias sobre o Flamengo: Contrata\u00e7\u00f5es, categorias de base, resultados das partidas, tabela de classifica\u00e7\u00e3o, pr\u00f3ximos jogos!\",\"potentialAction\":[{\"@type\":\"SearchAction\",\"target\":{\"@type\":\"EntryPoint\",\"urlTemplate\":\"https:\/\/www.gaveanews.com\/?s={search_term_string}\"},\"query-input\":{\"@type\":\"PropertyValueSpecification\",\"valueRequired\":true,\"valueName\":\"search_term_string\"}}],\"inLanguage\":\"pt-BR\"},{\"@type\":\"Person\",\"@id\":\"https:\/\/www.gaveanews.com\/#\/schema\/person\/3b19f7288b0ce20372991275e4f2e6c2\",\"name\":\"Ana Teixeira\",\"image\":{\"@type\":\"ImageObject\",\"inLanguage\":\"pt-BR\",\"@id\":\"https:\/\/www.gaveanews.com\/#\/schema\/person\/image\/\",\"url\":\"https:\/\/secure.gravatar.com\/avatar\/0a73f5a5258f3fed37fc2fa641892f3f7a4748456d4d4792f9bc550e6c19e06c?s=96&d=mm&r=g\",\"contentUrl\":\"https:\/\/secure.gravatar.com\/avatar\/0a73f5a5258f3fed37fc2fa641892f3f7a4748456d4d4792f9bc550e6c19e06c?s=96&d=mm&r=g\",\"caption\":\"Ana Teixeira\"}}]}<\/script>\n<!-- \/ Yoast SEO Premium plugin. -->","yoast_head_json":{"title":"Ana Tha\u00eds Matos \u00e9 sincera ao falar sobre o time do S\u00e3o Paulo em 2025","robots":{"index":"index","follow":"follow","max-snippet":"max-snippet:-1","max-image-preview":"max-image-preview:large","max-video-preview":"max-video-preview:-1"},"canonical":"https:\/\/www.gaveanews.com\/index.php\/2025\/01\/16\/ana-thais-matos-e-sincera-ao-falar-sobre-o-time-do-sao-paulo-em-2025\/","og_locale":"pt_BR","og_type":"article","og_title":"Ana Tha\u00eds Matos \u00e9 sincera ao falar sobre o time do S\u00e3o Paulo em 2025","og_description":"Todo in\u00edcio de temporada chega acompanhado de previs\u00f5es para as principais pot\u00eancias do pa\u00eds, baseado em fatores distintos para cada an\u00e1lise. Para o S\u00e3o Paulo, por exemplo, o alerta da jornalista Ana Tha\u00eds Matos se d\u00e1 por quest\u00f5es extracampo e mais alinhadas ao &#8216;comportamental&#8217; da equipe. &#8220;O S\u00e3o Paulo \u00e9 sempre uma inc\u00f3gnita. Tem um [&hellip;]","og_url":"https:\/\/www.gaveanews.com\/index.php\/2025\/01\/16\/ana-thais-matos-e-sincera-ao-falar-sobre-o-time-do-sao-paulo-em-2025\/","og_site_name":"G\u00e1vea News","article_publisher":"https:\/\/facebook.com\/gaveaNews\/","article_published_time":"2025-01-16T19:10:47+00:00","og_image":[{"width":1366,"height":769,"url":"https:\/\/www.gaveanews.com\/wp-content\/uploads\/Ana-Thais-Matos-jornalista-do-Sportv.webp","type":"image\/jpeg"}],"author":"Ana Teixeira","twitter_card":"summary_large_image","twitter_misc":{"Escrito por":"Ana Teixeira","Est. tempo de leitura":"3 minutos"},"schema":{"@context":"https:\/\/schema.org","@graph":[{"@type":"NewsArticle","@id":"https:\/\/www.gaveanews.com\/index.php\/2025\/01\/16\/ana-thais-matos-e-sincera-ao-falar-sobre-o-time-do-sao-paulo-em-2025\/#article","isPartOf":{"@id":"https:\/\/www.gaveanews.com\/index.php\/2025\/01\/16\/ana-thais-matos-e-sincera-ao-falar-sobre-o-time-do-sao-paulo-em-2025\/"},"author":{"name":"Ana Teixeira","@id":"https:\/\/www.gaveanews.com\/#\/schema\/person\/3b19f7288b0ce20372991275e4f2e6c2"},"headline":"Ana Tha\u00eds Matos \u00e9 sincera ao falar sobre o time do S\u00e3o Paulo em 2025","datePublished":"2025-01-16T19:10:47+00:00","mainEntityOfPage":{"@id":"https:\/\/www.gaveanews.com\/index.php\/2025\/01\/16\/ana-thais-matos-e-sincera-ao-falar-sobre-o-time-do-sao-paulo-em-2025\/"},"wordCount":382,"commentCount":0,"image":{"@id":"https:\/\/www.gaveanews.com\/index.php\/2025\/01\/16\/ana-thais-matos-e-sincera-ao-falar-sobre-o-time-do-sao-paulo-em-2025\/#primaryimage"},"thumbnailUrl":"https:\/\/www.gaveanews.com\/wp-content\/uploads\/Ana-Thais-Matos-jornalista-do-Sportv.webp","articleSection":["S\u00e3o Paulo"],"inLanguage":"pt-BR","potentialAction":[{"@type":"CommentAction","name":"Comment","target":["https:\/\/www.gaveanews.com\/index.php\/2025\/01\/16\/ana-thais-matos-e-sincera-ao-falar-sobre-o-time-do-sao-paulo-em-2025\/#respond"]}],"copyrightYear":"2025","copyrightHolder":{"@id":"https:\/\/www.gaveanews.com\/#organization"}},{"@type":"WebPage","@id":"https:\/\/www.gaveanews.com\/index.php\/2025\/01\/16\/ana-thais-matos-e-sincera-ao-falar-sobre-o-time-do-sao-paulo-em-2025\/","url":"https:\/\/www.gaveanews.com\/index.php\/2025\/01\/16\/ana-thais-matos-e-sincera-ao-falar-sobre-o-time-do-sao-paulo-em-2025\/","name":"Ana Tha\u00eds Matos \u00e9 sincera ao falar sobre o time do S\u00e3o Paulo em 2025","isPartOf":{"@id":"https:\/\/www.gaveanews.com\/#website"},"primaryImageOfPage":{"@id":"https:\/\/www.gaveanews.com\/index.php\/2025\/01\/16\/ana-thais-matos-e-sincera-ao-falar-sobre-o-time-do-sao-paulo-em-2025\/#primaryimage"},"image":{"@id":"https:\/\/www.gaveanews.com\/index.php\/2025\/01\/16\/ana-thais-matos-e-sincera-ao-falar-sobre-o-time-do-sao-paulo-em-2025\/#primaryimage"},"thumbnailUrl":"https:\/\/www.gaveanews.com\/wp-content\/uploads\/Ana-Thais-Matos-jornalista-do-Sportv.webp","datePublished":"2025-01-16T19:10:47+00:00","author":{"@id":"https:\/\/www.gaveanews.com\/#\/schema\/person\/3b19f7288b0ce20372991275e4f2e6c2"},"breadcrumb":{"@id":"https:\/\/www.gaveanews.com\/index.php\/2025\/01\/16\/ana-thais-matos-e-sincera-ao-falar-sobre-o-time-do-sao-paulo-em-2025\/#breadcrumb"},"inLanguage":"pt-BR","potentialAction":[{"@type":"ReadAction","target":["https:\/\/www.gaveanews.com\/index.php\/2025\/01\/16\/ana-thais-matos-e-sincera-ao-falar-sobre-o-time-do-sao-paulo-em-2025\/"]}]},{"@type":"ImageObject","inLanguage":"pt-BR","@id":"https:\/\/www.gaveanews.com\/index.php\/2025\/01\/16\/ana-thais-matos-e-sincera-ao-falar-sobre-o-time-do-sao-paulo-em-2025\/#primaryimage","url":"https:\/\/www.gaveanews.com\/wp-content\/uploads\/Ana-Thais-Matos-jornalista-do-Sportv.webp","contentUrl":"https:\/\/www.gaveanews.com\/wp-content\/uploads\/Ana-Thais-Matos-jornalista-do-Sportv.webp","width":1366,"height":769,"caption":"Ana Thais Mattos, jornalista do Sportv (Foto: Reprodu\u00e7\u00e3o)"},{"@type":"BreadcrumbList","@id":"https:\/\/www.gaveanews.com\/index.php\/2025\/01\/16\/ana-thais-matos-e-sincera-ao-falar-sobre-o-time-do-sao-paulo-em-2025\/#breadcrumb","itemListElement":[{"@type":"ListItem","position":1,"name":"Home","item":"https:\/\/www.gaveanews.com\/"},{"@type":"ListItem","position":2,"name":"Ana Tha\u00eds Matos \u00e9 sincera ao falar sobre o time do S\u00e3o Paulo em 2025"}]},{"@type":"WebSite","@id":"https:\/\/www.gaveanews.com\/#website","url":"https:\/\/www.gaveanews.com\/","name":"G\u00e1vea News","description":"Veja todas as not\u00edcias sobre o Flamengo: Contrata\u00e7\u00f5es, categorias de base, resultados das partidas, tabela de classifica\u00e7\u00e3o, pr\u00f3ximos jogos!","potentialAction":[{"@type":"SearchAction","target":{"@type":"EntryPoint","urlTemplate":"https:\/\/www.gaveanews.com\/?s={search_term_string}"},"query-input":{"@type":"PropertyValueSpecification","valueRequired":true,"valueName":"search_term_string"}}],"inLanguage":"pt-BR"},{"@type":"Person","@id":"https:\/\/www.gaveanews.com\/#\/schema\/person\/3b19f7288b0ce20372991275e4f2e6c2","name":"Ana Teixeira","image":{"@type":"ImageObject","inLanguage":"pt-BR","@id":"https:\/\/www.gaveanews.com\/#\/schema\/person\/image\/","url":"https:\/\/secure.gravatar.com\/avatar\/0a73f5a5258f3fed37fc2fa641892f3f7a4748456d4d4792f9bc550e6c19e06c?s=96&d=mm&r=g","contentUrl":"https:\/\/secure.gravatar.com\/avatar\/0a73f5a5258f3fed37fc2fa641892f3f7a4748456d4d4792f9bc550e6c19e06c?s=96&d=mm&r=g","caption":"Ana Teixeira"}}]}},"_links":{"self":[{"href":"https:\/\/www.gaveanews.com\/index.php\/wp-json\/wp\/v2\/posts\/213107","targetHints":{"allow":["GET"]}}],"collection":[{"href":"https:\/\/www.gaveanews.com\/index.php\/wp-json\/wp\/v2\/posts"}],"about":[{"href":"https:\/\/www.gaveanews.com\/index.php\/wp-json\/wp\/v2\/types\/post"}],"author":[{"embeddable":true,"href":"https:\/\/www.gaveanews.com\/index.php\/wp-json\/wp\/v2\/users\/30"}],"replies":[{"embeddable":true,"href":"https:\/\/www.gaveanews.com\/index.php\/wp-json\/wp\/v2\/comments?post=213107"}],"version-history":[{"count":1,"href":"https:\/\/www.gaveanews.com\/index.php\/wp-json\/wp\/v2\/posts\/213107\/revisions"}],"predecessor-version":[{"id":213116,"href":"https:\/\/www.gaveanews.com\/index.php\/wp-json\/wp\/v2\/posts\/213107\/revisions\/213116"}],"wp:featuredmedia":[{"embeddable":true,"href":"https:\/\/www.gaveanews.com\/index.php\/wp-json\/wp\/v2\/media\/55460"}],"wp:attachment":[{"href":"https:\/\/www.gaveanews.com\/index.php\/wp-json\/wp\/v2\/media?parent=213107"}],"wp:term":[{"taxonomy":"category","embeddable":true,"href":"https:\/\/www.gaveanews.com\/index.php\/wp-json\/wp\/v2\/categories?post=213107"},{"taxonomy":"post_tag","embeddable":true,"href":"https:\/\/www.gaveanews.com\/index.php\/wp-json\/wp\/v2\/tags?post=213107"}],"curies":[{"name":"wp","href":"https:\/\/api.w.org\/{rel}","templated":true}]}}