{"id":213122,"date":"2025-01-16T02:20:00","date_gmt":"2025-01-16T05:20:00","guid":{"rendered":"https:\/\/www.gaveanews.com\/?p=213122"},"modified":"2025-01-15T22:59:34","modified_gmt":"2025-01-16T01:59:34","slug":"internacional-e-sport-negociam-troca-de-jogadores","status":"publish","type":"post","link":"https:\/\/www.gaveanews.com\/index.php\/2025\/01\/16\/internacional-e-sport-negociam-troca-de-jogadores\/","title":{"rendered":"Internacional e Sport negociam troca de jogadores"},"content":{"rendered":"\n<p>O Sport est\u00e1 \u00e0 espera da chegada do meia Hyoran, do Internacional, na noite de quarta-feira, para confirmar a aquisi\u00e7\u00e3o do jogador de 31 anos. Ele chega emprestado at\u00e9 o final do ano como parte do acordo para a continuidade do jovem da base do Flamengo, Victor Gabriel, no Colorado.<\/p>\n\n\n\n<ul class=\"wp-block-list\">\n<li><a href=\"https:\/\/www.gaveanews.com\/index.php\/2025\/01\/15\/situacao-de-vitinho-saida-de-gabriel-e-mercado-da-bola-as-ultimas-noticias-do-internacional\/\">Situa\u00e7\u00e3o de Vitinho, sa\u00edda de Gabriel e mercado da bola: as \u00faltimas not\u00edcias do Internacional<\/a><\/li>\n\n\n\n<li><a href=\"https:\/\/www.gaveanews.com\/index.php\/2025\/01\/15\/saiba-tudo-sobre-a-lesao-de-gabriel-carvalho-do-internacional\/\">Saiba tudo sobre a les\u00e3o de Gabriel Carvalho, do Internacional<\/a><\/li>\n<\/ul>\n\n\n\n<p>Como \u00e9 habitual no Rubro-negro, ser\u00e3o realizados exames m\u00e9dicos antes da assinatura do contrato, oficializando assim o acordo.<\/p>\n\n\n\n<p>Hyoran disputou 21 jogos pelo Inter no ano passado, anotou um gol e colaborou com duas assist\u00eancias. No entanto, n\u00e3o joga desde 4 de agosto, contra o Palmeiras, pelo Campeonato Brasileiro.<\/p>\n\n\n\n<figure class=\"wp-block-image size-full\"><img loading=\"lazy\" decoding=\"async\" width=\"774\" height=\"508\" src=\"https:\/\/www.gaveanews.com\/wp-content\/uploads\/Hyoran-pelo-Internacional.webp\" alt=\"\" class=\"wp-image-167603\" srcset=\"https:\/\/www.gaveanews.com\/wp-content\/uploads\/Hyoran-pelo-Internacional.webp 774w, https:\/\/www.gaveanews.com\/wp-content\/uploads\/Hyoran-pelo-Internacional-300x197.webp 300w, https:\/\/www.gaveanews.com\/wp-content\/uploads\/Hyoran-pelo-Internacional-768x504.webp 768w, https:\/\/www.gaveanews.com\/wp-content\/uploads\/Hyoran-pelo-Internacional-640x420.webp 640w, https:\/\/www.gaveanews.com\/wp-content\/uploads\/Hyoran-pelo-Internacional-681x447.webp 681w, https:\/\/www.gaveanews.com\/wp-content\/uploads\/Hyoran-pelo-Internacional-100x66.webp 100w\" sizes=\"auto, (max-width: 774px) 100vw, 774px\" \/><figcaption class=\"wp-element-caption\">Hyoran pelo Internacional (Foto: Divulga\u00e7\u00e3o\/Internacional)<\/figcaption><\/figure>\n\n\n\n<p>Depois de se destacar nas divis\u00f5es de base do Corinthians, o meio-campista atuou como profissional na Chapecoense, onde integrou a equipe campe\u00e3 catarinense de 2015 e da Sul-Americana de 2016. Ele tamb\u00e9m atuou pelo Palmeiras, vencedor do Brasileir\u00e3o de 2018, Red Bull Bragantino e Atl\u00e9tico-MG. Em 2021, o Galo conquistou o t\u00edtulo brasileiro e a Copa do Brasil, al\u00e9m de ter conquistado tricampeonatos mineiros, em 2020, 2021 e 2023.<\/p>\n\n\n\n<p>\u00c9 importante salientar que, no mesmo cen\u00e1rio da negocia\u00e7\u00e3o para contratar Hyoran, Sport e Inter est\u00e3o em busca de um acordo sobre Victor Gabriel, o zagueiro que tamb\u00e9m atua como lateral-esquerdo.<\/p>\n\n\n\n<p>O atleta de 20 anos, prata da casa do rubro-negro, participa da pr\u00e9-temporada com o time profissional do Colorado, por\u00e9m seu empr\u00e9stimo termina no final deste m\u00eas. No entanto, a nossa equipe de reportagem ainda n\u00e3o foi capaz de confirmar se existe uma conex\u00e3o entre os casos de Hyoran e Victor Gabriel.<\/p>\n\n\n\n<h2 class=\"wp-block-heading\" id=\"h-que-dia-o-internacional-joga\">Que dia o Internacional joga?<\/h2>\n\n\n\n<p>Nesta quinta-feira (16), \u00e0s 21h (hor\u00e1rio de Bras\u00edlia), o Internacional joga um amistoso contra a sele\u00e7\u00e3o mexicana no est\u00e1dio Beira-Rio, em Porto Alegre, no Rio Grande do Sul. A partida ser\u00e1 transmitida ao vivo atrav\u00e9s da Record Gua\u00edba (apenas para o Rio Grande do Sul), Sportv (canal fechado) e Caz\u00e9TV (YouTube).<\/p>\n","protected":false},"excerpt":{"rendered":"<p>O Sport est\u00e1 \u00e0 espera da chegada do meia Hyoran, do Internacional, na noite de quarta-feira, para confirmar a aquisi\u00e7\u00e3o do jogador de 31 anos. Ele chega emprestado at\u00e9 o final do ano como parte do acordo para a continuidade do jovem da base do Flamengo, Victor Gabriel, no Colorado. Como \u00e9 habitual no Rubro-negro, [&hellip;]<\/p>\n","protected":false},"author":16,"featured_media":173600,"comment_status":"open","ping_status":"closed","sticky":false,"template":"","format":"standard","meta":{"footnotes":""},"categories":[148,154],"tags":[],"class_list":["post-213122","post","type-post","status-publish","format-standard","has-post-thumbnail","hentry","category-internacional","category-sport"],"yoast_head":"<!-- This site is optimized with the Yoast SEO Premium plugin v24.2 (Yoast SEO v26.9) - https:\/\/yoast.com\/product\/yoast-seo-premium-wordpress\/ -->\n<title>Internacional e Sport negociam troca de jogadores<\/title>\n<meta name=\"robots\" content=\"index, follow, max-snippet:-1, max-image-preview:large, max-video-preview:-1\" \/>\n<link rel=\"canonical\" href=\"https:\/\/www.gaveanews.com\/index.php\/2025\/01\/16\/internacional-e-sport-negociam-troca-de-jogadores\/\" \/>\n<meta property=\"og:locale\" content=\"pt_BR\" \/>\n<meta property=\"og:type\" content=\"article\" \/>\n<meta property=\"og:title\" content=\"Internacional e Sport negociam troca de jogadores\" \/>\n<meta property=\"og:description\" content=\"O Sport est\u00e1 \u00e0 espera da chegada do meia Hyoran, do Internacional, na noite de quarta-feira, para confirmar a aquisi\u00e7\u00e3o do jogador de 31 anos. Ele chega emprestado at\u00e9 o final do ano como parte do acordo para a continuidade do jovem da base do Flamengo, Victor Gabriel, no Colorado. Como \u00e9 habitual no Rubro-negro, [&hellip;]\" \/>\n<meta property=\"og:url\" content=\"https:\/\/www.gaveanews.com\/index.php\/2025\/01\/16\/internacional-e-sport-negociam-troca-de-jogadores\/\" \/>\n<meta property=\"og:site_name\" content=\"G\u00e1vea News\" \/>\n<meta property=\"article:publisher\" content=\"https:\/\/facebook.com\/gaveaNews\/\" \/>\n<meta property=\"article:published_time\" content=\"2025-01-16T05:20:00+00:00\" \/>\n<meta property=\"og:image\" content=\"https:\/\/www.gaveanews.com\/wp-content\/uploads\/Escudo-do-Internacional.webp\" \/>\n\t<meta property=\"og:image:width\" content=\"1728\" \/>\n\t<meta property=\"og:image:height\" content=\"1080\" \/>\n\t<meta property=\"og:image:type\" content=\"image\/webp\" \/>\n<meta name=\"author\" content=\"D\u00e9bora Figueiredo\" \/>\n<meta name=\"twitter:card\" content=\"summary_large_image\" \/>\n<meta name=\"twitter:label1\" content=\"Escrito por\" \/>\n\t<meta name=\"twitter:data1\" content=\"D\u00e9bora Figueiredo\" \/>\n\t<meta name=\"twitter:label2\" content=\"Est. tempo de leitura\" \/>\n\t<meta name=\"twitter:data2\" content=\"3 minutos\" \/>\n<script type=\"application\/ld+json\" class=\"yoast-schema-graph\">{\"@context\":\"https:\/\/schema.org\",\"@graph\":[{\"@type\":\"NewsArticle\",\"@id\":\"https:\/\/www.gaveanews.com\/index.php\/2025\/01\/16\/internacional-e-sport-negociam-troca-de-jogadores\/#article\",\"isPartOf\":{\"@id\":\"https:\/\/www.gaveanews.com\/index.php\/2025\/01\/16\/internacional-e-sport-negociam-troca-de-jogadores\/\"},\"author\":{\"name\":\"D\u00e9bora Figueiredo\",\"@id\":\"https:\/\/www.gaveanews.com\/#\/schema\/person\/37122681a8575a5c8db05a56f099a5e4\"},\"headline\":\"Internacional e Sport negociam troca de jogadores\",\"datePublished\":\"2025-01-16T05:20:00+00:00\",\"mainEntityOfPage\":{\"@id\":\"https:\/\/www.gaveanews.com\/index.php\/2025\/01\/16\/internacional-e-sport-negociam-troca-de-jogadores\/\"},\"wordCount\":363,\"commentCount\":0,\"image\":{\"@id\":\"https:\/\/www.gaveanews.com\/index.php\/2025\/01\/16\/internacional-e-sport-negociam-troca-de-jogadores\/#primaryimage\"},\"thumbnailUrl\":\"https:\/\/www.gaveanews.com\/wp-content\/uploads\/Escudo-do-Internacional.webp\",\"articleSection\":[\"Internacional\",\"Sport\"],\"inLanguage\":\"pt-BR\",\"potentialAction\":[{\"@type\":\"CommentAction\",\"name\":\"Comment\",\"target\":[\"https:\/\/www.gaveanews.com\/index.php\/2025\/01\/16\/internacional-e-sport-negociam-troca-de-jogadores\/#respond\"]}],\"copyrightYear\":\"2025\",\"copyrightHolder\":{\"@id\":\"https:\/\/www.gaveanews.com\/#organization\"}},{\"@type\":\"WebPage\",\"@id\":\"https:\/\/www.gaveanews.com\/index.php\/2025\/01\/16\/internacional-e-sport-negociam-troca-de-jogadores\/\",\"url\":\"https:\/\/www.gaveanews.com\/index.php\/2025\/01\/16\/internacional-e-sport-negociam-troca-de-jogadores\/\",\"name\":\"Internacional e Sport negociam troca de jogadores\",\"isPartOf\":{\"@id\":\"https:\/\/www.gaveanews.com\/#website\"},\"primaryImageOfPage\":{\"@id\":\"https:\/\/www.gaveanews.com\/index.php\/2025\/01\/16\/internacional-e-sport-negociam-troca-de-jogadores\/#primaryimage\"},\"image\":{\"@id\":\"https:\/\/www.gaveanews.com\/index.php\/2025\/01\/16\/internacional-e-sport-negociam-troca-de-jogadores\/#primaryimage\"},\"thumbnailUrl\":\"https:\/\/www.gaveanews.com\/wp-content\/uploads\/Escudo-do-Internacional.webp\",\"datePublished\":\"2025-01-16T05:20:00+00:00\",\"author\":{\"@id\":\"https:\/\/www.gaveanews.com\/#\/schema\/person\/37122681a8575a5c8db05a56f099a5e4\"},\"breadcrumb\":{\"@id\":\"https:\/\/www.gaveanews.com\/index.php\/2025\/01\/16\/internacional-e-sport-negociam-troca-de-jogadores\/#breadcrumb\"},\"inLanguage\":\"pt-BR\",\"potentialAction\":[{\"@type\":\"ReadAction\",\"target\":[\"https:\/\/www.gaveanews.com\/index.php\/2025\/01\/16\/internacional-e-sport-negociam-troca-de-jogadores\/\"]}]},{\"@type\":\"ImageObject\",\"inLanguage\":\"pt-BR\",\"@id\":\"https:\/\/www.gaveanews.com\/index.php\/2025\/01\/16\/internacional-e-sport-negociam-troca-de-jogadores\/#primaryimage\",\"url\":\"https:\/\/www.gaveanews.com\/wp-content\/uploads\/Escudo-do-Internacional.webp\",\"contentUrl\":\"https:\/\/www.gaveanews.com\/wp-content\/uploads\/Escudo-do-Internacional.webp\",\"width\":1728,\"height\":1080,\"caption\":\"Escudo do Internacional (Foto: Reprodu\u00e7\u00e3o)\"},{\"@type\":\"BreadcrumbList\",\"@id\":\"https:\/\/www.gaveanews.com\/index.php\/2025\/01\/16\/internacional-e-sport-negociam-troca-de-jogadores\/#breadcrumb\",\"itemListElement\":[{\"@type\":\"ListItem\",\"position\":1,\"name\":\"Home\",\"item\":\"https:\/\/www.gaveanews.com\/\"},{\"@type\":\"ListItem\",\"position\":2,\"name\":\"Internacional e Sport negociam troca de jogadores\"}]},{\"@type\":\"WebSite\",\"@id\":\"https:\/\/www.gaveanews.com\/#website\",\"url\":\"https:\/\/www.gaveanews.com\/\",\"name\":\"G\u00e1vea News\",\"description\":\"Veja todas as not\u00edcias sobre o Flamengo: Contrata\u00e7\u00f5es, categorias de base, resultados das partidas, tabela de classifica\u00e7\u00e3o, pr\u00f3ximos jogos!\",\"potentialAction\":[{\"@type\":\"SearchAction\",\"target\":{\"@type\":\"EntryPoint\",\"urlTemplate\":\"https:\/\/www.gaveanews.com\/?s={search_term_string}\"},\"query-input\":{\"@type\":\"PropertyValueSpecification\",\"valueRequired\":true,\"valueName\":\"search_term_string\"}}],\"inLanguage\":\"pt-BR\"},{\"@type\":\"Person\",\"@id\":\"https:\/\/www.gaveanews.com\/#\/schema\/person\/37122681a8575a5c8db05a56f099a5e4\",\"name\":\"D\u00e9bora Figueiredo\",\"image\":{\"@type\":\"ImageObject\",\"inLanguage\":\"pt-BR\",\"@id\":\"https:\/\/www.gaveanews.com\/#\/schema\/person\/image\/\",\"url\":\"https:\/\/secure.gravatar.com\/avatar\/1f44802859351588499d26f52aed1d15796ce17e67602895b72837c08018868d?s=96&d=mm&r=g\",\"contentUrl\":\"https:\/\/secure.gravatar.com\/avatar\/1f44802859351588499d26f52aed1d15796ce17e67602895b72837c08018868d?s=96&d=mm&r=g\",\"caption\":\"D\u00e9bora Figueiredo\"}}]}<\/script>\n<!-- \/ Yoast SEO Premium plugin. -->","yoast_head_json":{"title":"Internacional e Sport negociam troca de jogadores","robots":{"index":"index","follow":"follow","max-snippet":"max-snippet:-1","max-image-preview":"max-image-preview:large","max-video-preview":"max-video-preview:-1"},"canonical":"https:\/\/www.gaveanews.com\/index.php\/2025\/01\/16\/internacional-e-sport-negociam-troca-de-jogadores\/","og_locale":"pt_BR","og_type":"article","og_title":"Internacional e Sport negociam troca de jogadores","og_description":"O Sport est\u00e1 \u00e0 espera da chegada do meia Hyoran, do Internacional, na noite de quarta-feira, para confirmar a aquisi\u00e7\u00e3o do jogador de 31 anos. Ele chega emprestado at\u00e9 o final do ano como parte do acordo para a continuidade do jovem da base do Flamengo, Victor Gabriel, no Colorado. Como \u00e9 habitual no Rubro-negro, [&hellip;]","og_url":"https:\/\/www.gaveanews.com\/index.php\/2025\/01\/16\/internacional-e-sport-negociam-troca-de-jogadores\/","og_site_name":"G\u00e1vea News","article_publisher":"https:\/\/facebook.com\/gaveaNews\/","article_published_time":"2025-01-16T05:20:00+00:00","og_image":[{"width":1728,"height":1080,"url":"https:\/\/www.gaveanews.com\/wp-content\/uploads\/Escudo-do-Internacional.webp","type":"image\/webp"}],"author":"D\u00e9bora Figueiredo","twitter_card":"summary_large_image","twitter_misc":{"Escrito por":"D\u00e9bora Figueiredo","Est. tempo de leitura":"3 minutos"},"schema":{"@context":"https:\/\/schema.org","@graph":[{"@type":"NewsArticle","@id":"https:\/\/www.gaveanews.com\/index.php\/2025\/01\/16\/internacional-e-sport-negociam-troca-de-jogadores\/#article","isPartOf":{"@id":"https:\/\/www.gaveanews.com\/index.php\/2025\/01\/16\/internacional-e-sport-negociam-troca-de-jogadores\/"},"author":{"name":"D\u00e9bora Figueiredo","@id":"https:\/\/www.gaveanews.com\/#\/schema\/person\/37122681a8575a5c8db05a56f099a5e4"},"headline":"Internacional e Sport negociam troca de jogadores","datePublished":"2025-01-16T05:20:00+00:00","mainEntityOfPage":{"@id":"https:\/\/www.gaveanews.com\/index.php\/2025\/01\/16\/internacional-e-sport-negociam-troca-de-jogadores\/"},"wordCount":363,"commentCount":0,"image":{"@id":"https:\/\/www.gaveanews.com\/index.php\/2025\/01\/16\/internacional-e-sport-negociam-troca-de-jogadores\/#primaryimage"},"thumbnailUrl":"https:\/\/www.gaveanews.com\/wp-content\/uploads\/Escudo-do-Internacional.webp","articleSection":["Internacional","Sport"],"inLanguage":"pt-BR","potentialAction":[{"@type":"CommentAction","name":"Comment","target":["https:\/\/www.gaveanews.com\/index.php\/2025\/01\/16\/internacional-e-sport-negociam-troca-de-jogadores\/#respond"]}],"copyrightYear":"2025","copyrightHolder":{"@id":"https:\/\/www.gaveanews.com\/#organization"}},{"@type":"WebPage","@id":"https:\/\/www.gaveanews.com\/index.php\/2025\/01\/16\/internacional-e-sport-negociam-troca-de-jogadores\/","url":"https:\/\/www.gaveanews.com\/index.php\/2025\/01\/16\/internacional-e-sport-negociam-troca-de-jogadores\/","name":"Internacional e Sport negociam troca de jogadores","isPartOf":{"@id":"https:\/\/www.gaveanews.com\/#website"},"primaryImageOfPage":{"@id":"https:\/\/www.gaveanews.com\/index.php\/2025\/01\/16\/internacional-e-sport-negociam-troca-de-jogadores\/#primaryimage"},"image":{"@id":"https:\/\/www.gaveanews.com\/index.php\/2025\/01\/16\/internacional-e-sport-negociam-troca-de-jogadores\/#primaryimage"},"thumbnailUrl":"https:\/\/www.gaveanews.com\/wp-content\/uploads\/Escudo-do-Internacional.webp","datePublished":"2025-01-16T05:20:00+00:00","author":{"@id":"https:\/\/www.gaveanews.com\/#\/schema\/person\/37122681a8575a5c8db05a56f099a5e4"},"breadcrumb":{"@id":"https:\/\/www.gaveanews.com\/index.php\/2025\/01\/16\/internacional-e-sport-negociam-troca-de-jogadores\/#breadcrumb"},"inLanguage":"pt-BR","potentialAction":[{"@type":"ReadAction","target":["https:\/\/www.gaveanews.com\/index.php\/2025\/01\/16\/internacional-e-sport-negociam-troca-de-jogadores\/"]}]},{"@type":"ImageObject","inLanguage":"pt-BR","@id":"https:\/\/www.gaveanews.com\/index.php\/2025\/01\/16\/internacional-e-sport-negociam-troca-de-jogadores\/#primaryimage","url":"https:\/\/www.gaveanews.com\/wp-content\/uploads\/Escudo-do-Internacional.webp","contentUrl":"https:\/\/www.gaveanews.com\/wp-content\/uploads\/Escudo-do-Internacional.webp","width":1728,"height":1080,"caption":"Escudo do Internacional (Foto: Reprodu\u00e7\u00e3o)"},{"@type":"BreadcrumbList","@id":"https:\/\/www.gaveanews.com\/index.php\/2025\/01\/16\/internacional-e-sport-negociam-troca-de-jogadores\/#breadcrumb","itemListElement":[{"@type":"ListItem","position":1,"name":"Home","item":"https:\/\/www.gaveanews.com\/"},{"@type":"ListItem","position":2,"name":"Internacional e Sport negociam troca de jogadores"}]},{"@type":"WebSite","@id":"https:\/\/www.gaveanews.com\/#website","url":"https:\/\/www.gaveanews.com\/","name":"G\u00e1vea News","description":"Veja todas as not\u00edcias sobre o Flamengo: Contrata\u00e7\u00f5es, categorias de base, resultados das partidas, tabela de classifica\u00e7\u00e3o, pr\u00f3ximos jogos!","potentialAction":[{"@type":"SearchAction","target":{"@type":"EntryPoint","urlTemplate":"https:\/\/www.gaveanews.com\/?s={search_term_string}"},"query-input":{"@type":"PropertyValueSpecification","valueRequired":true,"valueName":"search_term_string"}}],"inLanguage":"pt-BR"},{"@type":"Person","@id":"https:\/\/www.gaveanews.com\/#\/schema\/person\/37122681a8575a5c8db05a56f099a5e4","name":"D\u00e9bora Figueiredo","image":{"@type":"ImageObject","inLanguage":"pt-BR","@id":"https:\/\/www.gaveanews.com\/#\/schema\/person\/image\/","url":"https:\/\/secure.gravatar.com\/avatar\/1f44802859351588499d26f52aed1d15796ce17e67602895b72837c08018868d?s=96&d=mm&r=g","contentUrl":"https:\/\/secure.gravatar.com\/avatar\/1f44802859351588499d26f52aed1d15796ce17e67602895b72837c08018868d?s=96&d=mm&r=g","caption":"D\u00e9bora Figueiredo"}}]}},"_links":{"self":[{"href":"https:\/\/www.gaveanews.com\/index.php\/wp-json\/wp\/v2\/posts\/213122","targetHints":{"allow":["GET"]}}],"collection":[{"href":"https:\/\/www.gaveanews.com\/index.php\/wp-json\/wp\/v2\/posts"}],"about":[{"href":"https:\/\/www.gaveanews.com\/index.php\/wp-json\/wp\/v2\/types\/post"}],"author":[{"embeddable":true,"href":"https:\/\/www.gaveanews.com\/index.php\/wp-json\/wp\/v2\/users\/16"}],"replies":[{"embeddable":true,"href":"https:\/\/www.gaveanews.com\/index.php\/wp-json\/wp\/v2\/comments?post=213122"}],"version-history":[{"count":2,"href":"https:\/\/www.gaveanews.com\/index.php\/wp-json\/wp\/v2\/posts\/213122\/revisions"}],"predecessor-version":[{"id":213242,"href":"https:\/\/www.gaveanews.com\/index.php\/wp-json\/wp\/v2\/posts\/213122\/revisions\/213242"}],"wp:featuredmedia":[{"embeddable":true,"href":"https:\/\/www.gaveanews.com\/index.php\/wp-json\/wp\/v2\/media\/173600"}],"wp:attachment":[{"href":"https:\/\/www.gaveanews.com\/index.php\/wp-json\/wp\/v2\/media?parent=213122"}],"wp:term":[{"taxonomy":"category","embeddable":true,"href":"https:\/\/www.gaveanews.com\/index.php\/wp-json\/wp\/v2\/categories?post=213122"},{"taxonomy":"post_tag","embeddable":true,"href":"https:\/\/www.gaveanews.com\/index.php\/wp-json\/wp\/v2\/tags?post=213122"}],"curies":[{"name":"wp","href":"https:\/\/api.w.org\/{rel}","templated":true}]}}