{"id":213200,"date":"2025-01-16T09:50:00","date_gmt":"2025-01-16T12:50:00","guid":{"rendered":"https:\/\/www.gaveanews.com\/?p=213200"},"modified":"2025-01-15T23:40:24","modified_gmt":"2025-01-16T02:40:24","slug":"vasco-tche-tche-aponta-qual-posicao-prefere-jogar","status":"publish","type":"post","link":"https:\/\/www.gaveanews.com\/index.php\/2025\/01\/16\/vasco-tche-tche-aponta-qual-posicao-prefere-jogar\/","title":{"rendered":"Vasco: Tch\u00ea Tch\u00ea aponta qual posi\u00e7\u00e3o prefere jogar"},"content":{"rendered":"\n<p>O Vasco apresentou o volante Tch\u00ea Tch\u00ea, que vestir\u00e1 a camisa 3 no novo clube. O jogador falou \u00e0 imprensa ap\u00f3s o treino da tarde da \u00faltima ter\u00e7a-feira (14). Aos 32 anos, ele chega ao Cruz-Maltino com um contrato v\u00e1lido por uma temporada e participou da reapresenta\u00e7\u00e3o do elenco na segunda-feira (6).<\/p>\n\n\n\n<ul class=\"wp-block-list\">\n<li><a href=\"https:\/\/www.gaveanews.com\/index.php\/2025\/01\/10\/edmundo-avalia-contratacoes-do-vasco\/\">Edmundo avalia contrata\u00e7\u00f5es do Vasco<\/a><\/li>\n\n\n\n<li><a href=\"https:\/\/www.gaveanews.com\/index.php\/2025\/01\/09\/edmundo-faz-previsao-sobre-o-vasco-no-brasileirao-2025\/\">Edmundo faz previs\u00e3o sobre o Vasco no Brasileir\u00e3o 2025<\/a><\/li>\n<\/ul>\n\n\n\n<p>O meio-campista estava livre no mercado ap\u00f3s n\u00e3o renovar com o Botafogo, equipe onde atuou de 2022 a 2024 e conquistou os t\u00edtulos do Campeonato Brasileiro e da Libertadores no \u00faltimo ano.<\/p>\n\n\n\n<p>Com um curr\u00edculo repleto de conquistas, Tch\u00ea Tch\u00ea traz ao Vasco uma vasta experi\u00eancia. Em sua trajet\u00f3ria, acumulou quatro t\u00edtulos do Brasileir\u00e3o (2016, 2018, 2021 e 2024), al\u00e9m de trof\u00e9us como a Copa do Brasil (2021), a Supercopa do Brasil (2022) e a Libertadores (2024). O atleta ainda tem passagens vitoriosas por clubes como Palmeiras, S\u00e3o Paulo e Atl\u00e9tico-MG, al\u00e9m de t\u00edtulos estaduais conquistados nesses times.<\/p>\n\n\n\n<h2 class=\"wp-block-heading\" id=\"h-preferencia-por-atuar-no-meio-campo\">Prefer\u00eancia por atuar no meio-campo<\/h2>\n\n\n\n<p>Durante sua apresenta\u00e7\u00e3o, Tch\u00ea Tch\u00ea deixou claro qual \u00e9 a sua posi\u00e7\u00e3o favorita dentro de campo. Embora seja conhecido por sua versatilidade, o jogador destacou que se enxerga como meio-campista e que essa \u00e9 a fun\u00e7\u00e3o em que prefere atuar.<\/p>\n\n\n\n<p>\u201cSempre fui meio-campista. \u00c9 assim que me vejo. Independente de qual for a fun\u00e7\u00e3o exercida, eu sou meio-campista. Claro que atuei em outras faixas do campo, mas \u00e9 minha prefer\u00eancia jogar na faixa central\u201d, disse Tch\u00ea Tch\u00ea.<\/p>\n\n\n\n<figure class=\"wp-block-embed is-type-photo is-provider-flickr wp-block-embed-flickr\"><div class=\"wp-block-embed__wrapper\">\n<a href=\"https:\/\/www.flickr.com\/photos\/201155970@N03\/54269057439\/in\/dateposted-public\/\"><img loading=\"lazy\" decoding=\"async\" src=\"https:\/\/live.staticflickr.com\/65535\/54269057439_a898eec1f2_z.webp\" alt=\"imagem_2025-01-15_220755744\" width=\"640\" height=\"400\" \/><\/a>\n<\/div><\/figure>\n\n\n\n<p>No elenco do Vasco, o jogador chega para refor\u00e7ar o setor de meio-campo, que j\u00e1 conta com nomes como Hugo Moura, Mateus Carvalho, Paulinho, Jair, Sforza, Souza, Coutinho, Payet, Estrella, JP e Alex Teixeira. Com sua experi\u00eancia, a expectativa \u00e9 de que ele contribua tanto na marca\u00e7\u00e3o quanto na transi\u00e7\u00e3o ofensiva.<\/p>\n\n\n\n<h2 class=\"wp-block-heading\" id=\"h-realizacao-de-um-sonho-de-infancia\">Realiza\u00e7\u00e3o de um sonho de inf\u00e2ncia<\/h2>\n\n\n\n<p>Tch\u00ea Tch\u00ea tamb\u00e9m comentou sobre a alegria de vestir a camisa do Vasco, afirmando que isso representa a realiza\u00e7\u00e3o de um sonho que tinha desde a inf\u00e2ncia. Ele revelou sua satisfa\u00e7\u00e3o em fazer parte de um clube de grande express\u00e3o no futebol brasileiro e prometeu empenho em sua nova etapa profissional.<\/p>\n\n\n\n<p>\u201cVestir a camisa do Vasco \u00e9 uma enorme alegria. Quando eu era pequeno, eu sonhava vestir camisas de grandes clubes. Estou muito feliz, vestir a camisa do Vasco \u00e9 uma oportunidade gigantesca. Eu espero agarr\u00e1-la e demonstrar o que eu demonstrei durante os outros anos\u201d, finalizou.<\/p>\n\n\n\n<p>O jogador chega ao Cruz-Maltino com a miss\u00e3o de trazer sua experi\u00eancia para agregar ao meio-campo, posi\u00e7\u00e3o que \u00e9 considerada fundamental para o planejamento do time na pr\u00f3xima temporada.<\/p>\n","protected":false},"excerpt":{"rendered":"<p>O Vasco apresentou o volante Tch\u00ea Tch\u00ea, que vestir\u00e1 a camisa 3 no novo clube. O jogador falou \u00e0 imprensa ap\u00f3s o treino da tarde da \u00faltima ter\u00e7a-feira (14). Aos 32 anos, ele chega ao Cruz-Maltino com um contrato v\u00e1lido por uma temporada e participou da reapresenta\u00e7\u00e3o do elenco na segunda-feira (6). O meio-campista estava [&hellip;]<\/p>\n","protected":false},"author":15,"featured_media":161261,"comment_status":"open","ping_status":"closed","sticky":false,"template":"","format":"standard","meta":{"footnotes":""},"categories":[152],"tags":[],"class_list":["post-213200","post","type-post","status-publish","format-standard","has-post-thumbnail","hentry","category-vasco"],"yoast_head":"<!-- This site is optimized with the Yoast SEO Premium plugin v24.2 (Yoast SEO v26.9) - https:\/\/yoast.com\/product\/yoast-seo-premium-wordpress\/ -->\n<title>Vasco: Tch\u00ea Tch\u00ea aponta qual posi\u00e7\u00e3o prefere jogar<\/title>\n<meta name=\"robots\" content=\"index, follow, max-snippet:-1, max-image-preview:large, max-video-preview:-1\" \/>\n<link rel=\"canonical\" href=\"https:\/\/www.gaveanews.com\/index.php\/2025\/01\/16\/vasco-tche-tche-aponta-qual-posicao-prefere-jogar\/\" \/>\n<meta property=\"og:locale\" content=\"pt_BR\" \/>\n<meta property=\"og:type\" content=\"article\" \/>\n<meta property=\"og:title\" content=\"Vasco: Tch\u00ea Tch\u00ea aponta qual posi\u00e7\u00e3o prefere jogar\" \/>\n<meta property=\"og:description\" content=\"O Vasco apresentou o volante Tch\u00ea Tch\u00ea, que vestir\u00e1 a camisa 3 no novo clube. O jogador falou \u00e0 imprensa ap\u00f3s o treino da tarde da \u00faltima ter\u00e7a-feira (14). Aos 32 anos, ele chega ao Cruz-Maltino com um contrato v\u00e1lido por uma temporada e participou da reapresenta\u00e7\u00e3o do elenco na segunda-feira (6). O meio-campista estava [&hellip;]\" \/>\n<meta property=\"og:url\" content=\"https:\/\/www.gaveanews.com\/index.php\/2025\/01\/16\/vasco-tche-tche-aponta-qual-posicao-prefere-jogar\/\" \/>\n<meta property=\"og:site_name\" content=\"G\u00e1vea News\" \/>\n<meta property=\"article:publisher\" content=\"https:\/\/facebook.com\/gaveaNews\/\" \/>\n<meta property=\"article:published_time\" content=\"2025-01-16T12:50:00+00:00\" \/>\n<meta property=\"og:image\" content=\"http:\/\/www.gaveanews.com\/wp-content\/uploads\/Camisa-do-Vasco-2024.webp\" \/>\n\t<meta property=\"og:image:width\" content=\"1059\" \/>\n\t<meta property=\"og:image:height\" content=\"794\" \/>\n\t<meta property=\"og:image:type\" content=\"image\/webp\" \/>\n<meta name=\"author\" content=\"Henrique Machado\" \/>\n<meta name=\"twitter:card\" content=\"summary_large_image\" \/>\n<meta name=\"twitter:label1\" content=\"Escrito por\" \/>\n\t<meta name=\"twitter:data1\" content=\"Henrique Machado\" \/>\n\t<meta name=\"twitter:label2\" content=\"Est. tempo de leitura\" \/>\n\t<meta name=\"twitter:data2\" content=\"3 minutos\" \/>\n<script type=\"application\/ld+json\" class=\"yoast-schema-graph\">{\"@context\":\"https:\/\/schema.org\",\"@graph\":[{\"@type\":\"NewsArticle\",\"@id\":\"https:\/\/www.gaveanews.com\/index.php\/2025\/01\/16\/vasco-tche-tche-aponta-qual-posicao-prefere-jogar\/#article\",\"isPartOf\":{\"@id\":\"https:\/\/www.gaveanews.com\/index.php\/2025\/01\/16\/vasco-tche-tche-aponta-qual-posicao-prefere-jogar\/\"},\"author\":{\"name\":\"Henrique Machado\",\"@id\":\"https:\/\/www.gaveanews.com\/#\/schema\/person\/fd07635ec039ec3ba74ad18ec8a6dbd6\"},\"headline\":\"Vasco: Tch\u00ea Tch\u00ea aponta qual posi\u00e7\u00e3o prefere jogar\",\"datePublished\":\"2025-01-16T12:50:00+00:00\",\"mainEntityOfPage\":{\"@id\":\"https:\/\/www.gaveanews.com\/index.php\/2025\/01\/16\/vasco-tche-tche-aponta-qual-posicao-prefere-jogar\/\"},\"wordCount\":466,\"commentCount\":0,\"image\":{\"@id\":\"https:\/\/www.gaveanews.com\/index.php\/2025\/01\/16\/vasco-tche-tche-aponta-qual-posicao-prefere-jogar\/#primaryimage\"},\"thumbnailUrl\":\"https:\/\/www.gaveanews.com\/wp-content\/uploads\/Camisa-do-Vasco-2024.webp\",\"articleSection\":[\"Vasco\"],\"inLanguage\":\"pt-BR\",\"potentialAction\":[{\"@type\":\"CommentAction\",\"name\":\"Comment\",\"target\":[\"https:\/\/www.gaveanews.com\/index.php\/2025\/01\/16\/vasco-tche-tche-aponta-qual-posicao-prefere-jogar\/#respond\"]}],\"copyrightYear\":\"2025\",\"copyrightHolder\":{\"@id\":\"https:\/\/www.gaveanews.com\/#organization\"}},{\"@type\":\"WebPage\",\"@id\":\"https:\/\/www.gaveanews.com\/index.php\/2025\/01\/16\/vasco-tche-tche-aponta-qual-posicao-prefere-jogar\/\",\"url\":\"https:\/\/www.gaveanews.com\/index.php\/2025\/01\/16\/vasco-tche-tche-aponta-qual-posicao-prefere-jogar\/\",\"name\":\"Vasco: Tch\u00ea Tch\u00ea aponta qual posi\u00e7\u00e3o prefere jogar\",\"isPartOf\":{\"@id\":\"https:\/\/www.gaveanews.com\/#website\"},\"primaryImageOfPage\":{\"@id\":\"https:\/\/www.gaveanews.com\/index.php\/2025\/01\/16\/vasco-tche-tche-aponta-qual-posicao-prefere-jogar\/#primaryimage\"},\"image\":{\"@id\":\"https:\/\/www.gaveanews.com\/index.php\/2025\/01\/16\/vasco-tche-tche-aponta-qual-posicao-prefere-jogar\/#primaryimage\"},\"thumbnailUrl\":\"https:\/\/www.gaveanews.com\/wp-content\/uploads\/Camisa-do-Vasco-2024.webp\",\"datePublished\":\"2025-01-16T12:50:00+00:00\",\"author\":{\"@id\":\"https:\/\/www.gaveanews.com\/#\/schema\/person\/fd07635ec039ec3ba74ad18ec8a6dbd6\"},\"breadcrumb\":{\"@id\":\"https:\/\/www.gaveanews.com\/index.php\/2025\/01\/16\/vasco-tche-tche-aponta-qual-posicao-prefere-jogar\/#breadcrumb\"},\"inLanguage\":\"pt-BR\",\"potentialAction\":[{\"@type\":\"ReadAction\",\"target\":[\"https:\/\/www.gaveanews.com\/index.php\/2025\/01\/16\/vasco-tche-tche-aponta-qual-posicao-prefere-jogar\/\"]}]},{\"@type\":\"ImageObject\",\"inLanguage\":\"pt-BR\",\"@id\":\"https:\/\/www.gaveanews.com\/index.php\/2025\/01\/16\/vasco-tche-tche-aponta-qual-posicao-prefere-jogar\/#primaryimage\",\"url\":\"https:\/\/www.gaveanews.com\/wp-content\/uploads\/Camisa-do-Vasco-2024.webp\",\"contentUrl\":\"https:\/\/www.gaveanews.com\/wp-content\/uploads\/Camisa-do-Vasco-2024.webp\",\"width\":1059,\"height\":794,\"caption\":\"Camisa do Vasco 2024 (Foto: Reprodu\u00e7\u00e3o\/Instagram)\"},{\"@type\":\"BreadcrumbList\",\"@id\":\"https:\/\/www.gaveanews.com\/index.php\/2025\/01\/16\/vasco-tche-tche-aponta-qual-posicao-prefere-jogar\/#breadcrumb\",\"itemListElement\":[{\"@type\":\"ListItem\",\"position\":1,\"name\":\"Home\",\"item\":\"https:\/\/www.gaveanews.com\/\"},{\"@type\":\"ListItem\",\"position\":2,\"name\":\"Vasco: Tch\u00ea Tch\u00ea aponta qual posi\u00e7\u00e3o prefere jogar\"}]},{\"@type\":\"WebSite\",\"@id\":\"https:\/\/www.gaveanews.com\/#website\",\"url\":\"https:\/\/www.gaveanews.com\/\",\"name\":\"G\u00e1vea News\",\"description\":\"Veja todas as not\u00edcias sobre o Flamengo: Contrata\u00e7\u00f5es, categorias de base, resultados das partidas, tabela de classifica\u00e7\u00e3o, pr\u00f3ximos jogos!\",\"potentialAction\":[{\"@type\":\"SearchAction\",\"target\":{\"@type\":\"EntryPoint\",\"urlTemplate\":\"https:\/\/www.gaveanews.com\/?s={search_term_string}\"},\"query-input\":{\"@type\":\"PropertyValueSpecification\",\"valueRequired\":true,\"valueName\":\"search_term_string\"}}],\"inLanguage\":\"pt-BR\"},{\"@type\":\"Person\",\"@id\":\"https:\/\/www.gaveanews.com\/#\/schema\/person\/fd07635ec039ec3ba74ad18ec8a6dbd6\",\"name\":\"Henrique Machado\",\"image\":{\"@type\":\"ImageObject\",\"inLanguage\":\"pt-BR\",\"@id\":\"https:\/\/www.gaveanews.com\/#\/schema\/person\/image\/\",\"url\":\"https:\/\/secure.gravatar.com\/avatar\/b95e35997e01d9800c1b6184bd79d4d898d370a3fce2584f5c77b907d5c7d9e9?s=96&d=mm&r=g\",\"contentUrl\":\"https:\/\/secure.gravatar.com\/avatar\/b95e35997e01d9800c1b6184bd79d4d898d370a3fce2584f5c77b907d5c7d9e9?s=96&d=mm&r=g\",\"caption\":\"Henrique Machado\"}}]}<\/script>\n<!-- \/ Yoast SEO Premium plugin. -->","yoast_head_json":{"title":"Vasco: Tch\u00ea Tch\u00ea aponta qual posi\u00e7\u00e3o prefere jogar","robots":{"index":"index","follow":"follow","max-snippet":"max-snippet:-1","max-image-preview":"max-image-preview:large","max-video-preview":"max-video-preview:-1"},"canonical":"https:\/\/www.gaveanews.com\/index.php\/2025\/01\/16\/vasco-tche-tche-aponta-qual-posicao-prefere-jogar\/","og_locale":"pt_BR","og_type":"article","og_title":"Vasco: Tch\u00ea Tch\u00ea aponta qual posi\u00e7\u00e3o prefere jogar","og_description":"O Vasco apresentou o volante Tch\u00ea Tch\u00ea, que vestir\u00e1 a camisa 3 no novo clube. O jogador falou \u00e0 imprensa ap\u00f3s o treino da tarde da \u00faltima ter\u00e7a-feira (14). Aos 32 anos, ele chega ao Cruz-Maltino com um contrato v\u00e1lido por uma temporada e participou da reapresenta\u00e7\u00e3o do elenco na segunda-feira (6). O meio-campista estava [&hellip;]","og_url":"https:\/\/www.gaveanews.com\/index.php\/2025\/01\/16\/vasco-tche-tche-aponta-qual-posicao-prefere-jogar\/","og_site_name":"G\u00e1vea News","article_publisher":"https:\/\/facebook.com\/gaveaNews\/","article_published_time":"2025-01-16T12:50:00+00:00","og_image":[{"width":1059,"height":794,"url":"http:\/\/www.gaveanews.com\/wp-content\/uploads\/Camisa-do-Vasco-2024.webp","type":"image\/webp"}],"author":"Henrique Machado","twitter_card":"summary_large_image","twitter_misc":{"Escrito por":"Henrique Machado","Est. tempo de leitura":"3 minutos"},"schema":{"@context":"https:\/\/schema.org","@graph":[{"@type":"NewsArticle","@id":"https:\/\/www.gaveanews.com\/index.php\/2025\/01\/16\/vasco-tche-tche-aponta-qual-posicao-prefere-jogar\/#article","isPartOf":{"@id":"https:\/\/www.gaveanews.com\/index.php\/2025\/01\/16\/vasco-tche-tche-aponta-qual-posicao-prefere-jogar\/"},"author":{"name":"Henrique Machado","@id":"https:\/\/www.gaveanews.com\/#\/schema\/person\/fd07635ec039ec3ba74ad18ec8a6dbd6"},"headline":"Vasco: Tch\u00ea Tch\u00ea aponta qual posi\u00e7\u00e3o prefere jogar","datePublished":"2025-01-16T12:50:00+00:00","mainEntityOfPage":{"@id":"https:\/\/www.gaveanews.com\/index.php\/2025\/01\/16\/vasco-tche-tche-aponta-qual-posicao-prefere-jogar\/"},"wordCount":466,"commentCount":0,"image":{"@id":"https:\/\/www.gaveanews.com\/index.php\/2025\/01\/16\/vasco-tche-tche-aponta-qual-posicao-prefere-jogar\/#primaryimage"},"thumbnailUrl":"https:\/\/www.gaveanews.com\/wp-content\/uploads\/Camisa-do-Vasco-2024.webp","articleSection":["Vasco"],"inLanguage":"pt-BR","potentialAction":[{"@type":"CommentAction","name":"Comment","target":["https:\/\/www.gaveanews.com\/index.php\/2025\/01\/16\/vasco-tche-tche-aponta-qual-posicao-prefere-jogar\/#respond"]}],"copyrightYear":"2025","copyrightHolder":{"@id":"https:\/\/www.gaveanews.com\/#organization"}},{"@type":"WebPage","@id":"https:\/\/www.gaveanews.com\/index.php\/2025\/01\/16\/vasco-tche-tche-aponta-qual-posicao-prefere-jogar\/","url":"https:\/\/www.gaveanews.com\/index.php\/2025\/01\/16\/vasco-tche-tche-aponta-qual-posicao-prefere-jogar\/","name":"Vasco: Tch\u00ea Tch\u00ea aponta qual posi\u00e7\u00e3o prefere jogar","isPartOf":{"@id":"https:\/\/www.gaveanews.com\/#website"},"primaryImageOfPage":{"@id":"https:\/\/www.gaveanews.com\/index.php\/2025\/01\/16\/vasco-tche-tche-aponta-qual-posicao-prefere-jogar\/#primaryimage"},"image":{"@id":"https:\/\/www.gaveanews.com\/index.php\/2025\/01\/16\/vasco-tche-tche-aponta-qual-posicao-prefere-jogar\/#primaryimage"},"thumbnailUrl":"https:\/\/www.gaveanews.com\/wp-content\/uploads\/Camisa-do-Vasco-2024.webp","datePublished":"2025-01-16T12:50:00+00:00","author":{"@id":"https:\/\/www.gaveanews.com\/#\/schema\/person\/fd07635ec039ec3ba74ad18ec8a6dbd6"},"breadcrumb":{"@id":"https:\/\/www.gaveanews.com\/index.php\/2025\/01\/16\/vasco-tche-tche-aponta-qual-posicao-prefere-jogar\/#breadcrumb"},"inLanguage":"pt-BR","potentialAction":[{"@type":"ReadAction","target":["https:\/\/www.gaveanews.com\/index.php\/2025\/01\/16\/vasco-tche-tche-aponta-qual-posicao-prefere-jogar\/"]}]},{"@type":"ImageObject","inLanguage":"pt-BR","@id":"https:\/\/www.gaveanews.com\/index.php\/2025\/01\/16\/vasco-tche-tche-aponta-qual-posicao-prefere-jogar\/#primaryimage","url":"https:\/\/www.gaveanews.com\/wp-content\/uploads\/Camisa-do-Vasco-2024.webp","contentUrl":"https:\/\/www.gaveanews.com\/wp-content\/uploads\/Camisa-do-Vasco-2024.webp","width":1059,"height":794,"caption":"Camisa do Vasco 2024 (Foto: Reprodu\u00e7\u00e3o\/Instagram)"},{"@type":"BreadcrumbList","@id":"https:\/\/www.gaveanews.com\/index.php\/2025\/01\/16\/vasco-tche-tche-aponta-qual-posicao-prefere-jogar\/#breadcrumb","itemListElement":[{"@type":"ListItem","position":1,"name":"Home","item":"https:\/\/www.gaveanews.com\/"},{"@type":"ListItem","position":2,"name":"Vasco: Tch\u00ea Tch\u00ea aponta qual posi\u00e7\u00e3o prefere jogar"}]},{"@type":"WebSite","@id":"https:\/\/www.gaveanews.com\/#website","url":"https:\/\/www.gaveanews.com\/","name":"G\u00e1vea News","description":"Veja todas as not\u00edcias sobre o Flamengo: Contrata\u00e7\u00f5es, categorias de base, resultados das partidas, tabela de classifica\u00e7\u00e3o, pr\u00f3ximos jogos!","potentialAction":[{"@type":"SearchAction","target":{"@type":"EntryPoint","urlTemplate":"https:\/\/www.gaveanews.com\/?s={search_term_string}"},"query-input":{"@type":"PropertyValueSpecification","valueRequired":true,"valueName":"search_term_string"}}],"inLanguage":"pt-BR"},{"@type":"Person","@id":"https:\/\/www.gaveanews.com\/#\/schema\/person\/fd07635ec039ec3ba74ad18ec8a6dbd6","name":"Henrique Machado","image":{"@type":"ImageObject","inLanguage":"pt-BR","@id":"https:\/\/www.gaveanews.com\/#\/schema\/person\/image\/","url":"https:\/\/secure.gravatar.com\/avatar\/b95e35997e01d9800c1b6184bd79d4d898d370a3fce2584f5c77b907d5c7d9e9?s=96&d=mm&r=g","contentUrl":"https:\/\/secure.gravatar.com\/avatar\/b95e35997e01d9800c1b6184bd79d4d898d370a3fce2584f5c77b907d5c7d9e9?s=96&d=mm&r=g","caption":"Henrique Machado"}}]}},"_links":{"self":[{"href":"https:\/\/www.gaveanews.com\/index.php\/wp-json\/wp\/v2\/posts\/213200","targetHints":{"allow":["GET"]}}],"collection":[{"href":"https:\/\/www.gaveanews.com\/index.php\/wp-json\/wp\/v2\/posts"}],"about":[{"href":"https:\/\/www.gaveanews.com\/index.php\/wp-json\/wp\/v2\/types\/post"}],"author":[{"embeddable":true,"href":"https:\/\/www.gaveanews.com\/index.php\/wp-json\/wp\/v2\/users\/15"}],"replies":[{"embeddable":true,"href":"https:\/\/www.gaveanews.com\/index.php\/wp-json\/wp\/v2\/comments?post=213200"}],"version-history":[{"count":2,"href":"https:\/\/www.gaveanews.com\/index.php\/wp-json\/wp\/v2\/posts\/213200\/revisions"}],"predecessor-version":[{"id":213214,"href":"https:\/\/www.gaveanews.com\/index.php\/wp-json\/wp\/v2\/posts\/213200\/revisions\/213214"}],"wp:featuredmedia":[{"embeddable":true,"href":"https:\/\/www.gaveanews.com\/index.php\/wp-json\/wp\/v2\/media\/161261"}],"wp:attachment":[{"href":"https:\/\/www.gaveanews.com\/index.php\/wp-json\/wp\/v2\/media?parent=213200"}],"wp:term":[{"taxonomy":"category","embeddable":true,"href":"https:\/\/www.gaveanews.com\/index.php\/wp-json\/wp\/v2\/categories?post=213200"},{"taxonomy":"post_tag","embeddable":true,"href":"https:\/\/www.gaveanews.com\/index.php\/wp-json\/wp\/v2\/tags?post=213200"}],"curies":[{"name":"wp","href":"https:\/\/api.w.org\/{rel}","templated":true}]}}