{"id":213201,"date":"2025-01-16T09:55:00","date_gmt":"2025-01-16T12:55:00","guid":{"rendered":"https:\/\/www.gaveanews.com\/?p=213201"},"modified":"2025-01-15T23:40:57","modified_gmt":"2025-01-16T02:40:57","slug":"botafogo-x-portuguesa-a-declaracao-de-carlos-leiria-sobre-o-jogo","status":"publish","type":"post","link":"https:\/\/www.gaveanews.com\/index.php\/2025\/01\/16\/botafogo-x-portuguesa-a-declaracao-de-carlos-leiria-sobre-o-jogo\/","title":{"rendered":"Botafogo x Portuguesa: a declara\u00e7\u00e3o de Carlos Leiria sobre o jogo"},"content":{"rendered":"\n<p>O Botafogo alcan\u00e7ou sua primeira vit\u00f3ria no Campeonato Carioca ao vencer a Portuguesa-RJ por 2 a 0, na ter\u00e7a-feira (14 de janeiro), no Est\u00e1dio Nilton Santos. A partida foi v\u00e1lida pela segunda rodada da competi\u00e7\u00e3o e contou com um time alternativo sob o comando de Carlos Leiria.<\/p>\n\n\n\n<ul class=\"wp-block-list\">\n<li><a href=\"https:\/\/www.gaveanews.com\/index.php\/2025\/01\/14\/a-declaracao-de-marcal-direcionada-ao-botafogo\/\">A declara\u00e7\u00e3o de Mar\u00e7al direcionada ao Botafogo<\/a><\/li>\n\n\n\n<li><a href=\"https:\/\/www.gaveanews.com\/index.php\/2025\/01\/14\/agora-junior-santos-esta-de-saida-do-botafogo\/\">AGORA: J\u00fanior Santos est\u00e1 de sa\u00edda do Botafogo<\/a><\/li>\n<\/ul>\n\n\n\n<p>Com gols de Kau\u00ea e Kayke, o Glorioso dominou boa parte do confronto e se destacou pela postura ofensiva. O primeiro gol veio ap\u00f3s uma bela jogada de Matheus Nascimento, que deu a assist\u00eancia para Kau\u00ea finalizar com precis\u00e3o. J\u00e1 o segundo gol foi marcado por Kayke e teve sua validade confirmada pelo VAR. A equipe ainda teve outros dois gols anulados por impedimento.<\/p>\n\n\n\n<h2 class=\"wp-block-heading\" id=\"h-declaracao-de-carlos-leiria-sobre-a-partida\">Declara\u00e7\u00e3o de Carlos Leiria sobre a partida<\/h2>\n\n\n\n<p>Ap\u00f3s o jogo, Carlos Leiria, t\u00e9cnico da equipe alternativa do Botafogo, valorizou a atua\u00e7\u00e3o do grupo. Ele destacou a evolu\u00e7\u00e3o do time em rela\u00e7\u00e3o \u00e0 estreia e elogiou a postura competitiva apresentada no confronto contra a Portuguesa-RJ.<\/p>\n\n\n\n<p>&#8220;De fato foi uma vit\u00f3ria muito importante. Quero destacar e valorizar justamente o que a nossa equipe fez de positivo. Foi uma equipe agressiva, buscou o ataque a todo momento&#8221;, afirmou.<\/p>\n\n\n\n<p>Leiria ressaltou ainda a capacidade da equipe de se adaptar \u00e0s caracter\u00edsticas do campeonato e o comprometimento em seguir o plano de jogo.<\/p>\n\n\n\n<p>&#8220;Passada a estreia, isso nos favoreceu nesse jogo, porque de fato conseguimos mostrar uma equipe com desenvoltura e capacidade de adapta\u00e7\u00e3o ao perfil da competi\u00e7\u00e3o, ao perfil do jogo. Foi importante seguir o plano de jogo. \u00c9 parabenizar a equipe pela atitude, pela vit\u00f3ria e pela parte competitiva. Estou bem contente com o resultado&#8221;, finalizou.<\/p>\n\n\n\n<h2 class=\"wp-block-heading\" id=\"h-proximo-desafio-no-campeonato-carioca\">Pr\u00f3ximo desafio no Campeonato Carioca<\/h2>\n\n\n\n<p>Com o resultado, o Botafogo assumiu momentaneamente a vice-lideran\u00e7a da competi\u00e7\u00e3o, com tr\u00eas pontos. O pr\u00f3ximo compromisso do time ser\u00e1 no s\u00e1bado (18), \u00e0s 16h30 (hor\u00e1rio de Bras\u00edlia), contra o Sampaio Corr\u00eaa, em Saquarema. A equipe seguir\u00e1 utilizando a forma\u00e7\u00e3o alternativa, que busca manter o bom desempenho mostrado na \u00faltima partida.<\/p>\n","protected":false},"excerpt":{"rendered":"<p>O Botafogo alcan\u00e7ou sua primeira vit\u00f3ria no Campeonato Carioca ao vencer a Portuguesa-RJ por 2 a 0, na ter\u00e7a-feira (14 de janeiro), no Est\u00e1dio Nilton Santos. A partida foi v\u00e1lida pela segunda rodada da competi\u00e7\u00e3o e contou com um time alternativo sob o comando de Carlos Leiria. Com gols de Kau\u00ea e Kayke, o Glorioso [&hellip;]<\/p>\n","protected":false},"author":15,"featured_media":120619,"comment_status":"open","ping_status":"closed","sticky":false,"template":"","format":"standard","meta":{"footnotes":""},"categories":[138],"tags":[],"class_list":["post-213201","post","type-post","status-publish","format-standard","has-post-thumbnail","hentry","category-botafogo"],"yoast_head":"<!-- This site is optimized with the Yoast SEO Premium plugin v24.2 (Yoast SEO v26.9) - https:\/\/yoast.com\/product\/yoast-seo-premium-wordpress\/ -->\n<title>Botafogo x Portuguesa: a declara\u00e7\u00e3o de Carlos Leiria sobre o jogo<\/title>\n<meta name=\"robots\" content=\"index, follow, max-snippet:-1, max-image-preview:large, max-video-preview:-1\" \/>\n<link rel=\"canonical\" href=\"https:\/\/www.gaveanews.com\/index.php\/2025\/01\/16\/botafogo-x-portuguesa-a-declaracao-de-carlos-leiria-sobre-o-jogo\/\" \/>\n<meta property=\"og:locale\" content=\"pt_BR\" \/>\n<meta property=\"og:type\" content=\"article\" \/>\n<meta property=\"og:title\" content=\"Botafogo x Portuguesa: a declara\u00e7\u00e3o de Carlos Leiria sobre o jogo\" \/>\n<meta property=\"og:description\" content=\"O Botafogo alcan\u00e7ou sua primeira vit\u00f3ria no Campeonato Carioca ao vencer a Portuguesa-RJ por 2 a 0, na ter\u00e7a-feira (14 de janeiro), no Est\u00e1dio Nilton Santos. A partida foi v\u00e1lida pela segunda rodada da competi\u00e7\u00e3o e contou com um time alternativo sob o comando de Carlos Leiria. Com gols de Kau\u00ea e Kayke, o Glorioso [&hellip;]\" \/>\n<meta property=\"og:url\" content=\"https:\/\/www.gaveanews.com\/index.php\/2025\/01\/16\/botafogo-x-portuguesa-a-declaracao-de-carlos-leiria-sobre-o-jogo\/\" \/>\n<meta property=\"og:site_name\" content=\"G\u00e1vea News\" \/>\n<meta property=\"article:publisher\" content=\"https:\/\/facebook.com\/gaveaNews\/\" \/>\n<meta property=\"article:published_time\" content=\"2025-01-16T12:55:00+00:00\" \/>\n<meta property=\"og:image\" content=\"http:\/\/www.gaveanews.com\/wp-content\/uploads\/botafogoescudo.webp\" \/>\n\t<meta property=\"og:image:width\" content=\"900\" \/>\n\t<meta property=\"og:image:height\" content=\"600\" \/>\n\t<meta property=\"og:image:type\" content=\"image\/webp\" \/>\n<meta name=\"author\" content=\"Henrique Machado\" \/>\n<meta name=\"twitter:card\" content=\"summary_large_image\" \/>\n<meta name=\"twitter:label1\" content=\"Escrito por\" \/>\n\t<meta name=\"twitter:data1\" content=\"Henrique Machado\" \/>\n\t<meta name=\"twitter:label2\" content=\"Est. tempo de leitura\" \/>\n\t<meta name=\"twitter:data2\" content=\"3 minutos\" \/>\n<script type=\"application\/ld+json\" class=\"yoast-schema-graph\">{\"@context\":\"https:\/\/schema.org\",\"@graph\":[{\"@type\":\"NewsArticle\",\"@id\":\"https:\/\/www.gaveanews.com\/index.php\/2025\/01\/16\/botafogo-x-portuguesa-a-declaracao-de-carlos-leiria-sobre-o-jogo\/#article\",\"isPartOf\":{\"@id\":\"https:\/\/www.gaveanews.com\/index.php\/2025\/01\/16\/botafogo-x-portuguesa-a-declaracao-de-carlos-leiria-sobre-o-jogo\/\"},\"author\":{\"name\":\"Henrique Machado\",\"@id\":\"https:\/\/www.gaveanews.com\/#\/schema\/person\/fd07635ec039ec3ba74ad18ec8a6dbd6\"},\"headline\":\"Botafogo x Portuguesa: a declara\u00e7\u00e3o de Carlos Leiria sobre o jogo\",\"datePublished\":\"2025-01-16T12:55:00+00:00\",\"mainEntityOfPage\":{\"@id\":\"https:\/\/www.gaveanews.com\/index.php\/2025\/01\/16\/botafogo-x-portuguesa-a-declaracao-de-carlos-leiria-sobre-o-jogo\/\"},\"wordCount\":375,\"commentCount\":0,\"image\":{\"@id\":\"https:\/\/www.gaveanews.com\/index.php\/2025\/01\/16\/botafogo-x-portuguesa-a-declaracao-de-carlos-leiria-sobre-o-jogo\/#primaryimage\"},\"thumbnailUrl\":\"https:\/\/www.gaveanews.com\/wp-content\/uploads\/botafogoescudo.webp\",\"articleSection\":[\"Botafogo\"],\"inLanguage\":\"pt-BR\",\"potentialAction\":[{\"@type\":\"CommentAction\",\"name\":\"Comment\",\"target\":[\"https:\/\/www.gaveanews.com\/index.php\/2025\/01\/16\/botafogo-x-portuguesa-a-declaracao-de-carlos-leiria-sobre-o-jogo\/#respond\"]}],\"copyrightYear\":\"2025\",\"copyrightHolder\":{\"@id\":\"https:\/\/www.gaveanews.com\/#organization\"}},{\"@type\":\"WebPage\",\"@id\":\"https:\/\/www.gaveanews.com\/index.php\/2025\/01\/16\/botafogo-x-portuguesa-a-declaracao-de-carlos-leiria-sobre-o-jogo\/\",\"url\":\"https:\/\/www.gaveanews.com\/index.php\/2025\/01\/16\/botafogo-x-portuguesa-a-declaracao-de-carlos-leiria-sobre-o-jogo\/\",\"name\":\"Botafogo x Portuguesa: a declara\u00e7\u00e3o de Carlos Leiria sobre o jogo\",\"isPartOf\":{\"@id\":\"https:\/\/www.gaveanews.com\/#website\"},\"primaryImageOfPage\":{\"@id\":\"https:\/\/www.gaveanews.com\/index.php\/2025\/01\/16\/botafogo-x-portuguesa-a-declaracao-de-carlos-leiria-sobre-o-jogo\/#primaryimage\"},\"image\":{\"@id\":\"https:\/\/www.gaveanews.com\/index.php\/2025\/01\/16\/botafogo-x-portuguesa-a-declaracao-de-carlos-leiria-sobre-o-jogo\/#primaryimage\"},\"thumbnailUrl\":\"https:\/\/www.gaveanews.com\/wp-content\/uploads\/botafogoescudo.webp\",\"datePublished\":\"2025-01-16T12:55:00+00:00\",\"author\":{\"@id\":\"https:\/\/www.gaveanews.com\/#\/schema\/person\/fd07635ec039ec3ba74ad18ec8a6dbd6\"},\"breadcrumb\":{\"@id\":\"https:\/\/www.gaveanews.com\/index.php\/2025\/01\/16\/botafogo-x-portuguesa-a-declaracao-de-carlos-leiria-sobre-o-jogo\/#breadcrumb\"},\"inLanguage\":\"pt-BR\",\"potentialAction\":[{\"@type\":\"ReadAction\",\"target\":[\"https:\/\/www.gaveanews.com\/index.php\/2025\/01\/16\/botafogo-x-portuguesa-a-declaracao-de-carlos-leiria-sobre-o-jogo\/\"]}]},{\"@type\":\"ImageObject\",\"inLanguage\":\"pt-BR\",\"@id\":\"https:\/\/www.gaveanews.com\/index.php\/2025\/01\/16\/botafogo-x-portuguesa-a-declaracao-de-carlos-leiria-sobre-o-jogo\/#primaryimage\",\"url\":\"https:\/\/www.gaveanews.com\/wp-content\/uploads\/botafogoescudo.webp\",\"contentUrl\":\"https:\/\/www.gaveanews.com\/wp-content\/uploads\/botafogoescudo.webp\",\"width\":900,\"height\":600,\"caption\":\"Escudo do Botafogo (Foto: Reprodu\u00e7\u00e3o)\"},{\"@type\":\"BreadcrumbList\",\"@id\":\"https:\/\/www.gaveanews.com\/index.php\/2025\/01\/16\/botafogo-x-portuguesa-a-declaracao-de-carlos-leiria-sobre-o-jogo\/#breadcrumb\",\"itemListElement\":[{\"@type\":\"ListItem\",\"position\":1,\"name\":\"Home\",\"item\":\"https:\/\/www.gaveanews.com\/\"},{\"@type\":\"ListItem\",\"position\":2,\"name\":\"Botafogo x Portuguesa: a declara\u00e7\u00e3o de Carlos Leiria sobre o jogo\"}]},{\"@type\":\"WebSite\",\"@id\":\"https:\/\/www.gaveanews.com\/#website\",\"url\":\"https:\/\/www.gaveanews.com\/\",\"name\":\"G\u00e1vea News\",\"description\":\"Veja todas as not\u00edcias sobre o Flamengo: Contrata\u00e7\u00f5es, categorias de base, resultados das partidas, tabela de classifica\u00e7\u00e3o, pr\u00f3ximos jogos!\",\"potentialAction\":[{\"@type\":\"SearchAction\",\"target\":{\"@type\":\"EntryPoint\",\"urlTemplate\":\"https:\/\/www.gaveanews.com\/?s={search_term_string}\"},\"query-input\":{\"@type\":\"PropertyValueSpecification\",\"valueRequired\":true,\"valueName\":\"search_term_string\"}}],\"inLanguage\":\"pt-BR\"},{\"@type\":\"Person\",\"@id\":\"https:\/\/www.gaveanews.com\/#\/schema\/person\/fd07635ec039ec3ba74ad18ec8a6dbd6\",\"name\":\"Henrique Machado\",\"image\":{\"@type\":\"ImageObject\",\"inLanguage\":\"pt-BR\",\"@id\":\"https:\/\/www.gaveanews.com\/#\/schema\/person\/image\/\",\"url\":\"https:\/\/secure.gravatar.com\/avatar\/b95e35997e01d9800c1b6184bd79d4d898d370a3fce2584f5c77b907d5c7d9e9?s=96&d=mm&r=g\",\"contentUrl\":\"https:\/\/secure.gravatar.com\/avatar\/b95e35997e01d9800c1b6184bd79d4d898d370a3fce2584f5c77b907d5c7d9e9?s=96&d=mm&r=g\",\"caption\":\"Henrique Machado\"}}]}<\/script>\n<!-- \/ Yoast SEO Premium plugin. -->","yoast_head_json":{"title":"Botafogo x Portuguesa: a declara\u00e7\u00e3o de Carlos Leiria sobre o jogo","robots":{"index":"index","follow":"follow","max-snippet":"max-snippet:-1","max-image-preview":"max-image-preview:large","max-video-preview":"max-video-preview:-1"},"canonical":"https:\/\/www.gaveanews.com\/index.php\/2025\/01\/16\/botafogo-x-portuguesa-a-declaracao-de-carlos-leiria-sobre-o-jogo\/","og_locale":"pt_BR","og_type":"article","og_title":"Botafogo x Portuguesa: a declara\u00e7\u00e3o de Carlos Leiria sobre o jogo","og_description":"O Botafogo alcan\u00e7ou sua primeira vit\u00f3ria no Campeonato Carioca ao vencer a Portuguesa-RJ por 2 a 0, na ter\u00e7a-feira (14 de janeiro), no Est\u00e1dio Nilton Santos. A partida foi v\u00e1lida pela segunda rodada da competi\u00e7\u00e3o e contou com um time alternativo sob o comando de Carlos Leiria. Com gols de Kau\u00ea e Kayke, o Glorioso [&hellip;]","og_url":"https:\/\/www.gaveanews.com\/index.php\/2025\/01\/16\/botafogo-x-portuguesa-a-declaracao-de-carlos-leiria-sobre-o-jogo\/","og_site_name":"G\u00e1vea News","article_publisher":"https:\/\/facebook.com\/gaveaNews\/","article_published_time":"2025-01-16T12:55:00+00:00","og_image":[{"width":900,"height":600,"url":"http:\/\/www.gaveanews.com\/wp-content\/uploads\/botafogoescudo.webp","type":"image\/webp"}],"author":"Henrique Machado","twitter_card":"summary_large_image","twitter_misc":{"Escrito por":"Henrique Machado","Est. tempo de leitura":"3 minutos"},"schema":{"@context":"https:\/\/schema.org","@graph":[{"@type":"NewsArticle","@id":"https:\/\/www.gaveanews.com\/index.php\/2025\/01\/16\/botafogo-x-portuguesa-a-declaracao-de-carlos-leiria-sobre-o-jogo\/#article","isPartOf":{"@id":"https:\/\/www.gaveanews.com\/index.php\/2025\/01\/16\/botafogo-x-portuguesa-a-declaracao-de-carlos-leiria-sobre-o-jogo\/"},"author":{"name":"Henrique Machado","@id":"https:\/\/www.gaveanews.com\/#\/schema\/person\/fd07635ec039ec3ba74ad18ec8a6dbd6"},"headline":"Botafogo x Portuguesa: a declara\u00e7\u00e3o de Carlos Leiria sobre o jogo","datePublished":"2025-01-16T12:55:00+00:00","mainEntityOfPage":{"@id":"https:\/\/www.gaveanews.com\/index.php\/2025\/01\/16\/botafogo-x-portuguesa-a-declaracao-de-carlos-leiria-sobre-o-jogo\/"},"wordCount":375,"commentCount":0,"image":{"@id":"https:\/\/www.gaveanews.com\/index.php\/2025\/01\/16\/botafogo-x-portuguesa-a-declaracao-de-carlos-leiria-sobre-o-jogo\/#primaryimage"},"thumbnailUrl":"https:\/\/www.gaveanews.com\/wp-content\/uploads\/botafogoescudo.webp","articleSection":["Botafogo"],"inLanguage":"pt-BR","potentialAction":[{"@type":"CommentAction","name":"Comment","target":["https:\/\/www.gaveanews.com\/index.php\/2025\/01\/16\/botafogo-x-portuguesa-a-declaracao-de-carlos-leiria-sobre-o-jogo\/#respond"]}],"copyrightYear":"2025","copyrightHolder":{"@id":"https:\/\/www.gaveanews.com\/#organization"}},{"@type":"WebPage","@id":"https:\/\/www.gaveanews.com\/index.php\/2025\/01\/16\/botafogo-x-portuguesa-a-declaracao-de-carlos-leiria-sobre-o-jogo\/","url":"https:\/\/www.gaveanews.com\/index.php\/2025\/01\/16\/botafogo-x-portuguesa-a-declaracao-de-carlos-leiria-sobre-o-jogo\/","name":"Botafogo x Portuguesa: a declara\u00e7\u00e3o de Carlos Leiria sobre o jogo","isPartOf":{"@id":"https:\/\/www.gaveanews.com\/#website"},"primaryImageOfPage":{"@id":"https:\/\/www.gaveanews.com\/index.php\/2025\/01\/16\/botafogo-x-portuguesa-a-declaracao-de-carlos-leiria-sobre-o-jogo\/#primaryimage"},"image":{"@id":"https:\/\/www.gaveanews.com\/index.php\/2025\/01\/16\/botafogo-x-portuguesa-a-declaracao-de-carlos-leiria-sobre-o-jogo\/#primaryimage"},"thumbnailUrl":"https:\/\/www.gaveanews.com\/wp-content\/uploads\/botafogoescudo.webp","datePublished":"2025-01-16T12:55:00+00:00","author":{"@id":"https:\/\/www.gaveanews.com\/#\/schema\/person\/fd07635ec039ec3ba74ad18ec8a6dbd6"},"breadcrumb":{"@id":"https:\/\/www.gaveanews.com\/index.php\/2025\/01\/16\/botafogo-x-portuguesa-a-declaracao-de-carlos-leiria-sobre-o-jogo\/#breadcrumb"},"inLanguage":"pt-BR","potentialAction":[{"@type":"ReadAction","target":["https:\/\/www.gaveanews.com\/index.php\/2025\/01\/16\/botafogo-x-portuguesa-a-declaracao-de-carlos-leiria-sobre-o-jogo\/"]}]},{"@type":"ImageObject","inLanguage":"pt-BR","@id":"https:\/\/www.gaveanews.com\/index.php\/2025\/01\/16\/botafogo-x-portuguesa-a-declaracao-de-carlos-leiria-sobre-o-jogo\/#primaryimage","url":"https:\/\/www.gaveanews.com\/wp-content\/uploads\/botafogoescudo.webp","contentUrl":"https:\/\/www.gaveanews.com\/wp-content\/uploads\/botafogoescudo.webp","width":900,"height":600,"caption":"Escudo do Botafogo (Foto: Reprodu\u00e7\u00e3o)"},{"@type":"BreadcrumbList","@id":"https:\/\/www.gaveanews.com\/index.php\/2025\/01\/16\/botafogo-x-portuguesa-a-declaracao-de-carlos-leiria-sobre-o-jogo\/#breadcrumb","itemListElement":[{"@type":"ListItem","position":1,"name":"Home","item":"https:\/\/www.gaveanews.com\/"},{"@type":"ListItem","position":2,"name":"Botafogo x Portuguesa: a declara\u00e7\u00e3o de Carlos Leiria sobre o jogo"}]},{"@type":"WebSite","@id":"https:\/\/www.gaveanews.com\/#website","url":"https:\/\/www.gaveanews.com\/","name":"G\u00e1vea News","description":"Veja todas as not\u00edcias sobre o Flamengo: Contrata\u00e7\u00f5es, categorias de base, resultados das partidas, tabela de classifica\u00e7\u00e3o, pr\u00f3ximos jogos!","potentialAction":[{"@type":"SearchAction","target":{"@type":"EntryPoint","urlTemplate":"https:\/\/www.gaveanews.com\/?s={search_term_string}"},"query-input":{"@type":"PropertyValueSpecification","valueRequired":true,"valueName":"search_term_string"}}],"inLanguage":"pt-BR"},{"@type":"Person","@id":"https:\/\/www.gaveanews.com\/#\/schema\/person\/fd07635ec039ec3ba74ad18ec8a6dbd6","name":"Henrique Machado","image":{"@type":"ImageObject","inLanguage":"pt-BR","@id":"https:\/\/www.gaveanews.com\/#\/schema\/person\/image\/","url":"https:\/\/secure.gravatar.com\/avatar\/b95e35997e01d9800c1b6184bd79d4d898d370a3fce2584f5c77b907d5c7d9e9?s=96&d=mm&r=g","contentUrl":"https:\/\/secure.gravatar.com\/avatar\/b95e35997e01d9800c1b6184bd79d4d898d370a3fce2584f5c77b907d5c7d9e9?s=96&d=mm&r=g","caption":"Henrique Machado"}}]}},"_links":{"self":[{"href":"https:\/\/www.gaveanews.com\/index.php\/wp-json\/wp\/v2\/posts\/213201","targetHints":{"allow":["GET"]}}],"collection":[{"href":"https:\/\/www.gaveanews.com\/index.php\/wp-json\/wp\/v2\/posts"}],"about":[{"href":"https:\/\/www.gaveanews.com\/index.php\/wp-json\/wp\/v2\/types\/post"}],"author":[{"embeddable":true,"href":"https:\/\/www.gaveanews.com\/index.php\/wp-json\/wp\/v2\/users\/15"}],"replies":[{"embeddable":true,"href":"https:\/\/www.gaveanews.com\/index.php\/wp-json\/wp\/v2\/comments?post=213201"}],"version-history":[{"count":3,"href":"https:\/\/www.gaveanews.com\/index.php\/wp-json\/wp\/v2\/posts\/213201\/revisions"}],"predecessor-version":[{"id":213217,"href":"https:\/\/www.gaveanews.com\/index.php\/wp-json\/wp\/v2\/posts\/213201\/revisions\/213217"}],"wp:featuredmedia":[{"embeddable":true,"href":"https:\/\/www.gaveanews.com\/index.php\/wp-json\/wp\/v2\/media\/120619"}],"wp:attachment":[{"href":"https:\/\/www.gaveanews.com\/index.php\/wp-json\/wp\/v2\/media?parent=213201"}],"wp:term":[{"taxonomy":"category","embeddable":true,"href":"https:\/\/www.gaveanews.com\/index.php\/wp-json\/wp\/v2\/categories?post=213201"},{"taxonomy":"post_tag","embeddable":true,"href":"https:\/\/www.gaveanews.com\/index.php\/wp-json\/wp\/v2\/tags?post=213201"}],"curies":[{"name":"wp","href":"https:\/\/api.w.org\/{rel}","templated":true}]}}