{"id":213221,"date":"2025-01-16T09:40:00","date_gmt":"2025-01-16T12:40:00","guid":{"rendered":"https:\/\/www.gaveanews.com\/?p=213221"},"modified":"2025-01-15T23:39:03","modified_gmt":"2025-01-16T02:39:03","slug":"weverton-marcelo-lomba-mateus-mayke-marcos-rocha-giay-caio-paulista-vanderlan-piquerez-murilo-gustavo-gomez-naves-michel-anibal-moreno-fabinho-atuesta-ze-rafael-richard-rios-romulo","status":"publish","type":"post","link":"https:\/\/www.gaveanews.com\/index.php\/2025\/01\/16\/weverton-marcelo-lomba-mateus-mayke-marcos-rocha-giay-caio-paulista-vanderlan-piquerez-murilo-gustavo-gomez-naves-michel-anibal-moreno-fabinho-atuesta-ze-rafael-richard-rios-romulo\/","title":{"rendered":"Weverton, Marcelo Lomba, Mateus, Mayke, Marcos Rocha, Giay, Caio Paulista, Vanderlan, Piquerez, Murilo, Gustavo G\u00f3mez, Naves, Michel, An\u00edbal Moreno, Fabinho, Atuesta, Z\u00e9 Rafael, Richard R\u00edos, R\u00f4mulo, Raphael Veiga, Maur\u00edcio, Felipe Anderson, Bruno Rodrigues, Facundo Torres, Rony, Flaco L\u00f3pez, Benedetti, Figueiredo, Allan, Est\u00eav\u00e3o, Luighi, Thalys: os jogadores inscritos pelo Palmeiras no Paulist\u00e3o"},"content":{"rendered":"\n<p>O Palmeiras inicia a temporada de 2025 com o objetivo de manter sua hegemonia no futebol paulista e nacional. Ap\u00f3s conquistar o tricampeonato consecutivo do Campeonato Paulista em 2024, o clube, sob o comando de Abel Ferreira, busca ampliar seu legado em competi\u00e7\u00f5es estaduais e internacionais. Para isso, o Verd\u00e3o reformula seu elenco, mesclando contrata\u00e7\u00f5es de peso e jogadores formados nas categorias de base.<\/p>\n\n\n\n<ul class=\"wp-block-list\">\n<li><a href=\"https:\/\/www.gaveanews.com\/index.php\/2025\/01\/15\/palmeiras-a-declaracao-de-flavio-prado-direcionada-a-leila-pereira\/\">Palmeiras: a declara\u00e7\u00e3o de Fl\u00e1vio Prado direcionada a Leila Pereira<\/a><\/li>\n\n\n\n<li><a href=\"https:\/\/www.gaveanews.com\/index.php\/2025\/01\/15\/palmeiras-x-portuguesa-a-escalacao-escolhida-por-abel-ferreira\/\">Palmeiras x Portuguesa: a escala\u00e7\u00e3o escolhida por Abel Ferreira<\/a><\/li>\n<\/ul>\n\n\n\n<p>Al\u00e9m do Paulist\u00e3o, a equipe tamb\u00e9m estar\u00e1 envolvida na disputa da Copa do Brasil, Libertadores e Campeonato Brasileiro, al\u00e9m de representar o Brasil no novo formato do Mundial de Clubes, programado para este ano. O planejamento da comiss\u00e3o t\u00e9cnica e diretoria reflete a ambi\u00e7\u00e3o do Palmeiras em buscar t\u00edtulos importantes, mas com foco estrat\u00e9gico em cada competi\u00e7\u00e3o.<\/p>\n\n\n\n<h2 class=\"wp-block-heading\" id=\"h-lista-de-inscritos-no-campeonato-paulista\">Lista de inscritos no Campeonato Paulista<\/h2>\n\n\n\n<p>Para a disputa do Campeonato Paulista de 2025, o Palmeiras inscreveu 32 atletas, divididos entre as listas A e B. A lista A \u00e9 composta por jogadores experientes, enquanto a lista B inclui jovens atletas revelados nas categorias de base. Confira os nomes:<\/p>\n\n\n\n<ul class=\"wp-block-list\">\n<li><strong>Lista A:<\/strong>\n<ul class=\"wp-block-list\">\n<li><strong>Goleiros:<\/strong> Weverton, Marcelo Lomba e Mateus.<\/li>\n\n\n\n<li><strong>Laterais:<\/strong> Mayke, Marcos Rocha, Giay, Caio Paulista, Vanderlan e Piquerez.<\/li>\n\n\n\n<li><strong>Zagueiros:<\/strong> Murilo, Gustavo G\u00f3mez, Naves e Michel.<\/li>\n\n\n\n<li><strong>Meias:<\/strong> An\u00edbal Moreno, Fabinho, Atuesta, Z\u00e9 Rafael, Richard R\u00edos, R\u00f4mulo, Raphael Veiga, Maur\u00edcio e Felipe Anderson.<\/li>\n\n\n\n<li><strong>Atacantes:<\/strong> Bruno Rodrigues, Facundo Torres, Rony e Flaco L\u00f3pez.<\/li>\n<\/ul>\n<\/li>\n<\/ul>\n\n\n\n<ul class=\"wp-block-list\">\n<li><strong>Lista B:<\/strong>\n<ul class=\"wp-block-list\">\n<li><strong>Zagueiros:<\/strong> Benedetti.<\/li>\n\n\n\n<li><strong>Meias:<\/strong> Figueiredo e Allan.<\/li>\n\n\n\n<li><strong>Atacantes:<\/strong> Est\u00eav\u00e3o, Luighi e Thalys.<\/li>\n<\/ul>\n<\/li>\n<\/ul>\n\n\n\n<p>Entre os destaques, est\u00e3o o goleiro Weverton, refer\u00eancia no elenco, e Raphael Veiga, um dos principais nomes do meio de campo. Tamb\u00e9m figuram na lista refor\u00e7os importantes, como Felipe Anderson, al\u00e9m de jogadores j\u00e1 consolidados como Gustavo G\u00f3mez e Piquerez.<\/p>\n\n\n\n<p>Contudo, Paulinho, principal contrata\u00e7\u00e3o do Alviverde para a temporada 2025, n\u00e3o foi inscrito por n\u00e3o estar regularizado no BID da CBF.<\/p>\n\n\n\n<h2 class=\"wp-block-heading\" id=\"h-regras-e-contexto-das-listas\">Regras e contexto das listas<\/h2>\n\n\n\n<p>O regulamento do Paulist\u00e3o permite que as equipes inscrevam at\u00e9 30 jogadores na lista A, enquanto a lista B n\u00e3o possui limite de atletas, desde que sejam jovens formados no clube e atendam crit\u00e9rios espec\u00edficos, como registro cont\u00ednuo por pelo menos 12 meses e idade m\u00ednima de 16 anos. Essa divis\u00e3o possibilita que o Palmeiras aproveite talentos formados em sua base, ao mesmo tempo em que refor\u00e7a o elenco com atletas experientes.<\/p>\n","protected":false},"excerpt":{"rendered":"<p>O Palmeiras inicia a temporada de 2025 com o objetivo de manter sua hegemonia no futebol paulista e nacional. Ap\u00f3s conquistar o tricampeonato consecutivo do Campeonato Paulista em 2024, o clube, sob o comando de Abel Ferreira, busca ampliar seu legado em competi\u00e7\u00f5es estaduais e internacionais. Para isso, o Verd\u00e3o reformula seu elenco, mesclando contrata\u00e7\u00f5es [&hellip;]<\/p>\n","protected":false},"author":15,"featured_media":141974,"comment_status":"open","ping_status":"closed","sticky":false,"template":"","format":"standard","meta":{"footnotes":""},"categories":[150],"tags":[],"class_list":["post-213221","post","type-post","status-publish","format-standard","has-post-thumbnail","hentry","category-palmeiras"],"yoast_head":"<!-- This site is optimized with the Yoast SEO Premium plugin v24.2 (Yoast SEO v26.9) - https:\/\/yoast.com\/product\/yoast-seo-premium-wordpress\/ -->\n<title>Weverton, Marcelo Lomba, Mateus, Mayke, Marcos Rocha, Giay, Caio Paulista, Vanderlan, Piquerez, Murilo, Gustavo G\u00f3mez, Naves, Michel, An\u00edbal Moreno, Fabinho, Atuesta, Z\u00e9 Rafael, Richard R\u00edos, R\u00f4mulo, Raphael Veiga, Maur\u00edcio, Felipe Anderson, Bruno Rodrigues, Facundo Torres, Rony, Flaco L\u00f3pez, Benedetti, Figueiredo, Allan, Est\u00eav\u00e3o, Luighi, Thalys: os jogadores inscritos pelo Palmeiras no Paulist\u00e3o<\/title>\n<meta name=\"robots\" content=\"index, follow, max-snippet:-1, max-image-preview:large, max-video-preview:-1\" \/>\n<link rel=\"canonical\" href=\"https:\/\/www.gaveanews.com\/index.php\/2025\/01\/16\/weverton-marcelo-lomba-mateus-mayke-marcos-rocha-giay-caio-paulista-vanderlan-piquerez-murilo-gustavo-gomez-naves-michel-anibal-moreno-fabinho-atuesta-ze-rafael-richard-rios-romulo\/\" \/>\n<meta property=\"og:locale\" content=\"pt_BR\" \/>\n<meta property=\"og:type\" content=\"article\" \/>\n<meta property=\"og:title\" content=\"Weverton, Marcelo Lomba, Mateus, Mayke, Marcos Rocha, Giay, Caio Paulista, Vanderlan, Piquerez, Murilo, Gustavo G\u00f3mez, Naves, Michel, An\u00edbal Moreno, Fabinho, Atuesta, Z\u00e9 Rafael, Richard R\u00edos, R\u00f4mulo, Raphael Veiga, Maur\u00edcio, Felipe Anderson, Bruno Rodrigues, Facundo Torres, Rony, Flaco L\u00f3pez, Benedetti, Figueiredo, Allan, Est\u00eav\u00e3o, Luighi, Thalys: os jogadores inscritos pelo Palmeiras no Paulist\u00e3o\" \/>\n<meta property=\"og:description\" content=\"O Palmeiras inicia a temporada de 2025 com o objetivo de manter sua hegemonia no futebol paulista e nacional. Ap\u00f3s conquistar o tricampeonato consecutivo do Campeonato Paulista em 2024, o clube, sob o comando de Abel Ferreira, busca ampliar seu legado em competi\u00e7\u00f5es estaduais e internacionais. Para isso, o Verd\u00e3o reformula seu elenco, mesclando contrata\u00e7\u00f5es [&hellip;]\" \/>\n<meta property=\"og:url\" content=\"https:\/\/www.gaveanews.com\/index.php\/2025\/01\/16\/weverton-marcelo-lomba-mateus-mayke-marcos-rocha-giay-caio-paulista-vanderlan-piquerez-murilo-gustavo-gomez-naves-michel-anibal-moreno-fabinho-atuesta-ze-rafael-richard-rios-romulo\/\" \/>\n<meta property=\"og:site_name\" content=\"G\u00e1vea News\" \/>\n<meta property=\"article:publisher\" content=\"https:\/\/facebook.com\/gaveaNews\/\" \/>\n<meta property=\"article:published_time\" content=\"2025-01-16T12:40:00+00:00\" \/>\n<meta property=\"og:image\" content=\"https:\/\/www.gaveanews.com\/wp-content\/uploads\/O-jogador-Estevao-da-SE-Palmeiras-comemora-seu-contra-a-equipe-do-Botafogo-FC-durante-partida-valida-pela-terceira-fase-da-Copa-do-Brasil-na-arena-Allianz-Parque-1024x576-1.webp\" \/>\n\t<meta property=\"og:image:width\" content=\"1024\" \/>\n\t<meta property=\"og:image:height\" content=\"576\" \/>\n\t<meta property=\"og:image:type\" content=\"image\/webp\" \/>\n<meta name=\"author\" content=\"Henrique Machado\" \/>\n<meta name=\"twitter:card\" content=\"summary_large_image\" \/>\n<meta name=\"twitter:label1\" content=\"Escrito por\" \/>\n\t<meta name=\"twitter:data1\" content=\"Henrique Machado\" \/>\n\t<meta name=\"twitter:label2\" content=\"Est. tempo de leitura\" \/>\n\t<meta name=\"twitter:data2\" content=\"3 minutos\" \/>\n<script type=\"application\/ld+json\" class=\"yoast-schema-graph\">{\"@context\":\"https:\/\/schema.org\",\"@graph\":[{\"@type\":\"NewsArticle\",\"@id\":\"https:\/\/www.gaveanews.com\/index.php\/2025\/01\/16\/weverton-marcelo-lomba-mateus-mayke-marcos-rocha-giay-caio-paulista-vanderlan-piquerez-murilo-gustavo-gomez-naves-michel-anibal-moreno-fabinho-atuesta-ze-rafael-richard-rios-romulo\/#article\",\"isPartOf\":{\"@id\":\"https:\/\/www.gaveanews.com\/index.php\/2025\/01\/16\/weverton-marcelo-lomba-mateus-mayke-marcos-rocha-giay-caio-paulista-vanderlan-piquerez-murilo-gustavo-gomez-naves-michel-anibal-moreno-fabinho-atuesta-ze-rafael-richard-rios-romulo\/\"},\"author\":{\"name\":\"Henrique Machado\",\"@id\":\"https:\/\/www.gaveanews.com\/#\/schema\/person\/fd07635ec039ec3ba74ad18ec8a6dbd6\"},\"headline\":\"Weverton, Marcelo Lomba, Mateus, Mayke, Marcos Rocha, Giay, Caio Paulista, Vanderlan, Piquerez, Murilo, Gustavo G\u00f3mez, Naves, Michel, An\u00edbal Moreno, Fabinho, Atuesta, Z\u00e9 Rafael, Richard R\u00edos, R\u00f4mulo, Raphael Veiga, Maur\u00edcio, Felipe Anderson, Bruno Rodrigues, Facundo Torres, Rony, Flaco L\u00f3pez, Benedetti, Figueiredo, Allan, Est\u00eav\u00e3o, Luighi, Thalys: os jogadores inscritos pelo Palmeiras no Paulist\u00e3o\",\"datePublished\":\"2025-01-16T12:40:00+00:00\",\"mainEntityOfPage\":{\"@id\":\"https:\/\/www.gaveanews.com\/index.php\/2025\/01\/16\/weverton-marcelo-lomba-mateus-mayke-marcos-rocha-giay-caio-paulista-vanderlan-piquerez-murilo-gustavo-gomez-naves-michel-anibal-moreno-fabinho-atuesta-ze-rafael-richard-rios-romulo\/\"},\"wordCount\":483,\"commentCount\":0,\"image\":{\"@id\":\"https:\/\/www.gaveanews.com\/index.php\/2025\/01\/16\/weverton-marcelo-lomba-mateus-mayke-marcos-rocha-giay-caio-paulista-vanderlan-piquerez-murilo-gustavo-gomez-naves-michel-anibal-moreno-fabinho-atuesta-ze-rafael-richard-rios-romulo\/#primaryimage\"},\"thumbnailUrl\":\"https:\/\/www.gaveanews.com\/wp-content\/uploads\/O-jogador-Estevao-da-SE-Palmeiras-comemora-seu-contra-a-equipe-do-Botafogo-FC-durante-partida-valida-pela-terceira-fase-da-Copa-do-Brasil-na-arena-Allianz-Parque-1024x576-1.webp\",\"articleSection\":[\"Palmeiras\"],\"inLanguage\":\"pt-BR\",\"potentialAction\":[{\"@type\":\"CommentAction\",\"name\":\"Comment\",\"target\":[\"https:\/\/www.gaveanews.com\/index.php\/2025\/01\/16\/weverton-marcelo-lomba-mateus-mayke-marcos-rocha-giay-caio-paulista-vanderlan-piquerez-murilo-gustavo-gomez-naves-michel-anibal-moreno-fabinho-atuesta-ze-rafael-richard-rios-romulo\/#respond\"]}],\"copyrightYear\":\"2025\",\"copyrightHolder\":{\"@id\":\"https:\/\/www.gaveanews.com\/#organization\"}},{\"@type\":\"WebPage\",\"@id\":\"https:\/\/www.gaveanews.com\/index.php\/2025\/01\/16\/weverton-marcelo-lomba-mateus-mayke-marcos-rocha-giay-caio-paulista-vanderlan-piquerez-murilo-gustavo-gomez-naves-michel-anibal-moreno-fabinho-atuesta-ze-rafael-richard-rios-romulo\/\",\"url\":\"https:\/\/www.gaveanews.com\/index.php\/2025\/01\/16\/weverton-marcelo-lomba-mateus-mayke-marcos-rocha-giay-caio-paulista-vanderlan-piquerez-murilo-gustavo-gomez-naves-michel-anibal-moreno-fabinho-atuesta-ze-rafael-richard-rios-romulo\/\",\"name\":\"Weverton, Marcelo Lomba, Mateus, Mayke, Marcos Rocha, Giay, Caio Paulista, Vanderlan, Piquerez, Murilo, Gustavo G\u00f3mez, Naves, Michel, An\u00edbal Moreno, Fabinho, Atuesta, Z\u00e9 Rafael, Richard R\u00edos, R\u00f4mulo, Raphael Veiga, Maur\u00edcio, Felipe Anderson, Bruno Rodrigues, Facundo Torres, Rony, Flaco L\u00f3pez, Benedetti, Figueiredo, Allan, Est\u00eav\u00e3o, Luighi, Thalys: os jogadores inscritos pelo Palmeiras no Paulist\u00e3o\",\"isPartOf\":{\"@id\":\"https:\/\/www.gaveanews.com\/#website\"},\"primaryImageOfPage\":{\"@id\":\"https:\/\/www.gaveanews.com\/index.php\/2025\/01\/16\/weverton-marcelo-lomba-mateus-mayke-marcos-rocha-giay-caio-paulista-vanderlan-piquerez-murilo-gustavo-gomez-naves-michel-anibal-moreno-fabinho-atuesta-ze-rafael-richard-rios-romulo\/#primaryimage\"},\"image\":{\"@id\":\"https:\/\/www.gaveanews.com\/index.php\/2025\/01\/16\/weverton-marcelo-lomba-mateus-mayke-marcos-rocha-giay-caio-paulista-vanderlan-piquerez-murilo-gustavo-gomez-naves-michel-anibal-moreno-fabinho-atuesta-ze-rafael-richard-rios-romulo\/#primaryimage\"},\"thumbnailUrl\":\"https:\/\/www.gaveanews.com\/wp-content\/uploads\/O-jogador-Estevao-da-SE-Palmeiras-comemora-seu-contra-a-equipe-do-Botafogo-FC-durante-partida-valida-pela-terceira-fase-da-Copa-do-Brasil-na-arena-Allianz-Parque-1024x576-1.webp\",\"datePublished\":\"2025-01-16T12:40:00+00:00\",\"author\":{\"@id\":\"https:\/\/www.gaveanews.com\/#\/schema\/person\/fd07635ec039ec3ba74ad18ec8a6dbd6\"},\"breadcrumb\":{\"@id\":\"https:\/\/www.gaveanews.com\/index.php\/2025\/01\/16\/weverton-marcelo-lomba-mateus-mayke-marcos-rocha-giay-caio-paulista-vanderlan-piquerez-murilo-gustavo-gomez-naves-michel-anibal-moreno-fabinho-atuesta-ze-rafael-richard-rios-romulo\/#breadcrumb\"},\"inLanguage\":\"pt-BR\",\"potentialAction\":[{\"@type\":\"ReadAction\",\"target\":[\"https:\/\/www.gaveanews.com\/index.php\/2025\/01\/16\/weverton-marcelo-lomba-mateus-mayke-marcos-rocha-giay-caio-paulista-vanderlan-piquerez-murilo-gustavo-gomez-naves-michel-anibal-moreno-fabinho-atuesta-ze-rafael-richard-rios-romulo\/\"]}]},{\"@type\":\"ImageObject\",\"inLanguage\":\"pt-BR\",\"@id\":\"https:\/\/www.gaveanews.com\/index.php\/2025\/01\/16\/weverton-marcelo-lomba-mateus-mayke-marcos-rocha-giay-caio-paulista-vanderlan-piquerez-murilo-gustavo-gomez-naves-michel-anibal-moreno-fabinho-atuesta-ze-rafael-richard-rios-romulo\/#primaryimage\",\"url\":\"https:\/\/www.gaveanews.com\/wp-content\/uploads\/O-jogador-Estevao-da-SE-Palmeiras-comemora-seu-contra-a-equipe-do-Botafogo-FC-durante-partida-valida-pela-terceira-fase-da-Copa-do-Brasil-na-arena-Allianz-Parque-1024x576-1.webp\",\"contentUrl\":\"https:\/\/www.gaveanews.com\/wp-content\/uploads\/O-jogador-Estevao-da-SE-Palmeiras-comemora-seu-contra-a-equipe-do-Botafogo-FC-durante-partida-valida-pela-terceira-fase-da-Copa-do-Brasil-na-arena-Allianz-Parque-1024x576-1.webp\",\"width\":1024,\"height\":576,\"caption\":\"O jogador Est\u00eav\u00e3o - Foto: Cesar Greco\/Palmeiras\/by Canon\"},{\"@type\":\"BreadcrumbList\",\"@id\":\"https:\/\/www.gaveanews.com\/index.php\/2025\/01\/16\/weverton-marcelo-lomba-mateus-mayke-marcos-rocha-giay-caio-paulista-vanderlan-piquerez-murilo-gustavo-gomez-naves-michel-anibal-moreno-fabinho-atuesta-ze-rafael-richard-rios-romulo\/#breadcrumb\",\"itemListElement\":[{\"@type\":\"ListItem\",\"position\":1,\"name\":\"Home\",\"item\":\"https:\/\/www.gaveanews.com\/\"},{\"@type\":\"ListItem\",\"position\":2,\"name\":\"Weverton, Marcelo Lomba, Mateus, Mayke, Marcos Rocha, Giay, Caio Paulista, Vanderlan, Piquerez, Murilo, Gustavo G\u00f3mez, Naves, Michel, An\u00edbal Moreno, Fabinho, Atuesta, Z\u00e9 Rafael, Richard R\u00edos, R\u00f4mulo, Raphael Veiga, Maur\u00edcio, Felipe Anderson, Bruno Rodrigues, Facundo Torres, Rony, Flaco L\u00f3pez, Benedetti, Figueiredo, Allan, Est\u00eav\u00e3o, Luighi, Thalys: os jogadores inscritos pelo Palmeiras no Paulist\u00e3o\"}]},{\"@type\":\"WebSite\",\"@id\":\"https:\/\/www.gaveanews.com\/#website\",\"url\":\"https:\/\/www.gaveanews.com\/\",\"name\":\"G\u00e1vea News\",\"description\":\"Veja todas as not\u00edcias sobre o Flamengo: Contrata\u00e7\u00f5es, categorias de base, resultados das partidas, tabela de classifica\u00e7\u00e3o, pr\u00f3ximos jogos!\",\"potentialAction\":[{\"@type\":\"SearchAction\",\"target\":{\"@type\":\"EntryPoint\",\"urlTemplate\":\"https:\/\/www.gaveanews.com\/?s={search_term_string}\"},\"query-input\":{\"@type\":\"PropertyValueSpecification\",\"valueRequired\":true,\"valueName\":\"search_term_string\"}}],\"inLanguage\":\"pt-BR\"},{\"@type\":\"Person\",\"@id\":\"https:\/\/www.gaveanews.com\/#\/schema\/person\/fd07635ec039ec3ba74ad18ec8a6dbd6\",\"name\":\"Henrique Machado\",\"image\":{\"@type\":\"ImageObject\",\"inLanguage\":\"pt-BR\",\"@id\":\"https:\/\/www.gaveanews.com\/#\/schema\/person\/image\/\",\"url\":\"https:\/\/secure.gravatar.com\/avatar\/b95e35997e01d9800c1b6184bd79d4d898d370a3fce2584f5c77b907d5c7d9e9?s=96&d=mm&r=g\",\"contentUrl\":\"https:\/\/secure.gravatar.com\/avatar\/b95e35997e01d9800c1b6184bd79d4d898d370a3fce2584f5c77b907d5c7d9e9?s=96&d=mm&r=g\",\"caption\":\"Henrique Machado\"}}]}<\/script>\n<!-- \/ Yoast SEO Premium plugin. -->","yoast_head_json":{"title":"Weverton, Marcelo Lomba, Mateus, Mayke, Marcos Rocha, Giay, Caio Paulista, Vanderlan, Piquerez, Murilo, Gustavo G\u00f3mez, Naves, Michel, An\u00edbal Moreno, Fabinho, Atuesta, Z\u00e9 Rafael, Richard R\u00edos, R\u00f4mulo, Raphael Veiga, Maur\u00edcio, Felipe Anderson, Bruno Rodrigues, Facundo Torres, Rony, Flaco L\u00f3pez, Benedetti, Figueiredo, Allan, Est\u00eav\u00e3o, Luighi, Thalys: os jogadores inscritos pelo Palmeiras no Paulist\u00e3o","robots":{"index":"index","follow":"follow","max-snippet":"max-snippet:-1","max-image-preview":"max-image-preview:large","max-video-preview":"max-video-preview:-1"},"canonical":"https:\/\/www.gaveanews.com\/index.php\/2025\/01\/16\/weverton-marcelo-lomba-mateus-mayke-marcos-rocha-giay-caio-paulista-vanderlan-piquerez-murilo-gustavo-gomez-naves-michel-anibal-moreno-fabinho-atuesta-ze-rafael-richard-rios-romulo\/","og_locale":"pt_BR","og_type":"article","og_title":"Weverton, Marcelo Lomba, Mateus, Mayke, Marcos Rocha, Giay, Caio Paulista, Vanderlan, Piquerez, Murilo, Gustavo G\u00f3mez, Naves, Michel, An\u00edbal Moreno, Fabinho, Atuesta, Z\u00e9 Rafael, Richard R\u00edos, R\u00f4mulo, Raphael Veiga, Maur\u00edcio, Felipe Anderson, Bruno Rodrigues, Facundo Torres, Rony, Flaco L\u00f3pez, Benedetti, Figueiredo, Allan, Est\u00eav\u00e3o, Luighi, Thalys: os jogadores inscritos pelo Palmeiras no Paulist\u00e3o","og_description":"O Palmeiras inicia a temporada de 2025 com o objetivo de manter sua hegemonia no futebol paulista e nacional. Ap\u00f3s conquistar o tricampeonato consecutivo do Campeonato Paulista em 2024, o clube, sob o comando de Abel Ferreira, busca ampliar seu legado em competi\u00e7\u00f5es estaduais e internacionais. Para isso, o Verd\u00e3o reformula seu elenco, mesclando contrata\u00e7\u00f5es [&hellip;]","og_url":"https:\/\/www.gaveanews.com\/index.php\/2025\/01\/16\/weverton-marcelo-lomba-mateus-mayke-marcos-rocha-giay-caio-paulista-vanderlan-piquerez-murilo-gustavo-gomez-naves-michel-anibal-moreno-fabinho-atuesta-ze-rafael-richard-rios-romulo\/","og_site_name":"G\u00e1vea News","article_publisher":"https:\/\/facebook.com\/gaveaNews\/","article_published_time":"2025-01-16T12:40:00+00:00","og_image":[{"width":1024,"height":576,"url":"https:\/\/www.gaveanews.com\/wp-content\/uploads\/O-jogador-Estevao-da-SE-Palmeiras-comemora-seu-contra-a-equipe-do-Botafogo-FC-durante-partida-valida-pela-terceira-fase-da-Copa-do-Brasil-na-arena-Allianz-Parque-1024x576-1.webp","type":"image\/webp"}],"author":"Henrique Machado","twitter_card":"summary_large_image","twitter_misc":{"Escrito por":"Henrique Machado","Est. tempo de leitura":"3 minutos"},"schema":{"@context":"https:\/\/schema.org","@graph":[{"@type":"NewsArticle","@id":"https:\/\/www.gaveanews.com\/index.php\/2025\/01\/16\/weverton-marcelo-lomba-mateus-mayke-marcos-rocha-giay-caio-paulista-vanderlan-piquerez-murilo-gustavo-gomez-naves-michel-anibal-moreno-fabinho-atuesta-ze-rafael-richard-rios-romulo\/#article","isPartOf":{"@id":"https:\/\/www.gaveanews.com\/index.php\/2025\/01\/16\/weverton-marcelo-lomba-mateus-mayke-marcos-rocha-giay-caio-paulista-vanderlan-piquerez-murilo-gustavo-gomez-naves-michel-anibal-moreno-fabinho-atuesta-ze-rafael-richard-rios-romulo\/"},"author":{"name":"Henrique Machado","@id":"https:\/\/www.gaveanews.com\/#\/schema\/person\/fd07635ec039ec3ba74ad18ec8a6dbd6"},"headline":"Weverton, Marcelo Lomba, Mateus, Mayke, Marcos Rocha, Giay, Caio Paulista, Vanderlan, Piquerez, Murilo, Gustavo G\u00f3mez, Naves, Michel, An\u00edbal Moreno, Fabinho, Atuesta, Z\u00e9 Rafael, Richard R\u00edos, R\u00f4mulo, Raphael Veiga, Maur\u00edcio, Felipe Anderson, Bruno Rodrigues, Facundo Torres, Rony, Flaco L\u00f3pez, Benedetti, Figueiredo, Allan, Est\u00eav\u00e3o, Luighi, Thalys: os jogadores inscritos pelo Palmeiras no Paulist\u00e3o","datePublished":"2025-01-16T12:40:00+00:00","mainEntityOfPage":{"@id":"https:\/\/www.gaveanews.com\/index.php\/2025\/01\/16\/weverton-marcelo-lomba-mateus-mayke-marcos-rocha-giay-caio-paulista-vanderlan-piquerez-murilo-gustavo-gomez-naves-michel-anibal-moreno-fabinho-atuesta-ze-rafael-richard-rios-romulo\/"},"wordCount":483,"commentCount":0,"image":{"@id":"https:\/\/www.gaveanews.com\/index.php\/2025\/01\/16\/weverton-marcelo-lomba-mateus-mayke-marcos-rocha-giay-caio-paulista-vanderlan-piquerez-murilo-gustavo-gomez-naves-michel-anibal-moreno-fabinho-atuesta-ze-rafael-richard-rios-romulo\/#primaryimage"},"thumbnailUrl":"https:\/\/www.gaveanews.com\/wp-content\/uploads\/O-jogador-Estevao-da-SE-Palmeiras-comemora-seu-contra-a-equipe-do-Botafogo-FC-durante-partida-valida-pela-terceira-fase-da-Copa-do-Brasil-na-arena-Allianz-Parque-1024x576-1.webp","articleSection":["Palmeiras"],"inLanguage":"pt-BR","potentialAction":[{"@type":"CommentAction","name":"Comment","target":["https:\/\/www.gaveanews.com\/index.php\/2025\/01\/16\/weverton-marcelo-lomba-mateus-mayke-marcos-rocha-giay-caio-paulista-vanderlan-piquerez-murilo-gustavo-gomez-naves-michel-anibal-moreno-fabinho-atuesta-ze-rafael-richard-rios-romulo\/#respond"]}],"copyrightYear":"2025","copyrightHolder":{"@id":"https:\/\/www.gaveanews.com\/#organization"}},{"@type":"WebPage","@id":"https:\/\/www.gaveanews.com\/index.php\/2025\/01\/16\/weverton-marcelo-lomba-mateus-mayke-marcos-rocha-giay-caio-paulista-vanderlan-piquerez-murilo-gustavo-gomez-naves-michel-anibal-moreno-fabinho-atuesta-ze-rafael-richard-rios-romulo\/","url":"https:\/\/www.gaveanews.com\/index.php\/2025\/01\/16\/weverton-marcelo-lomba-mateus-mayke-marcos-rocha-giay-caio-paulista-vanderlan-piquerez-murilo-gustavo-gomez-naves-michel-anibal-moreno-fabinho-atuesta-ze-rafael-richard-rios-romulo\/","name":"Weverton, Marcelo Lomba, Mateus, Mayke, Marcos Rocha, Giay, Caio Paulista, Vanderlan, Piquerez, Murilo, Gustavo G\u00f3mez, Naves, Michel, An\u00edbal Moreno, Fabinho, Atuesta, Z\u00e9 Rafael, Richard R\u00edos, R\u00f4mulo, Raphael Veiga, Maur\u00edcio, Felipe Anderson, Bruno Rodrigues, Facundo Torres, Rony, Flaco L\u00f3pez, Benedetti, Figueiredo, Allan, Est\u00eav\u00e3o, Luighi, Thalys: os jogadores inscritos pelo Palmeiras no Paulist\u00e3o","isPartOf":{"@id":"https:\/\/www.gaveanews.com\/#website"},"primaryImageOfPage":{"@id":"https:\/\/www.gaveanews.com\/index.php\/2025\/01\/16\/weverton-marcelo-lomba-mateus-mayke-marcos-rocha-giay-caio-paulista-vanderlan-piquerez-murilo-gustavo-gomez-naves-michel-anibal-moreno-fabinho-atuesta-ze-rafael-richard-rios-romulo\/#primaryimage"},"image":{"@id":"https:\/\/www.gaveanews.com\/index.php\/2025\/01\/16\/weverton-marcelo-lomba-mateus-mayke-marcos-rocha-giay-caio-paulista-vanderlan-piquerez-murilo-gustavo-gomez-naves-michel-anibal-moreno-fabinho-atuesta-ze-rafael-richard-rios-romulo\/#primaryimage"},"thumbnailUrl":"https:\/\/www.gaveanews.com\/wp-content\/uploads\/O-jogador-Estevao-da-SE-Palmeiras-comemora-seu-contra-a-equipe-do-Botafogo-FC-durante-partida-valida-pela-terceira-fase-da-Copa-do-Brasil-na-arena-Allianz-Parque-1024x576-1.webp","datePublished":"2025-01-16T12:40:00+00:00","author":{"@id":"https:\/\/www.gaveanews.com\/#\/schema\/person\/fd07635ec039ec3ba74ad18ec8a6dbd6"},"breadcrumb":{"@id":"https:\/\/www.gaveanews.com\/index.php\/2025\/01\/16\/weverton-marcelo-lomba-mateus-mayke-marcos-rocha-giay-caio-paulista-vanderlan-piquerez-murilo-gustavo-gomez-naves-michel-anibal-moreno-fabinho-atuesta-ze-rafael-richard-rios-romulo\/#breadcrumb"},"inLanguage":"pt-BR","potentialAction":[{"@type":"ReadAction","target":["https:\/\/www.gaveanews.com\/index.php\/2025\/01\/16\/weverton-marcelo-lomba-mateus-mayke-marcos-rocha-giay-caio-paulista-vanderlan-piquerez-murilo-gustavo-gomez-naves-michel-anibal-moreno-fabinho-atuesta-ze-rafael-richard-rios-romulo\/"]}]},{"@type":"ImageObject","inLanguage":"pt-BR","@id":"https:\/\/www.gaveanews.com\/index.php\/2025\/01\/16\/weverton-marcelo-lomba-mateus-mayke-marcos-rocha-giay-caio-paulista-vanderlan-piquerez-murilo-gustavo-gomez-naves-michel-anibal-moreno-fabinho-atuesta-ze-rafael-richard-rios-romulo\/#primaryimage","url":"https:\/\/www.gaveanews.com\/wp-content\/uploads\/O-jogador-Estevao-da-SE-Palmeiras-comemora-seu-contra-a-equipe-do-Botafogo-FC-durante-partida-valida-pela-terceira-fase-da-Copa-do-Brasil-na-arena-Allianz-Parque-1024x576-1.webp","contentUrl":"https:\/\/www.gaveanews.com\/wp-content\/uploads\/O-jogador-Estevao-da-SE-Palmeiras-comemora-seu-contra-a-equipe-do-Botafogo-FC-durante-partida-valida-pela-terceira-fase-da-Copa-do-Brasil-na-arena-Allianz-Parque-1024x576-1.webp","width":1024,"height":576,"caption":"O jogador Est\u00eav\u00e3o - Foto: Cesar Greco\/Palmeiras\/by Canon"},{"@type":"BreadcrumbList","@id":"https:\/\/www.gaveanews.com\/index.php\/2025\/01\/16\/weverton-marcelo-lomba-mateus-mayke-marcos-rocha-giay-caio-paulista-vanderlan-piquerez-murilo-gustavo-gomez-naves-michel-anibal-moreno-fabinho-atuesta-ze-rafael-richard-rios-romulo\/#breadcrumb","itemListElement":[{"@type":"ListItem","position":1,"name":"Home","item":"https:\/\/www.gaveanews.com\/"},{"@type":"ListItem","position":2,"name":"Weverton, Marcelo Lomba, Mateus, Mayke, Marcos Rocha, Giay, Caio Paulista, Vanderlan, Piquerez, Murilo, Gustavo G\u00f3mez, Naves, Michel, An\u00edbal Moreno, Fabinho, Atuesta, Z\u00e9 Rafael, Richard R\u00edos, R\u00f4mulo, Raphael Veiga, Maur\u00edcio, Felipe Anderson, Bruno Rodrigues, Facundo Torres, Rony, Flaco L\u00f3pez, Benedetti, Figueiredo, Allan, Est\u00eav\u00e3o, Luighi, Thalys: os jogadores inscritos pelo Palmeiras no Paulist\u00e3o"}]},{"@type":"WebSite","@id":"https:\/\/www.gaveanews.com\/#website","url":"https:\/\/www.gaveanews.com\/","name":"G\u00e1vea News","description":"Veja todas as not\u00edcias sobre o Flamengo: Contrata\u00e7\u00f5es, categorias de base, resultados das partidas, tabela de classifica\u00e7\u00e3o, pr\u00f3ximos jogos!","potentialAction":[{"@type":"SearchAction","target":{"@type":"EntryPoint","urlTemplate":"https:\/\/www.gaveanews.com\/?s={search_term_string}"},"query-input":{"@type":"PropertyValueSpecification","valueRequired":true,"valueName":"search_term_string"}}],"inLanguage":"pt-BR"},{"@type":"Person","@id":"https:\/\/www.gaveanews.com\/#\/schema\/person\/fd07635ec039ec3ba74ad18ec8a6dbd6","name":"Henrique Machado","image":{"@type":"ImageObject","inLanguage":"pt-BR","@id":"https:\/\/www.gaveanews.com\/#\/schema\/person\/image\/","url":"https:\/\/secure.gravatar.com\/avatar\/b95e35997e01d9800c1b6184bd79d4d898d370a3fce2584f5c77b907d5c7d9e9?s=96&d=mm&r=g","contentUrl":"https:\/\/secure.gravatar.com\/avatar\/b95e35997e01d9800c1b6184bd79d4d898d370a3fce2584f5c77b907d5c7d9e9?s=96&d=mm&r=g","caption":"Henrique Machado"}}]}},"_links":{"self":[{"href":"https:\/\/www.gaveanews.com\/index.php\/wp-json\/wp\/v2\/posts\/213221","targetHints":{"allow":["GET"]}}],"collection":[{"href":"https:\/\/www.gaveanews.com\/index.php\/wp-json\/wp\/v2\/posts"}],"about":[{"href":"https:\/\/www.gaveanews.com\/index.php\/wp-json\/wp\/v2\/types\/post"}],"author":[{"embeddable":true,"href":"https:\/\/www.gaveanews.com\/index.php\/wp-json\/wp\/v2\/users\/15"}],"replies":[{"embeddable":true,"href":"https:\/\/www.gaveanews.com\/index.php\/wp-json\/wp\/v2\/comments?post=213221"}],"version-history":[{"count":3,"href":"https:\/\/www.gaveanews.com\/index.php\/wp-json\/wp\/v2\/posts\/213221\/revisions"}],"predecessor-version":[{"id":213234,"href":"https:\/\/www.gaveanews.com\/index.php\/wp-json\/wp\/v2\/posts\/213221\/revisions\/213234"}],"wp:featuredmedia":[{"embeddable":true,"href":"https:\/\/www.gaveanews.com\/index.php\/wp-json\/wp\/v2\/media\/141974"}],"wp:attachment":[{"href":"https:\/\/www.gaveanews.com\/index.php\/wp-json\/wp\/v2\/media?parent=213221"}],"wp:term":[{"taxonomy":"category","embeddable":true,"href":"https:\/\/www.gaveanews.com\/index.php\/wp-json\/wp\/v2\/categories?post=213221"},{"taxonomy":"post_tag","embeddable":true,"href":"https:\/\/www.gaveanews.com\/index.php\/wp-json\/wp\/v2\/tags?post=213221"}],"curies":[{"name":"wp","href":"https:\/\/api.w.org\/{rel}","templated":true}]}}