{"id":213281,"date":"2025-01-16T05:05:00","date_gmt":"2025-01-16T08:05:00","guid":{"rendered":"https:\/\/www.gaveanews.com\/?p=213281"},"modified":"2025-01-16T01:17:37","modified_gmt":"2025-01-16T04:17:37","slug":"declaracao-de-cuca-atitude-de-santos-e-contratacao-de-lateral-as-ultimas-noticias-do-atletico-mg","status":"publish","type":"post","link":"https:\/\/www.gaveanews.com\/index.php\/2025\/01\/16\/declaracao-de-cuca-atitude-de-santos-e-contratacao-de-lateral-as-ultimas-noticias-do-atletico-mg\/","title":{"rendered":"Declara\u00e7\u00e3o de Cuca, atitude de Santos e contrata\u00e7\u00e3o de lateral: as \u00faltimas not\u00edcias do Atl\u00e9tico-MG"},"content":{"rendered":"\n<p>Nas \u00faltimas horas, o foco das not\u00edcias sobre o Atl\u00e9tico-MG se concentram nos bastidores do clube, com destaques do dia a dia do time.<\/p>\n\n\n\n<p>Por conta deste contexto, leia abaixo um resumo preparado pela equipe do portal G\u00e1vea News para lhe manter muito bem informado!<\/p>\n\n\n\n<h2 class=\"wp-block-heading\" id=\"h-contratacao-de-lateral\">Contrata\u00e7\u00e3o de lateral<\/h2>\n\n\n\n<p>O Atl\u00e9tico-MG acertou a contrata\u00e7\u00e3o do lateral-direito Natanael, do Coritiba, por R$ 7 milh\u00f5es. O jogador, que deve chegar a Belo Horizonte para exames m\u00e9dicos e assinatura de contrato, era titular absoluto do clube paranaense desde 2021, acumulando 183 partidas, tr\u00eas gols e 12 assist\u00eancias. A negocia\u00e7\u00e3o foi acelerada para evitar que Natanael assinasse um pr\u00e9-contrato em julho, j\u00e1 que ele havia recusado as propostas de renova\u00e7\u00e3o feitas pelo Coxa <strong><a href=\"https:\/\/www.gaveanews.com\/index.php\/2025\/01\/14\/atletico-mg-acerta-contratacao-de-lateral-veja-valores\/\">(leia a mat\u00e9ria completa).<\/a><\/strong><\/p>\n\n\n\n<blockquote class=\"instagram-media\" data-instgrm-permalink=\"https:\/\/www.instagram.com\/p\/DBsIIUuteO_\/?utm_source=ig_embed&amp;utm_campaign=loading\" data-instgrm-version=\"14\" style=\" background:#FFF; border:0; border-radius:3px; box-shadow:0 0 1px 0 rgba(0,0,0,0.5),0 1px 10px 0 rgba(0,0,0,0.15); margin: 1px; max-width:540px; min-width:326px; padding:0; width:99.375%; width:-webkit-calc(100% - 2px); width:calc(100% - 2px);\"><div style=\"padding:16px;\"> <a href=\"https:\/\/www.instagram.com\/p\/DBsIIUuteO_\/?utm_source=ig_embed&amp;utm_campaign=loading\" style=\" background:#FFFFFF; line-height:0; padding:0 0; text-align:center; text-decoration:none; width:100%;\" target=\"_blank\"> <div style=\" display: flex; flex-direction: row; align-items: center;\"> <div style=\"background-color: #F4F4F4; border-radius: 50%; flex-grow: 0; height: 40px; margin-right: 14px; width: 40px;\"><\/div> <div style=\"display: flex; flex-direction: column; flex-grow: 1; justify-content: center;\"> <div style=\" background-color: #F4F4F4; border-radius: 4px; flex-grow: 0; height: 14px; margin-bottom: 6px; width: 100px;\"><\/div> <div style=\" background-color: #F4F4F4; border-radius: 4px; flex-grow: 0; height: 14px; width: 60px;\"><\/div><\/div><\/div><div style=\"padding: 19% 0;\"><\/div> <div style=\"display:block; height:50px; margin:0 auto 12px; width:50px;\"><svg width=\"50px\" height=\"50px\" viewBox=\"0 0 60 60\" version=\"1.1\" xmlns=\"https:\/\/www.w3.org\/2000\/svg\" xmlns:xlink=\"https:\/\/www.w3.org\/1999\/xlink\"><g stroke=\"none\" stroke-width=\"1\" fill=\"none\" fill-rule=\"evenodd\"><g transform=\"translate(-511.000000, -20.000000)\" fill=\"#000000\"><g><path d=\"M556.869,30.41 C554.814,30.41 553.148,32.076 553.148,34.131 C553.148,36.186 554.814,37.852 556.869,37.852 C558.924,37.852 560.59,36.186 560.59,34.131 C560.59,32.076 558.924,30.41 556.869,30.41 M541,60.657 C535.114,60.657 530.342,55.887 530.342,50 C530.342,44.114 535.114,39.342 541,39.342 C546.887,39.342 551.658,44.114 551.658,50 C551.658,55.887 546.887,60.657 541,60.657 M541,33.886 C532.1,33.886 524.886,41.1 524.886,50 C524.886,58.899 532.1,66.113 541,66.113 C549.9,66.113 557.115,58.899 557.115,50 C557.115,41.1 549.9,33.886 541,33.886 M565.378,62.101 C565.244,65.022 564.756,66.606 564.346,67.663 C563.803,69.06 563.154,70.057 562.106,71.106 C561.058,72.155 560.06,72.803 558.662,73.347 C557.607,73.757 556.021,74.244 553.102,74.378 C549.944,74.521 548.997,74.552 541,74.552 C533.003,74.552 532.056,74.521 528.898,74.378 C525.979,74.244 524.393,73.757 523.338,73.347 C521.94,72.803 520.942,72.155 519.894,71.106 C518.846,70.057 518.197,69.06 517.654,67.663 C517.244,66.606 516.755,65.022 516.623,62.101 C516.479,58.943 516.448,57.996 516.448,50 C516.448,42.003 516.479,41.056 516.623,37.899 C516.755,34.978 517.244,33.391 517.654,32.338 C518.197,30.938 518.846,29.942 519.894,28.894 C520.942,27.846 521.94,27.196 523.338,26.654 C524.393,26.244 525.979,25.756 528.898,25.623 C532.057,25.479 533.004,25.448 541,25.448 C548.997,25.448 549.943,25.479 553.102,25.623 C556.021,25.756 557.607,26.244 558.662,26.654 C560.06,27.196 561.058,27.846 562.106,28.894 C563.154,29.942 563.803,30.938 564.346,32.338 C564.756,33.391 565.244,34.978 565.378,37.899 C565.522,41.056 565.552,42.003 565.552,50 C565.552,57.996 565.522,58.943 565.378,62.101 M570.82,37.631 C570.674,34.438 570.167,32.258 569.425,30.349 C568.659,28.377 567.633,26.702 565.965,25.035 C564.297,23.368 562.623,22.342 560.652,21.575 C558.743,20.834 556.562,20.326 553.369,20.18 C550.169,20.033 549.148,20 541,20 C532.853,20 531.831,20.033 528.631,20.18 C525.438,20.326 523.257,20.834 521.349,21.575 C519.376,22.342 517.703,23.368 516.035,25.035 C514.368,26.702 513.342,28.377 512.574,30.349 C511.834,32.258 511.326,34.438 511.181,37.631 C511.035,40.831 511,41.851 511,50 C511,58.147 511.035,59.17 511.181,62.369 C511.326,65.562 511.834,67.743 512.574,69.651 C513.342,71.625 514.368,73.296 516.035,74.965 C517.703,76.634 519.376,77.658 521.349,78.425 C523.257,79.167 525.438,79.673 528.631,79.82 C531.831,79.965 532.853,80.001 541,80.001 C549.148,80.001 550.169,79.965 553.369,79.82 C556.562,79.673 558.743,79.167 560.652,78.425 C562.623,77.658 564.297,76.634 565.965,74.965 C567.633,73.296 568.659,71.625 569.425,69.651 C570.167,67.743 570.674,65.562 570.82,62.369 C570.966,59.17 571,58.147 571,50 C571,41.851 570.966,40.831 570.82,37.631\"><\/path><\/g><\/g><\/g><\/svg><\/div><div style=\"padding-top: 8px;\"> <div style=\" color:#3897f0; font-family:Arial,sans-serif; font-size:14px; font-style:normal; font-weight:550; line-height:18px;\">Ver essa foto no Instagram<\/div><\/div><div style=\"padding: 12.5% 0;\"><\/div> <div style=\"display: flex; flex-direction: row; margin-bottom: 14px; align-items: center;\"><div> <div style=\"background-color: #F4F4F4; border-radius: 50%; height: 12.5px; width: 12.5px; transform: translateX(0px) translateY(7px);\"><\/div> <div style=\"background-color: #F4F4F4; height: 12.5px; transform: rotate(-45deg) translateX(3px) translateY(1px); width: 12.5px; flex-grow: 0; margin-right: 14px; margin-left: 2px;\"><\/div> <div style=\"background-color: #F4F4F4; border-radius: 50%; height: 12.5px; width: 12.5px; transform: translateX(9px) translateY(-18px);\"><\/div><\/div><div style=\"margin-left: 8px;\"> <div style=\" background-color: #F4F4F4; border-radius: 50%; flex-grow: 0; height: 20px; width: 20px;\"><\/div> <div style=\" width: 0; height: 0; border-top: 2px solid transparent; border-left: 6px solid #f4f4f4; border-bottom: 2px solid transparent; transform: translateX(16px) translateY(-4px) rotate(30deg)\"><\/div><\/div><div style=\"margin-left: auto;\"> <div style=\" width: 0px; border-top: 8px solid #F4F4F4; border-right: 8px solid transparent; transform: translateY(16px);\"><\/div> <div style=\" background-color: #F4F4F4; flex-grow: 0; height: 12px; width: 16px; transform: translateY(-4px);\"><\/div> <div style=\" width: 0; height: 0; border-top: 8px solid #F4F4F4; border-left: 8px solid transparent; transform: translateY(-4px) translateX(8px);\"><\/div><\/div><\/div> <div style=\"display: flex; flex-direction: column; flex-grow: 1; justify-content: center; margin-bottom: 24px;\"> <div style=\" background-color: #F4F4F4; border-radius: 4px; flex-grow: 0; height: 14px; margin-bottom: 6px; width: 224px;\"><\/div> <div style=\" background-color: #F4F4F4; border-radius: 4px; flex-grow: 0; height: 14px; width: 144px;\"><\/div><\/div><\/a><p style=\" color:#c9c8cd; font-family:Arial,sans-serif; font-size:14px; line-height:17px; margin-bottom:0; margin-top:8px; overflow:hidden; padding:8px 0 7px; text-align:center; text-overflow:ellipsis; white-space:nowrap;\"><a href=\"https:\/\/www.instagram.com\/p\/DBsIIUuteO_\/?utm_source=ig_embed&amp;utm_campaign=loading\" style=\" color:#c9c8cd; font-family:Arial,sans-serif; font-size:14px; font-style:normal; font-weight:normal; line-height:17px; text-decoration:none;\" target=\"_blank\">Uma publica\u00e7\u00e3o compartilhada por Natanael Moreira Milouski (@natanael0216)<\/a><\/p><\/div><\/blockquote>\n<script async src=\"\/\/www.instagram.com\/embed.js\"><\/script>\n\n\n\n<p>A lateral-direita era uma prioridade para o Galo, que atualmente conta apenas com Saravia na posi\u00e7\u00e3o. O interesse em Natanael surgiu nas \u00faltimas semanas, com o S\u00e3o Paulo sendo o primeiro clube a manifestar desejo de contrat\u00e1-lo. <\/p>\n\n\n\n<p>No entanto, as propostas do Tricolor Paulista, que inclu\u00edam pagamentos a longo prazo e tentativa de troca por Luan, n\u00e3o agradaram ao Coritiba. Assim, o Atl\u00e9tico-MG avan\u00e7ou na negocia\u00e7\u00e3o e garantiu a contrata\u00e7\u00e3o.<\/p>\n\n\n\n<p>Natanael chega ao Atl\u00e9tico-MG como uma aposta para refor\u00e7ar o setor defensivo em 2025. O jogador teve um desempenho s\u00f3lido na \u00faltima temporada, com dois gols e seis assist\u00eancias em 48 jogos, mostrando-se um lateral vers\u00e1til e consistente. Sua chegada refor\u00e7a o elenco do Galo, que busca melhorias ap\u00f3s um ano desafiador e trabalha para atender \u00e0s demandas da torcida por mais competitividade e resultados expressivos.<\/p>\n\n\n\n<h2 class=\"wp-block-heading\" id=\"h-atitude-de-santos\">Atitude de Santos<\/h2>\n\n\n\n<p>O Atl\u00e9tico-MG, sob o comando de Cuca, est\u00e1 interessado em contratar Yeferson Soteldo, mas o Santos n\u00e3o parece disposto a abrir m\u00e3o do atacante venezuelano. Apesar de contatos entre Rafael Menin, da SAF do Galo, e a diretoria santista, as negocia\u00e7\u00f5es n\u00e3o avan\u00e7aram, j\u00e1 que o jogador \u00e9 visto como pe\u00e7a-chave nos planos de Pedro Caixinha para a temporada 2025. Soteldo tem se destacado nos treinos de pr\u00e9-temporada e ser\u00e1 titular na estreia do Santos no Paulist\u00e3o, contra o Mirassol, refor\u00e7ando sua import\u00e2ncia no elenco <strong><a href=\"https:\/\/www.gaveanews.com\/index.php\/2025\/01\/14\/soltedo-no-atletico-mg-santos-toma-atitude\/\">(leia a mat\u00e9ria completa).<\/a><\/strong><\/p>\n\n\n\n<figure class=\"wp-block-image size-large\"><img loading=\"lazy\" decoding=\"async\" width=\"1024\" height=\"832\" src=\"https:\/\/www.gaveanews.com\/wp-content\/uploads\/Escudo-do-Santos-1-1024x832.webp\" alt=\"\" class=\"wp-image-152156\" srcset=\"https:\/\/www.gaveanews.com\/wp-content\/uploads\/Escudo-do-Santos-1-1024x832.webp 1024w, https:\/\/www.gaveanews.com\/wp-content\/uploads\/Escudo-do-Santos-1-300x244.webp 300w, https:\/\/www.gaveanews.com\/wp-content\/uploads\/Escudo-do-Santos-1-768x624.webp 768w, https:\/\/www.gaveanews.com\/wp-content\/uploads\/Escudo-do-Santos-1-517x420.webp 517w, https:\/\/www.gaveanews.com\/wp-content\/uploads\/Escudo-do-Santos-1-1034x840.webp 1034w, https:\/\/www.gaveanews.com\/wp-content\/uploads\/Escudo-do-Santos-1-640x520.webp 640w, https:\/\/www.gaveanews.com\/wp-content\/uploads\/Escudo-do-Santos-1-1280x1040.webp 1280w, https:\/\/www.gaveanews.com\/wp-content\/uploads\/Escudo-do-Santos-1-681x553.webp 681w, https:\/\/www.gaveanews.com\/wp-content\/uploads\/Escudo-do-Santos-1-100x81.webp 100w, https:\/\/www.gaveanews.com\/wp-content\/uploads\/Escudo-do-Santos-1.webp 1300w\" sizes=\"auto, (max-width: 1024px) 100vw, 1024px\" \/><figcaption class=\"wp-element-caption\">Escudo do Santos (Foto: Reprodu\u00e7\u00e3o\/Instagram)<\/figcaption><\/figure>\n\n\n\n<p>O t\u00e9cnico Cuca mant\u00e9m esperan\u00e7as de trazer Soteldo para o Atl\u00e9tico-MG, destacando sua confian\u00e7a no potencial do jogador, com quem trabalhou em 2022. Mesmo com conversas diretas entre o treinador e o atacante, o Santos segue firme na decis\u00e3o de n\u00e3o facilitar sua sa\u00edda, especialmente ap\u00f3s seu retorno de empr\u00e9stimo ao Gr\u00eamio, que n\u00e3o exerceu a op\u00e7\u00e3o de compra estipulada em US$ 5 milh\u00f5es. Para o momento, o cen\u00e1rio aponta para a perman\u00eancia do venezuelano na Vila Belmiro.<\/p>\n\n\n\n<p>Soteldo, considerado um dos atletas mais talentosos de sua gera\u00e7\u00e3o, continua sendo uma figura de destaque no mercado de transfer\u00eancias. Sua experi\u00eancia e habilidade t\u00e9cnica despertam interesse de grandes clubes, como o Galo, mas a resist\u00eancia do Santos dificulta qualquer avan\u00e7o nas tratativas. Ainda assim, o Atl\u00e9tico-MG monitora a situa\u00e7\u00e3o, esperando por uma abertura futura que viabilize a negocia\u00e7\u00e3o.<\/p>\n\n\n\n<h2 class=\"wp-block-heading\" id=\"h-declaracao-de-cuca\">Declara\u00e7\u00e3o de Cuca<\/h2>\n\n\n\n<p>Cuca foi apresentado oficialmente como t\u00e9cnico do Atl\u00e9tico-MG para sua quarta passagem no clube, com contrato v\u00e1lido por duas temporadas. Durante a coletiva, al\u00e9m de falar sobre o planejamento para a equipe, o treinador abordou o pol\u00eamico caso de estupro ocorrido na Su\u00ed\u00e7a nos anos 1980. Cuca reafirmou seu compromisso com a mudan\u00e7a pessoal, destacando que tem trabalhado ativamente em palestras e a\u00e7\u00f5es para promover o respeito \u00e0s mulheres. Ele reconheceu o machismo presente na sociedade e no futebol, assumindo a responsabilidade de contribuir para um ambiente mais inclusivo e respeitoso <strong><a href=\"https:\/\/www.gaveanews.com\/index.php\/2025\/01\/14\/atletico-mg-a-declaracao-de-cuca-sobre-caso-judicial-polemico\/\">(leia a mat\u00e9ria completa).<\/a><\/strong><\/p>\n\n\n\n<figure class=\"wp-block-image size-full\"><img loading=\"lazy\" decoding=\"async\" width=\"1024\" height=\"683\" src=\"https:\/\/www.gaveanews.com\/wp-content\/uploads\/Cuca-tecnico-do-Atletico-MG.webp\" alt=\"\" class=\"wp-image-68026\" srcset=\"https:\/\/www.gaveanews.com\/wp-content\/uploads\/Cuca-tecnico-do-Atletico-MG.webp 1024w, https:\/\/www.gaveanews.com\/wp-content\/uploads\/Cuca-tecnico-do-Atletico-MG-300x200.webp 300w, https:\/\/www.gaveanews.com\/wp-content\/uploads\/Cuca-tecnico-do-Atletico-MG-768x512.webp 768w, https:\/\/www.gaveanews.com\/wp-content\/uploads\/Cuca-tecnico-do-Atletico-MG-630x420.webp 630w, https:\/\/www.gaveanews.com\/wp-content\/uploads\/Cuca-tecnico-do-Atletico-MG-640x427.webp 640w, https:\/\/www.gaveanews.com\/wp-content\/uploads\/Cuca-tecnico-do-Atletico-MG-681x454.webp 681w, https:\/\/www.gaveanews.com\/wp-content\/uploads\/Cuca-tecnico-do-Atletico-MG-1022x683.webp 1022w, https:\/\/www.gaveanews.com\/wp-content\/uploads\/Cuca-tecnico-do-Atletico-MG-100x67.webp 100w\" sizes=\"auto, (max-width: 1024px) 100vw, 1024px\" \/><figcaption class=\"wp-element-caption\">Cuca como treinador do Atl\u00e9tico-MG (Foto: Bruno Cantini\/Atl\u00e9tico-MG)<\/figcaption><\/figure>\n\n\n\n<p>Sobre o caso judicial, Cuca esclareceu que a Justi\u00e7a Su\u00ed\u00e7a anulou a condena\u00e7\u00e3o de 15 meses de pris\u00e3o e multa, sem reavaliar o m\u00e9rito das acusa\u00e7\u00f5es, devido \u00e0 aus\u00eancia de defesa oficial na \u00e9poca e \u00e0 prescri\u00e7\u00e3o do crime. Ele tamb\u00e9m recebeu uma indeniza\u00e7\u00e3o de 9,5 mil francos su\u00ed\u00e7os, conforme decis\u00e3o do tribunal. O t\u00e9cnico aproveitou para refor\u00e7ar sua disposi\u00e7\u00e3o de aprender com os erros do passado e contribuir positivamente para mudan\u00e7as sociais.<\/p>\n\n\n\n<p>Com fome de novos desafios, Cuca demonstrou entusiasmo por seu retorno ao Galo, que ele considera sua casa. O contrato mais longo foi um pedido pessoal, refletindo sua vontade de criar um projeto s\u00f3lido com o clube. Ele afirmou estar renovado e motivado para alcan\u00e7ar grandes conquistas, ap\u00f3s um per\u00edodo afastado da rotina do futebol. A torcida do Atl\u00e9tico-MG agora aguarda os primeiros resultados dessa nova etapa sob o comando do treinador.<\/p>\n","protected":false},"excerpt":{"rendered":"<p>Nas \u00faltimas horas, o foco das not\u00edcias sobre o Atl\u00e9tico-MG se concentram nos bastidores do clube, com destaques do dia a dia do time. Por conta deste contexto, leia abaixo um resumo preparado pela equipe do portal G\u00e1vea News para lhe manter muito bem informado! Contrata\u00e7\u00e3o de lateral O Atl\u00e9tico-MG acertou a contrata\u00e7\u00e3o do lateral-direito [&hellip;]<\/p>\n","protected":false},"author":27,"featured_media":109263,"comment_status":"open","ping_status":"closed","sticky":false,"template":"","format":"standard","meta":{"footnotes":""},"categories":[136],"tags":[],"class_list":["post-213281","post","type-post","status-publish","format-standard","has-post-thumbnail","hentry","category-atletico-mg"],"yoast_head":"<!-- This site is optimized with the Yoast SEO Premium plugin v24.2 (Yoast SEO v26.9) - https:\/\/yoast.com\/product\/yoast-seo-premium-wordpress\/ -->\n<title>Declara\u00e7\u00e3o de Cuca, atitude de Santos e contrata\u00e7\u00e3o de lateral: as \u00faltimas not\u00edcias do Atl\u00e9tico-MG<\/title>\n<meta name=\"robots\" content=\"index, follow, max-snippet:-1, max-image-preview:large, max-video-preview:-1\" \/>\n<link rel=\"canonical\" href=\"https:\/\/www.gaveanews.com\/index.php\/2025\/01\/16\/declaracao-de-cuca-atitude-de-santos-e-contratacao-de-lateral-as-ultimas-noticias-do-atletico-mg\/\" \/>\n<meta property=\"og:locale\" content=\"pt_BR\" \/>\n<meta property=\"og:type\" content=\"article\" \/>\n<meta property=\"og:title\" content=\"Declara\u00e7\u00e3o de Cuca, atitude de Santos e contrata\u00e7\u00e3o de lateral: as \u00faltimas not\u00edcias do Atl\u00e9tico-MG\" \/>\n<meta property=\"og:description\" content=\"Nas \u00faltimas horas, o foco das not\u00edcias sobre o Atl\u00e9tico-MG se concentram nos bastidores do clube, com destaques do dia a dia do time. Por conta deste contexto, leia abaixo um resumo preparado pela equipe do portal G\u00e1vea News para lhe manter muito bem informado! Contrata\u00e7\u00e3o de lateral O Atl\u00e9tico-MG acertou a contrata\u00e7\u00e3o do lateral-direito [&hellip;]\" \/>\n<meta property=\"og:url\" content=\"https:\/\/www.gaveanews.com\/index.php\/2025\/01\/16\/declaracao-de-cuca-atitude-de-santos-e-contratacao-de-lateral-as-ultimas-noticias-do-atletico-mg\/\" \/>\n<meta property=\"og:site_name\" content=\"G\u00e1vea News\" \/>\n<meta property=\"article:publisher\" content=\"https:\/\/facebook.com\/gaveaNews\/\" \/>\n<meta property=\"article:published_time\" content=\"2025-01-16T08:05:00+00:00\" \/>\n<meta property=\"og:image\" content=\"https:\/\/www.gaveanews.com\/wp-content\/uploads\/arena-mrv-atletico-mg.webp\" \/>\n\t<meta property=\"og:image:width\" content=\"732\" \/>\n\t<meta property=\"og:image:height\" content=\"412\" \/>\n\t<meta property=\"og:image:type\" content=\"image\/webp\" \/>\n<meta name=\"author\" content=\"Matheus Felipe\" \/>\n<meta name=\"twitter:card\" content=\"summary_large_image\" \/>\n<meta name=\"twitter:label1\" content=\"Escrito por\" \/>\n\t<meta name=\"twitter:data1\" content=\"Matheus Felipe\" \/>\n\t<meta name=\"twitter:label2\" content=\"Est. tempo de leitura\" \/>\n\t<meta name=\"twitter:data2\" content=\"5 minutos\" \/>\n<script type=\"application\/ld+json\" class=\"yoast-schema-graph\">{\"@context\":\"https:\/\/schema.org\",\"@graph\":[{\"@type\":\"NewsArticle\",\"@id\":\"https:\/\/www.gaveanews.com\/index.php\/2025\/01\/16\/declaracao-de-cuca-atitude-de-santos-e-contratacao-de-lateral-as-ultimas-noticias-do-atletico-mg\/#article\",\"isPartOf\":{\"@id\":\"https:\/\/www.gaveanews.com\/index.php\/2025\/01\/16\/declaracao-de-cuca-atitude-de-santos-e-contratacao-de-lateral-as-ultimas-noticias-do-atletico-mg\/\"},\"author\":{\"name\":\"Matheus Felipe\",\"@id\":\"https:\/\/www.gaveanews.com\/#\/schema\/person\/8207cd4627f56151707418bfc835b2fb\"},\"headline\":\"Declara\u00e7\u00e3o de Cuca, atitude de Santos e contrata\u00e7\u00e3o de lateral: as \u00faltimas not\u00edcias do Atl\u00e9tico-MG\",\"datePublished\":\"2025-01-16T08:05:00+00:00\",\"mainEntityOfPage\":{\"@id\":\"https:\/\/www.gaveanews.com\/index.php\/2025\/01\/16\/declaracao-de-cuca-atitude-de-santos-e-contratacao-de-lateral-as-ultimas-noticias-do-atletico-mg\/\"},\"wordCount\":864,\"commentCount\":0,\"image\":{\"@id\":\"https:\/\/www.gaveanews.com\/index.php\/2025\/01\/16\/declaracao-de-cuca-atitude-de-santos-e-contratacao-de-lateral-as-ultimas-noticias-do-atletico-mg\/#primaryimage\"},\"thumbnailUrl\":\"https:\/\/www.gaveanews.com\/wp-content\/uploads\/arena-mrv-atletico-mg.webp\",\"articleSection\":[\"Atl\u00e9tico-MG\"],\"inLanguage\":\"pt-BR\",\"potentialAction\":[{\"@type\":\"CommentAction\",\"name\":\"Comment\",\"target\":[\"https:\/\/www.gaveanews.com\/index.php\/2025\/01\/16\/declaracao-de-cuca-atitude-de-santos-e-contratacao-de-lateral-as-ultimas-noticias-do-atletico-mg\/#respond\"]}],\"copyrightYear\":\"2025\",\"copyrightHolder\":{\"@id\":\"https:\/\/www.gaveanews.com\/#organization\"}},{\"@type\":\"WebPage\",\"@id\":\"https:\/\/www.gaveanews.com\/index.php\/2025\/01\/16\/declaracao-de-cuca-atitude-de-santos-e-contratacao-de-lateral-as-ultimas-noticias-do-atletico-mg\/\",\"url\":\"https:\/\/www.gaveanews.com\/index.php\/2025\/01\/16\/declaracao-de-cuca-atitude-de-santos-e-contratacao-de-lateral-as-ultimas-noticias-do-atletico-mg\/\",\"name\":\"Declara\u00e7\u00e3o de Cuca, atitude de Santos e contrata\u00e7\u00e3o de lateral: as \u00faltimas not\u00edcias do Atl\u00e9tico-MG\",\"isPartOf\":{\"@id\":\"https:\/\/www.gaveanews.com\/#website\"},\"primaryImageOfPage\":{\"@id\":\"https:\/\/www.gaveanews.com\/index.php\/2025\/01\/16\/declaracao-de-cuca-atitude-de-santos-e-contratacao-de-lateral-as-ultimas-noticias-do-atletico-mg\/#primaryimage\"},\"image\":{\"@id\":\"https:\/\/www.gaveanews.com\/index.php\/2025\/01\/16\/declaracao-de-cuca-atitude-de-santos-e-contratacao-de-lateral-as-ultimas-noticias-do-atletico-mg\/#primaryimage\"},\"thumbnailUrl\":\"https:\/\/www.gaveanews.com\/wp-content\/uploads\/arena-mrv-atletico-mg.webp\",\"datePublished\":\"2025-01-16T08:05:00+00:00\",\"author\":{\"@id\":\"https:\/\/www.gaveanews.com\/#\/schema\/person\/8207cd4627f56151707418bfc835b2fb\"},\"breadcrumb\":{\"@id\":\"https:\/\/www.gaveanews.com\/index.php\/2025\/01\/16\/declaracao-de-cuca-atitude-de-santos-e-contratacao-de-lateral-as-ultimas-noticias-do-atletico-mg\/#breadcrumb\"},\"inLanguage\":\"pt-BR\",\"potentialAction\":[{\"@type\":\"ReadAction\",\"target\":[\"https:\/\/www.gaveanews.com\/index.php\/2025\/01\/16\/declaracao-de-cuca-atitude-de-santos-e-contratacao-de-lateral-as-ultimas-noticias-do-atletico-mg\/\"]}]},{\"@type\":\"ImageObject\",\"inLanguage\":\"pt-BR\",\"@id\":\"https:\/\/www.gaveanews.com\/index.php\/2025\/01\/16\/declaracao-de-cuca-atitude-de-santos-e-contratacao-de-lateral-as-ultimas-noticias-do-atletico-mg\/#primaryimage\",\"url\":\"https:\/\/www.gaveanews.com\/wp-content\/uploads\/arena-mrv-atletico-mg.webp\",\"contentUrl\":\"https:\/\/www.gaveanews.com\/wp-content\/uploads\/arena-mrv-atletico-mg.webp\",\"width\":732,\"height\":412,\"caption\":\"Arena MRV, est\u00e1dio do Atl\u00e9tico-MG (Foto: Pedro Souza\/Atl\u00e9tico-MG)\"},{\"@type\":\"BreadcrumbList\",\"@id\":\"https:\/\/www.gaveanews.com\/index.php\/2025\/01\/16\/declaracao-de-cuca-atitude-de-santos-e-contratacao-de-lateral-as-ultimas-noticias-do-atletico-mg\/#breadcrumb\",\"itemListElement\":[{\"@type\":\"ListItem\",\"position\":1,\"name\":\"Home\",\"item\":\"https:\/\/www.gaveanews.com\/\"},{\"@type\":\"ListItem\",\"position\":2,\"name\":\"Declara\u00e7\u00e3o de Cuca, atitude de Santos e contrata\u00e7\u00e3o de lateral: as \u00faltimas not\u00edcias do Atl\u00e9tico-MG\"}]},{\"@type\":\"WebSite\",\"@id\":\"https:\/\/www.gaveanews.com\/#website\",\"url\":\"https:\/\/www.gaveanews.com\/\",\"name\":\"G\u00e1vea News\",\"description\":\"Veja todas as not\u00edcias sobre o Flamengo: Contrata\u00e7\u00f5es, categorias de base, resultados das partidas, tabela de classifica\u00e7\u00e3o, pr\u00f3ximos jogos!\",\"potentialAction\":[{\"@type\":\"SearchAction\",\"target\":{\"@type\":\"EntryPoint\",\"urlTemplate\":\"https:\/\/www.gaveanews.com\/?s={search_term_string}\"},\"query-input\":{\"@type\":\"PropertyValueSpecification\",\"valueRequired\":true,\"valueName\":\"search_term_string\"}}],\"inLanguage\":\"pt-BR\"},{\"@type\":\"Person\",\"@id\":\"https:\/\/www.gaveanews.com\/#\/schema\/person\/8207cd4627f56151707418bfc835b2fb\",\"name\":\"Matheus Felipe\",\"image\":{\"@type\":\"ImageObject\",\"inLanguage\":\"pt-BR\",\"@id\":\"https:\/\/www.gaveanews.com\/#\/schema\/person\/image\/\",\"url\":\"https:\/\/secure.gravatar.com\/avatar\/a452ffbed9130f726358b298bb3a99ce4bd3c5338411f8440e87e14d74c7c087?s=96&d=mm&r=g\",\"contentUrl\":\"https:\/\/secure.gravatar.com\/avatar\/a452ffbed9130f726358b298bb3a99ce4bd3c5338411f8440e87e14d74c7c087?s=96&d=mm&r=g\",\"caption\":\"Matheus Felipe\"}}]}<\/script>\n<!-- \/ Yoast SEO Premium plugin. -->","yoast_head_json":{"title":"Declara\u00e7\u00e3o de Cuca, atitude de Santos e contrata\u00e7\u00e3o de lateral: as \u00faltimas not\u00edcias do Atl\u00e9tico-MG","robots":{"index":"index","follow":"follow","max-snippet":"max-snippet:-1","max-image-preview":"max-image-preview:large","max-video-preview":"max-video-preview:-1"},"canonical":"https:\/\/www.gaveanews.com\/index.php\/2025\/01\/16\/declaracao-de-cuca-atitude-de-santos-e-contratacao-de-lateral-as-ultimas-noticias-do-atletico-mg\/","og_locale":"pt_BR","og_type":"article","og_title":"Declara\u00e7\u00e3o de Cuca, atitude de Santos e contrata\u00e7\u00e3o de lateral: as \u00faltimas not\u00edcias do Atl\u00e9tico-MG","og_description":"Nas \u00faltimas horas, o foco das not\u00edcias sobre o Atl\u00e9tico-MG se concentram nos bastidores do clube, com destaques do dia a dia do time. Por conta deste contexto, leia abaixo um resumo preparado pela equipe do portal G\u00e1vea News para lhe manter muito bem informado! Contrata\u00e7\u00e3o de lateral O Atl\u00e9tico-MG acertou a contrata\u00e7\u00e3o do lateral-direito [&hellip;]","og_url":"https:\/\/www.gaveanews.com\/index.php\/2025\/01\/16\/declaracao-de-cuca-atitude-de-santos-e-contratacao-de-lateral-as-ultimas-noticias-do-atletico-mg\/","og_site_name":"G\u00e1vea News","article_publisher":"https:\/\/facebook.com\/gaveaNews\/","article_published_time":"2025-01-16T08:05:00+00:00","og_image":[{"width":732,"height":412,"url":"https:\/\/www.gaveanews.com\/wp-content\/uploads\/arena-mrv-atletico-mg.webp","type":"image\/webp"}],"author":"Matheus Felipe","twitter_card":"summary_large_image","twitter_misc":{"Escrito por":"Matheus Felipe","Est. tempo de leitura":"5 minutos"},"schema":{"@context":"https:\/\/schema.org","@graph":[{"@type":"NewsArticle","@id":"https:\/\/www.gaveanews.com\/index.php\/2025\/01\/16\/declaracao-de-cuca-atitude-de-santos-e-contratacao-de-lateral-as-ultimas-noticias-do-atletico-mg\/#article","isPartOf":{"@id":"https:\/\/www.gaveanews.com\/index.php\/2025\/01\/16\/declaracao-de-cuca-atitude-de-santos-e-contratacao-de-lateral-as-ultimas-noticias-do-atletico-mg\/"},"author":{"name":"Matheus Felipe","@id":"https:\/\/www.gaveanews.com\/#\/schema\/person\/8207cd4627f56151707418bfc835b2fb"},"headline":"Declara\u00e7\u00e3o de Cuca, atitude de Santos e contrata\u00e7\u00e3o de lateral: as \u00faltimas not\u00edcias do Atl\u00e9tico-MG","datePublished":"2025-01-16T08:05:00+00:00","mainEntityOfPage":{"@id":"https:\/\/www.gaveanews.com\/index.php\/2025\/01\/16\/declaracao-de-cuca-atitude-de-santos-e-contratacao-de-lateral-as-ultimas-noticias-do-atletico-mg\/"},"wordCount":864,"commentCount":0,"image":{"@id":"https:\/\/www.gaveanews.com\/index.php\/2025\/01\/16\/declaracao-de-cuca-atitude-de-santos-e-contratacao-de-lateral-as-ultimas-noticias-do-atletico-mg\/#primaryimage"},"thumbnailUrl":"https:\/\/www.gaveanews.com\/wp-content\/uploads\/arena-mrv-atletico-mg.webp","articleSection":["Atl\u00e9tico-MG"],"inLanguage":"pt-BR","potentialAction":[{"@type":"CommentAction","name":"Comment","target":["https:\/\/www.gaveanews.com\/index.php\/2025\/01\/16\/declaracao-de-cuca-atitude-de-santos-e-contratacao-de-lateral-as-ultimas-noticias-do-atletico-mg\/#respond"]}],"copyrightYear":"2025","copyrightHolder":{"@id":"https:\/\/www.gaveanews.com\/#organization"}},{"@type":"WebPage","@id":"https:\/\/www.gaveanews.com\/index.php\/2025\/01\/16\/declaracao-de-cuca-atitude-de-santos-e-contratacao-de-lateral-as-ultimas-noticias-do-atletico-mg\/","url":"https:\/\/www.gaveanews.com\/index.php\/2025\/01\/16\/declaracao-de-cuca-atitude-de-santos-e-contratacao-de-lateral-as-ultimas-noticias-do-atletico-mg\/","name":"Declara\u00e7\u00e3o de Cuca, atitude de Santos e contrata\u00e7\u00e3o de lateral: as \u00faltimas not\u00edcias do Atl\u00e9tico-MG","isPartOf":{"@id":"https:\/\/www.gaveanews.com\/#website"},"primaryImageOfPage":{"@id":"https:\/\/www.gaveanews.com\/index.php\/2025\/01\/16\/declaracao-de-cuca-atitude-de-santos-e-contratacao-de-lateral-as-ultimas-noticias-do-atletico-mg\/#primaryimage"},"image":{"@id":"https:\/\/www.gaveanews.com\/index.php\/2025\/01\/16\/declaracao-de-cuca-atitude-de-santos-e-contratacao-de-lateral-as-ultimas-noticias-do-atletico-mg\/#primaryimage"},"thumbnailUrl":"https:\/\/www.gaveanews.com\/wp-content\/uploads\/arena-mrv-atletico-mg.webp","datePublished":"2025-01-16T08:05:00+00:00","author":{"@id":"https:\/\/www.gaveanews.com\/#\/schema\/person\/8207cd4627f56151707418bfc835b2fb"},"breadcrumb":{"@id":"https:\/\/www.gaveanews.com\/index.php\/2025\/01\/16\/declaracao-de-cuca-atitude-de-santos-e-contratacao-de-lateral-as-ultimas-noticias-do-atletico-mg\/#breadcrumb"},"inLanguage":"pt-BR","potentialAction":[{"@type":"ReadAction","target":["https:\/\/www.gaveanews.com\/index.php\/2025\/01\/16\/declaracao-de-cuca-atitude-de-santos-e-contratacao-de-lateral-as-ultimas-noticias-do-atletico-mg\/"]}]},{"@type":"ImageObject","inLanguage":"pt-BR","@id":"https:\/\/www.gaveanews.com\/index.php\/2025\/01\/16\/declaracao-de-cuca-atitude-de-santos-e-contratacao-de-lateral-as-ultimas-noticias-do-atletico-mg\/#primaryimage","url":"https:\/\/www.gaveanews.com\/wp-content\/uploads\/arena-mrv-atletico-mg.webp","contentUrl":"https:\/\/www.gaveanews.com\/wp-content\/uploads\/arena-mrv-atletico-mg.webp","width":732,"height":412,"caption":"Arena MRV, est\u00e1dio do Atl\u00e9tico-MG (Foto: Pedro Souza\/Atl\u00e9tico-MG)"},{"@type":"BreadcrumbList","@id":"https:\/\/www.gaveanews.com\/index.php\/2025\/01\/16\/declaracao-de-cuca-atitude-de-santos-e-contratacao-de-lateral-as-ultimas-noticias-do-atletico-mg\/#breadcrumb","itemListElement":[{"@type":"ListItem","position":1,"name":"Home","item":"https:\/\/www.gaveanews.com\/"},{"@type":"ListItem","position":2,"name":"Declara\u00e7\u00e3o de Cuca, atitude de Santos e contrata\u00e7\u00e3o de lateral: as \u00faltimas not\u00edcias do Atl\u00e9tico-MG"}]},{"@type":"WebSite","@id":"https:\/\/www.gaveanews.com\/#website","url":"https:\/\/www.gaveanews.com\/","name":"G\u00e1vea News","description":"Veja todas as not\u00edcias sobre o Flamengo: Contrata\u00e7\u00f5es, categorias de base, resultados das partidas, tabela de classifica\u00e7\u00e3o, pr\u00f3ximos jogos!","potentialAction":[{"@type":"SearchAction","target":{"@type":"EntryPoint","urlTemplate":"https:\/\/www.gaveanews.com\/?s={search_term_string}"},"query-input":{"@type":"PropertyValueSpecification","valueRequired":true,"valueName":"search_term_string"}}],"inLanguage":"pt-BR"},{"@type":"Person","@id":"https:\/\/www.gaveanews.com\/#\/schema\/person\/8207cd4627f56151707418bfc835b2fb","name":"Matheus Felipe","image":{"@type":"ImageObject","inLanguage":"pt-BR","@id":"https:\/\/www.gaveanews.com\/#\/schema\/person\/image\/","url":"https:\/\/secure.gravatar.com\/avatar\/a452ffbed9130f726358b298bb3a99ce4bd3c5338411f8440e87e14d74c7c087?s=96&d=mm&r=g","contentUrl":"https:\/\/secure.gravatar.com\/avatar\/a452ffbed9130f726358b298bb3a99ce4bd3c5338411f8440e87e14d74c7c087?s=96&d=mm&r=g","caption":"Matheus Felipe"}}]}},"_links":{"self":[{"href":"https:\/\/www.gaveanews.com\/index.php\/wp-json\/wp\/v2\/posts\/213281","targetHints":{"allow":["GET"]}}],"collection":[{"href":"https:\/\/www.gaveanews.com\/index.php\/wp-json\/wp\/v2\/posts"}],"about":[{"href":"https:\/\/www.gaveanews.com\/index.php\/wp-json\/wp\/v2\/types\/post"}],"author":[{"embeddable":true,"href":"https:\/\/www.gaveanews.com\/index.php\/wp-json\/wp\/v2\/users\/27"}],"replies":[{"embeddable":true,"href":"https:\/\/www.gaveanews.com\/index.php\/wp-json\/wp\/v2\/comments?post=213281"}],"version-history":[{"count":1,"href":"https:\/\/www.gaveanews.com\/index.php\/wp-json\/wp\/v2\/posts\/213281\/revisions"}],"predecessor-version":[{"id":213287,"href":"https:\/\/www.gaveanews.com\/index.php\/wp-json\/wp\/v2\/posts\/213281\/revisions\/213287"}],"wp:featuredmedia":[{"embeddable":true,"href":"https:\/\/www.gaveanews.com\/index.php\/wp-json\/wp\/v2\/media\/109263"}],"wp:attachment":[{"href":"https:\/\/www.gaveanews.com\/index.php\/wp-json\/wp\/v2\/media?parent=213281"}],"wp:term":[{"taxonomy":"category","embeddable":true,"href":"https:\/\/www.gaveanews.com\/index.php\/wp-json\/wp\/v2\/categories?post=213281"},{"taxonomy":"post_tag","embeddable":true,"href":"https:\/\/www.gaveanews.com\/index.php\/wp-json\/wp\/v2\/tags?post=213281"}],"curies":[{"name":"wp","href":"https:\/\/api.w.org\/{rel}","templated":true}]}}