{"id":21332,"date":"2019-06-04T00:18:04","date_gmt":"2019-06-04T03:18:04","guid":{"rendered":"https:\/\/www.gaveanews.com\/?p=21332"},"modified":"2019-06-04T00:18:48","modified_gmt":"2019-06-04T03:18:48","slug":"ciente-de-uma-possivel-negociacao-de-cuellar-diretoria-do-flamengo-agenda-reuniao-com-possivel-substituto-do-volante","status":"publish","type":"post","link":"https:\/\/www.gaveanews.com\/index.php\/2019\/06\/04\/ciente-de-uma-possivel-negociacao-de-cuellar-diretoria-do-flamengo-agenda-reuniao-com-possivel-substituto-do-volante\/","title":{"rendered":"Ciente de uma poss\u00edvel negocia\u00e7\u00e3o de Cuellar, diretoria do Flamengo agenda reuni\u00e3o com poss\u00edvel substituto do volante"},"content":{"rendered":"\n<p>As boas atua\u00e7\u00f5es de Cu\u00e9llar e a vitrine em que o jogador estar\u00e1 exposto \u2013 participar\u00e1 da Copa Am\u00e9rica a partir do dia 14 com a Sele\u00e7\u00e3o da Col\u00f4mbia \u2013 fazem com que a diretoria do Flamengo se movimente nos bastidores, a fim de n\u00e3o ser pega de surpresa diante de uma poss\u00edvel negocia\u00e7\u00e3o.<\/p>\n\n\n\n<p>O pr\u00f3prio camisa 8, mesmo ciente da sua import\u00e2ncia e do bom momento no clube Rubro-Negro, n\u00e3o nega que tem duas metas para cumprir (confira a declara\u00e7\u00e3o completa abaixo).<\/p>\n\n\n\n<p style=\"font-size:11px;text-align:right\" class=\"seguirInstagram\">(<a href=\"http:\/\/bit.ly\/Instagram-Gavea-News\">siga nosso perfil no Instagram: @GaveaNews<\/a>)<\/p>\n\n\n\n<figure class=\"wp-block-embed-instagram wp-block-embed is-type-rich is-provider-instagram\"><div class=\"wp-block-embed__wrapper\">\nhttps:\/\/www.instagram.com\/p\/ByQ47f8BzOi\/\n<\/div><\/figure>\n\n\n\n<p>Ciente deste desejo e das investidas que pode sofrer para vender o colombiano, dirigentes do Mais Querido mapeiam o mercado em busca de um substituto e se reunir\u00e3o em breve pela primeira vez com o volante Gerson, atualmente na Fiorentina, da It\u00e1lia, e revelado pelo Fluminense. A informa\u00e7\u00e3o \u00e9 do jornalista Ven\u00ea Casagrande, em seu Twitter.<\/p>\n\n\n\n<p>N\u00e3o \u00e9, no entanto, a primeira tentativa do clube da G\u00e1vea para repatriar o jogador. No final de 2018, o Flamengo j\u00e1 tinha o volante no radar e iniciou as negocia\u00e7\u00f5es, mas n\u00e3o obteve sucesso. Gerson \u00e9 jogador da Roma, tamb\u00e9m da It\u00e1lia, e est\u00e1 emprestado \u00e0 Fiorentina at\u00e9 o final deste m\u00eas de junho. O clube j\u00e1 sinalizou que n\u00e3o pretende emprest\u00e1-lo novamente e a tend\u00eancia, caso haja negocia\u00e7\u00e3o, \u00e9 pela venda do volante.<\/p>\n\n\n\n<p>Em 2015, quando contratado junto ao tricolor carioca, a equipe romanista pagou 16 milh\u00f5es de euros. Com apenas 22 anos, Gerson se destaca pelo bom passe e poder de marca\u00e7\u00e3o, mas tamb\u00e9m contribui ofensivamente: pela Fiorentina, nesta temporada, jogou 40 partidas, marcou tr\u00eas gols e deu quatro assist\u00eancias. Com mercado na Europa, a negocia\u00e7\u00e3o n\u00e3o envolve valores baixos, mas o Flamengo aposta no desejo do jogador de retornar ao seu pa\u00eds.<\/p>\n\n\n\n\n\n<p>Retirado de: Coluna do Flamengo<\/p>\n","protected":false},"excerpt":{"rendered":"<p>As boas atua\u00e7\u00f5es de Cu\u00e9llar e a vitrine em que o jogador estar\u00e1 exposto \u2013 participar\u00e1 da Copa Am\u00e9rica a partir do dia 14 com a Sele\u00e7\u00e3o da Col\u00f4mbia \u2013 fazem com que a diretoria do Flamengo se movimente nos bastidores, a fim de n\u00e3o ser pega de surpresa diante de uma poss\u00edvel negocia\u00e7\u00e3o. O [&hellip;]<\/p>\n","protected":false},"author":1,"featured_media":15387,"comment_status":"open","ping_status":"open","sticky":false,"template":"","format":"standard","meta":{"footnotes":""},"categories":[48],"tags":[],"class_list":["post-21332","post","type-post","status-publish","format-standard","has-post-thumbnail","hentry","category-negociacoes"],"yoast_head":"<!-- This site is optimized with the Yoast SEO Premium plugin v24.2 (Yoast SEO v26.9) - https:\/\/yoast.com\/product\/yoast-seo-premium-wordpress\/ -->\n<title>Ciente de uma poss\u00edvel negocia\u00e7\u00e3o de Cuellar, diretoria do Flamengo agenda reuni\u00e3o com poss\u00edvel substituto do volante<\/title>\n<meta name=\"robots\" content=\"index, follow, max-snippet:-1, max-image-preview:large, max-video-preview:-1\" \/>\n<link rel=\"canonical\" href=\"https:\/\/www.gaveanews.com\/index.php\/2019\/06\/04\/ciente-de-uma-possivel-negociacao-de-cuellar-diretoria-do-flamengo-agenda-reuniao-com-possivel-substituto-do-volante\/\" \/>\n<meta property=\"og:locale\" content=\"pt_BR\" \/>\n<meta property=\"og:type\" content=\"article\" \/>\n<meta property=\"og:title\" content=\"Ciente de uma poss\u00edvel negocia\u00e7\u00e3o de Cuellar, diretoria do Flamengo agenda reuni\u00e3o com poss\u00edvel substituto do volante\" \/>\n<meta property=\"og:description\" content=\"As boas atua\u00e7\u00f5es de Cu\u00e9llar e a vitrine em que o jogador estar\u00e1 exposto \u2013 participar\u00e1 da Copa Am\u00e9rica a partir do dia 14 com a Sele\u00e7\u00e3o da Col\u00f4mbia \u2013 fazem com que a diretoria do Flamengo se movimente nos bastidores, a fim de n\u00e3o ser pega de surpresa diante de uma poss\u00edvel negocia\u00e7\u00e3o. O [&hellip;]\" \/>\n<meta property=\"og:url\" content=\"https:\/\/www.gaveanews.com\/index.php\/2019\/06\/04\/ciente-de-uma-possivel-negociacao-de-cuellar-diretoria-do-flamengo-agenda-reuniao-com-possivel-substituto-do-volante\/\" \/>\n<meta property=\"og:site_name\" content=\"G\u00e1vea News\" \/>\n<meta property=\"article:publisher\" content=\"https:\/\/facebook.com\/gaveaNews\/\" \/>\n<meta property=\"article:published_time\" content=\"2019-06-04T03:18:04+00:00\" \/>\n<meta property=\"article:modified_time\" content=\"2019-06-04T03:18:48+00:00\" \/>\n<meta property=\"og:image\" content=\"https:\/\/www.gaveanews.com\/wp-content\/uploads\/2019\/03\/Cuellar-em-acao-pelo-Flamengo.webp\" \/>\n\t<meta property=\"og:image:width\" content=\"1\" \/>\n\t<meta property=\"og:image:height\" content=\"1\" \/>\n\t<meta property=\"og:image:type\" content=\"image\/jpeg\" \/>\n<meta name=\"author\" content=\"Equipe G\u00e1vea News\" \/>\n<meta name=\"twitter:card\" content=\"summary_large_image\" \/>\n<meta name=\"twitter:label1\" content=\"Escrito por\" \/>\n\t<meta name=\"twitter:data1\" content=\"Equipe G\u00e1vea News\" \/>\n\t<meta name=\"twitter:label2\" content=\"Est. tempo de leitura\" \/>\n\t<meta name=\"twitter:data2\" content=\"2 minutos\" \/>\n<script type=\"application\/ld+json\" class=\"yoast-schema-graph\">{\"@context\":\"https:\/\/schema.org\",\"@graph\":[{\"@type\":\"NewsArticle\",\"@id\":\"https:\/\/www.gaveanews.com\/index.php\/2019\/06\/04\/ciente-de-uma-possivel-negociacao-de-cuellar-diretoria-do-flamengo-agenda-reuniao-com-possivel-substituto-do-volante\/#article\",\"isPartOf\":{\"@id\":\"https:\/\/www.gaveanews.com\/index.php\/2019\/06\/04\/ciente-de-uma-possivel-negociacao-de-cuellar-diretoria-do-flamengo-agenda-reuniao-com-possivel-substituto-do-volante\/\"},\"author\":{\"name\":\"Equipe G\u00e1vea News\",\"@id\":\"https:\/\/www.gaveanews.com\/#\/schema\/person\/2ec14f73fb96be2caf28f91afb14749d\"},\"headline\":\"Ciente de uma poss\u00edvel negocia\u00e7\u00e3o de Cuellar, diretoria do Flamengo agenda reuni\u00e3o com poss\u00edvel substituto do volante\",\"datePublished\":\"2019-06-04T03:18:04+00:00\",\"dateModified\":\"2019-06-04T03:18:48+00:00\",\"mainEntityOfPage\":{\"@id\":\"https:\/\/www.gaveanews.com\/index.php\/2019\/06\/04\/ciente-de-uma-possivel-negociacao-de-cuellar-diretoria-do-flamengo-agenda-reuniao-com-possivel-substituto-do-volante\/\"},\"wordCount\":339,\"commentCount\":0,\"image\":{\"@id\":\"https:\/\/www.gaveanews.com\/index.php\/2019\/06\/04\/ciente-de-uma-possivel-negociacao-de-cuellar-diretoria-do-flamengo-agenda-reuniao-com-possivel-substituto-do-volante\/#primaryimage\"},\"thumbnailUrl\":\"https:\/\/www.gaveanews.com\/wp-content\/uploads\/2019\/03\/Cuellar-em-acao-pelo-Flamengo.webp\",\"articleSection\":[\"Negocia\u00e7\u00f5es\"],\"inLanguage\":\"pt-BR\",\"potentialAction\":[{\"@type\":\"CommentAction\",\"name\":\"Comment\",\"target\":[\"https:\/\/www.gaveanews.com\/index.php\/2019\/06\/04\/ciente-de-uma-possivel-negociacao-de-cuellar-diretoria-do-flamengo-agenda-reuniao-com-possivel-substituto-do-volante\/#respond\"]}],\"copyrightYear\":\"2019\",\"copyrightHolder\":{\"@id\":\"https:\/\/www.gaveanews.com\/#organization\"}},{\"@type\":\"WebPage\",\"@id\":\"https:\/\/www.gaveanews.com\/index.php\/2019\/06\/04\/ciente-de-uma-possivel-negociacao-de-cuellar-diretoria-do-flamengo-agenda-reuniao-com-possivel-substituto-do-volante\/\",\"url\":\"https:\/\/www.gaveanews.com\/index.php\/2019\/06\/04\/ciente-de-uma-possivel-negociacao-de-cuellar-diretoria-do-flamengo-agenda-reuniao-com-possivel-substituto-do-volante\/\",\"name\":\"Ciente de uma poss\u00edvel negocia\u00e7\u00e3o de Cuellar, diretoria do Flamengo agenda reuni\u00e3o com poss\u00edvel substituto do volante\",\"isPartOf\":{\"@id\":\"https:\/\/www.gaveanews.com\/#website\"},\"primaryImageOfPage\":{\"@id\":\"https:\/\/www.gaveanews.com\/index.php\/2019\/06\/04\/ciente-de-uma-possivel-negociacao-de-cuellar-diretoria-do-flamengo-agenda-reuniao-com-possivel-substituto-do-volante\/#primaryimage\"},\"image\":{\"@id\":\"https:\/\/www.gaveanews.com\/index.php\/2019\/06\/04\/ciente-de-uma-possivel-negociacao-de-cuellar-diretoria-do-flamengo-agenda-reuniao-com-possivel-substituto-do-volante\/#primaryimage\"},\"thumbnailUrl\":\"https:\/\/www.gaveanews.com\/wp-content\/uploads\/2019\/03\/Cuellar-em-acao-pelo-Flamengo.webp\",\"datePublished\":\"2019-06-04T03:18:04+00:00\",\"dateModified\":\"2019-06-04T03:18:48+00:00\",\"author\":{\"@id\":\"https:\/\/www.gaveanews.com\/#\/schema\/person\/2ec14f73fb96be2caf28f91afb14749d\"},\"breadcrumb\":{\"@id\":\"https:\/\/www.gaveanews.com\/index.php\/2019\/06\/04\/ciente-de-uma-possivel-negociacao-de-cuellar-diretoria-do-flamengo-agenda-reuniao-com-possivel-substituto-do-volante\/#breadcrumb\"},\"inLanguage\":\"pt-BR\",\"potentialAction\":[{\"@type\":\"ReadAction\",\"target\":[\"https:\/\/www.gaveanews.com\/index.php\/2019\/06\/04\/ciente-de-uma-possivel-negociacao-de-cuellar-diretoria-do-flamengo-agenda-reuniao-com-possivel-substituto-do-volante\/\"]}]},{\"@type\":\"ImageObject\",\"inLanguage\":\"pt-BR\",\"@id\":\"https:\/\/www.gaveanews.com\/index.php\/2019\/06\/04\/ciente-de-uma-possivel-negociacao-de-cuellar-diretoria-do-flamengo-agenda-reuniao-com-possivel-substituto-do-volante\/#primaryimage\",\"url\":\"https:\/\/www.gaveanews.com\/wp-content\/uploads\/2019\/03\/Cuellar-em-acao-pelo-Flamengo.webp\",\"contentUrl\":\"https:\/\/www.gaveanews.com\/wp-content\/uploads\/2019\/03\/Cuellar-em-acao-pelo-Flamengo.webp\",\"caption\":\"Cuellar em a\u00e7\u00e3o pelo Flamengo (Foto: Alexandre Vidal\/Flamengo)\"},{\"@type\":\"BreadcrumbList\",\"@id\":\"https:\/\/www.gaveanews.com\/index.php\/2019\/06\/04\/ciente-de-uma-possivel-negociacao-de-cuellar-diretoria-do-flamengo-agenda-reuniao-com-possivel-substituto-do-volante\/#breadcrumb\",\"itemListElement\":[{\"@type\":\"ListItem\",\"position\":1,\"name\":\"Home\",\"item\":\"https:\/\/www.gaveanews.com\/\"},{\"@type\":\"ListItem\",\"position\":2,\"name\":\"Ciente de uma poss\u00edvel negocia\u00e7\u00e3o de Cuellar, diretoria do Flamengo agenda reuni\u00e3o com poss\u00edvel substituto do volante\"}]},{\"@type\":\"WebSite\",\"@id\":\"https:\/\/www.gaveanews.com\/#website\",\"url\":\"https:\/\/www.gaveanews.com\/\",\"name\":\"G\u00e1vea News\",\"description\":\"Veja todas as not\u00edcias sobre o Flamengo: Contrata\u00e7\u00f5es, categorias de base, resultados das partidas, tabela de classifica\u00e7\u00e3o, pr\u00f3ximos jogos!\",\"potentialAction\":[{\"@type\":\"SearchAction\",\"target\":{\"@type\":\"EntryPoint\",\"urlTemplate\":\"https:\/\/www.gaveanews.com\/?s={search_term_string}\"},\"query-input\":{\"@type\":\"PropertyValueSpecification\",\"valueRequired\":true,\"valueName\":\"search_term_string\"}}],\"inLanguage\":\"pt-BR\"},{\"@type\":\"Person\",\"@id\":\"https:\/\/www.gaveanews.com\/#\/schema\/person\/2ec14f73fb96be2caf28f91afb14749d\",\"name\":\"Equipe G\u00e1vea News\",\"image\":{\"@type\":\"ImageObject\",\"inLanguage\":\"pt-BR\",\"@id\":\"https:\/\/www.gaveanews.com\/#\/schema\/person\/image\/\",\"url\":\"https:\/\/secure.gravatar.com\/avatar\/1e1956f1facbffd3f8fa53a326721950116b3b9dc9bd44939c01180fd4a745a9?s=96&d=mm&r=g\",\"contentUrl\":\"https:\/\/secure.gravatar.com\/avatar\/1e1956f1facbffd3f8fa53a326721950116b3b9dc9bd44939c01180fd4a745a9?s=96&d=mm&r=g\",\"caption\":\"Equipe G\u00e1vea News\"}}]}<\/script>\n<!-- \/ Yoast SEO Premium plugin. -->","yoast_head_json":{"title":"Ciente de uma poss\u00edvel negocia\u00e7\u00e3o de Cuellar, diretoria do Flamengo agenda reuni\u00e3o com poss\u00edvel substituto do volante","robots":{"index":"index","follow":"follow","max-snippet":"max-snippet:-1","max-image-preview":"max-image-preview:large","max-video-preview":"max-video-preview:-1"},"canonical":"https:\/\/www.gaveanews.com\/index.php\/2019\/06\/04\/ciente-de-uma-possivel-negociacao-de-cuellar-diretoria-do-flamengo-agenda-reuniao-com-possivel-substituto-do-volante\/","og_locale":"pt_BR","og_type":"article","og_title":"Ciente de uma poss\u00edvel negocia\u00e7\u00e3o de Cuellar, diretoria do Flamengo agenda reuni\u00e3o com poss\u00edvel substituto do volante","og_description":"As boas atua\u00e7\u00f5es de Cu\u00e9llar e a vitrine em que o jogador estar\u00e1 exposto \u2013 participar\u00e1 da Copa Am\u00e9rica a partir do dia 14 com a Sele\u00e7\u00e3o da Col\u00f4mbia \u2013 fazem com que a diretoria do Flamengo se movimente nos bastidores, a fim de n\u00e3o ser pega de surpresa diante de uma poss\u00edvel negocia\u00e7\u00e3o. O [&hellip;]","og_url":"https:\/\/www.gaveanews.com\/index.php\/2019\/06\/04\/ciente-de-uma-possivel-negociacao-de-cuellar-diretoria-do-flamengo-agenda-reuniao-com-possivel-substituto-do-volante\/","og_site_name":"G\u00e1vea News","article_publisher":"https:\/\/facebook.com\/gaveaNews\/","article_published_time":"2019-06-04T03:18:04+00:00","article_modified_time":"2019-06-04T03:18:48+00:00","og_image":[{"url":"https:\/\/www.gaveanews.com\/wp-content\/uploads\/2019\/03\/Cuellar-em-acao-pelo-Flamengo.webp","width":1,"height":1,"type":"image\/jpeg"}],"author":"Equipe G\u00e1vea News","twitter_card":"summary_large_image","twitter_misc":{"Escrito por":"Equipe G\u00e1vea News","Est. tempo de leitura":"2 minutos"},"schema":{"@context":"https:\/\/schema.org","@graph":[{"@type":"NewsArticle","@id":"https:\/\/www.gaveanews.com\/index.php\/2019\/06\/04\/ciente-de-uma-possivel-negociacao-de-cuellar-diretoria-do-flamengo-agenda-reuniao-com-possivel-substituto-do-volante\/#article","isPartOf":{"@id":"https:\/\/www.gaveanews.com\/index.php\/2019\/06\/04\/ciente-de-uma-possivel-negociacao-de-cuellar-diretoria-do-flamengo-agenda-reuniao-com-possivel-substituto-do-volante\/"},"author":{"name":"Equipe G\u00e1vea News","@id":"https:\/\/www.gaveanews.com\/#\/schema\/person\/2ec14f73fb96be2caf28f91afb14749d"},"headline":"Ciente de uma poss\u00edvel negocia\u00e7\u00e3o de Cuellar, diretoria do Flamengo agenda reuni\u00e3o com poss\u00edvel substituto do volante","datePublished":"2019-06-04T03:18:04+00:00","dateModified":"2019-06-04T03:18:48+00:00","mainEntityOfPage":{"@id":"https:\/\/www.gaveanews.com\/index.php\/2019\/06\/04\/ciente-de-uma-possivel-negociacao-de-cuellar-diretoria-do-flamengo-agenda-reuniao-com-possivel-substituto-do-volante\/"},"wordCount":339,"commentCount":0,"image":{"@id":"https:\/\/www.gaveanews.com\/index.php\/2019\/06\/04\/ciente-de-uma-possivel-negociacao-de-cuellar-diretoria-do-flamengo-agenda-reuniao-com-possivel-substituto-do-volante\/#primaryimage"},"thumbnailUrl":"https:\/\/www.gaveanews.com\/wp-content\/uploads\/2019\/03\/Cuellar-em-acao-pelo-Flamengo.webp","articleSection":["Negocia\u00e7\u00f5es"],"inLanguage":"pt-BR","potentialAction":[{"@type":"CommentAction","name":"Comment","target":["https:\/\/www.gaveanews.com\/index.php\/2019\/06\/04\/ciente-de-uma-possivel-negociacao-de-cuellar-diretoria-do-flamengo-agenda-reuniao-com-possivel-substituto-do-volante\/#respond"]}],"copyrightYear":"2019","copyrightHolder":{"@id":"https:\/\/www.gaveanews.com\/#organization"}},{"@type":"WebPage","@id":"https:\/\/www.gaveanews.com\/index.php\/2019\/06\/04\/ciente-de-uma-possivel-negociacao-de-cuellar-diretoria-do-flamengo-agenda-reuniao-com-possivel-substituto-do-volante\/","url":"https:\/\/www.gaveanews.com\/index.php\/2019\/06\/04\/ciente-de-uma-possivel-negociacao-de-cuellar-diretoria-do-flamengo-agenda-reuniao-com-possivel-substituto-do-volante\/","name":"Ciente de uma poss\u00edvel negocia\u00e7\u00e3o de Cuellar, diretoria do Flamengo agenda reuni\u00e3o com poss\u00edvel substituto do volante","isPartOf":{"@id":"https:\/\/www.gaveanews.com\/#website"},"primaryImageOfPage":{"@id":"https:\/\/www.gaveanews.com\/index.php\/2019\/06\/04\/ciente-de-uma-possivel-negociacao-de-cuellar-diretoria-do-flamengo-agenda-reuniao-com-possivel-substituto-do-volante\/#primaryimage"},"image":{"@id":"https:\/\/www.gaveanews.com\/index.php\/2019\/06\/04\/ciente-de-uma-possivel-negociacao-de-cuellar-diretoria-do-flamengo-agenda-reuniao-com-possivel-substituto-do-volante\/#primaryimage"},"thumbnailUrl":"https:\/\/www.gaveanews.com\/wp-content\/uploads\/2019\/03\/Cuellar-em-acao-pelo-Flamengo.webp","datePublished":"2019-06-04T03:18:04+00:00","dateModified":"2019-06-04T03:18:48+00:00","author":{"@id":"https:\/\/www.gaveanews.com\/#\/schema\/person\/2ec14f73fb96be2caf28f91afb14749d"},"breadcrumb":{"@id":"https:\/\/www.gaveanews.com\/index.php\/2019\/06\/04\/ciente-de-uma-possivel-negociacao-de-cuellar-diretoria-do-flamengo-agenda-reuniao-com-possivel-substituto-do-volante\/#breadcrumb"},"inLanguage":"pt-BR","potentialAction":[{"@type":"ReadAction","target":["https:\/\/www.gaveanews.com\/index.php\/2019\/06\/04\/ciente-de-uma-possivel-negociacao-de-cuellar-diretoria-do-flamengo-agenda-reuniao-com-possivel-substituto-do-volante\/"]}]},{"@type":"ImageObject","inLanguage":"pt-BR","@id":"https:\/\/www.gaveanews.com\/index.php\/2019\/06\/04\/ciente-de-uma-possivel-negociacao-de-cuellar-diretoria-do-flamengo-agenda-reuniao-com-possivel-substituto-do-volante\/#primaryimage","url":"https:\/\/www.gaveanews.com\/wp-content\/uploads\/2019\/03\/Cuellar-em-acao-pelo-Flamengo.webp","contentUrl":"https:\/\/www.gaveanews.com\/wp-content\/uploads\/2019\/03\/Cuellar-em-acao-pelo-Flamengo.webp","caption":"Cuellar em a\u00e7\u00e3o pelo Flamengo (Foto: Alexandre Vidal\/Flamengo)"},{"@type":"BreadcrumbList","@id":"https:\/\/www.gaveanews.com\/index.php\/2019\/06\/04\/ciente-de-uma-possivel-negociacao-de-cuellar-diretoria-do-flamengo-agenda-reuniao-com-possivel-substituto-do-volante\/#breadcrumb","itemListElement":[{"@type":"ListItem","position":1,"name":"Home","item":"https:\/\/www.gaveanews.com\/"},{"@type":"ListItem","position":2,"name":"Ciente de uma poss\u00edvel negocia\u00e7\u00e3o de Cuellar, diretoria do Flamengo agenda reuni\u00e3o com poss\u00edvel substituto do volante"}]},{"@type":"WebSite","@id":"https:\/\/www.gaveanews.com\/#website","url":"https:\/\/www.gaveanews.com\/","name":"G\u00e1vea News","description":"Veja todas as not\u00edcias sobre o Flamengo: Contrata\u00e7\u00f5es, categorias de base, resultados das partidas, tabela de classifica\u00e7\u00e3o, pr\u00f3ximos jogos!","potentialAction":[{"@type":"SearchAction","target":{"@type":"EntryPoint","urlTemplate":"https:\/\/www.gaveanews.com\/?s={search_term_string}"},"query-input":{"@type":"PropertyValueSpecification","valueRequired":true,"valueName":"search_term_string"}}],"inLanguage":"pt-BR"},{"@type":"Person","@id":"https:\/\/www.gaveanews.com\/#\/schema\/person\/2ec14f73fb96be2caf28f91afb14749d","name":"Equipe G\u00e1vea News","image":{"@type":"ImageObject","inLanguage":"pt-BR","@id":"https:\/\/www.gaveanews.com\/#\/schema\/person\/image\/","url":"https:\/\/secure.gravatar.com\/avatar\/1e1956f1facbffd3f8fa53a326721950116b3b9dc9bd44939c01180fd4a745a9?s=96&d=mm&r=g","contentUrl":"https:\/\/secure.gravatar.com\/avatar\/1e1956f1facbffd3f8fa53a326721950116b3b9dc9bd44939c01180fd4a745a9?s=96&d=mm&r=g","caption":"Equipe G\u00e1vea News"}}]}},"_links":{"self":[{"href":"https:\/\/www.gaveanews.com\/index.php\/wp-json\/wp\/v2\/posts\/21332","targetHints":{"allow":["GET"]}}],"collection":[{"href":"https:\/\/www.gaveanews.com\/index.php\/wp-json\/wp\/v2\/posts"}],"about":[{"href":"https:\/\/www.gaveanews.com\/index.php\/wp-json\/wp\/v2\/types\/post"}],"author":[{"embeddable":true,"href":"https:\/\/www.gaveanews.com\/index.php\/wp-json\/wp\/v2\/users\/1"}],"replies":[{"embeddable":true,"href":"https:\/\/www.gaveanews.com\/index.php\/wp-json\/wp\/v2\/comments?post=21332"}],"version-history":[{"count":0,"href":"https:\/\/www.gaveanews.com\/index.php\/wp-json\/wp\/v2\/posts\/21332\/revisions"}],"wp:featuredmedia":[{"embeddable":true,"href":"https:\/\/www.gaveanews.com\/index.php\/wp-json\/wp\/v2\/media\/15387"}],"wp:attachment":[{"href":"https:\/\/www.gaveanews.com\/index.php\/wp-json\/wp\/v2\/media?parent=21332"}],"wp:term":[{"taxonomy":"category","embeddable":true,"href":"https:\/\/www.gaveanews.com\/index.php\/wp-json\/wp\/v2\/categories?post=21332"},{"taxonomy":"post_tag","embeddable":true,"href":"https:\/\/www.gaveanews.com\/index.php\/wp-json\/wp\/v2\/tags?post=21332"}],"curies":[{"name":"wp","href":"https:\/\/api.w.org\/{rel}","templated":true}]}}