{"id":213325,"date":"2025-01-16T04:55:00","date_gmt":"2025-01-16T07:55:00","guid":{"rendered":"https:\/\/www.gaveanews.com\/?p=213325"},"modified":"2025-01-16T04:26:43","modified_gmt":"2025-01-16T07:26:43","slug":"negociacao-de-alan-kardec-discurso-de-leo-pele-e-declaracao-de-mauricio-barbieri-as-ultimas-noticias-do-athletico-pr","status":"publish","type":"post","link":"https:\/\/www.gaveanews.com\/index.php\/2025\/01\/16\/negociacao-de-alan-kardec-discurso-de-leo-pele-e-declaracao-de-mauricio-barbieri-as-ultimas-noticias-do-athletico-pr\/","title":{"rendered":"Negocia\u00e7\u00e3o de Alan Kardec, discurso de L\u00e9o Pel\u00e9 e declara\u00e7\u00e3o de Maur\u00edcio Barbieri: as \u00faltimas not\u00edcias do Athletico-PR"},"content":{"rendered":"\n<p>Nas \u00faltimas horas, o foco das not\u00edcias sobre o Athletico-PR se concentram nos bastidores do clube, com destaques do dia a dia do time.<\/p>\n\n\n\n<p>Por conta deste contexto, leia abaixo um resumo preparado pela equipe do portal G\u00e1vea News para lhe manter muito bem informado!<\/p>\n\n\n\n<h2 class=\"wp-block-heading\" id=\"h-declaracao-de-mauricio-barbieri\">Declara\u00e7\u00e3o de Maur\u00edcio Barbieri<\/h2>\n\n\n\n<p>O Athletico-PR estreou no Campeonato Paranaense 2025 com uma vit\u00f3ria de virada por 2 a 1 sobre o Paran\u00e1, em jogo disputado na Ligga Arena. O duelo marcou o in\u00edcio da trajet\u00f3ria de Maur\u00edcio Barbieri como t\u00e9cnico do clube e tamb\u00e9m o reencontro da equipe com sua torcida ap\u00f3s o rebaixamento no Brasileir\u00e3o de 2024. Barbieri destacou a for\u00e7a mental do time para buscar o resultado ap\u00f3s sair atr\u00e1s no placar e elogiou a postura dos jogadores na segunda etapa da partida, quando Di Yorio e Hayen Palacios garantiram a virada <strong><a href=\"https:\/\/www.gaveanews.com\/index.php\/2025\/01\/12\/a-declaracao-de-mauricio-barbieri-apos-estreia-com-vitoria-no-athletico-pr\/\">(leia a mat\u00e9ria completa).<\/a><\/strong><\/p>\n\n\n\n<figure class=\"wp-block-image size-full\"><img loading=\"lazy\" decoding=\"async\" width=\"1008\" height=\"676\" src=\"https:\/\/www.gaveanews.com\/wp-content\/uploads\/Barbieri-comandando-o-Bragantino-em-partida-contra-o-Flamengo.webp\" alt=\"\" class=\"wp-image-69590\" srcset=\"https:\/\/www.gaveanews.com\/wp-content\/uploads\/Barbieri-comandando-o-Bragantino-em-partida-contra-o-Flamengo.webp 1008w, https:\/\/www.gaveanews.com\/wp-content\/uploads\/Barbieri-comandando-o-Bragantino-em-partida-contra-o-Flamengo-300x201.webp 300w, https:\/\/www.gaveanews.com\/wp-content\/uploads\/Barbieri-comandando-o-Bragantino-em-partida-contra-o-Flamengo-768x515.webp 768w, https:\/\/www.gaveanews.com\/wp-content\/uploads\/Barbieri-comandando-o-Bragantino-em-partida-contra-o-Flamengo-626x420.webp 626w, https:\/\/www.gaveanews.com\/wp-content\/uploads\/Barbieri-comandando-o-Bragantino-em-partida-contra-o-Flamengo-537x360.webp 537w, https:\/\/www.gaveanews.com\/wp-content\/uploads\/Barbieri-comandando-o-Bragantino-em-partida-contra-o-Flamengo-640x429.webp 640w, https:\/\/www.gaveanews.com\/wp-content\/uploads\/Barbieri-comandando-o-Bragantino-em-partida-contra-o-Flamengo-681x457.webp 681w, https:\/\/www.gaveanews.com\/wp-content\/uploads\/Barbieri-comandando-o-Bragantino-em-partida-contra-o-Flamengo-100x67.webp 100w\" sizes=\"auto, (max-width: 1008px) 100vw, 1008px\" \/><figcaption class=\"wp-element-caption\">Barbieri comandando o Bragantino em partida contra o Flamengo (Foto: Ari Ferreira\/Red Bull Bragantino)<\/figcaption><\/figure>\n\n\n\n<p>A partida, entretanto, foi marcada por protestos da torcida, que direcionou cr\u00edticas ao presidente M\u00e1rio Celso Petraglia e ao diretor financeiro M\u00e1rcio Lara, demonstrando insatisfa\u00e7\u00e3o com a gest\u00e3o do clube. Mesmo sem estar envolvido diretamente no rebaixamento do ano anterior, Barbieri assumiu a responsabilidade de liderar o processo de reconstru\u00e7\u00e3o do Athletico-PR. <\/p>\n\n\n\n<p>Em coletiva, ele ressaltou que a mudan\u00e7a s\u00f3 ser\u00e1 poss\u00edvel com trabalho \u00e1rduo e resultados consistentes em campo, buscando reconquistar a confian\u00e7a dos torcedores.<\/p>\n\n\n\n<p>O treinador enfatizou que, apesar das dificuldades enfrentadas no per\u00edodo de pr\u00e9-temporada, o grupo mostrou resili\u00eancia e atitude, elementos essenciais para a reconstru\u00e7\u00e3o do clube. Barbieri afirmou que o foco ser\u00e1 demonstrar dentro de campo que a equipe merece o apoio da torcida, garantindo que o compromisso de melhorar ser\u00e1 constante. A vit\u00f3ria na estreia pode ser o primeiro passo para o Furac\u00e3o retomar a confian\u00e7a e buscar uma temporada de recupera\u00e7\u00e3o.<\/p>\n\n\n\n<h2 class=\"wp-block-heading\" id=\"h-discurso-de-leo-pele\">Discurso de L\u00e9o Pel\u00e9<\/h2>\n\n\n\n<p>L\u00e9o Pel\u00e9 estreou como capit\u00e3o do Athletico-PR na vit\u00f3ria por 2 a 1 contra o Paran\u00e1 Clube, no Campeonato Paranaense, e chamou aten\u00e7\u00e3o por sua lideran\u00e7a dentro e fora de campo. Antes da partida, o zagueiro fez um discurso no vesti\u00e1rio, destacando a import\u00e2ncia da responsabilidade individual e do comprometimento com o clube. O v\u00eddeo do momento foi divulgado pelo Athletico e viralizou entre os torcedores, refor\u00e7ando a confian\u00e7a na lideran\u00e7a do jogador rec\u00e9m-chegado <strong><a href=\"https:\/\/www.gaveanews.com\/index.php\/2025\/01\/14\/video-discurso-de-leo-pele-antes-do-jogo-do-athletico-viraliza\/\">(leia a mat\u00e9ria completa).<\/a><\/strong><\/p>\n\n\n\n<figure class=\"wp-block-image size-full\"><img loading=\"lazy\" decoding=\"async\" width=\"877\" height=\"534\" src=\"https:\/\/www.gaveanews.com\/wp-content\/uploads\/Leo-Pele-em-coletiva-pelo-Vasco.webp\" alt=\"\" class=\"wp-image-170698\" srcset=\"https:\/\/www.gaveanews.com\/wp-content\/uploads\/Leo-Pele-em-coletiva-pelo-Vasco.webp 877w, https:\/\/www.gaveanews.com\/wp-content\/uploads\/Leo-Pele-em-coletiva-pelo-Vasco-300x183.webp 300w, https:\/\/www.gaveanews.com\/wp-content\/uploads\/Leo-Pele-em-coletiva-pelo-Vasco-768x468.webp 768w, https:\/\/www.gaveanews.com\/wp-content\/uploads\/Leo-Pele-em-coletiva-pelo-Vasco-690x420.webp 690w, https:\/\/www.gaveanews.com\/wp-content\/uploads\/Leo-Pele-em-coletiva-pelo-Vasco-640x390.webp 640w, https:\/\/www.gaveanews.com\/wp-content\/uploads\/Leo-Pele-em-coletiva-pelo-Vasco-681x415.webp 681w, https:\/\/www.gaveanews.com\/wp-content\/uploads\/Leo-Pele-em-coletiva-pelo-Vasco-100x61.webp 100w\" sizes=\"auto, (max-width: 877px) 100vw, 877px\" \/><figcaption class=\"wp-element-caption\">L\u00e9o Pel\u00e9 em coletiva pelo Vasco (Foto: Daniel Ramalho\/Vasco)<\/figcaption><\/figure>\n\n\n\n<p>Contratado por R$ 12 milh\u00f5es, com abatimento de uma d\u00edvida relacionada ao Vasco, L\u00e9o Pel\u00e9 chega em um momento de transi\u00e7\u00e3o no clube. Ap\u00f3s a sa\u00edda de \u00eddolos como Fernandinho, Nik\u00e3o, Thiago Heleno e Pablo, o Furac\u00e3o enfrenta o desafio de reconstruir seu elenco. Em 2024, o time sofreu com a aus\u00eancia de lideran\u00e7a em campo, o que resultou no rebaixamento no Brasileir\u00e3o. Com passagens por S\u00e3o Paulo e Vasco, o zagueiro traz experi\u00eancia e versatilidade, podendo atuar tamb\u00e9m como lateral-esquerdo.<\/p>\n\n\n\n<p>A lideran\u00e7a inicial de L\u00e9o Pel\u00e9 \u00e9 vista como fundamental para o Athletico-PR reencontrar equil\u00edbrio e competitividade. Sua chegada representa n\u00e3o apenas um refor\u00e7o t\u00e9cnico, mas tamb\u00e9m uma pe\u00e7a-chave na tentativa de preencher o vazio deixado pelos ex-l\u00edderes do elenco. A temporada de 2025 ser\u00e1 decisiva para o jogador, que carrega a miss\u00e3o de contribuir para o renascimento do clube no cen\u00e1rio nacional.<\/p>\n\n\n\n<h2 class=\"wp-block-heading\" id=\"h-negociacao-de-alan-kardec\">Negocia\u00e7\u00e3o de Alan Kardec<\/h2>\n\n\n\n<p>Alan Kardec, atacante que deixou o Atl\u00e9tico-MG ao final de 2024, est\u00e1 pr\u00f3ximo de ser anunciado como refor\u00e7o do Athletico-PR. Sem custos para o clube paranaense, Kardec chega ap\u00f3s uma passagem abaixo das expectativas pelo Galo, onde enfrentou les\u00f5es e marcou apenas quatro gols em tr\u00eas anos. Seu \u00faltimo momento de destaque foi na final da Copa do Brasil de 2024, quando encerrou um jejum de quase 500 dias sem balan\u00e7ar as redes. O jogador j\u00e1 est\u00e1 em fase de acertos finais para oficializar a transfer\u00eancia e integrar o elenco do Furac\u00e3o, que busca se reestruturar ap\u00f3s o rebaixamento \u00e0 S\u00e9rie B <strong><a href=\"https:\/\/www.gaveanews.com\/index.php\/2025\/01\/14\/apos-deixar-o-atletico-mg-alan-kardec-negocia-com-clube-do-brasileirao\/\">(leia a mat\u00e9ria completa).<\/a><\/strong><\/p>\n\n\n\n<figure class=\"wp-block-image size-large\"><img loading=\"lazy\" decoding=\"async\" width=\"1024\" height=\"682\" src=\"https:\/\/www.gaveanews.com\/wp-content\/uploads\/Alan-Kardec-com-a-camisa-do-Atletico-MG-em-2024-1024x682.webp\" alt=\"\" class=\"wp-image-165470\" srcset=\"https:\/\/www.gaveanews.com\/wp-content\/uploads\/Alan-Kardec-com-a-camisa-do-Atletico-MG-em-2024-1024x682.webp 1024w, https:\/\/www.gaveanews.com\/wp-content\/uploads\/Alan-Kardec-com-a-camisa-do-Atletico-MG-em-2024-300x200.webp 300w, https:\/\/www.gaveanews.com\/wp-content\/uploads\/Alan-Kardec-com-a-camisa-do-Atletico-MG-em-2024-768x512.webp 768w, https:\/\/www.gaveanews.com\/wp-content\/uploads\/Alan-Kardec-com-a-camisa-do-Atletico-MG-em-2024-630x420.webp 630w, https:\/\/www.gaveanews.com\/wp-content\/uploads\/Alan-Kardec-com-a-camisa-do-Atletico-MG-em-2024-1260x840.webp 1260w, https:\/\/www.gaveanews.com\/wp-content\/uploads\/Alan-Kardec-com-a-camisa-do-Atletico-MG-em-2024-640x427.webp 640w, https:\/\/www.gaveanews.com\/wp-content\/uploads\/Alan-Kardec-com-a-camisa-do-Atletico-MG-em-2024-1280x853.webp 1280w, https:\/\/www.gaveanews.com\/wp-content\/uploads\/Alan-Kardec-com-a-camisa-do-Atletico-MG-em-2024-681x454.webp 681w, https:\/\/www.gaveanews.com\/wp-content\/uploads\/Alan-Kardec-com-a-camisa-do-Atletico-MG-em-2024-1362x908.webp 1362w, https:\/\/www.gaveanews.com\/wp-content\/uploads\/Alan-Kardec-com-a-camisa-do-Atletico-MG-em-2024-100x67.webp 100w, https:\/\/www.gaveanews.com\/wp-content\/uploads\/Alan-Kardec-com-a-camisa-do-Atletico-MG-em-2024.webp 1400w\" sizes=\"auto, (max-width: 1024px) 100vw, 1024px\" \/><figcaption class=\"wp-element-caption\">Alan Kardec com a camisa do Atl\u00e9tico-MG em 2024 (Foto: Reprodu\u00e7\u00e3o\/Instagram)<\/figcaption><\/figure>\n\n\n\n<p>Com grandes mudan\u00e7as no elenco e na comiss\u00e3o t\u00e9cnica, o Athletico-PR iniciou 2025 reformulando sua equipe. O t\u00e9cnico Lucho Gonz\u00e1lez foi substitu\u00eddo, e o clube anunciou diversas sa\u00eddas, incluindo Fernandinho, Nik\u00e3o e Christian. Al\u00e9m disso, atletas como Marcos Vitor, Erick e Canobbio tamb\u00e9m deixaram o Furac\u00e3o. Para repor as perdas, o clube trouxe novos nomes, como Raul (ex-Bragantino), Luiz Fernando (ex-Atl\u00e9tico-GO) e Hayen Palacios (ex-Fortaleza-COL), al\u00e9m do atacante Leozinho, ex-Ituano.<\/p>\n\n\n\n<p>O Athletico encara 2025 como um ano de reconstru\u00e7\u00e3o, com a meta de voltar \u00e0 elite do futebol brasileiro. O clube reformulou seu plantel e aposta em novos refor\u00e7os para fortalecer a equipe. A chegada de Alan Kardec, mesmo ap\u00f3s um per\u00edodo de baixa, representa uma oportunidade de reabilita\u00e7\u00e3o tanto para o jogador quanto para o time. O Furac\u00e3o espera que as mudan\u00e7as tragam resultados positivos na disputa da S\u00e9rie B e nas demais competi\u00e7\u00f5es do calend\u00e1rio.<\/p>\n","protected":false},"excerpt":{"rendered":"<p>Nas \u00faltimas horas, o foco das not\u00edcias sobre o Athletico-PR se concentram nos bastidores do clube, com destaques do dia a dia do time. Por conta deste contexto, leia abaixo um resumo preparado pela equipe do portal G\u00e1vea News para lhe manter muito bem informado! Declara\u00e7\u00e3o de Maur\u00edcio Barbieri O Athletico-PR estreou no Campeonato Paranaense [&hellip;]<\/p>\n","protected":false},"author":27,"featured_media":208155,"comment_status":"open","ping_status":"closed","sticky":false,"template":"","format":"standard","meta":{"footnotes":""},"categories":[134],"tags":[],"class_list":["post-213325","post","type-post","status-publish","format-standard","has-post-thumbnail","hentry","category-athletico-pr"],"yoast_head":"<!-- This site is optimized with the Yoast SEO Premium plugin v24.2 (Yoast SEO v26.9) - https:\/\/yoast.com\/product\/yoast-seo-premium-wordpress\/ -->\n<title>Negocia\u00e7\u00e3o de Alan Kardec, discurso de L\u00e9o Pel\u00e9 e declara\u00e7\u00e3o de Maur\u00edcio Barbieri: as \u00faltimas not\u00edcias do Athletico-PR<\/title>\n<meta name=\"robots\" content=\"index, follow, max-snippet:-1, max-image-preview:large, max-video-preview:-1\" \/>\n<link rel=\"canonical\" href=\"https:\/\/www.gaveanews.com\/index.php\/2025\/01\/16\/negociacao-de-alan-kardec-discurso-de-leo-pele-e-declaracao-de-mauricio-barbieri-as-ultimas-noticias-do-athletico-pr\/\" \/>\n<meta property=\"og:locale\" content=\"pt_BR\" \/>\n<meta property=\"og:type\" content=\"article\" \/>\n<meta property=\"og:title\" content=\"Negocia\u00e7\u00e3o de Alan Kardec, discurso de L\u00e9o Pel\u00e9 e declara\u00e7\u00e3o de Maur\u00edcio Barbieri: as \u00faltimas not\u00edcias do Athletico-PR\" \/>\n<meta property=\"og:description\" content=\"Nas \u00faltimas horas, o foco das not\u00edcias sobre o Athletico-PR se concentram nos bastidores do clube, com destaques do dia a dia do time. Por conta deste contexto, leia abaixo um resumo preparado pela equipe do portal G\u00e1vea News para lhe manter muito bem informado! Declara\u00e7\u00e3o de Maur\u00edcio Barbieri O Athletico-PR estreou no Campeonato Paranaense [&hellip;]\" \/>\n<meta property=\"og:url\" content=\"https:\/\/www.gaveanews.com\/index.php\/2025\/01\/16\/negociacao-de-alan-kardec-discurso-de-leo-pele-e-declaracao-de-mauricio-barbieri-as-ultimas-noticias-do-athletico-pr\/\" \/>\n<meta property=\"og:site_name\" content=\"G\u00e1vea News\" \/>\n<meta property=\"article:publisher\" content=\"https:\/\/facebook.com\/gaveaNews\/\" \/>\n<meta property=\"article:published_time\" content=\"2025-01-16T07:55:00+00:00\" \/>\n<meta property=\"og:image\" content=\"http:\/\/www.gaveanews.com\/wp-content\/uploads\/Atheltico-PR-bandeirinha.webp\" \/>\n\t<meta property=\"og:image:width\" content=\"1600\" \/>\n\t<meta property=\"og:image:height\" content=\"888\" \/>\n\t<meta property=\"og:image:type\" content=\"image\/jpeg\" \/>\n<meta name=\"author\" content=\"Matheus Felipe\" \/>\n<meta name=\"twitter:card\" content=\"summary_large_image\" \/>\n<meta name=\"twitter:label1\" content=\"Escrito por\" \/>\n\t<meta name=\"twitter:data1\" content=\"Matheus Felipe\" \/>\n\t<meta name=\"twitter:label2\" content=\"Est. tempo de leitura\" \/>\n\t<meta name=\"twitter:data2\" content=\"6 minutos\" \/>\n<script type=\"application\/ld+json\" class=\"yoast-schema-graph\">{\"@context\":\"https:\/\/schema.org\",\"@graph\":[{\"@type\":\"NewsArticle\",\"@id\":\"https:\/\/www.gaveanews.com\/index.php\/2025\/01\/16\/negociacao-de-alan-kardec-discurso-de-leo-pele-e-declaracao-de-mauricio-barbieri-as-ultimas-noticias-do-athletico-pr\/#article\",\"isPartOf\":{\"@id\":\"https:\/\/www.gaveanews.com\/index.php\/2025\/01\/16\/negociacao-de-alan-kardec-discurso-de-leo-pele-e-declaracao-de-mauricio-barbieri-as-ultimas-noticias-do-athletico-pr\/\"},\"author\":{\"name\":\"Matheus Felipe\",\"@id\":\"https:\/\/www.gaveanews.com\/#\/schema\/person\/8207cd4627f56151707418bfc835b2fb\"},\"headline\":\"Negocia\u00e7\u00e3o de Alan Kardec, discurso de L\u00e9o Pel\u00e9 e declara\u00e7\u00e3o de Maur\u00edcio Barbieri: as \u00faltimas not\u00edcias do Athletico-PR\",\"datePublished\":\"2025-01-16T07:55:00+00:00\",\"mainEntityOfPage\":{\"@id\":\"https:\/\/www.gaveanews.com\/index.php\/2025\/01\/16\/negociacao-de-alan-kardec-discurso-de-leo-pele-e-declaracao-de-mauricio-barbieri-as-ultimas-noticias-do-athletico-pr\/\"},\"wordCount\":928,\"commentCount\":0,\"image\":{\"@id\":\"https:\/\/www.gaveanews.com\/index.php\/2025\/01\/16\/negociacao-de-alan-kardec-discurso-de-leo-pele-e-declaracao-de-mauricio-barbieri-as-ultimas-noticias-do-athletico-pr\/#primaryimage\"},\"thumbnailUrl\":\"https:\/\/www.gaveanews.com\/wp-content\/uploads\/Atheltico-PR-bandeirinha.webp\",\"articleSection\":[\"Athletico-PR\"],\"inLanguage\":\"pt-BR\",\"potentialAction\":[{\"@type\":\"CommentAction\",\"name\":\"Comment\",\"target\":[\"https:\/\/www.gaveanews.com\/index.php\/2025\/01\/16\/negociacao-de-alan-kardec-discurso-de-leo-pele-e-declaracao-de-mauricio-barbieri-as-ultimas-noticias-do-athletico-pr\/#respond\"]}],\"copyrightYear\":\"2025\",\"copyrightHolder\":{\"@id\":\"https:\/\/www.gaveanews.com\/#organization\"}},{\"@type\":\"WebPage\",\"@id\":\"https:\/\/www.gaveanews.com\/index.php\/2025\/01\/16\/negociacao-de-alan-kardec-discurso-de-leo-pele-e-declaracao-de-mauricio-barbieri-as-ultimas-noticias-do-athletico-pr\/\",\"url\":\"https:\/\/www.gaveanews.com\/index.php\/2025\/01\/16\/negociacao-de-alan-kardec-discurso-de-leo-pele-e-declaracao-de-mauricio-barbieri-as-ultimas-noticias-do-athletico-pr\/\",\"name\":\"Negocia\u00e7\u00e3o de Alan Kardec, discurso de L\u00e9o Pel\u00e9 e declara\u00e7\u00e3o de Maur\u00edcio Barbieri: as \u00faltimas not\u00edcias do Athletico-PR\",\"isPartOf\":{\"@id\":\"https:\/\/www.gaveanews.com\/#website\"},\"primaryImageOfPage\":{\"@id\":\"https:\/\/www.gaveanews.com\/index.php\/2025\/01\/16\/negociacao-de-alan-kardec-discurso-de-leo-pele-e-declaracao-de-mauricio-barbieri-as-ultimas-noticias-do-athletico-pr\/#primaryimage\"},\"image\":{\"@id\":\"https:\/\/www.gaveanews.com\/index.php\/2025\/01\/16\/negociacao-de-alan-kardec-discurso-de-leo-pele-e-declaracao-de-mauricio-barbieri-as-ultimas-noticias-do-athletico-pr\/#primaryimage\"},\"thumbnailUrl\":\"https:\/\/www.gaveanews.com\/wp-content\/uploads\/Atheltico-PR-bandeirinha.webp\",\"datePublished\":\"2025-01-16T07:55:00+00:00\",\"author\":{\"@id\":\"https:\/\/www.gaveanews.com\/#\/schema\/person\/8207cd4627f56151707418bfc835b2fb\"},\"breadcrumb\":{\"@id\":\"https:\/\/www.gaveanews.com\/index.php\/2025\/01\/16\/negociacao-de-alan-kardec-discurso-de-leo-pele-e-declaracao-de-mauricio-barbieri-as-ultimas-noticias-do-athletico-pr\/#breadcrumb\"},\"inLanguage\":\"pt-BR\",\"potentialAction\":[{\"@type\":\"ReadAction\",\"target\":[\"https:\/\/www.gaveanews.com\/index.php\/2025\/01\/16\/negociacao-de-alan-kardec-discurso-de-leo-pele-e-declaracao-de-mauricio-barbieri-as-ultimas-noticias-do-athletico-pr\/\"]}]},{\"@type\":\"ImageObject\",\"inLanguage\":\"pt-BR\",\"@id\":\"https:\/\/www.gaveanews.com\/index.php\/2025\/01\/16\/negociacao-de-alan-kardec-discurso-de-leo-pele-e-declaracao-de-mauricio-barbieri-as-ultimas-noticias-do-athletico-pr\/#primaryimage\",\"url\":\"https:\/\/www.gaveanews.com\/wp-content\/uploads\/Atheltico-PR-bandeirinha.webp\",\"contentUrl\":\"https:\/\/www.gaveanews.com\/wp-content\/uploads\/Atheltico-PR-bandeirinha.webp\",\"width\":1600,\"height\":888,\"caption\":\"Atheltico-PR bandeirinha (Foto: Reprodu\u00e7\u00e3o\/Athletico)\"},{\"@type\":\"BreadcrumbList\",\"@id\":\"https:\/\/www.gaveanews.com\/index.php\/2025\/01\/16\/negociacao-de-alan-kardec-discurso-de-leo-pele-e-declaracao-de-mauricio-barbieri-as-ultimas-noticias-do-athletico-pr\/#breadcrumb\",\"itemListElement\":[{\"@type\":\"ListItem\",\"position\":1,\"name\":\"Home\",\"item\":\"https:\/\/www.gaveanews.com\/\"},{\"@type\":\"ListItem\",\"position\":2,\"name\":\"Negocia\u00e7\u00e3o de Alan Kardec, discurso de L\u00e9o Pel\u00e9 e declara\u00e7\u00e3o de Maur\u00edcio Barbieri: as \u00faltimas not\u00edcias do Athletico-PR\"}]},{\"@type\":\"WebSite\",\"@id\":\"https:\/\/www.gaveanews.com\/#website\",\"url\":\"https:\/\/www.gaveanews.com\/\",\"name\":\"G\u00e1vea News\",\"description\":\"Veja todas as not\u00edcias sobre o Flamengo: Contrata\u00e7\u00f5es, categorias de base, resultados das partidas, tabela de classifica\u00e7\u00e3o, pr\u00f3ximos jogos!\",\"potentialAction\":[{\"@type\":\"SearchAction\",\"target\":{\"@type\":\"EntryPoint\",\"urlTemplate\":\"https:\/\/www.gaveanews.com\/?s={search_term_string}\"},\"query-input\":{\"@type\":\"PropertyValueSpecification\",\"valueRequired\":true,\"valueName\":\"search_term_string\"}}],\"inLanguage\":\"pt-BR\"},{\"@type\":\"Person\",\"@id\":\"https:\/\/www.gaveanews.com\/#\/schema\/person\/8207cd4627f56151707418bfc835b2fb\",\"name\":\"Matheus Felipe\",\"image\":{\"@type\":\"ImageObject\",\"inLanguage\":\"pt-BR\",\"@id\":\"https:\/\/www.gaveanews.com\/#\/schema\/person\/image\/\",\"url\":\"https:\/\/secure.gravatar.com\/avatar\/a452ffbed9130f726358b298bb3a99ce4bd3c5338411f8440e87e14d74c7c087?s=96&d=mm&r=g\",\"contentUrl\":\"https:\/\/secure.gravatar.com\/avatar\/a452ffbed9130f726358b298bb3a99ce4bd3c5338411f8440e87e14d74c7c087?s=96&d=mm&r=g\",\"caption\":\"Matheus Felipe\"}}]}<\/script>\n<!-- \/ Yoast SEO Premium plugin. -->","yoast_head_json":{"title":"Negocia\u00e7\u00e3o de Alan Kardec, discurso de L\u00e9o Pel\u00e9 e declara\u00e7\u00e3o de Maur\u00edcio Barbieri: as \u00faltimas not\u00edcias do Athletico-PR","robots":{"index":"index","follow":"follow","max-snippet":"max-snippet:-1","max-image-preview":"max-image-preview:large","max-video-preview":"max-video-preview:-1"},"canonical":"https:\/\/www.gaveanews.com\/index.php\/2025\/01\/16\/negociacao-de-alan-kardec-discurso-de-leo-pele-e-declaracao-de-mauricio-barbieri-as-ultimas-noticias-do-athletico-pr\/","og_locale":"pt_BR","og_type":"article","og_title":"Negocia\u00e7\u00e3o de Alan Kardec, discurso de L\u00e9o Pel\u00e9 e declara\u00e7\u00e3o de Maur\u00edcio Barbieri: as \u00faltimas not\u00edcias do Athletico-PR","og_description":"Nas \u00faltimas horas, o foco das not\u00edcias sobre o Athletico-PR se concentram nos bastidores do clube, com destaques do dia a dia do time. Por conta deste contexto, leia abaixo um resumo preparado pela equipe do portal G\u00e1vea News para lhe manter muito bem informado! Declara\u00e7\u00e3o de Maur\u00edcio Barbieri O Athletico-PR estreou no Campeonato Paranaense [&hellip;]","og_url":"https:\/\/www.gaveanews.com\/index.php\/2025\/01\/16\/negociacao-de-alan-kardec-discurso-de-leo-pele-e-declaracao-de-mauricio-barbieri-as-ultimas-noticias-do-athletico-pr\/","og_site_name":"G\u00e1vea News","article_publisher":"https:\/\/facebook.com\/gaveaNews\/","article_published_time":"2025-01-16T07:55:00+00:00","og_image":[{"width":1600,"height":888,"url":"http:\/\/www.gaveanews.com\/wp-content\/uploads\/Atheltico-PR-bandeirinha.webp","type":"image\/jpeg"}],"author":"Matheus Felipe","twitter_card":"summary_large_image","twitter_misc":{"Escrito por":"Matheus Felipe","Est. tempo de leitura":"6 minutos"},"schema":{"@context":"https:\/\/schema.org","@graph":[{"@type":"NewsArticle","@id":"https:\/\/www.gaveanews.com\/index.php\/2025\/01\/16\/negociacao-de-alan-kardec-discurso-de-leo-pele-e-declaracao-de-mauricio-barbieri-as-ultimas-noticias-do-athletico-pr\/#article","isPartOf":{"@id":"https:\/\/www.gaveanews.com\/index.php\/2025\/01\/16\/negociacao-de-alan-kardec-discurso-de-leo-pele-e-declaracao-de-mauricio-barbieri-as-ultimas-noticias-do-athletico-pr\/"},"author":{"name":"Matheus Felipe","@id":"https:\/\/www.gaveanews.com\/#\/schema\/person\/8207cd4627f56151707418bfc835b2fb"},"headline":"Negocia\u00e7\u00e3o de Alan Kardec, discurso de L\u00e9o Pel\u00e9 e declara\u00e7\u00e3o de Maur\u00edcio Barbieri: as \u00faltimas not\u00edcias do Athletico-PR","datePublished":"2025-01-16T07:55:00+00:00","mainEntityOfPage":{"@id":"https:\/\/www.gaveanews.com\/index.php\/2025\/01\/16\/negociacao-de-alan-kardec-discurso-de-leo-pele-e-declaracao-de-mauricio-barbieri-as-ultimas-noticias-do-athletico-pr\/"},"wordCount":928,"commentCount":0,"image":{"@id":"https:\/\/www.gaveanews.com\/index.php\/2025\/01\/16\/negociacao-de-alan-kardec-discurso-de-leo-pele-e-declaracao-de-mauricio-barbieri-as-ultimas-noticias-do-athletico-pr\/#primaryimage"},"thumbnailUrl":"https:\/\/www.gaveanews.com\/wp-content\/uploads\/Atheltico-PR-bandeirinha.webp","articleSection":["Athletico-PR"],"inLanguage":"pt-BR","potentialAction":[{"@type":"CommentAction","name":"Comment","target":["https:\/\/www.gaveanews.com\/index.php\/2025\/01\/16\/negociacao-de-alan-kardec-discurso-de-leo-pele-e-declaracao-de-mauricio-barbieri-as-ultimas-noticias-do-athletico-pr\/#respond"]}],"copyrightYear":"2025","copyrightHolder":{"@id":"https:\/\/www.gaveanews.com\/#organization"}},{"@type":"WebPage","@id":"https:\/\/www.gaveanews.com\/index.php\/2025\/01\/16\/negociacao-de-alan-kardec-discurso-de-leo-pele-e-declaracao-de-mauricio-barbieri-as-ultimas-noticias-do-athletico-pr\/","url":"https:\/\/www.gaveanews.com\/index.php\/2025\/01\/16\/negociacao-de-alan-kardec-discurso-de-leo-pele-e-declaracao-de-mauricio-barbieri-as-ultimas-noticias-do-athletico-pr\/","name":"Negocia\u00e7\u00e3o de Alan Kardec, discurso de L\u00e9o Pel\u00e9 e declara\u00e7\u00e3o de Maur\u00edcio Barbieri: as \u00faltimas not\u00edcias do Athletico-PR","isPartOf":{"@id":"https:\/\/www.gaveanews.com\/#website"},"primaryImageOfPage":{"@id":"https:\/\/www.gaveanews.com\/index.php\/2025\/01\/16\/negociacao-de-alan-kardec-discurso-de-leo-pele-e-declaracao-de-mauricio-barbieri-as-ultimas-noticias-do-athletico-pr\/#primaryimage"},"image":{"@id":"https:\/\/www.gaveanews.com\/index.php\/2025\/01\/16\/negociacao-de-alan-kardec-discurso-de-leo-pele-e-declaracao-de-mauricio-barbieri-as-ultimas-noticias-do-athletico-pr\/#primaryimage"},"thumbnailUrl":"https:\/\/www.gaveanews.com\/wp-content\/uploads\/Atheltico-PR-bandeirinha.webp","datePublished":"2025-01-16T07:55:00+00:00","author":{"@id":"https:\/\/www.gaveanews.com\/#\/schema\/person\/8207cd4627f56151707418bfc835b2fb"},"breadcrumb":{"@id":"https:\/\/www.gaveanews.com\/index.php\/2025\/01\/16\/negociacao-de-alan-kardec-discurso-de-leo-pele-e-declaracao-de-mauricio-barbieri-as-ultimas-noticias-do-athletico-pr\/#breadcrumb"},"inLanguage":"pt-BR","potentialAction":[{"@type":"ReadAction","target":["https:\/\/www.gaveanews.com\/index.php\/2025\/01\/16\/negociacao-de-alan-kardec-discurso-de-leo-pele-e-declaracao-de-mauricio-barbieri-as-ultimas-noticias-do-athletico-pr\/"]}]},{"@type":"ImageObject","inLanguage":"pt-BR","@id":"https:\/\/www.gaveanews.com\/index.php\/2025\/01\/16\/negociacao-de-alan-kardec-discurso-de-leo-pele-e-declaracao-de-mauricio-barbieri-as-ultimas-noticias-do-athletico-pr\/#primaryimage","url":"https:\/\/www.gaveanews.com\/wp-content\/uploads\/Atheltico-PR-bandeirinha.webp","contentUrl":"https:\/\/www.gaveanews.com\/wp-content\/uploads\/Atheltico-PR-bandeirinha.webp","width":1600,"height":888,"caption":"Atheltico-PR bandeirinha (Foto: Reprodu\u00e7\u00e3o\/Athletico)"},{"@type":"BreadcrumbList","@id":"https:\/\/www.gaveanews.com\/index.php\/2025\/01\/16\/negociacao-de-alan-kardec-discurso-de-leo-pele-e-declaracao-de-mauricio-barbieri-as-ultimas-noticias-do-athletico-pr\/#breadcrumb","itemListElement":[{"@type":"ListItem","position":1,"name":"Home","item":"https:\/\/www.gaveanews.com\/"},{"@type":"ListItem","position":2,"name":"Negocia\u00e7\u00e3o de Alan Kardec, discurso de L\u00e9o Pel\u00e9 e declara\u00e7\u00e3o de Maur\u00edcio Barbieri: as \u00faltimas not\u00edcias do Athletico-PR"}]},{"@type":"WebSite","@id":"https:\/\/www.gaveanews.com\/#website","url":"https:\/\/www.gaveanews.com\/","name":"G\u00e1vea News","description":"Veja todas as not\u00edcias sobre o Flamengo: Contrata\u00e7\u00f5es, categorias de base, resultados das partidas, tabela de classifica\u00e7\u00e3o, pr\u00f3ximos jogos!","potentialAction":[{"@type":"SearchAction","target":{"@type":"EntryPoint","urlTemplate":"https:\/\/www.gaveanews.com\/?s={search_term_string}"},"query-input":{"@type":"PropertyValueSpecification","valueRequired":true,"valueName":"search_term_string"}}],"inLanguage":"pt-BR"},{"@type":"Person","@id":"https:\/\/www.gaveanews.com\/#\/schema\/person\/8207cd4627f56151707418bfc835b2fb","name":"Matheus Felipe","image":{"@type":"ImageObject","inLanguage":"pt-BR","@id":"https:\/\/www.gaveanews.com\/#\/schema\/person\/image\/","url":"https:\/\/secure.gravatar.com\/avatar\/a452ffbed9130f726358b298bb3a99ce4bd3c5338411f8440e87e14d74c7c087?s=96&d=mm&r=g","contentUrl":"https:\/\/secure.gravatar.com\/avatar\/a452ffbed9130f726358b298bb3a99ce4bd3c5338411f8440e87e14d74c7c087?s=96&d=mm&r=g","caption":"Matheus Felipe"}}]}},"_links":{"self":[{"href":"https:\/\/www.gaveanews.com\/index.php\/wp-json\/wp\/v2\/posts\/213325","targetHints":{"allow":["GET"]}}],"collection":[{"href":"https:\/\/www.gaveanews.com\/index.php\/wp-json\/wp\/v2\/posts"}],"about":[{"href":"https:\/\/www.gaveanews.com\/index.php\/wp-json\/wp\/v2\/types\/post"}],"author":[{"embeddable":true,"href":"https:\/\/www.gaveanews.com\/index.php\/wp-json\/wp\/v2\/users\/27"}],"replies":[{"embeddable":true,"href":"https:\/\/www.gaveanews.com\/index.php\/wp-json\/wp\/v2\/comments?post=213325"}],"version-history":[{"count":1,"href":"https:\/\/www.gaveanews.com\/index.php\/wp-json\/wp\/v2\/posts\/213325\/revisions"}],"predecessor-version":[{"id":213330,"href":"https:\/\/www.gaveanews.com\/index.php\/wp-json\/wp\/v2\/posts\/213325\/revisions\/213330"}],"wp:featuredmedia":[{"embeddable":true,"href":"https:\/\/www.gaveanews.com\/index.php\/wp-json\/wp\/v2\/media\/208155"}],"wp:attachment":[{"href":"https:\/\/www.gaveanews.com\/index.php\/wp-json\/wp\/v2\/media?parent=213325"}],"wp:term":[{"taxonomy":"category","embeddable":true,"href":"https:\/\/www.gaveanews.com\/index.php\/wp-json\/wp\/v2\/categories?post=213325"},{"taxonomy":"post_tag","embeddable":true,"href":"https:\/\/www.gaveanews.com\/index.php\/wp-json\/wp\/v2\/tags?post=213325"}],"curies":[{"name":"wp","href":"https:\/\/api.w.org\/{rel}","templated":true}]}}