{"id":213407,"date":"2025-01-16T20:00:00","date_gmt":"2025-01-16T23:00:00","guid":{"rendered":"https:\/\/www.gaveanews.com\/?p=213407"},"modified":"2025-01-16T17:53:38","modified_gmt":"2025-01-16T20:53:38","slug":"flamengo-a-declaracao-de-jose-boto-sobre-a-contratacao-de-juninho","status":"publish","type":"post","link":"https:\/\/www.gaveanews.com\/index.php\/2025\/01\/16\/flamengo-a-declaracao-de-jose-boto-sobre-a-contratacao-de-juninho\/","title":{"rendered":"Flamengo: a declara\u00e7\u00e3o de Jos\u00e9 Boto sobre a contrata\u00e7\u00e3o de Juninho"},"content":{"rendered":"\n<p>O Flamengo anunciou seu primeiro refor\u00e7o para a temporada 2025. O atacante Juninho, que estava no Qarabag, foi oficializado ap\u00f3s assinar um contrato de quatro temporadas. O atleta vai custar 5 milh\u00f5es de euros, cerca de R$ 31 milh\u00f5es, aos cofres rubro-negros.<\/p>\n\n\n\n<ul class=\"wp-block-list\">\n<li><a href=\"https:\/\/www.gaveanews.com\/index.php\/2025\/01\/16\/joao-gomes-vai-render-quantia-milionaria-ao-flamengo-veja-valores\/\">Jo\u00e3o Gomes vai render quantia milion\u00e1ria ao Flamengo; veja valores<\/a><\/li>\n\n\n\n<li><a href=\"https:\/\/www.gaveanews.com\/index.php\/2025\/01\/16\/juninho-define-numero-da-camisa-que-vai-usar-no-flamengo\/\">Juninho define n\u00famero da camisa que vai usar no Flamengo<\/a><\/li>\n<\/ul>\n\n\n\n<p>Primeiro refor\u00e7o da &#8220;era Boto&#8221;, Juninho foi um nome indicado pelo novo dirigente do Flamengo e tamb\u00e9m pelo t\u00e9cnico Filipe Lu\u00eds. Em entrevista ao Globo Esporte, o portugu\u00eas Jos\u00e9 Boto explicou como aconteceu a negocia\u00e7\u00e3o do atacante de 28 anos.<\/p>\n\n\n\n<p>&#8220;\u00c9 um jogador que Filipe e eu conhec\u00edamos, n\u00e3o vem do scouting, mas atrav\u00e9s do nosso conhecimento geral do mercado e que se encaixava perfeitamente nas caracter\u00edsticas que n\u00f3s procur\u00e1vamos para o atacante do Flamengo neste momento&#8221;, disse Jos\u00e9 Boto.<\/p>\n\n\n\n<p>Al\u00e9m disso, o portugu\u00eas indicou que o processo que ser\u00e1 implementado a partir de agora \u00e9 reverso. A ideia \u00e9 que o time de scout do Flamengo leve novos &#8220;Juninhos&#8221; ao diretor de futebol e ao treinador Filipe Lu\u00eds.<\/p>\n\n\n\n<p>&#8220;O perfil de contrata\u00e7\u00f5es vai ser o jogador que serve para o nosso modelo de jogo. Se vem do Azerbaij\u00e3o, se vem do Cazaquist\u00e3o ou de outro pa\u00eds qualquer, isso n\u00e3o \u00e9 importante. O importante \u00e9 que tenha o perfil que procuramos. Aquilo que quero implementar \u00e9 o que o departamento de scouting nos d\u00ea mais Juninhos. O processo correto vai ser o scouting dar-nos Juninhos para observarmos, debatermos e contratarmos o melhor&#8221;, disse ao ge.<\/p>\n\n\n\n<p>A expectativa inicial era que Juninho se apresentasse \u00e0 delega\u00e7\u00e3o principal do Flamengo nos Estados Unidos. No entanto, o atacante teve um problema de visto e, por isso, veio direto ao Brasil. Anunciado, o novo jogador s\u00f3 ser\u00e1 apresentado oficialmente pelo clube na pr\u00f3xima semana, j\u00e1 na presen\u00e7a do diretor Jos\u00e9 Boto.<\/p>\n","protected":false},"excerpt":{"rendered":"<p>O Flamengo anunciou seu primeiro refor\u00e7o para a temporada 2025. O atacante Juninho, que estava no Qarabag, foi oficializado ap\u00f3s assinar um contrato de quatro temporadas. O atleta vai custar 5 milh\u00f5es de euros, cerca de R$ 31 milh\u00f5es, aos cofres rubro-negros. Primeiro refor\u00e7o da &#8220;era Boto&#8221;, Juninho foi um nome indicado pelo novo dirigente [&hellip;]<\/p>\n","protected":false},"author":32,"featured_media":205069,"comment_status":"open","ping_status":"closed","sticky":false,"template":"","format":"standard","meta":{"footnotes":""},"categories":[1],"tags":[],"class_list":["post-213407","post","type-post","status-publish","format-standard","has-post-thumbnail","hentry","category-flamengo"],"yoast_head":"<!-- This site is optimized with the Yoast SEO Premium plugin v24.2 (Yoast SEO v26.9) - https:\/\/yoast.com\/product\/yoast-seo-premium-wordpress\/ -->\n<title>Flamengo: a declara\u00e7\u00e3o de Jos\u00e9 Boto sobre a contrata\u00e7\u00e3o de Juninho<\/title>\n<meta name=\"robots\" content=\"index, follow, max-snippet:-1, max-image-preview:large, max-video-preview:-1\" \/>\n<link rel=\"canonical\" href=\"https:\/\/www.gaveanews.com\/index.php\/2025\/01\/16\/flamengo-a-declaracao-de-jose-boto-sobre-a-contratacao-de-juninho\/\" \/>\n<meta property=\"og:locale\" content=\"pt_BR\" \/>\n<meta property=\"og:type\" content=\"article\" \/>\n<meta property=\"og:title\" content=\"Flamengo: a declara\u00e7\u00e3o de Jos\u00e9 Boto sobre a contrata\u00e7\u00e3o de Juninho\" \/>\n<meta property=\"og:description\" content=\"O Flamengo anunciou seu primeiro refor\u00e7o para a temporada 2025. O atacante Juninho, que estava no Qarabag, foi oficializado ap\u00f3s assinar um contrato de quatro temporadas. O atleta vai custar 5 milh\u00f5es de euros, cerca de R$ 31 milh\u00f5es, aos cofres rubro-negros. Primeiro refor\u00e7o da &#8220;era Boto&#8221;, Juninho foi um nome indicado pelo novo dirigente [&hellip;]\" \/>\n<meta property=\"og:url\" content=\"https:\/\/www.gaveanews.com\/index.php\/2025\/01\/16\/flamengo-a-declaracao-de-jose-boto-sobre-a-contratacao-de-juninho\/\" \/>\n<meta property=\"og:site_name\" content=\"G\u00e1vea News\" \/>\n<meta property=\"article:publisher\" content=\"https:\/\/facebook.com\/gaveaNews\/\" \/>\n<meta property=\"article:published_time\" content=\"2025-01-16T23:00:00+00:00\" \/>\n<meta property=\"og:image\" content=\"https:\/\/www.gaveanews.com\/wp-content\/uploads\/Jose-Boto-apresentado-pelo-Flamengo.webp\" \/>\n\t<meta property=\"og:image:width\" content=\"530\" \/>\n\t<meta property=\"og:image:height\" content=\"399\" \/>\n\t<meta property=\"og:image:type\" content=\"image\/jpeg\" \/>\n<meta name=\"author\" content=\"Matheus Leal\" \/>\n<meta name=\"twitter:card\" content=\"summary_large_image\" \/>\n<meta name=\"twitter:label1\" content=\"Escrito por\" \/>\n\t<meta name=\"twitter:data1\" content=\"Matheus Leal\" \/>\n\t<meta name=\"twitter:label2\" content=\"Est. tempo de leitura\" \/>\n\t<meta name=\"twitter:data2\" content=\"2 minutos\" \/>\n<script type=\"application\/ld+json\" class=\"yoast-schema-graph\">{\"@context\":\"https:\/\/schema.org\",\"@graph\":[{\"@type\":\"NewsArticle\",\"@id\":\"https:\/\/www.gaveanews.com\/index.php\/2025\/01\/16\/flamengo-a-declaracao-de-jose-boto-sobre-a-contratacao-de-juninho\/#article\",\"isPartOf\":{\"@id\":\"https:\/\/www.gaveanews.com\/index.php\/2025\/01\/16\/flamengo-a-declaracao-de-jose-boto-sobre-a-contratacao-de-juninho\/\"},\"author\":{\"name\":\"Matheus Leal\",\"@id\":\"https:\/\/www.gaveanews.com\/#\/schema\/person\/49ac99b6823a2b8d5087a6ce3aaaa128\"},\"headline\":\"Flamengo: a declara\u00e7\u00e3o de Jos\u00e9 Boto sobre a contrata\u00e7\u00e3o de Juninho\",\"datePublished\":\"2025-01-16T23:00:00+00:00\",\"mainEntityOfPage\":{\"@id\":\"https:\/\/www.gaveanews.com\/index.php\/2025\/01\/16\/flamengo-a-declaracao-de-jose-boto-sobre-a-contratacao-de-juninho\/\"},\"wordCount\":341,\"commentCount\":0,\"image\":{\"@id\":\"https:\/\/www.gaveanews.com\/index.php\/2025\/01\/16\/flamengo-a-declaracao-de-jose-boto-sobre-a-contratacao-de-juninho\/#primaryimage\"},\"thumbnailUrl\":\"https:\/\/www.gaveanews.com\/wp-content\/uploads\/Jose-Boto-apresentado-pelo-Flamengo.webp\",\"articleSection\":[\"Flamengo\"],\"inLanguage\":\"pt-BR\",\"potentialAction\":[{\"@type\":\"CommentAction\",\"name\":\"Comment\",\"target\":[\"https:\/\/www.gaveanews.com\/index.php\/2025\/01\/16\/flamengo-a-declaracao-de-jose-boto-sobre-a-contratacao-de-juninho\/#respond\"]}],\"copyrightYear\":\"2025\",\"copyrightHolder\":{\"@id\":\"https:\/\/www.gaveanews.com\/#organization\"}},{\"@type\":\"WebPage\",\"@id\":\"https:\/\/www.gaveanews.com\/index.php\/2025\/01\/16\/flamengo-a-declaracao-de-jose-boto-sobre-a-contratacao-de-juninho\/\",\"url\":\"https:\/\/www.gaveanews.com\/index.php\/2025\/01\/16\/flamengo-a-declaracao-de-jose-boto-sobre-a-contratacao-de-juninho\/\",\"name\":\"Flamengo: a declara\u00e7\u00e3o de Jos\u00e9 Boto sobre a contrata\u00e7\u00e3o de Juninho\",\"isPartOf\":{\"@id\":\"https:\/\/www.gaveanews.com\/#website\"},\"primaryImageOfPage\":{\"@id\":\"https:\/\/www.gaveanews.com\/index.php\/2025\/01\/16\/flamengo-a-declaracao-de-jose-boto-sobre-a-contratacao-de-juninho\/#primaryimage\"},\"image\":{\"@id\":\"https:\/\/www.gaveanews.com\/index.php\/2025\/01\/16\/flamengo-a-declaracao-de-jose-boto-sobre-a-contratacao-de-juninho\/#primaryimage\"},\"thumbnailUrl\":\"https:\/\/www.gaveanews.com\/wp-content\/uploads\/Jose-Boto-apresentado-pelo-Flamengo.webp\",\"datePublished\":\"2025-01-16T23:00:00+00:00\",\"author\":{\"@id\":\"https:\/\/www.gaveanews.com\/#\/schema\/person\/49ac99b6823a2b8d5087a6ce3aaaa128\"},\"breadcrumb\":{\"@id\":\"https:\/\/www.gaveanews.com\/index.php\/2025\/01\/16\/flamengo-a-declaracao-de-jose-boto-sobre-a-contratacao-de-juninho\/#breadcrumb\"},\"inLanguage\":\"pt-BR\",\"potentialAction\":[{\"@type\":\"ReadAction\",\"target\":[\"https:\/\/www.gaveanews.com\/index.php\/2025\/01\/16\/flamengo-a-declaracao-de-jose-boto-sobre-a-contratacao-de-juninho\/\"]}]},{\"@type\":\"ImageObject\",\"inLanguage\":\"pt-BR\",\"@id\":\"https:\/\/www.gaveanews.com\/index.php\/2025\/01\/16\/flamengo-a-declaracao-de-jose-boto-sobre-a-contratacao-de-juninho\/#primaryimage\",\"url\":\"https:\/\/www.gaveanews.com\/wp-content\/uploads\/Jose-Boto-apresentado-pelo-Flamengo.webp\",\"contentUrl\":\"https:\/\/www.gaveanews.com\/wp-content\/uploads\/Jose-Boto-apresentado-pelo-Flamengo.webp\",\"width\":530,\"height\":399,\"caption\":\"Jos\u00e9 Boto apresentado pelo Flamengo (Foto: Marcelo Cortes\/Flamengo)\"},{\"@type\":\"BreadcrumbList\",\"@id\":\"https:\/\/www.gaveanews.com\/index.php\/2025\/01\/16\/flamengo-a-declaracao-de-jose-boto-sobre-a-contratacao-de-juninho\/#breadcrumb\",\"itemListElement\":[{\"@type\":\"ListItem\",\"position\":1,\"name\":\"Home\",\"item\":\"https:\/\/www.gaveanews.com\/\"},{\"@type\":\"ListItem\",\"position\":2,\"name\":\"Flamengo: a declara\u00e7\u00e3o de Jos\u00e9 Boto sobre a contrata\u00e7\u00e3o de Juninho\"}]},{\"@type\":\"WebSite\",\"@id\":\"https:\/\/www.gaveanews.com\/#website\",\"url\":\"https:\/\/www.gaveanews.com\/\",\"name\":\"G\u00e1vea News\",\"description\":\"Veja todas as not\u00edcias sobre o Flamengo: Contrata\u00e7\u00f5es, categorias de base, resultados das partidas, tabela de classifica\u00e7\u00e3o, pr\u00f3ximos jogos!\",\"potentialAction\":[{\"@type\":\"SearchAction\",\"target\":{\"@type\":\"EntryPoint\",\"urlTemplate\":\"https:\/\/www.gaveanews.com\/?s={search_term_string}\"},\"query-input\":{\"@type\":\"PropertyValueSpecification\",\"valueRequired\":true,\"valueName\":\"search_term_string\"}}],\"inLanguage\":\"pt-BR\"},{\"@type\":\"Person\",\"@id\":\"https:\/\/www.gaveanews.com\/#\/schema\/person\/49ac99b6823a2b8d5087a6ce3aaaa128\",\"name\":\"Matheus Leal\",\"image\":{\"@type\":\"ImageObject\",\"inLanguage\":\"pt-BR\",\"@id\":\"https:\/\/www.gaveanews.com\/#\/schema\/person\/image\/\",\"url\":\"https:\/\/secure.gravatar.com\/avatar\/21c52300d1234416f9c886f6dadd7452d8b035ac505314a51e4f56731e90c481?s=96&d=mm&r=g\",\"contentUrl\":\"https:\/\/secure.gravatar.com\/avatar\/21c52300d1234416f9c886f6dadd7452d8b035ac505314a51e4f56731e90c481?s=96&d=mm&r=g\",\"caption\":\"Matheus Leal\"}}]}<\/script>\n<!-- \/ Yoast SEO Premium plugin. -->","yoast_head_json":{"title":"Flamengo: a declara\u00e7\u00e3o de Jos\u00e9 Boto sobre a contrata\u00e7\u00e3o de Juninho","robots":{"index":"index","follow":"follow","max-snippet":"max-snippet:-1","max-image-preview":"max-image-preview:large","max-video-preview":"max-video-preview:-1"},"canonical":"https:\/\/www.gaveanews.com\/index.php\/2025\/01\/16\/flamengo-a-declaracao-de-jose-boto-sobre-a-contratacao-de-juninho\/","og_locale":"pt_BR","og_type":"article","og_title":"Flamengo: a declara\u00e7\u00e3o de Jos\u00e9 Boto sobre a contrata\u00e7\u00e3o de Juninho","og_description":"O Flamengo anunciou seu primeiro refor\u00e7o para a temporada 2025. O atacante Juninho, que estava no Qarabag, foi oficializado ap\u00f3s assinar um contrato de quatro temporadas. O atleta vai custar 5 milh\u00f5es de euros, cerca de R$ 31 milh\u00f5es, aos cofres rubro-negros. Primeiro refor\u00e7o da &#8220;era Boto&#8221;, Juninho foi um nome indicado pelo novo dirigente [&hellip;]","og_url":"https:\/\/www.gaveanews.com\/index.php\/2025\/01\/16\/flamengo-a-declaracao-de-jose-boto-sobre-a-contratacao-de-juninho\/","og_site_name":"G\u00e1vea News","article_publisher":"https:\/\/facebook.com\/gaveaNews\/","article_published_time":"2025-01-16T23:00:00+00:00","og_image":[{"width":530,"height":399,"url":"https:\/\/www.gaveanews.com\/wp-content\/uploads\/Jose-Boto-apresentado-pelo-Flamengo.webp","type":"image\/jpeg"}],"author":"Matheus Leal","twitter_card":"summary_large_image","twitter_misc":{"Escrito por":"Matheus Leal","Est. tempo de leitura":"2 minutos"},"schema":{"@context":"https:\/\/schema.org","@graph":[{"@type":"NewsArticle","@id":"https:\/\/www.gaveanews.com\/index.php\/2025\/01\/16\/flamengo-a-declaracao-de-jose-boto-sobre-a-contratacao-de-juninho\/#article","isPartOf":{"@id":"https:\/\/www.gaveanews.com\/index.php\/2025\/01\/16\/flamengo-a-declaracao-de-jose-boto-sobre-a-contratacao-de-juninho\/"},"author":{"name":"Matheus Leal","@id":"https:\/\/www.gaveanews.com\/#\/schema\/person\/49ac99b6823a2b8d5087a6ce3aaaa128"},"headline":"Flamengo: a declara\u00e7\u00e3o de Jos\u00e9 Boto sobre a contrata\u00e7\u00e3o de Juninho","datePublished":"2025-01-16T23:00:00+00:00","mainEntityOfPage":{"@id":"https:\/\/www.gaveanews.com\/index.php\/2025\/01\/16\/flamengo-a-declaracao-de-jose-boto-sobre-a-contratacao-de-juninho\/"},"wordCount":341,"commentCount":0,"image":{"@id":"https:\/\/www.gaveanews.com\/index.php\/2025\/01\/16\/flamengo-a-declaracao-de-jose-boto-sobre-a-contratacao-de-juninho\/#primaryimage"},"thumbnailUrl":"https:\/\/www.gaveanews.com\/wp-content\/uploads\/Jose-Boto-apresentado-pelo-Flamengo.webp","articleSection":["Flamengo"],"inLanguage":"pt-BR","potentialAction":[{"@type":"CommentAction","name":"Comment","target":["https:\/\/www.gaveanews.com\/index.php\/2025\/01\/16\/flamengo-a-declaracao-de-jose-boto-sobre-a-contratacao-de-juninho\/#respond"]}],"copyrightYear":"2025","copyrightHolder":{"@id":"https:\/\/www.gaveanews.com\/#organization"}},{"@type":"WebPage","@id":"https:\/\/www.gaveanews.com\/index.php\/2025\/01\/16\/flamengo-a-declaracao-de-jose-boto-sobre-a-contratacao-de-juninho\/","url":"https:\/\/www.gaveanews.com\/index.php\/2025\/01\/16\/flamengo-a-declaracao-de-jose-boto-sobre-a-contratacao-de-juninho\/","name":"Flamengo: a declara\u00e7\u00e3o de Jos\u00e9 Boto sobre a contrata\u00e7\u00e3o de Juninho","isPartOf":{"@id":"https:\/\/www.gaveanews.com\/#website"},"primaryImageOfPage":{"@id":"https:\/\/www.gaveanews.com\/index.php\/2025\/01\/16\/flamengo-a-declaracao-de-jose-boto-sobre-a-contratacao-de-juninho\/#primaryimage"},"image":{"@id":"https:\/\/www.gaveanews.com\/index.php\/2025\/01\/16\/flamengo-a-declaracao-de-jose-boto-sobre-a-contratacao-de-juninho\/#primaryimage"},"thumbnailUrl":"https:\/\/www.gaveanews.com\/wp-content\/uploads\/Jose-Boto-apresentado-pelo-Flamengo.webp","datePublished":"2025-01-16T23:00:00+00:00","author":{"@id":"https:\/\/www.gaveanews.com\/#\/schema\/person\/49ac99b6823a2b8d5087a6ce3aaaa128"},"breadcrumb":{"@id":"https:\/\/www.gaveanews.com\/index.php\/2025\/01\/16\/flamengo-a-declaracao-de-jose-boto-sobre-a-contratacao-de-juninho\/#breadcrumb"},"inLanguage":"pt-BR","potentialAction":[{"@type":"ReadAction","target":["https:\/\/www.gaveanews.com\/index.php\/2025\/01\/16\/flamengo-a-declaracao-de-jose-boto-sobre-a-contratacao-de-juninho\/"]}]},{"@type":"ImageObject","inLanguage":"pt-BR","@id":"https:\/\/www.gaveanews.com\/index.php\/2025\/01\/16\/flamengo-a-declaracao-de-jose-boto-sobre-a-contratacao-de-juninho\/#primaryimage","url":"https:\/\/www.gaveanews.com\/wp-content\/uploads\/Jose-Boto-apresentado-pelo-Flamengo.webp","contentUrl":"https:\/\/www.gaveanews.com\/wp-content\/uploads\/Jose-Boto-apresentado-pelo-Flamengo.webp","width":530,"height":399,"caption":"Jos\u00e9 Boto apresentado pelo Flamengo (Foto: Marcelo Cortes\/Flamengo)"},{"@type":"BreadcrumbList","@id":"https:\/\/www.gaveanews.com\/index.php\/2025\/01\/16\/flamengo-a-declaracao-de-jose-boto-sobre-a-contratacao-de-juninho\/#breadcrumb","itemListElement":[{"@type":"ListItem","position":1,"name":"Home","item":"https:\/\/www.gaveanews.com\/"},{"@type":"ListItem","position":2,"name":"Flamengo: a declara\u00e7\u00e3o de Jos\u00e9 Boto sobre a contrata\u00e7\u00e3o de Juninho"}]},{"@type":"WebSite","@id":"https:\/\/www.gaveanews.com\/#website","url":"https:\/\/www.gaveanews.com\/","name":"G\u00e1vea News","description":"Veja todas as not\u00edcias sobre o Flamengo: Contrata\u00e7\u00f5es, categorias de base, resultados das partidas, tabela de classifica\u00e7\u00e3o, pr\u00f3ximos jogos!","potentialAction":[{"@type":"SearchAction","target":{"@type":"EntryPoint","urlTemplate":"https:\/\/www.gaveanews.com\/?s={search_term_string}"},"query-input":{"@type":"PropertyValueSpecification","valueRequired":true,"valueName":"search_term_string"}}],"inLanguage":"pt-BR"},{"@type":"Person","@id":"https:\/\/www.gaveanews.com\/#\/schema\/person\/49ac99b6823a2b8d5087a6ce3aaaa128","name":"Matheus Leal","image":{"@type":"ImageObject","inLanguage":"pt-BR","@id":"https:\/\/www.gaveanews.com\/#\/schema\/person\/image\/","url":"https:\/\/secure.gravatar.com\/avatar\/21c52300d1234416f9c886f6dadd7452d8b035ac505314a51e4f56731e90c481?s=96&d=mm&r=g","contentUrl":"https:\/\/secure.gravatar.com\/avatar\/21c52300d1234416f9c886f6dadd7452d8b035ac505314a51e4f56731e90c481?s=96&d=mm&r=g","caption":"Matheus Leal"}}]}},"_links":{"self":[{"href":"https:\/\/www.gaveanews.com\/index.php\/wp-json\/wp\/v2\/posts\/213407","targetHints":{"allow":["GET"]}}],"collection":[{"href":"https:\/\/www.gaveanews.com\/index.php\/wp-json\/wp\/v2\/posts"}],"about":[{"href":"https:\/\/www.gaveanews.com\/index.php\/wp-json\/wp\/v2\/types\/post"}],"author":[{"embeddable":true,"href":"https:\/\/www.gaveanews.com\/index.php\/wp-json\/wp\/v2\/users\/32"}],"replies":[{"embeddable":true,"href":"https:\/\/www.gaveanews.com\/index.php\/wp-json\/wp\/v2\/comments?post=213407"}],"version-history":[{"count":1,"href":"https:\/\/www.gaveanews.com\/index.php\/wp-json\/wp\/v2\/posts\/213407\/revisions"}],"predecessor-version":[{"id":213413,"href":"https:\/\/www.gaveanews.com\/index.php\/wp-json\/wp\/v2\/posts\/213407\/revisions\/213413"}],"wp:featuredmedia":[{"embeddable":true,"href":"https:\/\/www.gaveanews.com\/index.php\/wp-json\/wp\/v2\/media\/205069"}],"wp:attachment":[{"href":"https:\/\/www.gaveanews.com\/index.php\/wp-json\/wp\/v2\/media?parent=213407"}],"wp:term":[{"taxonomy":"category","embeddable":true,"href":"https:\/\/www.gaveanews.com\/index.php\/wp-json\/wp\/v2\/categories?post=213407"},{"taxonomy":"post_tag","embeddable":true,"href":"https:\/\/www.gaveanews.com\/index.php\/wp-json\/wp\/v2\/tags?post=213407"}],"curies":[{"name":"wp","href":"https:\/\/api.w.org\/{rel}","templated":true}]}}