{"id":213442,"date":"2025-01-17T00:10:00","date_gmt":"2025-01-17T03:10:00","guid":{"rendered":"https:\/\/www.gaveanews.com\/?p=213442"},"modified":"2025-01-16T21:03:13","modified_gmt":"2025-01-17T00:03:13","slug":"ele-foi-afastado-pela-diretoria-do-corinthians","status":"publish","type":"post","link":"https:\/\/www.gaveanews.com\/index.php\/2025\/01\/17\/ele-foi-afastado-pela-diretoria-do-corinthians\/","title":{"rendered":"Ele foi afastado pela diretoria do Corinthians"},"content":{"rendered":"\n<p>O Corinthians vive um come\u00e7o de ano agitado fora de campo. Nesta quinta-feira (16), o clube anunciou a sa\u00edda de Marcelo Mariano, conhecido como Marcelinho, da Diretoria Administrativa, cargo que ocupava desde o in\u00edcio de 2024. A decis\u00e3o foi tomada ap\u00f3s press\u00e3o interna de conselheiros e j\u00e1 estava sendo analisada desde o \u00faltimo fim de semana. O dirigente, homem de confian\u00e7a do presidente Augusto Melo, optou por pedir o afastamento para garantir que a gest\u00e3o do clube possa seguir de maneira mais tranquila e profissional.<\/p>\n\n\n\n<ul class=\"wp-block-list\">\n<li><a href=\"https:\/\/www.gaveanews.com\/index.php\/2025\/01\/15\/benja-detona-diretoria-do-corinthians\/\">Benja detona diretoria do Corinthians<\/a><\/li>\n\n\n\n<li><a href=\"https:\/\/www.gaveanews.com\/index.php\/2025\/01\/15\/corinthians-tem-data-para-pagar-salarios-atrasados\/\">Corinthians tem data para pagar sal\u00e1rios atrasados<\/a><\/li>\n<\/ul>\n\n\n\n<h2 class=\"wp-block-heading\" id=\"h-a-explicacao-oficial-do-clube-e-as-motivacoes-de-marcelinho\">A explica\u00e7\u00e3o oficial do clube e as motiva\u00e7\u00f5es de Marcelinho<\/h2>\n\n\n\n<p>Em nota oficial, o Corinthians afirmou que Marcelo Mariano &#8220;optou por deixar a diretoria para que a gest\u00e3o consiga trabalhar de forma pac\u00edfica&#8221;. A nota tamb\u00e9m destaca o desejo de Marcelinho de que o processo pol\u00edtico do clube seja conclu\u00eddo da melhor forma poss\u00edvel. &#8220;O agora ex-diretor est\u00e1 esperan\u00e7oso de que a diretoria atual consiga, enfim, realizar em seu mandato todas as melhorias que est\u00e3o no planejamento&#8221;, afirma o comunicado. Com isso, ele retorna ao seu cargo no Conselho Deliberativo do clube, onde continuar\u00e1 suas atividades.<\/p>\n\n\n\n<blockquote class=\"twitter-tweet\"><p lang=\"es\" dir=\"ltr\">Nota oficial &#8211; Marcelo Mariano <a href=\"https:\/\/t.co\/P2yDbRgX4O\">pic.twitter.com\/P2yDbRgX4O<\/a><\/p>&mdash; Corinthians (@Corinthians) <a href=\"https:\/\/twitter.com\/Corinthians\/status\/1879903029845196840?ref_src=twsrc%5Etfw\">January 16, 2025<\/a><\/blockquote> <script async src=\"https:\/\/platform.twitter.com\/widgets.js\" charset=\"utf-8\"><\/script>\n\n\n\n<h2 class=\"wp-block-heading\" id=\"h-um-cenario-de-pressao-e-investigacoes-no-corinthians\">Um cen\u00e1rio de press\u00e3o e investiga\u00e7\u00f5es no Corinthians<\/h2>\n\n\n\n<p>Vale destacar que a sa\u00edda de Marcelinho acontece em um momento de alta tens\u00e3o no clube. Na pr\u00f3xima segunda-feira (20), o Conselho Deliberativo do Corinthians realizar\u00e1 uma vota\u00e7\u00e3o crucial para definir se o presidente Augusto Melo continuar\u00e1 no cargo ou se enfrentar\u00e1 um processo de impeachment. <\/p>\n\n\n\n<p>Isso porque o contrato com a plataforma de apostas VaideBet, em investiga\u00e7\u00e3o pela Pol\u00edcia Civil, gerou um grande desgaste na gest\u00e3o. Al\u00e9m disso, a quest\u00e3o dos gastos com cart\u00e3o corporativo, que ultrapassam R$ 40 mil, est\u00e1 sendo alvo de apura\u00e7\u00e3o. O clube alegou ter apenas um cart\u00e3o corporativo, mas investiga\u00e7\u00f5es indicam que existem cinco cart\u00f5es ativos.<\/p>\n\n\n\n<h2 class=\"wp-block-heading\" id=\"h-as-mudancas-no-comando-da-diretoria\">As mudan\u00e7as no comando da diretoria<\/h2>\n\n\n\n<p>Essa sa\u00edda de Marcelo Mariano \u00e9 parte de uma s\u00e9rie de mudan\u00e7as na diretoria do Corinthians em 2024. Outros diretores tamb\u00e9m pediram afastamento, como S\u00e9rgio Moura, ex-superintendente de marketing, que se viu envolvido nas pol\u00eamicas com a VaideBet. Al\u00e9m dele, Rozallah Santoro (diretor financeiro) e Yun Ki Lee (diretor jur\u00eddico) tamb\u00e9m renunciaram aos seus cargos. <\/p>\n\n\n\n<p>Sendo assim, o clube tenta reorganizar sua estrutura e manter a estabilidade diante de um momento turbulento. Com isso, o Corinthians segue sua caminhada em busca de resolver as pend\u00eancias fora de campo, enquanto o foco continua sendo o desempenho da equipe dentro das quatro linhas.<\/p>\n","protected":false},"excerpt":{"rendered":"<p>O Corinthians vive um come\u00e7o de ano agitado fora de campo. Nesta quinta-feira (16), o clube anunciou a sa\u00edda de Marcelo Mariano, conhecido como Marcelinho, da Diretoria Administrativa, cargo que ocupava desde o in\u00edcio de 2024. A decis\u00e3o foi tomada ap\u00f3s press\u00e3o interna de conselheiros e j\u00e1 estava sendo analisada desde o \u00faltimo fim de [&hellip;]<\/p>\n","protected":false},"author":24,"featured_media":146952,"comment_status":"open","ping_status":"closed","sticky":false,"template":"","format":"standard","meta":{"footnotes":""},"categories":[141],"tags":[],"class_list":["post-213442","post","type-post","status-publish","format-standard","has-post-thumbnail","hentry","category-corinthians"],"yoast_head":"<!-- This site is optimized with the Yoast SEO Premium plugin v24.2 (Yoast SEO v26.9) - https:\/\/yoast.com\/product\/yoast-seo-premium-wordpress\/ -->\n<title>Ele foi afastado pela diretoria do Corinthians<\/title>\n<meta name=\"robots\" content=\"index, follow, max-snippet:-1, max-image-preview:large, max-video-preview:-1\" \/>\n<link rel=\"canonical\" href=\"https:\/\/www.gaveanews.com\/index.php\/2025\/01\/17\/ele-foi-afastado-pela-diretoria-do-corinthians\/\" \/>\n<meta property=\"og:locale\" content=\"pt_BR\" \/>\n<meta property=\"og:type\" content=\"article\" \/>\n<meta property=\"og:title\" content=\"Ele foi afastado pela diretoria do Corinthians\" \/>\n<meta property=\"og:description\" content=\"O Corinthians vive um come\u00e7o de ano agitado fora de campo. Nesta quinta-feira (16), o clube anunciou a sa\u00edda de Marcelo Mariano, conhecido como Marcelinho, da Diretoria Administrativa, cargo que ocupava desde o in\u00edcio de 2024. A decis\u00e3o foi tomada ap\u00f3s press\u00e3o interna de conselheiros e j\u00e1 estava sendo analisada desde o \u00faltimo fim de [&hellip;]\" \/>\n<meta property=\"og:url\" content=\"https:\/\/www.gaveanews.com\/index.php\/2025\/01\/17\/ele-foi-afastado-pela-diretoria-do-corinthians\/\" \/>\n<meta property=\"og:site_name\" content=\"G\u00e1vea News\" \/>\n<meta property=\"article:publisher\" content=\"https:\/\/facebook.com\/gaveaNews\/\" \/>\n<meta property=\"article:published_time\" content=\"2025-01-17T03:10:00+00:00\" \/>\n<meta property=\"og:image\" content=\"http:\/\/www.gaveanews.com\/wp-content\/uploads\/Bandeira-do-Corinthians.webp\" \/>\n\t<meta property=\"og:image:width\" content=\"1048\" \/>\n\t<meta property=\"og:image:height\" content=\"699\" \/>\n\t<meta property=\"og:image:type\" content=\"image\/webp\" \/>\n<meta name=\"author\" content=\"Leandro Cardoso\" \/>\n<meta name=\"twitter:card\" content=\"summary_large_image\" \/>\n<meta name=\"twitter:label1\" content=\"Escrito por\" \/>\n\t<meta name=\"twitter:data1\" content=\"Leandro Cardoso\" \/>\n\t<meta name=\"twitter:label2\" content=\"Est. tempo de leitura\" \/>\n\t<meta name=\"twitter:data2\" content=\"3 minutos\" \/>\n<script type=\"application\/ld+json\" class=\"yoast-schema-graph\">{\"@context\":\"https:\/\/schema.org\",\"@graph\":[{\"@type\":\"NewsArticle\",\"@id\":\"https:\/\/www.gaveanews.com\/index.php\/2025\/01\/17\/ele-foi-afastado-pela-diretoria-do-corinthians\/#article\",\"isPartOf\":{\"@id\":\"https:\/\/www.gaveanews.com\/index.php\/2025\/01\/17\/ele-foi-afastado-pela-diretoria-do-corinthians\/\"},\"author\":{\"name\":\"Leandro Cardoso\",\"@id\":\"https:\/\/www.gaveanews.com\/#\/schema\/person\/2424ec6409bc3f068411fc5e4e9b6168\"},\"headline\":\"Ele foi afastado pela diretoria do Corinthians\",\"datePublished\":\"2025-01-17T03:10:00+00:00\",\"mainEntityOfPage\":{\"@id\":\"https:\/\/www.gaveanews.com\/index.php\/2025\/01\/17\/ele-foi-afastado-pela-diretoria-do-corinthians\/\"},\"wordCount\":473,\"commentCount\":0,\"image\":{\"@id\":\"https:\/\/www.gaveanews.com\/index.php\/2025\/01\/17\/ele-foi-afastado-pela-diretoria-do-corinthians\/#primaryimage\"},\"thumbnailUrl\":\"https:\/\/www.gaveanews.com\/wp-content\/uploads\/Bandeira-do-Corinthians.webp\",\"articleSection\":[\"Corinthians\"],\"inLanguage\":\"pt-BR\",\"potentialAction\":[{\"@type\":\"CommentAction\",\"name\":\"Comment\",\"target\":[\"https:\/\/www.gaveanews.com\/index.php\/2025\/01\/17\/ele-foi-afastado-pela-diretoria-do-corinthians\/#respond\"]}],\"copyrightYear\":\"2025\",\"copyrightHolder\":{\"@id\":\"https:\/\/www.gaveanews.com\/#organization\"}},{\"@type\":\"WebPage\",\"@id\":\"https:\/\/www.gaveanews.com\/index.php\/2025\/01\/17\/ele-foi-afastado-pela-diretoria-do-corinthians\/\",\"url\":\"https:\/\/www.gaveanews.com\/index.php\/2025\/01\/17\/ele-foi-afastado-pela-diretoria-do-corinthians\/\",\"name\":\"Ele foi afastado pela diretoria do Corinthians\",\"isPartOf\":{\"@id\":\"https:\/\/www.gaveanews.com\/#website\"},\"primaryImageOfPage\":{\"@id\":\"https:\/\/www.gaveanews.com\/index.php\/2025\/01\/17\/ele-foi-afastado-pela-diretoria-do-corinthians\/#primaryimage\"},\"image\":{\"@id\":\"https:\/\/www.gaveanews.com\/index.php\/2025\/01\/17\/ele-foi-afastado-pela-diretoria-do-corinthians\/#primaryimage\"},\"thumbnailUrl\":\"https:\/\/www.gaveanews.com\/wp-content\/uploads\/Bandeira-do-Corinthians.webp\",\"datePublished\":\"2025-01-17T03:10:00+00:00\",\"author\":{\"@id\":\"https:\/\/www.gaveanews.com\/#\/schema\/person\/2424ec6409bc3f068411fc5e4e9b6168\"},\"breadcrumb\":{\"@id\":\"https:\/\/www.gaveanews.com\/index.php\/2025\/01\/17\/ele-foi-afastado-pela-diretoria-do-corinthians\/#breadcrumb\"},\"inLanguage\":\"pt-BR\",\"potentialAction\":[{\"@type\":\"ReadAction\",\"target\":[\"https:\/\/www.gaveanews.com\/index.php\/2025\/01\/17\/ele-foi-afastado-pela-diretoria-do-corinthians\/\"]}]},{\"@type\":\"ImageObject\",\"inLanguage\":\"pt-BR\",\"@id\":\"https:\/\/www.gaveanews.com\/index.php\/2025\/01\/17\/ele-foi-afastado-pela-diretoria-do-corinthians\/#primaryimage\",\"url\":\"https:\/\/www.gaveanews.com\/wp-content\/uploads\/Bandeira-do-Corinthians.webp\",\"contentUrl\":\"https:\/\/www.gaveanews.com\/wp-content\/uploads\/Bandeira-do-Corinthians.webp\",\"width\":1048,\"height\":699,\"caption\":\"Bandeira do Corinthians (Foto Reprodu\u00e7\u00e3o\/Instagram)\"},{\"@type\":\"BreadcrumbList\",\"@id\":\"https:\/\/www.gaveanews.com\/index.php\/2025\/01\/17\/ele-foi-afastado-pela-diretoria-do-corinthians\/#breadcrumb\",\"itemListElement\":[{\"@type\":\"ListItem\",\"position\":1,\"name\":\"Home\",\"item\":\"https:\/\/www.gaveanews.com\/\"},{\"@type\":\"ListItem\",\"position\":2,\"name\":\"Ele foi afastado pela diretoria do Corinthians\"}]},{\"@type\":\"WebSite\",\"@id\":\"https:\/\/www.gaveanews.com\/#website\",\"url\":\"https:\/\/www.gaveanews.com\/\",\"name\":\"G\u00e1vea News\",\"description\":\"Veja todas as not\u00edcias sobre o Flamengo: Contrata\u00e7\u00f5es, categorias de base, resultados das partidas, tabela de classifica\u00e7\u00e3o, pr\u00f3ximos jogos!\",\"potentialAction\":[{\"@type\":\"SearchAction\",\"target\":{\"@type\":\"EntryPoint\",\"urlTemplate\":\"https:\/\/www.gaveanews.com\/?s={search_term_string}\"},\"query-input\":{\"@type\":\"PropertyValueSpecification\",\"valueRequired\":true,\"valueName\":\"search_term_string\"}}],\"inLanguage\":\"pt-BR\"},{\"@type\":\"Person\",\"@id\":\"https:\/\/www.gaveanews.com\/#\/schema\/person\/2424ec6409bc3f068411fc5e4e9b6168\",\"name\":\"Leandro Cardoso\",\"image\":{\"@type\":\"ImageObject\",\"inLanguage\":\"pt-BR\",\"@id\":\"https:\/\/www.gaveanews.com\/#\/schema\/person\/image\/\",\"url\":\"https:\/\/secure.gravatar.com\/avatar\/8ca179f9b55eefe9f376f5493ef25475bfa59fbc28ce937f6076ce20e523098f?s=96&d=mm&r=g\",\"contentUrl\":\"https:\/\/secure.gravatar.com\/avatar\/8ca179f9b55eefe9f376f5493ef25475bfa59fbc28ce937f6076ce20e523098f?s=96&d=mm&r=g\",\"caption\":\"Leandro Cardoso\"}}]}<\/script>\n<!-- \/ Yoast SEO Premium plugin. -->","yoast_head_json":{"title":"Ele foi afastado pela diretoria do Corinthians","robots":{"index":"index","follow":"follow","max-snippet":"max-snippet:-1","max-image-preview":"max-image-preview:large","max-video-preview":"max-video-preview:-1"},"canonical":"https:\/\/www.gaveanews.com\/index.php\/2025\/01\/17\/ele-foi-afastado-pela-diretoria-do-corinthians\/","og_locale":"pt_BR","og_type":"article","og_title":"Ele foi afastado pela diretoria do Corinthians","og_description":"O Corinthians vive um come\u00e7o de ano agitado fora de campo. Nesta quinta-feira (16), o clube anunciou a sa\u00edda de Marcelo Mariano, conhecido como Marcelinho, da Diretoria Administrativa, cargo que ocupava desde o in\u00edcio de 2024. A decis\u00e3o foi tomada ap\u00f3s press\u00e3o interna de conselheiros e j\u00e1 estava sendo analisada desde o \u00faltimo fim de [&hellip;]","og_url":"https:\/\/www.gaveanews.com\/index.php\/2025\/01\/17\/ele-foi-afastado-pela-diretoria-do-corinthians\/","og_site_name":"G\u00e1vea News","article_publisher":"https:\/\/facebook.com\/gaveaNews\/","article_published_time":"2025-01-17T03:10:00+00:00","og_image":[{"width":1048,"height":699,"url":"http:\/\/www.gaveanews.com\/wp-content\/uploads\/Bandeira-do-Corinthians.webp","type":"image\/webp"}],"author":"Leandro Cardoso","twitter_card":"summary_large_image","twitter_misc":{"Escrito por":"Leandro Cardoso","Est. tempo de leitura":"3 minutos"},"schema":{"@context":"https:\/\/schema.org","@graph":[{"@type":"NewsArticle","@id":"https:\/\/www.gaveanews.com\/index.php\/2025\/01\/17\/ele-foi-afastado-pela-diretoria-do-corinthians\/#article","isPartOf":{"@id":"https:\/\/www.gaveanews.com\/index.php\/2025\/01\/17\/ele-foi-afastado-pela-diretoria-do-corinthians\/"},"author":{"name":"Leandro Cardoso","@id":"https:\/\/www.gaveanews.com\/#\/schema\/person\/2424ec6409bc3f068411fc5e4e9b6168"},"headline":"Ele foi afastado pela diretoria do Corinthians","datePublished":"2025-01-17T03:10:00+00:00","mainEntityOfPage":{"@id":"https:\/\/www.gaveanews.com\/index.php\/2025\/01\/17\/ele-foi-afastado-pela-diretoria-do-corinthians\/"},"wordCount":473,"commentCount":0,"image":{"@id":"https:\/\/www.gaveanews.com\/index.php\/2025\/01\/17\/ele-foi-afastado-pela-diretoria-do-corinthians\/#primaryimage"},"thumbnailUrl":"https:\/\/www.gaveanews.com\/wp-content\/uploads\/Bandeira-do-Corinthians.webp","articleSection":["Corinthians"],"inLanguage":"pt-BR","potentialAction":[{"@type":"CommentAction","name":"Comment","target":["https:\/\/www.gaveanews.com\/index.php\/2025\/01\/17\/ele-foi-afastado-pela-diretoria-do-corinthians\/#respond"]}],"copyrightYear":"2025","copyrightHolder":{"@id":"https:\/\/www.gaveanews.com\/#organization"}},{"@type":"WebPage","@id":"https:\/\/www.gaveanews.com\/index.php\/2025\/01\/17\/ele-foi-afastado-pela-diretoria-do-corinthians\/","url":"https:\/\/www.gaveanews.com\/index.php\/2025\/01\/17\/ele-foi-afastado-pela-diretoria-do-corinthians\/","name":"Ele foi afastado pela diretoria do Corinthians","isPartOf":{"@id":"https:\/\/www.gaveanews.com\/#website"},"primaryImageOfPage":{"@id":"https:\/\/www.gaveanews.com\/index.php\/2025\/01\/17\/ele-foi-afastado-pela-diretoria-do-corinthians\/#primaryimage"},"image":{"@id":"https:\/\/www.gaveanews.com\/index.php\/2025\/01\/17\/ele-foi-afastado-pela-diretoria-do-corinthians\/#primaryimage"},"thumbnailUrl":"https:\/\/www.gaveanews.com\/wp-content\/uploads\/Bandeira-do-Corinthians.webp","datePublished":"2025-01-17T03:10:00+00:00","author":{"@id":"https:\/\/www.gaveanews.com\/#\/schema\/person\/2424ec6409bc3f068411fc5e4e9b6168"},"breadcrumb":{"@id":"https:\/\/www.gaveanews.com\/index.php\/2025\/01\/17\/ele-foi-afastado-pela-diretoria-do-corinthians\/#breadcrumb"},"inLanguage":"pt-BR","potentialAction":[{"@type":"ReadAction","target":["https:\/\/www.gaveanews.com\/index.php\/2025\/01\/17\/ele-foi-afastado-pela-diretoria-do-corinthians\/"]}]},{"@type":"ImageObject","inLanguage":"pt-BR","@id":"https:\/\/www.gaveanews.com\/index.php\/2025\/01\/17\/ele-foi-afastado-pela-diretoria-do-corinthians\/#primaryimage","url":"https:\/\/www.gaveanews.com\/wp-content\/uploads\/Bandeira-do-Corinthians.webp","contentUrl":"https:\/\/www.gaveanews.com\/wp-content\/uploads\/Bandeira-do-Corinthians.webp","width":1048,"height":699,"caption":"Bandeira do Corinthians (Foto Reprodu\u00e7\u00e3o\/Instagram)"},{"@type":"BreadcrumbList","@id":"https:\/\/www.gaveanews.com\/index.php\/2025\/01\/17\/ele-foi-afastado-pela-diretoria-do-corinthians\/#breadcrumb","itemListElement":[{"@type":"ListItem","position":1,"name":"Home","item":"https:\/\/www.gaveanews.com\/"},{"@type":"ListItem","position":2,"name":"Ele foi afastado pela diretoria do Corinthians"}]},{"@type":"WebSite","@id":"https:\/\/www.gaveanews.com\/#website","url":"https:\/\/www.gaveanews.com\/","name":"G\u00e1vea News","description":"Veja todas as not\u00edcias sobre o Flamengo: Contrata\u00e7\u00f5es, categorias de base, resultados das partidas, tabela de classifica\u00e7\u00e3o, pr\u00f3ximos jogos!","potentialAction":[{"@type":"SearchAction","target":{"@type":"EntryPoint","urlTemplate":"https:\/\/www.gaveanews.com\/?s={search_term_string}"},"query-input":{"@type":"PropertyValueSpecification","valueRequired":true,"valueName":"search_term_string"}}],"inLanguage":"pt-BR"},{"@type":"Person","@id":"https:\/\/www.gaveanews.com\/#\/schema\/person\/2424ec6409bc3f068411fc5e4e9b6168","name":"Leandro Cardoso","image":{"@type":"ImageObject","inLanguage":"pt-BR","@id":"https:\/\/www.gaveanews.com\/#\/schema\/person\/image\/","url":"https:\/\/secure.gravatar.com\/avatar\/8ca179f9b55eefe9f376f5493ef25475bfa59fbc28ce937f6076ce20e523098f?s=96&d=mm&r=g","contentUrl":"https:\/\/secure.gravatar.com\/avatar\/8ca179f9b55eefe9f376f5493ef25475bfa59fbc28ce937f6076ce20e523098f?s=96&d=mm&r=g","caption":"Leandro Cardoso"}}]}},"_links":{"self":[{"href":"https:\/\/www.gaveanews.com\/index.php\/wp-json\/wp\/v2\/posts\/213442","targetHints":{"allow":["GET"]}}],"collection":[{"href":"https:\/\/www.gaveanews.com\/index.php\/wp-json\/wp\/v2\/posts"}],"about":[{"href":"https:\/\/www.gaveanews.com\/index.php\/wp-json\/wp\/v2\/types\/post"}],"author":[{"embeddable":true,"href":"https:\/\/www.gaveanews.com\/index.php\/wp-json\/wp\/v2\/users\/24"}],"replies":[{"embeddable":true,"href":"https:\/\/www.gaveanews.com\/index.php\/wp-json\/wp\/v2\/comments?post=213442"}],"version-history":[{"count":1,"href":"https:\/\/www.gaveanews.com\/index.php\/wp-json\/wp\/v2\/posts\/213442\/revisions"}],"predecessor-version":[{"id":213450,"href":"https:\/\/www.gaveanews.com\/index.php\/wp-json\/wp\/v2\/posts\/213442\/revisions\/213450"}],"wp:featuredmedia":[{"embeddable":true,"href":"https:\/\/www.gaveanews.com\/index.php\/wp-json\/wp\/v2\/media\/146952"}],"wp:attachment":[{"href":"https:\/\/www.gaveanews.com\/index.php\/wp-json\/wp\/v2\/media?parent=213442"}],"wp:term":[{"taxonomy":"category","embeddable":true,"href":"https:\/\/www.gaveanews.com\/index.php\/wp-json\/wp\/v2\/categories?post=213442"},{"taxonomy":"post_tag","embeddable":true,"href":"https:\/\/www.gaveanews.com\/index.php\/wp-json\/wp\/v2\/tags?post=213442"}],"curies":[{"name":"wp","href":"https:\/\/api.w.org\/{rel}","templated":true}]}}