{"id":213476,"date":"2025-01-16T14:40:00","date_gmt":"2025-01-16T17:40:00","guid":{"rendered":"https:\/\/www.gaveanews.com\/?p=213476"},"modified":"2025-01-16T14:25:37","modified_gmt":"2025-01-16T17:25:37","slug":"campeonato-paulista-zinho-e-sincero-ao-falar-sobre-o-palmeiras-de-abel-ferreira","status":"publish","type":"post","link":"https:\/\/www.gaveanews.com\/index.php\/2025\/01\/16\/campeonato-paulista-zinho-e-sincero-ao-falar-sobre-o-palmeiras-de-abel-ferreira\/","title":{"rendered":"Campeonato Paulista: Zinho \u00e9 sincero ao falar sobre o Palmeiras de Abel Ferreira"},"content":{"rendered":"\n<p>Nos \u00faltimos seis anos, o futebol brasileiro foi dominado por Flamengo e Palmeiras, que se dividiram na conquista de todos os t\u00edtulos poss\u00edveis de serem conquistados. As gera\u00e7\u00f5es vencedoras, no entanto, tem uma diferen\u00e7a muito marcante entre si: o fator treinador.<\/p>\n\n\n\n<ul class=\"wp-block-list\">\n<li><a href=\"https:\/\/www.gaveanews.com\/index.php\/2025\/01\/16\/rony-prepara-despedida-do-palmeiras\/\">Rony prepara despedida do Palmeiras<\/a><\/li>\n\n\n\n<li><a href=\"https:\/\/www.gaveanews.com\/index.php\/2025\/01\/16\/mais-uma-saida-jogador-do-palmeiras-se-despede\/\">Mais uma sa\u00edda: jogador do Palmeiras se despede<\/a><\/li>\n<\/ul>\n\n\n\n<p>Enquanto o Flamengo viveu um looping na troca de t\u00e9cnicos, o Palmeiras acertou a contrata\u00e7\u00e3o de Abel Ferreira em 2020 e, desde ent\u00e3o, \u00e9 comandado pelo portugu\u00eas. O trabalho a longo prazo chamou a aten\u00e7\u00e3o, deu frutos e rendeu a Abel diversos elogios. E quem nunca escondeu a admira\u00e7\u00e3o foi o ex-jogador Zinho.<\/p>\n\n\n\n<p>Sempre que tem a possibilidade de enaltecer Abel, Zinho o faz, e \u00e0s v\u00e9speras do in\u00edcio do Campeonato Paulista n\u00e3o foi diferente. O comentarista da ESPN projetou a competi\u00e7\u00e3o em quest\u00e3o e pontuou sobre o feito que pode ser alcan\u00e7ado pelo Palmeiras: o tetracampeonato consecutivo, marca que seria in\u00e9dita. <\/p>\n\n\n\n<p>Na \u00faltima quarta (15), o Paulist\u00e3o estreou, e o Palmeiras foi a campo. Antes de a bola rolar, Zinho apostou em uma vit\u00f3ria do Alviverde, e acertou no resultado. \u201cExpectativa l\u00e1 em cima, jogar em casa, tem torcida, mais de 20 mil ingressos vendidos, \u00e9 estreia de campeonato, tem essa motiva\u00e7\u00e3o\u201d.<\/p>\n\n\n\n<p>O Palmeiras enfrentou a Portuguesa, no Allianz Parque, e venceu por 2 a 0, come\u00e7ando os compromissos oficiais com o p\u00e9 direito. Para Zinho, o Paulist\u00e3o desse ano ser\u00e1 mais bem quisto pelo Alviverde, justamente pela possibilidade de atingir uma marca hist\u00f3rica.<\/p>\n\n\n\n<p>\u201cSer\u00e3o muitos titulares em campo, o\u00a0Abel Ferreira\u00a0j\u00e1 testando, vendo a forma\u00e7\u00e3o, e tem a motiva\u00e7\u00e3o maior, um t\u00edtulo espetacular, se ganha \u00e9 tetra. Isso conta muito para essa rivalidade regional\u201d, disse.<\/p>\n\n\n\n<p>De olho em poss\u00edveis t\u00edtulos, Abel Ferreira tem a plena confian\u00e7a da presidente Leila Pereira para trabalhar com tranquilidade e buscar conquistas em 2025. O portugu\u00eas, que j\u00e1 celebrou oito trof\u00e9us pelo Alviverde, tem a chance de continuar fazendo hist\u00f3ria no comando da equipe. <\/p>\n","protected":false},"excerpt":{"rendered":"<p>Nos \u00faltimos seis anos, o futebol brasileiro foi dominado por Flamengo e Palmeiras, que se dividiram na conquista de todos os t\u00edtulos poss\u00edveis de serem conquistados. As gera\u00e7\u00f5es vencedoras, no entanto, tem uma diferen\u00e7a muito marcante entre si: o fator treinador. Enquanto o Flamengo viveu um looping na troca de t\u00e9cnicos, o Palmeiras acertou a [&hellip;]<\/p>\n","protected":false},"author":18,"featured_media":152159,"comment_status":"open","ping_status":"closed","sticky":false,"template":"","format":"standard","meta":{"footnotes":""},"categories":[150],"tags":[],"class_list":["post-213476","post","type-post","status-publish","format-standard","has-post-thumbnail","hentry","category-palmeiras"],"yoast_head":"<!-- This site is optimized with the Yoast SEO Premium plugin v24.2 (Yoast SEO v26.9) - https:\/\/yoast.com\/product\/yoast-seo-premium-wordpress\/ -->\n<title>Campeonato Paulista: Zinho \u00e9 sincero ao falar sobre o Palmeiras de Abel Ferreira<\/title>\n<meta name=\"robots\" content=\"index, follow, max-snippet:-1, max-image-preview:large, max-video-preview:-1\" \/>\n<link rel=\"canonical\" href=\"https:\/\/www.gaveanews.com\/index.php\/2025\/01\/16\/campeonato-paulista-zinho-e-sincero-ao-falar-sobre-o-palmeiras-de-abel-ferreira\/\" \/>\n<meta property=\"og:locale\" content=\"pt_BR\" \/>\n<meta property=\"og:type\" content=\"article\" \/>\n<meta property=\"og:title\" content=\"Campeonato Paulista: Zinho \u00e9 sincero ao falar sobre o Palmeiras de Abel Ferreira\" \/>\n<meta property=\"og:description\" content=\"Nos \u00faltimos seis anos, o futebol brasileiro foi dominado por Flamengo e Palmeiras, que se dividiram na conquista de todos os t\u00edtulos poss\u00edveis de serem conquistados. As gera\u00e7\u00f5es vencedoras, no entanto, tem uma diferen\u00e7a muito marcante entre si: o fator treinador. Enquanto o Flamengo viveu um looping na troca de t\u00e9cnicos, o Palmeiras acertou a [&hellip;]\" \/>\n<meta property=\"og:url\" content=\"https:\/\/www.gaveanews.com\/index.php\/2025\/01\/16\/campeonato-paulista-zinho-e-sincero-ao-falar-sobre-o-palmeiras-de-abel-ferreira\/\" \/>\n<meta property=\"og:site_name\" content=\"G\u00e1vea News\" \/>\n<meta property=\"article:publisher\" content=\"https:\/\/facebook.com\/gaveaNews\/\" \/>\n<meta property=\"article:published_time\" content=\"2025-01-16T17:40:00+00:00\" \/>\n<meta property=\"og:image\" content=\"http:\/\/www.gaveanews.com\/wp-content\/uploads\/Escudo-do-Palmeiras.webp\" \/>\n\t<meta property=\"og:image:width\" content=\"1000\" \/>\n\t<meta property=\"og:image:height\" content=\"667\" \/>\n\t<meta property=\"og:image:type\" content=\"image\/webp\" \/>\n<meta name=\"author\" content=\"Paula Silva\" \/>\n<meta name=\"twitter:card\" content=\"summary_large_image\" \/>\n<meta name=\"twitter:label1\" content=\"Escrito por\" \/>\n\t<meta name=\"twitter:data1\" content=\"Paula Silva\" \/>\n\t<meta name=\"twitter:label2\" content=\"Est. tempo de leitura\" \/>\n\t<meta name=\"twitter:data2\" content=\"3 minutos\" \/>\n<script type=\"application\/ld+json\" class=\"yoast-schema-graph\">{\"@context\":\"https:\/\/schema.org\",\"@graph\":[{\"@type\":\"NewsArticle\",\"@id\":\"https:\/\/www.gaveanews.com\/index.php\/2025\/01\/16\/campeonato-paulista-zinho-e-sincero-ao-falar-sobre-o-palmeiras-de-abel-ferreira\/#article\",\"isPartOf\":{\"@id\":\"https:\/\/www.gaveanews.com\/index.php\/2025\/01\/16\/campeonato-paulista-zinho-e-sincero-ao-falar-sobre-o-palmeiras-de-abel-ferreira\/\"},\"author\":{\"name\":\"Paula Silva\",\"@id\":\"https:\/\/www.gaveanews.com\/#\/schema\/person\/daf63eec72e1164eb13dc35096c2b8da\"},\"headline\":\"Campeonato Paulista: Zinho \u00e9 sincero ao falar sobre o Palmeiras de Abel Ferreira\",\"datePublished\":\"2025-01-16T17:40:00+00:00\",\"mainEntityOfPage\":{\"@id\":\"https:\/\/www.gaveanews.com\/index.php\/2025\/01\/16\/campeonato-paulista-zinho-e-sincero-ao-falar-sobre-o-palmeiras-de-abel-ferreira\/\"},\"wordCount\":363,\"commentCount\":0,\"image\":{\"@id\":\"https:\/\/www.gaveanews.com\/index.php\/2025\/01\/16\/campeonato-paulista-zinho-e-sincero-ao-falar-sobre-o-palmeiras-de-abel-ferreira\/#primaryimage\"},\"thumbnailUrl\":\"https:\/\/www.gaveanews.com\/wp-content\/uploads\/Escudo-do-Palmeiras.webp\",\"articleSection\":[\"Palmeiras\"],\"inLanguage\":\"pt-BR\",\"potentialAction\":[{\"@type\":\"CommentAction\",\"name\":\"Comment\",\"target\":[\"https:\/\/www.gaveanews.com\/index.php\/2025\/01\/16\/campeonato-paulista-zinho-e-sincero-ao-falar-sobre-o-palmeiras-de-abel-ferreira\/#respond\"]}],\"copyrightYear\":\"2025\",\"copyrightHolder\":{\"@id\":\"https:\/\/www.gaveanews.com\/#organization\"}},{\"@type\":\"WebPage\",\"@id\":\"https:\/\/www.gaveanews.com\/index.php\/2025\/01\/16\/campeonato-paulista-zinho-e-sincero-ao-falar-sobre-o-palmeiras-de-abel-ferreira\/\",\"url\":\"https:\/\/www.gaveanews.com\/index.php\/2025\/01\/16\/campeonato-paulista-zinho-e-sincero-ao-falar-sobre-o-palmeiras-de-abel-ferreira\/\",\"name\":\"Campeonato Paulista: Zinho \u00e9 sincero ao falar sobre o Palmeiras de Abel Ferreira\",\"isPartOf\":{\"@id\":\"https:\/\/www.gaveanews.com\/#website\"},\"primaryImageOfPage\":{\"@id\":\"https:\/\/www.gaveanews.com\/index.php\/2025\/01\/16\/campeonato-paulista-zinho-e-sincero-ao-falar-sobre-o-palmeiras-de-abel-ferreira\/#primaryimage\"},\"image\":{\"@id\":\"https:\/\/www.gaveanews.com\/index.php\/2025\/01\/16\/campeonato-paulista-zinho-e-sincero-ao-falar-sobre-o-palmeiras-de-abel-ferreira\/#primaryimage\"},\"thumbnailUrl\":\"https:\/\/www.gaveanews.com\/wp-content\/uploads\/Escudo-do-Palmeiras.webp\",\"datePublished\":\"2025-01-16T17:40:00+00:00\",\"author\":{\"@id\":\"https:\/\/www.gaveanews.com\/#\/schema\/person\/daf63eec72e1164eb13dc35096c2b8da\"},\"breadcrumb\":{\"@id\":\"https:\/\/www.gaveanews.com\/index.php\/2025\/01\/16\/campeonato-paulista-zinho-e-sincero-ao-falar-sobre-o-palmeiras-de-abel-ferreira\/#breadcrumb\"},\"inLanguage\":\"pt-BR\",\"potentialAction\":[{\"@type\":\"ReadAction\",\"target\":[\"https:\/\/www.gaveanews.com\/index.php\/2025\/01\/16\/campeonato-paulista-zinho-e-sincero-ao-falar-sobre-o-palmeiras-de-abel-ferreira\/\"]}]},{\"@type\":\"ImageObject\",\"inLanguage\":\"pt-BR\",\"@id\":\"https:\/\/www.gaveanews.com\/index.php\/2025\/01\/16\/campeonato-paulista-zinho-e-sincero-ao-falar-sobre-o-palmeiras-de-abel-ferreira\/#primaryimage\",\"url\":\"https:\/\/www.gaveanews.com\/wp-content\/uploads\/Escudo-do-Palmeiras.webp\",\"contentUrl\":\"https:\/\/www.gaveanews.com\/wp-content\/uploads\/Escudo-do-Palmeiras.webp\",\"width\":1000,\"height\":667,\"caption\":\"Escudo do Palmeiras (Foto Reprodu\u00e7\u00e3o\/Instagram)\"},{\"@type\":\"BreadcrumbList\",\"@id\":\"https:\/\/www.gaveanews.com\/index.php\/2025\/01\/16\/campeonato-paulista-zinho-e-sincero-ao-falar-sobre-o-palmeiras-de-abel-ferreira\/#breadcrumb\",\"itemListElement\":[{\"@type\":\"ListItem\",\"position\":1,\"name\":\"Home\",\"item\":\"https:\/\/www.gaveanews.com\/\"},{\"@type\":\"ListItem\",\"position\":2,\"name\":\"Campeonato Paulista: Zinho \u00e9 sincero ao falar sobre o Palmeiras de Abel Ferreira\"}]},{\"@type\":\"WebSite\",\"@id\":\"https:\/\/www.gaveanews.com\/#website\",\"url\":\"https:\/\/www.gaveanews.com\/\",\"name\":\"G\u00e1vea News\",\"description\":\"Veja todas as not\u00edcias sobre o Flamengo: Contrata\u00e7\u00f5es, categorias de base, resultados das partidas, tabela de classifica\u00e7\u00e3o, pr\u00f3ximos jogos!\",\"potentialAction\":[{\"@type\":\"SearchAction\",\"target\":{\"@type\":\"EntryPoint\",\"urlTemplate\":\"https:\/\/www.gaveanews.com\/?s={search_term_string}\"},\"query-input\":{\"@type\":\"PropertyValueSpecification\",\"valueRequired\":true,\"valueName\":\"search_term_string\"}}],\"inLanguage\":\"pt-BR\"},{\"@type\":\"Person\",\"@id\":\"https:\/\/www.gaveanews.com\/#\/schema\/person\/daf63eec72e1164eb13dc35096c2b8da\",\"name\":\"Paula Silva\",\"image\":{\"@type\":\"ImageObject\",\"inLanguage\":\"pt-BR\",\"@id\":\"https:\/\/www.gaveanews.com\/#\/schema\/person\/image\/\",\"url\":\"https:\/\/secure.gravatar.com\/avatar\/eda381c845527cc5d64c13b901833cda29d97500ba040d3e6461f76f51d163bb?s=96&d=mm&r=g\",\"contentUrl\":\"https:\/\/secure.gravatar.com\/avatar\/eda381c845527cc5d64c13b901833cda29d97500ba040d3e6461f76f51d163bb?s=96&d=mm&r=g\",\"caption\":\"Paula Silva\"}}]}<\/script>\n<!-- \/ Yoast SEO Premium plugin. -->","yoast_head_json":{"title":"Campeonato Paulista: Zinho \u00e9 sincero ao falar sobre o Palmeiras de Abel Ferreira","robots":{"index":"index","follow":"follow","max-snippet":"max-snippet:-1","max-image-preview":"max-image-preview:large","max-video-preview":"max-video-preview:-1"},"canonical":"https:\/\/www.gaveanews.com\/index.php\/2025\/01\/16\/campeonato-paulista-zinho-e-sincero-ao-falar-sobre-o-palmeiras-de-abel-ferreira\/","og_locale":"pt_BR","og_type":"article","og_title":"Campeonato Paulista: Zinho \u00e9 sincero ao falar sobre o Palmeiras de Abel Ferreira","og_description":"Nos \u00faltimos seis anos, o futebol brasileiro foi dominado por Flamengo e Palmeiras, que se dividiram na conquista de todos os t\u00edtulos poss\u00edveis de serem conquistados. As gera\u00e7\u00f5es vencedoras, no entanto, tem uma diferen\u00e7a muito marcante entre si: o fator treinador. Enquanto o Flamengo viveu um looping na troca de t\u00e9cnicos, o Palmeiras acertou a [&hellip;]","og_url":"https:\/\/www.gaveanews.com\/index.php\/2025\/01\/16\/campeonato-paulista-zinho-e-sincero-ao-falar-sobre-o-palmeiras-de-abel-ferreira\/","og_site_name":"G\u00e1vea News","article_publisher":"https:\/\/facebook.com\/gaveaNews\/","article_published_time":"2025-01-16T17:40:00+00:00","og_image":[{"width":1000,"height":667,"url":"http:\/\/www.gaveanews.com\/wp-content\/uploads\/Escudo-do-Palmeiras.webp","type":"image\/webp"}],"author":"Paula Silva","twitter_card":"summary_large_image","twitter_misc":{"Escrito por":"Paula Silva","Est. tempo de leitura":"3 minutos"},"schema":{"@context":"https:\/\/schema.org","@graph":[{"@type":"NewsArticle","@id":"https:\/\/www.gaveanews.com\/index.php\/2025\/01\/16\/campeonato-paulista-zinho-e-sincero-ao-falar-sobre-o-palmeiras-de-abel-ferreira\/#article","isPartOf":{"@id":"https:\/\/www.gaveanews.com\/index.php\/2025\/01\/16\/campeonato-paulista-zinho-e-sincero-ao-falar-sobre-o-palmeiras-de-abel-ferreira\/"},"author":{"name":"Paula Silva","@id":"https:\/\/www.gaveanews.com\/#\/schema\/person\/daf63eec72e1164eb13dc35096c2b8da"},"headline":"Campeonato Paulista: Zinho \u00e9 sincero ao falar sobre o Palmeiras de Abel Ferreira","datePublished":"2025-01-16T17:40:00+00:00","mainEntityOfPage":{"@id":"https:\/\/www.gaveanews.com\/index.php\/2025\/01\/16\/campeonato-paulista-zinho-e-sincero-ao-falar-sobre-o-palmeiras-de-abel-ferreira\/"},"wordCount":363,"commentCount":0,"image":{"@id":"https:\/\/www.gaveanews.com\/index.php\/2025\/01\/16\/campeonato-paulista-zinho-e-sincero-ao-falar-sobre-o-palmeiras-de-abel-ferreira\/#primaryimage"},"thumbnailUrl":"https:\/\/www.gaveanews.com\/wp-content\/uploads\/Escudo-do-Palmeiras.webp","articleSection":["Palmeiras"],"inLanguage":"pt-BR","potentialAction":[{"@type":"CommentAction","name":"Comment","target":["https:\/\/www.gaveanews.com\/index.php\/2025\/01\/16\/campeonato-paulista-zinho-e-sincero-ao-falar-sobre-o-palmeiras-de-abel-ferreira\/#respond"]}],"copyrightYear":"2025","copyrightHolder":{"@id":"https:\/\/www.gaveanews.com\/#organization"}},{"@type":"WebPage","@id":"https:\/\/www.gaveanews.com\/index.php\/2025\/01\/16\/campeonato-paulista-zinho-e-sincero-ao-falar-sobre-o-palmeiras-de-abel-ferreira\/","url":"https:\/\/www.gaveanews.com\/index.php\/2025\/01\/16\/campeonato-paulista-zinho-e-sincero-ao-falar-sobre-o-palmeiras-de-abel-ferreira\/","name":"Campeonato Paulista: Zinho \u00e9 sincero ao falar sobre o Palmeiras de Abel Ferreira","isPartOf":{"@id":"https:\/\/www.gaveanews.com\/#website"},"primaryImageOfPage":{"@id":"https:\/\/www.gaveanews.com\/index.php\/2025\/01\/16\/campeonato-paulista-zinho-e-sincero-ao-falar-sobre-o-palmeiras-de-abel-ferreira\/#primaryimage"},"image":{"@id":"https:\/\/www.gaveanews.com\/index.php\/2025\/01\/16\/campeonato-paulista-zinho-e-sincero-ao-falar-sobre-o-palmeiras-de-abel-ferreira\/#primaryimage"},"thumbnailUrl":"https:\/\/www.gaveanews.com\/wp-content\/uploads\/Escudo-do-Palmeiras.webp","datePublished":"2025-01-16T17:40:00+00:00","author":{"@id":"https:\/\/www.gaveanews.com\/#\/schema\/person\/daf63eec72e1164eb13dc35096c2b8da"},"breadcrumb":{"@id":"https:\/\/www.gaveanews.com\/index.php\/2025\/01\/16\/campeonato-paulista-zinho-e-sincero-ao-falar-sobre-o-palmeiras-de-abel-ferreira\/#breadcrumb"},"inLanguage":"pt-BR","potentialAction":[{"@type":"ReadAction","target":["https:\/\/www.gaveanews.com\/index.php\/2025\/01\/16\/campeonato-paulista-zinho-e-sincero-ao-falar-sobre-o-palmeiras-de-abel-ferreira\/"]}]},{"@type":"ImageObject","inLanguage":"pt-BR","@id":"https:\/\/www.gaveanews.com\/index.php\/2025\/01\/16\/campeonato-paulista-zinho-e-sincero-ao-falar-sobre-o-palmeiras-de-abel-ferreira\/#primaryimage","url":"https:\/\/www.gaveanews.com\/wp-content\/uploads\/Escudo-do-Palmeiras.webp","contentUrl":"https:\/\/www.gaveanews.com\/wp-content\/uploads\/Escudo-do-Palmeiras.webp","width":1000,"height":667,"caption":"Escudo do Palmeiras (Foto Reprodu\u00e7\u00e3o\/Instagram)"},{"@type":"BreadcrumbList","@id":"https:\/\/www.gaveanews.com\/index.php\/2025\/01\/16\/campeonato-paulista-zinho-e-sincero-ao-falar-sobre-o-palmeiras-de-abel-ferreira\/#breadcrumb","itemListElement":[{"@type":"ListItem","position":1,"name":"Home","item":"https:\/\/www.gaveanews.com\/"},{"@type":"ListItem","position":2,"name":"Campeonato Paulista: Zinho \u00e9 sincero ao falar sobre o Palmeiras de Abel Ferreira"}]},{"@type":"WebSite","@id":"https:\/\/www.gaveanews.com\/#website","url":"https:\/\/www.gaveanews.com\/","name":"G\u00e1vea News","description":"Veja todas as not\u00edcias sobre o Flamengo: Contrata\u00e7\u00f5es, categorias de base, resultados das partidas, tabela de classifica\u00e7\u00e3o, pr\u00f3ximos jogos!","potentialAction":[{"@type":"SearchAction","target":{"@type":"EntryPoint","urlTemplate":"https:\/\/www.gaveanews.com\/?s={search_term_string}"},"query-input":{"@type":"PropertyValueSpecification","valueRequired":true,"valueName":"search_term_string"}}],"inLanguage":"pt-BR"},{"@type":"Person","@id":"https:\/\/www.gaveanews.com\/#\/schema\/person\/daf63eec72e1164eb13dc35096c2b8da","name":"Paula Silva","image":{"@type":"ImageObject","inLanguage":"pt-BR","@id":"https:\/\/www.gaveanews.com\/#\/schema\/person\/image\/","url":"https:\/\/secure.gravatar.com\/avatar\/eda381c845527cc5d64c13b901833cda29d97500ba040d3e6461f76f51d163bb?s=96&d=mm&r=g","contentUrl":"https:\/\/secure.gravatar.com\/avatar\/eda381c845527cc5d64c13b901833cda29d97500ba040d3e6461f76f51d163bb?s=96&d=mm&r=g","caption":"Paula Silva"}}]}},"_links":{"self":[{"href":"https:\/\/www.gaveanews.com\/index.php\/wp-json\/wp\/v2\/posts\/213476","targetHints":{"allow":["GET"]}}],"collection":[{"href":"https:\/\/www.gaveanews.com\/index.php\/wp-json\/wp\/v2\/posts"}],"about":[{"href":"https:\/\/www.gaveanews.com\/index.php\/wp-json\/wp\/v2\/types\/post"}],"author":[{"embeddable":true,"href":"https:\/\/www.gaveanews.com\/index.php\/wp-json\/wp\/v2\/users\/18"}],"replies":[{"embeddable":true,"href":"https:\/\/www.gaveanews.com\/index.php\/wp-json\/wp\/v2\/comments?post=213476"}],"version-history":[{"count":1,"href":"https:\/\/www.gaveanews.com\/index.php\/wp-json\/wp\/v2\/posts\/213476\/revisions"}],"predecessor-version":[{"id":213478,"href":"https:\/\/www.gaveanews.com\/index.php\/wp-json\/wp\/v2\/posts\/213476\/revisions\/213478"}],"wp:featuredmedia":[{"embeddable":true,"href":"https:\/\/www.gaveanews.com\/index.php\/wp-json\/wp\/v2\/media\/152159"}],"wp:attachment":[{"href":"https:\/\/www.gaveanews.com\/index.php\/wp-json\/wp\/v2\/media?parent=213476"}],"wp:term":[{"taxonomy":"category","embeddable":true,"href":"https:\/\/www.gaveanews.com\/index.php\/wp-json\/wp\/v2\/categories?post=213476"},{"taxonomy":"post_tag","embeddable":true,"href":"https:\/\/www.gaveanews.com\/index.php\/wp-json\/wp\/v2\/tags?post=213476"}],"curies":[{"name":"wp","href":"https:\/\/api.w.org\/{rel}","templated":true}]}}