{"id":213496,"date":"2025-01-16T17:40:00","date_gmt":"2025-01-16T20:40:00","guid":{"rendered":"https:\/\/www.gaveanews.com\/?p=213496"},"modified":"2025-01-16T16:39:03","modified_gmt":"2025-01-16T19:39:03","slug":"flavio-padro-faz-previsao-sobre-os-titulos-do-palmeiras-em-2025","status":"publish","type":"post","link":"https:\/\/www.gaveanews.com\/index.php\/2025\/01\/16\/flavio-padro-faz-previsao-sobre-os-titulos-do-palmeiras-em-2025\/","title":{"rendered":"Fl\u00e1vio Padro faz previs\u00e3o sobre os t\u00edtulos do Palmeiras em 2025"},"content":{"rendered":"\n<h2 class=\"wp-block-heading\" id=\"h-veja-o-que-ele-disse\">Veja o que ele disse<\/h2>\n\n\n\n<p>Nesta quarta-feira (15), durante o programa Bate-Pronto da r\u00e1dio Jovem Pan, o jornalista Fl\u00e1vio Prado fez uma an\u00e1lise sobre as possibilidades de conquista dos clubes brasileiros na temporada e apontou o Palmeiras como o grande favorito a todos os t\u00edtulos em 2025.<\/p>\n\n\n\n<ul class=\"wp-block-list\">\n<li><a href=\"https:\/\/www.gaveanews.com\/index.php\/2025\/01\/16\/milton-neves-crava-titulo-do-palmeiras-em-2025\/\">Milton Neves crava t\u00edtulo do Palmeiras em 2025<\/a><\/li>\n\n\n\n<li><a href=\"https:\/\/www.gaveanews.com\/index.php\/2025\/01\/16\/campeonato-paulista-zinho-e-sincero-ao-falar-sobre-o-palmeiras-de-abel-ferreira\/\">Campeonato Paulista: Zinho \u00e9 sincero ao falar sobre o Palmeiras de Abel Ferreira<\/a><\/li>\n<\/ul>\n\n\n\n<p>Para fundamentar sua opini\u00e3o, ele comparou a equipe liderada por Abel Ferreira com seus principais concorrentes no estado de S\u00e3o Paulo: Corinthians, S\u00e3o Paulo e Santos.<\/p>\n\n\n\n<p>\u201cDos times de S\u00e3o Paulo, todos os torneios que o\u00a0Palmeiras\u00a0disputar ele \u00e9 o favorito. Em tudo. Libertadores? \u00c9 o mais prov\u00e1vel ganhador dos times de SP. Campeonato Brasileiro? \u00c9 o time que tem mais favoritismo e por a\u00ed vai\u201d, destacou Fl\u00e1vio Prado.<\/p>\n\n\n\n<figure class=\"wp-block-image size-large\"><img loading=\"lazy\" decoding=\"async\" width=\"1024\" height=\"683\" src=\"https:\/\/www.gaveanews.com\/wp-content\/uploads\/Jogadores-do-Palmeiras-reunidos-durante-partida-da-Copa-do-Brasil-2024-1024x683.webp\" alt=\"\" class=\"wp-image-158317\" srcset=\"https:\/\/www.gaveanews.com\/wp-content\/uploads\/Jogadores-do-Palmeiras-reunidos-durante-partida-da-Copa-do-Brasil-2024-1024x683.webp 1024w, https:\/\/www.gaveanews.com\/wp-content\/uploads\/Jogadores-do-Palmeiras-reunidos-durante-partida-da-Copa-do-Brasil-2024-300x200.webp 300w, https:\/\/www.gaveanews.com\/wp-content\/uploads\/Jogadores-do-Palmeiras-reunidos-durante-partida-da-Copa-do-Brasil-2024-768x512.webp 768w, https:\/\/www.gaveanews.com\/wp-content\/uploads\/Jogadores-do-Palmeiras-reunidos-durante-partida-da-Copa-do-Brasil-2024-629x420.webp 629w, https:\/\/www.gaveanews.com\/wp-content\/uploads\/Jogadores-do-Palmeiras-reunidos-durante-partida-da-Copa-do-Brasil-2024-640x427.webp 640w, https:\/\/www.gaveanews.com\/wp-content\/uploads\/Jogadores-do-Palmeiras-reunidos-durante-partida-da-Copa-do-Brasil-2024-681x454.webp 681w, https:\/\/www.gaveanews.com\/wp-content\/uploads\/Jogadores-do-Palmeiras-reunidos-durante-partida-da-Copa-do-Brasil-2024-100x67.webp 100w, https:\/\/www.gaveanews.com\/wp-content\/uploads\/Jogadores-do-Palmeiras-reunidos-durante-partida-da-Copa-do-Brasil-2024.webp 1187w\" sizes=\"auto, (max-width: 1024px) 100vw, 1024px\" \/><figcaption class=\"wp-element-caption\">Jogadores do Palmeiras reunidos durante partida da Copa do Brasil 2024 (Foto: Reprodu\u00e7\u00e3o\/Palmeiras)<\/figcaption><\/figure>\n\n\n\n<p>A expectativa de Prado tamb\u00e9m se reflete na disputa do Paulist\u00e3o deste ano. Segundo ele, o Verd\u00e3o novamente est\u00e1 em uma posi\u00e7\u00e3o privilegiada e busca conquistar seu quarto t\u00edtulo consecutivo na competi\u00e7\u00e3o.<\/p>\n\n\n\n<p>\u201cO\u00a0Palmeiras\u00a0\u00e9 o favorito no torneio. \u00c9 o time com mais credenciais para ganhar o torneio\u201d, cravou Fl\u00e1vio Prado, que fez uma ressalva ao avaliar a entrada de novos jogadores contratados neste ano.<\/p>\n\n\n\n<p>\u201cVamos ver como o Palmeiras vai se comportar. Se vai mudar sua postura. No ano passado foi um ano muito ruim para o Palmeiras\u201d, concluiu.<\/p>\n\n\n\n<p>Ao considerar o cen\u00e1rio do futebol brasileiro como um todo, o comentarista incluiu ainda o Flamengo, atual campe\u00e3o da Copa do Brasil, e o Botafogo, que conquistou tanto a Libertadores quanto o Brasileir\u00e3o em 2024, embora tenha feito uma ressalva sobre a equipe de John Textor.<\/p>\n\n\n\n<p>\u201cO Botafogo depende\u2026a gente n\u00e3o sabe o que o Textor vai fazer. Parece que ele vendeu a parte dele no Crystal Palace e deve entrar uma grana. Vamos ver o que vai acontecer. Em tese, s\u00e3o os mesmos, Palmeiras e Flamengo s\u00e3o os dois que ir\u00e3o brigar por tudo\u201d, explicou Fl\u00e1vio Prado.<\/p>\n\n\n\n<p>Fl\u00e1vio Prado reafirmou seu posicionamento ao declarar que v\u00ea o Verd\u00e3o como favorito em todas as competi\u00e7\u00f5es, e isso n\u00e3o mudou no que diz respeito ao Campeonato Paulista.<\/p>\n\n\n\n<p>\u201cO\u00a0Palmeiras\u00a0\u00e9 o favorito no torneio. \u00c9 o time com mais credenciais para ganhar o torneio\u201d, cravou Fl\u00e1vio Prado, durante participa\u00e7\u00e3o no \u201cBate-Pronto\u201d, da r\u00e1dio Jovem Pan.<\/p>\n","protected":false},"excerpt":{"rendered":"<p>Veja o que ele disse Nesta quarta-feira (15), durante o programa Bate-Pronto da r\u00e1dio Jovem Pan, o jornalista Fl\u00e1vio Prado fez uma an\u00e1lise sobre as possibilidades de conquista dos clubes brasileiros na temporada e apontou o Palmeiras como o grande favorito a todos os t\u00edtulos em 2025. Para fundamentar sua opini\u00e3o, ele comparou a equipe [&hellip;]<\/p>\n","protected":false},"author":16,"featured_media":102292,"comment_status":"open","ping_status":"closed","sticky":false,"template":"","format":"standard","meta":{"footnotes":""},"categories":[150],"tags":[],"class_list":["post-213496","post","type-post","status-publish","format-standard","has-post-thumbnail","hentry","category-palmeiras"],"yoast_head":"<!-- This site is optimized with the Yoast SEO Premium plugin v24.2 (Yoast SEO v26.9) - https:\/\/yoast.com\/product\/yoast-seo-premium-wordpress\/ -->\n<title>Fl\u00e1vio Padro faz previs\u00e3o sobre os t\u00edtulos do Palmeiras em 2025<\/title>\n<meta name=\"robots\" content=\"index, follow, max-snippet:-1, max-image-preview:large, max-video-preview:-1\" \/>\n<link rel=\"canonical\" href=\"https:\/\/www.gaveanews.com\/index.php\/2025\/01\/16\/flavio-padro-faz-previsao-sobre-os-titulos-do-palmeiras-em-2025\/\" \/>\n<meta property=\"og:locale\" content=\"pt_BR\" \/>\n<meta property=\"og:type\" content=\"article\" \/>\n<meta property=\"og:title\" content=\"Fl\u00e1vio Padro faz previs\u00e3o sobre os t\u00edtulos do Palmeiras em 2025\" \/>\n<meta property=\"og:description\" content=\"Veja o que ele disse Nesta quarta-feira (15), durante o programa Bate-Pronto da r\u00e1dio Jovem Pan, o jornalista Fl\u00e1vio Prado fez uma an\u00e1lise sobre as possibilidades de conquista dos clubes brasileiros na temporada e apontou o Palmeiras como o grande favorito a todos os t\u00edtulos em 2025. Para fundamentar sua opini\u00e3o, ele comparou a equipe [&hellip;]\" \/>\n<meta property=\"og:url\" content=\"https:\/\/www.gaveanews.com\/index.php\/2025\/01\/16\/flavio-padro-faz-previsao-sobre-os-titulos-do-palmeiras-em-2025\/\" \/>\n<meta property=\"og:site_name\" content=\"G\u00e1vea News\" \/>\n<meta property=\"article:publisher\" content=\"https:\/\/facebook.com\/gaveaNews\/\" \/>\n<meta property=\"article:published_time\" content=\"2025-01-16T20:40:00+00:00\" \/>\n<meta property=\"og:image\" content=\"http:\/\/www.gaveanews.com\/wp-content\/uploads\/Flavio-Prado.webp\" \/>\n\t<meta property=\"og:image:width\" content=\"999\" \/>\n\t<meta property=\"og:image:height\" content=\"548\" \/>\n\t<meta property=\"og:image:type\" content=\"image\/png\" \/>\n<meta name=\"author\" content=\"D\u00e9bora Figueiredo\" \/>\n<meta name=\"twitter:card\" content=\"summary_large_image\" \/>\n<meta name=\"twitter:label1\" content=\"Escrito por\" \/>\n\t<meta name=\"twitter:data1\" content=\"D\u00e9bora Figueiredo\" \/>\n\t<meta name=\"twitter:label2\" content=\"Est. tempo de leitura\" \/>\n\t<meta name=\"twitter:data2\" content=\"3 minutos\" \/>\n<script type=\"application\/ld+json\" class=\"yoast-schema-graph\">{\"@context\":\"https:\/\/schema.org\",\"@graph\":[{\"@type\":\"NewsArticle\",\"@id\":\"https:\/\/www.gaveanews.com\/index.php\/2025\/01\/16\/flavio-padro-faz-previsao-sobre-os-titulos-do-palmeiras-em-2025\/#article\",\"isPartOf\":{\"@id\":\"https:\/\/www.gaveanews.com\/index.php\/2025\/01\/16\/flavio-padro-faz-previsao-sobre-os-titulos-do-palmeiras-em-2025\/\"},\"author\":{\"name\":\"D\u00e9bora Figueiredo\",\"@id\":\"https:\/\/www.gaveanews.com\/#\/schema\/person\/37122681a8575a5c8db05a56f099a5e4\"},\"headline\":\"Fl\u00e1vio Padro faz previs\u00e3o sobre os t\u00edtulos do Palmeiras em 2025\",\"datePublished\":\"2025-01-16T20:40:00+00:00\",\"mainEntityOfPage\":{\"@id\":\"https:\/\/www.gaveanews.com\/index.php\/2025\/01\/16\/flavio-padro-faz-previsao-sobre-os-titulos-do-palmeiras-em-2025\/\"},\"wordCount\":432,\"commentCount\":0,\"image\":{\"@id\":\"https:\/\/www.gaveanews.com\/index.php\/2025\/01\/16\/flavio-padro-faz-previsao-sobre-os-titulos-do-palmeiras-em-2025\/#primaryimage\"},\"thumbnailUrl\":\"https:\/\/www.gaveanews.com\/wp-content\/uploads\/Flavio-Prado.webp\",\"articleSection\":[\"Palmeiras\"],\"inLanguage\":\"pt-BR\",\"potentialAction\":[{\"@type\":\"CommentAction\",\"name\":\"Comment\",\"target\":[\"https:\/\/www.gaveanews.com\/index.php\/2025\/01\/16\/flavio-padro-faz-previsao-sobre-os-titulos-do-palmeiras-em-2025\/#respond\"]}],\"copyrightYear\":\"2025\",\"copyrightHolder\":{\"@id\":\"https:\/\/www.gaveanews.com\/#organization\"}},{\"@type\":\"WebPage\",\"@id\":\"https:\/\/www.gaveanews.com\/index.php\/2025\/01\/16\/flavio-padro-faz-previsao-sobre-os-titulos-do-palmeiras-em-2025\/\",\"url\":\"https:\/\/www.gaveanews.com\/index.php\/2025\/01\/16\/flavio-padro-faz-previsao-sobre-os-titulos-do-palmeiras-em-2025\/\",\"name\":\"Fl\u00e1vio Padro faz previs\u00e3o sobre os t\u00edtulos do Palmeiras em 2025\",\"isPartOf\":{\"@id\":\"https:\/\/www.gaveanews.com\/#website\"},\"primaryImageOfPage\":{\"@id\":\"https:\/\/www.gaveanews.com\/index.php\/2025\/01\/16\/flavio-padro-faz-previsao-sobre-os-titulos-do-palmeiras-em-2025\/#primaryimage\"},\"image\":{\"@id\":\"https:\/\/www.gaveanews.com\/index.php\/2025\/01\/16\/flavio-padro-faz-previsao-sobre-os-titulos-do-palmeiras-em-2025\/#primaryimage\"},\"thumbnailUrl\":\"https:\/\/www.gaveanews.com\/wp-content\/uploads\/Flavio-Prado.webp\",\"datePublished\":\"2025-01-16T20:40:00+00:00\",\"author\":{\"@id\":\"https:\/\/www.gaveanews.com\/#\/schema\/person\/37122681a8575a5c8db05a56f099a5e4\"},\"breadcrumb\":{\"@id\":\"https:\/\/www.gaveanews.com\/index.php\/2025\/01\/16\/flavio-padro-faz-previsao-sobre-os-titulos-do-palmeiras-em-2025\/#breadcrumb\"},\"inLanguage\":\"pt-BR\",\"potentialAction\":[{\"@type\":\"ReadAction\",\"target\":[\"https:\/\/www.gaveanews.com\/index.php\/2025\/01\/16\/flavio-padro-faz-previsao-sobre-os-titulos-do-palmeiras-em-2025\/\"]}]},{\"@type\":\"ImageObject\",\"inLanguage\":\"pt-BR\",\"@id\":\"https:\/\/www.gaveanews.com\/index.php\/2025\/01\/16\/flavio-padro-faz-previsao-sobre-os-titulos-do-palmeiras-em-2025\/#primaryimage\",\"url\":\"https:\/\/www.gaveanews.com\/wp-content\/uploads\/Flavio-Prado.webp\",\"contentUrl\":\"https:\/\/www.gaveanews.com\/wp-content\/uploads\/Flavio-Prado.webp\",\"width\":999,\"height\":548,\"caption\":\"Flavio Prado - Foto: Reprodu\u00e7\u00e3o\"},{\"@type\":\"BreadcrumbList\",\"@id\":\"https:\/\/www.gaveanews.com\/index.php\/2025\/01\/16\/flavio-padro-faz-previsao-sobre-os-titulos-do-palmeiras-em-2025\/#breadcrumb\",\"itemListElement\":[{\"@type\":\"ListItem\",\"position\":1,\"name\":\"Home\",\"item\":\"https:\/\/www.gaveanews.com\/\"},{\"@type\":\"ListItem\",\"position\":2,\"name\":\"Fl\u00e1vio Padro faz previs\u00e3o sobre os t\u00edtulos do Palmeiras em 2025\"}]},{\"@type\":\"WebSite\",\"@id\":\"https:\/\/www.gaveanews.com\/#website\",\"url\":\"https:\/\/www.gaveanews.com\/\",\"name\":\"G\u00e1vea News\",\"description\":\"Veja todas as not\u00edcias sobre o Flamengo: Contrata\u00e7\u00f5es, categorias de base, resultados das partidas, tabela de classifica\u00e7\u00e3o, pr\u00f3ximos jogos!\",\"potentialAction\":[{\"@type\":\"SearchAction\",\"target\":{\"@type\":\"EntryPoint\",\"urlTemplate\":\"https:\/\/www.gaveanews.com\/?s={search_term_string}\"},\"query-input\":{\"@type\":\"PropertyValueSpecification\",\"valueRequired\":true,\"valueName\":\"search_term_string\"}}],\"inLanguage\":\"pt-BR\"},{\"@type\":\"Person\",\"@id\":\"https:\/\/www.gaveanews.com\/#\/schema\/person\/37122681a8575a5c8db05a56f099a5e4\",\"name\":\"D\u00e9bora Figueiredo\",\"image\":{\"@type\":\"ImageObject\",\"inLanguage\":\"pt-BR\",\"@id\":\"https:\/\/www.gaveanews.com\/#\/schema\/person\/image\/\",\"url\":\"https:\/\/secure.gravatar.com\/avatar\/1f44802859351588499d26f52aed1d15796ce17e67602895b72837c08018868d?s=96&d=mm&r=g\",\"contentUrl\":\"https:\/\/secure.gravatar.com\/avatar\/1f44802859351588499d26f52aed1d15796ce17e67602895b72837c08018868d?s=96&d=mm&r=g\",\"caption\":\"D\u00e9bora Figueiredo\"}}]}<\/script>\n<!-- \/ Yoast SEO Premium plugin. -->","yoast_head_json":{"title":"Fl\u00e1vio Padro faz previs\u00e3o sobre os t\u00edtulos do Palmeiras em 2025","robots":{"index":"index","follow":"follow","max-snippet":"max-snippet:-1","max-image-preview":"max-image-preview:large","max-video-preview":"max-video-preview:-1"},"canonical":"https:\/\/www.gaveanews.com\/index.php\/2025\/01\/16\/flavio-padro-faz-previsao-sobre-os-titulos-do-palmeiras-em-2025\/","og_locale":"pt_BR","og_type":"article","og_title":"Fl\u00e1vio Padro faz previs\u00e3o sobre os t\u00edtulos do Palmeiras em 2025","og_description":"Veja o que ele disse Nesta quarta-feira (15), durante o programa Bate-Pronto da r\u00e1dio Jovem Pan, o jornalista Fl\u00e1vio Prado fez uma an\u00e1lise sobre as possibilidades de conquista dos clubes brasileiros na temporada e apontou o Palmeiras como o grande favorito a todos os t\u00edtulos em 2025. Para fundamentar sua opini\u00e3o, ele comparou a equipe [&hellip;]","og_url":"https:\/\/www.gaveanews.com\/index.php\/2025\/01\/16\/flavio-padro-faz-previsao-sobre-os-titulos-do-palmeiras-em-2025\/","og_site_name":"G\u00e1vea News","article_publisher":"https:\/\/facebook.com\/gaveaNews\/","article_published_time":"2025-01-16T20:40:00+00:00","og_image":[{"width":999,"height":548,"url":"http:\/\/www.gaveanews.com\/wp-content\/uploads\/Flavio-Prado.webp","type":"image\/png"}],"author":"D\u00e9bora Figueiredo","twitter_card":"summary_large_image","twitter_misc":{"Escrito por":"D\u00e9bora Figueiredo","Est. tempo de leitura":"3 minutos"},"schema":{"@context":"https:\/\/schema.org","@graph":[{"@type":"NewsArticle","@id":"https:\/\/www.gaveanews.com\/index.php\/2025\/01\/16\/flavio-padro-faz-previsao-sobre-os-titulos-do-palmeiras-em-2025\/#article","isPartOf":{"@id":"https:\/\/www.gaveanews.com\/index.php\/2025\/01\/16\/flavio-padro-faz-previsao-sobre-os-titulos-do-palmeiras-em-2025\/"},"author":{"name":"D\u00e9bora Figueiredo","@id":"https:\/\/www.gaveanews.com\/#\/schema\/person\/37122681a8575a5c8db05a56f099a5e4"},"headline":"Fl\u00e1vio Padro faz previs\u00e3o sobre os t\u00edtulos do Palmeiras em 2025","datePublished":"2025-01-16T20:40:00+00:00","mainEntityOfPage":{"@id":"https:\/\/www.gaveanews.com\/index.php\/2025\/01\/16\/flavio-padro-faz-previsao-sobre-os-titulos-do-palmeiras-em-2025\/"},"wordCount":432,"commentCount":0,"image":{"@id":"https:\/\/www.gaveanews.com\/index.php\/2025\/01\/16\/flavio-padro-faz-previsao-sobre-os-titulos-do-palmeiras-em-2025\/#primaryimage"},"thumbnailUrl":"https:\/\/www.gaveanews.com\/wp-content\/uploads\/Flavio-Prado.webp","articleSection":["Palmeiras"],"inLanguage":"pt-BR","potentialAction":[{"@type":"CommentAction","name":"Comment","target":["https:\/\/www.gaveanews.com\/index.php\/2025\/01\/16\/flavio-padro-faz-previsao-sobre-os-titulos-do-palmeiras-em-2025\/#respond"]}],"copyrightYear":"2025","copyrightHolder":{"@id":"https:\/\/www.gaveanews.com\/#organization"}},{"@type":"WebPage","@id":"https:\/\/www.gaveanews.com\/index.php\/2025\/01\/16\/flavio-padro-faz-previsao-sobre-os-titulos-do-palmeiras-em-2025\/","url":"https:\/\/www.gaveanews.com\/index.php\/2025\/01\/16\/flavio-padro-faz-previsao-sobre-os-titulos-do-palmeiras-em-2025\/","name":"Fl\u00e1vio Padro faz previs\u00e3o sobre os t\u00edtulos do Palmeiras em 2025","isPartOf":{"@id":"https:\/\/www.gaveanews.com\/#website"},"primaryImageOfPage":{"@id":"https:\/\/www.gaveanews.com\/index.php\/2025\/01\/16\/flavio-padro-faz-previsao-sobre-os-titulos-do-palmeiras-em-2025\/#primaryimage"},"image":{"@id":"https:\/\/www.gaveanews.com\/index.php\/2025\/01\/16\/flavio-padro-faz-previsao-sobre-os-titulos-do-palmeiras-em-2025\/#primaryimage"},"thumbnailUrl":"https:\/\/www.gaveanews.com\/wp-content\/uploads\/Flavio-Prado.webp","datePublished":"2025-01-16T20:40:00+00:00","author":{"@id":"https:\/\/www.gaveanews.com\/#\/schema\/person\/37122681a8575a5c8db05a56f099a5e4"},"breadcrumb":{"@id":"https:\/\/www.gaveanews.com\/index.php\/2025\/01\/16\/flavio-padro-faz-previsao-sobre-os-titulos-do-palmeiras-em-2025\/#breadcrumb"},"inLanguage":"pt-BR","potentialAction":[{"@type":"ReadAction","target":["https:\/\/www.gaveanews.com\/index.php\/2025\/01\/16\/flavio-padro-faz-previsao-sobre-os-titulos-do-palmeiras-em-2025\/"]}]},{"@type":"ImageObject","inLanguage":"pt-BR","@id":"https:\/\/www.gaveanews.com\/index.php\/2025\/01\/16\/flavio-padro-faz-previsao-sobre-os-titulos-do-palmeiras-em-2025\/#primaryimage","url":"https:\/\/www.gaveanews.com\/wp-content\/uploads\/Flavio-Prado.webp","contentUrl":"https:\/\/www.gaveanews.com\/wp-content\/uploads\/Flavio-Prado.webp","width":999,"height":548,"caption":"Flavio Prado - Foto: Reprodu\u00e7\u00e3o"},{"@type":"BreadcrumbList","@id":"https:\/\/www.gaveanews.com\/index.php\/2025\/01\/16\/flavio-padro-faz-previsao-sobre-os-titulos-do-palmeiras-em-2025\/#breadcrumb","itemListElement":[{"@type":"ListItem","position":1,"name":"Home","item":"https:\/\/www.gaveanews.com\/"},{"@type":"ListItem","position":2,"name":"Fl\u00e1vio Padro faz previs\u00e3o sobre os t\u00edtulos do Palmeiras em 2025"}]},{"@type":"WebSite","@id":"https:\/\/www.gaveanews.com\/#website","url":"https:\/\/www.gaveanews.com\/","name":"G\u00e1vea News","description":"Veja todas as not\u00edcias sobre o Flamengo: Contrata\u00e7\u00f5es, categorias de base, resultados das partidas, tabela de classifica\u00e7\u00e3o, pr\u00f3ximos jogos!","potentialAction":[{"@type":"SearchAction","target":{"@type":"EntryPoint","urlTemplate":"https:\/\/www.gaveanews.com\/?s={search_term_string}"},"query-input":{"@type":"PropertyValueSpecification","valueRequired":true,"valueName":"search_term_string"}}],"inLanguage":"pt-BR"},{"@type":"Person","@id":"https:\/\/www.gaveanews.com\/#\/schema\/person\/37122681a8575a5c8db05a56f099a5e4","name":"D\u00e9bora Figueiredo","image":{"@type":"ImageObject","inLanguage":"pt-BR","@id":"https:\/\/www.gaveanews.com\/#\/schema\/person\/image\/","url":"https:\/\/secure.gravatar.com\/avatar\/1f44802859351588499d26f52aed1d15796ce17e67602895b72837c08018868d?s=96&d=mm&r=g","contentUrl":"https:\/\/secure.gravatar.com\/avatar\/1f44802859351588499d26f52aed1d15796ce17e67602895b72837c08018868d?s=96&d=mm&r=g","caption":"D\u00e9bora Figueiredo"}}]}},"_links":{"self":[{"href":"https:\/\/www.gaveanews.com\/index.php\/wp-json\/wp\/v2\/posts\/213496","targetHints":{"allow":["GET"]}}],"collection":[{"href":"https:\/\/www.gaveanews.com\/index.php\/wp-json\/wp\/v2\/posts"}],"about":[{"href":"https:\/\/www.gaveanews.com\/index.php\/wp-json\/wp\/v2\/types\/post"}],"author":[{"embeddable":true,"href":"https:\/\/www.gaveanews.com\/index.php\/wp-json\/wp\/v2\/users\/16"}],"replies":[{"embeddable":true,"href":"https:\/\/www.gaveanews.com\/index.php\/wp-json\/wp\/v2\/comments?post=213496"}],"version-history":[{"count":1,"href":"https:\/\/www.gaveanews.com\/index.php\/wp-json\/wp\/v2\/posts\/213496\/revisions"}],"predecessor-version":[{"id":213512,"href":"https:\/\/www.gaveanews.com\/index.php\/wp-json\/wp\/v2\/posts\/213496\/revisions\/213512"}],"wp:featuredmedia":[{"embeddable":true,"href":"https:\/\/www.gaveanews.com\/index.php\/wp-json\/wp\/v2\/media\/102292"}],"wp:attachment":[{"href":"https:\/\/www.gaveanews.com\/index.php\/wp-json\/wp\/v2\/media?parent=213496"}],"wp:term":[{"taxonomy":"category","embeddable":true,"href":"https:\/\/www.gaveanews.com\/index.php\/wp-json\/wp\/v2\/categories?post=213496"},{"taxonomy":"post_tag","embeddable":true,"href":"https:\/\/www.gaveanews.com\/index.php\/wp-json\/wp\/v2\/tags?post=213496"}],"curies":[{"name":"wp","href":"https:\/\/api.w.org\/{rel}","templated":true}]}}